{"id":258319,"date":"2025-06-24T07:16:05","date_gmt":"2025-06-24T10:16:05","guid":{"rendered":"https:\/\/franciscanos.org.br\/noticias\/?p=258319"},"modified":"2025-06-26T07:26:21","modified_gmt":"2025-06-26T10:26:21","slug":"dom-jaime-cardeal-spengler-foi-nomeado-pelo-papa-leao-xiv-como-membro-do-dicasterio-para-a-vida-consagrada","status":"publish","type":"post","link":"https:\/\/franciscanos.org.br\/noticias\/dom-jaime-cardeal-spengler-foi-nomeado-pelo-papa-leao-xiv-como-membro-do-dicasterio-para-a-vida-consagrada.html","title":{"rendered":"Dom Jaime Cardeal Spengler foi nomeado pelo Papa Le\u00e3o XIV como membro do Dicast\u00e9rio para a Vida Consagrada"},"content":{"rendered":"<p><img loading=\"lazy\" class=\"aligncenter wp-image-258320 size-full\" src=\"https:\/\/franciscanos.org.br\/noticias\/wp-content\/uploads\/2025\/06\/MATERIA-28.png\" alt=\"\" width=\"1280\" height=\"720\" srcset=\"https:\/\/franciscanos.org.br\/noticias\/wp-content\/uploads\/2025\/06\/MATERIA-28.png 1280w, https:\/\/franciscanos.org.br\/noticias\/wp-content\/uploads\/2025\/06\/MATERIA-28-450x253.png 450w, https:\/\/franciscanos.org.br\/noticias\/wp-content\/uploads\/2025\/06\/MATERIA-28-1024x576.png 1024w, https:\/\/franciscanos.org.br\/noticias\/wp-content\/uploads\/2025\/06\/MATERIA-28-768x432.png 768w, https:\/\/franciscanos.org.br\/noticias\/wp-content\/uploads\/2025\/06\/MATERIA-28-150x84.png 150w\" sizes=\"(max-width: 1280px) 100vw, 1280px\" \/><\/p>\n<p>O Santo Padre, Le\u00e3o XIV, nomeou nesta ter\u00e7a-feira, 24 de junho, o arcebispo de Porto Alegre (RS) e presidente da Confer\u00eancia Nacional dos Bispos do Brasil (CNBB), Dom Jaime Cardeal Spengler, como membro do Dicast\u00e9rio para os Institutos de Vida Consagrada e Sociedade de Vida Apost\u00f3lica da Santa S\u00e9. Junto ao cardeal Jaime, um grupo de 19 pessoas, entre cardeais, bispos, padres, religiosas e religiosos, tamb\u00e9m foi nomeado para fun\u00e7\u00f5es no Dicast\u00e9rio da Santa S\u00e9. Dom Jaime tamb\u00e9m preside o Conselho Episcopal Latino-Americano e Caribenho, o CELAM. A not\u00edcia foi divulgada nesta tarde pela Sala de Imprensa do Vaticano.<\/p>\n<h3>Biografia e trajet\u00f3ria eclesial<\/h3>\n<p>Jaime Spengler nasceu em 6 de setembro de 1960 em Gaspar (SC). Ingressou na Ordem dos Frades Menores em 20 de janeiro de 1982, pela admiss\u00e3o no Noviciado na cidade de Rodeio (SC). Cursou Filosofia no Instituto Filos\u00f3fico S\u00e3o Boaventura, de Campo Largo (PR), e Teologia no Instituto Teol\u00f3gico Franciscano de Petr\u00f3polis (RJ), concluindo-o no Instituto Teol\u00f3gico de Jerusal\u00e9m em Israel.<\/p>\n<p>Foi ordenado sacerdote em 17 de novembro de 1990, na sua cidade natal. Fez doutorado em Filosofia na Pontif\u00edcia Universidade Antonianum, em Roma, e atuou dentro da Ordem dos Frades Menores em diversas miss\u00f5es e cidades do pa\u00eds at\u00e9 2010, quando foi nomeado pelo Papa Bento XVI como bispo auxiliar. A ordena\u00e7\u00e3o episcopal, presidida por Dom Lorenzo Baldisseri, N\u00fancio Apost\u00f3lico no Brasil, ocorreu dia 5 de fevereiro de 2011, na Par\u00f3quia S\u00e3o Pedro Ap\u00f3stolo, em Gaspar.<\/p>\n<p>Dom Jaime Spengler \u00e9 arcebispo metropolitano de Porto Alegre desde 18 de setembro de 2013, quando foi nomeado pelo Papa Francisco, que concomitantemente recebeu o pedido de ren\u00fancia de Dom Dadeus Grings.<\/p>\n<p>Na CNBB, no quadri\u00eanio de 2011 a 2015, foi membro da Comiss\u00e3o Episcopal Pastoral para os Minist\u00e9rios Ordenado e a Vida Consagrada da CNBB. Em 2015, foi eleito presidente desta comiss\u00e3o. Entre os destaques de sua atua\u00e7\u00e3o \u00e0 frente do colegiado, consta a aprova\u00e7\u00e3o das novas Diretrizes para a Forma\u00e7\u00e3o de Presb\u00edteros da Igreja no Brasil, em 2018.<\/p>\n<p>Em maio de 2019, foi eleito primeiro vice-presidente da CNBB. Tamb\u00e9m foi bispo referencial da CNBB para o Col\u00e9gio Pio Brasileiro, em Roma. Exerceu ainda as fun\u00e7\u00f5es de vice-presidente da Comiss\u00e3o Especial para o Acordo Brasil-Santa S\u00e9 da CNBB e bispo referencial CNBB \u2013 Regional Sul 3 para Vida Consagrada e Minist\u00e9rios Ordenados.<\/p>\n<p>Em maio de 2019 foi eleito 1\u00ba Vice-presidente da CNBB. Quatro anos depois, durante a 60\u00aa Assembleia Geral da CNBB, no dia 24 de abril de 2023, foi eleito Presidente da Confer\u00eancia\u00a0para o mandato de 2023 \u2013 2027. E no dia 17 de maio para o CELAM. Nomeado ao cardinalato no dia 6 de outubro de 2024. No consist\u00f3rio para cria\u00e7\u00e3o, no dia 7 de dezembro, em Roma foi criado Cardeal pelo Papa Francisco. Seu lema episcopal \u00e9\u00a0<strong>In Cruce Gloriari\u00a0<\/strong>Gloriar-se na Cruz (Cl 6, 14).<\/p>\n<hr \/>\n<p><em>Willian Bonfim<\/em><\/p>\n","protected":false},"excerpt":{"rendered":"<p>Dom Jaime Spengler<\/p>\n","protected":false},"author":11,"featured_media":258321,"comment_status":"open","ping_status":"open","sticky":false,"template":"","format":"standard","meta":[],"categories":[1],"tags":[29,449],"acf":[],"yoast_head":"<!-- This site is optimized with the Yoast SEO plugin v19.2 - https:\/\/yoast.com\/wordpress\/plugins\/seo\/ -->\n<title>Dom Jaime Cardeal Spengler foi nomeado pelo Papa Le\u00e3o XIV como membro do Dicast\u00e9rio para a Vida Consagrada - Not\u00edcias - Franciscanos<\/title>\n<meta name=\"robots\" content=\"index, follow, max-snippet:-1, max-image-preview:large, max-video-preview:-1\" \/>\n<link rel=\"canonical\" href=\"https:\/\/franciscanos.org.br\/noticias\/dom-jaime-cardeal-spengler-foi-nomeado-pelo-papa-leao-xiv-como-membro-do-dicasterio-para-a-vida-consagrada.html\" \/>\n<meta property=\"og:locale\" content=\"pt_BR\" \/>\n<meta property=\"og:type\" content=\"article\" \/>\n<meta property=\"og:title\" content=\"Dom Jaime Cardeal Spengler foi nomeado pelo Papa Le\u00e3o XIV como membro do Dicast\u00e9rio para a Vida Consagrada - Not\u00edcias - Franciscanos\" \/>\n<meta property=\"og:description\" content=\"Dom Jaime Spengler\" \/>\n<meta property=\"og:url\" content=\"https:\/\/franciscanos.org.br\/noticias\/dom-jaime-cardeal-spengler-foi-nomeado-pelo-papa-leao-xiv-como-membro-do-dicasterio-para-a-vida-consagrada.html\" \/>\n<meta property=\"og:site_name\" content=\"Not\u00edcias - Franciscanos\" \/>\n<meta property=\"article:published_time\" content=\"2025-06-24T10:16:05+00:00\" \/>\n<meta property=\"article:modified_time\" content=\"2025-06-26T10:26:21+00:00\" \/>\n<meta property=\"og:image\" content=\"https:\/\/franciscanos.org.br\/noticias\/wp-content\/uploads\/2025\/06\/CHAMADA-37.png\" \/>\n\t<meta property=\"og:image:width\" content=\"800\" \/>\n\t<meta property=\"og:image:height\" content=\"550\" \/>\n\t<meta property=\"og:image:type\" content=\"image\/png\" \/>\n<meta name=\"author\" content=\"Adriana Rabelo\" \/>\n<meta name=\"twitter:card\" content=\"summary_large_image\" \/>\n<meta name=\"twitter:label1\" content=\"Escrito por\" \/>\n\t<meta name=\"twitter:data1\" content=\"Adriana Rabelo\" \/>\n\t<meta name=\"twitter:label2\" content=\"Est. tempo de leitura\" \/>\n\t<meta name=\"twitter:data2\" content=\"2 minutos\" \/>\n<script type=\"application\/ld+json\" class=\"yoast-schema-graph\">{\"@context\":\"https:\/\/schema.org\",\"@graph\":[{\"@type\":\"WebSite\",\"@id\":\"https:\/\/franciscanos.org.br\/noticias\/#website\",\"url\":\"https:\/\/franciscanos.org.br\/noticias\/\",\"name\":\"Not\u00edcias - Franciscanos\",\"description\":\"Prov\u00edncia Franciscana da Imaculada Concei\u00e7\u00e3o do Brasil - Ordem dos Frades Menores - OFM\",\"potentialAction\":[{\"@type\":\"SearchAction\",\"target\":{\"@type\":\"EntryPoint\",\"urlTemplate\":\"https:\/\/franciscanos.org.br\/noticias\/?s={search_term_string}\"},\"query-input\":\"required name=search_term_string\"}],\"inLanguage\":\"pt-BR\"},{\"@type\":\"ImageObject\",\"inLanguage\":\"pt-BR\",\"@id\":\"https:\/\/franciscanos.org.br\/noticias\/dom-jaime-cardeal-spengler-foi-nomeado-pelo-papa-leao-xiv-como-membro-do-dicasterio-para-a-vida-consagrada.html#primaryimage\",\"url\":\"https:\/\/franciscanos.org.br\/noticias\/wp-content\/uploads\/2025\/06\/CHAMADA-37.png\",\"contentUrl\":\"https:\/\/franciscanos.org.br\/noticias\/wp-content\/uploads\/2025\/06\/CHAMADA-37.png\",\"width\":800,\"height\":550},{\"@type\":\"WebPage\",\"@id\":\"https:\/\/franciscanos.org.br\/noticias\/dom-jaime-cardeal-spengler-foi-nomeado-pelo-papa-leao-xiv-como-membro-do-dicasterio-para-a-vida-consagrada.html#webpage\",\"url\":\"https:\/\/franciscanos.org.br\/noticias\/dom-jaime-cardeal-spengler-foi-nomeado-pelo-papa-leao-xiv-como-membro-do-dicasterio-para-a-vida-consagrada.html\",\"name\":\"Dom Jaime Cardeal Spengler foi nomeado pelo Papa Le\u00e3o XIV como membro do Dicast\u00e9rio para a Vida Consagrada - Not\u00edcias - Franciscanos\",\"isPartOf\":{\"@id\":\"https:\/\/franciscanos.org.br\/noticias\/#website\"},\"primaryImageOfPage\":{\"@id\":\"https:\/\/franciscanos.org.br\/noticias\/dom-jaime-cardeal-spengler-foi-nomeado-pelo-papa-leao-xiv-como-membro-do-dicasterio-para-a-vida-consagrada.html#primaryimage\"},\"datePublished\":\"2025-06-24T10:16:05+00:00\",\"dateModified\":\"2025-06-26T10:26:21+00:00\",\"author\":{\"@id\":\"https:\/\/franciscanos.org.br\/noticias\/#\/schema\/person\/d9422e83121c3ad3b0f423d195f5bb25\"},\"breadcrumb\":{\"@id\":\"https:\/\/franciscanos.org.br\/noticias\/dom-jaime-cardeal-spengler-foi-nomeado-pelo-papa-leao-xiv-como-membro-do-dicasterio-para-a-vida-consagrada.html#breadcrumb\"},\"inLanguage\":\"pt-BR\",\"potentialAction\":[{\"@type\":\"ReadAction\",\"target\":[\"https:\/\/franciscanos.org.br\/noticias\/dom-jaime-cardeal-spengler-foi-nomeado-pelo-papa-leao-xiv-como-membro-do-dicasterio-para-a-vida-consagrada.html\"]}]},{\"@type\":\"BreadcrumbList\",\"@id\":\"https:\/\/franciscanos.org.br\/noticias\/dom-jaime-cardeal-spengler-foi-nomeado-pelo-papa-leao-xiv-como-membro-do-dicasterio-para-a-vida-consagrada.html#breadcrumb\",\"itemListElement\":[{\"@type\":\"ListItem\",\"position\":1,\"name\":\"Home\",\"item\":\"https:\/\/franciscanos.org.br\/noticias\"},{\"@type\":\"ListItem\",\"position\":2,\"name\":\"Dom Jaime Cardeal Spengler foi nomeado pelo Papa Le\u00e3o XIV como membro do Dicast\u00e9rio para a Vida Consagrada\"}]},{\"@type\":\"Person\",\"@id\":\"https:\/\/franciscanos.org.br\/noticias\/#\/schema\/person\/d9422e83121c3ad3b0f423d195f5bb25\",\"name\":\"Adriana Rabelo\",\"image\":{\"@type\":\"ImageObject\",\"inLanguage\":\"pt-BR\",\"@id\":\"https:\/\/franciscanos.org.br\/noticias\/#\/schema\/person\/image\/\",\"url\":\"https:\/\/secure.gravatar.com\/avatar\/0a937b7500cd7df77540cfb8bede877d?s=96&d=mm&r=g\",\"contentUrl\":\"https:\/\/secure.gravatar.com\/avatar\/0a937b7500cd7df77540cfb8bede877d?s=96&d=mm&r=g\",\"caption\":\"Adriana Rabelo\"},\"url\":\"https:\/\/franciscanos.org.br\/noticias\/author\/adrianarabelo\"}]}<\/script>\n<!-- \/ Yoast SEO plugin. -->","yoast_head_json":{"title":"Dom Jaime Cardeal Spengler foi nomeado pelo Papa Le\u00e3o XIV como membro do Dicast\u00e9rio para a Vida Consagrada - Not\u00edcias - Franciscanos","robots":{"index":"index","follow":"follow","max-snippet":"max-snippet:-1","max-image-preview":"max-image-preview:large","max-video-preview":"max-video-preview:-1"},"canonical":"https:\/\/franciscanos.org.br\/noticias\/dom-jaime-cardeal-spengler-foi-nomeado-pelo-papa-leao-xiv-como-membro-do-dicasterio-para-a-vida-consagrada.html","og_locale":"pt_BR","og_type":"article","og_title":"Dom Jaime Cardeal Spengler foi nomeado pelo Papa Le\u00e3o XIV como membro do Dicast\u00e9rio para a Vida Consagrada - Not\u00edcias - Franciscanos","og_description":"Dom Jaime Spengler","og_url":"https:\/\/franciscanos.org.br\/noticias\/dom-jaime-cardeal-spengler-foi-nomeado-pelo-papa-leao-xiv-como-membro-do-dicasterio-para-a-vida-consagrada.html","og_site_name":"Not\u00edcias - Franciscanos","article_published_time":"2025-06-24T10:16:05+00:00","article_modified_time":"2025-06-26T10:26:21+00:00","og_image":[{"width":800,"height":550,"url":"https:\/\/franciscanos.org.br\/noticias\/wp-content\/uploads\/2025\/06\/CHAMADA-37.png","type":"image\/png"}],"author":"Adriana Rabelo","twitter_card":"summary_large_image","twitter_misc":{"Escrito por":"Adriana Rabelo","Est. tempo de leitura":"2 minutos"},"schema":{"@context":"https:\/\/schema.org","@graph":[{"@type":"WebSite","@id":"https:\/\/franciscanos.org.br\/noticias\/#website","url":"https:\/\/franciscanos.org.br\/noticias\/","name":"Not\u00edcias - Franciscanos","description":"Prov\u00edncia Franciscana da Imaculada Concei\u00e7\u00e3o do Brasil - Ordem dos Frades Menores - OFM","potentialAction":[{"@type":"SearchAction","target":{"@type":"EntryPoint","urlTemplate":"https:\/\/franciscanos.org.br\/noticias\/?s={search_term_string}"},"query-input":"required name=search_term_string"}],"inLanguage":"pt-BR"},{"@type":"ImageObject","inLanguage":"pt-BR","@id":"https:\/\/franciscanos.org.br\/noticias\/dom-jaime-cardeal-spengler-foi-nomeado-pelo-papa-leao-xiv-como-membro-do-dicasterio-para-a-vida-consagrada.html#primaryimage","url":"https:\/\/franciscanos.org.br\/noticias\/wp-content\/uploads\/2025\/06\/CHAMADA-37.png","contentUrl":"https:\/\/franciscanos.org.br\/noticias\/wp-content\/uploads\/2025\/06\/CHAMADA-37.png","width":800,"height":550},{"@type":"WebPage","@id":"https:\/\/franciscanos.org.br\/noticias\/dom-jaime-cardeal-spengler-foi-nomeado-pelo-papa-leao-xiv-como-membro-do-dicasterio-para-a-vida-consagrada.html#webpage","url":"https:\/\/franciscanos.org.br\/noticias\/dom-jaime-cardeal-spengler-foi-nomeado-pelo-papa-leao-xiv-como-membro-do-dicasterio-para-a-vida-consagrada.html","name":"Dom Jaime Cardeal Spengler foi nomeado pelo Papa Le\u00e3o XIV como membro do Dicast\u00e9rio para a Vida Consagrada - Not\u00edcias - Franciscanos","isPartOf":{"@id":"https:\/\/franciscanos.org.br\/noticias\/#website"},"primaryImageOfPage":{"@id":"https:\/\/franciscanos.org.br\/noticias\/dom-jaime-cardeal-spengler-foi-nomeado-pelo-papa-leao-xiv-como-membro-do-dicasterio-para-a-vida-consagrada.html#primaryimage"},"datePublished":"2025-06-24T10:16:05+00:00","dateModified":"2025-06-26T10:26:21+00:00","author":{"@id":"https:\/\/franciscanos.org.br\/noticias\/#\/schema\/person\/d9422e83121c3ad3b0f423d195f5bb25"},"breadcrumb":{"@id":"https:\/\/franciscanos.org.br\/noticias\/dom-jaime-cardeal-spengler-foi-nomeado-pelo-papa-leao-xiv-como-membro-do-dicasterio-para-a-vida-consagrada.html#breadcrumb"},"inLanguage":"pt-BR","potentialAction":[{"@type":"ReadAction","target":["https:\/\/franciscanos.org.br\/noticias\/dom-jaime-cardeal-spengler-foi-nomeado-pelo-papa-leao-xiv-como-membro-do-dicasterio-para-a-vida-consagrada.html"]}]},{"@type":"BreadcrumbList","@id":"https:\/\/franciscanos.org.br\/noticias\/dom-jaime-cardeal-spengler-foi-nomeado-pelo-papa-leao-xiv-como-membro-do-dicasterio-para-a-vida-consagrada.html#breadcrumb","itemListElement":[{"@type":"ListItem","position":1,"name":"Home","item":"https:\/\/franciscanos.org.br\/noticias"},{"@type":"ListItem","position":2,"name":"Dom Jaime Cardeal Spengler foi nomeado pelo Papa Le\u00e3o XIV como membro do Dicast\u00e9rio para a Vida Consagrada"}]},{"@type":"Person","@id":"https:\/\/franciscanos.org.br\/noticias\/#\/schema\/person\/d9422e83121c3ad3b0f423d195f5bb25","name":"Adriana Rabelo","image":{"@type":"ImageObject","inLanguage":"pt-BR","@id":"https:\/\/franciscanos.org.br\/noticias\/#\/schema\/person\/image\/","url":"https:\/\/secure.gravatar.com\/avatar\/0a937b7500cd7df77540cfb8bede877d?s=96&d=mm&r=g","contentUrl":"https:\/\/secure.gravatar.com\/avatar\/0a937b7500cd7df77540cfb8bede877d?s=96&d=mm&r=g","caption":"Adriana Rabelo"},"url":"https:\/\/franciscanos.org.br\/noticias\/author\/adrianarabelo"}]}},"_links":{"self":[{"href":"https:\/\/franciscanos.org.br\/noticias\/wp-json\/wp\/v2\/posts\/258319"}],"collection":[{"href":"https:\/\/franciscanos.org.br\/noticias\/wp-json\/wp\/v2\/posts"}],"about":[{"href":"https:\/\/franciscanos.org.br\/noticias\/wp-json\/wp\/v2\/types\/post"}],"author":[{"embeddable":true,"href":"https:\/\/franciscanos.org.br\/noticias\/wp-json\/wp\/v2\/users\/11"}],"replies":[{"embeddable":true,"href":"https:\/\/franciscanos.org.br\/noticias\/wp-json\/wp\/v2\/comments?post=258319"}],"version-history":[{"count":1,"href":"https:\/\/franciscanos.org.br\/noticias\/wp-json\/wp\/v2\/posts\/258319\/revisions"}],"predecessor-version":[{"id":258322,"href":"https:\/\/franciscanos.org.br\/noticias\/wp-json\/wp\/v2\/posts\/258319\/revisions\/258322"}],"wp:featuredmedia":[{"embeddable":true,"href":"https:\/\/franciscanos.org.br\/noticias\/wp-json\/wp\/v2\/media\/258321"}],"wp:attachment":[{"href":"https:\/\/franciscanos.org.br\/noticias\/wp-json\/wp\/v2\/media?parent=258319"}],"wp:term":[{"taxonomy":"category","embeddable":true,"href":"https:\/\/franciscanos.org.br\/noticias\/wp-json\/wp\/v2\/categories?post=258319"},{"taxonomy":"post_tag","embeddable":true,"href":"https:\/\/franciscanos.org.br\/noticias\/wp-json\/wp\/v2\/tags?post=258319"}],"curies":[{"name":"wp","href":"https:\/\/api.w.org\/{rel}","templated":true}]}}