{"id":258251,"date":"2025-06-24T10:46:50","date_gmt":"2025-06-24T13:46:50","guid":{"rendered":"https:\/\/franciscanos.org.br\/noticias\/?p=258251"},"modified":"2025-06-25T09:15:22","modified_gmt":"2025-06-25T12:15:22","slug":"custodio-da-terra-santa-e-guardiao-do-monte-siao","status":"publish","type":"post","link":"https:\/\/franciscanos.org.br\/noticias\/custodio-da-terra-santa-e-guardiao-do-monte-siao.html","title":{"rendered":"Cust\u00f3dio da Terra Santa e Guardi\u00e3o do Monte Si\u00e3o"},"content":{"rendered":"<p data-start=\"104\" data-end=\"354\"><img loading=\"lazy\" class=\"aligncenter wp-image-258254 size-full\" src=\"https:\/\/franciscanos.org.br\/noticias\/wp-content\/uploads\/2025\/06\/materia-25.png\" alt=\"\" width=\"1280\" height=\"720\" srcset=\"https:\/\/franciscanos.org.br\/noticias\/wp-content\/uploads\/2025\/06\/materia-25.png 1280w, https:\/\/franciscanos.org.br\/noticias\/wp-content\/uploads\/2025\/06\/materia-25-450x253.png 450w, https:\/\/franciscanos.org.br\/noticias\/wp-content\/uploads\/2025\/06\/materia-25-1024x576.png 1024w, https:\/\/franciscanos.org.br\/noticias\/wp-content\/uploads\/2025\/06\/materia-25-768x432.png 768w, https:\/\/franciscanos.org.br\/noticias\/wp-content\/uploads\/2025\/06\/materia-25-150x84.png 150w\" sizes=\"(max-width: 1280px) 100vw, 1280px\" \/><\/p>\n<p data-start=\"104\" data-end=\"354\">Nesta ter\u00e7a-feira, 24 de junho de 2025, o Santo Padre Le\u00e3o XIV confirmou a elei\u00e7\u00e3o de nosso irm\u00e3o, Frei Francesco Ielpo, OFM, como Cust\u00f3dio da Terra Santa e Guardi\u00e3o do Monte Si\u00e3o, realizada pelo Ministro Geral da Ordem dos Frades Menores com seu Definit\u00f3rio.<\/p>\n<p data-start=\"356\" data-end=\"834\"><img loading=\"lazy\" class=\"size-medium wp-image-258255 alignright\" src=\"https:\/\/franciscanos.org.br\/noticias\/wp-content\/uploads\/2025\/06\/WhatsApp-Image-2025-06-24-at-07.29.04-338x450.jpeg\" alt=\"\" width=\"338\" height=\"450\" srcset=\"https:\/\/franciscanos.org.br\/noticias\/wp-content\/uploads\/2025\/06\/WhatsApp-Image-2025-06-24-at-07.29.04-338x450.jpeg 338w, https:\/\/franciscanos.org.br\/noticias\/wp-content\/uploads\/2025\/06\/WhatsApp-Image-2025-06-24-at-07.29.04-768x1024.jpeg 768w, https:\/\/franciscanos.org.br\/noticias\/wp-content\/uploads\/2025\/06\/WhatsApp-Image-2025-06-24-at-07.29.04-1152x1536.jpeg 1152w, https:\/\/franciscanos.org.br\/noticias\/wp-content\/uploads\/2025\/06\/WhatsApp-Image-2025-06-24-at-07.29.04-150x200.jpeg 150w, https:\/\/franciscanos.org.br\/noticias\/wp-content\/uploads\/2025\/06\/WhatsApp-Image-2025-06-24-at-07.29.04.jpeg 810w\" sizes=\"(max-width: 338px) 100vw, 338px\" \/>Frei Francesco Ielpo, de nacionalidade italiana, nasceu em Lauria (PZ), em 18 de maio de 1970. Fez sua profiss\u00e3o solene em 1998 e foi ordenado sacerdote em 2000. Entre 1994 e 2010, atuou como professor de religi\u00e3o; a partir de 2000, assumiu a reitoria do Instituto Franciscanum Luzzago, em Brescia. De 2006 a 2010, integrou o Conselho Nacional da FIDAE (Federa\u00e7\u00e3o dos Institutos de Atividades Educacionais). Entre 2007 e 2010, foi Definidor Provincial da Prov\u00edncia da Lombardia.<\/p>\n<p data-start=\"836\" data-end=\"1400\">De 2010 a 2013, exerceu a fun\u00e7\u00e3o de p\u00e1roco na Par\u00f3quia Franciscana de Santo Ant\u00f4nio de P\u00e1dua, em Varese. De setembro de 2013 a 2016, atuou como Comiss\u00e1rio da Terra Santa na Lombardia, miss\u00e3o que continuou desempenhando de 2016 a 2023, agora pela Prov\u00edncia do Norte da It\u00e1lia. Desde 2014, \u00e9 membro do Conselho de Administra\u00e7\u00e3o da Associa\u00e7\u00e3o Pro Terra Sancta. Desde 2022, ocupa os cargos de Presidente da Funda\u00e7\u00e3o Terra Santa, Delegado do Cust\u00f3dio da Terra Santa para a It\u00e1lia e Delegado Geral para a reestrutura\u00e7\u00e3o das Prov\u00edncias da Camp\u00e2nia, Basilicata e Cal\u00e1bria.<\/p>\n<p data-start=\"1402\" data-end=\"1687\">A Frei Francesco Ielpo, expressamos nossos votos de um frutuoso servi\u00e7o na \u201cP\u00e9rola das Miss\u00f5es\u201d da Ordem, juntamente com a gratid\u00e3o do Ministro Geral e de seu Definit\u00f3rio ao Frei Francesco Patton, que conclui, ap\u00f3s nove anos, seu delicado e generoso servi\u00e7o mission\u00e1rio na Terra Santa.<\/p>\n<hr \/>\n<p data-start=\"1402\" data-end=\"1687\">Fonte: https:\/\/ofm.org\/fr-francesco-ielpo-ofm-nuovo-custode-di-terra-santa-e-guardiano-del-monte-sion.html<\/p>\n","protected":false},"excerpt":{"rendered":"<p>Cust\u00f3dia Terra Santa<\/p>\n","protected":false},"author":11,"featured_media":258256,"comment_status":"open","ping_status":"open","sticky":false,"template":"","format":"standard","meta":[],"categories":[1],"tags":[182],"acf":[],"yoast_head":"<!-- This site is optimized with the Yoast SEO plugin v19.2 - https:\/\/yoast.com\/wordpress\/plugins\/seo\/ -->\n<title>Cust\u00f3dio da Terra Santa e Guardi\u00e3o do Monte Si\u00e3o - Not\u00edcias - Franciscanos<\/title>\n<meta name=\"robots\" content=\"index, follow, max-snippet:-1, max-image-preview:large, max-video-preview:-1\" \/>\n<link rel=\"canonical\" href=\"https:\/\/franciscanos.org.br\/noticias\/custodio-da-terra-santa-e-guardiao-do-monte-siao.html\" \/>\n<meta property=\"og:locale\" content=\"pt_BR\" \/>\n<meta property=\"og:type\" content=\"article\" \/>\n<meta property=\"og:title\" content=\"Cust\u00f3dio da Terra Santa e Guardi\u00e3o do Monte Si\u00e3o - Not\u00edcias - Franciscanos\" \/>\n<meta property=\"og:description\" content=\"Cust\u00f3dia Terra Santa\" \/>\n<meta property=\"og:url\" content=\"https:\/\/franciscanos.org.br\/noticias\/custodio-da-terra-santa-e-guardiao-do-monte-siao.html\" \/>\n<meta property=\"og:site_name\" content=\"Not\u00edcias - Franciscanos\" \/>\n<meta property=\"article:published_time\" content=\"2025-06-24T13:46:50+00:00\" \/>\n<meta property=\"article:modified_time\" content=\"2025-06-25T12:15:22+00:00\" \/>\n<meta property=\"og:image\" content=\"https:\/\/franciscanos.org.br\/noticias\/wp-content\/uploads\/2025\/06\/chamada-33.png\" \/>\n\t<meta property=\"og:image:width\" content=\"800\" \/>\n\t<meta property=\"og:image:height\" content=\"550\" \/>\n\t<meta property=\"og:image:type\" content=\"image\/png\" \/>\n<meta name=\"author\" content=\"Adriana Rabelo\" \/>\n<meta name=\"twitter:card\" content=\"summary_large_image\" \/>\n<meta name=\"twitter:label1\" content=\"Escrito por\" \/>\n\t<meta name=\"twitter:data1\" content=\"Adriana Rabelo\" \/>\n\t<meta name=\"twitter:label2\" content=\"Est. tempo de leitura\" \/>\n\t<meta name=\"twitter:data2\" content=\"1 minuto\" \/>\n<script type=\"application\/ld+json\" class=\"yoast-schema-graph\">{\"@context\":\"https:\/\/schema.org\",\"@graph\":[{\"@type\":\"WebSite\",\"@id\":\"https:\/\/franciscanos.org.br\/noticias\/#website\",\"url\":\"https:\/\/franciscanos.org.br\/noticias\/\",\"name\":\"Not\u00edcias - Franciscanos\",\"description\":\"Prov\u00edncia Franciscana da Imaculada Concei\u00e7\u00e3o do Brasil - Ordem dos Frades Menores - OFM\",\"potentialAction\":[{\"@type\":\"SearchAction\",\"target\":{\"@type\":\"EntryPoint\",\"urlTemplate\":\"https:\/\/franciscanos.org.br\/noticias\/?s={search_term_string}\"},\"query-input\":\"required name=search_term_string\"}],\"inLanguage\":\"pt-BR\"},{\"@type\":\"ImageObject\",\"inLanguage\":\"pt-BR\",\"@id\":\"https:\/\/franciscanos.org.br\/noticias\/custodio-da-terra-santa-e-guardiao-do-monte-siao.html#primaryimage\",\"url\":\"https:\/\/franciscanos.org.br\/noticias\/wp-content\/uploads\/2025\/06\/chamada-33.png\",\"contentUrl\":\"https:\/\/franciscanos.org.br\/noticias\/wp-content\/uploads\/2025\/06\/chamada-33.png\",\"width\":800,\"height\":550},{\"@type\":\"WebPage\",\"@id\":\"https:\/\/franciscanos.org.br\/noticias\/custodio-da-terra-santa-e-guardiao-do-monte-siao.html#webpage\",\"url\":\"https:\/\/franciscanos.org.br\/noticias\/custodio-da-terra-santa-e-guardiao-do-monte-siao.html\",\"name\":\"Cust\u00f3dio da Terra Santa e Guardi\u00e3o do Monte Si\u00e3o - Not\u00edcias - Franciscanos\",\"isPartOf\":{\"@id\":\"https:\/\/franciscanos.org.br\/noticias\/#website\"},\"primaryImageOfPage\":{\"@id\":\"https:\/\/franciscanos.org.br\/noticias\/custodio-da-terra-santa-e-guardiao-do-monte-siao.html#primaryimage\"},\"datePublished\":\"2025-06-24T13:46:50+00:00\",\"dateModified\":\"2025-06-25T12:15:22+00:00\",\"author\":{\"@id\":\"https:\/\/franciscanos.org.br\/noticias\/#\/schema\/person\/d9422e83121c3ad3b0f423d195f5bb25\"},\"breadcrumb\":{\"@id\":\"https:\/\/franciscanos.org.br\/noticias\/custodio-da-terra-santa-e-guardiao-do-monte-siao.html#breadcrumb\"},\"inLanguage\":\"pt-BR\",\"potentialAction\":[{\"@type\":\"ReadAction\",\"target\":[\"https:\/\/franciscanos.org.br\/noticias\/custodio-da-terra-santa-e-guardiao-do-monte-siao.html\"]}]},{\"@type\":\"BreadcrumbList\",\"@id\":\"https:\/\/franciscanos.org.br\/noticias\/custodio-da-terra-santa-e-guardiao-do-monte-siao.html#breadcrumb\",\"itemListElement\":[{\"@type\":\"ListItem\",\"position\":1,\"name\":\"Home\",\"item\":\"https:\/\/franciscanos.org.br\/noticias\"},{\"@type\":\"ListItem\",\"position\":2,\"name\":\"Cust\u00f3dio da Terra Santa e Guardi\u00e3o do Monte Si\u00e3o\"}]},{\"@type\":\"Person\",\"@id\":\"https:\/\/franciscanos.org.br\/noticias\/#\/schema\/person\/d9422e83121c3ad3b0f423d195f5bb25\",\"name\":\"Adriana Rabelo\",\"image\":{\"@type\":\"ImageObject\",\"inLanguage\":\"pt-BR\",\"@id\":\"https:\/\/franciscanos.org.br\/noticias\/#\/schema\/person\/image\/\",\"url\":\"https:\/\/secure.gravatar.com\/avatar\/0a937b7500cd7df77540cfb8bede877d?s=96&d=mm&r=g\",\"contentUrl\":\"https:\/\/secure.gravatar.com\/avatar\/0a937b7500cd7df77540cfb8bede877d?s=96&d=mm&r=g\",\"caption\":\"Adriana Rabelo\"},\"url\":\"https:\/\/franciscanos.org.br\/noticias\/author\/adrianarabelo\"}]}<\/script>\n<!-- \/ Yoast SEO plugin. -->","yoast_head_json":{"title":"Cust\u00f3dio da Terra Santa e Guardi\u00e3o do Monte Si\u00e3o - Not\u00edcias - Franciscanos","robots":{"index":"index","follow":"follow","max-snippet":"max-snippet:-1","max-image-preview":"max-image-preview:large","max-video-preview":"max-video-preview:-1"},"canonical":"https:\/\/franciscanos.org.br\/noticias\/custodio-da-terra-santa-e-guardiao-do-monte-siao.html","og_locale":"pt_BR","og_type":"article","og_title":"Cust\u00f3dio da Terra Santa e Guardi\u00e3o do Monte Si\u00e3o - Not\u00edcias - Franciscanos","og_description":"Cust\u00f3dia Terra Santa","og_url":"https:\/\/franciscanos.org.br\/noticias\/custodio-da-terra-santa-e-guardiao-do-monte-siao.html","og_site_name":"Not\u00edcias - Franciscanos","article_published_time":"2025-06-24T13:46:50+00:00","article_modified_time":"2025-06-25T12:15:22+00:00","og_image":[{"width":800,"height":550,"url":"https:\/\/franciscanos.org.br\/noticias\/wp-content\/uploads\/2025\/06\/chamada-33.png","type":"image\/png"}],"author":"Adriana Rabelo","twitter_card":"summary_large_image","twitter_misc":{"Escrito por":"Adriana Rabelo","Est. tempo de leitura":"1 minuto"},"schema":{"@context":"https:\/\/schema.org","@graph":[{"@type":"WebSite","@id":"https:\/\/franciscanos.org.br\/noticias\/#website","url":"https:\/\/franciscanos.org.br\/noticias\/","name":"Not\u00edcias - Franciscanos","description":"Prov\u00edncia Franciscana da Imaculada Concei\u00e7\u00e3o do Brasil - Ordem dos Frades Menores - OFM","potentialAction":[{"@type":"SearchAction","target":{"@type":"EntryPoint","urlTemplate":"https:\/\/franciscanos.org.br\/noticias\/?s={search_term_string}"},"query-input":"required name=search_term_string"}],"inLanguage":"pt-BR"},{"@type":"ImageObject","inLanguage":"pt-BR","@id":"https:\/\/franciscanos.org.br\/noticias\/custodio-da-terra-santa-e-guardiao-do-monte-siao.html#primaryimage","url":"https:\/\/franciscanos.org.br\/noticias\/wp-content\/uploads\/2025\/06\/chamada-33.png","contentUrl":"https:\/\/franciscanos.org.br\/noticias\/wp-content\/uploads\/2025\/06\/chamada-33.png","width":800,"height":550},{"@type":"WebPage","@id":"https:\/\/franciscanos.org.br\/noticias\/custodio-da-terra-santa-e-guardiao-do-monte-siao.html#webpage","url":"https:\/\/franciscanos.org.br\/noticias\/custodio-da-terra-santa-e-guardiao-do-monte-siao.html","name":"Cust\u00f3dio da Terra Santa e Guardi\u00e3o do Monte Si\u00e3o - Not\u00edcias - Franciscanos","isPartOf":{"@id":"https:\/\/franciscanos.org.br\/noticias\/#website"},"primaryImageOfPage":{"@id":"https:\/\/franciscanos.org.br\/noticias\/custodio-da-terra-santa-e-guardiao-do-monte-siao.html#primaryimage"},"datePublished":"2025-06-24T13:46:50+00:00","dateModified":"2025-06-25T12:15:22+00:00","author":{"@id":"https:\/\/franciscanos.org.br\/noticias\/#\/schema\/person\/d9422e83121c3ad3b0f423d195f5bb25"},"breadcrumb":{"@id":"https:\/\/franciscanos.org.br\/noticias\/custodio-da-terra-santa-e-guardiao-do-monte-siao.html#breadcrumb"},"inLanguage":"pt-BR","potentialAction":[{"@type":"ReadAction","target":["https:\/\/franciscanos.org.br\/noticias\/custodio-da-terra-santa-e-guardiao-do-monte-siao.html"]}]},{"@type":"BreadcrumbList","@id":"https:\/\/franciscanos.org.br\/noticias\/custodio-da-terra-santa-e-guardiao-do-monte-siao.html#breadcrumb","itemListElement":[{"@type":"ListItem","position":1,"name":"Home","item":"https:\/\/franciscanos.org.br\/noticias"},{"@type":"ListItem","position":2,"name":"Cust\u00f3dio da Terra Santa e Guardi\u00e3o do Monte Si\u00e3o"}]},{"@type":"Person","@id":"https:\/\/franciscanos.org.br\/noticias\/#\/schema\/person\/d9422e83121c3ad3b0f423d195f5bb25","name":"Adriana Rabelo","image":{"@type":"ImageObject","inLanguage":"pt-BR","@id":"https:\/\/franciscanos.org.br\/noticias\/#\/schema\/person\/image\/","url":"https:\/\/secure.gravatar.com\/avatar\/0a937b7500cd7df77540cfb8bede877d?s=96&d=mm&r=g","contentUrl":"https:\/\/secure.gravatar.com\/avatar\/0a937b7500cd7df77540cfb8bede877d?s=96&d=mm&r=g","caption":"Adriana Rabelo"},"url":"https:\/\/franciscanos.org.br\/noticias\/author\/adrianarabelo"}]}},"_links":{"self":[{"href":"https:\/\/franciscanos.org.br\/noticias\/wp-json\/wp\/v2\/posts\/258251"}],"collection":[{"href":"https:\/\/franciscanos.org.br\/noticias\/wp-json\/wp\/v2\/posts"}],"about":[{"href":"https:\/\/franciscanos.org.br\/noticias\/wp-json\/wp\/v2\/types\/post"}],"author":[{"embeddable":true,"href":"https:\/\/franciscanos.org.br\/noticias\/wp-json\/wp\/v2\/users\/11"}],"replies":[{"embeddable":true,"href":"https:\/\/franciscanos.org.br\/noticias\/wp-json\/wp\/v2\/comments?post=258251"}],"version-history":[{"count":4,"href":"https:\/\/franciscanos.org.br\/noticias\/wp-json\/wp\/v2\/posts\/258251\/revisions"}],"predecessor-version":[{"id":258318,"href":"https:\/\/franciscanos.org.br\/noticias\/wp-json\/wp\/v2\/posts\/258251\/revisions\/258318"}],"wp:featuredmedia":[{"embeddable":true,"href":"https:\/\/franciscanos.org.br\/noticias\/wp-json\/wp\/v2\/media\/258256"}],"wp:attachment":[{"href":"https:\/\/franciscanos.org.br\/noticias\/wp-json\/wp\/v2\/media?parent=258251"}],"wp:term":[{"taxonomy":"category","embeddable":true,"href":"https:\/\/franciscanos.org.br\/noticias\/wp-json\/wp\/v2\/categories?post=258251"},{"taxonomy":"post_tag","embeddable":true,"href":"https:\/\/franciscanos.org.br\/noticias\/wp-json\/wp\/v2\/tags?post=258251"}],"curies":[{"name":"wp","href":"https:\/\/api.w.org\/{rel}","templated":true}]}}