{"id":258152,"date":"2025-06-23T10:59:23","date_gmt":"2025-06-23T13:59:23","guid":{"rendered":"https:\/\/franciscanos.org.br\/noticias\/?p=258152"},"modified":"2025-06-23T10:59:23","modified_gmt":"2025-06-23T13:59:23","slug":"celebracoes-de-junho-fortalecem-a-fe-e-a-comunhao-do-povo-de-malange-em-angola","status":"publish","type":"post","link":"https:\/\/franciscanos.org.br\/noticias\/celebracoes-de-junho-fortalecem-a-fe-e-a-comunhao-do-povo-de-malange-em-angola.html","title":{"rendered":"Celebra\u00e7\u00f5es de junho fortalecem a f\u00e9 e a comunh\u00e3o do povo de Malange, em Angola"},"content":{"rendered":"<p><img loading=\"lazy\" class=\"aligncenter wp-image-258154 size-full\" src=\"https:\/\/franciscanos.org.br\/noticias\/wp-content\/uploads\/2025\/06\/materia5-1.png\" alt=\"\" width=\"1280\" height=\"720\" srcset=\"https:\/\/franciscanos.org.br\/noticias\/wp-content\/uploads\/2025\/06\/materia5-1.png 1280w, https:\/\/franciscanos.org.br\/noticias\/wp-content\/uploads\/2025\/06\/materia5-1-450x253.png 450w, https:\/\/franciscanos.org.br\/noticias\/wp-content\/uploads\/2025\/06\/materia5-1-1024x576.png 1024w, https:\/\/franciscanos.org.br\/noticias\/wp-content\/uploads\/2025\/06\/materia5-1-768x432.png 768w, https:\/\/franciscanos.org.br\/noticias\/wp-content\/uploads\/2025\/06\/materia5-1-150x84.png 150w\" sizes=\"(max-width: 1280px) 100vw, 1280px\" \/><\/p>\n<p>No m\u00eas de Santo Ant\u00f4nio, a comunidade da aldeia Quissol, em Malange, Angola, viveu momentos especiais de muita partilha e comunh\u00e3o.<\/p>\n<p>Durante o Tr\u00edduo do santo franciscano, nos dias 12, 13 e 14 de junho, na Par\u00f3quia Santos M\u00e1rtires de Uganda, no Centro Santo Ant\u00f4nio, sob a luz do tema: \u201cVida e obra de santo Ant\u00f3nio\u201d, conduzidos pelo Frei Valter Muhongo Quimbundo, os fi\u00e9is viveram momentos de grande alegria e devo\u00e7\u00e3o.<\/p>\n<p><img loading=\"lazy\" class=\"aligncenter wp-image-258155 size-full\" src=\"https:\/\/franciscanos.org.br\/noticias\/wp-content\/uploads\/2025\/06\/materia-1-7.png\" alt=\"\" width=\"1280\" height=\"720\" srcset=\"https:\/\/franciscanos.org.br\/noticias\/wp-content\/uploads\/2025\/06\/materia-1-7.png 1280w, https:\/\/franciscanos.org.br\/noticias\/wp-content\/uploads\/2025\/06\/materia-1-7-450x253.png 450w, https:\/\/franciscanos.org.br\/noticias\/wp-content\/uploads\/2025\/06\/materia-1-7-1024x576.png 1024w, https:\/\/franciscanos.org.br\/noticias\/wp-content\/uploads\/2025\/06\/materia-1-7-768x432.png 768w, https:\/\/franciscanos.org.br\/noticias\/wp-content\/uploads\/2025\/06\/materia-1-7-150x84.png 150w\" sizes=\"(max-width: 1280px) 100vw, 1280px\" \/><\/p>\n<p>Em sua reflex\u00e3o do primeiro dia do Tr\u00edduo, o frade falou sobre passagens importantes da vida do Santo, em um trabalho catequ\u00e9tico relevante para a comunidade, trazendo informa\u00e7\u00f5es como: o ano de nascimento de Santo Ant\u00f4nio, seu nome de batismo, sua transi\u00e7\u00e3o da Ordem Agostiniana para os franciscanos, a ocasi\u00e3o de seu falecimento e sua canoniza\u00e7\u00e3o. Dados importantes, que ajudaram o povo a conhecer mais a vida do seu padroeiro.<\/p>\n<p>No segundo dia do tr\u00edduo (13\/06), um menino nascido na comunidade, naquela madrugada, recebeu o nome de Ant\u00f4nio, em honra ao santo. Bem cedo tamb\u00e9m, \u00e0s 6h30 (hor\u00e1rio local), os fi\u00e9is participaram da Santa Missa, que se estendeu com as b\u00ean\u00e7\u00e3os nas aldeias do Quissol e Catunga. Ambas est\u00e3o localizadas na prov\u00edncia de Malange, em Angola, e est\u00e3o situadas na \u00e1rea rural daquela regi\u00e3o. A proposta do dia foi olhar para \u201cAs Virtudes de Santo Ant\u00f3nio\u201d, tema partilhado pelo Frei Francisco Fernando Kanhanga Tchingandu. No come\u00e7o da noite, o povo, em festa e firme na f\u00e9, reuniu-se na entrada da aldeia. Eram jovens, crian\u00e7as e adultos vindos de todas as comunidades da regi\u00e3o paroquial, para acompanhar a prociss\u00e3o de velas com a imagem do santo. Na ocasi\u00e3o, de forma peculiar, os fi\u00e9is reunidos apresentaram suas s\u00faplicas a Santo Ant\u00f4nio, de forma \u00fanica, sincera e democr\u00e1tica, na qual todos podiam expressar a sua f\u00e9. A noite foi encerrada com um filme sobre o santo e atividades culturais.<\/p>\n<p><img loading=\"lazy\" class=\"aligncenter wp-image-258160 size-full\" src=\"https:\/\/franciscanos.org.br\/noticias\/wp-content\/uploads\/2025\/06\/materia-4-6.png\" alt=\"\" width=\"1280\" height=\"720\" srcset=\"https:\/\/franciscanos.org.br\/noticias\/wp-content\/uploads\/2025\/06\/materia-4-6.png 1280w, https:\/\/franciscanos.org.br\/noticias\/wp-content\/uploads\/2025\/06\/materia-4-6-450x253.png 450w, https:\/\/franciscanos.org.br\/noticias\/wp-content\/uploads\/2025\/06\/materia-4-6-1024x576.png 1024w, https:\/\/franciscanos.org.br\/noticias\/wp-content\/uploads\/2025\/06\/materia-4-6-768x432.png 768w, https:\/\/franciscanos.org.br\/noticias\/wp-content\/uploads\/2025\/06\/materia-4-6-150x84.png 150w\" sizes=\"(max-width: 1280px) 100vw, 1280px\" \/>No terceiro e \u00faltimo dia da Festa de Santo Ant\u00f4nio (14\/06), no per\u00edodo da manh\u00e3, Frei Santana Sebasti\u00e3o Kafunda (p\u00e1roco), celebrou a Missa Patronal, com administra\u00e7\u00e3o do sacramento do batismo para adultos e crian\u00e7as, bem como a Primeira Eucartistia de 14 irm\u00e3os.<\/p>\n<p>Os dias de louvor a Santo Ant\u00f4nio revelaram o quanto a presen\u00e7a franciscana tem preenchido positivamente a vida do povo e permitido que todos vivenciem um encontro especial com Deus.<\/p>\n<hr \/>\n<p><em>Frei Evaristo Seque Joaquim<\/em><\/p>\n\n\t\t<style type=\"text\/css\">\n\t\t\t#gallery-1 {\n\t\t\t\tmargin: auto;\n\t\t\t}\n\t\t\t#gallery-1 .gallery-item {\n\t\t\t\tfloat: left;\n\t\t\t\tmargin-top: 10px;\n\t\t\t\ttext-align: center;\n\t\t\t\twidth: 25%;\n\t\t\t}\n\t\t\t#gallery-1 img {\n\t\t\t\tborder: 2px solid #cfcfcf;\n\t\t\t}\n\t\t\t#gallery-1 .gallery-caption {\n\t\t\t\tmargin-left: 0;\n\t\t\t}\n\t\t\t\/* see gallery_shortcode() in wp-includes\/media.php *\/\n\t\t<\/style>\n\t\t<div id='gallery-1' class='gallery galleryid-258152 gallery-columns-4 gallery-size-thumbnail'><dl class='gallery-item'>\n\t\t\t<dt class='gallery-icon portrait'>\n\t\t\t\t<a href='https:\/\/franciscanos.org.br\/noticias\/wp-content\/uploads\/2025\/06\/WhatsApp-Image-2025-06-21-at-15.17.53-1.jpeg'><img width=\"300\" height=\"300\" src=\"https:\/\/franciscanos.org.br\/noticias\/wp-content\/uploads\/2025\/06\/WhatsApp-Image-2025-06-21-at-15.17.53-1-300x300.jpeg\" class=\"attachment-thumbnail size-thumbnail\" alt=\"\" loading=\"lazy\" srcset=\"https:\/\/franciscanos.org.br\/noticias\/wp-content\/uploads\/2025\/06\/WhatsApp-Image-2025-06-21-at-15.17.53-1-300x300.jpeg 300w, https:\/\/franciscanos.org.br\/noticias\/wp-content\/uploads\/2025\/06\/WhatsApp-Image-2025-06-21-at-15.17.53-1-100x100.jpeg 100w\" sizes=\"(max-width: 300px) 100vw, 300px\" \/><\/a>\n\t\t\t<\/dt><\/dl><dl class='gallery-item'>\n\t\t\t<dt class='gallery-icon portrait'>\n\t\t\t\t<a href='https:\/\/franciscanos.org.br\/noticias\/wp-content\/uploads\/2025\/06\/WhatsApp-Image-2025-06-21-at-15.17.53-2.jpeg'><img width=\"300\" height=\"300\" src=\"https:\/\/franciscanos.org.br\/noticias\/wp-content\/uploads\/2025\/06\/WhatsApp-Image-2025-06-21-at-15.17.53-2-300x300.jpeg\" class=\"attachment-thumbnail size-thumbnail\" alt=\"\" loading=\"lazy\" srcset=\"https:\/\/franciscanos.org.br\/noticias\/wp-content\/uploads\/2025\/06\/WhatsApp-Image-2025-06-21-at-15.17.53-2-300x300.jpeg 300w, https:\/\/franciscanos.org.br\/noticias\/wp-content\/uploads\/2025\/06\/WhatsApp-Image-2025-06-21-at-15.17.53-2-100x100.jpeg 100w\" sizes=\"(max-width: 300px) 100vw, 300px\" \/><\/a>\n\t\t\t<\/dt><\/dl><dl class='gallery-item'>\n\t\t\t<dt class='gallery-icon landscape'>\n\t\t\t\t<a href='https:\/\/franciscanos.org.br\/noticias\/wp-content\/uploads\/2025\/06\/WhatsApp-Image-2025-06-21-at-15.17.53.jpeg'><img width=\"300\" height=\"300\" src=\"https:\/\/franciscanos.org.br\/noticias\/wp-content\/uploads\/2025\/06\/WhatsApp-Image-2025-06-21-at-15.17.53-300x300.jpeg\" class=\"attachment-thumbnail size-thumbnail\" alt=\"\" loading=\"lazy\" srcset=\"https:\/\/franciscanos.org.br\/noticias\/wp-content\/uploads\/2025\/06\/WhatsApp-Image-2025-06-21-at-15.17.53-300x300.jpeg 300w, https:\/\/franciscanos.org.br\/noticias\/wp-content\/uploads\/2025\/06\/WhatsApp-Image-2025-06-21-at-15.17.53-100x100.jpeg 100w\" sizes=\"(max-width: 300px) 100vw, 300px\" \/><\/a>\n\t\t\t<\/dt><\/dl><dl class='gallery-item'>\n\t\t\t<dt class='gallery-icon landscape'>\n\t\t\t\t<a href='https:\/\/franciscanos.org.br\/noticias\/wp-content\/uploads\/2025\/06\/WhatsApp-Image-2025-06-21-at-15.17.54-1.jpeg'><img width=\"300\" height=\"300\" src=\"https:\/\/franciscanos.org.br\/noticias\/wp-content\/uploads\/2025\/06\/WhatsApp-Image-2025-06-21-at-15.17.54-1-300x300.jpeg\" class=\"attachment-thumbnail size-thumbnail\" alt=\"\" loading=\"lazy\" srcset=\"https:\/\/franciscanos.org.br\/noticias\/wp-content\/uploads\/2025\/06\/WhatsApp-Image-2025-06-21-at-15.17.54-1-300x300.jpeg 300w, https:\/\/franciscanos.org.br\/noticias\/wp-content\/uploads\/2025\/06\/WhatsApp-Image-2025-06-21-at-15.17.54-1-100x100.jpeg 100w\" sizes=\"(max-width: 300px) 100vw, 300px\" \/><\/a>\n\t\t\t<\/dt><\/dl><br style=\"clear: both\" \/><dl class='gallery-item'>\n\t\t\t<dt class='gallery-icon landscape'>\n\t\t\t\t<a href='https:\/\/franciscanos.org.br\/noticias\/wp-content\/uploads\/2025\/06\/WhatsApp-Image-2025-06-21-at-15.17.57-1.jpeg'><img width=\"300\" height=\"300\" src=\"https:\/\/franciscanos.org.br\/noticias\/wp-content\/uploads\/2025\/06\/WhatsApp-Image-2025-06-21-at-15.17.57-1-300x300.jpeg\" class=\"attachment-thumbnail size-thumbnail\" alt=\"\" loading=\"lazy\" srcset=\"https:\/\/franciscanos.org.br\/noticias\/wp-content\/uploads\/2025\/06\/WhatsApp-Image-2025-06-21-at-15.17.57-1-300x300.jpeg 300w, https:\/\/franciscanos.org.br\/noticias\/wp-content\/uploads\/2025\/06\/WhatsApp-Image-2025-06-21-at-15.17.57-1-100x100.jpeg 100w\" sizes=\"(max-width: 300px) 100vw, 300px\" \/><\/a>\n\t\t\t<\/dt><\/dl><dl class='gallery-item'>\n\t\t\t<dt class='gallery-icon landscape'>\n\t\t\t\t<a href='https:\/\/franciscanos.org.br\/noticias\/wp-content\/uploads\/2025\/06\/WhatsApp-Image-2025-06-21-at-15.17.57-2.jpeg'><img width=\"300\" height=\"300\" src=\"https:\/\/franciscanos.org.br\/noticias\/wp-content\/uploads\/2025\/06\/WhatsApp-Image-2025-06-21-at-15.17.57-2-300x300.jpeg\" class=\"attachment-thumbnail size-thumbnail\" alt=\"\" loading=\"lazy\" srcset=\"https:\/\/franciscanos.org.br\/noticias\/wp-content\/uploads\/2025\/06\/WhatsApp-Image-2025-06-21-at-15.17.57-2-300x300.jpeg 300w, https:\/\/franciscanos.org.br\/noticias\/wp-content\/uploads\/2025\/06\/WhatsApp-Image-2025-06-21-at-15.17.57-2-100x100.jpeg 100w\" sizes=\"(max-width: 300px) 100vw, 300px\" \/><\/a>\n\t\t\t<\/dt><\/dl><dl class='gallery-item'>\n\t\t\t<dt class='gallery-icon portrait'>\n\t\t\t\t<a href='https:\/\/franciscanos.org.br\/noticias\/wp-content\/uploads\/2025\/06\/WhatsApp-Image-2025-06-21-at-15.17.57.jpeg'><img width=\"300\" height=\"300\" src=\"https:\/\/franciscanos.org.br\/noticias\/wp-content\/uploads\/2025\/06\/WhatsApp-Image-2025-06-21-at-15.17.57-300x300.jpeg\" class=\"attachment-thumbnail size-thumbnail\" alt=\"\" loading=\"lazy\" srcset=\"https:\/\/franciscanos.org.br\/noticias\/wp-content\/uploads\/2025\/06\/WhatsApp-Image-2025-06-21-at-15.17.57-300x300.jpeg 300w, https:\/\/franciscanos.org.br\/noticias\/wp-content\/uploads\/2025\/06\/WhatsApp-Image-2025-06-21-at-15.17.57-100x100.jpeg 100w\" sizes=\"(max-width: 300px) 100vw, 300px\" \/><\/a>\n\t\t\t<\/dt><\/dl><dl class='gallery-item'>\n\t\t\t<dt class='gallery-icon landscape'>\n\t\t\t\t<a href='https:\/\/franciscanos.org.br\/noticias\/wp-content\/uploads\/2025\/06\/WhatsApp-Image-2025-06-21-at-15.17.58-1.jpeg'><img width=\"300\" height=\"300\" src=\"https:\/\/franciscanos.org.br\/noticias\/wp-content\/uploads\/2025\/06\/WhatsApp-Image-2025-06-21-at-15.17.58-1-300x300.jpeg\" class=\"attachment-thumbnail size-thumbnail\" alt=\"\" loading=\"lazy\" srcset=\"https:\/\/franciscanos.org.br\/noticias\/wp-content\/uploads\/2025\/06\/WhatsApp-Image-2025-06-21-at-15.17.58-1-300x300.jpeg 300w, https:\/\/franciscanos.org.br\/noticias\/wp-content\/uploads\/2025\/06\/WhatsApp-Image-2025-06-21-at-15.17.58-1-100x100.jpeg 100w\" sizes=\"(max-width: 300px) 100vw, 300px\" \/><\/a>\n\t\t\t<\/dt><\/dl><br style=\"clear: both\" \/><dl class='gallery-item'>\n\t\t\t<dt class='gallery-icon landscape'>\n\t\t\t\t<a href='https:\/\/franciscanos.org.br\/noticias\/wp-content\/uploads\/2025\/06\/WhatsApp-Image-2025-06-21-at-15.17.59-2.jpeg'><img width=\"300\" height=\"300\" src=\"https:\/\/franciscanos.org.br\/noticias\/wp-content\/uploads\/2025\/06\/WhatsApp-Image-2025-06-21-at-15.17.59-2-300x300.jpeg\" class=\"attachment-thumbnail size-thumbnail\" alt=\"\" loading=\"lazy\" srcset=\"https:\/\/franciscanos.org.br\/noticias\/wp-content\/uploads\/2025\/06\/WhatsApp-Image-2025-06-21-at-15.17.59-2-300x300.jpeg 300w, https:\/\/franciscanos.org.br\/noticias\/wp-content\/uploads\/2025\/06\/WhatsApp-Image-2025-06-21-at-15.17.59-2-100x100.jpeg 100w\" sizes=\"(max-width: 300px) 100vw, 300px\" \/><\/a>\n\t\t\t<\/dt><\/dl><dl class='gallery-item'>\n\t\t\t<dt class='gallery-icon landscape'>\n\t\t\t\t<a href='https:\/\/franciscanos.org.br\/noticias\/wp-content\/uploads\/2025\/06\/WhatsApp-Image-2025-06-21-at-15.18.43-1.jpeg'><img width=\"300\" height=\"300\" src=\"https:\/\/franciscanos.org.br\/noticias\/wp-content\/uploads\/2025\/06\/WhatsApp-Image-2025-06-21-at-15.18.43-1-300x300.jpeg\" class=\"attachment-thumbnail size-thumbnail\" alt=\"\" loading=\"lazy\" srcset=\"https:\/\/franciscanos.org.br\/noticias\/wp-content\/uploads\/2025\/06\/WhatsApp-Image-2025-06-21-at-15.18.43-1-300x300.jpeg 300w, https:\/\/franciscanos.org.br\/noticias\/wp-content\/uploads\/2025\/06\/WhatsApp-Image-2025-06-21-at-15.18.43-1-100x100.jpeg 100w\" sizes=\"(max-width: 300px) 100vw, 300px\" \/><\/a>\n\t\t\t<\/dt><\/dl><dl class='gallery-item'>\n\t\t\t<dt class='gallery-icon landscape'>\n\t\t\t\t<a href='https:\/\/franciscanos.org.br\/noticias\/wp-content\/uploads\/2025\/06\/WhatsApp-Image-2025-06-21-at-15.18.43-2.jpeg'><img width=\"300\" height=\"300\" src=\"https:\/\/franciscanos.org.br\/noticias\/wp-content\/uploads\/2025\/06\/WhatsApp-Image-2025-06-21-at-15.18.43-2-300x300.jpeg\" class=\"attachment-thumbnail size-thumbnail\" alt=\"\" loading=\"lazy\" srcset=\"https:\/\/franciscanos.org.br\/noticias\/wp-content\/uploads\/2025\/06\/WhatsApp-Image-2025-06-21-at-15.18.43-2-300x300.jpeg 300w, https:\/\/franciscanos.org.br\/noticias\/wp-content\/uploads\/2025\/06\/WhatsApp-Image-2025-06-21-at-15.18.43-2-100x100.jpeg 100w\" sizes=\"(max-width: 300px) 100vw, 300px\" \/><\/a>\n\t\t\t<\/dt><\/dl><dl class='gallery-item'>\n\t\t\t<dt class='gallery-icon portrait'>\n\t\t\t\t<a href='https:\/\/franciscanos.org.br\/noticias\/wp-content\/uploads\/2025\/06\/WhatsApp-Image-2025-06-21-at-15.18.43.jpeg'><img width=\"300\" height=\"300\" src=\"https:\/\/franciscanos.org.br\/noticias\/wp-content\/uploads\/2025\/06\/WhatsApp-Image-2025-06-21-at-15.18.43-300x300.jpeg\" class=\"attachment-thumbnail size-thumbnail\" alt=\"\" loading=\"lazy\" srcset=\"https:\/\/franciscanos.org.br\/noticias\/wp-content\/uploads\/2025\/06\/WhatsApp-Image-2025-06-21-at-15.18.43-300x300.jpeg 300w, https:\/\/franciscanos.org.br\/noticias\/wp-content\/uploads\/2025\/06\/WhatsApp-Image-2025-06-21-at-15.18.43-100x100.jpeg 100w\" sizes=\"(max-width: 300px) 100vw, 300px\" \/><\/a>\n\t\t\t<\/dt><\/dl><br style=\"clear: both\" \/><dl class='gallery-item'>\n\t\t\t<dt class='gallery-icon landscape'>\n\t\t\t\t<a href='https:\/\/franciscanos.org.br\/noticias\/wp-content\/uploads\/2025\/06\/WhatsApp-Image-2025-06-21-at-15.18.44-1.jpeg'><img width=\"300\" height=\"300\" src=\"https:\/\/franciscanos.org.br\/noticias\/wp-content\/uploads\/2025\/06\/WhatsApp-Image-2025-06-21-at-15.18.44-1-300x300.jpeg\" class=\"attachment-thumbnail size-thumbnail\" alt=\"\" loading=\"lazy\" srcset=\"https:\/\/franciscanos.org.br\/noticias\/wp-content\/uploads\/2025\/06\/WhatsApp-Image-2025-06-21-at-15.18.44-1-300x300.jpeg 300w, https:\/\/franciscanos.org.br\/noticias\/wp-content\/uploads\/2025\/06\/WhatsApp-Image-2025-06-21-at-15.18.44-1-100x100.jpeg 100w\" sizes=\"(max-width: 300px) 100vw, 300px\" \/><\/a>\n\t\t\t<\/dt><\/dl><dl class='gallery-item'>\n\t\t\t<dt class='gallery-icon landscape'>\n\t\t\t\t<a href='https:\/\/franciscanos.org.br\/noticias\/wp-content\/uploads\/2025\/06\/WhatsApp-Image-2025-06-21-at-15.17.59-1.jpeg'><img width=\"300\" height=\"300\" src=\"https:\/\/franciscanos.org.br\/noticias\/wp-content\/uploads\/2025\/06\/WhatsApp-Image-2025-06-21-at-15.17.59-1-300x300.jpeg\" class=\"attachment-thumbnail size-thumbnail\" alt=\"\" loading=\"lazy\" srcset=\"https:\/\/franciscanos.org.br\/noticias\/wp-content\/uploads\/2025\/06\/WhatsApp-Image-2025-06-21-at-15.17.59-1-300x300.jpeg 300w, https:\/\/franciscanos.org.br\/noticias\/wp-content\/uploads\/2025\/06\/WhatsApp-Image-2025-06-21-at-15.17.59-1-100x100.jpeg 100w\" sizes=\"(max-width: 300px) 100vw, 300px\" \/><\/a>\n\t\t\t<\/dt><\/dl><dl class='gallery-item'>\n\t\t\t<dt class='gallery-icon landscape'>\n\t\t\t\t<a href='https:\/\/franciscanos.org.br\/noticias\/wp-content\/uploads\/2025\/06\/WhatsApp-Image-2025-06-21-at-15.18.42-1.jpeg'><img width=\"300\" height=\"300\" src=\"https:\/\/franciscanos.org.br\/noticias\/wp-content\/uploads\/2025\/06\/WhatsApp-Image-2025-06-21-at-15.18.42-1-300x300.jpeg\" class=\"attachment-thumbnail size-thumbnail\" alt=\"\" loading=\"lazy\" srcset=\"https:\/\/franciscanos.org.br\/noticias\/wp-content\/uploads\/2025\/06\/WhatsApp-Image-2025-06-21-at-15.18.42-1-300x300.jpeg 300w, https:\/\/franciscanos.org.br\/noticias\/wp-content\/uploads\/2025\/06\/WhatsApp-Image-2025-06-21-at-15.18.42-1-100x100.jpeg 100w\" sizes=\"(max-width: 300px) 100vw, 300px\" \/><\/a>\n\t\t\t<\/dt><\/dl><dl class='gallery-item'>\n\t\t\t<dt class='gallery-icon landscape'>\n\t\t\t\t<a href='https:\/\/franciscanos.org.br\/noticias\/wp-content\/uploads\/2025\/06\/WhatsApp-Image-2025-06-21-at-15.18.42.jpeg'><img width=\"300\" height=\"300\" src=\"https:\/\/franciscanos.org.br\/noticias\/wp-content\/uploads\/2025\/06\/WhatsApp-Image-2025-06-21-at-15.18.42-300x300.jpeg\" class=\"attachment-thumbnail size-thumbnail\" alt=\"\" loading=\"lazy\" srcset=\"https:\/\/franciscanos.org.br\/noticias\/wp-content\/uploads\/2025\/06\/WhatsApp-Image-2025-06-21-at-15.18.42-300x300.jpeg 300w, https:\/\/franciscanos.org.br\/noticias\/wp-content\/uploads\/2025\/06\/WhatsApp-Image-2025-06-21-at-15.18.42-100x100.jpeg 100w\" sizes=\"(max-width: 300px) 100vw, 300px\" \/><\/a>\n\t\t\t<\/dt><\/dl><br style=\"clear: both\" \/><dl class='gallery-item'>\n\t\t\t<dt class='gallery-icon landscape'>\n\t\t\t\t<a href='https:\/\/franciscanos.org.br\/noticias\/wp-content\/uploads\/2025\/06\/WhatsApp-Image-2025-06-21-at-15.18.43-1-1.jpeg'><img width=\"300\" height=\"300\" src=\"https:\/\/franciscanos.org.br\/noticias\/wp-content\/uploads\/2025\/06\/WhatsApp-Image-2025-06-21-at-15.18.43-1-1-300x300.jpeg\" class=\"attachment-thumbnail size-thumbnail\" alt=\"\" loading=\"lazy\" srcset=\"https:\/\/franciscanos.org.br\/noticias\/wp-content\/uploads\/2025\/06\/WhatsApp-Image-2025-06-21-at-15.18.43-1-1-300x300.jpeg 300w, https:\/\/franciscanos.org.br\/noticias\/wp-content\/uploads\/2025\/06\/WhatsApp-Image-2025-06-21-at-15.18.43-1-1-100x100.jpeg 100w\" sizes=\"(max-width: 300px) 100vw, 300px\" \/><\/a>\n\t\t\t<\/dt><\/dl><dl class='gallery-item'>\n\t\t\t<dt class='gallery-icon landscape'>\n\t\t\t\t<a href='https:\/\/franciscanos.org.br\/noticias\/wp-content\/uploads\/2025\/06\/WhatsApp-Image-2025-06-21-at-15.18.41-1.jpeg'><img width=\"300\" height=\"300\" src=\"https:\/\/franciscanos.org.br\/noticias\/wp-content\/uploads\/2025\/06\/WhatsApp-Image-2025-06-21-at-15.18.41-1-300x300.jpeg\" class=\"attachment-thumbnail size-thumbnail\" alt=\"\" loading=\"lazy\" srcset=\"https:\/\/franciscanos.org.br\/noticias\/wp-content\/uploads\/2025\/06\/WhatsApp-Image-2025-06-21-at-15.18.41-1-300x300.jpeg 300w, https:\/\/franciscanos.org.br\/noticias\/wp-content\/uploads\/2025\/06\/WhatsApp-Image-2025-06-21-at-15.18.41-1-100x100.jpeg 100w\" sizes=\"(max-width: 300px) 100vw, 300px\" \/><\/a>\n\t\t\t<\/dt><\/dl><dl class='gallery-item'>\n\t\t\t<dt class='gallery-icon landscape'>\n\t\t\t\t<a href='https:\/\/franciscanos.org.br\/noticias\/wp-content\/uploads\/2025\/06\/WhatsApp-Image-2025-06-21-at-15.18.45-1.jpeg'><img width=\"300\" height=\"300\" src=\"https:\/\/franciscanos.org.br\/noticias\/wp-content\/uploads\/2025\/06\/WhatsApp-Image-2025-06-21-at-15.18.45-1-300x300.jpeg\" class=\"attachment-thumbnail size-thumbnail\" alt=\"\" loading=\"lazy\" srcset=\"https:\/\/franciscanos.org.br\/noticias\/wp-content\/uploads\/2025\/06\/WhatsApp-Image-2025-06-21-at-15.18.45-1-300x300.jpeg 300w, https:\/\/franciscanos.org.br\/noticias\/wp-content\/uploads\/2025\/06\/WhatsApp-Image-2025-06-21-at-15.18.45-1-100x100.jpeg 100w\" sizes=\"(max-width: 300px) 100vw, 300px\" \/><\/a>\n\t\t\t<\/dt><\/dl><dl class='gallery-item'>\n\t\t\t<dt class='gallery-icon landscape'>\n\t\t\t\t<a href='https:\/\/franciscanos.org.br\/noticias\/wp-content\/uploads\/2025\/06\/WhatsApp-Image-2025-06-21-at-15.18.01-2.jpeg'><img width=\"300\" height=\"300\" src=\"https:\/\/franciscanos.org.br\/noticias\/wp-content\/uploads\/2025\/06\/WhatsApp-Image-2025-06-21-at-15.18.01-2-300x300.jpeg\" class=\"attachment-thumbnail size-thumbnail\" alt=\"\" loading=\"lazy\" srcset=\"https:\/\/franciscanos.org.br\/noticias\/wp-content\/uploads\/2025\/06\/WhatsApp-Image-2025-06-21-at-15.18.01-2-300x300.jpeg 300w, https:\/\/franciscanos.org.br\/noticias\/wp-content\/uploads\/2025\/06\/WhatsApp-Image-2025-06-21-at-15.18.01-2-100x100.jpeg 100w\" sizes=\"(max-width: 300px) 100vw, 300px\" \/><\/a>\n\t\t\t<\/dt><\/dl><br style=\"clear: both\" \/><dl class='gallery-item'>\n\t\t\t<dt class='gallery-icon landscape'>\n\t\t\t\t<a href='https:\/\/franciscanos.org.br\/noticias\/wp-content\/uploads\/2025\/06\/WhatsApp-Image-2025-06-21-at-15.18.39-1.jpeg'><img width=\"300\" height=\"300\" src=\"https:\/\/franciscanos.org.br\/noticias\/wp-content\/uploads\/2025\/06\/WhatsApp-Image-2025-06-21-at-15.18.39-1-300x300.jpeg\" class=\"attachment-thumbnail size-thumbnail\" alt=\"\" loading=\"lazy\" srcset=\"https:\/\/franciscanos.org.br\/noticias\/wp-content\/uploads\/2025\/06\/WhatsApp-Image-2025-06-21-at-15.18.39-1-300x300.jpeg 300w, https:\/\/franciscanos.org.br\/noticias\/wp-content\/uploads\/2025\/06\/WhatsApp-Image-2025-06-21-at-15.18.39-1-100x100.jpeg 100w\" sizes=\"(max-width: 300px) 100vw, 300px\" \/><\/a>\n\t\t\t<\/dt><\/dl><dl class='gallery-item'>\n\t\t\t<dt class='gallery-icon landscape'>\n\t\t\t\t<a href='https:\/\/franciscanos.org.br\/noticias\/wp-content\/uploads\/2025\/06\/WhatsApp-Image-2025-06-21-at-15.18.47.jpeg'><img width=\"300\" height=\"300\" src=\"https:\/\/franciscanos.org.br\/noticias\/wp-content\/uploads\/2025\/06\/WhatsApp-Image-2025-06-21-at-15.18.47-300x300.jpeg\" class=\"attachment-thumbnail size-thumbnail\" alt=\"\" loading=\"lazy\" srcset=\"https:\/\/franciscanos.org.br\/noticias\/wp-content\/uploads\/2025\/06\/WhatsApp-Image-2025-06-21-at-15.18.47-300x300.jpeg 300w, https:\/\/franciscanos.org.br\/noticias\/wp-content\/uploads\/2025\/06\/WhatsApp-Image-2025-06-21-at-15.18.47-100x100.jpeg 100w\" sizes=\"(max-width: 300px) 100vw, 300px\" \/><\/a>\n\t\t\t<\/dt><\/dl><dl class='gallery-item'>\n\t\t\t<dt class='gallery-icon portrait'>\n\t\t\t\t<a href='https:\/\/franciscanos.org.br\/noticias\/wp-content\/uploads\/2025\/06\/WhatsApp-Image-2025-06-21-at-15.18.48.jpeg'><img width=\"300\" height=\"300\" src=\"https:\/\/franciscanos.org.br\/noticias\/wp-content\/uploads\/2025\/06\/WhatsApp-Image-2025-06-21-at-15.18.48-300x300.jpeg\" class=\"attachment-thumbnail size-thumbnail\" alt=\"\" loading=\"lazy\" srcset=\"https:\/\/franciscanos.org.br\/noticias\/wp-content\/uploads\/2025\/06\/WhatsApp-Image-2025-06-21-at-15.18.48-300x300.jpeg 300w, https:\/\/franciscanos.org.br\/noticias\/wp-content\/uploads\/2025\/06\/WhatsApp-Image-2025-06-21-at-15.18.48-100x100.jpeg 100w\" sizes=\"(max-width: 300px) 100vw, 300px\" \/><\/a>\n\t\t\t<\/dt><\/dl><dl class='gallery-item'>\n\t\t\t<dt class='gallery-icon landscape'>\n\t\t\t\t<a href='https:\/\/franciscanos.org.br\/noticias\/wp-content\/uploads\/2025\/06\/WhatsApp-Image-2025-06-21-at-15.18.49.jpeg'><img width=\"300\" height=\"300\" src=\"https:\/\/franciscanos.org.br\/noticias\/wp-content\/uploads\/2025\/06\/WhatsApp-Image-2025-06-21-at-15.18.49-300x300.jpeg\" class=\"attachment-thumbnail size-thumbnail\" alt=\"\" loading=\"lazy\" srcset=\"https:\/\/franciscanos.org.br\/noticias\/wp-content\/uploads\/2025\/06\/WhatsApp-Image-2025-06-21-at-15.18.49-300x300.jpeg 300w, https:\/\/franciscanos.org.br\/noticias\/wp-content\/uploads\/2025\/06\/WhatsApp-Image-2025-06-21-at-15.18.49-100x100.jpeg 100w\" sizes=\"(max-width: 300px) 100vw, 300px\" \/><\/a>\n\t\t\t<\/dt><\/dl><br style=\"clear: both\" \/>\n\t\t<\/div>\n\n","protected":false},"excerpt":{"rendered":"<p>FIMDA e miss\u00f5es franciscanas<\/p>\n","protected":false},"author":11,"featured_media":258153,"comment_status":"open","ping_status":"open","sticky":false,"template":"","format":"standard","meta":[],"categories":[1],"tags":[109,195,2369],"acf":[],"yoast_head":"<!-- This site is optimized with the Yoast SEO plugin v19.2 - https:\/\/yoast.com\/wordpress\/plugins\/seo\/ -->\n<title>Celebra\u00e7\u00f5es de junho fortalecem a f\u00e9 e a comunh\u00e3o do povo de Malange, em Angola - Not\u00edcias - Franciscanos<\/title>\n<meta name=\"robots\" content=\"index, follow, max-snippet:-1, max-image-preview:large, max-video-preview:-1\" \/>\n<link rel=\"canonical\" href=\"https:\/\/franciscanos.org.br\/noticias\/celebracoes-de-junho-fortalecem-a-fe-e-a-comunhao-do-povo-de-malange-em-angola.html\" \/>\n<meta property=\"og:locale\" content=\"pt_BR\" \/>\n<meta property=\"og:type\" content=\"article\" \/>\n<meta property=\"og:title\" content=\"Celebra\u00e7\u00f5es de junho fortalecem a f\u00e9 e a comunh\u00e3o do povo de Malange, em Angola - Not\u00edcias - Franciscanos\" \/>\n<meta property=\"og:description\" content=\"FIMDA e miss\u00f5es franciscanas\" \/>\n<meta property=\"og:url\" content=\"https:\/\/franciscanos.org.br\/noticias\/celebracoes-de-junho-fortalecem-a-fe-e-a-comunhao-do-povo-de-malange-em-angola.html\" \/>\n<meta property=\"og:site_name\" content=\"Not\u00edcias - Franciscanos\" \/>\n<meta property=\"article:published_time\" content=\"2025-06-23T13:59:23+00:00\" \/>\n<meta property=\"og:image\" content=\"https:\/\/franciscanos.org.br\/noticias\/wp-content\/uploads\/2025\/06\/chamada-30.png\" \/>\n\t<meta property=\"og:image:width\" content=\"800\" \/>\n\t<meta property=\"og:image:height\" content=\"550\" \/>\n\t<meta property=\"og:image:type\" content=\"image\/png\" \/>\n<meta name=\"author\" content=\"Adriana Rabelo\" \/>\n<meta name=\"twitter:card\" content=\"summary_large_image\" \/>\n<meta name=\"twitter:label1\" content=\"Escrito por\" \/>\n\t<meta name=\"twitter:data1\" content=\"Adriana Rabelo\" \/>\n\t<meta name=\"twitter:label2\" content=\"Est. tempo de leitura\" \/>\n\t<meta name=\"twitter:data2\" content=\"2 minutos\" \/>\n<script type=\"application\/ld+json\" class=\"yoast-schema-graph\">{\"@context\":\"https:\/\/schema.org\",\"@graph\":[{\"@type\":\"WebSite\",\"@id\":\"https:\/\/franciscanos.org.br\/noticias\/#website\",\"url\":\"https:\/\/franciscanos.org.br\/noticias\/\",\"name\":\"Not\u00edcias - Franciscanos\",\"description\":\"Prov\u00edncia Franciscana da Imaculada Concei\u00e7\u00e3o do Brasil - Ordem dos Frades Menores - OFM\",\"potentialAction\":[{\"@type\":\"SearchAction\",\"target\":{\"@type\":\"EntryPoint\",\"urlTemplate\":\"https:\/\/franciscanos.org.br\/noticias\/?s={search_term_string}\"},\"query-input\":\"required name=search_term_string\"}],\"inLanguage\":\"pt-BR\"},{\"@type\":\"ImageObject\",\"inLanguage\":\"pt-BR\",\"@id\":\"https:\/\/franciscanos.org.br\/noticias\/celebracoes-de-junho-fortalecem-a-fe-e-a-comunhao-do-povo-de-malange-em-angola.html#primaryimage\",\"url\":\"https:\/\/franciscanos.org.br\/noticias\/wp-content\/uploads\/2025\/06\/chamada-30.png\",\"contentUrl\":\"https:\/\/franciscanos.org.br\/noticias\/wp-content\/uploads\/2025\/06\/chamada-30.png\",\"width\":800,\"height\":550},{\"@type\":\"WebPage\",\"@id\":\"https:\/\/franciscanos.org.br\/noticias\/celebracoes-de-junho-fortalecem-a-fe-e-a-comunhao-do-povo-de-malange-em-angola.html#webpage\",\"url\":\"https:\/\/franciscanos.org.br\/noticias\/celebracoes-de-junho-fortalecem-a-fe-e-a-comunhao-do-povo-de-malange-em-angola.html\",\"name\":\"Celebra\u00e7\u00f5es de junho fortalecem a f\u00e9 e a comunh\u00e3o do povo de Malange, em Angola - Not\u00edcias - Franciscanos\",\"isPartOf\":{\"@id\":\"https:\/\/franciscanos.org.br\/noticias\/#website\"},\"primaryImageOfPage\":{\"@id\":\"https:\/\/franciscanos.org.br\/noticias\/celebracoes-de-junho-fortalecem-a-fe-e-a-comunhao-do-povo-de-malange-em-angola.html#primaryimage\"},\"datePublished\":\"2025-06-23T13:59:23+00:00\",\"dateModified\":\"2025-06-23T13:59:23+00:00\",\"author\":{\"@id\":\"https:\/\/franciscanos.org.br\/noticias\/#\/schema\/person\/d9422e83121c3ad3b0f423d195f5bb25\"},\"breadcrumb\":{\"@id\":\"https:\/\/franciscanos.org.br\/noticias\/celebracoes-de-junho-fortalecem-a-fe-e-a-comunhao-do-povo-de-malange-em-angola.html#breadcrumb\"},\"inLanguage\":\"pt-BR\",\"potentialAction\":[{\"@type\":\"ReadAction\",\"target\":[\"https:\/\/franciscanos.org.br\/noticias\/celebracoes-de-junho-fortalecem-a-fe-e-a-comunhao-do-povo-de-malange-em-angola.html\"]}]},{\"@type\":\"BreadcrumbList\",\"@id\":\"https:\/\/franciscanos.org.br\/noticias\/celebracoes-de-junho-fortalecem-a-fe-e-a-comunhao-do-povo-de-malange-em-angola.html#breadcrumb\",\"itemListElement\":[{\"@type\":\"ListItem\",\"position\":1,\"name\":\"Home\",\"item\":\"https:\/\/franciscanos.org.br\/noticias\"},{\"@type\":\"ListItem\",\"position\":2,\"name\":\"Celebra\u00e7\u00f5es de junho fortalecem a f\u00e9 e a comunh\u00e3o do povo de Malange, em Angola\"}]},{\"@type\":\"Person\",\"@id\":\"https:\/\/franciscanos.org.br\/noticias\/#\/schema\/person\/d9422e83121c3ad3b0f423d195f5bb25\",\"name\":\"Adriana Rabelo\",\"image\":{\"@type\":\"ImageObject\",\"inLanguage\":\"pt-BR\",\"@id\":\"https:\/\/franciscanos.org.br\/noticias\/#\/schema\/person\/image\/\",\"url\":\"https:\/\/secure.gravatar.com\/avatar\/0a937b7500cd7df77540cfb8bede877d?s=96&d=mm&r=g\",\"contentUrl\":\"https:\/\/secure.gravatar.com\/avatar\/0a937b7500cd7df77540cfb8bede877d?s=96&d=mm&r=g\",\"caption\":\"Adriana Rabelo\"},\"url\":\"https:\/\/franciscanos.org.br\/noticias\/author\/adrianarabelo\"}]}<\/script>\n<!-- \/ Yoast SEO plugin. -->","yoast_head_json":{"title":"Celebra\u00e7\u00f5es de junho fortalecem a f\u00e9 e a comunh\u00e3o do povo de Malange, em Angola - Not\u00edcias - Franciscanos","robots":{"index":"index","follow":"follow","max-snippet":"max-snippet:-1","max-image-preview":"max-image-preview:large","max-video-preview":"max-video-preview:-1"},"canonical":"https:\/\/franciscanos.org.br\/noticias\/celebracoes-de-junho-fortalecem-a-fe-e-a-comunhao-do-povo-de-malange-em-angola.html","og_locale":"pt_BR","og_type":"article","og_title":"Celebra\u00e7\u00f5es de junho fortalecem a f\u00e9 e a comunh\u00e3o do povo de Malange, em Angola - Not\u00edcias - Franciscanos","og_description":"FIMDA e miss\u00f5es franciscanas","og_url":"https:\/\/franciscanos.org.br\/noticias\/celebracoes-de-junho-fortalecem-a-fe-e-a-comunhao-do-povo-de-malange-em-angola.html","og_site_name":"Not\u00edcias - Franciscanos","article_published_time":"2025-06-23T13:59:23+00:00","og_image":[{"width":800,"height":550,"url":"https:\/\/franciscanos.org.br\/noticias\/wp-content\/uploads\/2025\/06\/chamada-30.png","type":"image\/png"}],"author":"Adriana Rabelo","twitter_card":"summary_large_image","twitter_misc":{"Escrito por":"Adriana Rabelo","Est. tempo de leitura":"2 minutos"},"schema":{"@context":"https:\/\/schema.org","@graph":[{"@type":"WebSite","@id":"https:\/\/franciscanos.org.br\/noticias\/#website","url":"https:\/\/franciscanos.org.br\/noticias\/","name":"Not\u00edcias - Franciscanos","description":"Prov\u00edncia Franciscana da Imaculada Concei\u00e7\u00e3o do Brasil - Ordem dos Frades Menores - OFM","potentialAction":[{"@type":"SearchAction","target":{"@type":"EntryPoint","urlTemplate":"https:\/\/franciscanos.org.br\/noticias\/?s={search_term_string}"},"query-input":"required name=search_term_string"}],"inLanguage":"pt-BR"},{"@type":"ImageObject","inLanguage":"pt-BR","@id":"https:\/\/franciscanos.org.br\/noticias\/celebracoes-de-junho-fortalecem-a-fe-e-a-comunhao-do-povo-de-malange-em-angola.html#primaryimage","url":"https:\/\/franciscanos.org.br\/noticias\/wp-content\/uploads\/2025\/06\/chamada-30.png","contentUrl":"https:\/\/franciscanos.org.br\/noticias\/wp-content\/uploads\/2025\/06\/chamada-30.png","width":800,"height":550},{"@type":"WebPage","@id":"https:\/\/franciscanos.org.br\/noticias\/celebracoes-de-junho-fortalecem-a-fe-e-a-comunhao-do-povo-de-malange-em-angola.html#webpage","url":"https:\/\/franciscanos.org.br\/noticias\/celebracoes-de-junho-fortalecem-a-fe-e-a-comunhao-do-povo-de-malange-em-angola.html","name":"Celebra\u00e7\u00f5es de junho fortalecem a f\u00e9 e a comunh\u00e3o do povo de Malange, em Angola - Not\u00edcias - Franciscanos","isPartOf":{"@id":"https:\/\/franciscanos.org.br\/noticias\/#website"},"primaryImageOfPage":{"@id":"https:\/\/franciscanos.org.br\/noticias\/celebracoes-de-junho-fortalecem-a-fe-e-a-comunhao-do-povo-de-malange-em-angola.html#primaryimage"},"datePublished":"2025-06-23T13:59:23+00:00","dateModified":"2025-06-23T13:59:23+00:00","author":{"@id":"https:\/\/franciscanos.org.br\/noticias\/#\/schema\/person\/d9422e83121c3ad3b0f423d195f5bb25"},"breadcrumb":{"@id":"https:\/\/franciscanos.org.br\/noticias\/celebracoes-de-junho-fortalecem-a-fe-e-a-comunhao-do-povo-de-malange-em-angola.html#breadcrumb"},"inLanguage":"pt-BR","potentialAction":[{"@type":"ReadAction","target":["https:\/\/franciscanos.org.br\/noticias\/celebracoes-de-junho-fortalecem-a-fe-e-a-comunhao-do-povo-de-malange-em-angola.html"]}]},{"@type":"BreadcrumbList","@id":"https:\/\/franciscanos.org.br\/noticias\/celebracoes-de-junho-fortalecem-a-fe-e-a-comunhao-do-povo-de-malange-em-angola.html#breadcrumb","itemListElement":[{"@type":"ListItem","position":1,"name":"Home","item":"https:\/\/franciscanos.org.br\/noticias"},{"@type":"ListItem","position":2,"name":"Celebra\u00e7\u00f5es de junho fortalecem a f\u00e9 e a comunh\u00e3o do povo de Malange, em Angola"}]},{"@type":"Person","@id":"https:\/\/franciscanos.org.br\/noticias\/#\/schema\/person\/d9422e83121c3ad3b0f423d195f5bb25","name":"Adriana Rabelo","image":{"@type":"ImageObject","inLanguage":"pt-BR","@id":"https:\/\/franciscanos.org.br\/noticias\/#\/schema\/person\/image\/","url":"https:\/\/secure.gravatar.com\/avatar\/0a937b7500cd7df77540cfb8bede877d?s=96&d=mm&r=g","contentUrl":"https:\/\/secure.gravatar.com\/avatar\/0a937b7500cd7df77540cfb8bede877d?s=96&d=mm&r=g","caption":"Adriana Rabelo"},"url":"https:\/\/franciscanos.org.br\/noticias\/author\/adrianarabelo"}]}},"_links":{"self":[{"href":"https:\/\/franciscanos.org.br\/noticias\/wp-json\/wp\/v2\/posts\/258152"}],"collection":[{"href":"https:\/\/franciscanos.org.br\/noticias\/wp-json\/wp\/v2\/posts"}],"about":[{"href":"https:\/\/franciscanos.org.br\/noticias\/wp-json\/wp\/v2\/types\/post"}],"author":[{"embeddable":true,"href":"https:\/\/franciscanos.org.br\/noticias\/wp-json\/wp\/v2\/users\/11"}],"replies":[{"embeddable":true,"href":"https:\/\/franciscanos.org.br\/noticias\/wp-json\/wp\/v2\/comments?post=258152"}],"version-history":[{"count":6,"href":"https:\/\/franciscanos.org.br\/noticias\/wp-json\/wp\/v2\/posts\/258152\/revisions"}],"predecessor-version":[{"id":258196,"href":"https:\/\/franciscanos.org.br\/noticias\/wp-json\/wp\/v2\/posts\/258152\/revisions\/258196"}],"wp:featuredmedia":[{"embeddable":true,"href":"https:\/\/franciscanos.org.br\/noticias\/wp-json\/wp\/v2\/media\/258153"}],"wp:attachment":[{"href":"https:\/\/franciscanos.org.br\/noticias\/wp-json\/wp\/v2\/media?parent=258152"}],"wp:term":[{"taxonomy":"category","embeddable":true,"href":"https:\/\/franciscanos.org.br\/noticias\/wp-json\/wp\/v2\/categories?post=258152"},{"taxonomy":"post_tag","embeddable":true,"href":"https:\/\/franciscanos.org.br\/noticias\/wp-json\/wp\/v2\/tags?post=258152"}],"curies":[{"name":"wp","href":"https:\/\/api.w.org\/{rel}","templated":true}]}}