{"id":258110,"date":"2025-06-18T07:28:00","date_gmt":"2025-06-18T10:28:00","guid":{"rendered":"https:\/\/franciscanos.org.br\/noticias\/?p=258110"},"modified":"2025-09-12T08:17:26","modified_gmt":"2025-09-12T11:17:26","slug":"leao-xiv-sair-da-paralisia-e-com-jesus-assumir-a-historia-da-propria-vida","status":"publish","type":"post","link":"https:\/\/franciscanos.org.br\/noticias\/leao-xiv-sair-da-paralisia-e-com-jesus-assumir-a-historia-da-propria-vida.html","title":{"rendered":"Le\u00e3o XIV: sair da paralisia e, com Jesus, assumir a hist\u00f3ria da pr\u00f3pria vida"},"content":{"rendered":"<p><em><img loading=\"lazy\" class=\"aligncenter wp-image-258111 size-full\" src=\"https:\/\/franciscanos.org.br\/noticias\/wp-content\/uploads\/2025\/06\/materia-18.06-1.png\" alt=\"\" width=\"1280\" height=\"720\" srcset=\"https:\/\/franciscanos.org.br\/noticias\/wp-content\/uploads\/2025\/06\/materia-18.06-1.png 1280w, https:\/\/franciscanos.org.br\/noticias\/wp-content\/uploads\/2025\/06\/materia-18.06-1-450x253.png 450w, https:\/\/franciscanos.org.br\/noticias\/wp-content\/uploads\/2025\/06\/materia-18.06-1-1024x576.png 1024w, https:\/\/franciscanos.org.br\/noticias\/wp-content\/uploads\/2025\/06\/materia-18.06-1-768x432.png 768w, https:\/\/franciscanos.org.br\/noticias\/wp-content\/uploads\/2025\/06\/materia-18.06-1-150x84.png 150w\" sizes=\"(max-width: 1280px) 100vw, 1280px\" \/><\/em><\/p>\n<p><em>Na Audi\u00eancia Geral desta quarta-feira (18\/06), Pont\u00edfice voltou a falar sobre as curas realizadas por Jesus, desta vez, de um paral\u00edtico de 38 anos que, resignado, dizia nunca ter tido ningu\u00e9m para o ajudar a mergulhar na piscina do Templo, que tinha a cren\u00e7a de curar os doentes. Por vezes, \u00e9 &#8220;um pretexto para n\u00e3o decidir o que fazer com as nossas vidas&#8221;, alertou o Papa. Jesus, ao contr\u00e1rio, ensina a lutar e a tomar nas m\u00e3os as r\u00e9deas da pr\u00f3pria vida com a gra\u00e7a de Cristo, o \u00fanico necess\u00e1rio.<\/em><\/p>\n<hr \/>\n<p>Na Pra\u00e7a S\u00e3o Pedro para mais uma Audi\u00eancia Geral, o Papa Le\u00e3o XIV voltou a falar sobre as curas realizadas por Jesus. Na semana passada, a reflex\u00e3o foi sobre a figura de Bartimeu, o mendigo cego encontrado em Jeric\u00f3; nesta quarta-feira (18\/06), o Pont\u00edfice se concentrou na cura de um paral\u00edtico na piscina do Templo, em Jerusal\u00e9m,\u00a0narrada no quinto cap\u00edtulo do Evangelho de Jo\u00e3o (5,1-9).<\/p>\n<p><strong>A imagem da paralisia<\/strong><\/p>\n<p>A paralisia \u00e9 usada nos Evangelhos para indicar, entre outras coisas, aquelas situa\u00e7\u00f5es para as quais n\u00e3o vislumbramos uma sa\u00edda, sentindo-nos, muitas vezes, resignados e sem esperan\u00e7a. S\u00e3o situa\u00e7\u00f5es, explicou Le\u00e3o XIV, &#8220;em que nos sentimos &#8216;bloqueados&#8217; e fechados num beco sem sa\u00edda&#8221;, inclusive sem vontade de lutar.<\/p>\n<p>Em Jerusal\u00e9m, durante uma festa dos hebreus, Jesus esteve junto aos doentes, &#8220;exclu\u00eddos do Templo por serem considerados impuros&#8221;, que esperavam por um milagre junto &#8220;a\u00a0uma piscina, cujas \u00e1guas eram consideradas taumat\u00fargicas, isto \u00e9, capazes de curar: em certos momentos a \u00e1gua agitava-se e, segundo a cren\u00e7a da \u00e9poca, quem mergulhasse primeiro era curado&#8221;.<\/p>\n<p><i>&#8220;Criou-se, assim, uma esp\u00e9cie de &#8216;guerra entre os pobres&#8217;: podemos imaginar a triste cena destes doentes que se arrastavam laboriosamente para entrar na piscina. Ela chamava-se\u00a0Betesda, que significa \u201ccasa da miseric\u00f3rdia\u201d: poderia ser uma imagem da Igreja, onde os doentes e os pobres se re\u00fanem e onde o Senhor vem curar e dar esperan\u00e7a.&#8221;<\/i><\/p>\n<p><strong>Decidir pela pr\u00f3pria hist\u00f3ria, gra\u00e7as a Jesus!<\/strong><\/p>\n<p>Entre os doentes estava um homem paral\u00edtico de 38 anos que, resignado, dizia nunca ter ningu\u00e9m para o ajudar a mergulhar quando a \u00e1gua era agitada, mostrando\u00a0como \u00e9 mais f\u00e1cil colocar a culpa dos nossos problemas nos outros do que assumir as pr\u00f3prias responsabilidades. Mas n\u00e3o parava a\u00ed: o paral\u00edtico acrescentou ent\u00e3o que, quando tentava mergulhar na piscina, havia sempre algu\u00e9m que chegava antes dele. De fato, disse o Papa, &#8220;o que nos paralisa, muitas vezes, \u00e9 precisamente a desilus\u00e3o&#8221;, alimentando\u00a0uma vis\u00e3o fatalista, de que &#8220;n\u00e3o temos sorte&#8221; e o mundo parece conspirar contra n\u00f3s:<\/p>\n<p><i>&#8220;Por vezes preferimos permanecer na condi\u00e7\u00e3o de doentes, obrigando os outros a cuidar de n\u00f3s. Por vezes, \u00e9 tamb\u00e9m um pretexto para n\u00e3o decidir o que fazer com as nossas vidas.&#8221;<\/i><\/p>\n<p>Jesus, ao contr\u00e1rio, indo ao encontro daquele homem, mas tamb\u00e9m de todos os que passam por dificuldades, ensina a n\u00e3o nos deixarmos ser vencidos pelo imobilismo e pelo desespero, a tomar nas m\u00e3os as r\u00e9deas da pr\u00f3pria vida e a seguir adiante, com a certeza de que Cristo \u00e9 o \u00fanico necess\u00e1rio. O convite ao paral\u00edtico \u00e9 para saber decidir sobre a sua hist\u00f3ria, se levantar e se recuperar da situa\u00e7\u00e3o cr\u00f4nica de vida que at\u00e9 aquele momento o havia bloqueado, obrigando-o &#8220;a jazer como um morto&#8221;:<\/p>\n<p style=\"text-align: left;\">\u201cTrata-se de caminhar, de assumir a responsabilidade de escolher o caminho a seguir. E isto gra\u00e7as a Jesus! Queridos irm\u00e3os e irm\u00e3s, pe\u00e7amos ao Senhor o dom de compreender onde a nossa vida parou. Procuremos dar voz ao nosso desejo de cura. E rezemos por todos aqueles que se sentem paralisados, que n\u00e3o veem sa\u00edda. Pe\u00e7amos para voltar a viver no Cora\u00e7\u00e3o de Cristo, que \u00e9 a verdadeira morada da miseric\u00f3rdia!\u201d<\/p>\n<hr \/>\n<p><em>Andressa Collet &#8211; Vatican News<\/em><\/p>\n","protected":false},"excerpt":{"rendered":"<p>Audi\u00eancia Geral<\/p>\n","protected":false},"author":11,"featured_media":258112,"comment_status":"open","ping_status":"open","sticky":false,"template":"","format":"standard","meta":[],"categories":[1,2410,2345],"tags":[487,2343],"acf":[],"yoast_head":"<!-- This site is optimized with the Yoast SEO plugin v19.2 - https:\/\/yoast.com\/wordpress\/plugins\/seo\/ -->\n<title>Le\u00e3o XIV: sair da paralisia e, com Jesus, assumir a hist\u00f3ria da pr\u00f3pria vida - Not\u00edcias - Franciscanos<\/title>\n<meta name=\"robots\" content=\"index, follow, max-snippet:-1, max-image-preview:large, max-video-preview:-1\" \/>\n<link rel=\"canonical\" href=\"https:\/\/franciscanos.org.br\/noticias\/leao-xiv-sair-da-paralisia-e-com-jesus-assumir-a-historia-da-propria-vida.html\" \/>\n<meta property=\"og:locale\" content=\"pt_BR\" \/>\n<meta property=\"og:type\" content=\"article\" \/>\n<meta property=\"og:title\" content=\"Le\u00e3o XIV: sair da paralisia e, com Jesus, assumir a hist\u00f3ria da pr\u00f3pria vida - Not\u00edcias - Franciscanos\" \/>\n<meta property=\"og:description\" content=\"Audi\u00eancia Geral\" \/>\n<meta property=\"og:url\" content=\"https:\/\/franciscanos.org.br\/noticias\/leao-xiv-sair-da-paralisia-e-com-jesus-assumir-a-historia-da-propria-vida.html\" \/>\n<meta property=\"og:site_name\" content=\"Not\u00edcias - Franciscanos\" \/>\n<meta property=\"article:published_time\" content=\"2025-06-18T10:28:00+00:00\" \/>\n<meta property=\"article:modified_time\" content=\"2025-09-12T11:17:26+00:00\" \/>\n<meta property=\"og:image\" content=\"https:\/\/franciscanos.org.br\/noticias\/wp-content\/uploads\/2025\/06\/chamada-18.06.png\" \/>\n\t<meta property=\"og:image:width\" content=\"800\" \/>\n\t<meta property=\"og:image:height\" content=\"550\" \/>\n\t<meta property=\"og:image:type\" content=\"image\/png\" \/>\n<meta name=\"author\" content=\"Adriana Rabelo\" \/>\n<meta name=\"twitter:card\" content=\"summary_large_image\" \/>\n<meta name=\"twitter:label1\" content=\"Escrito por\" \/>\n\t<meta name=\"twitter:data1\" content=\"Adriana Rabelo\" \/>\n\t<meta name=\"twitter:label2\" content=\"Est. tempo de leitura\" \/>\n\t<meta name=\"twitter:data2\" content=\"3 minutos\" \/>\n<script type=\"application\/ld+json\" class=\"yoast-schema-graph\">{\"@context\":\"https:\/\/schema.org\",\"@graph\":[{\"@type\":\"WebSite\",\"@id\":\"https:\/\/franciscanos.org.br\/noticias\/#website\",\"url\":\"https:\/\/franciscanos.org.br\/noticias\/\",\"name\":\"Not\u00edcias - Franciscanos\",\"description\":\"Prov\u00edncia Franciscana da Imaculada Concei\u00e7\u00e3o do Brasil - Ordem dos Frades Menores - OFM\",\"potentialAction\":[{\"@type\":\"SearchAction\",\"target\":{\"@type\":\"EntryPoint\",\"urlTemplate\":\"https:\/\/franciscanos.org.br\/noticias\/?s={search_term_string}\"},\"query-input\":\"required name=search_term_string\"}],\"inLanguage\":\"pt-BR\"},{\"@type\":\"ImageObject\",\"inLanguage\":\"pt-BR\",\"@id\":\"https:\/\/franciscanos.org.br\/noticias\/leao-xiv-sair-da-paralisia-e-com-jesus-assumir-a-historia-da-propria-vida.html#primaryimage\",\"url\":\"https:\/\/franciscanos.org.br\/noticias\/wp-content\/uploads\/2025\/06\/chamada-18.06.png\",\"contentUrl\":\"https:\/\/franciscanos.org.br\/noticias\/wp-content\/uploads\/2025\/06\/chamada-18.06.png\",\"width\":800,\"height\":550},{\"@type\":\"WebPage\",\"@id\":\"https:\/\/franciscanos.org.br\/noticias\/leao-xiv-sair-da-paralisia-e-com-jesus-assumir-a-historia-da-propria-vida.html#webpage\",\"url\":\"https:\/\/franciscanos.org.br\/noticias\/leao-xiv-sair-da-paralisia-e-com-jesus-assumir-a-historia-da-propria-vida.html\",\"name\":\"Le\u00e3o XIV: sair da paralisia e, com Jesus, assumir a hist\u00f3ria da pr\u00f3pria vida - Not\u00edcias - Franciscanos\",\"isPartOf\":{\"@id\":\"https:\/\/franciscanos.org.br\/noticias\/#website\"},\"primaryImageOfPage\":{\"@id\":\"https:\/\/franciscanos.org.br\/noticias\/leao-xiv-sair-da-paralisia-e-com-jesus-assumir-a-historia-da-propria-vida.html#primaryimage\"},\"datePublished\":\"2025-06-18T10:28:00+00:00\",\"dateModified\":\"2025-09-12T11:17:26+00:00\",\"author\":{\"@id\":\"https:\/\/franciscanos.org.br\/noticias\/#\/schema\/person\/d9422e83121c3ad3b0f423d195f5bb25\"},\"breadcrumb\":{\"@id\":\"https:\/\/franciscanos.org.br\/noticias\/leao-xiv-sair-da-paralisia-e-com-jesus-assumir-a-historia-da-propria-vida.html#breadcrumb\"},\"inLanguage\":\"pt-BR\",\"potentialAction\":[{\"@type\":\"ReadAction\",\"target\":[\"https:\/\/franciscanos.org.br\/noticias\/leao-xiv-sair-da-paralisia-e-com-jesus-assumir-a-historia-da-propria-vida.html\"]}]},{\"@type\":\"BreadcrumbList\",\"@id\":\"https:\/\/franciscanos.org.br\/noticias\/leao-xiv-sair-da-paralisia-e-com-jesus-assumir-a-historia-da-propria-vida.html#breadcrumb\",\"itemListElement\":[{\"@type\":\"ListItem\",\"position\":1,\"name\":\"Home\",\"item\":\"https:\/\/franciscanos.org.br\/noticias\"},{\"@type\":\"ListItem\",\"position\":2,\"name\":\"Le\u00e3o XIV: sair da paralisia e, com Jesus, assumir a hist\u00f3ria da pr\u00f3pria vida\"}]},{\"@type\":\"Person\",\"@id\":\"https:\/\/franciscanos.org.br\/noticias\/#\/schema\/person\/d9422e83121c3ad3b0f423d195f5bb25\",\"name\":\"Adriana Rabelo\",\"image\":{\"@type\":\"ImageObject\",\"inLanguage\":\"pt-BR\",\"@id\":\"https:\/\/franciscanos.org.br\/noticias\/#\/schema\/person\/image\/\",\"url\":\"https:\/\/secure.gravatar.com\/avatar\/0a937b7500cd7df77540cfb8bede877d?s=96&d=mm&r=g\",\"contentUrl\":\"https:\/\/secure.gravatar.com\/avatar\/0a937b7500cd7df77540cfb8bede877d?s=96&d=mm&r=g\",\"caption\":\"Adriana Rabelo\"},\"url\":\"https:\/\/franciscanos.org.br\/noticias\/author\/adrianarabelo\"}]}<\/script>\n<!-- \/ Yoast SEO plugin. -->","yoast_head_json":{"title":"Le\u00e3o XIV: sair da paralisia e, com Jesus, assumir a hist\u00f3ria da pr\u00f3pria vida - Not\u00edcias - Franciscanos","robots":{"index":"index","follow":"follow","max-snippet":"max-snippet:-1","max-image-preview":"max-image-preview:large","max-video-preview":"max-video-preview:-1"},"canonical":"https:\/\/franciscanos.org.br\/noticias\/leao-xiv-sair-da-paralisia-e-com-jesus-assumir-a-historia-da-propria-vida.html","og_locale":"pt_BR","og_type":"article","og_title":"Le\u00e3o XIV: sair da paralisia e, com Jesus, assumir a hist\u00f3ria da pr\u00f3pria vida - Not\u00edcias - Franciscanos","og_description":"Audi\u00eancia Geral","og_url":"https:\/\/franciscanos.org.br\/noticias\/leao-xiv-sair-da-paralisia-e-com-jesus-assumir-a-historia-da-propria-vida.html","og_site_name":"Not\u00edcias - Franciscanos","article_published_time":"2025-06-18T10:28:00+00:00","article_modified_time":"2025-09-12T11:17:26+00:00","og_image":[{"width":800,"height":550,"url":"https:\/\/franciscanos.org.br\/noticias\/wp-content\/uploads\/2025\/06\/chamada-18.06.png","type":"image\/png"}],"author":"Adriana Rabelo","twitter_card":"summary_large_image","twitter_misc":{"Escrito por":"Adriana Rabelo","Est. tempo de leitura":"3 minutos"},"schema":{"@context":"https:\/\/schema.org","@graph":[{"@type":"WebSite","@id":"https:\/\/franciscanos.org.br\/noticias\/#website","url":"https:\/\/franciscanos.org.br\/noticias\/","name":"Not\u00edcias - Franciscanos","description":"Prov\u00edncia Franciscana da Imaculada Concei\u00e7\u00e3o do Brasil - Ordem dos Frades Menores - OFM","potentialAction":[{"@type":"SearchAction","target":{"@type":"EntryPoint","urlTemplate":"https:\/\/franciscanos.org.br\/noticias\/?s={search_term_string}"},"query-input":"required name=search_term_string"}],"inLanguage":"pt-BR"},{"@type":"ImageObject","inLanguage":"pt-BR","@id":"https:\/\/franciscanos.org.br\/noticias\/leao-xiv-sair-da-paralisia-e-com-jesus-assumir-a-historia-da-propria-vida.html#primaryimage","url":"https:\/\/franciscanos.org.br\/noticias\/wp-content\/uploads\/2025\/06\/chamada-18.06.png","contentUrl":"https:\/\/franciscanos.org.br\/noticias\/wp-content\/uploads\/2025\/06\/chamada-18.06.png","width":800,"height":550},{"@type":"WebPage","@id":"https:\/\/franciscanos.org.br\/noticias\/leao-xiv-sair-da-paralisia-e-com-jesus-assumir-a-historia-da-propria-vida.html#webpage","url":"https:\/\/franciscanos.org.br\/noticias\/leao-xiv-sair-da-paralisia-e-com-jesus-assumir-a-historia-da-propria-vida.html","name":"Le\u00e3o XIV: sair da paralisia e, com Jesus, assumir a hist\u00f3ria da pr\u00f3pria vida - Not\u00edcias - Franciscanos","isPartOf":{"@id":"https:\/\/franciscanos.org.br\/noticias\/#website"},"primaryImageOfPage":{"@id":"https:\/\/franciscanos.org.br\/noticias\/leao-xiv-sair-da-paralisia-e-com-jesus-assumir-a-historia-da-propria-vida.html#primaryimage"},"datePublished":"2025-06-18T10:28:00+00:00","dateModified":"2025-09-12T11:17:26+00:00","author":{"@id":"https:\/\/franciscanos.org.br\/noticias\/#\/schema\/person\/d9422e83121c3ad3b0f423d195f5bb25"},"breadcrumb":{"@id":"https:\/\/franciscanos.org.br\/noticias\/leao-xiv-sair-da-paralisia-e-com-jesus-assumir-a-historia-da-propria-vida.html#breadcrumb"},"inLanguage":"pt-BR","potentialAction":[{"@type":"ReadAction","target":["https:\/\/franciscanos.org.br\/noticias\/leao-xiv-sair-da-paralisia-e-com-jesus-assumir-a-historia-da-propria-vida.html"]}]},{"@type":"BreadcrumbList","@id":"https:\/\/franciscanos.org.br\/noticias\/leao-xiv-sair-da-paralisia-e-com-jesus-assumir-a-historia-da-propria-vida.html#breadcrumb","itemListElement":[{"@type":"ListItem","position":1,"name":"Home","item":"https:\/\/franciscanos.org.br\/noticias"},{"@type":"ListItem","position":2,"name":"Le\u00e3o XIV: sair da paralisia e, com Jesus, assumir a hist\u00f3ria da pr\u00f3pria vida"}]},{"@type":"Person","@id":"https:\/\/franciscanos.org.br\/noticias\/#\/schema\/person\/d9422e83121c3ad3b0f423d195f5bb25","name":"Adriana Rabelo","image":{"@type":"ImageObject","inLanguage":"pt-BR","@id":"https:\/\/franciscanos.org.br\/noticias\/#\/schema\/person\/image\/","url":"https:\/\/secure.gravatar.com\/avatar\/0a937b7500cd7df77540cfb8bede877d?s=96&d=mm&r=g","contentUrl":"https:\/\/secure.gravatar.com\/avatar\/0a937b7500cd7df77540cfb8bede877d?s=96&d=mm&r=g","caption":"Adriana Rabelo"},"url":"https:\/\/franciscanos.org.br\/noticias\/author\/adrianarabelo"}]}},"_links":{"self":[{"href":"https:\/\/franciscanos.org.br\/noticias\/wp-json\/wp\/v2\/posts\/258110"}],"collection":[{"href":"https:\/\/franciscanos.org.br\/noticias\/wp-json\/wp\/v2\/posts"}],"about":[{"href":"https:\/\/franciscanos.org.br\/noticias\/wp-json\/wp\/v2\/types\/post"}],"author":[{"embeddable":true,"href":"https:\/\/franciscanos.org.br\/noticias\/wp-json\/wp\/v2\/users\/11"}],"replies":[{"embeddable":true,"href":"https:\/\/franciscanos.org.br\/noticias\/wp-json\/wp\/v2\/comments?post=258110"}],"version-history":[{"count":2,"href":"https:\/\/franciscanos.org.br\/noticias\/wp-json\/wp\/v2\/posts\/258110\/revisions"}],"predecessor-version":[{"id":258114,"href":"https:\/\/franciscanos.org.br\/noticias\/wp-json\/wp\/v2\/posts\/258110\/revisions\/258114"}],"wp:featuredmedia":[{"embeddable":true,"href":"https:\/\/franciscanos.org.br\/noticias\/wp-json\/wp\/v2\/media\/258112"}],"wp:attachment":[{"href":"https:\/\/franciscanos.org.br\/noticias\/wp-json\/wp\/v2\/media?parent=258110"}],"wp:term":[{"taxonomy":"category","embeddable":true,"href":"https:\/\/franciscanos.org.br\/noticias\/wp-json\/wp\/v2\/categories?post=258110"},{"taxonomy":"post_tag","embeddable":true,"href":"https:\/\/franciscanos.org.br\/noticias\/wp-json\/wp\/v2\/tags?post=258110"}],"curies":[{"name":"wp","href":"https:\/\/api.w.org\/{rel}","templated":true}]}}