{"id":258086,"date":"2025-06-17T15:03:26","date_gmt":"2025-06-17T18:03:26","guid":{"rendered":"https:\/\/franciscanos.org.br\/noticias\/?p=258086"},"modified":"2025-06-23T07:55:41","modified_gmt":"2025-06-23T10:55:41","slug":"convite-celebracao-do-jubileu-dos-350-anos-da-provincia-da-imaculada-conceicao-do-brasil","status":"publish","type":"post","link":"https:\/\/franciscanos.org.br\/noticias\/convite-celebracao-do-jubileu-dos-350-anos-da-provincia-da-imaculada-conceicao-do-brasil.html","title":{"rendered":"Convite: Celebra\u00e7\u00e3o do Jubileu dos 350 anos da Prov\u00edncia da Imaculada Concei\u00e7\u00e3o do Brasil"},"content":{"rendered":"<p><img loading=\"lazy\" class=\"aligncenter wp-image-258087 size-full\" src=\"https:\/\/franciscanos.org.br\/noticias\/wp-content\/uploads\/2025\/06\/conviite-1280.png\" alt=\"\" width=\"1280\" height=\"720\" srcset=\"https:\/\/franciscanos.org.br\/noticias\/wp-content\/uploads\/2025\/06\/conviite-1280.png 1280w, https:\/\/franciscanos.org.br\/noticias\/wp-content\/uploads\/2025\/06\/conviite-1280-450x253.png 450w, https:\/\/franciscanos.org.br\/noticias\/wp-content\/uploads\/2025\/06\/conviite-1280-1024x576.png 1024w, https:\/\/franciscanos.org.br\/noticias\/wp-content\/uploads\/2025\/06\/conviite-1280-768x432.png 768w, https:\/\/franciscanos.org.br\/noticias\/wp-content\/uploads\/2025\/06\/conviite-1280-150x84.png 150w\" sizes=\"(max-width: 1280px) 100vw, 1280px\" \/><\/p>\n<p>&nbsp;<\/p>\n<p>Neste ano, a <strong>Prov\u00edncia Franciscana da Imaculada Concei\u00e7\u00e3o do Brasil<\/strong> abriu as celebra\u00e7\u00f5es do <strong>Jubileu dos 350 anos de sua cria\u00e7\u00e3o<\/strong>, por decis\u00e3o do Papa Clemente X.<\/p>\n<p>Desde quando chegaram ao Brasil com o objetivo de evangelizar, os frades da Ordem dos Frades Menores, vindos de Portugal, trouxeram em sua bagagem espiritual o carisma e a espiritualidade de S\u00e3o Francisco de Assis, no seguimento de Jesus Cristo.<\/p>\n<p>Em terras brasileiras, iniciaram o processo de incultura\u00e7\u00e3o da f\u00e9 e da espiritualidade franciscana \u00e0 realidade nascente do contato entre os povos origin\u00e1rios e os europeus que chegavam. Assim, a ess\u00eancia universal do Santo Ser\u00e1fico tamb\u00e9m foi percebida pelos franciscanos no jeito de ser e agir do povo brasileiro. Aqui, eles se moldaram aos costumes, cren\u00e7as e foram pilares no fortalecimento da f\u00e9 crist\u00e3 entre os povos presentes neste territ\u00f3rio.<\/p>\n<p>A hist\u00f3ria passou, e o mesmo entusiasmo por partilhar a f\u00e9, a paz e o bem continua presente nos frades da Prov\u00edncia Franciscana da Imaculada Concei\u00e7\u00e3o do Brasil, criada a partir da Prov\u00edncia Franciscana de Santo Ant\u00f4nio do Brasil, a primaz do territ\u00f3rio brasileiro.<\/p>\n<p>Por isso, estamos convidando a todos para a Missa de A\u00e7\u00e3o de Gra\u00e7as em comemora\u00e7\u00e3o do Jubileu dos 350 anos de sua cria\u00e7\u00e3o, por decis\u00e3o do Papa Clemente X. A missa de A\u00e7\u00e3o de Gra\u00e7as ser\u00e1 celebrada no <strong>dia 15 de julho, no Convento Santo Ant\u00f4nio do Rio de Janeiro, \u00e0s 10h<\/strong>, presidida pelo Ministro provincial, Frei Paulo Roberto Pereira.<\/p>\n<p>Que o Senhor continue a aben\u00e7oar esta hist\u00f3ria pela paterna intercess\u00e3o de S\u00e3o Francisco de Assis.<\/p>\n<p>&nbsp;<\/p>\n<p><img loading=\"lazy\" class=\"wp-image-258089 size-full aligncenter\" src=\"https:\/\/franciscanos.org.br\/noticias\/wp-content\/uploads\/2025\/06\/WhatsApp-Image-2025-06-17-at-10.45.27-1.jpeg\" alt=\"\" width=\"450\" height=\"1080\" srcset=\"https:\/\/franciscanos.org.br\/noticias\/wp-content\/uploads\/2025\/06\/WhatsApp-Image-2025-06-17-at-10.45.27-1.jpeg 450w, https:\/\/franciscanos.org.br\/noticias\/wp-content\/uploads\/2025\/06\/WhatsApp-Image-2025-06-17-at-10.45.27-1-187x450.jpeg 187w, https:\/\/franciscanos.org.br\/noticias\/wp-content\/uploads\/2025\/06\/WhatsApp-Image-2025-06-17-at-10.45.27-1-150x360.jpeg 150w\" sizes=\"(max-width: 450px) 100vw, 450px\" \/><\/p>\n<hr \/>\n<p><em>Prov\u00edncia Franciscana da Imaculada Concei\u00e7\u00e3o do Brasil<\/em><\/p>\n","protected":false},"excerpt":{"rendered":"<p>Jubileu 350 anos<\/p>\n","protected":false},"author":11,"featured_media":258088,"comment_status":"open","ping_status":"open","sticky":false,"template":"","format":"standard","meta":[],"categories":[1],"tags":[2367],"acf":[],"yoast_head":"<!-- This site is optimized with the Yoast SEO plugin v19.2 - https:\/\/yoast.com\/wordpress\/plugins\/seo\/ -->\n<title>Convite: Celebra\u00e7\u00e3o do Jubileu dos 350 anos da Prov\u00edncia da Imaculada Concei\u00e7\u00e3o do Brasil - Not\u00edcias - Franciscanos<\/title>\n<meta name=\"robots\" content=\"index, follow, max-snippet:-1, max-image-preview:large, max-video-preview:-1\" \/>\n<link rel=\"canonical\" href=\"https:\/\/franciscanos.org.br\/noticias\/convite-celebracao-do-jubileu-dos-350-anos-da-provincia-da-imaculada-conceicao-do-brasil.html\" \/>\n<meta property=\"og:locale\" content=\"pt_BR\" \/>\n<meta property=\"og:type\" content=\"article\" \/>\n<meta property=\"og:title\" content=\"Convite: Celebra\u00e7\u00e3o do Jubileu dos 350 anos da Prov\u00edncia da Imaculada Concei\u00e7\u00e3o do Brasil - Not\u00edcias - Franciscanos\" \/>\n<meta property=\"og:description\" content=\"Jubileu 350 anos\" \/>\n<meta property=\"og:url\" content=\"https:\/\/franciscanos.org.br\/noticias\/convite-celebracao-do-jubileu-dos-350-anos-da-provincia-da-imaculada-conceicao-do-brasil.html\" \/>\n<meta property=\"og:site_name\" content=\"Not\u00edcias - Franciscanos\" \/>\n<meta property=\"article:published_time\" content=\"2025-06-17T18:03:26+00:00\" \/>\n<meta property=\"article:modified_time\" content=\"2025-06-23T10:55:41+00:00\" \/>\n<meta property=\"og:image\" content=\"https:\/\/franciscanos.org.br\/noticias\/wp-content\/uploads\/2025\/06\/conviite-800.png\" \/>\n\t<meta property=\"og:image:width\" content=\"800\" \/>\n\t<meta property=\"og:image:height\" content=\"550\" \/>\n\t<meta property=\"og:image:type\" content=\"image\/png\" \/>\n<meta name=\"author\" content=\"Adriana Rabelo\" \/>\n<meta name=\"twitter:card\" content=\"summary_large_image\" \/>\n<meta name=\"twitter:label1\" content=\"Escrito por\" \/>\n\t<meta name=\"twitter:data1\" content=\"Adriana Rabelo\" \/>\n\t<meta name=\"twitter:label2\" content=\"Est. tempo de leitura\" \/>\n\t<meta name=\"twitter:data2\" content=\"1 minuto\" \/>\n<script type=\"application\/ld+json\" class=\"yoast-schema-graph\">{\"@context\":\"https:\/\/schema.org\",\"@graph\":[{\"@type\":\"WebSite\",\"@id\":\"https:\/\/franciscanos.org.br\/noticias\/#website\",\"url\":\"https:\/\/franciscanos.org.br\/noticias\/\",\"name\":\"Not\u00edcias - Franciscanos\",\"description\":\"Prov\u00edncia Franciscana da Imaculada Concei\u00e7\u00e3o do Brasil - Ordem dos Frades Menores - OFM\",\"potentialAction\":[{\"@type\":\"SearchAction\",\"target\":{\"@type\":\"EntryPoint\",\"urlTemplate\":\"https:\/\/franciscanos.org.br\/noticias\/?s={search_term_string}\"},\"query-input\":\"required name=search_term_string\"}],\"inLanguage\":\"pt-BR\"},{\"@type\":\"ImageObject\",\"inLanguage\":\"pt-BR\",\"@id\":\"https:\/\/franciscanos.org.br\/noticias\/convite-celebracao-do-jubileu-dos-350-anos-da-provincia-da-imaculada-conceicao-do-brasil.html#primaryimage\",\"url\":\"https:\/\/franciscanos.org.br\/noticias\/wp-content\/uploads\/2025\/06\/conviite-800.png\",\"contentUrl\":\"https:\/\/franciscanos.org.br\/noticias\/wp-content\/uploads\/2025\/06\/conviite-800.png\",\"width\":800,\"height\":550},{\"@type\":\"WebPage\",\"@id\":\"https:\/\/franciscanos.org.br\/noticias\/convite-celebracao-do-jubileu-dos-350-anos-da-provincia-da-imaculada-conceicao-do-brasil.html#webpage\",\"url\":\"https:\/\/franciscanos.org.br\/noticias\/convite-celebracao-do-jubileu-dos-350-anos-da-provincia-da-imaculada-conceicao-do-brasil.html\",\"name\":\"Convite: Celebra\u00e7\u00e3o do Jubileu dos 350 anos da Prov\u00edncia da Imaculada Concei\u00e7\u00e3o do Brasil - Not\u00edcias - Franciscanos\",\"isPartOf\":{\"@id\":\"https:\/\/franciscanos.org.br\/noticias\/#website\"},\"primaryImageOfPage\":{\"@id\":\"https:\/\/franciscanos.org.br\/noticias\/convite-celebracao-do-jubileu-dos-350-anos-da-provincia-da-imaculada-conceicao-do-brasil.html#primaryimage\"},\"datePublished\":\"2025-06-17T18:03:26+00:00\",\"dateModified\":\"2025-06-23T10:55:41+00:00\",\"author\":{\"@id\":\"https:\/\/franciscanos.org.br\/noticias\/#\/schema\/person\/d9422e83121c3ad3b0f423d195f5bb25\"},\"breadcrumb\":{\"@id\":\"https:\/\/franciscanos.org.br\/noticias\/convite-celebracao-do-jubileu-dos-350-anos-da-provincia-da-imaculada-conceicao-do-brasil.html#breadcrumb\"},\"inLanguage\":\"pt-BR\",\"potentialAction\":[{\"@type\":\"ReadAction\",\"target\":[\"https:\/\/franciscanos.org.br\/noticias\/convite-celebracao-do-jubileu-dos-350-anos-da-provincia-da-imaculada-conceicao-do-brasil.html\"]}]},{\"@type\":\"BreadcrumbList\",\"@id\":\"https:\/\/franciscanos.org.br\/noticias\/convite-celebracao-do-jubileu-dos-350-anos-da-provincia-da-imaculada-conceicao-do-brasil.html#breadcrumb\",\"itemListElement\":[{\"@type\":\"ListItem\",\"position\":1,\"name\":\"Home\",\"item\":\"https:\/\/franciscanos.org.br\/noticias\"},{\"@type\":\"ListItem\",\"position\":2,\"name\":\"Convite: Celebra\u00e7\u00e3o do Jubileu dos 350 anos da Prov\u00edncia da Imaculada Concei\u00e7\u00e3o do Brasil\"}]},{\"@type\":\"Person\",\"@id\":\"https:\/\/franciscanos.org.br\/noticias\/#\/schema\/person\/d9422e83121c3ad3b0f423d195f5bb25\",\"name\":\"Adriana Rabelo\",\"image\":{\"@type\":\"ImageObject\",\"inLanguage\":\"pt-BR\",\"@id\":\"https:\/\/franciscanos.org.br\/noticias\/#\/schema\/person\/image\/\",\"url\":\"https:\/\/secure.gravatar.com\/avatar\/0a937b7500cd7df77540cfb8bede877d?s=96&d=mm&r=g\",\"contentUrl\":\"https:\/\/secure.gravatar.com\/avatar\/0a937b7500cd7df77540cfb8bede877d?s=96&d=mm&r=g\",\"caption\":\"Adriana Rabelo\"},\"url\":\"https:\/\/franciscanos.org.br\/noticias\/author\/adrianarabelo\"}]}<\/script>\n<!-- \/ Yoast SEO plugin. -->","yoast_head_json":{"title":"Convite: Celebra\u00e7\u00e3o do Jubileu dos 350 anos da Prov\u00edncia da Imaculada Concei\u00e7\u00e3o do Brasil - Not\u00edcias - Franciscanos","robots":{"index":"index","follow":"follow","max-snippet":"max-snippet:-1","max-image-preview":"max-image-preview:large","max-video-preview":"max-video-preview:-1"},"canonical":"https:\/\/franciscanos.org.br\/noticias\/convite-celebracao-do-jubileu-dos-350-anos-da-provincia-da-imaculada-conceicao-do-brasil.html","og_locale":"pt_BR","og_type":"article","og_title":"Convite: Celebra\u00e7\u00e3o do Jubileu dos 350 anos da Prov\u00edncia da Imaculada Concei\u00e7\u00e3o do Brasil - Not\u00edcias - Franciscanos","og_description":"Jubileu 350 anos","og_url":"https:\/\/franciscanos.org.br\/noticias\/convite-celebracao-do-jubileu-dos-350-anos-da-provincia-da-imaculada-conceicao-do-brasil.html","og_site_name":"Not\u00edcias - Franciscanos","article_published_time":"2025-06-17T18:03:26+00:00","article_modified_time":"2025-06-23T10:55:41+00:00","og_image":[{"width":800,"height":550,"url":"https:\/\/franciscanos.org.br\/noticias\/wp-content\/uploads\/2025\/06\/conviite-800.png","type":"image\/png"}],"author":"Adriana Rabelo","twitter_card":"summary_large_image","twitter_misc":{"Escrito por":"Adriana Rabelo","Est. tempo de leitura":"1 minuto"},"schema":{"@context":"https:\/\/schema.org","@graph":[{"@type":"WebSite","@id":"https:\/\/franciscanos.org.br\/noticias\/#website","url":"https:\/\/franciscanos.org.br\/noticias\/","name":"Not\u00edcias - Franciscanos","description":"Prov\u00edncia Franciscana da Imaculada Concei\u00e7\u00e3o do Brasil - Ordem dos Frades Menores - OFM","potentialAction":[{"@type":"SearchAction","target":{"@type":"EntryPoint","urlTemplate":"https:\/\/franciscanos.org.br\/noticias\/?s={search_term_string}"},"query-input":"required name=search_term_string"}],"inLanguage":"pt-BR"},{"@type":"ImageObject","inLanguage":"pt-BR","@id":"https:\/\/franciscanos.org.br\/noticias\/convite-celebracao-do-jubileu-dos-350-anos-da-provincia-da-imaculada-conceicao-do-brasil.html#primaryimage","url":"https:\/\/franciscanos.org.br\/noticias\/wp-content\/uploads\/2025\/06\/conviite-800.png","contentUrl":"https:\/\/franciscanos.org.br\/noticias\/wp-content\/uploads\/2025\/06\/conviite-800.png","width":800,"height":550},{"@type":"WebPage","@id":"https:\/\/franciscanos.org.br\/noticias\/convite-celebracao-do-jubileu-dos-350-anos-da-provincia-da-imaculada-conceicao-do-brasil.html#webpage","url":"https:\/\/franciscanos.org.br\/noticias\/convite-celebracao-do-jubileu-dos-350-anos-da-provincia-da-imaculada-conceicao-do-brasil.html","name":"Convite: Celebra\u00e7\u00e3o do Jubileu dos 350 anos da Prov\u00edncia da Imaculada Concei\u00e7\u00e3o do Brasil - Not\u00edcias - Franciscanos","isPartOf":{"@id":"https:\/\/franciscanos.org.br\/noticias\/#website"},"primaryImageOfPage":{"@id":"https:\/\/franciscanos.org.br\/noticias\/convite-celebracao-do-jubileu-dos-350-anos-da-provincia-da-imaculada-conceicao-do-brasil.html#primaryimage"},"datePublished":"2025-06-17T18:03:26+00:00","dateModified":"2025-06-23T10:55:41+00:00","author":{"@id":"https:\/\/franciscanos.org.br\/noticias\/#\/schema\/person\/d9422e83121c3ad3b0f423d195f5bb25"},"breadcrumb":{"@id":"https:\/\/franciscanos.org.br\/noticias\/convite-celebracao-do-jubileu-dos-350-anos-da-provincia-da-imaculada-conceicao-do-brasil.html#breadcrumb"},"inLanguage":"pt-BR","potentialAction":[{"@type":"ReadAction","target":["https:\/\/franciscanos.org.br\/noticias\/convite-celebracao-do-jubileu-dos-350-anos-da-provincia-da-imaculada-conceicao-do-brasil.html"]}]},{"@type":"BreadcrumbList","@id":"https:\/\/franciscanos.org.br\/noticias\/convite-celebracao-do-jubileu-dos-350-anos-da-provincia-da-imaculada-conceicao-do-brasil.html#breadcrumb","itemListElement":[{"@type":"ListItem","position":1,"name":"Home","item":"https:\/\/franciscanos.org.br\/noticias"},{"@type":"ListItem","position":2,"name":"Convite: Celebra\u00e7\u00e3o do Jubileu dos 350 anos da Prov\u00edncia da Imaculada Concei\u00e7\u00e3o do Brasil"}]},{"@type":"Person","@id":"https:\/\/franciscanos.org.br\/noticias\/#\/schema\/person\/d9422e83121c3ad3b0f423d195f5bb25","name":"Adriana Rabelo","image":{"@type":"ImageObject","inLanguage":"pt-BR","@id":"https:\/\/franciscanos.org.br\/noticias\/#\/schema\/person\/image\/","url":"https:\/\/secure.gravatar.com\/avatar\/0a937b7500cd7df77540cfb8bede877d?s=96&d=mm&r=g","contentUrl":"https:\/\/secure.gravatar.com\/avatar\/0a937b7500cd7df77540cfb8bede877d?s=96&d=mm&r=g","caption":"Adriana Rabelo"},"url":"https:\/\/franciscanos.org.br\/noticias\/author\/adrianarabelo"}]}},"_links":{"self":[{"href":"https:\/\/franciscanos.org.br\/noticias\/wp-json\/wp\/v2\/posts\/258086"}],"collection":[{"href":"https:\/\/franciscanos.org.br\/noticias\/wp-json\/wp\/v2\/posts"}],"about":[{"href":"https:\/\/franciscanos.org.br\/noticias\/wp-json\/wp\/v2\/types\/post"}],"author":[{"embeddable":true,"href":"https:\/\/franciscanos.org.br\/noticias\/wp-json\/wp\/v2\/users\/11"}],"replies":[{"embeddable":true,"href":"https:\/\/franciscanos.org.br\/noticias\/wp-json\/wp\/v2\/comments?post=258086"}],"version-history":[{"count":5,"href":"https:\/\/franciscanos.org.br\/noticias\/wp-json\/wp\/v2\/posts\/258086\/revisions"}],"predecessor-version":[{"id":258151,"href":"https:\/\/franciscanos.org.br\/noticias\/wp-json\/wp\/v2\/posts\/258086\/revisions\/258151"}],"wp:featuredmedia":[{"embeddable":true,"href":"https:\/\/franciscanos.org.br\/noticias\/wp-json\/wp\/v2\/media\/258088"}],"wp:attachment":[{"href":"https:\/\/franciscanos.org.br\/noticias\/wp-json\/wp\/v2\/media?parent=258086"}],"wp:term":[{"taxonomy":"category","embeddable":true,"href":"https:\/\/franciscanos.org.br\/noticias\/wp-json\/wp\/v2\/categories?post=258086"},{"taxonomy":"post_tag","embeddable":true,"href":"https:\/\/franciscanos.org.br\/noticias\/wp-json\/wp\/v2\/tags?post=258086"}],"curies":[{"name":"wp","href":"https:\/\/api.w.org\/{rel}","templated":true}]}}