{"id":258028,"date":"2025-06-16T15:30:14","date_gmt":"2025-06-16T18:30:14","guid":{"rendered":"https:\/\/franciscanos.org.br\/noticias\/?p=258028"},"modified":"2025-06-16T15:37:34","modified_gmt":"2025-06-16T18:37:34","slug":"santo-antonio-e-a-criacao-uma-festa-de-fe-alegria-e-partilha-na-vila-clementino","status":"publish","type":"post","link":"https:\/\/franciscanos.org.br\/noticias\/santo-antonio-e-a-criacao-uma-festa-de-fe-alegria-e-partilha-na-vila-clementino.html","title":{"rendered":"Santo Ant\u00f4nio e a Cria\u00e7\u00e3o: Uma festa de f\u00e9, alegria e partilha na Vila Clementino"},"content":{"rendered":"<p><img loading=\"lazy\" class=\"aligncenter wp-image-258030 size-full\" src=\"https:\/\/franciscanos.org.br\/noticias\/wp-content\/uploads\/2025\/06\/materia-2-8.png\" alt=\"\" width=\"1280\" height=\"720\" srcset=\"https:\/\/franciscanos.org.br\/noticias\/wp-content\/uploads\/2025\/06\/materia-2-8.png 1280w, https:\/\/franciscanos.org.br\/noticias\/wp-content\/uploads\/2025\/06\/materia-2-8-450x253.png 450w, https:\/\/franciscanos.org.br\/noticias\/wp-content\/uploads\/2025\/06\/materia-2-8-1024x576.png 1024w, https:\/\/franciscanos.org.br\/noticias\/wp-content\/uploads\/2025\/06\/materia-2-8-768x432.png 768w, https:\/\/franciscanos.org.br\/noticias\/wp-content\/uploads\/2025\/06\/materia-2-8-150x84.png 150w\" sizes=\"(max-width: 1280px) 100vw, 1280px\" \/><\/p>\n<p>A Festa de Santo Ant\u00f4nio, na Par\u00f3quia S\u00e3o Francisco da Vila Clementino, em S\u00e3o Paulo (SP), foi um verdadeiro reencontro com a f\u00e9, a natureza e a comunidade. Com o tema <strong>\u201cSanto Ant\u00f4nio e a cria\u00e7\u00e3o: Louvado sejas, meu Senhor\u201d<\/strong>, celebramos Santo Ant\u00f4nio com alegria, criatividade e espiritualidade, destacando a conex\u00e3o entre o santo e o cuidado com tudo o que Deus criou.<\/p>\n<p>A abertura foi no dia 25 de maio, na missa das 11h30, com um momento marcante: bandeiras descendo do alto do mastro de Santo Ant\u00f4nio e se abrindo sobre a assembleia como um guarda-sol de acolhida e b\u00ean\u00e7\u00e3o.<\/p>\n<p>Depois de muitos anos, voltamos a rezar a trezena \u2014 de 31 de maio a 12 de junho \u2014 fortalecendo a tradi\u00e7\u00e3o e a ora\u00e7\u00e3o di\u00e1ria.<\/p>\n\n\t\t<style type=\"text\/css\">\n\t\t\t#gallery-1 {\n\t\t\t\tmargin: auto;\n\t\t\t}\n\t\t\t#gallery-1 .gallery-item {\n\t\t\t\tfloat: left;\n\t\t\t\tmargin-top: 10px;\n\t\t\t\ttext-align: center;\n\t\t\t\twidth: 33%;\n\t\t\t}\n\t\t\t#gallery-1 img {\n\t\t\t\tborder: 2px solid #cfcfcf;\n\t\t\t}\n\t\t\t#gallery-1 .gallery-caption {\n\t\t\t\tmargin-left: 0;\n\t\t\t}\n\t\t\t\/* see gallery_shortcode() in wp-includes\/media.php *\/\n\t\t<\/style>\n\t\t<div id='gallery-1' class='gallery galleryid-258028 gallery-columns-3 gallery-size-thumbnail'><dl class='gallery-item'>\n\t\t\t<dt class='gallery-icon portrait'>\n\t\t\t\t<a href='https:\/\/franciscanos.org.br\/noticias\/wp-content\/uploads\/2025\/06\/dia-25.05-1.jpeg'><img width=\"300\" height=\"300\" src=\"https:\/\/franciscanos.org.br\/noticias\/wp-content\/uploads\/2025\/06\/dia-25.05-1-300x300.jpeg\" class=\"attachment-thumbnail size-thumbnail\" alt=\"\" loading=\"lazy\" srcset=\"https:\/\/franciscanos.org.br\/noticias\/wp-content\/uploads\/2025\/06\/dia-25.05-1-300x300.jpeg 300w, https:\/\/franciscanos.org.br\/noticias\/wp-content\/uploads\/2025\/06\/dia-25.05-1-100x100.jpeg 100w\" sizes=\"(max-width: 300px) 100vw, 300px\" \/><\/a>\n\t\t\t<\/dt><\/dl><dl class='gallery-item'>\n\t\t\t<dt class='gallery-icon landscape'>\n\t\t\t\t<a href='https:\/\/franciscanos.org.br\/noticias\/wp-content\/uploads\/2025\/06\/dia-31.05-2.jpeg'><img width=\"300\" height=\"300\" src=\"https:\/\/franciscanos.org.br\/noticias\/wp-content\/uploads\/2025\/06\/dia-31.05-2-300x300.jpeg\" class=\"attachment-thumbnail size-thumbnail\" alt=\"\" loading=\"lazy\" srcset=\"https:\/\/franciscanos.org.br\/noticias\/wp-content\/uploads\/2025\/06\/dia-31.05-2-300x300.jpeg 300w, https:\/\/franciscanos.org.br\/noticias\/wp-content\/uploads\/2025\/06\/dia-31.05-2-100x100.jpeg 100w\" sizes=\"(max-width: 300px) 100vw, 300px\" \/><\/a>\n\t\t\t<\/dt><\/dl><dl class='gallery-item'>\n\t\t\t<dt class='gallery-icon landscape'>\n\t\t\t\t<a href='https:\/\/franciscanos.org.br\/noticias\/wp-content\/uploads\/2025\/06\/dia-31.05-3.jpeg'><img width=\"300\" height=\"300\" src=\"https:\/\/franciscanos.org.br\/noticias\/wp-content\/uploads\/2025\/06\/dia-31.05-3-300x300.jpeg\" class=\"attachment-thumbnail size-thumbnail\" alt=\"\" loading=\"lazy\" srcset=\"https:\/\/franciscanos.org.br\/noticias\/wp-content\/uploads\/2025\/06\/dia-31.05-3-300x300.jpeg 300w, https:\/\/franciscanos.org.br\/noticias\/wp-content\/uploads\/2025\/06\/dia-31.05-3-100x100.jpeg 100w\" sizes=\"(max-width: 300px) 100vw, 300px\" \/><\/a>\n\t\t\t<\/dt><\/dl><br style=\"clear: both\" \/>\n\t\t<\/div>\n\n<p>No primeiro dia da trezena (31\/05), a igreja viveu um dos momentos mais belos da festa: a coroa\u00e7\u00e3o de Nossa Senhora. Santo Ant\u00f4nio, sempre devoto da M\u00e3e de Deus, foi representado reverenciando Maria em uma cerim\u00f4nia delicada e cheia de simbolismo, unindo f\u00e9, emo\u00e7\u00e3o e beleza.<\/p>\n<p>Durante toda a trezena e os dias de festa, a b\u00ean\u00e7\u00e3o dos p\u00e3es e a b\u00ean\u00e7\u00e3o de Santo Ant\u00f4nio marcaram profundamente a programa\u00e7\u00e3o. Fi\u00e9is puderam levar para casa o tradicional p\u00e3o aben\u00e7oado \u2014 s\u00edmbolo de partilha, f\u00e9 e esperan\u00e7a \u2014 em um gesto simples e poderoso, que refor\u00e7a a espiritualidade franciscana vivida pela comunidade.<\/p>\n<p>A ambienta\u00e7\u00e3o da festa transformou o espa\u00e7o paroquial num verdadeiro arraial. Bandeirinhas, flores, ilumina\u00e7\u00e3o especial, criaram um ambiente acolhedor e cheio de vida.<\/p>\n<p>A programa\u00e7\u00e3o foi intensa e cheia de vida:<\/p>\n<p><strong>07\/06<\/strong> <strong>\u2013<\/strong><strong> \u00a0<\/strong>Noite musical com a banda Sons da Vila e participa\u00e7\u00e3o especial do nosso p\u00e1roco, Frei Florival Mariano de Toledo. Al\u00e9m disso, a comunidade saboreou os tradicionais past\u00e9is, carne louca e bebidas.<\/p>\n<p><strong>10\/06<\/strong> <strong>\u2013<\/strong> Um concerto emocionante de \u00f3rg\u00e3o e trompete com m\u00fasicas de casamento, apresentado pelo organista Dr. Fernando Herbella e o trompetista Ubirajara dos Santos. Tamb\u00e9m foi o in\u00edcio da venda do tradicional bolo de Santo Ant\u00f4nio e da reabertura das barracas com past\u00e9is, carne louca, artigos religiosos, brincadeiras e bebidas.<\/p>\n\n\t\t<style type=\"text\/css\">\n\t\t\t#gallery-2 {\n\t\t\t\tmargin: auto;\n\t\t\t}\n\t\t\t#gallery-2 .gallery-item {\n\t\t\t\tfloat: left;\n\t\t\t\tmargin-top: 10px;\n\t\t\t\ttext-align: center;\n\t\t\t\twidth: 33%;\n\t\t\t}\n\t\t\t#gallery-2 img {\n\t\t\t\tborder: 2px solid #cfcfcf;\n\t\t\t}\n\t\t\t#gallery-2 .gallery-caption {\n\t\t\t\tmargin-left: 0;\n\t\t\t}\n\t\t\t\/* see gallery_shortcode() in wp-includes\/media.php *\/\n\t\t<\/style>\n\t\t<div id='gallery-2' class='gallery galleryid-258028 gallery-columns-3 gallery-size-thumbnail'><dl class='gallery-item'>\n\t\t\t<dt class='gallery-icon landscape'>\n\t\t\t\t<a href='https:\/\/franciscanos.org.br\/noticias\/wp-content\/uploads\/2025\/06\/dia-7.06.jpeg'><img width=\"300\" height=\"300\" src=\"https:\/\/franciscanos.org.br\/noticias\/wp-content\/uploads\/2025\/06\/dia-7.06-300x300.jpeg\" class=\"attachment-thumbnail size-thumbnail\" alt=\"\" loading=\"lazy\" srcset=\"https:\/\/franciscanos.org.br\/noticias\/wp-content\/uploads\/2025\/06\/dia-7.06-300x300.jpeg 300w, https:\/\/franciscanos.org.br\/noticias\/wp-content\/uploads\/2025\/06\/dia-7.06-100x100.jpeg 100w\" sizes=\"(max-width: 300px) 100vw, 300px\" \/><\/a>\n\t\t\t<\/dt><\/dl><dl class='gallery-item'>\n\t\t\t<dt class='gallery-icon landscape'>\n\t\t\t\t<a href='https:\/\/franciscanos.org.br\/noticias\/wp-content\/uploads\/2025\/06\/dia-12.06.jpeg'><img width=\"300\" height=\"300\" src=\"https:\/\/franciscanos.org.br\/noticias\/wp-content\/uploads\/2025\/06\/dia-12.06-300x300.jpeg\" class=\"attachment-thumbnail size-thumbnail\" alt=\"\" loading=\"lazy\" srcset=\"https:\/\/franciscanos.org.br\/noticias\/wp-content\/uploads\/2025\/06\/dia-12.06-300x300.jpeg 300w, https:\/\/franciscanos.org.br\/noticias\/wp-content\/uploads\/2025\/06\/dia-12.06-100x100.jpeg 100w\" sizes=\"(max-width: 300px) 100vw, 300px\" \/><\/a>\n\t\t\t<\/dt><\/dl><dl class='gallery-item'>\n\t\t\t<dt class='gallery-icon portrait'>\n\t\t\t\t<a href='https:\/\/franciscanos.org.br\/noticias\/wp-content\/uploads\/2025\/06\/WhatsApp-Image-2025-06-16-at-13.07.16-1.jpeg'><img width=\"300\" height=\"300\" src=\"https:\/\/franciscanos.org.br\/noticias\/wp-content\/uploads\/2025\/06\/WhatsApp-Image-2025-06-16-at-13.07.16-1-300x300.jpeg\" class=\"attachment-thumbnail size-thumbnail\" alt=\"\" loading=\"lazy\" srcset=\"https:\/\/franciscanos.org.br\/noticias\/wp-content\/uploads\/2025\/06\/WhatsApp-Image-2025-06-16-at-13.07.16-1-300x300.jpeg 300w, https:\/\/franciscanos.org.br\/noticias\/wp-content\/uploads\/2025\/06\/WhatsApp-Image-2025-06-16-at-13.07.16-1-100x100.jpeg 100w\" sizes=\"(max-width: 300px) 100vw, 300px\" \/><\/a>\n\t\t\t<\/dt><\/dl><br style=\"clear: both\" \/>\n\t\t<\/div>\n\n<p><strong>11\/06<\/strong> <strong>\u2013<\/strong> M\u00fasica ao vivo com Lucas e Fabinho e uma quadrilha espont\u00e2nea, animada pelos pr\u00f3prios participantes da festa.<\/p>\n<p><strong>12\/06<\/strong> <strong>\u2013<\/strong> Missa especial para namorados, com b\u00ean\u00e7\u00e3o aos casais e fam\u00edlias. Durante a celebra\u00e7\u00e3o, uma surpresa: quem encontrou um bombom debaixo do banco ganhou uma lembran\u00e7a de Santo Ant\u00f4nio \u2014 foram 13 no total! Depois, as crian\u00e7as da catequese formaram a quadrilha, seguidas por m\u00fasica ao vivo com Davi, embalando o clima rom\u00e2ntico.<\/p>\n<p><img loading=\"lazy\" class=\"aligncenter wp-image-258038 size-full\" src=\"https:\/\/franciscanos.org.br\/noticias\/wp-content\/uploads\/2025\/06\/materia-3-7.png\" alt=\"\" width=\"1280\" height=\"720\" srcset=\"https:\/\/franciscanos.org.br\/noticias\/wp-content\/uploads\/2025\/06\/materia-3-7.png 1280w, https:\/\/franciscanos.org.br\/noticias\/wp-content\/uploads\/2025\/06\/materia-3-7-450x253.png 450w, https:\/\/franciscanos.org.br\/noticias\/wp-content\/uploads\/2025\/06\/materia-3-7-1024x576.png 1024w, https:\/\/franciscanos.org.br\/noticias\/wp-content\/uploads\/2025\/06\/materia-3-7-768x432.png 768w, https:\/\/franciscanos.org.br\/noticias\/wp-content\/uploads\/2025\/06\/materia-3-7-150x84.png 150w\" sizes=\"(max-width: 1280px) 100vw, 1280px\" \/><\/p>\n<p>A barraca das brincadeiras foi um dos pontos altos da festa, especialmente para as crian\u00e7as. Com argola, boca de palha\u00e7o e pescaria, tudo foi organizado com carinho pela equipe da catequese infantil, com participa\u00e7\u00e3o ativa das pr\u00f3prias crian\u00e7as. Alegria, entusiasmo e muita risada tomaram conta do espa\u00e7o, mostrando que a f\u00e9 tamb\u00e9m se vive brincando e celebrando juntos.<\/p>\n<p>O <strong>dia 13 de junho<\/strong>, dia de Santo Ant\u00f4nio, foi uma explos\u00e3o de f\u00e9 e festa. Missas \u00e0s 7h, 9h, 12h, 16h e, \u00e0s 19h, a solene, com um momento emocionante: Frei Florival convidou os volunt\u00e1rios da festa a passarem por um t\u00fanel humano formado pela assembleia, num gesto de gratid\u00e3o que tocou a todos. Em seguida, a quadrilha dos crismandos, com refor\u00e7o dos mais animados da comunidade, e m\u00fasica ao vivo com Luiz F\u00e1bio fecharam a noite com alegria.<\/p>\n\n\t\t<style type=\"text\/css\">\n\t\t\t#gallery-3 {\n\t\t\t\tmargin: auto;\n\t\t\t}\n\t\t\t#gallery-3 .gallery-item {\n\t\t\t\tfloat: left;\n\t\t\t\tmargin-top: 10px;\n\t\t\t\ttext-align: center;\n\t\t\t\twidth: 25%;\n\t\t\t}\n\t\t\t#gallery-3 img {\n\t\t\t\tborder: 2px solid #cfcfcf;\n\t\t\t}\n\t\t\t#gallery-3 .gallery-caption {\n\t\t\t\tmargin-left: 0;\n\t\t\t}\n\t\t\t\/* see gallery_shortcode() in wp-includes\/media.php *\/\n\t\t<\/style>\n\t\t<div id='gallery-3' class='gallery galleryid-258028 gallery-columns-4 gallery-size-thumbnail'><dl class='gallery-item'>\n\t\t\t<dt class='gallery-icon portrait'>\n\t\t\t\t<a href='https:\/\/franciscanos.org.br\/noticias\/wp-content\/uploads\/2025\/06\/WhatsApp-Image-2025-06-16-at-13.07.19-1.jpeg'><img width=\"300\" height=\"300\" src=\"https:\/\/franciscanos.org.br\/noticias\/wp-content\/uploads\/2025\/06\/WhatsApp-Image-2025-06-16-at-13.07.19-1-300x300.jpeg\" class=\"attachment-thumbnail size-thumbnail\" alt=\"\" loading=\"lazy\" srcset=\"https:\/\/franciscanos.org.br\/noticias\/wp-content\/uploads\/2025\/06\/WhatsApp-Image-2025-06-16-at-13.07.19-1-300x300.jpeg 300w, https:\/\/franciscanos.org.br\/noticias\/wp-content\/uploads\/2025\/06\/WhatsApp-Image-2025-06-16-at-13.07.19-1-100x100.jpeg 100w\" sizes=\"(max-width: 300px) 100vw, 300px\" \/><\/a>\n\t\t\t<\/dt><\/dl><dl class='gallery-item'>\n\t\t\t<dt class='gallery-icon portrait'>\n\t\t\t\t<a href='https:\/\/franciscanos.org.br\/noticias\/wp-content\/uploads\/2025\/06\/WhatsApp-Image-2025-06-16-at-13.07.18-4.jpeg'><img width=\"300\" height=\"300\" src=\"https:\/\/franciscanos.org.br\/noticias\/wp-content\/uploads\/2025\/06\/WhatsApp-Image-2025-06-16-at-13.07.18-4-300x300.jpeg\" class=\"attachment-thumbnail size-thumbnail\" alt=\"\" loading=\"lazy\" srcset=\"https:\/\/franciscanos.org.br\/noticias\/wp-content\/uploads\/2025\/06\/WhatsApp-Image-2025-06-16-at-13.07.18-4-300x300.jpeg 300w, https:\/\/franciscanos.org.br\/noticias\/wp-content\/uploads\/2025\/06\/WhatsApp-Image-2025-06-16-at-13.07.18-4-100x100.jpeg 100w\" sizes=\"(max-width: 300px) 100vw, 300px\" \/><\/a>\n\t\t\t<\/dt><\/dl><dl class='gallery-item'>\n\t\t\t<dt class='gallery-icon portrait'>\n\t\t\t\t<a href='https:\/\/franciscanos.org.br\/noticias\/wp-content\/uploads\/2025\/06\/WhatsApp-Image-2025-06-16-at-13.07.18-3.jpeg'><img width=\"300\" height=\"300\" src=\"https:\/\/franciscanos.org.br\/noticias\/wp-content\/uploads\/2025\/06\/WhatsApp-Image-2025-06-16-at-13.07.18-3-300x300.jpeg\" class=\"attachment-thumbnail size-thumbnail\" alt=\"\" loading=\"lazy\" srcset=\"https:\/\/franciscanos.org.br\/noticias\/wp-content\/uploads\/2025\/06\/WhatsApp-Image-2025-06-16-at-13.07.18-3-300x300.jpeg 300w, https:\/\/franciscanos.org.br\/noticias\/wp-content\/uploads\/2025\/06\/WhatsApp-Image-2025-06-16-at-13.07.18-3-100x100.jpeg 100w\" sizes=\"(max-width: 300px) 100vw, 300px\" \/><\/a>\n\t\t\t<\/dt><\/dl><dl class='gallery-item'>\n\t\t\t<dt class='gallery-icon portrait'>\n\t\t\t\t<a href='https:\/\/franciscanos.org.br\/noticias\/wp-content\/uploads\/2025\/06\/WhatsApp-Image-2025-06-16-at-13.07.18-2.jpeg'><img width=\"300\" height=\"300\" src=\"https:\/\/franciscanos.org.br\/noticias\/wp-content\/uploads\/2025\/06\/WhatsApp-Image-2025-06-16-at-13.07.18-2-300x300.jpeg\" class=\"attachment-thumbnail size-thumbnail\" alt=\"\" loading=\"lazy\" srcset=\"https:\/\/franciscanos.org.br\/noticias\/wp-content\/uploads\/2025\/06\/WhatsApp-Image-2025-06-16-at-13.07.18-2-300x300.jpeg 300w, https:\/\/franciscanos.org.br\/noticias\/wp-content\/uploads\/2025\/06\/WhatsApp-Image-2025-06-16-at-13.07.18-2-100x100.jpeg 100w\" sizes=\"(max-width: 300px) 100vw, 300px\" \/><\/a>\n\t\t\t<\/dt><\/dl><br style=\"clear: both\" \/>\n\t\t<\/div>\n\n<p>As crian\u00e7as da catequese tamb\u00e9m participaram com uma barraca especial de p\u00e3o de mel, somando ainda mais do\u00e7ura e carinho \u00e0 festa.<\/p>\n<p>Neste ano, a par\u00f3quia tamb\u00e9m adotou o <strong>Selo Solid\u00e1rio<\/strong>: parte da arrecada\u00e7\u00e3o foi destinada \u00e0s obras sociais da Par\u00f3quia Franciscana Santa Cruz, no Jardim Peri Alto, zona norte de S\u00e3o Paulo.<\/p>\n\n\t\t<style type=\"text\/css\">\n\t\t\t#gallery-4 {\n\t\t\t\tmargin: auto;\n\t\t\t}\n\t\t\t#gallery-4 .gallery-item {\n\t\t\t\tfloat: left;\n\t\t\t\tmargin-top: 10px;\n\t\t\t\ttext-align: center;\n\t\t\t\twidth: 25%;\n\t\t\t}\n\t\t\t#gallery-4 img {\n\t\t\t\tborder: 2px solid #cfcfcf;\n\t\t\t}\n\t\t\t#gallery-4 .gallery-caption {\n\t\t\t\tmargin-left: 0;\n\t\t\t}\n\t\t\t\/* see gallery_shortcode() in wp-includes\/media.php *\/\n\t\t<\/style>\n\t\t<div id='gallery-4' class='gallery galleryid-258028 gallery-columns-4 gallery-size-thumbnail'><dl class='gallery-item'>\n\t\t\t<dt class='gallery-icon portrait'>\n\t\t\t\t<a href='https:\/\/franciscanos.org.br\/noticias\/wp-content\/uploads\/2025\/06\/WhatsApp-Image-2025-06-16-at-13.07.17-4.jpeg'><img width=\"300\" height=\"300\" src=\"https:\/\/franciscanos.org.br\/noticias\/wp-content\/uploads\/2025\/06\/WhatsApp-Image-2025-06-16-at-13.07.17-4-300x300.jpeg\" class=\"attachment-thumbnail size-thumbnail\" alt=\"\" loading=\"lazy\" srcset=\"https:\/\/franciscanos.org.br\/noticias\/wp-content\/uploads\/2025\/06\/WhatsApp-Image-2025-06-16-at-13.07.17-4-300x300.jpeg 300w, https:\/\/franciscanos.org.br\/noticias\/wp-content\/uploads\/2025\/06\/WhatsApp-Image-2025-06-16-at-13.07.17-4-100x100.jpeg 100w\" sizes=\"(max-width: 300px) 100vw, 300px\" \/><\/a>\n\t\t\t<\/dt><\/dl><dl class='gallery-item'>\n\t\t\t<dt class='gallery-icon portrait'>\n\t\t\t\t<a href='https:\/\/franciscanos.org.br\/noticias\/wp-content\/uploads\/2025\/06\/WhatsApp-Image-2025-06-16-at-13.07.17-3.jpeg'><img width=\"300\" height=\"300\" src=\"https:\/\/franciscanos.org.br\/noticias\/wp-content\/uploads\/2025\/06\/WhatsApp-Image-2025-06-16-at-13.07.17-3-300x300.jpeg\" class=\"attachment-thumbnail size-thumbnail\" alt=\"\" loading=\"lazy\" srcset=\"https:\/\/franciscanos.org.br\/noticias\/wp-content\/uploads\/2025\/06\/WhatsApp-Image-2025-06-16-at-13.07.17-3-300x300.jpeg 300w, https:\/\/franciscanos.org.br\/noticias\/wp-content\/uploads\/2025\/06\/WhatsApp-Image-2025-06-16-at-13.07.17-3-100x100.jpeg 100w\" sizes=\"(max-width: 300px) 100vw, 300px\" \/><\/a>\n\t\t\t<\/dt><\/dl><dl class='gallery-item'>\n\t\t\t<dt class='gallery-icon portrait'>\n\t\t\t\t<a href='https:\/\/franciscanos.org.br\/noticias\/wp-content\/uploads\/2025\/06\/WhatsApp-Image-2025-06-16-at-13.07.17-2.jpeg'><img width=\"300\" height=\"300\" src=\"https:\/\/franciscanos.org.br\/noticias\/wp-content\/uploads\/2025\/06\/WhatsApp-Image-2025-06-16-at-13.07.17-2-300x300.jpeg\" class=\"attachment-thumbnail size-thumbnail\" alt=\"\" loading=\"lazy\" srcset=\"https:\/\/franciscanos.org.br\/noticias\/wp-content\/uploads\/2025\/06\/WhatsApp-Image-2025-06-16-at-13.07.17-2-300x300.jpeg 300w, https:\/\/franciscanos.org.br\/noticias\/wp-content\/uploads\/2025\/06\/WhatsApp-Image-2025-06-16-at-13.07.17-2-100x100.jpeg 100w\" sizes=\"(max-width: 300px) 100vw, 300px\" \/><\/a>\n\t\t\t<\/dt><\/dl><dl class='gallery-item'>\n\t\t\t<dt class='gallery-icon portrait'>\n\t\t\t\t<a href='https:\/\/franciscanos.org.br\/noticias\/wp-content\/uploads\/2025\/06\/WhatsApp-Image-2025-06-16-at-13.07.17-1.jpeg'><img width=\"300\" height=\"300\" src=\"https:\/\/franciscanos.org.br\/noticias\/wp-content\/uploads\/2025\/06\/WhatsApp-Image-2025-06-16-at-13.07.17-1-300x300.jpeg\" class=\"attachment-thumbnail size-thumbnail\" alt=\"\" loading=\"lazy\" srcset=\"https:\/\/franciscanos.org.br\/noticias\/wp-content\/uploads\/2025\/06\/WhatsApp-Image-2025-06-16-at-13.07.17-1-300x300.jpeg 300w, https:\/\/franciscanos.org.br\/noticias\/wp-content\/uploads\/2025\/06\/WhatsApp-Image-2025-06-16-at-13.07.17-1-100x100.jpeg 100w\" sizes=\"(max-width: 300px) 100vw, 300px\" \/><\/a>\n\t\t\t<\/dt><\/dl><br style=\"clear: both\" \/>\n\t\t<\/div>\n\n<p>Para enfrentar o frio t\u00edpico de junho, teve vinho quente, quent\u00e3o e muito calor humano. E para encerrar com chave de ouro, Frei Florival estendeu a venda de bolo, pastel, carne louca e bebidas at\u00e9 s\u00e1bado, dia 14 de junho, prolongando um pouco mais esse momento ic\u00f4nico de f\u00e9 e conviv\u00eancia.<\/p>\n<hr \/>\n<p><em>Texto: Regina Oyamaguchi &#8211; Pascom \/ Fotos: Sergio Ant\u00f4nio Colangelo &#8211; Pascom\u00a0<\/em><\/p>\n","protected":false},"excerpt":{"rendered":"<p>Festa de Santo Ant\u00f4nio 2025<\/p>\n","protected":false},"author":11,"featured_media":258029,"comment_status":"open","ping_status":"open","sticky":false,"template":"","format":"standard","meta":[],"categories":[1],"tags":[2344,2030],"acf":[],"yoast_head":"<!-- This site is optimized with the Yoast SEO plugin v19.2 - https:\/\/yoast.com\/wordpress\/plugins\/seo\/ -->\n<title>Santo Ant\u00f4nio e a Cria\u00e7\u00e3o: Uma festa de f\u00e9, alegria e partilha na Vila Clementino - Not\u00edcias - Franciscanos<\/title>\n<meta name=\"robots\" content=\"index, follow, max-snippet:-1, max-image-preview:large, max-video-preview:-1\" \/>\n<link rel=\"canonical\" href=\"https:\/\/franciscanos.org.br\/noticias\/santo-antonio-e-a-criacao-uma-festa-de-fe-alegria-e-partilha-na-vila-clementino.html\" \/>\n<meta property=\"og:locale\" content=\"pt_BR\" \/>\n<meta property=\"og:type\" content=\"article\" \/>\n<meta property=\"og:title\" content=\"Santo Ant\u00f4nio e a Cria\u00e7\u00e3o: Uma festa de f\u00e9, alegria e partilha na Vila Clementino - Not\u00edcias - Franciscanos\" \/>\n<meta property=\"og:description\" content=\"Festa de Santo Ant\u00f4nio 2025\" \/>\n<meta property=\"og:url\" content=\"https:\/\/franciscanos.org.br\/noticias\/santo-antonio-e-a-criacao-uma-festa-de-fe-alegria-e-partilha-na-vila-clementino.html\" \/>\n<meta property=\"og:site_name\" content=\"Not\u00edcias - Franciscanos\" \/>\n<meta property=\"article:published_time\" content=\"2025-06-16T18:30:14+00:00\" \/>\n<meta property=\"article:modified_time\" content=\"2025-06-16T18:37:34+00:00\" \/>\n<meta property=\"og:image\" content=\"https:\/\/franciscanos.org.br\/noticias\/wp-content\/uploads\/2025\/06\/chamada-25.png\" \/>\n\t<meta property=\"og:image:width\" content=\"800\" \/>\n\t<meta property=\"og:image:height\" content=\"550\" \/>\n\t<meta property=\"og:image:type\" content=\"image\/png\" \/>\n<meta name=\"author\" content=\"Adriana Rabelo\" \/>\n<meta name=\"twitter:card\" content=\"summary_large_image\" \/>\n<meta name=\"twitter:label1\" content=\"Escrito por\" \/>\n\t<meta name=\"twitter:data1\" content=\"Adriana Rabelo\" \/>\n\t<meta name=\"twitter:label2\" content=\"Est. tempo de leitura\" \/>\n\t<meta name=\"twitter:data2\" content=\"4 minutos\" \/>\n<script type=\"application\/ld+json\" class=\"yoast-schema-graph\">{\"@context\":\"https:\/\/schema.org\",\"@graph\":[{\"@type\":\"WebSite\",\"@id\":\"https:\/\/franciscanos.org.br\/noticias\/#website\",\"url\":\"https:\/\/franciscanos.org.br\/noticias\/\",\"name\":\"Not\u00edcias - Franciscanos\",\"description\":\"Prov\u00edncia Franciscana da Imaculada Concei\u00e7\u00e3o do Brasil - Ordem dos Frades Menores - OFM\",\"potentialAction\":[{\"@type\":\"SearchAction\",\"target\":{\"@type\":\"EntryPoint\",\"urlTemplate\":\"https:\/\/franciscanos.org.br\/noticias\/?s={search_term_string}\"},\"query-input\":\"required name=search_term_string\"}],\"inLanguage\":\"pt-BR\"},{\"@type\":\"ImageObject\",\"inLanguage\":\"pt-BR\",\"@id\":\"https:\/\/franciscanos.org.br\/noticias\/santo-antonio-e-a-criacao-uma-festa-de-fe-alegria-e-partilha-na-vila-clementino.html#primaryimage\",\"url\":\"https:\/\/franciscanos.org.br\/noticias\/wp-content\/uploads\/2025\/06\/chamada-25.png\",\"contentUrl\":\"https:\/\/franciscanos.org.br\/noticias\/wp-content\/uploads\/2025\/06\/chamada-25.png\",\"width\":800,\"height\":550},{\"@type\":\"WebPage\",\"@id\":\"https:\/\/franciscanos.org.br\/noticias\/santo-antonio-e-a-criacao-uma-festa-de-fe-alegria-e-partilha-na-vila-clementino.html#webpage\",\"url\":\"https:\/\/franciscanos.org.br\/noticias\/santo-antonio-e-a-criacao-uma-festa-de-fe-alegria-e-partilha-na-vila-clementino.html\",\"name\":\"Santo Ant\u00f4nio e a Cria\u00e7\u00e3o: Uma festa de f\u00e9, alegria e partilha na Vila Clementino - Not\u00edcias - Franciscanos\",\"isPartOf\":{\"@id\":\"https:\/\/franciscanos.org.br\/noticias\/#website\"},\"primaryImageOfPage\":{\"@id\":\"https:\/\/franciscanos.org.br\/noticias\/santo-antonio-e-a-criacao-uma-festa-de-fe-alegria-e-partilha-na-vila-clementino.html#primaryimage\"},\"datePublished\":\"2025-06-16T18:30:14+00:00\",\"dateModified\":\"2025-06-16T18:37:34+00:00\",\"author\":{\"@id\":\"https:\/\/franciscanos.org.br\/noticias\/#\/schema\/person\/d9422e83121c3ad3b0f423d195f5bb25\"},\"breadcrumb\":{\"@id\":\"https:\/\/franciscanos.org.br\/noticias\/santo-antonio-e-a-criacao-uma-festa-de-fe-alegria-e-partilha-na-vila-clementino.html#breadcrumb\"},\"inLanguage\":\"pt-BR\",\"potentialAction\":[{\"@type\":\"ReadAction\",\"target\":[\"https:\/\/franciscanos.org.br\/noticias\/santo-antonio-e-a-criacao-uma-festa-de-fe-alegria-e-partilha-na-vila-clementino.html\"]}]},{\"@type\":\"BreadcrumbList\",\"@id\":\"https:\/\/franciscanos.org.br\/noticias\/santo-antonio-e-a-criacao-uma-festa-de-fe-alegria-e-partilha-na-vila-clementino.html#breadcrumb\",\"itemListElement\":[{\"@type\":\"ListItem\",\"position\":1,\"name\":\"Home\",\"item\":\"https:\/\/franciscanos.org.br\/noticias\"},{\"@type\":\"ListItem\",\"position\":2,\"name\":\"Santo Ant\u00f4nio e a Cria\u00e7\u00e3o: Uma festa de f\u00e9, alegria e partilha na Vila Clementino\"}]},{\"@type\":\"Person\",\"@id\":\"https:\/\/franciscanos.org.br\/noticias\/#\/schema\/person\/d9422e83121c3ad3b0f423d195f5bb25\",\"name\":\"Adriana Rabelo\",\"image\":{\"@type\":\"ImageObject\",\"inLanguage\":\"pt-BR\",\"@id\":\"https:\/\/franciscanos.org.br\/noticias\/#\/schema\/person\/image\/\",\"url\":\"https:\/\/secure.gravatar.com\/avatar\/0a937b7500cd7df77540cfb8bede877d?s=96&d=mm&r=g\",\"contentUrl\":\"https:\/\/secure.gravatar.com\/avatar\/0a937b7500cd7df77540cfb8bede877d?s=96&d=mm&r=g\",\"caption\":\"Adriana Rabelo\"},\"url\":\"https:\/\/franciscanos.org.br\/noticias\/author\/adrianarabelo\"}]}<\/script>\n<!-- \/ Yoast SEO plugin. -->","yoast_head_json":{"title":"Santo Ant\u00f4nio e a Cria\u00e7\u00e3o: Uma festa de f\u00e9, alegria e partilha na Vila Clementino - Not\u00edcias - Franciscanos","robots":{"index":"index","follow":"follow","max-snippet":"max-snippet:-1","max-image-preview":"max-image-preview:large","max-video-preview":"max-video-preview:-1"},"canonical":"https:\/\/franciscanos.org.br\/noticias\/santo-antonio-e-a-criacao-uma-festa-de-fe-alegria-e-partilha-na-vila-clementino.html","og_locale":"pt_BR","og_type":"article","og_title":"Santo Ant\u00f4nio e a Cria\u00e7\u00e3o: Uma festa de f\u00e9, alegria e partilha na Vila Clementino - Not\u00edcias - Franciscanos","og_description":"Festa de Santo Ant\u00f4nio 2025","og_url":"https:\/\/franciscanos.org.br\/noticias\/santo-antonio-e-a-criacao-uma-festa-de-fe-alegria-e-partilha-na-vila-clementino.html","og_site_name":"Not\u00edcias - Franciscanos","article_published_time":"2025-06-16T18:30:14+00:00","article_modified_time":"2025-06-16T18:37:34+00:00","og_image":[{"width":800,"height":550,"url":"https:\/\/franciscanos.org.br\/noticias\/wp-content\/uploads\/2025\/06\/chamada-25.png","type":"image\/png"}],"author":"Adriana Rabelo","twitter_card":"summary_large_image","twitter_misc":{"Escrito por":"Adriana Rabelo","Est. tempo de leitura":"4 minutos"},"schema":{"@context":"https:\/\/schema.org","@graph":[{"@type":"WebSite","@id":"https:\/\/franciscanos.org.br\/noticias\/#website","url":"https:\/\/franciscanos.org.br\/noticias\/","name":"Not\u00edcias - Franciscanos","description":"Prov\u00edncia Franciscana da Imaculada Concei\u00e7\u00e3o do Brasil - Ordem dos Frades Menores - OFM","potentialAction":[{"@type":"SearchAction","target":{"@type":"EntryPoint","urlTemplate":"https:\/\/franciscanos.org.br\/noticias\/?s={search_term_string}"},"query-input":"required name=search_term_string"}],"inLanguage":"pt-BR"},{"@type":"ImageObject","inLanguage":"pt-BR","@id":"https:\/\/franciscanos.org.br\/noticias\/santo-antonio-e-a-criacao-uma-festa-de-fe-alegria-e-partilha-na-vila-clementino.html#primaryimage","url":"https:\/\/franciscanos.org.br\/noticias\/wp-content\/uploads\/2025\/06\/chamada-25.png","contentUrl":"https:\/\/franciscanos.org.br\/noticias\/wp-content\/uploads\/2025\/06\/chamada-25.png","width":800,"height":550},{"@type":"WebPage","@id":"https:\/\/franciscanos.org.br\/noticias\/santo-antonio-e-a-criacao-uma-festa-de-fe-alegria-e-partilha-na-vila-clementino.html#webpage","url":"https:\/\/franciscanos.org.br\/noticias\/santo-antonio-e-a-criacao-uma-festa-de-fe-alegria-e-partilha-na-vila-clementino.html","name":"Santo Ant\u00f4nio e a Cria\u00e7\u00e3o: Uma festa de f\u00e9, alegria e partilha na Vila Clementino - Not\u00edcias - Franciscanos","isPartOf":{"@id":"https:\/\/franciscanos.org.br\/noticias\/#website"},"primaryImageOfPage":{"@id":"https:\/\/franciscanos.org.br\/noticias\/santo-antonio-e-a-criacao-uma-festa-de-fe-alegria-e-partilha-na-vila-clementino.html#primaryimage"},"datePublished":"2025-06-16T18:30:14+00:00","dateModified":"2025-06-16T18:37:34+00:00","author":{"@id":"https:\/\/franciscanos.org.br\/noticias\/#\/schema\/person\/d9422e83121c3ad3b0f423d195f5bb25"},"breadcrumb":{"@id":"https:\/\/franciscanos.org.br\/noticias\/santo-antonio-e-a-criacao-uma-festa-de-fe-alegria-e-partilha-na-vila-clementino.html#breadcrumb"},"inLanguage":"pt-BR","potentialAction":[{"@type":"ReadAction","target":["https:\/\/franciscanos.org.br\/noticias\/santo-antonio-e-a-criacao-uma-festa-de-fe-alegria-e-partilha-na-vila-clementino.html"]}]},{"@type":"BreadcrumbList","@id":"https:\/\/franciscanos.org.br\/noticias\/santo-antonio-e-a-criacao-uma-festa-de-fe-alegria-e-partilha-na-vila-clementino.html#breadcrumb","itemListElement":[{"@type":"ListItem","position":1,"name":"Home","item":"https:\/\/franciscanos.org.br\/noticias"},{"@type":"ListItem","position":2,"name":"Santo Ant\u00f4nio e a Cria\u00e7\u00e3o: Uma festa de f\u00e9, alegria e partilha na Vila Clementino"}]},{"@type":"Person","@id":"https:\/\/franciscanos.org.br\/noticias\/#\/schema\/person\/d9422e83121c3ad3b0f423d195f5bb25","name":"Adriana Rabelo","image":{"@type":"ImageObject","inLanguage":"pt-BR","@id":"https:\/\/franciscanos.org.br\/noticias\/#\/schema\/person\/image\/","url":"https:\/\/secure.gravatar.com\/avatar\/0a937b7500cd7df77540cfb8bede877d?s=96&d=mm&r=g","contentUrl":"https:\/\/secure.gravatar.com\/avatar\/0a937b7500cd7df77540cfb8bede877d?s=96&d=mm&r=g","caption":"Adriana Rabelo"},"url":"https:\/\/franciscanos.org.br\/noticias\/author\/adrianarabelo"}]}},"_links":{"self":[{"href":"https:\/\/franciscanos.org.br\/noticias\/wp-json\/wp\/v2\/posts\/258028"}],"collection":[{"href":"https:\/\/franciscanos.org.br\/noticias\/wp-json\/wp\/v2\/posts"}],"about":[{"href":"https:\/\/franciscanos.org.br\/noticias\/wp-json\/wp\/v2\/types\/post"}],"author":[{"embeddable":true,"href":"https:\/\/franciscanos.org.br\/noticias\/wp-json\/wp\/v2\/users\/11"}],"replies":[{"embeddable":true,"href":"https:\/\/franciscanos.org.br\/noticias\/wp-json\/wp\/v2\/comments?post=258028"}],"version-history":[{"count":2,"href":"https:\/\/franciscanos.org.br\/noticias\/wp-json\/wp\/v2\/posts\/258028\/revisions"}],"predecessor-version":[{"id":258049,"href":"https:\/\/franciscanos.org.br\/noticias\/wp-json\/wp\/v2\/posts\/258028\/revisions\/258049"}],"wp:featuredmedia":[{"embeddable":true,"href":"https:\/\/franciscanos.org.br\/noticias\/wp-json\/wp\/v2\/media\/258029"}],"wp:attachment":[{"href":"https:\/\/franciscanos.org.br\/noticias\/wp-json\/wp\/v2\/media?parent=258028"}],"wp:term":[{"taxonomy":"category","embeddable":true,"href":"https:\/\/franciscanos.org.br\/noticias\/wp-json\/wp\/v2\/categories?post=258028"},{"taxonomy":"post_tag","embeddable":true,"href":"https:\/\/franciscanos.org.br\/noticias\/wp-json\/wp\/v2\/tags?post=258028"}],"curies":[{"name":"wp","href":"https:\/\/api.w.org\/{rel}","templated":true}]}}