{"id":258018,"date":"2025-06-16T09:03:43","date_gmt":"2025-06-16T12:03:43","guid":{"rendered":"https:\/\/franciscanos.org.br\/noticias\/?p=258018"},"modified":"2025-06-16T09:03:43","modified_gmt":"2025-06-16T12:03:43","slug":"festa-de-santo-antonio-na-paroquia-santa-clara-de-assis-em-duque-de-caxias","status":"publish","type":"post","link":"https:\/\/franciscanos.org.br\/noticias\/festa-de-santo-antonio-na-paroquia-santa-clara-de-assis-em-duque-de-caxias.html","title":{"rendered":"Festa de Santo Ant\u00f4nio na Paroquia Santa Clara de Assis em Duque de Caxias"},"content":{"rendered":"<p data-start=\"145\" data-end=\"572\"><img loading=\"lazy\" class=\"aligncenter wp-image-258019 size-full\" src=\"https:\/\/franciscanos.org.br\/noticias\/wp-content\/uploads\/2025\/06\/materia-17.png\" alt=\"\" width=\"1280\" height=\"720\" srcset=\"https:\/\/franciscanos.org.br\/noticias\/wp-content\/uploads\/2025\/06\/materia-17.png 1280w, https:\/\/franciscanos.org.br\/noticias\/wp-content\/uploads\/2025\/06\/materia-17-450x253.png 450w, https:\/\/franciscanos.org.br\/noticias\/wp-content\/uploads\/2025\/06\/materia-17-1024x576.png 1024w, https:\/\/franciscanos.org.br\/noticias\/wp-content\/uploads\/2025\/06\/materia-17-768x432.png 768w, https:\/\/franciscanos.org.br\/noticias\/wp-content\/uploads\/2025\/06\/materia-17-150x84.png 150w\" sizes=\"(max-width: 1280px) 100vw, 1280px\" \/><\/p>\n<p data-start=\"145\" data-end=\"572\">&#8220;Uns dizem de P\u00e1dua, outros de Lisboa; no entanto, Santo Ant\u00f4nio \u00e9 do mundo inteiro, um Franciscano que, seguindo Cristo, a exemplo de Francisco de Assis, se fez seguimento de humildade e de amor aos irm\u00e3os.&#8221; Com esta sauda\u00e7\u00e3o, o p\u00e1roco da Par\u00f3quia Santa Clara de Assis, em Imbari\u00ea, Frei Jean Carlos Ajluni Oliveira, iniciou a celebra\u00e7\u00e3o dos festejos de Santo Ant\u00f4nio no Centro Paroquial Paz e Bem, na sexta-feira, 13 de junho.<\/p>\n<p data-start=\"574\" data-end=\"882\">Num determinado momento da celebra\u00e7\u00e3o, membros da Pastoral Social de nossa par\u00f3quia, COPAS, que assumiram a prepara\u00e7\u00e3o da liturgia do dia, fizeram o relato da hist\u00f3ria, mem\u00f3ria, feitos e o milagre de Santo Ant\u00f4nio ligado \u00e0 Eucaristia: o famoso milagre da mula que se prostrou diante do Sant\u00edssimo Sacramento.<\/p>\n<p data-start=\"884\" data-end=\"1218\"><img loading=\"lazy\" class=\"aligncenter wp-image-258020 size-full\" src=\"https:\/\/franciscanos.org.br\/noticias\/wp-content\/uploads\/2025\/06\/materia-18.png\" alt=\"\" width=\"1280\" height=\"720\" srcset=\"https:\/\/franciscanos.org.br\/noticias\/wp-content\/uploads\/2025\/06\/materia-18.png 1280w, https:\/\/franciscanos.org.br\/noticias\/wp-content\/uploads\/2025\/06\/materia-18-450x253.png 450w, https:\/\/franciscanos.org.br\/noticias\/wp-content\/uploads\/2025\/06\/materia-18-1024x576.png 1024w, https:\/\/franciscanos.org.br\/noticias\/wp-content\/uploads\/2025\/06\/materia-18-768x432.png 768w, https:\/\/franciscanos.org.br\/noticias\/wp-content\/uploads\/2025\/06\/materia-18-150x84.png 150w\" sizes=\"(max-width: 1280px) 100vw, 1280px\" \/><\/p>\n<p data-start=\"884\" data-end=\"1218\">A f\u00e9 popular faz deste homem um dos mais milagreiro**,** pois sempre buscou exalar o odor do Cristo pobre e crucificado. Migrando da ordem dos Agostinianos para a Ordem dos Frades Menores, devido ao testemunho dos m\u00e1rtires do Marrocos, passou a viver ardentemente desejando o mesmo caminho: doar sua vida at\u00e9 o fim pelo amor do Reino.<\/p>\n<p data-start=\"1220\" data-end=\"1994\">\n<p data-start=\"1220\" data-end=\"1994\">Na reflex\u00e3o desta festa lit\u00fargica, Frei Jean ressaltou que: &#8220;Crer em Jesus e a f\u00e9 que leva \u00e0 salva\u00e7\u00e3o \u00e9 aquela que nos leva ao amor a Deus e aos irm\u00e3os. Santo Ant\u00f4nio passou a sua vida dedicando-se de forma especial \u00e0queles que mais precisavam, aos \u00faltimos, aos pobres. Tal amor que Ant\u00f4nio viveu atrav\u00e9s da palavra e da f\u00e9 se transbordou em amor aos irm\u00e3os, reflexo do seu amor pela Eucaristia. Em nossa par\u00f3quia n\u00e3o temos desculpas: temos Santa Clara apaixonada pela Eucaristia, temos S\u00e3o Francisco apaixonado pela Eucaristia e Santo Ant\u00f4nio apaixonado pela Eucaristia. Por fim, queridos irm\u00e3os e irm\u00e3s, que nosso apaixonamento possa transbordar aos irm\u00e3os da mesma forma que transborda no Altar, superando as divis\u00f5es, diferen\u00e7as, rixas e dificuldades&#8221;, destacou o frade.<\/p>\n<p data-start=\"1996\" data-end=\"2196\">\n\n\t\t<style type=\"text\/css\">\n\t\t\t#gallery-1 {\n\t\t\t\tmargin: auto;\n\t\t\t}\n\t\t\t#gallery-1 .gallery-item {\n\t\t\t\tfloat: left;\n\t\t\t\tmargin-top: 10px;\n\t\t\t\ttext-align: center;\n\t\t\t\twidth: 33%;\n\t\t\t}\n\t\t\t#gallery-1 img {\n\t\t\t\tborder: 2px solid #cfcfcf;\n\t\t\t}\n\t\t\t#gallery-1 .gallery-caption {\n\t\t\t\tmargin-left: 0;\n\t\t\t}\n\t\t\t\/* see gallery_shortcode() in wp-includes\/media.php *\/\n\t\t<\/style>\n\t\t<div id='gallery-1' class='gallery galleryid-258018 gallery-columns-3 gallery-size-thumbnail'><dl class='gallery-item'>\n\t\t\t<dt class='gallery-icon portrait'>\n\t\t\t\t<a href='https:\/\/franciscanos.org.br\/noticias\/wp-content\/uploads\/2025\/06\/Imagem-do-WhatsApp-de-2025-06-15-as-00.40.58_2d71bf17.jpg'><img width=\"300\" height=\"300\" src=\"https:\/\/franciscanos.org.br\/noticias\/wp-content\/uploads\/2025\/06\/Imagem-do-WhatsApp-de-2025-06-15-as-00.40.58_2d71bf17-300x300.jpg\" class=\"attachment-thumbnail size-thumbnail\" alt=\"\" loading=\"lazy\" srcset=\"https:\/\/franciscanos.org.br\/noticias\/wp-content\/uploads\/2025\/06\/Imagem-do-WhatsApp-de-2025-06-15-as-00.40.58_2d71bf17-300x300.jpg 300w, https:\/\/franciscanos.org.br\/noticias\/wp-content\/uploads\/2025\/06\/Imagem-do-WhatsApp-de-2025-06-15-as-00.40.58_2d71bf17-100x100.jpg 100w\" sizes=\"(max-width: 300px) 100vw, 300px\" \/><\/a>\n\t\t\t<\/dt><\/dl><dl class='gallery-item'>\n\t\t\t<dt class='gallery-icon portrait'>\n\t\t\t\t<a href='https:\/\/franciscanos.org.br\/noticias\/wp-content\/uploads\/2025\/06\/Festa-de-Santo-Antonio_-_Uns-dizem-de-Padua_-outros-de-Lisboa_-no-entanto-Santo-Antonio-e-do-mundo-i_1.png'><img width=\"300\" height=\"300\" src=\"https:\/\/franciscanos.org.br\/noticias\/wp-content\/uploads\/2025\/06\/Festa-de-Santo-Antonio_-_Uns-dizem-de-Padua_-outros-de-Lisboa_-no-entanto-Santo-Antonio-e-do-mundo-i_1-300x300.png\" class=\"attachment-thumbnail size-thumbnail\" alt=\"\" loading=\"lazy\" srcset=\"https:\/\/franciscanos.org.br\/noticias\/wp-content\/uploads\/2025\/06\/Festa-de-Santo-Antonio_-_Uns-dizem-de-Padua_-outros-de-Lisboa_-no-entanto-Santo-Antonio-e-do-mundo-i_1-300x300.png 300w, https:\/\/franciscanos.org.br\/noticias\/wp-content\/uploads\/2025\/06\/Festa-de-Santo-Antonio_-_Uns-dizem-de-Padua_-outros-de-Lisboa_-no-entanto-Santo-Antonio-e-do-mundo-i_1-100x100.png 100w\" sizes=\"(max-width: 300px) 100vw, 300px\" \/><\/a>\n\t\t\t<\/dt><\/dl><dl class='gallery-item'>\n\t\t\t<dt class='gallery-icon portrait'>\n\t\t\t\t<a href='https:\/\/franciscanos.org.br\/noticias\/wp-content\/uploads\/2025\/06\/Festa-de-Santo-Antonio_-_Uns-dizem-de-Padua_-outros-de-Lisboa_-no-entanto-Santo-Antonio-e-do-mundo-i.png'><img width=\"300\" height=\"300\" src=\"https:\/\/franciscanos.org.br\/noticias\/wp-content\/uploads\/2025\/06\/Festa-de-Santo-Antonio_-_Uns-dizem-de-Padua_-outros-de-Lisboa_-no-entanto-Santo-Antonio-e-do-mundo-i-300x300.png\" class=\"attachment-thumbnail size-thumbnail\" alt=\"\" loading=\"lazy\" srcset=\"https:\/\/franciscanos.org.br\/noticias\/wp-content\/uploads\/2025\/06\/Festa-de-Santo-Antonio_-_Uns-dizem-de-Padua_-outros-de-Lisboa_-no-entanto-Santo-Antonio-e-do-mundo-i-300x300.png 300w, https:\/\/franciscanos.org.br\/noticias\/wp-content\/uploads\/2025\/06\/Festa-de-Santo-Antonio_-_Uns-dizem-de-Padua_-outros-de-Lisboa_-no-entanto-Santo-Antonio-e-do-mundo-i-100x100.png 100w\" sizes=\"(max-width: 300px) 100vw, 300px\" \/><\/a>\n\t\t\t<\/dt><\/dl><br style=\"clear: both\" \/>\n\t\t<\/div>\n\n<p data-start=\"1996\" data-end=\"2196\">Durante a prepara\u00e7\u00e3o das oferendas, a assembleia p\u00f4de ofertar os alimentos arrecadados, que futuramente se tornar\u00e3o cestas b\u00e1sicas para os irm\u00e3os acompanhados pela Pastoral Social, COPAS, da par\u00f3quia.<\/p>\n<p data-start=\"2198\" data-end=\"2559\">Ao t\u00e9rmino da celebra\u00e7\u00e3o, foi dada a b\u00ean\u00e7\u00e3o tradicional de Santo Ant\u00f4nio, juntamente com a b\u00ean\u00e7\u00e3o dos p\u00e3es. A tradi\u00e7\u00e3o da distribui\u00e7\u00e3o dos p\u00e3es de Santo Ant\u00f4nio ap\u00f3s a missa surgiu a partir da pr\u00e1tica do pr\u00f3prio santo padroeiro, que alimentava os pobres e os doentes com os p\u00e3es do convento onde morava, e estes, por sua vez, alegavam ficar curados ao com\u00ea-los.<\/p>\n<p data-start=\"2561\" data-end=\"2782\">Que, a exemplo de Santo Ant\u00f4nio, possamos ser instrumentos do Cristo humilde, pobre e crucificado. Que o p\u00e3o nunca falte em nossa mesa e na mesa dos irm\u00e3os, pela intercess\u00e3o do grande, poderoso e milagreiro Santo Ant\u00f4nio.<\/p>\n<hr \/>\n<p data-start=\"2561\" data-end=\"2782\"><em>Frei Franklin Matheus<\/em><\/p>\n","protected":false},"excerpt":{"rendered":"<p>Festa de Santo Ant\u00f4nio 2025<\/p>\n","protected":false},"author":11,"featured_media":258025,"comment_status":"open","ping_status":"open","sticky":false,"template":"","format":"standard","meta":[],"categories":[1],"tags":[2344,2325],"acf":[],"yoast_head":"<!-- This site is optimized with the Yoast SEO plugin v19.2 - https:\/\/yoast.com\/wordpress\/plugins\/seo\/ -->\n<title>Festa de Santo Ant\u00f4nio na Paroquia Santa Clara de Assis em Duque de Caxias - Not\u00edcias - Franciscanos<\/title>\n<meta name=\"robots\" content=\"index, follow, max-snippet:-1, max-image-preview:large, max-video-preview:-1\" \/>\n<link rel=\"canonical\" href=\"https:\/\/franciscanos.org.br\/noticias\/festa-de-santo-antonio-na-paroquia-santa-clara-de-assis-em-duque-de-caxias.html\" \/>\n<meta property=\"og:locale\" content=\"pt_BR\" \/>\n<meta property=\"og:type\" content=\"article\" \/>\n<meta property=\"og:title\" content=\"Festa de Santo Ant\u00f4nio na Paroquia Santa Clara de Assis em Duque de Caxias - Not\u00edcias - Franciscanos\" \/>\n<meta property=\"og:description\" content=\"Festa de Santo Ant\u00f4nio 2025\" \/>\n<meta property=\"og:url\" content=\"https:\/\/franciscanos.org.br\/noticias\/festa-de-santo-antonio-na-paroquia-santa-clara-de-assis-em-duque-de-caxias.html\" \/>\n<meta property=\"og:site_name\" content=\"Not\u00edcias - Franciscanos\" \/>\n<meta property=\"article:published_time\" content=\"2025-06-16T12:03:43+00:00\" \/>\n<meta property=\"og:image\" content=\"https:\/\/franciscanos.org.br\/noticias\/wp-content\/uploads\/2025\/06\/chamada-24.png\" \/>\n\t<meta property=\"og:image:width\" content=\"800\" \/>\n\t<meta property=\"og:image:height\" content=\"550\" \/>\n\t<meta property=\"og:image:type\" content=\"image\/png\" \/>\n<meta name=\"author\" content=\"Adriana Rabelo\" \/>\n<meta name=\"twitter:card\" content=\"summary_large_image\" \/>\n<meta name=\"twitter:label1\" content=\"Escrito por\" \/>\n\t<meta name=\"twitter:data1\" content=\"Adriana Rabelo\" \/>\n\t<meta name=\"twitter:label2\" content=\"Est. tempo de leitura\" \/>\n\t<meta name=\"twitter:data2\" content=\"2 minutos\" \/>\n<script type=\"application\/ld+json\" class=\"yoast-schema-graph\">{\"@context\":\"https:\/\/schema.org\",\"@graph\":[{\"@type\":\"WebSite\",\"@id\":\"https:\/\/franciscanos.org.br\/noticias\/#website\",\"url\":\"https:\/\/franciscanos.org.br\/noticias\/\",\"name\":\"Not\u00edcias - Franciscanos\",\"description\":\"Prov\u00edncia Franciscana da Imaculada Concei\u00e7\u00e3o do Brasil - Ordem dos Frades Menores - OFM\",\"potentialAction\":[{\"@type\":\"SearchAction\",\"target\":{\"@type\":\"EntryPoint\",\"urlTemplate\":\"https:\/\/franciscanos.org.br\/noticias\/?s={search_term_string}\"},\"query-input\":\"required name=search_term_string\"}],\"inLanguage\":\"pt-BR\"},{\"@type\":\"ImageObject\",\"inLanguage\":\"pt-BR\",\"@id\":\"https:\/\/franciscanos.org.br\/noticias\/festa-de-santo-antonio-na-paroquia-santa-clara-de-assis-em-duque-de-caxias.html#primaryimage\",\"url\":\"https:\/\/franciscanos.org.br\/noticias\/wp-content\/uploads\/2025\/06\/chamada-24.png\",\"contentUrl\":\"https:\/\/franciscanos.org.br\/noticias\/wp-content\/uploads\/2025\/06\/chamada-24.png\",\"width\":800,\"height\":550},{\"@type\":\"WebPage\",\"@id\":\"https:\/\/franciscanos.org.br\/noticias\/festa-de-santo-antonio-na-paroquia-santa-clara-de-assis-em-duque-de-caxias.html#webpage\",\"url\":\"https:\/\/franciscanos.org.br\/noticias\/festa-de-santo-antonio-na-paroquia-santa-clara-de-assis-em-duque-de-caxias.html\",\"name\":\"Festa de Santo Ant\u00f4nio na Paroquia Santa Clara de Assis em Duque de Caxias - Not\u00edcias - Franciscanos\",\"isPartOf\":{\"@id\":\"https:\/\/franciscanos.org.br\/noticias\/#website\"},\"primaryImageOfPage\":{\"@id\":\"https:\/\/franciscanos.org.br\/noticias\/festa-de-santo-antonio-na-paroquia-santa-clara-de-assis-em-duque-de-caxias.html#primaryimage\"},\"datePublished\":\"2025-06-16T12:03:43+00:00\",\"dateModified\":\"2025-06-16T12:03:43+00:00\",\"author\":{\"@id\":\"https:\/\/franciscanos.org.br\/noticias\/#\/schema\/person\/d9422e83121c3ad3b0f423d195f5bb25\"},\"breadcrumb\":{\"@id\":\"https:\/\/franciscanos.org.br\/noticias\/festa-de-santo-antonio-na-paroquia-santa-clara-de-assis-em-duque-de-caxias.html#breadcrumb\"},\"inLanguage\":\"pt-BR\",\"potentialAction\":[{\"@type\":\"ReadAction\",\"target\":[\"https:\/\/franciscanos.org.br\/noticias\/festa-de-santo-antonio-na-paroquia-santa-clara-de-assis-em-duque-de-caxias.html\"]}]},{\"@type\":\"BreadcrumbList\",\"@id\":\"https:\/\/franciscanos.org.br\/noticias\/festa-de-santo-antonio-na-paroquia-santa-clara-de-assis-em-duque-de-caxias.html#breadcrumb\",\"itemListElement\":[{\"@type\":\"ListItem\",\"position\":1,\"name\":\"Home\",\"item\":\"https:\/\/franciscanos.org.br\/noticias\"},{\"@type\":\"ListItem\",\"position\":2,\"name\":\"Festa de Santo Ant\u00f4nio na Paroquia Santa Clara de Assis em Duque de Caxias\"}]},{\"@type\":\"Person\",\"@id\":\"https:\/\/franciscanos.org.br\/noticias\/#\/schema\/person\/d9422e83121c3ad3b0f423d195f5bb25\",\"name\":\"Adriana Rabelo\",\"image\":{\"@type\":\"ImageObject\",\"inLanguage\":\"pt-BR\",\"@id\":\"https:\/\/franciscanos.org.br\/noticias\/#\/schema\/person\/image\/\",\"url\":\"https:\/\/secure.gravatar.com\/avatar\/0a937b7500cd7df77540cfb8bede877d?s=96&d=mm&r=g\",\"contentUrl\":\"https:\/\/secure.gravatar.com\/avatar\/0a937b7500cd7df77540cfb8bede877d?s=96&d=mm&r=g\",\"caption\":\"Adriana Rabelo\"},\"url\":\"https:\/\/franciscanos.org.br\/noticias\/author\/adrianarabelo\"}]}<\/script>\n<!-- \/ Yoast SEO plugin. -->","yoast_head_json":{"title":"Festa de Santo Ant\u00f4nio na Paroquia Santa Clara de Assis em Duque de Caxias - Not\u00edcias - Franciscanos","robots":{"index":"index","follow":"follow","max-snippet":"max-snippet:-1","max-image-preview":"max-image-preview:large","max-video-preview":"max-video-preview:-1"},"canonical":"https:\/\/franciscanos.org.br\/noticias\/festa-de-santo-antonio-na-paroquia-santa-clara-de-assis-em-duque-de-caxias.html","og_locale":"pt_BR","og_type":"article","og_title":"Festa de Santo Ant\u00f4nio na Paroquia Santa Clara de Assis em Duque de Caxias - Not\u00edcias - Franciscanos","og_description":"Festa de Santo Ant\u00f4nio 2025","og_url":"https:\/\/franciscanos.org.br\/noticias\/festa-de-santo-antonio-na-paroquia-santa-clara-de-assis-em-duque-de-caxias.html","og_site_name":"Not\u00edcias - Franciscanos","article_published_time":"2025-06-16T12:03:43+00:00","og_image":[{"width":800,"height":550,"url":"https:\/\/franciscanos.org.br\/noticias\/wp-content\/uploads\/2025\/06\/chamada-24.png","type":"image\/png"}],"author":"Adriana Rabelo","twitter_card":"summary_large_image","twitter_misc":{"Escrito por":"Adriana Rabelo","Est. tempo de leitura":"2 minutos"},"schema":{"@context":"https:\/\/schema.org","@graph":[{"@type":"WebSite","@id":"https:\/\/franciscanos.org.br\/noticias\/#website","url":"https:\/\/franciscanos.org.br\/noticias\/","name":"Not\u00edcias - Franciscanos","description":"Prov\u00edncia Franciscana da Imaculada Concei\u00e7\u00e3o do Brasil - Ordem dos Frades Menores - OFM","potentialAction":[{"@type":"SearchAction","target":{"@type":"EntryPoint","urlTemplate":"https:\/\/franciscanos.org.br\/noticias\/?s={search_term_string}"},"query-input":"required name=search_term_string"}],"inLanguage":"pt-BR"},{"@type":"ImageObject","inLanguage":"pt-BR","@id":"https:\/\/franciscanos.org.br\/noticias\/festa-de-santo-antonio-na-paroquia-santa-clara-de-assis-em-duque-de-caxias.html#primaryimage","url":"https:\/\/franciscanos.org.br\/noticias\/wp-content\/uploads\/2025\/06\/chamada-24.png","contentUrl":"https:\/\/franciscanos.org.br\/noticias\/wp-content\/uploads\/2025\/06\/chamada-24.png","width":800,"height":550},{"@type":"WebPage","@id":"https:\/\/franciscanos.org.br\/noticias\/festa-de-santo-antonio-na-paroquia-santa-clara-de-assis-em-duque-de-caxias.html#webpage","url":"https:\/\/franciscanos.org.br\/noticias\/festa-de-santo-antonio-na-paroquia-santa-clara-de-assis-em-duque-de-caxias.html","name":"Festa de Santo Ant\u00f4nio na Paroquia Santa Clara de Assis em Duque de Caxias - Not\u00edcias - Franciscanos","isPartOf":{"@id":"https:\/\/franciscanos.org.br\/noticias\/#website"},"primaryImageOfPage":{"@id":"https:\/\/franciscanos.org.br\/noticias\/festa-de-santo-antonio-na-paroquia-santa-clara-de-assis-em-duque-de-caxias.html#primaryimage"},"datePublished":"2025-06-16T12:03:43+00:00","dateModified":"2025-06-16T12:03:43+00:00","author":{"@id":"https:\/\/franciscanos.org.br\/noticias\/#\/schema\/person\/d9422e83121c3ad3b0f423d195f5bb25"},"breadcrumb":{"@id":"https:\/\/franciscanos.org.br\/noticias\/festa-de-santo-antonio-na-paroquia-santa-clara-de-assis-em-duque-de-caxias.html#breadcrumb"},"inLanguage":"pt-BR","potentialAction":[{"@type":"ReadAction","target":["https:\/\/franciscanos.org.br\/noticias\/festa-de-santo-antonio-na-paroquia-santa-clara-de-assis-em-duque-de-caxias.html"]}]},{"@type":"BreadcrumbList","@id":"https:\/\/franciscanos.org.br\/noticias\/festa-de-santo-antonio-na-paroquia-santa-clara-de-assis-em-duque-de-caxias.html#breadcrumb","itemListElement":[{"@type":"ListItem","position":1,"name":"Home","item":"https:\/\/franciscanos.org.br\/noticias"},{"@type":"ListItem","position":2,"name":"Festa de Santo Ant\u00f4nio na Paroquia Santa Clara de Assis em Duque de Caxias"}]},{"@type":"Person","@id":"https:\/\/franciscanos.org.br\/noticias\/#\/schema\/person\/d9422e83121c3ad3b0f423d195f5bb25","name":"Adriana Rabelo","image":{"@type":"ImageObject","inLanguage":"pt-BR","@id":"https:\/\/franciscanos.org.br\/noticias\/#\/schema\/person\/image\/","url":"https:\/\/secure.gravatar.com\/avatar\/0a937b7500cd7df77540cfb8bede877d?s=96&d=mm&r=g","contentUrl":"https:\/\/secure.gravatar.com\/avatar\/0a937b7500cd7df77540cfb8bede877d?s=96&d=mm&r=g","caption":"Adriana Rabelo"},"url":"https:\/\/franciscanos.org.br\/noticias\/author\/adrianarabelo"}]}},"_links":{"self":[{"href":"https:\/\/franciscanos.org.br\/noticias\/wp-json\/wp\/v2\/posts\/258018"}],"collection":[{"href":"https:\/\/franciscanos.org.br\/noticias\/wp-json\/wp\/v2\/posts"}],"about":[{"href":"https:\/\/franciscanos.org.br\/noticias\/wp-json\/wp\/v2\/types\/post"}],"author":[{"embeddable":true,"href":"https:\/\/franciscanos.org.br\/noticias\/wp-json\/wp\/v2\/users\/11"}],"replies":[{"embeddable":true,"href":"https:\/\/franciscanos.org.br\/noticias\/wp-json\/wp\/v2\/comments?post=258018"}],"version-history":[{"count":3,"href":"https:\/\/franciscanos.org.br\/noticias\/wp-json\/wp\/v2\/posts\/258018\/revisions"}],"predecessor-version":[{"id":258027,"href":"https:\/\/franciscanos.org.br\/noticias\/wp-json\/wp\/v2\/posts\/258018\/revisions\/258027"}],"wp:featuredmedia":[{"embeddable":true,"href":"https:\/\/franciscanos.org.br\/noticias\/wp-json\/wp\/v2\/media\/258025"}],"wp:attachment":[{"href":"https:\/\/franciscanos.org.br\/noticias\/wp-json\/wp\/v2\/media?parent=258018"}],"wp:term":[{"taxonomy":"category","embeddable":true,"href":"https:\/\/franciscanos.org.br\/noticias\/wp-json\/wp\/v2\/categories?post=258018"},{"taxonomy":"post_tag","embeddable":true,"href":"https:\/\/franciscanos.org.br\/noticias\/wp-json\/wp\/v2\/tags?post=258018"}],"curies":[{"name":"wp","href":"https:\/\/api.w.org\/{rel}","templated":true}]}}