{"id":258007,"date":"2025-06-13T14:05:01","date_gmt":"2025-06-13T17:05:01","guid":{"rendered":"https:\/\/franciscanos.org.br\/noticias\/?p=258007"},"modified":"2025-06-13T14:06:19","modified_gmt":"2025-06-13T17:06:19","slug":"dom-odilo-destaca-as-virtudes-de-santo-antonio-humilde-pregador-penitente-e-atento-aos-pobres","status":"publish","type":"post","link":"https:\/\/franciscanos.org.br\/noticias\/dom-odilo-destaca-as-virtudes-de-santo-antonio-humilde-pregador-penitente-e-atento-aos-pobres.html","title":{"rendered":"Dom Odilo destaca as virtudes de Santo Ant\u00f4nio: humilde, pregador, penitente e atento aos pobres"},"content":{"rendered":"<div id=\"attachment_258009\" style=\"width: 1290px\" class=\"wp-caption alignnone\"><img aria-describedby=\"caption-attachment-258009\" loading=\"lazy\" class=\"wp-image-258009 size-full\" src=\"https:\/\/franciscanos.org.br\/noticias\/wp-content\/uploads\/2025\/06\/materia-3-6.png\" alt=\"\" width=\"1280\" height=\"720\" srcset=\"https:\/\/franciscanos.org.br\/noticias\/wp-content\/uploads\/2025\/06\/materia-3-6.png 1280w, https:\/\/franciscanos.org.br\/noticias\/wp-content\/uploads\/2025\/06\/materia-3-6-450x253.png 450w, https:\/\/franciscanos.org.br\/noticias\/wp-content\/uploads\/2025\/06\/materia-3-6-1024x576.png 1024w, https:\/\/franciscanos.org.br\/noticias\/wp-content\/uploads\/2025\/06\/materia-3-6-768x432.png 768w, https:\/\/franciscanos.org.br\/noticias\/wp-content\/uploads\/2025\/06\/materia-3-6-150x84.png 150w\" sizes=\"(max-width: 1280px) 100vw, 1280px\" \/><p id=\"caption-attachment-258009\" class=\"wp-caption-text\">Foto: Fernando Arthur\/O S\u00c3O PAULO<\/p><\/div>\n<p>Na mem\u00f3ria lit\u00fargica de Santo Ant\u00f4nio, presb\u00edtero e doutor da Igreja, o Cardeal Odilo Pedro Scherer presidiu missa, no in\u00edcio da manh\u00e3 desta sexta-feira, 13, na Par\u00f3quia Santo Ant\u00f4nio do Pari, na Regi\u00e3o S\u00e9, com a comunidade de fi\u00e9is e os frades da Prov\u00edncia Franciscana da Imaculada Concei\u00e7\u00e3o do Brasil, que em 2025 celebra 350 anos de sua cria\u00e7\u00e3o. Tamb\u00e9m vem sendo comemorado ao longo de todo este per\u00edodo os 800 anos do C\u00e2ntico das Criaturas, um grande louvor do Santo a Deus pelas obras da cria\u00e7\u00e3o.<\/p>\n<p>Ap\u00f3s ser saudado pelo Frei Gilberto Marcos Sessino Piscitelli, P\u00e1roco, Dom Odilo recordou que Santo Ant\u00f4nio \u00e9 muito querido pelos cat\u00f3licos em todo o mundo e que a comunidade franciscana tem muitos neste ano de 2025 para celebrar e agradecer a Deus, renovando a esperan\u00e7a, conforme lembra o tema do Jubileu. \u201cSanto Ant\u00f4nio nos incentiva a viver na esperan\u00e7a\u201d, sublinhou.<\/p>\n<p><strong>Testemunho de humildade<\/strong><\/p>\n<p>Na homilia, Dom Odilo recordou que Santo Ant\u00f4nio (1195-1231) foi muito importante para a Ordem Franciscana em seu in\u00edcio, por ter ajudado S\u00e3o Francisco de Assis com seus profundos conhecimentos como te\u00f3logo.<\/p>\n<p>Entretanto, mesmo s\u00e1bio e muito inteligente, Santo Ant\u00f4nio viveu profundamente a humildade: \u201cEle trabalhava na cozinha, na despensa, fazendo os servi\u00e7os humildes da casa. E a humildade \u00e9 justamente a gente se colocar junto com os outros, n\u00e3o pretender estar um pouco acima dos outros\u201d, destacou Dom Odilo, ressaltando que este \u00e9 um exemplo a ser seguido por todos os crist\u00e3os, j\u00e1 que o pr\u00f3prio Cristo disse que veio para servir n\u00e3o para ser servido.<\/p>\n<p>\u201cO crist\u00e3o deve viver tamb\u00e9m essa atitude da humildade, que n\u00e3o \u00e9 a anula\u00e7\u00e3o de si, n\u00e3o \u00e9 negar suas qualidades e capacidades, mas coloc\u00e1-las a servi\u00e7o dos irm\u00e3os. Deus ama os que s\u00e3o humildes, os que vivem a simplicidade, mas detesta os soberbos. Santo Ant\u00f4nio, um homem humilde, tem muito a nos ensinar\u201d, sublinhou Dom Odilo.<\/p>\n<p><strong>Pregador e penitente<\/strong><\/p>\n<p>O Arcebispo tamb\u00e9m destacou que Santo Ant\u00f4nio foi um grande pregador do Evangelho e mission\u00e1rio popular, uma atitude a todo tempo necess\u00e1ria: \u201cTamb\u00e9m hoje, n\u00f3s precisamos pregar, anunciar\u201d, disse Dom Odilo, lembrando aos fi\u00e9is que n\u00e3o se deve pensar que todos j\u00e1 conhe\u00e7am as verdades do Evangelho, e que a transmiss\u00e3o da f\u00e9 deve come\u00e7ar em casa, de gera\u00e7\u00e3o em gera\u00e7\u00e3o, com palavras e exemplos concretos; e se dar de modo permanente pela Catequese, retiros e encontros formativos.<\/p>\n<p>O Cardeal tamb\u00e9m destacou que Santo Ant\u00f4nio foi um homem penitente, algu\u00e9m que sempre se via como um pecador que mais e mais queria se converter a Deus. O Arcebispo destacou que quem faz penit\u00eancia reconhece aquilo que precisa melhorar em si para se aproximar mais de Deus.<\/p>\n<p>\u201cPrecisamos fazer Penit\u00eancia na vida. Jesus unia a penit\u00eancia e a ora\u00e7\u00e3o. A ora\u00e7\u00e3o e a penit\u00eancia nos mant\u00eam no caminho de Deus, e mant\u00eam a consci\u00eancia do nosso viver enquanto crist\u00e3os, enquanto filhos de Deus\u201d, insistiu.<\/p>\n<p><strong>Aten\u00e7\u00e3o aos mais pobres<\/strong><\/p>\n<div id=\"attachment_258011\" style=\"width: 1290px\" class=\"wp-caption alignnone\"><img aria-describedby=\"caption-attachment-258011\" loading=\"lazy\" class=\"wp-image-258011 size-full\" src=\"https:\/\/franciscanos.org.br\/noticias\/wp-content\/uploads\/2025\/06\/materia-16.png\" alt=\"\" width=\"1280\" height=\"720\" srcset=\"https:\/\/franciscanos.org.br\/noticias\/wp-content\/uploads\/2025\/06\/materia-16.png 1280w, https:\/\/franciscanos.org.br\/noticias\/wp-content\/uploads\/2025\/06\/materia-16-450x253.png 450w, https:\/\/franciscanos.org.br\/noticias\/wp-content\/uploads\/2025\/06\/materia-16-1024x576.png 1024w, https:\/\/franciscanos.org.br\/noticias\/wp-content\/uploads\/2025\/06\/materia-16-768x432.png 768w, https:\/\/franciscanos.org.br\/noticias\/wp-content\/uploads\/2025\/06\/materia-16-150x84.png 150w\" sizes=\"(max-width: 1280px) 100vw, 1280px\" \/><p id=\"caption-attachment-258011\" class=\"wp-caption-text\">Fernando Arthur\/O S\u00c3O PAULO<\/p><\/div>\n<p>Ainda na homilia, Dom Odilo recordou a aten\u00e7\u00e3o de Santo Ant\u00f4nio com os mais pobres, raz\u00e3o pela qual ele \u00e9 t\u00e3o querido ainda hoje: \u201cSanto Ant\u00f4nio dos Pobres! Sim, ele fazia muito benef\u00edcio aos pobres, tinha um grande amor aos pobres, \u00e9 por isso que hoje se benze o p\u00e3o de Santo Ant\u00f4nio\u201d.<\/p>\n<p>Esse p\u00e3o que \u00e9 aben\u00e7oado, por\u00e9m, n\u00e3o deve ser guardado na cren\u00e7a de que trar\u00e1 fartura para quem o tiver, mas deve ser sinal de partilha: \u201cO p\u00e3o que \u00e9 benzido hoje \u00e9 para ser repartido: leve para casa, reparta o p\u00e3o ou, ent\u00e3o, reparta com os pobres. Esse \u00e9 o sentido da b\u00ean\u00e7\u00e3o do p\u00e3o de Santo Ant\u00f4nio, n\u00e3o \u00e9 para ter um amuleto em casa\u201d, insistiu, destacando os ensinamentos de Jesus para que n\u00e3o se feche o cora\u00e7\u00e3o e os olhos aos mais pobres.<\/p>\n<p>Dom Odilo tamb\u00e9m falou sobre a piedade popular de Santo Ant\u00f4nio como santo casamenteiro, fama que decorre do fato de uma mo\u00e7a t\u00ea-lo procurado pedindo que a ajudasse a encontrar um bom marido, e que ele a aben\u00e7oou e tempos depois a mulher se casou. O Arcebispo disse que \u00e9 positivo que as pessoas rezem ao Santo para que possam se casar bem na Igreja, fazer uma boa prepara\u00e7\u00e3o para o Matrim\u00f4nio e bem viv\u00ea-lo para ter uma fam\u00edlia aben\u00e7oada.<\/p>\n<p>\u201cQuanto n\u00f3s precisamos disso hoje: valorizar o casamento, valorizar a vida em fam\u00edlia! Que Santo Ant\u00f4nio interceda pelas fam\u00edlias, pelos namorados, pelos jovens casais, e por todos os casais, e ajude a viver bem o casamento, a vida em fam\u00edlia, como Deus quer\u201d, comentou.<\/p>\n<p><strong>Mais do que milagres<\/strong><\/p>\n<p>Por fim, o Arcebispo exortou os fi\u00e9is que sempre aprendam mais e mais sobre os santos: \u201cMais do que fazer milagres, os santos nos ensinam, nos estimulam, nos encorajam. Os santos s\u00e3o para n\u00f3s sempre esse sinal de supera\u00e7\u00e3o e esperan\u00e7a, e a esperan\u00e7a n\u00e3o se reduz aos bens desta vida, mas \u00e0 grande esperan\u00e7a, esperan\u00e7a da vida eterna, da salva\u00e7\u00e3o, da reden\u00e7\u00e3o, da miseric\u00f3rdia de Deus. Que Deus nos ajude e que a imita\u00e7\u00e3o de Santo Ant\u00f4nio possa nos ajudar a viver bem como crist\u00e3os, como cat\u00f3licos e filhos da Igreja\u201d.<\/p>\n<p>Al\u00e9m da missa com Dom Odilo \u00e0s 7h30, outra ocorreu \u00e0s 9h, presidida por Dom Rog\u00e9rio Augusto das Neves, Bispo Auxiliar da Arquidiocese na Regi\u00e3o S\u00e9. Ainda haver\u00e1 missa \u00e0s 10h30, 12h, 13h30, 15h, 17h e 19h, ap\u00f3s a qual acontecer\u00e1 a prociss\u00e3o com a imagem do Santo.\u00a0 A igreja est\u00e1 localizada na Pra\u00e7a Padre Bento, s\/n, Pari.<\/p>\n<p><strong>Igreja centen\u00e1ria<\/strong><\/p>\n<p>A festa do padroeiro deste ano tamb\u00e9m acontece no contexto da celebra\u00e7\u00e3o dos cem anos da conclus\u00e3o das obras do atual templo.<\/p>\n<p>Segundo o site dos Franciscanos, a Par\u00f3quia Santo Ant\u00f4nio do Pari foi fundada em 2 de fevereiro de 1914 por Dom Duarte Leopoldo e Silva, funcionando inicialmente na sala de um sobrado alugado pelo Frei Jos\u00e9 Rolim, primeiro P\u00e1roco. Tempos depois, o senhor\u00a0 Arthur Vautier, propriet\u00e1rio de vastos terrenos no bairro, vendo o dinamismo do frade portugu\u00eas, doou um terreno para a constru\u00e7\u00e3o de uma igreja.<\/p>\n<p>Em agosto de 1922, tendo como vig\u00e1rio e superior do Pari, Frei Oliv\u00e9rio Kraemer, teve in\u00edcio a constru\u00e7\u00e3o da matriz paroquial, que foi entregue ao culto divino em 13 de junho de 1924 e teve as obras conclu\u00eddas exatamente um ano depois, em 13 de junho de 1925.<\/p>\n<hr \/>\n<p><em>Daniel Gomes- Jornal O S\u00e3o Paulo<\/em><\/p>\n","protected":false},"excerpt":{"rendered":"<p>Festa de Santo Ant\u00f4nio 2025<\/p>\n","protected":false},"author":11,"featured_media":258010,"comment_status":"open","ping_status":"open","sticky":false,"template":"","format":"standard","meta":[],"categories":[1],"tags":[2344,1968],"acf":[],"yoast_head":"<!-- This site is optimized with the Yoast SEO plugin v19.2 - https:\/\/yoast.com\/wordpress\/plugins\/seo\/ -->\n<title>Dom Odilo destaca as virtudes de Santo Ant\u00f4nio: humilde, pregador, penitente e atento aos pobres - Not\u00edcias - Franciscanos<\/title>\n<meta name=\"robots\" content=\"index, follow, max-snippet:-1, max-image-preview:large, max-video-preview:-1\" \/>\n<link rel=\"canonical\" href=\"https:\/\/franciscanos.org.br\/noticias\/dom-odilo-destaca-as-virtudes-de-santo-antonio-humilde-pregador-penitente-e-atento-aos-pobres.html\" \/>\n<meta property=\"og:locale\" content=\"pt_BR\" \/>\n<meta property=\"og:type\" content=\"article\" \/>\n<meta property=\"og:title\" content=\"Dom Odilo destaca as virtudes de Santo Ant\u00f4nio: humilde, pregador, penitente e atento aos pobres - Not\u00edcias - Franciscanos\" \/>\n<meta property=\"og:description\" content=\"Festa de Santo Ant\u00f4nio 2025\" \/>\n<meta property=\"og:url\" content=\"https:\/\/franciscanos.org.br\/noticias\/dom-odilo-destaca-as-virtudes-de-santo-antonio-humilde-pregador-penitente-e-atento-aos-pobres.html\" \/>\n<meta property=\"og:site_name\" content=\"Not\u00edcias - Franciscanos\" \/>\n<meta property=\"article:published_time\" content=\"2025-06-13T17:05:01+00:00\" \/>\n<meta property=\"article:modified_time\" content=\"2025-06-13T17:06:19+00:00\" \/>\n<meta property=\"og:image\" content=\"https:\/\/franciscanos.org.br\/noticias\/wp-content\/uploads\/2025\/06\/chamada-23.png\" \/>\n\t<meta property=\"og:image:width\" content=\"800\" \/>\n\t<meta property=\"og:image:height\" content=\"550\" \/>\n\t<meta property=\"og:image:type\" content=\"image\/png\" \/>\n<meta name=\"author\" content=\"Adriana Rabelo\" \/>\n<meta name=\"twitter:card\" content=\"summary_large_image\" \/>\n<meta name=\"twitter:label1\" content=\"Escrito por\" \/>\n\t<meta name=\"twitter:data1\" content=\"Adriana Rabelo\" \/>\n\t<meta name=\"twitter:label2\" content=\"Est. tempo de leitura\" \/>\n\t<meta name=\"twitter:data2\" content=\"6 minutos\" \/>\n<script type=\"application\/ld+json\" class=\"yoast-schema-graph\">{\"@context\":\"https:\/\/schema.org\",\"@graph\":[{\"@type\":\"WebSite\",\"@id\":\"https:\/\/franciscanos.org.br\/noticias\/#website\",\"url\":\"https:\/\/franciscanos.org.br\/noticias\/\",\"name\":\"Not\u00edcias - Franciscanos\",\"description\":\"Prov\u00edncia Franciscana da Imaculada Concei\u00e7\u00e3o do Brasil - Ordem dos Frades Menores - OFM\",\"potentialAction\":[{\"@type\":\"SearchAction\",\"target\":{\"@type\":\"EntryPoint\",\"urlTemplate\":\"https:\/\/franciscanos.org.br\/noticias\/?s={search_term_string}\"},\"query-input\":\"required name=search_term_string\"}],\"inLanguage\":\"pt-BR\"},{\"@type\":\"ImageObject\",\"inLanguage\":\"pt-BR\",\"@id\":\"https:\/\/franciscanos.org.br\/noticias\/dom-odilo-destaca-as-virtudes-de-santo-antonio-humilde-pregador-penitente-e-atento-aos-pobres.html#primaryimage\",\"url\":\"https:\/\/franciscanos.org.br\/noticias\/wp-content\/uploads\/2025\/06\/chamada-23.png\",\"contentUrl\":\"https:\/\/franciscanos.org.br\/noticias\/wp-content\/uploads\/2025\/06\/chamada-23.png\",\"width\":800,\"height\":550},{\"@type\":\"WebPage\",\"@id\":\"https:\/\/franciscanos.org.br\/noticias\/dom-odilo-destaca-as-virtudes-de-santo-antonio-humilde-pregador-penitente-e-atento-aos-pobres.html#webpage\",\"url\":\"https:\/\/franciscanos.org.br\/noticias\/dom-odilo-destaca-as-virtudes-de-santo-antonio-humilde-pregador-penitente-e-atento-aos-pobres.html\",\"name\":\"Dom Odilo destaca as virtudes de Santo Ant\u00f4nio: humilde, pregador, penitente e atento aos pobres - Not\u00edcias - Franciscanos\",\"isPartOf\":{\"@id\":\"https:\/\/franciscanos.org.br\/noticias\/#website\"},\"primaryImageOfPage\":{\"@id\":\"https:\/\/franciscanos.org.br\/noticias\/dom-odilo-destaca-as-virtudes-de-santo-antonio-humilde-pregador-penitente-e-atento-aos-pobres.html#primaryimage\"},\"datePublished\":\"2025-06-13T17:05:01+00:00\",\"dateModified\":\"2025-06-13T17:06:19+00:00\",\"author\":{\"@id\":\"https:\/\/franciscanos.org.br\/noticias\/#\/schema\/person\/d9422e83121c3ad3b0f423d195f5bb25\"},\"breadcrumb\":{\"@id\":\"https:\/\/franciscanos.org.br\/noticias\/dom-odilo-destaca-as-virtudes-de-santo-antonio-humilde-pregador-penitente-e-atento-aos-pobres.html#breadcrumb\"},\"inLanguage\":\"pt-BR\",\"potentialAction\":[{\"@type\":\"ReadAction\",\"target\":[\"https:\/\/franciscanos.org.br\/noticias\/dom-odilo-destaca-as-virtudes-de-santo-antonio-humilde-pregador-penitente-e-atento-aos-pobres.html\"]}]},{\"@type\":\"BreadcrumbList\",\"@id\":\"https:\/\/franciscanos.org.br\/noticias\/dom-odilo-destaca-as-virtudes-de-santo-antonio-humilde-pregador-penitente-e-atento-aos-pobres.html#breadcrumb\",\"itemListElement\":[{\"@type\":\"ListItem\",\"position\":1,\"name\":\"Home\",\"item\":\"https:\/\/franciscanos.org.br\/noticias\"},{\"@type\":\"ListItem\",\"position\":2,\"name\":\"Dom Odilo destaca as virtudes de Santo Ant\u00f4nio: humilde, pregador, penitente e atento aos pobres\"}]},{\"@type\":\"Person\",\"@id\":\"https:\/\/franciscanos.org.br\/noticias\/#\/schema\/person\/d9422e83121c3ad3b0f423d195f5bb25\",\"name\":\"Adriana Rabelo\",\"image\":{\"@type\":\"ImageObject\",\"inLanguage\":\"pt-BR\",\"@id\":\"https:\/\/franciscanos.org.br\/noticias\/#\/schema\/person\/image\/\",\"url\":\"https:\/\/secure.gravatar.com\/avatar\/0a937b7500cd7df77540cfb8bede877d?s=96&d=mm&r=g\",\"contentUrl\":\"https:\/\/secure.gravatar.com\/avatar\/0a937b7500cd7df77540cfb8bede877d?s=96&d=mm&r=g\",\"caption\":\"Adriana Rabelo\"},\"url\":\"https:\/\/franciscanos.org.br\/noticias\/author\/adrianarabelo\"}]}<\/script>\n<!-- \/ Yoast SEO plugin. -->","yoast_head_json":{"title":"Dom Odilo destaca as virtudes de Santo Ant\u00f4nio: humilde, pregador, penitente e atento aos pobres - Not\u00edcias - Franciscanos","robots":{"index":"index","follow":"follow","max-snippet":"max-snippet:-1","max-image-preview":"max-image-preview:large","max-video-preview":"max-video-preview:-1"},"canonical":"https:\/\/franciscanos.org.br\/noticias\/dom-odilo-destaca-as-virtudes-de-santo-antonio-humilde-pregador-penitente-e-atento-aos-pobres.html","og_locale":"pt_BR","og_type":"article","og_title":"Dom Odilo destaca as virtudes de Santo Ant\u00f4nio: humilde, pregador, penitente e atento aos pobres - Not\u00edcias - Franciscanos","og_description":"Festa de Santo Ant\u00f4nio 2025","og_url":"https:\/\/franciscanos.org.br\/noticias\/dom-odilo-destaca-as-virtudes-de-santo-antonio-humilde-pregador-penitente-e-atento-aos-pobres.html","og_site_name":"Not\u00edcias - Franciscanos","article_published_time":"2025-06-13T17:05:01+00:00","article_modified_time":"2025-06-13T17:06:19+00:00","og_image":[{"width":800,"height":550,"url":"https:\/\/franciscanos.org.br\/noticias\/wp-content\/uploads\/2025\/06\/chamada-23.png","type":"image\/png"}],"author":"Adriana Rabelo","twitter_card":"summary_large_image","twitter_misc":{"Escrito por":"Adriana Rabelo","Est. tempo de leitura":"6 minutos"},"schema":{"@context":"https:\/\/schema.org","@graph":[{"@type":"WebSite","@id":"https:\/\/franciscanos.org.br\/noticias\/#website","url":"https:\/\/franciscanos.org.br\/noticias\/","name":"Not\u00edcias - Franciscanos","description":"Prov\u00edncia Franciscana da Imaculada Concei\u00e7\u00e3o do Brasil - Ordem dos Frades Menores - OFM","potentialAction":[{"@type":"SearchAction","target":{"@type":"EntryPoint","urlTemplate":"https:\/\/franciscanos.org.br\/noticias\/?s={search_term_string}"},"query-input":"required name=search_term_string"}],"inLanguage":"pt-BR"},{"@type":"ImageObject","inLanguage":"pt-BR","@id":"https:\/\/franciscanos.org.br\/noticias\/dom-odilo-destaca-as-virtudes-de-santo-antonio-humilde-pregador-penitente-e-atento-aos-pobres.html#primaryimage","url":"https:\/\/franciscanos.org.br\/noticias\/wp-content\/uploads\/2025\/06\/chamada-23.png","contentUrl":"https:\/\/franciscanos.org.br\/noticias\/wp-content\/uploads\/2025\/06\/chamada-23.png","width":800,"height":550},{"@type":"WebPage","@id":"https:\/\/franciscanos.org.br\/noticias\/dom-odilo-destaca-as-virtudes-de-santo-antonio-humilde-pregador-penitente-e-atento-aos-pobres.html#webpage","url":"https:\/\/franciscanos.org.br\/noticias\/dom-odilo-destaca-as-virtudes-de-santo-antonio-humilde-pregador-penitente-e-atento-aos-pobres.html","name":"Dom Odilo destaca as virtudes de Santo Ant\u00f4nio: humilde, pregador, penitente e atento aos pobres - Not\u00edcias - Franciscanos","isPartOf":{"@id":"https:\/\/franciscanos.org.br\/noticias\/#website"},"primaryImageOfPage":{"@id":"https:\/\/franciscanos.org.br\/noticias\/dom-odilo-destaca-as-virtudes-de-santo-antonio-humilde-pregador-penitente-e-atento-aos-pobres.html#primaryimage"},"datePublished":"2025-06-13T17:05:01+00:00","dateModified":"2025-06-13T17:06:19+00:00","author":{"@id":"https:\/\/franciscanos.org.br\/noticias\/#\/schema\/person\/d9422e83121c3ad3b0f423d195f5bb25"},"breadcrumb":{"@id":"https:\/\/franciscanos.org.br\/noticias\/dom-odilo-destaca-as-virtudes-de-santo-antonio-humilde-pregador-penitente-e-atento-aos-pobres.html#breadcrumb"},"inLanguage":"pt-BR","potentialAction":[{"@type":"ReadAction","target":["https:\/\/franciscanos.org.br\/noticias\/dom-odilo-destaca-as-virtudes-de-santo-antonio-humilde-pregador-penitente-e-atento-aos-pobres.html"]}]},{"@type":"BreadcrumbList","@id":"https:\/\/franciscanos.org.br\/noticias\/dom-odilo-destaca-as-virtudes-de-santo-antonio-humilde-pregador-penitente-e-atento-aos-pobres.html#breadcrumb","itemListElement":[{"@type":"ListItem","position":1,"name":"Home","item":"https:\/\/franciscanos.org.br\/noticias"},{"@type":"ListItem","position":2,"name":"Dom Odilo destaca as virtudes de Santo Ant\u00f4nio: humilde, pregador, penitente e atento aos pobres"}]},{"@type":"Person","@id":"https:\/\/franciscanos.org.br\/noticias\/#\/schema\/person\/d9422e83121c3ad3b0f423d195f5bb25","name":"Adriana Rabelo","image":{"@type":"ImageObject","inLanguage":"pt-BR","@id":"https:\/\/franciscanos.org.br\/noticias\/#\/schema\/person\/image\/","url":"https:\/\/secure.gravatar.com\/avatar\/0a937b7500cd7df77540cfb8bede877d?s=96&d=mm&r=g","contentUrl":"https:\/\/secure.gravatar.com\/avatar\/0a937b7500cd7df77540cfb8bede877d?s=96&d=mm&r=g","caption":"Adriana Rabelo"},"url":"https:\/\/franciscanos.org.br\/noticias\/author\/adrianarabelo"}]}},"_links":{"self":[{"href":"https:\/\/franciscanos.org.br\/noticias\/wp-json\/wp\/v2\/posts\/258007"}],"collection":[{"href":"https:\/\/franciscanos.org.br\/noticias\/wp-json\/wp\/v2\/posts"}],"about":[{"href":"https:\/\/franciscanos.org.br\/noticias\/wp-json\/wp\/v2\/types\/post"}],"author":[{"embeddable":true,"href":"https:\/\/franciscanos.org.br\/noticias\/wp-json\/wp\/v2\/users\/11"}],"replies":[{"embeddable":true,"href":"https:\/\/franciscanos.org.br\/noticias\/wp-json\/wp\/v2\/comments?post=258007"}],"version-history":[{"count":3,"href":"https:\/\/franciscanos.org.br\/noticias\/wp-json\/wp\/v2\/posts\/258007\/revisions"}],"predecessor-version":[{"id":258014,"href":"https:\/\/franciscanos.org.br\/noticias\/wp-json\/wp\/v2\/posts\/258007\/revisions\/258014"}],"wp:featuredmedia":[{"embeddable":true,"href":"https:\/\/franciscanos.org.br\/noticias\/wp-json\/wp\/v2\/media\/258010"}],"wp:attachment":[{"href":"https:\/\/franciscanos.org.br\/noticias\/wp-json\/wp\/v2\/media?parent=258007"}],"wp:term":[{"taxonomy":"category","embeddable":true,"href":"https:\/\/franciscanos.org.br\/noticias\/wp-json\/wp\/v2\/categories?post=258007"},{"taxonomy":"post_tag","embeddable":true,"href":"https:\/\/franciscanos.org.br\/noticias\/wp-json\/wp\/v2\/tags?post=258007"}],"curies":[{"name":"wp","href":"https:\/\/api.w.org\/{rel}","templated":true}]}}