{"id":257964,"date":"2025-06-13T12:23:54","date_gmt":"2025-06-13T15:23:54","guid":{"rendered":"https:\/\/franciscanos.org.br\/noticias\/?p=257964"},"modified":"2025-06-13T12:24:44","modified_gmt":"2025-06-13T15:24:44","slug":"conselho-plenario-da-ordem-e-concluido-com-discernimento-e-dialogo-sobre-o-futuro-da-fraternidade","status":"publish","type":"post","link":"https:\/\/franciscanos.org.br\/noticias\/conselho-plenario-da-ordem-e-concluido-com-discernimento-e-dialogo-sobre-o-futuro-da-fraternidade.html","title":{"rendered":"Conselho Plen\u00e1rio da Ordem \u00e9 conclu\u00eddo com discernimento e di\u00e1logo sobre o futuro da fraternidade"},"content":{"rendered":"<p><img loading=\"lazy\" class=\"aligncenter wp-image-257965 size-full\" src=\"https:\/\/franciscanos.org.br\/noticias\/wp-content\/uploads\/2025\/06\/materia-14.png\" alt=\"\" width=\"1280\" height=\"720\" srcset=\"https:\/\/franciscanos.org.br\/noticias\/wp-content\/uploads\/2025\/06\/materia-14.png 1280w, https:\/\/franciscanos.org.br\/noticias\/wp-content\/uploads\/2025\/06\/materia-14-450x253.png 450w, https:\/\/franciscanos.org.br\/noticias\/wp-content\/uploads\/2025\/06\/materia-14-1024x576.png 1024w, https:\/\/franciscanos.org.br\/noticias\/wp-content\/uploads\/2025\/06\/materia-14-768x432.png 768w, https:\/\/franciscanos.org.br\/noticias\/wp-content\/uploads\/2025\/06\/materia-14-150x84.png 150w\" sizes=\"(max-width: 1280px) 100vw, 1280px\" \/><\/p>\n<p>O <strong><a href=\"https:\/\/www.ofm.org\/consiglio-plenario-2025.html\">Conselho Plen\u00e1rio da Ordem dos Frades Menores<\/a><\/strong> foi encerrado no dia 11 de junho, em Santa Maria degli Angeli, na Porci\u00fancula (It\u00e1lia), como um momento significativo de discernimento e di\u00e1logo sobre o futuro da Ordem.<\/p>\n<p data-start=\"523\" data-end=\"880\">O \u00faltimo dia, moderado por Frei Jean Claude Kinombe, come\u00e7ou com a quinta sess\u00e3o, dedicada \u00e0 proposta e \u00e0 escolha dos temas, m\u00e9todos e local para o Cap\u00edtulo Geral de 2027. Em seguida, na sexta sess\u00e3o, foram votadas as propostas e apresentado o relat\u00f3rio do Conselho para os Assuntos Econ\u00f4micos do CPO, conduzido pelo Ir. Saulo Duarte, Vice-Tesoureiro Geral.<\/p>\n<p data-start=\"882\" data-end=\"957\">O CPO delineou sete temas principais para o pr\u00f3ximo Cap\u00edtulo Geral de 2027:<\/p>\n<ul>\n<li data-start=\"961\" data-end=\"1011\">A miss\u00e3o compartilhada com a Fam\u00edlia Franciscana<\/li>\n<li data-start=\"1014\" data-end=\"1065\">Viv\u00eancia do carisma franciscano em estilo sinodal<\/li>\n<li data-start=\"1068\" data-end=\"1104\">Identidade carism\u00e1tica franciscana<\/li>\n<li data-start=\"1107\" data-end=\"1131\">Repensar as estruturas<\/li>\n<li data-start=\"1134\" data-end=\"1163\">Forma\u00e7\u00e3o inicial e cont\u00ednua<\/li>\n<li data-start=\"1166\" data-end=\"1181\">Evangeliza\u00e7\u00e3o<\/li>\n<li data-start=\"1184\" data-end=\"1223\">Justi\u00e7a, Paz e Integridade da Cria\u00e7\u00e3o<\/li>\n<\/ul>\n<p data-start=\"1225\" data-end=\"1514\">Quanto \u00e0 dura\u00e7\u00e3o, foi proposta uma amplia\u00e7\u00e3o para 21 a 25 dias, a fim de permitir uma experi\u00eancia mais profunda de sinodalidade e contempla\u00e7\u00e3o. Diversos locais foram sugeridos para sediar o Cap\u00edtulo de 2027, com prefer\u00eancia por regi\u00f5es onde a Ordem esteja vivenciando uma \u201cnova primavera\u201d.<\/p>\n<p data-start=\"1516\" data-end=\"1816\">Em seu discurso final, o Ministro geral, Frei Massimo Fusarelli, destacou tr\u00eas movimentos profundos que atravessam a Ordem: a passagem da conserva\u00e7\u00e3o \u00e0 transforma\u00e7\u00e3o criativa; o movimento da centraliza\u00e7\u00e3o \u00e0 corresponsabilidade efetiva; e a transi\u00e7\u00e3o da geografia hist\u00f3rica \u00e0 geografia atual da Ordem.<\/p>\n<p data-start=\"1818\" data-end=\"2149\">\u201cN\u00e3o desistimos\u201d, afirmou o Ministro Geral. \u201cN\u00e3o ca\u00edmos na tenta\u00e7\u00e3o dos exilados da Babil\u00f4nia, que diziam: \u2018Nossos ossos est\u00e3o secos, nossa esperan\u00e7a se foi\u2019. Assim como Francisco n\u00e3o permitiu que sua inspira\u00e7\u00e3o evang\u00e9lica fosse limitada por antigas regras mon\u00e1sticas, n\u00f3s tamb\u00e9m escolhemos o caminho da reforma, com f\u00e9 e ousadia. \u201d<\/p>\n<p data-start=\"2151\" data-end=\"2419\">O Conselho concluiu-se com uma solene celebra\u00e7\u00e3o eucar\u00edstica na Bas\u00edlica de Santa Maria dos Anjos, presidida pelo Ministro Geral. Em sua homilia, refletindo sobre a figura de S\u00e3o Barnab\u00e9, Frei Massimo convidou os frades a serem \u201cfilhos da consola\u00e7\u00e3o\u201d no mundo de hoje:<\/p>\n<p data-start=\"2421\" data-end=\"2784\">\u201cComo Barnab\u00e9, somos chamados a aliviar os nossos fardos. Quanto lastro carregamos conosco! Quantas estruturas que antes eram \u00fateis e agora se tornaram gaiolas! Quanto \u2018ouro, prata e sacos\u2019 que nos atrasam no caminho! O Evangelho nos pede liberdade, leveza e agilidade para chegar ao \u2018Are\u00f3pago\u2019 do nosso tempo: os lugares onde as pessoas vivem, sofrem e esperam. \u201d<\/p>\n<p data-start=\"2786\" data-end=\"2982\">Com o olhar voltado para o futuro e o cora\u00e7\u00e3o ancorado em seu carisma, a Ordem dos Frades Menores continua seu caminho de renova\u00e7\u00e3o, fiel ao legado de S\u00e3o Francisco e aberta aos sinais dos tempos.<\/p>\n<p data-start=\"2984\" data-end=\"3049\"><strong>Confira, a seguir, o discurso e a homilia do Ministro geral da Ordem, com tradu\u00e7\u00e3o em portugu\u00eas realizada pela Prov\u00edncia da Imaculada.<\/strong><\/p>\n<hr \/>\n<h2 style=\"text-align: center;\"><strong>Rumo ao futuro com f\u00e9 e aud\u00e1cia<\/strong><\/h2>\n<p><strong>Discurso do Ministro geral no encerramento do Conselho Plen\u00e1rio da Ordem 2025<\/strong><\/p>\n<p><em>Queridos irm\u00e3os,<\/em><\/p>\n<p><strong>O cora\u00e7\u00e3o do carisma franciscano<\/strong><\/p>\n<p>Hoje, aqui na Porci\u00fancula, onde Francisco convocava os primeiros Cap\u00edtulos da fraternidade, encerramos um momento importante. N\u00e3o pelas decis\u00f5es tomadas \u2013 ainda que relevantes \u2013 mas pela maneira como as tomamos. N\u00e3o sozinhos, como administradores de uma institui\u00e7\u00e3o, mas como fam\u00edlia espiritual que escuta unida ao Esp\u00edrito.<\/p>\n<p>H\u00e1 cinco dias, exatamente neste local, o Cap\u00edtulo Internacional das Esteiras se conclu\u00eda com uma certeza que hoje se fez carne: o carisma franciscano n\u00e3o \u00e9 um patrim\u00f4nio exclusivo nosso, a ser guardado com zelo, mas fermento vivo que transforma a hist\u00f3ria quando o partilhamos com generosidade. \u00c9 sobretudo fermento de reconcilia\u00e7\u00e3o e de paz neste momento hist\u00f3rico t\u00e3o marcado por conflitos, divis\u00f5es e formas de rejei\u00e7\u00e3o ao outro \u2013 especialmente aos mais fracos \u2013 somado \u00e0 crise clim\u00e1tica. Um tempo tamb\u00e9m ferido pela indiferen\u00e7a em rela\u00e7\u00e3o \u00e0 dimens\u00e3o da f\u00e9 e, muitas vezes, pela rejei\u00e7\u00e3o da heran\u00e7a crist\u00e3 e de seu valor para os dias de hoje. Permane\u00e7amos sempre atentos aos sinais dos tempos ao repensarmos nosso modo de vida atual.<\/p>\n<p><strong>O dom da continuidade: o Esp\u00edrito de Pentecostes<\/strong><\/p>\n<p>O \u00edcone de Pentecostes que contemplamos no in\u00edcio continua nos acompanhando. Voc\u00eas vieram das Confer\u00eancias de todos os continentes, portando diferentes sensibilidades, mas o trabalho em comum fez emergir uma vis\u00e3o partilhada. O m\u00e9todo sinodal n\u00e3o foi uma t\u00e9cnica organizacional, mas uma experi\u00eancia espiritual que mudou nossa maneira de olhar para o futuro da Ordem.<\/p>\n<p>N\u00e3o foi por acaso que nosso Conselho Plen\u00e1rio fluiu naturalmente do di\u00e1logo com leigos e religiosas \u00e0s elei\u00e7\u00f5es estruturais da Ordem. O Cap\u00edtulo das Esteiras j\u00e1 havia nos aberto esse caminho: o futuro franciscano se constr\u00f3i em conjunto, n\u00e3o isoladamente.<\/p>\n<p><strong>Um novo clima<\/strong><\/p>\n<p>Observei algo precioso nestes dias: o clima de busca e de di\u00e1logo foi bom e aberto, n\u00e3o \u201cpol\u00edtico\u201d no sentido deteriorado que \u00e0s vezes permeia tamb\u00e9m nossas assembleias.<\/p>\n<p>Falamos de estruturas, n\u00fameros, composi\u00e7\u00e3o do Definit\u00f3rio, geografia das Confer\u00eancias, mas com o olhar sempre fixo na vida evang\u00e9lica em miss\u00e3o. Buscamos juntos, com paci\u00eancia e humildade, alguns elementos da vontade de Deus para nosso tempo.<\/p>\n<p>Isso foi poss\u00edvel porque a experi\u00eancia do Cap\u00edtulo das Esteiras j\u00e1 nos havia libertado de certo medo da mudan\u00e7a. Ter trabalhado lado a lado com leigos e religiosas nos mostrou que abrir-se n\u00e3o significa perder identidade, mas reencontr\u00e1-la de forma mais pura e aut\u00eantica.<\/p>\n<p><strong>Os grandes movimentos que atravessam a Ordem<\/strong><\/p>\n<p>Irm\u00e3os, as propostas que voc\u00eas apresentaram n\u00e3o foram meros ajustes marginais. Apontam para tr\u00eas grandes movimentos que atravessam toda a Ordem:<\/p>\n<p><strong>Primeiro movimento: da conserva\u00e7\u00e3o \u00e0 transforma\u00e7\u00e3o criativa<\/strong><\/p>\n<p>Em minha mensagem inicial, pedi a ousadia de repensar nosso modo de ser fraternidade internacional. Voc\u00eas responderam com coragem prof\u00e9tica:<\/p>\n<ul>\n<li>Sim ao Cap\u00edtulo Geral com 25 dias de dura\u00e7\u00e3o, para permitir uma verdadeira experi\u00eancia sinodal;<\/li>\n<li>Sim \u00e0 abertura parcial e estruturada do Cap\u00edtulo aos leigos, superando oito s\u00e9culos de tradi\u00e7\u00e3o puramente clerical;<\/li>\n<li>Sim a novas modalidades de acompanhamento das Entidades em crescimento e transforma\u00e7\u00e3o;<\/li>\n<li>Sim a uma prepara\u00e7\u00e3o capitular que envolva toda a fam\u00edlia franciscana.<\/li>\n<\/ul>\n<p>Isso n\u00e3o \u00e9 um reformismo superficial. \u00c9 a mesma ousadia de Francisco, que recusou as regras mon\u00e1sticas precedentes para ser um \u201clouco novo\u201d no mundo. \u00c9 a fidelidade criativa que distingue o essencial do acess\u00f3rio, o carisma de suas formas hist\u00f3ricas contingentes.<\/p>\n<p><strong>Segundo movimento: da centraliza\u00e7\u00e3o \u00e0 corresponsabilidade efetiva<\/strong><\/p>\n<p>Diante da proposta do Definit\u00f3rio Geral para tornar mais eficaz o governo da Ordem, voc\u00eas n\u00e3o escolheram o caminho do controle refor\u00e7ado. Escolheram o caminho evang\u00e9lico da responsabilidade compartilhada.<\/p>\n<p>Suas propostas redesenham as rela\u00e7\u00f5es entre a C\u00faria Geral, as Confer\u00eancias e as Entidades:<\/p>\n<ul>\n<li>As Confer\u00eancias tornam-se cada vez mais instrumentos operacionais de um governo \u201cparticipativo\u201d;<\/li>\n<li>Os Presidentes de Confer\u00eancia tornam-se colaboradores efetivos do Definit\u00f3rio Geral;<\/li>\n<li>Introduz-se a possibilidade de um secret\u00e1rio de Confer\u00eancia com mandato fixo;<\/li>\n<li>Preveem-se Assembleias Gerais ampliadas para coordenar Forma\u00e7\u00e3o, Evangeliza\u00e7\u00e3o e JPIC.<\/li>\n<li>Em uma Ordem que muda sua geografia e necessidades, o governo pode se tornar uma rede de corresponsabilidade que valorize a riqueza de cada territ\u00f3rio, sem perder a unidade da miss\u00e3o.<\/li>\n<\/ul>\n<p><strong>\u00a0Terceiro movimento: da<\/strong><strong>\u00a0geografia hist\u00f3rica \u00e0 geografia atual da Ordem<\/strong><\/p>\n<p>A mudan\u00e7a mais significativa refere-se ao nosso modo de ler o mapa franciscano do mundo. Por s\u00e9culos, pensamos a Ordem com seu centro na Europa. Hoje, a realidade \u00e9 diferente.<\/p>\n<p>A Ordem cresce na \u00c1sia e na \u00c1frica, se reconfigura criativamente na Am\u00e9rica Latina, se transforma \u2013 sem sofrer passivamente \u2013 com a diminui\u00e7\u00e3o na Europa e Am\u00e9rica do Norte. Suas propostas apontam longe:<\/p>\n<ul>\n<li>Repensar a composi\u00e7\u00e3o do Definit\u00f3rio Geral para que reflita a geografia atual da Ordem;<\/li>\n<li>Possibilidade de realizar o Cap\u00edtulo Geral de 2027 na \u00c1sia ou na \u00c1frica, onde a Ordem vive uma nova primavera;<\/li>\n<li>Reorganiza\u00e7\u00e3o das Confer\u00eancias segundo crit\u00e9rios de capacidade real de colabora\u00e7\u00e3o.<\/li>\n<\/ul>\n<p>Essa mudan\u00e7a de paradigma n\u00e3o elimina o precioso patrim\u00f4nio do Ocidente franciscano. Coloca-o a servi\u00e7o do crescimento global da Ordem, em esp\u00edrito de verdadeira catolicidade.<\/p>\n<p><strong>Respostas concretas aos desafios do nosso tempo<\/strong><\/p>\n<p>Diante dos desafios espec\u00edficos que mencionei no discurso inicial, chegaram respostas concretas:<\/p>\n<ul>\n<li><strong>Sobre a forma\u00e7\u00e3o e as voca\u00e7\u00f5es:<\/strong> n\u00e3o nos limitamos a pedir a revis\u00e3o da <em>Ratio Formationis Franciscanae<\/em>. Propusemos mecanismos concretos de colabora\u00e7\u00e3o entre Confer\u00eancias, partilha de formadores qualificados, desenvolvimento de curr\u00edculos comuns, cria\u00e7\u00e3o de redes de acompanhamento vocacional.<\/li>\n<li><strong>Sobre o governo mais eficaz da Ordem:<\/strong> come\u00e7amos a repensar o sistema de governo, esclarecendo pap\u00e9is, compet\u00eancias e formas de coordena\u00e7\u00e3o. O Definit\u00f3rio Geral pode se tornar o n\u00f3 de uma rede de corresponsabilidade que envolva os Presidentes de Confer\u00eancia.<\/li>\n<li><strong>Sobre a economia franciscana:<\/strong> enfrentamos com realismo os desafios econ\u00f4micos, propondo crit\u00e9rios concretos para acompanhar Entidades em transforma\u00e7\u00e3o. A economia fraterna n\u00e3o \u00e9 apenas um ideal espiritual, mas uma pr\u00e1tica concreta.<\/li>\n<li><strong>Sobre a identidade franciscana neste tempo de mudan\u00e7as:<\/strong> a proposta de abrir parcialmente o Cap\u00edtulo Geral aos leigos \u00e9 o reconhecimento de que a identidade franciscana, hoje, se compreende no seio da fam\u00edlia ampliada do carisma.<\/li>\n<\/ul>\n<p><strong>\u00a0<\/strong><strong>O esp\u00edrito sinodal que d\u00e1 frutos<\/strong><\/p>\n<p>O m\u00e9todo sinodal experimentado no Cap\u00edtulo das Esteiras j\u00e1 come\u00e7ou a mudar nosso modo de trabalhar. J\u00e1 n\u00e3o temos medo de imaginar formas novas, de ousar caminhos in\u00e9ditos, de nos confiarmos ao Esp\u00edrito que \u201cfaz novas todas as coisas\u201d.<\/p>\n<p>A presen\u00e7a de leigos e religiosas nos libertou de certa autorreferencialidade. Descobrimos que o carisma franciscano \u00e9 maior do que n\u00f3s e que, paradoxalmente, quanto mais o partilhamos, mais o compreendemos.<\/p>\n<p><strong>Rumo ao Cap\u00edtulo Geral 2027: uma vis\u00e3o aberta<\/strong><\/p>\n<p>Agora temos um caminho claro rumo ao Cap\u00edtulo Geral de 2027. Ele n\u00e3o ser\u00e1 apenas uma assembleia de frades que decidem pelos frades \u2013 ser\u00e1 um momento da fam\u00edlia franciscana que discerne, em conjunto, o futuro, na fidelidade ao Evangelho e a Francisco.<\/p>\n<p>Suas propostas tra\u00e7am possibilidades para um Cap\u00edtulo renovado:<\/p>\n<ul>\n<li>Mais amplo (21 a 25 dias), para permitir um verdadeiro espa\u00e7o sinodal;<\/li>\n<li>Mais inclusivo, com momentos de participa\u00e7\u00e3o de leigos, jovens, postulantes e novi\u00e7os;<\/li>\n<li>Mais espiritual, com mais espa\u00e7o para escuta, ora\u00e7\u00e3o, sil\u00eancio e adora\u00e7\u00e3o.<\/li>\n<\/ul>\n<p>Este Cap\u00edtulo dever\u00e1 enfrentar quest\u00f5es complexas: nossa identidade de irm\u00e3os e menores em miss\u00e3o hoje, o relan\u00e7amento da pastoral juvenil e vocacional, a revis\u00e3o das estruturas, o futuro das Confer\u00eancias, a composi\u00e7\u00e3o do Definit\u00f3rio, a gest\u00e3o das Entidades em transforma\u00e7\u00e3o. Espero que o fa\u00e7a com um esp\u00edrito renovado, certos de que o Senhor continua a guiar a Ordem por meio de sua Palavra, do carisma recebido e dos sinais dos tempos.<\/p>\n<p><strong>O realismo da esperan\u00e7a franciscana<\/strong><\/p>\n<p>Irm\u00e3os, n\u00e3o escondemos as dificuldades da nossa Ordem. Falei delas com franqueza: Entidades que diminuem, desafios econ\u00f4micos, infidelidade \u00e0 voca\u00e7\u00e3o, a chaga dos abusos que exige uma mudan\u00e7a radical de mentalidade.<\/p>\n<p>Mas n\u00e3o desistimos. N\u00e3o ca\u00edmos na tenta\u00e7\u00e3o dos exilados da Babil\u00f4nia, que diziam: \u201cNossos ossos est\u00e3o secos, nossa esperan\u00e7a se perdeu.\u201d Como Francisco, que n\u00e3o deixou que sua inspira\u00e7\u00e3o evang\u00e9lica fosse limitada pelas antigas regras mon\u00e1sticas, tamb\u00e9m n\u00f3s escolhemos o caminho da reforma, com f\u00e9 e aud\u00e1cia.<\/p>\n<p>O realismo franciscano \u00e9 o olhar de quem sabe ver a realidade como ela \u00e9 \u2013 com seus sofrimentos e suas potencialidades \u2013 e se confia \u00e0 a\u00e7\u00e3o transformadora do Esp\u00edrito.<\/p>\n<p><strong>\u00a0<\/strong><strong>A Ordem que cresce: sinais de esperan\u00e7a<\/strong><\/p>\n<p>Vejo a Ordem crescer na \u00c1sia e na \u00c1frica, com voca\u00e7\u00f5es jovens e vigor mission\u00e1rio. Vejo a Am\u00e9rica Latina manter uma presen\u00e7a significativa, com paix\u00e3o pela evangeliza\u00e7\u00e3o e pela partilha com os pobres. Vejo a Europa e a Am\u00e9rica do Norte se reinventando com criatividade.<\/p>\n<p>Vejo uma \u201cnova gera\u00e7\u00e3o\u201d de frades com diferentes sensibilidades: mais atentos \u00e0 dimens\u00e3o humana e afetiva, em busca de uma experi\u00eancia de f\u00e9 mais espiritual, sens\u00edveis \u00e0 ecologia integral, abertos ao di\u00e1logo intercultural e \u00e0 colabora\u00e7\u00e3o com os leigos. Vejo experi\u00eancias de Novas Formas que reacendem o fogo da evangeliza\u00e7\u00e3o.<\/p>\n<p>O Esp\u00edrito tamb\u00e9m age em nossas vulnerabilidades, em nossos fracassos. Ele nos ensina a arte franciscana de transformar pedras rejeitadas em pedras angulares.<\/p>\n<p><strong>Peregrinos e forasteiros no mundo de hoje<\/strong><\/p>\n<p>Irm\u00e3os, sa\u00edmos deste Conselho Plen\u00e1rio como \u201cperegrinos e forasteiros\u201d no mundo, mas com ideias claras. O futuro franciscano se constr\u00f3i:<\/p>\n<ul>\n<li>Junto com os leigos, n\u00e3o sem eles. A esta\u00e7\u00e3o de uma certa autossufici\u00eancia chegou ao fim. O carisma pertence \u00e0 fam\u00edlia ampliada.<\/li>\n<li>Com estruturas leves e funcionais, n\u00e3o pesadas e autorreferenciais. Tudo o que n\u00e3o serve \u00e0 fraternidade e \u00e0 evangeliza\u00e7\u00e3o deve ser aliviado.<\/li>\n<li>Com corresponsabilidade real, n\u00e3o com delega\u00e7\u00e3o formal. O governo da Ordem deve ser servi\u00e7o de muitos, conforme os diversos carismas.<\/li>\n<li>Com os olhos voltados para os lugares onde a Ordem cresce. O futuro franciscano fala l\u00ednguas diversas, tem cores diferentes, expressa sensibilidades culturais que enriquecem o carisma origin\u00e1rio.<\/li>\n<\/ul>\n<p><strong>Um mandato para o futuro<\/strong><\/p>\n<p>O Conselho Plen\u00e1rio nos entrega um mandato preciso:<\/p>\n<ul>\n<li>Preparar o Cap\u00edtulo Geral 2027 com aut\u00eantico esp\u00edrito sinodal;<\/li>\n<li>Experimentar as formas de colabora\u00e7\u00e3o propostas entre a C\u00faria Geral e as Confer\u00eancias;<\/li>\n<li>Acompanhar os processos de transforma\u00e7\u00e3o das Entidades;<\/li>\n<li>Aprofundar a reflex\u00e3o sobre a identidade franciscana e a corresponsabilidade com os leigos.<\/li>\n<\/ul>\n<p>N\u00e3o s\u00e3o tarefas burocr\u00e1ticas, mas passos de um caminho espiritual que est\u00e1 nos transformando. Cada decis\u00e3o organizacional deve tamb\u00e9m ser uma escolha evang\u00e9lica.<\/p>\n<p><strong>\u00a0<\/strong><strong>Encomenda\u00e7\u00e3o final<\/strong><\/p>\n<p>O Senhor nos agraciou nestes dias. Experimentamos que \u00e9 poss\u00edvel mudar permanecendo fi\u00e9is, inovar sem trair, abrir-se sem perder a identidade. Agora cabe a n\u00f3s sermos fi\u00e9is \u00e0s intui\u00e7\u00f5es recebidas.<\/p>\n<p>Que Santa Maria, que aqui na Porci\u00fancula nos guarda como guardou a Francisco e aos primeiros frades, nos obtenha a gra\u00e7a da perseveran\u00e7a neste caminho.<\/p>\n<p>Que S\u00e3o Francisco, que aqui viveu os momentos mais decisivos de sua convers\u00e3o e do nascimento da Ordem, nos inspire escolhas cada vez mais corajosas e prof\u00e9ticas.<\/p>\n<p>Que o Esp\u00edrito Santo, Ministro geral da nossa Ordem, continue a nos guiar rumo \u00e0 plena verdade, fazendo novas todas as coisas sem destruir a mem\u00f3ria do passado.<\/p>\n<p><strong>Ide em paz, irm\u00e3os. Levem ao mundo o Evangelho da alegria. Sejam testemunhas de que a Fraternidade \u00e9 poss\u00edvel. Sejam fermento de esperan\u00e7a em um mundo que muitas vezes teme o futuro.<\/strong><\/p>\n<p>A Ordem dos Frades Menores tem diante de si um futuro rico em possibilidades. Cabe a n\u00f3s, com a ajuda do Esp\u00edrito, preparar esse futuro com a ast\u00facia das serpentes e a simplicidade das pombas.<\/p>\n<p><strong>O Senhor vos d\u00ea a paz!<\/strong><\/p>\n<p style=\"text-align: center;\"><em>Frei Massimo Fusarelli, OFM<br \/>\nMinistro geral<\/em><\/p>\n<p>Santa Maria dos Anjos \u2013 Porci\u00fancula, 11 de junho de 2025<\/p>\n<p><a href=\"https:\/\/franciscanos.org.br\/banca\/wp-content\/uploads\/2025\/06\/CPO25_Discorso_Finale_MG_ES.pdf\"><span style=\"color: #333399;\"><strong>Clique aqui\u00a0 e acesse o Documento Oficial da Ordem em espanhol<\/strong><\/span><\/a><\/p>\n<hr \/>\n<h2 style=\"text-align: center;\"><span style=\"color: #000000;\"><em><strong>Homilia <\/strong><\/em><\/span><\/h2>\n<h2 style=\"text-align: center;\"><strong>para a Mem\u00f3ria de S\u00e3o Barnab\u00e9 Ap\u00f3stolo <\/strong><\/h2>\n<h2 style=\"text-align: center;\"><strong>no encerramento do Conselho Plen\u00e1rio da Ordem<\/strong><\/h2>\n<p style=\"text-align: center;\"><em>Santa Maria dos Anjos, 11 de junho de 2025<\/em><\/p>\n<p>Queridos irm\u00e3os e irm\u00e3s,<\/p>\n<p>Hoje celebramos aqui em Santa Maria dos Anjos, ao concluir o Conselho Plen\u00e1rio da Ordem, a mem\u00f3ria de S\u00e3o Barnab\u00e9, o ap\u00f3stolo que talvez conhe\u00e7amos menos, mas que tem muito a nos ensinar. Seu nome significa \u201cfilho da consola\u00e7\u00e3o\u201d \u2013 e isso j\u00e1 nos diz muito: ele era algu\u00e9m que sabia enxergar o bem nos outros, que animava, que fazia renascer a esperan\u00e7a. Uma figura humilde que acompanhou os in\u00edcios da Igreja sem nunca se colocar no centro.<\/p>\n<p><strong>A humildade que reconhece os dons<\/strong><\/p>\n<p>Lembremos o que nos conta S\u00e3o Lucas no livro dos Atos: em Antioquia est\u00e1 acontecendo algo extraordin\u00e1rio. Os pag\u00e3os, aqueles que nunca haviam entrado em uma sinagoga, est\u00e3o abra\u00e7ando o Evangelho. A Igreja de Jerusal\u00e9m envia Barnab\u00e9 para ver o que est\u00e1 acontecendo. E ele, ao chegar, em vez de se preocupar ou colocar obst\u00e1culos, alegra-se. V\u00ea a gra\u00e7a de Deus agindo e se <strong>enche de alegria<\/strong>.<\/p>\n<p>No entanto, Barnab\u00e9 faz algo mais. Lembra-se daquele jovem apaixonado que conhecera anos antes: Saulo de Tarso, o que antes perseguia os crist\u00e3os. Muitos ainda desconfiavam dele. No entanto, Barnab\u00e9 havia visto algo nos olhos de Paulo, havia reconhecido seus dons. E ent\u00e3o faz algo revolucion\u00e1rio: vai procur\u00e1-lo em Tarso.<\/p>\n<p>Barnab\u00e9 caminhando pelas ruas de Tarso, perguntando: \u201cOnde est\u00e1 Paulo? Preciso dele para anunciar o Evangelho aos pag\u00e3os\u201d. Que humildade! Que sabedoria! N\u00e3o temia ser ofuscado por algu\u00e9m mais jovem e brilhante do que ele. Havia compreendido que a miss\u00e3o \u00e9 maior do que nossos egos.<\/p>\n<p><strong>De dois em dois, como pede Jesus<\/strong><\/p>\n<p>E assim come\u00e7a sua prega\u00e7\u00e3o de dois em dois, como Jesus havia pedido no Evangelho que acabamos de ouvir. N\u00e3o sozinhos, n\u00e3o como lobos solit\u00e1rios, mas juntos. Porque o Evangelho se anuncia na fraternidade, na rela\u00e7\u00e3o, na complementaridade dos dons.<\/p>\n<p>E fazem isso com <strong>gratuidade<\/strong>: \u201cDe gra\u00e7a recebestes, de gra\u00e7a deveis dar\u201d, diz Jesus. Nada de ouro, nada de prata, nada de alforjes pesados. Apenas o essencial: a paz de Cristo para levar \u00e0s casas, a Palavra que cura, a presen\u00e7a que consola.<\/p>\n<p><strong>Recome\u00e7ar de dois em dois em nosso tempo<\/strong><\/p>\n<p>Queridos irm\u00e3os, muitos de n\u00f3s vivemos em lugares onde a Igreja \u00e9 cada vez mais marginal. J\u00e1 n\u00e3o estamos no centro da sociedade, muitas vezes nossa voz parece n\u00e3o interessar a ningu\u00e9m. \u00c9 f\u00e1cil desanimar, fechar-se em si mesmo, lamentar que \u201cantes era diferente\u201d.<\/p>\n<p>Mas \u00e9 justamente aqui que S\u00e3o Barnab\u00e9 nos mostra o caminho: <strong>recome\u00e7ar de dois em dois<\/strong>. N\u00e3o sozinhos, n\u00e3o com grandes estruturas que fazem barulho e n\u00e3o geram vida. De dois em dois, em pequenas fraternidades que escolhem novamente o Evangelho como centro de sua vida.<\/p>\n<p>Como Barnab\u00e9, somos chamados a <strong>aliviar nossos fardos<\/strong>. Quantos pesos desnecess\u00e1rios carregamos! Quantas estruturas que um dia serviram e hoje se tornaram pris\u00f5es! Quantos \u201couros, pratas e alforjes\u201d nos atrasam no caminho! O Evangelho nos pede liberdade, leveza, agilidade para chegar aos \u201care\u00f3pagos\u201d do nosso tempo: os lugares onde as pessoas vivem, sofrem, esperam.<\/p>\n<p><strong>Perguntas para o caminho<\/strong><\/p>\n<p>Tamb\u00e9m as estruturas da nossa Ordem existem para a vida e o an\u00fancio do Evangelho. O restante \u00e9 secund\u00e1rio. Ent\u00e3o, queridos irm\u00e3os, permitam-me fazer algumas perguntas que tamb\u00e9m fa\u00e7o a mim mesmo:<\/p>\n<p>\u2013 Seremos capazes de nos libertar de tantos pesos desnecess\u00e1rios para redescobrir a liberdade e a frescura da nossa voca\u00e7\u00e3o?<\/p>\n<p>\u2013 Seremos capazes de nos motivar novamente para responder ao chamado segundo nosso carisma, deixando para tr\u00e1s o que j\u00e1 n\u00e3o serve?<\/p>\n<p>\u2013 Seremos capazes de crer que nosso carisma est\u00e1 vivo e espera ser ainda mais vivo hoje, por meio de nossa resposta humilde e corajosa?<\/p>\n<p>Como Barnab\u00e9, podemos ter a coragem de ir ao encontro dos \u201cPaulos\u201d do nosso tempo: os jovens que t\u00eam fogo no cora\u00e7\u00e3o e que ningu\u00e9m valoriza; as pessoas feridas que poderiam tornar-se testemunhas extraordin\u00e1rias; aqueles que t\u00eam talentos ocultos que apenas esperam ser reconhecidos; os buscadores de Deus do nosso tempo, que muitas vezes n\u00e3o sabem a quem nem como buscar.<\/p>\n<p><strong>A paz que levamos<\/strong><\/p>\n<p>O Evangelho nos diz: \u201cSe aquela casa for digna, que a vossa paz des\u00e7a sobre ela\u201d. A paz que levamos n\u00e3o \u00e9 nossa, \u00e9 de Cristo. \u00c9 essa paz que nasce da certeza de que seguir o Senhor Jesus nos d\u00e1 liberdade, n\u00e3o correntes.<\/p>\n<p>Nestes dias de fraternidade, busca e ora\u00e7\u00e3o comum que vivemos juntos, experimentamos o dom de ser Igreja. Agora voltamos para nossas terras, e n\u00e3o como viemos. Voltamos levando esta palavra de paz e liberdade a nossos irm\u00e3os e a muitos outros.<\/p>\n<p><strong>Conclus\u00e3o<\/strong><\/p>\n<p>S\u00e3o Barnab\u00e9 nos ensina que a grandeza n\u00e3o est\u00e1 no protagonismo, mas em saber reconhecer e fazer crescer os dons dos outros. A verdadeira autoridade evang\u00e9lica \u00e9 a daquele que sabe sair de cena para que Cristo cres\u00e7a, daquele que sabe buscar os talentos ocultos para coloc\u00e1-los a servi\u00e7o do Reino.<\/p>\n<p>Como ele, escolhemos a gratuidade diante da l\u00f3gica do lucro. Como ele, escolhemos a simplicidade diante da acumula\u00e7\u00e3o in\u00fatil. Como ele, escolhemos a fraternidade diante do individualismo.<\/p>\n<p>E como escreve S\u00e3o Paulo: \u201cAnunciarei aos irm\u00e3os a salva\u00e7\u00e3o do Senhor\u201d. Essa \u00e9 a nossa alegria, essa \u00e9 a nossa tarefa, essa \u00e9 a nossa paz.<\/p>\n<p>Am\u00e9m.<\/p>\n<p style=\"text-align: center;\"><em>Frei Massimo Fusarelli, OFM<\/em><em><br \/>\nMinistro geral<\/em><\/p>\n<p><a href=\"https:\/\/franciscanos.org.br\/banca\/wp-content\/uploads\/2025\/06\/MG_Omelia_Chiusura_CPO_2025_ES.pdf\"><span style=\"color: #333399;\"><strong>\u00a0Clique aqui e acesse o Documento Oficial da Ordem em espanhol<\/strong><\/span><\/a><\/p>\n<hr \/>\n<p>Adriana Rabelo Rodrigues, com informa\u00e7\u00f5es: <a href=\"https:\/\/www.ofm.org\/concluso-il-consiglio-plenario-dell-ordine.html\">https:\/\/www.ofm.org\/concluso-il-consiglio-plenario-dell-ordine.html<\/a><\/p>\n<p><iframe loading=\"lazy\" title=\"YouTube video player\" src=\"https:\/\/www.youtube.com\/embed\/VUr97Z591jA?si=azbY5PqlrNSzaeW0\" width=\"100%\" height=\"480\" frameborder=\"0\" allowfullscreen=\"allowfullscreen\"><span data-mce-type=\"bookmark\" style=\"display: inline-block; width: 0px; overflow: hidden; line-height: 0;\" class=\"mce_SELRES_start\">\ufeff<\/span><\/iframe><\/p>\n\n\t\t<style type=\"text\/css\">\n\t\t\t#gallery-1 {\n\t\t\t\tmargin: auto;\n\t\t\t}\n\t\t\t#gallery-1 .gallery-item {\n\t\t\t\tfloat: left;\n\t\t\t\tmargin-top: 10px;\n\t\t\t\ttext-align: center;\n\t\t\t\twidth: 25%;\n\t\t\t}\n\t\t\t#gallery-1 img {\n\t\t\t\tborder: 2px solid #cfcfcf;\n\t\t\t}\n\t\t\t#gallery-1 .gallery-caption {\n\t\t\t\tmargin-left: 0;\n\t\t\t}\n\t\t\t\/* see gallery_shortcode() in wp-includes\/media.php *\/\n\t\t<\/style>\n\t\t<div id='gallery-1' class='gallery galleryid-257964 gallery-columns-4 gallery-size-thumbnail'><dl class='gallery-item'>\n\t\t\t<dt class='gallery-icon landscape'>\n\t\t\t\t<a href='https:\/\/franciscanos.org.br\/noticias\/wp-content\/uploads\/2025\/06\/chamada-21.png'><img width=\"300\" height=\"300\" src=\"https:\/\/franciscanos.org.br\/noticias\/wp-content\/uploads\/2025\/06\/chamada-21-300x300.png\" class=\"attachment-thumbnail size-thumbnail\" alt=\"\" loading=\"lazy\" srcset=\"https:\/\/franciscanos.org.br\/noticias\/wp-content\/uploads\/2025\/06\/chamada-21-300x300.png 300w, https:\/\/franciscanos.org.br\/noticias\/wp-content\/uploads\/2025\/06\/chamada-21-100x100.png 100w\" sizes=\"(max-width: 300px) 100vw, 300px\" \/><\/a>\n\t\t\t<\/dt><\/dl><dl class='gallery-item'>\n\t\t\t<dt class='gallery-icon landscape'>\n\t\t\t\t<a href='https:\/\/franciscanos.org.br\/noticias\/wp-content\/uploads\/2025\/06\/Chiusura_CPO_2025-1.jpg'><img width=\"300\" height=\"300\" src=\"https:\/\/franciscanos.org.br\/noticias\/wp-content\/uploads\/2025\/06\/Chiusura_CPO_2025-1-300x300.jpg\" class=\"attachment-thumbnail size-thumbnail\" alt=\"\" loading=\"lazy\" srcset=\"https:\/\/franciscanos.org.br\/noticias\/wp-content\/uploads\/2025\/06\/Chiusura_CPO_2025-1-300x300.jpg 300w, https:\/\/franciscanos.org.br\/noticias\/wp-content\/uploads\/2025\/06\/Chiusura_CPO_2025-1-100x100.jpg 100w\" sizes=\"(max-width: 300px) 100vw, 300px\" \/><\/a>\n\t\t\t<\/dt><\/dl><dl class='gallery-item'>\n\t\t\t<dt class='gallery-icon landscape'>\n\t\t\t\t<a href='https:\/\/franciscanos.org.br\/noticias\/wp-content\/uploads\/2025\/06\/Chiusura_CPO_2025-2.jpg'><img width=\"300\" height=\"300\" src=\"https:\/\/franciscanos.org.br\/noticias\/wp-content\/uploads\/2025\/06\/Chiusura_CPO_2025-2-300x300.jpg\" class=\"attachment-thumbnail size-thumbnail\" alt=\"\" loading=\"lazy\" srcset=\"https:\/\/franciscanos.org.br\/noticias\/wp-content\/uploads\/2025\/06\/Chiusura_CPO_2025-2-300x300.jpg 300w, https:\/\/franciscanos.org.br\/noticias\/wp-content\/uploads\/2025\/06\/Chiusura_CPO_2025-2-100x100.jpg 100w\" sizes=\"(max-width: 300px) 100vw, 300px\" \/><\/a>\n\t\t\t<\/dt><\/dl><dl class='gallery-item'>\n\t\t\t<dt class='gallery-icon landscape'>\n\t\t\t\t<a href='https:\/\/franciscanos.org.br\/noticias\/wp-content\/uploads\/2025\/06\/Chiusura_CPO_2025-3.jpg'><img width=\"300\" height=\"300\" src=\"https:\/\/franciscanos.org.br\/noticias\/wp-content\/uploads\/2025\/06\/Chiusura_CPO_2025-3-300x300.jpg\" class=\"attachment-thumbnail size-thumbnail\" alt=\"\" loading=\"lazy\" srcset=\"https:\/\/franciscanos.org.br\/noticias\/wp-content\/uploads\/2025\/06\/Chiusura_CPO_2025-3-300x300.jpg 300w, https:\/\/franciscanos.org.br\/noticias\/wp-content\/uploads\/2025\/06\/Chiusura_CPO_2025-3-100x100.jpg 100w\" sizes=\"(max-width: 300px) 100vw, 300px\" \/><\/a>\n\t\t\t<\/dt><\/dl><br style=\"clear: both\" \/><dl class='gallery-item'>\n\t\t\t<dt class='gallery-icon portrait'>\n\t\t\t\t<a href='https:\/\/franciscanos.org.br\/noticias\/wp-content\/uploads\/2025\/06\/Chiusura_CPO_2025-04.jpg'><img width=\"300\" height=\"300\" src=\"https:\/\/franciscanos.org.br\/noticias\/wp-content\/uploads\/2025\/06\/Chiusura_CPO_2025-04-300x300.jpg\" class=\"attachment-thumbnail size-thumbnail\" alt=\"\" loading=\"lazy\" srcset=\"https:\/\/franciscanos.org.br\/noticias\/wp-content\/uploads\/2025\/06\/Chiusura_CPO_2025-04-300x300.jpg 300w, https:\/\/franciscanos.org.br\/noticias\/wp-content\/uploads\/2025\/06\/Chiusura_CPO_2025-04-100x100.jpg 100w\" sizes=\"(max-width: 300px) 100vw, 300px\" \/><\/a>\n\t\t\t<\/dt><\/dl><dl class='gallery-item'>\n\t\t\t<dt class='gallery-icon portrait'>\n\t\t\t\t<a href='https:\/\/franciscanos.org.br\/noticias\/wp-content\/uploads\/2025\/06\/Chiusura_CPO_2025-05.jpg'><img width=\"300\" height=\"300\" src=\"https:\/\/franciscanos.org.br\/noticias\/wp-content\/uploads\/2025\/06\/Chiusura_CPO_2025-05-300x300.jpg\" class=\"attachment-thumbnail size-thumbnail\" alt=\"\" loading=\"lazy\" srcset=\"https:\/\/franciscanos.org.br\/noticias\/wp-content\/uploads\/2025\/06\/Chiusura_CPO_2025-05-300x300.jpg 300w, https:\/\/franciscanos.org.br\/noticias\/wp-content\/uploads\/2025\/06\/Chiusura_CPO_2025-05-100x100.jpg 100w\" sizes=\"(max-width: 300px) 100vw, 300px\" \/><\/a>\n\t\t\t<\/dt><\/dl><dl class='gallery-item'>\n\t\t\t<dt class='gallery-icon landscape'>\n\t\t\t\t<a href='https:\/\/franciscanos.org.br\/noticias\/wp-content\/uploads\/2025\/06\/Chiusura_CPO_2025-06.jpg'><img width=\"300\" height=\"300\" src=\"https:\/\/franciscanos.org.br\/noticias\/wp-content\/uploads\/2025\/06\/Chiusura_CPO_2025-06-300x300.jpg\" class=\"attachment-thumbnail size-thumbnail\" alt=\"\" loading=\"lazy\" srcset=\"https:\/\/franciscanos.org.br\/noticias\/wp-content\/uploads\/2025\/06\/Chiusura_CPO_2025-06-300x300.jpg 300w, https:\/\/franciscanos.org.br\/noticias\/wp-content\/uploads\/2025\/06\/Chiusura_CPO_2025-06-100x100.jpg 100w\" sizes=\"(max-width: 300px) 100vw, 300px\" \/><\/a>\n\t\t\t<\/dt><\/dl><dl class='gallery-item'>\n\t\t\t<dt class='gallery-icon landscape'>\n\t\t\t\t<a href='https:\/\/franciscanos.org.br\/noticias\/wp-content\/uploads\/2025\/06\/Chiusura_CPO_2025-07.jpg'><img width=\"300\" height=\"300\" src=\"https:\/\/franciscanos.org.br\/noticias\/wp-content\/uploads\/2025\/06\/Chiusura_CPO_2025-07-300x300.jpg\" class=\"attachment-thumbnail size-thumbnail\" alt=\"\" loading=\"lazy\" srcset=\"https:\/\/franciscanos.org.br\/noticias\/wp-content\/uploads\/2025\/06\/Chiusura_CPO_2025-07-300x300.jpg 300w, https:\/\/franciscanos.org.br\/noticias\/wp-content\/uploads\/2025\/06\/Chiusura_CPO_2025-07-100x100.jpg 100w\" sizes=\"(max-width: 300px) 100vw, 300px\" \/><\/a>\n\t\t\t<\/dt><\/dl><br style=\"clear: both\" \/><dl class='gallery-item'>\n\t\t\t<dt class='gallery-icon landscape'>\n\t\t\t\t<a href='https:\/\/franciscanos.org.br\/noticias\/wp-content\/uploads\/2025\/06\/Chiusura_CPO_2025-08.jpg'><img width=\"300\" height=\"300\" src=\"https:\/\/franciscanos.org.br\/noticias\/wp-content\/uploads\/2025\/06\/Chiusura_CPO_2025-08-300x300.jpg\" class=\"attachment-thumbnail size-thumbnail\" alt=\"\" loading=\"lazy\" srcset=\"https:\/\/franciscanos.org.br\/noticias\/wp-content\/uploads\/2025\/06\/Chiusura_CPO_2025-08-300x300.jpg 300w, https:\/\/franciscanos.org.br\/noticias\/wp-content\/uploads\/2025\/06\/Chiusura_CPO_2025-08-100x100.jpg 100w\" sizes=\"(max-width: 300px) 100vw, 300px\" \/><\/a>\n\t\t\t<\/dt><\/dl><dl class='gallery-item'>\n\t\t\t<dt class='gallery-icon landscape'>\n\t\t\t\t<a href='https:\/\/franciscanos.org.br\/noticias\/wp-content\/uploads\/2025\/06\/Chiusura_CPO_2025-09.jpg'><img width=\"300\" height=\"300\" src=\"https:\/\/franciscanos.org.br\/noticias\/wp-content\/uploads\/2025\/06\/Chiusura_CPO_2025-09-300x300.jpg\" class=\"attachment-thumbnail size-thumbnail\" alt=\"\" loading=\"lazy\" srcset=\"https:\/\/franciscanos.org.br\/noticias\/wp-content\/uploads\/2025\/06\/Chiusura_CPO_2025-09-300x300.jpg 300w, https:\/\/franciscanos.org.br\/noticias\/wp-content\/uploads\/2025\/06\/Chiusura_CPO_2025-09-100x100.jpg 100w\" sizes=\"(max-width: 300px) 100vw, 300px\" \/><\/a>\n\t\t\t<\/dt><\/dl><dl class='gallery-item'>\n\t\t\t<dt class='gallery-icon landscape'>\n\t\t\t\t<a href='https:\/\/franciscanos.org.br\/noticias\/wp-content\/uploads\/2025\/06\/Chiusura_CPO_2025-10.jpg'><img width=\"300\" height=\"300\" src=\"https:\/\/franciscanos.org.br\/noticias\/wp-content\/uploads\/2025\/06\/Chiusura_CPO_2025-10-300x300.jpg\" class=\"attachment-thumbnail size-thumbnail\" alt=\"\" loading=\"lazy\" srcset=\"https:\/\/franciscanos.org.br\/noticias\/wp-content\/uploads\/2025\/06\/Chiusura_CPO_2025-10-300x300.jpg 300w, https:\/\/franciscanos.org.br\/noticias\/wp-content\/uploads\/2025\/06\/Chiusura_CPO_2025-10-100x100.jpg 100w\" sizes=\"(max-width: 300px) 100vw, 300px\" \/><\/a>\n\t\t\t<\/dt><\/dl><dl class='gallery-item'>\n\t\t\t<dt class='gallery-icon landscape'>\n\t\t\t\t<a href='https:\/\/franciscanos.org.br\/noticias\/wp-content\/uploads\/2025\/06\/Chiusura_CPO_2025-11.jpg'><img width=\"300\" height=\"300\" src=\"https:\/\/franciscanos.org.br\/noticias\/wp-content\/uploads\/2025\/06\/Chiusura_CPO_2025-11-300x300.jpg\" class=\"attachment-thumbnail size-thumbnail\" alt=\"\" loading=\"lazy\" srcset=\"https:\/\/franciscanos.org.br\/noticias\/wp-content\/uploads\/2025\/06\/Chiusura_CPO_2025-11-300x300.jpg 300w, https:\/\/franciscanos.org.br\/noticias\/wp-content\/uploads\/2025\/06\/Chiusura_CPO_2025-11-100x100.jpg 100w\" sizes=\"(max-width: 300px) 100vw, 300px\" \/><\/a>\n\t\t\t<\/dt><\/dl><br style=\"clear: both\" \/><dl class='gallery-item'>\n\t\t\t<dt class='gallery-icon landscape'>\n\t\t\t\t<a href='https:\/\/franciscanos.org.br\/noticias\/wp-content\/uploads\/2025\/06\/Chiusura_CPO_2025-12.jpg'><img width=\"300\" height=\"300\" src=\"https:\/\/franciscanos.org.br\/noticias\/wp-content\/uploads\/2025\/06\/Chiusura_CPO_2025-12-300x300.jpg\" class=\"attachment-thumbnail size-thumbnail\" alt=\"\" loading=\"lazy\" srcset=\"https:\/\/franciscanos.org.br\/noticias\/wp-content\/uploads\/2025\/06\/Chiusura_CPO_2025-12-300x300.jpg 300w, https:\/\/franciscanos.org.br\/noticias\/wp-content\/uploads\/2025\/06\/Chiusura_CPO_2025-12-100x100.jpg 100w\" sizes=\"(max-width: 300px) 100vw, 300px\" \/><\/a>\n\t\t\t<\/dt><\/dl><dl class='gallery-item'>\n\t\t\t<dt class='gallery-icon landscape'>\n\t\t\t\t<a href='https:\/\/franciscanos.org.br\/noticias\/wp-content\/uploads\/2025\/06\/Chiusura_CPO_2025-13.jpg'><img width=\"300\" height=\"300\" src=\"https:\/\/franciscanos.org.br\/noticias\/wp-content\/uploads\/2025\/06\/Chiusura_CPO_2025-13-300x300.jpg\" class=\"attachment-thumbnail size-thumbnail\" alt=\"\" loading=\"lazy\" srcset=\"https:\/\/franciscanos.org.br\/noticias\/wp-content\/uploads\/2025\/06\/Chiusura_CPO_2025-13-300x300.jpg 300w, https:\/\/franciscanos.org.br\/noticias\/wp-content\/uploads\/2025\/06\/Chiusura_CPO_2025-13-100x100.jpg 100w\" sizes=\"(max-width: 300px) 100vw, 300px\" \/><\/a>\n\t\t\t<\/dt><\/dl><dl class='gallery-item'>\n\t\t\t<dt class='gallery-icon landscape'>\n\t\t\t\t<a href='https:\/\/franciscanos.org.br\/noticias\/wp-content\/uploads\/2025\/06\/Chiusura_CPO_2025-14.jpg'><img width=\"300\" height=\"300\" src=\"https:\/\/franciscanos.org.br\/noticias\/wp-content\/uploads\/2025\/06\/Chiusura_CPO_2025-14-300x300.jpg\" class=\"attachment-thumbnail size-thumbnail\" alt=\"\" loading=\"lazy\" srcset=\"https:\/\/franciscanos.org.br\/noticias\/wp-content\/uploads\/2025\/06\/Chiusura_CPO_2025-14-300x300.jpg 300w, https:\/\/franciscanos.org.br\/noticias\/wp-content\/uploads\/2025\/06\/Chiusura_CPO_2025-14-100x100.jpg 100w\" sizes=\"(max-width: 300px) 100vw, 300px\" \/><\/a>\n\t\t\t<\/dt><\/dl><dl class='gallery-item'>\n\t\t\t<dt class='gallery-icon landscape'>\n\t\t\t\t<a href='https:\/\/franciscanos.org.br\/noticias\/wp-content\/uploads\/2025\/06\/Chiusura_CPO_2025-15.jpg'><img width=\"300\" height=\"300\" src=\"https:\/\/franciscanos.org.br\/noticias\/wp-content\/uploads\/2025\/06\/Chiusura_CPO_2025-15-300x300.jpg\" class=\"attachment-thumbnail size-thumbnail\" alt=\"\" loading=\"lazy\" srcset=\"https:\/\/franciscanos.org.br\/noticias\/wp-content\/uploads\/2025\/06\/Chiusura_CPO_2025-15-300x300.jpg 300w, https:\/\/franciscanos.org.br\/noticias\/wp-content\/uploads\/2025\/06\/Chiusura_CPO_2025-15-100x100.jpg 100w\" sizes=\"(max-width: 300px) 100vw, 300px\" \/><\/a>\n\t\t\t<\/dt><\/dl><br style=\"clear: both\" \/><dl class='gallery-item'>\n\t\t\t<dt class='gallery-icon landscape'>\n\t\t\t\t<a href='https:\/\/franciscanos.org.br\/noticias\/wp-content\/uploads\/2025\/06\/Chiusura_CPO_2025-16.jpg'><img width=\"300\" height=\"300\" src=\"https:\/\/franciscanos.org.br\/noticias\/wp-content\/uploads\/2025\/06\/Chiusura_CPO_2025-16-300x300.jpg\" class=\"attachment-thumbnail size-thumbnail\" alt=\"\" loading=\"lazy\" srcset=\"https:\/\/franciscanos.org.br\/noticias\/wp-content\/uploads\/2025\/06\/Chiusura_CPO_2025-16-300x300.jpg 300w, https:\/\/franciscanos.org.br\/noticias\/wp-content\/uploads\/2025\/06\/Chiusura_CPO_2025-16-100x100.jpg 100w\" sizes=\"(max-width: 300px) 100vw, 300px\" \/><\/a>\n\t\t\t<\/dt><\/dl><dl class='gallery-item'>\n\t\t\t<dt class='gallery-icon landscape'>\n\t\t\t\t<a href='https:\/\/franciscanos.org.br\/noticias\/wp-content\/uploads\/2025\/06\/Chiusura_CPO_2025-17.jpg'><img width=\"300\" height=\"300\" src=\"https:\/\/franciscanos.org.br\/noticias\/wp-content\/uploads\/2025\/06\/Chiusura_CPO_2025-17-300x300.jpg\" class=\"attachment-thumbnail size-thumbnail\" alt=\"\" loading=\"lazy\" srcset=\"https:\/\/franciscanos.org.br\/noticias\/wp-content\/uploads\/2025\/06\/Chiusura_CPO_2025-17-300x300.jpg 300w, https:\/\/franciscanos.org.br\/noticias\/wp-content\/uploads\/2025\/06\/Chiusura_CPO_2025-17-100x100.jpg 100w\" sizes=\"(max-width: 300px) 100vw, 300px\" \/><\/a>\n\t\t\t<\/dt><\/dl><dl class='gallery-item'>\n\t\t\t<dt class='gallery-icon landscape'>\n\t\t\t\t<a href='https:\/\/franciscanos.org.br\/noticias\/wp-content\/uploads\/2025\/06\/Chiusura_CPO_2025-18.jpg'><img width=\"300\" height=\"300\" src=\"https:\/\/franciscanos.org.br\/noticias\/wp-content\/uploads\/2025\/06\/Chiusura_CPO_2025-18-300x300.jpg\" class=\"attachment-thumbnail size-thumbnail\" alt=\"\" loading=\"lazy\" srcset=\"https:\/\/franciscanos.org.br\/noticias\/wp-content\/uploads\/2025\/06\/Chiusura_CPO_2025-18-300x300.jpg 300w, https:\/\/franciscanos.org.br\/noticias\/wp-content\/uploads\/2025\/06\/Chiusura_CPO_2025-18-100x100.jpg 100w\" sizes=\"(max-width: 300px) 100vw, 300px\" \/><\/a>\n\t\t\t<\/dt><\/dl><dl class='gallery-item'>\n\t\t\t<dt class='gallery-icon landscape'>\n\t\t\t\t<a href='https:\/\/franciscanos.org.br\/noticias\/wp-content\/uploads\/2025\/06\/Chiusura_CPO_2025-19.jpg'><img width=\"300\" height=\"300\" src=\"https:\/\/franciscanos.org.br\/noticias\/wp-content\/uploads\/2025\/06\/Chiusura_CPO_2025-19-300x300.jpg\" class=\"attachment-thumbnail size-thumbnail\" alt=\"\" loading=\"lazy\" srcset=\"https:\/\/franciscanos.org.br\/noticias\/wp-content\/uploads\/2025\/06\/Chiusura_CPO_2025-19-300x300.jpg 300w, https:\/\/franciscanos.org.br\/noticias\/wp-content\/uploads\/2025\/06\/Chiusura_CPO_2025-19-100x100.jpg 100w\" sizes=\"(max-width: 300px) 100vw, 300px\" \/><\/a>\n\t\t\t<\/dt><\/dl><br style=\"clear: both\" \/>\n\t\t<\/div>\n\n","protected":false},"excerpt":{"rendered":"<p>Conselho Plen\u00e1rio da Ordem<\/p>\n","protected":false},"author":11,"featured_media":257966,"comment_status":"open","ping_status":"open","sticky":false,"template":"","format":"standard","meta":[],"categories":[1],"tags":[2365,397],"acf":[],"yoast_head":"<!-- This site is optimized with the Yoast SEO plugin v19.2 - https:\/\/yoast.com\/wordpress\/plugins\/seo\/ -->\n<title>Conselho Plen\u00e1rio da Ordem \u00e9 conclu\u00eddo com discernimento e di\u00e1logo sobre o futuro da fraternidade - Not\u00edcias - Franciscanos<\/title>\n<meta name=\"robots\" content=\"index, follow, max-snippet:-1, max-image-preview:large, max-video-preview:-1\" \/>\n<link rel=\"canonical\" href=\"https:\/\/franciscanos.org.br\/noticias\/conselho-plenario-da-ordem-e-concluido-com-discernimento-e-dialogo-sobre-o-futuro-da-fraternidade.html\" \/>\n<meta property=\"og:locale\" content=\"pt_BR\" \/>\n<meta property=\"og:type\" content=\"article\" \/>\n<meta property=\"og:title\" content=\"Conselho Plen\u00e1rio da Ordem \u00e9 conclu\u00eddo com discernimento e di\u00e1logo sobre o futuro da fraternidade - Not\u00edcias - Franciscanos\" \/>\n<meta property=\"og:description\" content=\"Conselho Plen\u00e1rio da Ordem\" \/>\n<meta property=\"og:url\" content=\"https:\/\/franciscanos.org.br\/noticias\/conselho-plenario-da-ordem-e-concluido-com-discernimento-e-dialogo-sobre-o-futuro-da-fraternidade.html\" \/>\n<meta property=\"og:site_name\" content=\"Not\u00edcias - Franciscanos\" \/>\n<meta property=\"article:published_time\" content=\"2025-06-13T15:23:54+00:00\" \/>\n<meta property=\"article:modified_time\" content=\"2025-06-13T15:24:44+00:00\" \/>\n<meta property=\"og:image\" content=\"https:\/\/franciscanos.org.br\/noticias\/wp-content\/uploads\/2025\/06\/chamada-21.png\" \/>\n\t<meta property=\"og:image:width\" content=\"800\" \/>\n\t<meta property=\"og:image:height\" content=\"550\" \/>\n\t<meta property=\"og:image:type\" content=\"image\/png\" \/>\n<meta name=\"author\" content=\"Adriana Rabelo\" \/>\n<meta name=\"twitter:card\" content=\"summary_large_image\" \/>\n<meta name=\"twitter:label1\" content=\"Escrito por\" \/>\n\t<meta name=\"twitter:data1\" content=\"Adriana Rabelo\" \/>\n\t<meta name=\"twitter:label2\" content=\"Est. tempo de leitura\" \/>\n\t<meta name=\"twitter:data2\" content=\"18 minutos\" \/>\n<script type=\"application\/ld+json\" class=\"yoast-schema-graph\">{\"@context\":\"https:\/\/schema.org\",\"@graph\":[{\"@type\":\"WebSite\",\"@id\":\"https:\/\/franciscanos.org.br\/noticias\/#website\",\"url\":\"https:\/\/franciscanos.org.br\/noticias\/\",\"name\":\"Not\u00edcias - Franciscanos\",\"description\":\"Prov\u00edncia Franciscana da Imaculada Concei\u00e7\u00e3o do Brasil - Ordem dos Frades Menores - OFM\",\"potentialAction\":[{\"@type\":\"SearchAction\",\"target\":{\"@type\":\"EntryPoint\",\"urlTemplate\":\"https:\/\/franciscanos.org.br\/noticias\/?s={search_term_string}\"},\"query-input\":\"required name=search_term_string\"}],\"inLanguage\":\"pt-BR\"},{\"@type\":\"ImageObject\",\"inLanguage\":\"pt-BR\",\"@id\":\"https:\/\/franciscanos.org.br\/noticias\/conselho-plenario-da-ordem-e-concluido-com-discernimento-e-dialogo-sobre-o-futuro-da-fraternidade.html#primaryimage\",\"url\":\"https:\/\/franciscanos.org.br\/noticias\/wp-content\/uploads\/2025\/06\/chamada-21.png\",\"contentUrl\":\"https:\/\/franciscanos.org.br\/noticias\/wp-content\/uploads\/2025\/06\/chamada-21.png\",\"width\":800,\"height\":550},{\"@type\":\"WebPage\",\"@id\":\"https:\/\/franciscanos.org.br\/noticias\/conselho-plenario-da-ordem-e-concluido-com-discernimento-e-dialogo-sobre-o-futuro-da-fraternidade.html#webpage\",\"url\":\"https:\/\/franciscanos.org.br\/noticias\/conselho-plenario-da-ordem-e-concluido-com-discernimento-e-dialogo-sobre-o-futuro-da-fraternidade.html\",\"name\":\"Conselho Plen\u00e1rio da Ordem \u00e9 conclu\u00eddo com discernimento e di\u00e1logo sobre o futuro da fraternidade - Not\u00edcias - Franciscanos\",\"isPartOf\":{\"@id\":\"https:\/\/franciscanos.org.br\/noticias\/#website\"},\"primaryImageOfPage\":{\"@id\":\"https:\/\/franciscanos.org.br\/noticias\/conselho-plenario-da-ordem-e-concluido-com-discernimento-e-dialogo-sobre-o-futuro-da-fraternidade.html#primaryimage\"},\"datePublished\":\"2025-06-13T15:23:54+00:00\",\"dateModified\":\"2025-06-13T15:24:44+00:00\",\"author\":{\"@id\":\"https:\/\/franciscanos.org.br\/noticias\/#\/schema\/person\/d9422e83121c3ad3b0f423d195f5bb25\"},\"breadcrumb\":{\"@id\":\"https:\/\/franciscanos.org.br\/noticias\/conselho-plenario-da-ordem-e-concluido-com-discernimento-e-dialogo-sobre-o-futuro-da-fraternidade.html#breadcrumb\"},\"inLanguage\":\"pt-BR\",\"potentialAction\":[{\"@type\":\"ReadAction\",\"target\":[\"https:\/\/franciscanos.org.br\/noticias\/conselho-plenario-da-ordem-e-concluido-com-discernimento-e-dialogo-sobre-o-futuro-da-fraternidade.html\"]}]},{\"@type\":\"BreadcrumbList\",\"@id\":\"https:\/\/franciscanos.org.br\/noticias\/conselho-plenario-da-ordem-e-concluido-com-discernimento-e-dialogo-sobre-o-futuro-da-fraternidade.html#breadcrumb\",\"itemListElement\":[{\"@type\":\"ListItem\",\"position\":1,\"name\":\"Home\",\"item\":\"https:\/\/franciscanos.org.br\/noticias\"},{\"@type\":\"ListItem\",\"position\":2,\"name\":\"Conselho Plen\u00e1rio da Ordem \u00e9 conclu\u00eddo com discernimento e di\u00e1logo sobre o futuro da fraternidade\"}]},{\"@type\":\"Person\",\"@id\":\"https:\/\/franciscanos.org.br\/noticias\/#\/schema\/person\/d9422e83121c3ad3b0f423d195f5bb25\",\"name\":\"Adriana Rabelo\",\"image\":{\"@type\":\"ImageObject\",\"inLanguage\":\"pt-BR\",\"@id\":\"https:\/\/franciscanos.org.br\/noticias\/#\/schema\/person\/image\/\",\"url\":\"https:\/\/secure.gravatar.com\/avatar\/0a937b7500cd7df77540cfb8bede877d?s=96&d=mm&r=g\",\"contentUrl\":\"https:\/\/secure.gravatar.com\/avatar\/0a937b7500cd7df77540cfb8bede877d?s=96&d=mm&r=g\",\"caption\":\"Adriana Rabelo\"},\"url\":\"https:\/\/franciscanos.org.br\/noticias\/author\/adrianarabelo\"}]}<\/script>\n<!-- \/ Yoast SEO plugin. -->","yoast_head_json":{"title":"Conselho Plen\u00e1rio da Ordem \u00e9 conclu\u00eddo com discernimento e di\u00e1logo sobre o futuro da fraternidade - Not\u00edcias - Franciscanos","robots":{"index":"index","follow":"follow","max-snippet":"max-snippet:-1","max-image-preview":"max-image-preview:large","max-video-preview":"max-video-preview:-1"},"canonical":"https:\/\/franciscanos.org.br\/noticias\/conselho-plenario-da-ordem-e-concluido-com-discernimento-e-dialogo-sobre-o-futuro-da-fraternidade.html","og_locale":"pt_BR","og_type":"article","og_title":"Conselho Plen\u00e1rio da Ordem \u00e9 conclu\u00eddo com discernimento e di\u00e1logo sobre o futuro da fraternidade - Not\u00edcias - Franciscanos","og_description":"Conselho Plen\u00e1rio da Ordem","og_url":"https:\/\/franciscanos.org.br\/noticias\/conselho-plenario-da-ordem-e-concluido-com-discernimento-e-dialogo-sobre-o-futuro-da-fraternidade.html","og_site_name":"Not\u00edcias - Franciscanos","article_published_time":"2025-06-13T15:23:54+00:00","article_modified_time":"2025-06-13T15:24:44+00:00","og_image":[{"width":800,"height":550,"url":"https:\/\/franciscanos.org.br\/noticias\/wp-content\/uploads\/2025\/06\/chamada-21.png","type":"image\/png"}],"author":"Adriana Rabelo","twitter_card":"summary_large_image","twitter_misc":{"Escrito por":"Adriana Rabelo","Est. tempo de leitura":"18 minutos"},"schema":{"@context":"https:\/\/schema.org","@graph":[{"@type":"WebSite","@id":"https:\/\/franciscanos.org.br\/noticias\/#website","url":"https:\/\/franciscanos.org.br\/noticias\/","name":"Not\u00edcias - Franciscanos","description":"Prov\u00edncia Franciscana da Imaculada Concei\u00e7\u00e3o do Brasil - Ordem dos Frades Menores - OFM","potentialAction":[{"@type":"SearchAction","target":{"@type":"EntryPoint","urlTemplate":"https:\/\/franciscanos.org.br\/noticias\/?s={search_term_string}"},"query-input":"required name=search_term_string"}],"inLanguage":"pt-BR"},{"@type":"ImageObject","inLanguage":"pt-BR","@id":"https:\/\/franciscanos.org.br\/noticias\/conselho-plenario-da-ordem-e-concluido-com-discernimento-e-dialogo-sobre-o-futuro-da-fraternidade.html#primaryimage","url":"https:\/\/franciscanos.org.br\/noticias\/wp-content\/uploads\/2025\/06\/chamada-21.png","contentUrl":"https:\/\/franciscanos.org.br\/noticias\/wp-content\/uploads\/2025\/06\/chamada-21.png","width":800,"height":550},{"@type":"WebPage","@id":"https:\/\/franciscanos.org.br\/noticias\/conselho-plenario-da-ordem-e-concluido-com-discernimento-e-dialogo-sobre-o-futuro-da-fraternidade.html#webpage","url":"https:\/\/franciscanos.org.br\/noticias\/conselho-plenario-da-ordem-e-concluido-com-discernimento-e-dialogo-sobre-o-futuro-da-fraternidade.html","name":"Conselho Plen\u00e1rio da Ordem \u00e9 conclu\u00eddo com discernimento e di\u00e1logo sobre o futuro da fraternidade - Not\u00edcias - Franciscanos","isPartOf":{"@id":"https:\/\/franciscanos.org.br\/noticias\/#website"},"primaryImageOfPage":{"@id":"https:\/\/franciscanos.org.br\/noticias\/conselho-plenario-da-ordem-e-concluido-com-discernimento-e-dialogo-sobre-o-futuro-da-fraternidade.html#primaryimage"},"datePublished":"2025-06-13T15:23:54+00:00","dateModified":"2025-06-13T15:24:44+00:00","author":{"@id":"https:\/\/franciscanos.org.br\/noticias\/#\/schema\/person\/d9422e83121c3ad3b0f423d195f5bb25"},"breadcrumb":{"@id":"https:\/\/franciscanos.org.br\/noticias\/conselho-plenario-da-ordem-e-concluido-com-discernimento-e-dialogo-sobre-o-futuro-da-fraternidade.html#breadcrumb"},"inLanguage":"pt-BR","potentialAction":[{"@type":"ReadAction","target":["https:\/\/franciscanos.org.br\/noticias\/conselho-plenario-da-ordem-e-concluido-com-discernimento-e-dialogo-sobre-o-futuro-da-fraternidade.html"]}]},{"@type":"BreadcrumbList","@id":"https:\/\/franciscanos.org.br\/noticias\/conselho-plenario-da-ordem-e-concluido-com-discernimento-e-dialogo-sobre-o-futuro-da-fraternidade.html#breadcrumb","itemListElement":[{"@type":"ListItem","position":1,"name":"Home","item":"https:\/\/franciscanos.org.br\/noticias"},{"@type":"ListItem","position":2,"name":"Conselho Plen\u00e1rio da Ordem \u00e9 conclu\u00eddo com discernimento e di\u00e1logo sobre o futuro da fraternidade"}]},{"@type":"Person","@id":"https:\/\/franciscanos.org.br\/noticias\/#\/schema\/person\/d9422e83121c3ad3b0f423d195f5bb25","name":"Adriana Rabelo","image":{"@type":"ImageObject","inLanguage":"pt-BR","@id":"https:\/\/franciscanos.org.br\/noticias\/#\/schema\/person\/image\/","url":"https:\/\/secure.gravatar.com\/avatar\/0a937b7500cd7df77540cfb8bede877d?s=96&d=mm&r=g","contentUrl":"https:\/\/secure.gravatar.com\/avatar\/0a937b7500cd7df77540cfb8bede877d?s=96&d=mm&r=g","caption":"Adriana Rabelo"},"url":"https:\/\/franciscanos.org.br\/noticias\/author\/adrianarabelo"}]}},"_links":{"self":[{"href":"https:\/\/franciscanos.org.br\/noticias\/wp-json\/wp\/v2\/posts\/257964"}],"collection":[{"href":"https:\/\/franciscanos.org.br\/noticias\/wp-json\/wp\/v2\/posts"}],"about":[{"href":"https:\/\/franciscanos.org.br\/noticias\/wp-json\/wp\/v2\/types\/post"}],"author":[{"embeddable":true,"href":"https:\/\/franciscanos.org.br\/noticias\/wp-json\/wp\/v2\/users\/11"}],"replies":[{"embeddable":true,"href":"https:\/\/franciscanos.org.br\/noticias\/wp-json\/wp\/v2\/comments?post=257964"}],"version-history":[{"count":4,"href":"https:\/\/franciscanos.org.br\/noticias\/wp-json\/wp\/v2\/posts\/257964\/revisions"}],"predecessor-version":[{"id":257993,"href":"https:\/\/franciscanos.org.br\/noticias\/wp-json\/wp\/v2\/posts\/257964\/revisions\/257993"}],"wp:featuredmedia":[{"embeddable":true,"href":"https:\/\/franciscanos.org.br\/noticias\/wp-json\/wp\/v2\/media\/257966"}],"wp:attachment":[{"href":"https:\/\/franciscanos.org.br\/noticias\/wp-json\/wp\/v2\/media?parent=257964"}],"wp:term":[{"taxonomy":"category","embeddable":true,"href":"https:\/\/franciscanos.org.br\/noticias\/wp-json\/wp\/v2\/categories?post=257964"},{"taxonomy":"post_tag","embeddable":true,"href":"https:\/\/franciscanos.org.br\/noticias\/wp-json\/wp\/v2\/tags?post=257964"}],"curies":[{"name":"wp","href":"https:\/\/api.w.org\/{rel}","templated":true}]}}