{"id":257948,"date":"2025-06-11T08:00:12","date_gmt":"2025-06-11T11:00:12","guid":{"rendered":"https:\/\/franciscanos.org.br\/noticias\/?p=257948"},"modified":"2025-09-12T08:18:29","modified_gmt":"2025-09-12T11:18:29","slug":"papa-jesus-nos-cura-para-que-possamos-ser-verdadeiramente-livres","status":"publish","type":"post","link":"https:\/\/franciscanos.org.br\/noticias\/papa-jesus-nos-cura-para-que-possamos-ser-verdadeiramente-livres.html","title":{"rendered":"Papa: Jesus nos cura para que possamos ser verdadeiramente livres"},"content":{"rendered":"<p><img loading=\"lazy\" class=\"aligncenter wp-image-257949 size-full\" src=\"https:\/\/franciscanos.org.br\/noticias\/wp-content\/uploads\/2025\/06\/materia-11.06.png\" alt=\"\" width=\"1280\" height=\"720\" srcset=\"https:\/\/franciscanos.org.br\/noticias\/wp-content\/uploads\/2025\/06\/materia-11.06.png 1280w, https:\/\/franciscanos.org.br\/noticias\/wp-content\/uploads\/2025\/06\/materia-11.06-450x253.png 450w, https:\/\/franciscanos.org.br\/noticias\/wp-content\/uploads\/2025\/06\/materia-11.06-1024x576.png 1024w, https:\/\/franciscanos.org.br\/noticias\/wp-content\/uploads\/2025\/06\/materia-11.06-768x432.png 768w, https:\/\/franciscanos.org.br\/noticias\/wp-content\/uploads\/2025\/06\/materia-11.06-150x84.png 150w\" sizes=\"(max-width: 1280px) 100vw, 1280px\" \/><em>Le\u00e3o XIV escolheu a figura de Bartimeu, o mendigo cego que Jesus encontra em Jeric\u00f3, como guia para a reflex\u00e3o da catequese desta quarta-feira, 11\/06. Aos milhares de fi\u00e9is reunidos na Pra\u00e7a S\u00e3o Pedro, o Pont\u00edfice apresentou a figura de \u201cum homem marginalizado, solit\u00e1rio, que, mesmo na escurid\u00e3o, n\u00e3o perdeu a esperan\u00e7a&#8221;.<\/em><\/p>\n<hr \/>\n<p>Na catequese da Audi\u00eancia Geral desta quarta-feira, 11 de junho, Le\u00e3o XIV voltou o olhar dos fi\u00e9is para um aspecto essencial da vida de Jesus: as suas curas. Diante de uma Pra\u00e7a S\u00e3o Pedro repleta de peregrinos, convidou todos a apresentar ao Cora\u00e7\u00e3o de Cristo suas fragilidades, dores e bloqueios, com a confian\u00e7a de que o Senhor escutar\u00e1 o clamor de cada um e trar\u00e1 cura.<\/p>\n<p><i>\u201cO personagem que nos acompanha nesta reflex\u00e3o nos ajuda a compreender que nunca devemos abandonar a esperan\u00e7a, mesmo quando nos sentimos perdidos. Trata-se de Bartimeu, um mendigo cego, que Jesus encontrou em Jeric\u00f3.\u201d<\/i><\/p>\n<p>A origem do nome Bartimeu, disse o Papa, \u00e9 reveladora: \u201cfilho de Timeu\u201d \u2014 ou seja, algu\u00e9m que carrega uma rela\u00e7\u00e3o, mas que est\u00e1 dramaticamente s\u00f3. O nome tamb\u00e9m pode significar \u201cfilho da honra\u201d, um contraste com sua realidade de exclus\u00e3o. A partir desse personagem, o Pont\u00edfice refletiu sobre o quanto muitas pessoas se encontram paralisadas, \u00e0 beira da estrada da vida, sem for\u00e7as para continuar.<\/p>\n<p><strong>N\u00e3o h\u00e1 grito que Deus n\u00e3o ou\u00e7a<\/strong><\/p>\n<p>Bartimeu, por\u00e9m, nos ensina a reagir, ressaltou o Santo Padre, pois ele sabe pedir, sabe gritar: \u201cFilho de Davi, Jesus, tem miseric\u00f3rdia de mim!\u201d (Mc 10,47). Esta s\u00faplica tornou-se uma das ora\u00e7\u00f5es mais conhecidas da tradi\u00e7\u00e3o oriental: \u201cSenhor Jesus Cristo, Filho de Deus, tem miseric\u00f3rdia de mim, pecador.\u201d Mesmo cego, Bartimeu reconhece quem \u00e9 Jesus, e seu grito o faz parar: \u201cN\u00e3o h\u00e1 grito que Deus n\u00e3o ou\u00e7a, mesmo quando n\u00e3o percebemos de que nos dirigimos a Ele.\u201d<\/p>\n<p>Jesus o chama, mas n\u00e3o vai imediatamente ao seu encontro. Em vez disso, convida-o a levantar-se, a caminhar. \u201cAquele homem pode reerguer-se, pode levantar-se das suas situa\u00e7\u00f5es de morte.\u201d Para isso, precisa abandonar algo precioso: sua capa \u2014 s\u00edmbolo de sua seguran\u00e7a, sua \u201ccasa\u201d. Le\u00e3o XIV explicou que, muitas vezes, s\u00e3o nossas falsas seguran\u00e7as que nos impedem de ir ao encontro de Cristo: \u201cPara ir ter com Jesus e ser curado, Bartimeu precisa de se expor a Ele em toda a sua vulnerabilidade. Este \u00e9 o passo fundamental para qualquer caminho de cura.\u201d<\/p>\n<p><strong> <img loading=\"lazy\" class=\"aligncenter wp-image-257951 size-full\" src=\"https:\/\/franciscanos.org.br\/noticias\/wp-content\/uploads\/2025\/06\/materia-11.063.png\" alt=\"\" width=\"1280\" height=\"720\" srcset=\"https:\/\/franciscanos.org.br\/noticias\/wp-content\/uploads\/2025\/06\/materia-11.063.png 1280w, https:\/\/franciscanos.org.br\/noticias\/wp-content\/uploads\/2025\/06\/materia-11.063-450x253.png 450w, https:\/\/franciscanos.org.br\/noticias\/wp-content\/uploads\/2025\/06\/materia-11.063-1024x576.png 1024w, https:\/\/franciscanos.org.br\/noticias\/wp-content\/uploads\/2025\/06\/materia-11.063-768x432.png 768w, https:\/\/franciscanos.org.br\/noticias\/wp-content\/uploads\/2025\/06\/materia-11.063-150x84.png 150w\" sizes=\"(max-width: 1280px) 100vw, 1280px\" \/><\/strong><\/p>\n<p><strong>Olhar para o alto<\/strong><\/p>\n<p>Jesus faz, ent\u00e3o, uma pergunta aparentemente \u00f3bvia: \u201cQue queres que te fa\u00e7a?\u201d. A resposta de Bartimeu, segundo o Papa, revela muito mais que um desejo de enxergar: ele usa o verbo\u00a0<i>anablepein<\/i>, que pode ser traduzido como \u201cver de novo\u201d, mas tamb\u00e9m como \u201clevantar o olhar\u201d, e completou:<\/p>\n<p><i>\u201cBartimeu n\u00e3o quer apenas ver de novo, quer tamb\u00e9m redescobrir a sua dignidade! Para olhar para cima, \u00e9 preciso levantar a cabe\u00e7a. Por vezes, as pessoas est\u00e3o bloqueadas porque a vida as humilhou e s\u00f3 querem redescobrir o seu pr\u00f3prio valor.\u201d<\/i><\/p>\n<p><strong>A liberdade de seguir Jesus<\/strong><\/p>\n<p>\u201cO que salva Bartimeu, e cada um de n\u00f3s, \u00e9 a f\u00e9. Jesus cura-nos para que nos tornemos livres\u201d, destacou o Papa. Quando Jesus o cura, diz: \u201cVai, a tua f\u00e9 te salvou\u201d, ou seja, \u201cEle n\u00e3o convida Bartimeu a segui-lo, mas diz-lhe para ir, para retomar o caminho. No entanto, o evangelista Marcos conclui a hist\u00f3ria relatando que Bartimeu come\u00e7ou a seguir Jesus: escolheu livremente seguir aquele que \u00e9 o Caminho!\u201d<\/p>\n<p>Ao concluir a catequese, o Papa dirigiu-se aos fi\u00e9is com um apelo \u00e0 ora\u00e7\u00e3o: \u201cLevemos com confian\u00e7a diante de Jesus as nossas doen\u00e7as e as dos nossos entes queridos, levemos a dor daqueles que se sentem perdidos e sem sa\u00edda. Gritemos tamb\u00e9m por eles, e tenhamos a certeza de que o Senhor nos ouvir\u00e1 e se deter\u00e1.\u201d<\/p>\n<hr \/>\n<p><em>Thulio Fonseca \u2013 Vatican News<\/em><\/p>\n","protected":false},"excerpt":{"rendered":"<p>Audi\u00eancia Geral<\/p>\n","protected":false},"author":11,"featured_media":257950,"comment_status":"open","ping_status":"open","sticky":false,"template":"","format":"standard","meta":[],"categories":[1,2410,2345],"tags":[487,2343],"acf":[],"yoast_head":"<!-- This site is optimized with the Yoast SEO plugin v19.2 - https:\/\/yoast.com\/wordpress\/plugins\/seo\/ -->\n<title>Papa: Jesus nos cura para que possamos ser verdadeiramente livres - Not\u00edcias - Franciscanos<\/title>\n<meta name=\"robots\" content=\"index, follow, max-snippet:-1, max-image-preview:large, max-video-preview:-1\" \/>\n<link rel=\"canonical\" href=\"https:\/\/franciscanos.org.br\/noticias\/papa-jesus-nos-cura-para-que-possamos-ser-verdadeiramente-livres.html\" \/>\n<meta property=\"og:locale\" content=\"pt_BR\" \/>\n<meta property=\"og:type\" content=\"article\" \/>\n<meta property=\"og:title\" content=\"Papa: Jesus nos cura para que possamos ser verdadeiramente livres - Not\u00edcias - Franciscanos\" \/>\n<meta property=\"og:description\" content=\"Audi\u00eancia Geral\" \/>\n<meta property=\"og:url\" content=\"https:\/\/franciscanos.org.br\/noticias\/papa-jesus-nos-cura-para-que-possamos-ser-verdadeiramente-livres.html\" \/>\n<meta property=\"og:site_name\" content=\"Not\u00edcias - Franciscanos\" \/>\n<meta property=\"article:published_time\" content=\"2025-06-11T11:00:12+00:00\" \/>\n<meta property=\"article:modified_time\" content=\"2025-09-12T11:18:29+00:00\" \/>\n<meta property=\"og:image\" content=\"https:\/\/franciscanos.org.br\/noticias\/wp-content\/uploads\/2025\/06\/chamada-11.06.png\" \/>\n\t<meta property=\"og:image:width\" content=\"800\" \/>\n\t<meta property=\"og:image:height\" content=\"550\" \/>\n\t<meta property=\"og:image:type\" content=\"image\/png\" \/>\n<meta name=\"author\" content=\"Adriana Rabelo\" \/>\n<meta name=\"twitter:card\" content=\"summary_large_image\" \/>\n<meta name=\"twitter:label1\" content=\"Escrito por\" \/>\n\t<meta name=\"twitter:data1\" content=\"Adriana Rabelo\" \/>\n\t<meta name=\"twitter:label2\" content=\"Est. tempo de leitura\" \/>\n\t<meta name=\"twitter:data2\" content=\"3 minutos\" \/>\n<script type=\"application\/ld+json\" class=\"yoast-schema-graph\">{\"@context\":\"https:\/\/schema.org\",\"@graph\":[{\"@type\":\"WebSite\",\"@id\":\"https:\/\/franciscanos.org.br\/noticias\/#website\",\"url\":\"https:\/\/franciscanos.org.br\/noticias\/\",\"name\":\"Not\u00edcias - Franciscanos\",\"description\":\"Prov\u00edncia Franciscana da Imaculada Concei\u00e7\u00e3o do Brasil - Ordem dos Frades Menores - OFM\",\"potentialAction\":[{\"@type\":\"SearchAction\",\"target\":{\"@type\":\"EntryPoint\",\"urlTemplate\":\"https:\/\/franciscanos.org.br\/noticias\/?s={search_term_string}\"},\"query-input\":\"required name=search_term_string\"}],\"inLanguage\":\"pt-BR\"},{\"@type\":\"ImageObject\",\"inLanguage\":\"pt-BR\",\"@id\":\"https:\/\/franciscanos.org.br\/noticias\/papa-jesus-nos-cura-para-que-possamos-ser-verdadeiramente-livres.html#primaryimage\",\"url\":\"https:\/\/franciscanos.org.br\/noticias\/wp-content\/uploads\/2025\/06\/chamada-11.06.png\",\"contentUrl\":\"https:\/\/franciscanos.org.br\/noticias\/wp-content\/uploads\/2025\/06\/chamada-11.06.png\",\"width\":800,\"height\":550},{\"@type\":\"WebPage\",\"@id\":\"https:\/\/franciscanos.org.br\/noticias\/papa-jesus-nos-cura-para-que-possamos-ser-verdadeiramente-livres.html#webpage\",\"url\":\"https:\/\/franciscanos.org.br\/noticias\/papa-jesus-nos-cura-para-que-possamos-ser-verdadeiramente-livres.html\",\"name\":\"Papa: Jesus nos cura para que possamos ser verdadeiramente livres - Not\u00edcias - Franciscanos\",\"isPartOf\":{\"@id\":\"https:\/\/franciscanos.org.br\/noticias\/#website\"},\"primaryImageOfPage\":{\"@id\":\"https:\/\/franciscanos.org.br\/noticias\/papa-jesus-nos-cura-para-que-possamos-ser-verdadeiramente-livres.html#primaryimage\"},\"datePublished\":\"2025-06-11T11:00:12+00:00\",\"dateModified\":\"2025-09-12T11:18:29+00:00\",\"author\":{\"@id\":\"https:\/\/franciscanos.org.br\/noticias\/#\/schema\/person\/d9422e83121c3ad3b0f423d195f5bb25\"},\"breadcrumb\":{\"@id\":\"https:\/\/franciscanos.org.br\/noticias\/papa-jesus-nos-cura-para-que-possamos-ser-verdadeiramente-livres.html#breadcrumb\"},\"inLanguage\":\"pt-BR\",\"potentialAction\":[{\"@type\":\"ReadAction\",\"target\":[\"https:\/\/franciscanos.org.br\/noticias\/papa-jesus-nos-cura-para-que-possamos-ser-verdadeiramente-livres.html\"]}]},{\"@type\":\"BreadcrumbList\",\"@id\":\"https:\/\/franciscanos.org.br\/noticias\/papa-jesus-nos-cura-para-que-possamos-ser-verdadeiramente-livres.html#breadcrumb\",\"itemListElement\":[{\"@type\":\"ListItem\",\"position\":1,\"name\":\"Home\",\"item\":\"https:\/\/franciscanos.org.br\/noticias\"},{\"@type\":\"ListItem\",\"position\":2,\"name\":\"Papa: Jesus nos cura para que possamos ser verdadeiramente livres\"}]},{\"@type\":\"Person\",\"@id\":\"https:\/\/franciscanos.org.br\/noticias\/#\/schema\/person\/d9422e83121c3ad3b0f423d195f5bb25\",\"name\":\"Adriana Rabelo\",\"image\":{\"@type\":\"ImageObject\",\"inLanguage\":\"pt-BR\",\"@id\":\"https:\/\/franciscanos.org.br\/noticias\/#\/schema\/person\/image\/\",\"url\":\"https:\/\/secure.gravatar.com\/avatar\/0a937b7500cd7df77540cfb8bede877d?s=96&d=mm&r=g\",\"contentUrl\":\"https:\/\/secure.gravatar.com\/avatar\/0a937b7500cd7df77540cfb8bede877d?s=96&d=mm&r=g\",\"caption\":\"Adriana Rabelo\"},\"url\":\"https:\/\/franciscanos.org.br\/noticias\/author\/adrianarabelo\"}]}<\/script>\n<!-- \/ Yoast SEO plugin. -->","yoast_head_json":{"title":"Papa: Jesus nos cura para que possamos ser verdadeiramente livres - Not\u00edcias - Franciscanos","robots":{"index":"index","follow":"follow","max-snippet":"max-snippet:-1","max-image-preview":"max-image-preview:large","max-video-preview":"max-video-preview:-1"},"canonical":"https:\/\/franciscanos.org.br\/noticias\/papa-jesus-nos-cura-para-que-possamos-ser-verdadeiramente-livres.html","og_locale":"pt_BR","og_type":"article","og_title":"Papa: Jesus nos cura para que possamos ser verdadeiramente livres - Not\u00edcias - Franciscanos","og_description":"Audi\u00eancia Geral","og_url":"https:\/\/franciscanos.org.br\/noticias\/papa-jesus-nos-cura-para-que-possamos-ser-verdadeiramente-livres.html","og_site_name":"Not\u00edcias - Franciscanos","article_published_time":"2025-06-11T11:00:12+00:00","article_modified_time":"2025-09-12T11:18:29+00:00","og_image":[{"width":800,"height":550,"url":"https:\/\/franciscanos.org.br\/noticias\/wp-content\/uploads\/2025\/06\/chamada-11.06.png","type":"image\/png"}],"author":"Adriana Rabelo","twitter_card":"summary_large_image","twitter_misc":{"Escrito por":"Adriana Rabelo","Est. tempo de leitura":"3 minutos"},"schema":{"@context":"https:\/\/schema.org","@graph":[{"@type":"WebSite","@id":"https:\/\/franciscanos.org.br\/noticias\/#website","url":"https:\/\/franciscanos.org.br\/noticias\/","name":"Not\u00edcias - Franciscanos","description":"Prov\u00edncia Franciscana da Imaculada Concei\u00e7\u00e3o do Brasil - Ordem dos Frades Menores - OFM","potentialAction":[{"@type":"SearchAction","target":{"@type":"EntryPoint","urlTemplate":"https:\/\/franciscanos.org.br\/noticias\/?s={search_term_string}"},"query-input":"required name=search_term_string"}],"inLanguage":"pt-BR"},{"@type":"ImageObject","inLanguage":"pt-BR","@id":"https:\/\/franciscanos.org.br\/noticias\/papa-jesus-nos-cura-para-que-possamos-ser-verdadeiramente-livres.html#primaryimage","url":"https:\/\/franciscanos.org.br\/noticias\/wp-content\/uploads\/2025\/06\/chamada-11.06.png","contentUrl":"https:\/\/franciscanos.org.br\/noticias\/wp-content\/uploads\/2025\/06\/chamada-11.06.png","width":800,"height":550},{"@type":"WebPage","@id":"https:\/\/franciscanos.org.br\/noticias\/papa-jesus-nos-cura-para-que-possamos-ser-verdadeiramente-livres.html#webpage","url":"https:\/\/franciscanos.org.br\/noticias\/papa-jesus-nos-cura-para-que-possamos-ser-verdadeiramente-livres.html","name":"Papa: Jesus nos cura para que possamos ser verdadeiramente livres - Not\u00edcias - Franciscanos","isPartOf":{"@id":"https:\/\/franciscanos.org.br\/noticias\/#website"},"primaryImageOfPage":{"@id":"https:\/\/franciscanos.org.br\/noticias\/papa-jesus-nos-cura-para-que-possamos-ser-verdadeiramente-livres.html#primaryimage"},"datePublished":"2025-06-11T11:00:12+00:00","dateModified":"2025-09-12T11:18:29+00:00","author":{"@id":"https:\/\/franciscanos.org.br\/noticias\/#\/schema\/person\/d9422e83121c3ad3b0f423d195f5bb25"},"breadcrumb":{"@id":"https:\/\/franciscanos.org.br\/noticias\/papa-jesus-nos-cura-para-que-possamos-ser-verdadeiramente-livres.html#breadcrumb"},"inLanguage":"pt-BR","potentialAction":[{"@type":"ReadAction","target":["https:\/\/franciscanos.org.br\/noticias\/papa-jesus-nos-cura-para-que-possamos-ser-verdadeiramente-livres.html"]}]},{"@type":"BreadcrumbList","@id":"https:\/\/franciscanos.org.br\/noticias\/papa-jesus-nos-cura-para-que-possamos-ser-verdadeiramente-livres.html#breadcrumb","itemListElement":[{"@type":"ListItem","position":1,"name":"Home","item":"https:\/\/franciscanos.org.br\/noticias"},{"@type":"ListItem","position":2,"name":"Papa: Jesus nos cura para que possamos ser verdadeiramente livres"}]},{"@type":"Person","@id":"https:\/\/franciscanos.org.br\/noticias\/#\/schema\/person\/d9422e83121c3ad3b0f423d195f5bb25","name":"Adriana Rabelo","image":{"@type":"ImageObject","inLanguage":"pt-BR","@id":"https:\/\/franciscanos.org.br\/noticias\/#\/schema\/person\/image\/","url":"https:\/\/secure.gravatar.com\/avatar\/0a937b7500cd7df77540cfb8bede877d?s=96&d=mm&r=g","contentUrl":"https:\/\/secure.gravatar.com\/avatar\/0a937b7500cd7df77540cfb8bede877d?s=96&d=mm&r=g","caption":"Adriana Rabelo"},"url":"https:\/\/franciscanos.org.br\/noticias\/author\/adrianarabelo"}]}},"_links":{"self":[{"href":"https:\/\/franciscanos.org.br\/noticias\/wp-json\/wp\/v2\/posts\/257948"}],"collection":[{"href":"https:\/\/franciscanos.org.br\/noticias\/wp-json\/wp\/v2\/posts"}],"about":[{"href":"https:\/\/franciscanos.org.br\/noticias\/wp-json\/wp\/v2\/types\/post"}],"author":[{"embeddable":true,"href":"https:\/\/franciscanos.org.br\/noticias\/wp-json\/wp\/v2\/users\/11"}],"replies":[{"embeddable":true,"href":"https:\/\/franciscanos.org.br\/noticias\/wp-json\/wp\/v2\/comments?post=257948"}],"version-history":[{"count":1,"href":"https:\/\/franciscanos.org.br\/noticias\/wp-json\/wp\/v2\/posts\/257948\/revisions"}],"predecessor-version":[{"id":257952,"href":"https:\/\/franciscanos.org.br\/noticias\/wp-json\/wp\/v2\/posts\/257948\/revisions\/257952"}],"wp:featuredmedia":[{"embeddable":true,"href":"https:\/\/franciscanos.org.br\/noticias\/wp-json\/wp\/v2\/media\/257950"}],"wp:attachment":[{"href":"https:\/\/franciscanos.org.br\/noticias\/wp-json\/wp\/v2\/media?parent=257948"}],"wp:term":[{"taxonomy":"category","embeddable":true,"href":"https:\/\/franciscanos.org.br\/noticias\/wp-json\/wp\/v2\/categories?post=257948"},{"taxonomy":"post_tag","embeddable":true,"href":"https:\/\/franciscanos.org.br\/noticias\/wp-json\/wp\/v2\/tags?post=257948"}],"curies":[{"name":"wp","href":"https:\/\/api.w.org\/{rel}","templated":true}]}}