{"id":25792,"date":"2012-10-03T09:53:22","date_gmt":"2012-10-03T12:53:22","guid":{"rendered":"http:\/\/new.franciscanos.org.br\/?p=25792"},"modified":"2019-11-01T12:07:56","modified_gmt":"2019-11-01T15:07:56","slug":"em-colatina-visita-pastoral-na-paroquia-santa-clara-de-assis","status":"publish","type":"post","link":"https:\/\/franciscanos.org.br\/noticias\/em-colatina-visita-pastoral-na-paroquia-santa-clara-de-assis.html","title":{"rendered":"Em Colatina, visita pastoral na par\u00f3quia Santa Clara de Assis"},"content":{"rendered":"<p><img loading=\"lazy\" title=\"3727_031012\" src=\"http:\/\/franciscanos.org.br\/wp-content\/uploads\/2012\/10\/3727_031012.jpg\" alt=\"\" width=\"830\" height=\"356\" border=\"0\" \/><br \/>\n<strong><img loading=\"lazy\" class=\"alignright size-full wp-image-25794\" title=\"3728_031012\" src=\"http:\/\/franciscanos.org.br\/wp-content\/uploads\/2012\/10\/3728_031012.jpg\" alt=\"\" width=\"400\" height=\"300\" \/><\/strong><\/p>\n<p><strong>Frei Gilson Kammer<\/strong><\/p>\n<p>Pouco mais de um m\u00eas depois de receber a Visita Can\u00f4nica do Ministro Provincial, Frei Fid\u00eancio Vanboemmel nos dias 17 e 18 de agosto, os frades da Fraternidade Santo Ant\u00f4nio de Santana Galv\u00e3o e que cuidam da par\u00f3quia Santa Clara de Assis, tiveram a alegria de acolher o bispo diocesano de Colatina, Dom D\u00e9cio Sossai Zandonade para a sua Visita Pastoral.<\/p>\n<p>Esta Visita Pastoral aconteceu entre os dias 26 e 29 de setembro, e em todos os dias tivemos a presen\u00e7a de Dom D\u00e9cio para a ora\u00e7\u00e3o das Laudes, o caf\u00e9 da manh\u00e3 na fraternidade e logo em seguida, por volta das 8h sa\u00edamos para visitar as comunidades e volt\u00e1vamos somente a noite, depois da celebra\u00e7\u00e3o eucar\u00edstica com as comunidades visitadas naquele dia. Passamos pelas 20 comunidades que comp\u00f5em a par\u00f3quia, sendo 13 delas rurais e 07 no per\u00edmetro urbano.<\/p>\n<p>Os tr\u00eas frades acompanharam o bispo durante estes dias e ele p\u00f4de perceber as muitas dificuldades pela qual passam as comunidades, os frades e em geral a Igreja, mas tamb\u00e9m p\u00f4de perceber a alegria, o esfor\u00e7o e a f\u00e9 de todos em construir o Reino de Deus.<\/p>\n<p>Dom D\u00e9cio ficou encantado em poder conhecer algumas comunidades que n\u00e3o conhecia e as pessoas ficaram maravilhadas com a presen\u00e7a do bispo e em quase todos os lugares estava toda a comunidade esperando para ver, ouvir e rezar com ele e com os frades.<\/p>\n<p><img loading=\"lazy\" class=\"alignleft size-full wp-image-25795\" title=\"3729_031012\" src=\"http:\/\/franciscanos.org.br\/wp-content\/uploads\/2012\/10\/3729_031012.jpg\" alt=\"\" width=\"400\" height=\"300\" \/>O bispo tamb\u00e9m conversou com o Conselho Econ\u00f4mico Paroquial, que apresentou a ele a contabilidade dos \u00faltimos anos. Se reuniu com o Conselho Paroquial de Pastoral, onde p\u00f4de conversar com as lideran\u00e7as das comunidades e ouvir que agora est\u00e3o conseguindo caminhar com mais seguran\u00e7a e autonomia e nos frades eles encontram al\u00e9m de dedicados pastores, bons amigos. Ele tamb\u00e9m visitou 05 col\u00e9gios que existem no territ\u00f3rio da par\u00f3quia e chamou a aten\u00e7\u00e3o para o alto \u00edndice de viol\u00eancia no Estado do Esp\u00edrito Santo e o crescimento do tr\u00e1fico de drogas na cidade de Colatina. Convocou os jovens a realmente acreditarem que a educa\u00e7\u00e3o vale a pena ser buscada, pois atrav\u00e9s dela pode-se sonhar com uma sociedade mais justa e fraterna.<\/p>\n<p>Dom D\u00e9cio afirmou que ficou surpreso e encantado com a bonita caminhada da jovem par\u00f3quia e incentivou os frades a continuarem trabalhando este esp\u00edrito de comunh\u00e3o, partilha e presen\u00e7a fraterna entre todas as pessoas e comunidades.<\/p>\n","protected":false},"excerpt":{"rendered":"<p>Fraternidades<\/p>\n","protected":false},"author":1,"featured_media":213367,"comment_status":"closed","ping_status":"open","sticky":false,"template":"","format":"standard","meta":[],"categories":[1],"tags":[53],"acf":[],"yoast_head":"<!-- This site is optimized with the Yoast SEO plugin v19.2 - https:\/\/yoast.com\/wordpress\/plugins\/seo\/ -->\n<title>Em Colatina, visita pastoral na par\u00f3quia Santa Clara de Assis - Not\u00edcias - Franciscanos<\/title>\n<meta name=\"robots\" content=\"index, follow, max-snippet:-1, max-image-preview:large, max-video-preview:-1\" \/>\n<link rel=\"canonical\" href=\"https:\/\/franciscanos.org.br\/noticias\/em-colatina-visita-pastoral-na-paroquia-santa-clara-de-assis.html\" \/>\n<meta property=\"og:locale\" content=\"pt_BR\" \/>\n<meta property=\"og:type\" content=\"article\" \/>\n<meta property=\"og:title\" content=\"Em Colatina, visita pastoral na par\u00f3quia Santa Clara de Assis - Not\u00edcias - Franciscanos\" \/>\n<meta property=\"og:description\" content=\"Fraternidades\" \/>\n<meta property=\"og:url\" content=\"https:\/\/franciscanos.org.br\/noticias\/em-colatina-visita-pastoral-na-paroquia-santa-clara-de-assis.html\" \/>\n<meta property=\"og:site_name\" content=\"Not\u00edcias - Franciscanos\" \/>\n<meta property=\"article:published_time\" content=\"2012-10-03T12:53:22+00:00\" \/>\n<meta property=\"article:modified_time\" content=\"2019-11-01T15:07:56+00:00\" \/>\n<meta property=\"og:image\" content=\"https:\/\/franciscanos.org.br\/noticias\/wp-content\/uploads\/2012\/10\/3727_031012.jpg\" \/>\n\t<meta property=\"og:image:width\" content=\"273\" \/>\n\t<meta property=\"og:image:height\" content=\"181\" \/>\n\t<meta property=\"og:image:type\" content=\"image\/jpeg\" \/>\n<meta name=\"author\" content=\"admin\" \/>\n<meta name=\"twitter:card\" content=\"summary_large_image\" \/>\n<meta name=\"twitter:label1\" content=\"Escrito por\" \/>\n\t<meta name=\"twitter:data1\" content=\"admin\" \/>\n\t<meta name=\"twitter:label2\" content=\"Est. tempo de leitura\" \/>\n\t<meta name=\"twitter:data2\" content=\"2 minutos\" \/>\n<script type=\"application\/ld+json\" class=\"yoast-schema-graph\">{\"@context\":\"https:\/\/schema.org\",\"@graph\":[{\"@type\":\"WebSite\",\"@id\":\"https:\/\/franciscanos.org.br\/noticias\/#website\",\"url\":\"https:\/\/franciscanos.org.br\/noticias\/\",\"name\":\"Not\u00edcias - Franciscanos\",\"description\":\"Prov\u00edncia Franciscana da Imaculada Concei\u00e7\u00e3o do Brasil - Ordem dos Frades Menores - OFM\",\"potentialAction\":[{\"@type\":\"SearchAction\",\"target\":{\"@type\":\"EntryPoint\",\"urlTemplate\":\"https:\/\/franciscanos.org.br\/noticias\/?s={search_term_string}\"},\"query-input\":\"required name=search_term_string\"}],\"inLanguage\":\"pt-BR\"},{\"@type\":\"ImageObject\",\"inLanguage\":\"pt-BR\",\"@id\":\"https:\/\/franciscanos.org.br\/noticias\/em-colatina-visita-pastoral-na-paroquia-santa-clara-de-assis.html#primaryimage\",\"url\":\"https:\/\/franciscanos.org.br\/noticias\/wp-content\/uploads\/2012\/10\/3727_031012.jpg\",\"contentUrl\":\"https:\/\/franciscanos.org.br\/noticias\/wp-content\/uploads\/2012\/10\/3727_031012.jpg\",\"width\":273,\"height\":181},{\"@type\":\"WebPage\",\"@id\":\"https:\/\/franciscanos.org.br\/noticias\/em-colatina-visita-pastoral-na-paroquia-santa-clara-de-assis.html#webpage\",\"url\":\"https:\/\/franciscanos.org.br\/noticias\/em-colatina-visita-pastoral-na-paroquia-santa-clara-de-assis.html\",\"name\":\"Em Colatina, visita pastoral na par\u00f3quia Santa Clara de Assis - Not\u00edcias - Franciscanos\",\"isPartOf\":{\"@id\":\"https:\/\/franciscanos.org.br\/noticias\/#website\"},\"primaryImageOfPage\":{\"@id\":\"https:\/\/franciscanos.org.br\/noticias\/em-colatina-visita-pastoral-na-paroquia-santa-clara-de-assis.html#primaryimage\"},\"datePublished\":\"2012-10-03T12:53:22+00:00\",\"dateModified\":\"2019-11-01T15:07:56+00:00\",\"author\":{\"@id\":\"https:\/\/franciscanos.org.br\/noticias\/#\/schema\/person\/b38fbf43118f02820bd932f2e4b14ad3\"},\"breadcrumb\":{\"@id\":\"https:\/\/franciscanos.org.br\/noticias\/em-colatina-visita-pastoral-na-paroquia-santa-clara-de-assis.html#breadcrumb\"},\"inLanguage\":\"pt-BR\",\"potentialAction\":[{\"@type\":\"ReadAction\",\"target\":[\"https:\/\/franciscanos.org.br\/noticias\/em-colatina-visita-pastoral-na-paroquia-santa-clara-de-assis.html\"]}]},{\"@type\":\"BreadcrumbList\",\"@id\":\"https:\/\/franciscanos.org.br\/noticias\/em-colatina-visita-pastoral-na-paroquia-santa-clara-de-assis.html#breadcrumb\",\"itemListElement\":[{\"@type\":\"ListItem\",\"position\":1,\"name\":\"Home\",\"item\":\"https:\/\/franciscanos.org.br\/noticias\"},{\"@type\":\"ListItem\",\"position\":2,\"name\":\"Em Colatina, visita pastoral na par\u00f3quia Santa Clara de Assis\"}]},{\"@type\":\"Person\",\"@id\":\"https:\/\/franciscanos.org.br\/noticias\/#\/schema\/person\/b38fbf43118f02820bd932f2e4b14ad3\",\"name\":\"admin\",\"image\":{\"@type\":\"ImageObject\",\"inLanguage\":\"pt-BR\",\"@id\":\"https:\/\/franciscanos.org.br\/noticias\/#\/schema\/person\/image\/\",\"url\":\"https:\/\/secure.gravatar.com\/avatar\/e8495742d34d0ba6448ea1c628263b3e?s=96&d=mm&r=g\",\"contentUrl\":\"https:\/\/secure.gravatar.com\/avatar\/e8495742d34d0ba6448ea1c628263b3e?s=96&d=mm&r=g\",\"caption\":\"admin\"},\"url\":\"https:\/\/franciscanos.org.br\/noticias\/author\/admin\"}]}<\/script>\n<!-- \/ Yoast SEO plugin. -->","yoast_head_json":{"title":"Em Colatina, visita pastoral na par\u00f3quia Santa Clara de Assis - Not\u00edcias - Franciscanos","robots":{"index":"index","follow":"follow","max-snippet":"max-snippet:-1","max-image-preview":"max-image-preview:large","max-video-preview":"max-video-preview:-1"},"canonical":"https:\/\/franciscanos.org.br\/noticias\/em-colatina-visita-pastoral-na-paroquia-santa-clara-de-assis.html","og_locale":"pt_BR","og_type":"article","og_title":"Em Colatina, visita pastoral na par\u00f3quia Santa Clara de Assis - Not\u00edcias - Franciscanos","og_description":"Fraternidades","og_url":"https:\/\/franciscanos.org.br\/noticias\/em-colatina-visita-pastoral-na-paroquia-santa-clara-de-assis.html","og_site_name":"Not\u00edcias - Franciscanos","article_published_time":"2012-10-03T12:53:22+00:00","article_modified_time":"2019-11-01T15:07:56+00:00","og_image":[{"width":273,"height":181,"url":"https:\/\/franciscanos.org.br\/noticias\/wp-content\/uploads\/2012\/10\/3727_031012.jpg","type":"image\/jpeg"}],"author":"admin","twitter_card":"summary_large_image","twitter_misc":{"Escrito por":"admin","Est. tempo de leitura":"2 minutos"},"schema":{"@context":"https:\/\/schema.org","@graph":[{"@type":"WebSite","@id":"https:\/\/franciscanos.org.br\/noticias\/#website","url":"https:\/\/franciscanos.org.br\/noticias\/","name":"Not\u00edcias - Franciscanos","description":"Prov\u00edncia Franciscana da Imaculada Concei\u00e7\u00e3o do Brasil - Ordem dos Frades Menores - OFM","potentialAction":[{"@type":"SearchAction","target":{"@type":"EntryPoint","urlTemplate":"https:\/\/franciscanos.org.br\/noticias\/?s={search_term_string}"},"query-input":"required name=search_term_string"}],"inLanguage":"pt-BR"},{"@type":"ImageObject","inLanguage":"pt-BR","@id":"https:\/\/franciscanos.org.br\/noticias\/em-colatina-visita-pastoral-na-paroquia-santa-clara-de-assis.html#primaryimage","url":"https:\/\/franciscanos.org.br\/noticias\/wp-content\/uploads\/2012\/10\/3727_031012.jpg","contentUrl":"https:\/\/franciscanos.org.br\/noticias\/wp-content\/uploads\/2012\/10\/3727_031012.jpg","width":273,"height":181},{"@type":"WebPage","@id":"https:\/\/franciscanos.org.br\/noticias\/em-colatina-visita-pastoral-na-paroquia-santa-clara-de-assis.html#webpage","url":"https:\/\/franciscanos.org.br\/noticias\/em-colatina-visita-pastoral-na-paroquia-santa-clara-de-assis.html","name":"Em Colatina, visita pastoral na par\u00f3quia Santa Clara de Assis - Not\u00edcias - Franciscanos","isPartOf":{"@id":"https:\/\/franciscanos.org.br\/noticias\/#website"},"primaryImageOfPage":{"@id":"https:\/\/franciscanos.org.br\/noticias\/em-colatina-visita-pastoral-na-paroquia-santa-clara-de-assis.html#primaryimage"},"datePublished":"2012-10-03T12:53:22+00:00","dateModified":"2019-11-01T15:07:56+00:00","author":{"@id":"https:\/\/franciscanos.org.br\/noticias\/#\/schema\/person\/b38fbf43118f02820bd932f2e4b14ad3"},"breadcrumb":{"@id":"https:\/\/franciscanos.org.br\/noticias\/em-colatina-visita-pastoral-na-paroquia-santa-clara-de-assis.html#breadcrumb"},"inLanguage":"pt-BR","potentialAction":[{"@type":"ReadAction","target":["https:\/\/franciscanos.org.br\/noticias\/em-colatina-visita-pastoral-na-paroquia-santa-clara-de-assis.html"]}]},{"@type":"BreadcrumbList","@id":"https:\/\/franciscanos.org.br\/noticias\/em-colatina-visita-pastoral-na-paroquia-santa-clara-de-assis.html#breadcrumb","itemListElement":[{"@type":"ListItem","position":1,"name":"Home","item":"https:\/\/franciscanos.org.br\/noticias"},{"@type":"ListItem","position":2,"name":"Em Colatina, visita pastoral na par\u00f3quia Santa Clara de Assis"}]},{"@type":"Person","@id":"https:\/\/franciscanos.org.br\/noticias\/#\/schema\/person\/b38fbf43118f02820bd932f2e4b14ad3","name":"admin","image":{"@type":"ImageObject","inLanguage":"pt-BR","@id":"https:\/\/franciscanos.org.br\/noticias\/#\/schema\/person\/image\/","url":"https:\/\/secure.gravatar.com\/avatar\/e8495742d34d0ba6448ea1c628263b3e?s=96&d=mm&r=g","contentUrl":"https:\/\/secure.gravatar.com\/avatar\/e8495742d34d0ba6448ea1c628263b3e?s=96&d=mm&r=g","caption":"admin"},"url":"https:\/\/franciscanos.org.br\/noticias\/author\/admin"}]}},"_links":{"self":[{"href":"https:\/\/franciscanos.org.br\/noticias\/wp-json\/wp\/v2\/posts\/25792"}],"collection":[{"href":"https:\/\/franciscanos.org.br\/noticias\/wp-json\/wp\/v2\/posts"}],"about":[{"href":"https:\/\/franciscanos.org.br\/noticias\/wp-json\/wp\/v2\/types\/post"}],"author":[{"embeddable":true,"href":"https:\/\/franciscanos.org.br\/noticias\/wp-json\/wp\/v2\/users\/1"}],"replies":[{"embeddable":true,"href":"https:\/\/franciscanos.org.br\/noticias\/wp-json\/wp\/v2\/comments?post=25792"}],"version-history":[{"count":0,"href":"https:\/\/franciscanos.org.br\/noticias\/wp-json\/wp\/v2\/posts\/25792\/revisions"}],"wp:featuredmedia":[{"embeddable":true,"href":"https:\/\/franciscanos.org.br\/noticias\/wp-json\/wp\/v2\/media\/213367"}],"wp:attachment":[{"href":"https:\/\/franciscanos.org.br\/noticias\/wp-json\/wp\/v2\/media?parent=25792"}],"wp:term":[{"taxonomy":"category","embeddable":true,"href":"https:\/\/franciscanos.org.br\/noticias\/wp-json\/wp\/v2\/categories?post=25792"},{"taxonomy":"post_tag","embeddable":true,"href":"https:\/\/franciscanos.org.br\/noticias\/wp-json\/wp\/v2\/tags?post=25792"}],"curies":[{"name":"wp","href":"https:\/\/api.w.org\/{rel}","templated":true}]}}