{"id":257901,"date":"2025-06-12T08:58:33","date_gmt":"2025-06-12T11:58:33","guid":{"rendered":"https:\/\/franciscanos.org.br\/noticias\/?p=257901"},"modified":"2025-06-13T08:57:33","modified_gmt":"2025-06-13T11:57:33","slug":"mensagem-do-ministro-provincial-para-as-comemoracoes-de-santo-antonio","status":"publish","type":"post","link":"https:\/\/franciscanos.org.br\/noticias\/mensagem-do-ministro-provincial-para-as-comemoracoes-de-santo-antonio.html","title":{"rendered":"Mensagem do Ministro provincial para as comemora\u00e7\u00f5es de Santo Ant\u00f4nio"},"content":{"rendered":"<p><em><img loading=\"lazy\" class=\"aligncenter wp-image-257903 size-full\" src=\"https:\/\/franciscanos.org.br\/noticias\/wp-content\/uploads\/2025\/06\/mensagem-1280.png\" alt=\"\" width=\"1280\" height=\"720\" srcset=\"https:\/\/franciscanos.org.br\/noticias\/wp-content\/uploads\/2025\/06\/mensagem-1280.png 1280w, https:\/\/franciscanos.org.br\/noticias\/wp-content\/uploads\/2025\/06\/mensagem-1280-450x253.png 450w, https:\/\/franciscanos.org.br\/noticias\/wp-content\/uploads\/2025\/06\/mensagem-1280-1024x576.png 1024w, https:\/\/franciscanos.org.br\/noticias\/wp-content\/uploads\/2025\/06\/mensagem-1280-768x432.png 768w, https:\/\/franciscanos.org.br\/noticias\/wp-content\/uploads\/2025\/06\/mensagem-1280-150x84.png 150w\" sizes=\"(max-width: 1280px) 100vw, 1280px\" \/><\/em><\/p>\n<h3><em>Caros irm\u00e3os e irm\u00e3s em Cristo, a Paz a todos v\u00f3s!<\/em><\/h3>\n<p>Santo Ant\u00f4nio, t\u00e3o querido por todos, carrega cidadania nos cora\u00e7\u00f5es de m\u00faltiplas na\u00e7\u00f5es. \u00c9 dito ser de Lisboa, por l\u00e1 ter nascido. \u00c9 tamb\u00e9m de P\u00e1dua, por l\u00e1 ter vivido seus \u00faltimos anos, mas a n\u00f3s \u00e9 do mundo inteiro, por ter encontrado morada no cora\u00e7\u00e3o das gentes!<\/p>\n<p>Mal come\u00e7a o m\u00eas de junho e nossas Comunidades s\u00e3o envolvidas numa atmosfera de devo\u00e7\u00e3o, de piedade e de festa. Multiplicam-se as trezenas, os respons\u00f3rios e as ladainhas. E nosso povo se re\u00fane para rezar, para partilhar a comida e para festejar. Santo Ant\u00f4nio, em grande apelo crist\u00e3o, tem o cond\u00e3o de reunir as pessoas. E como \u00e9 belo e oportuno todas as oportunidades de nos reunirmos e de estarmos em esp\u00edrito de uni\u00e3o e comunh\u00e3o!<\/p>\n<p>Para celebrar o santo t\u00e3o querido se ajuntam as crian\u00e7as, os jovens, mo\u00e7as e rapazes, os idosos, as fam\u00edlias. Todos se sentem amigos de um dos santos mais populares da Igreja. Amigos a ponto de confidenciar a ele os seus desejos mais secretos; de apresentar a ele as mais corriqueiras necessidades. Com qual outro santo as pessoas falam sobre aquilo que se perdeu? Com qual outro santo as pessoas falam da expectativa que nutrem acerca dos amores e casamentos? Aquele que \u00e9 amigo do Senhor \u00e9 tamb\u00e9m amigo de tantos e tantas!<\/p>\n<p><img loading=\"lazy\" class=\"alignright wp-image-257960 size-thumbnail\" src=\"https:\/\/franciscanos.org.br\/noticias\/wp-content\/uploads\/2025\/06\/recortada-evangelho-300x300.png\" alt=\"\" width=\"300\" height=\"300\" srcset=\"https:\/\/franciscanos.org.br\/noticias\/wp-content\/uploads\/2025\/06\/recortada-evangelho-300x300.png 300w, https:\/\/franciscanos.org.br\/noticias\/wp-content\/uploads\/2025\/06\/recortada-evangelho-100x100.png 100w\" sizes=\"(max-width: 300px) 100vw, 300px\" \/><\/p>\n<p>Por ser amigo, <strong>Santo Ant\u00f4nio \u00e9 o grande intercessor<\/strong>. Como Doutor Evang\u00e9lico, ele inspira-nos \u00e0 escuta do Evangelho, um chamado ao testemunho vigoroso da nossa f\u00e9. Ele traz no colo um menino; o menino de Bel\u00e9m. Santo Ant\u00f4nio \u00e9 chamado de \u00edntimo amigo do Menino Deus. Intimidade que acolhe a ternura do Alto; intimidade que cuida da fragilidade humana.<\/p>\n<p>&nbsp;<\/p>\n<p><strong>Santo Ant\u00f4nio traz na m\u00e3o a Sagrada Escritura<\/strong>; um dos tesouros da nossa f\u00e9, a B\u00edblia sempre esteve perto dos olhos e do cora\u00e7\u00e3o do santo. Reconhecido pregador, martelo dos hereges, Santo Ant\u00f4nio bebia da fonte inesgot\u00e1vel da Sagrada Escritura. Falava das coisas de Deus a partir da pr\u00f3pria palavra de Deus. Revelava as coisas do c\u00e9u a partir da leitura das coisas da terra, repetindo assim, a mesma receita que deu origem aos textos b\u00edblicos.<\/p>\n<p>&nbsp;<\/p>\n<p><strong><img loading=\"lazy\" class=\"alignleft wp-image-257961 size-thumbnail\" src=\"https:\/\/franciscanos.org.br\/noticias\/wp-content\/uploads\/2025\/06\/recortada-lirio-300x300.png\" alt=\"\" width=\"300\" height=\"300\" srcset=\"https:\/\/franciscanos.org.br\/noticias\/wp-content\/uploads\/2025\/06\/recortada-lirio-300x300.png 300w, https:\/\/franciscanos.org.br\/noticias\/wp-content\/uploads\/2025\/06\/recortada-lirio-100x100.png 100w\" sizes=\"(max-width: 300px) 100vw, 300px\" \/><\/strong><\/p>\n<p>&nbsp;<\/p>\n<p>&nbsp;<\/p>\n<p><strong>Santo Ant\u00f4nio \u00e9 o santo dos l\u00edrios<\/strong>. Muitos dizem que \u00e9 por conta da sua pureza; n\u00e3o faz mal associar sua santidade \u00e0 sua pureza; ali\u00e1s, Jesus chama de \u201cfelizes os puros\u201d e a pureza tem feito falta nesses nossos tempos de tanta inveja, de tanta mentira, de tanto desrespeito, de tanto ego\u00edsmo&#8230;\u00a0 Mas o l\u00edrio de Santo Ant\u00f4nio traz tamb\u00e9m uma mensagem pascal. Algumas esp\u00e9cies de l\u00edrios nascem em lugares pantanosos, em lugares enlameados; e desses lugares brota, com beleza e vigor, uma flor que indica, vigorosamente, de que a vida prevalece sempre, assim, mesmo na adversidade ela sabe encontrar o seu caminho!<\/p>\n<p>&nbsp;<\/p>\n<p>&nbsp;<\/p>\n<p>&nbsp;<\/p>\n<p><strong><img loading=\"lazy\" class=\"wp-image-257962 size-thumbnail alignright\" src=\"https:\/\/franciscanos.org.br\/noticias\/wp-content\/uploads\/2025\/06\/recosrtada-pao-300x300.png\" alt=\"\" width=\"300\" height=\"300\" srcset=\"https:\/\/franciscanos.org.br\/noticias\/wp-content\/uploads\/2025\/06\/recosrtada-pao-300x300.png 300w, https:\/\/franciscanos.org.br\/noticias\/wp-content\/uploads\/2025\/06\/recosrtada-pao-100x100.png 100w\" sizes=\"(max-width: 300px) 100vw, 300px\" \/><\/strong><\/p>\n<p><strong>Santo Ant\u00f4nio \u00e9 o santo do p\u00e3o<\/strong>, o santo do p\u00e3o dos pobres, o santo da saciedade e da solidariedade. Certamente, essa \u00e9 a li\u00e7\u00e3o mais bonita da festa deste que fez-se pr\u00f3ximo dos necessitados e dos humildes; a recorda\u00e7\u00e3o de que a caridade e o fazer-se servo s\u00e3o virtudes fundamentais para os que desejam aproximarem-se de Deus. Os amigos de Deus sempre s\u00e3o solid\u00e1rios e servos! Isso, nosso querido Ant\u00f4nio nos ensina com propriedade e a tradi\u00e7\u00e3o franciscana cultivou como uma bela heran\u00e7a em nossas fraternidades.<\/p>\n<p>Como em todos os festejos juninos, na festa de Santo Ant\u00f4nio h\u00e1 grande diversidade de comida, bolo, pastel, caldos&#8230; uma variedade de coisas de comer que sintetizam nosso desejo de saciedade. N\u00e3o nos esque\u00e7amos: quando h\u00e1 fartura, h\u00e1 alegria; quando o povo tem fome, n\u00e3o h\u00e1 festa.\u00a0 Por isso, quando a gente celebra Santo Ant\u00f4nio \u00e9 preciso lembrar de todas essas li\u00e7\u00f5es:<\/p>\n<p>&nbsp;<\/p>\n<p>O <strong>Santo do mundo inteiro \u00e9 amigo de Deus e nosso amigo tamb\u00e9m<\/strong>. O Santo do Evangelho, nos convida a conhecer a santa Palavra e guiar nossa vida pelos ensinamentos do Senhor. O Santo dos l\u00edrios nos provoca para que tenhamos um cora\u00e7\u00e3o puro e nos fa\u00e7amos testemunhas da P\u00e1scoa do Senhor. O Santo do p\u00e3o e da fartura, nos faz comprometidos com a partilha e com o cuidado dos pobres.<\/p>\n<p>Por isso, vamos juntar o povo para recordar o seu exemplo e para pedir que ele continue nos assistindo em todas as nossas necessidades. Vamos fazer festa e revelar ao mundo a raz\u00e3o da nossa esperan\u00e7a.<\/p>\n<p>Aos seus amigos, nosso desejo de vida plena!<\/p>\n<p>Viva Santo Ant\u00f4nio!<\/p>\n<p>Paz e Bem.<\/p>\n<p style=\"text-align: center;\"><em>Frei Paulo Roberto Pereira<\/em><\/p>\n<p style=\"text-align: center;\"><em>Ministro provincial<\/em><\/p>\n<hr \/>\n<p style=\"text-align: left;\"><em>Prov\u00edncia Franciscana da Imaculada Concei\u00e7\u00e3o do Brasil<\/em><\/p>\n","protected":false},"excerpt":{"rendered":"<p>Festa de Santo Ant\u00f4nio 2025<\/p>\n","protected":false},"author":11,"featured_media":257902,"comment_status":"open","ping_status":"open","sticky":false,"template":"","format":"standard","meta":[],"categories":[1],"tags":[2344,2364],"acf":[],"yoast_head":"<!-- This site is optimized with the Yoast SEO plugin v19.2 - https:\/\/yoast.com\/wordpress\/plugins\/seo\/ -->\n<title>Mensagem do Ministro provincial para as comemora\u00e7\u00f5es de Santo Ant\u00f4nio - Not\u00edcias - Franciscanos<\/title>\n<meta name=\"robots\" content=\"index, follow, max-snippet:-1, max-image-preview:large, max-video-preview:-1\" \/>\n<link rel=\"canonical\" href=\"https:\/\/franciscanos.org.br\/noticias\/mensagem-do-ministro-provincial-para-as-comemoracoes-de-santo-antonio.html\" \/>\n<meta property=\"og:locale\" content=\"pt_BR\" \/>\n<meta property=\"og:type\" content=\"article\" \/>\n<meta property=\"og:title\" content=\"Mensagem do Ministro provincial para as comemora\u00e7\u00f5es de Santo Ant\u00f4nio - Not\u00edcias - Franciscanos\" \/>\n<meta property=\"og:description\" content=\"Festa de Santo Ant\u00f4nio 2025\" \/>\n<meta property=\"og:url\" content=\"https:\/\/franciscanos.org.br\/noticias\/mensagem-do-ministro-provincial-para-as-comemoracoes-de-santo-antonio.html\" \/>\n<meta property=\"og:site_name\" content=\"Not\u00edcias - Franciscanos\" \/>\n<meta property=\"article:published_time\" content=\"2025-06-12T11:58:33+00:00\" \/>\n<meta property=\"article:modified_time\" content=\"2025-06-13T11:57:33+00:00\" \/>\n<meta property=\"og:image\" content=\"https:\/\/franciscanos.org.br\/noticias\/wp-content\/uploads\/2025\/06\/mensagem-800.png\" \/>\n\t<meta property=\"og:image:width\" content=\"800\" \/>\n\t<meta property=\"og:image:height\" content=\"550\" \/>\n\t<meta property=\"og:image:type\" content=\"image\/png\" \/>\n<meta name=\"author\" content=\"Adriana Rabelo\" \/>\n<meta name=\"twitter:card\" content=\"summary_large_image\" \/>\n<meta name=\"twitter:label1\" content=\"Escrito por\" \/>\n\t<meta name=\"twitter:data1\" content=\"Adriana Rabelo\" \/>\n\t<meta name=\"twitter:label2\" content=\"Est. tempo de leitura\" \/>\n\t<meta name=\"twitter:data2\" content=\"4 minutos\" \/>\n<script type=\"application\/ld+json\" class=\"yoast-schema-graph\">{\"@context\":\"https:\/\/schema.org\",\"@graph\":[{\"@type\":\"WebSite\",\"@id\":\"https:\/\/franciscanos.org.br\/noticias\/#website\",\"url\":\"https:\/\/franciscanos.org.br\/noticias\/\",\"name\":\"Not\u00edcias - Franciscanos\",\"description\":\"Prov\u00edncia Franciscana da Imaculada Concei\u00e7\u00e3o do Brasil - Ordem dos Frades Menores - OFM\",\"potentialAction\":[{\"@type\":\"SearchAction\",\"target\":{\"@type\":\"EntryPoint\",\"urlTemplate\":\"https:\/\/franciscanos.org.br\/noticias\/?s={search_term_string}\"},\"query-input\":\"required name=search_term_string\"}],\"inLanguage\":\"pt-BR\"},{\"@type\":\"ImageObject\",\"inLanguage\":\"pt-BR\",\"@id\":\"https:\/\/franciscanos.org.br\/noticias\/mensagem-do-ministro-provincial-para-as-comemoracoes-de-santo-antonio.html#primaryimage\",\"url\":\"https:\/\/franciscanos.org.br\/noticias\/wp-content\/uploads\/2025\/06\/mensagem-800.png\",\"contentUrl\":\"https:\/\/franciscanos.org.br\/noticias\/wp-content\/uploads\/2025\/06\/mensagem-800.png\",\"width\":800,\"height\":550},{\"@type\":\"WebPage\",\"@id\":\"https:\/\/franciscanos.org.br\/noticias\/mensagem-do-ministro-provincial-para-as-comemoracoes-de-santo-antonio.html#webpage\",\"url\":\"https:\/\/franciscanos.org.br\/noticias\/mensagem-do-ministro-provincial-para-as-comemoracoes-de-santo-antonio.html\",\"name\":\"Mensagem do Ministro provincial para as comemora\u00e7\u00f5es de Santo Ant\u00f4nio - Not\u00edcias - Franciscanos\",\"isPartOf\":{\"@id\":\"https:\/\/franciscanos.org.br\/noticias\/#website\"},\"primaryImageOfPage\":{\"@id\":\"https:\/\/franciscanos.org.br\/noticias\/mensagem-do-ministro-provincial-para-as-comemoracoes-de-santo-antonio.html#primaryimage\"},\"datePublished\":\"2025-06-12T11:58:33+00:00\",\"dateModified\":\"2025-06-13T11:57:33+00:00\",\"author\":{\"@id\":\"https:\/\/franciscanos.org.br\/noticias\/#\/schema\/person\/d9422e83121c3ad3b0f423d195f5bb25\"},\"breadcrumb\":{\"@id\":\"https:\/\/franciscanos.org.br\/noticias\/mensagem-do-ministro-provincial-para-as-comemoracoes-de-santo-antonio.html#breadcrumb\"},\"inLanguage\":\"pt-BR\",\"potentialAction\":[{\"@type\":\"ReadAction\",\"target\":[\"https:\/\/franciscanos.org.br\/noticias\/mensagem-do-ministro-provincial-para-as-comemoracoes-de-santo-antonio.html\"]}]},{\"@type\":\"BreadcrumbList\",\"@id\":\"https:\/\/franciscanos.org.br\/noticias\/mensagem-do-ministro-provincial-para-as-comemoracoes-de-santo-antonio.html#breadcrumb\",\"itemListElement\":[{\"@type\":\"ListItem\",\"position\":1,\"name\":\"Home\",\"item\":\"https:\/\/franciscanos.org.br\/noticias\"},{\"@type\":\"ListItem\",\"position\":2,\"name\":\"Mensagem do Ministro provincial para as comemora\u00e7\u00f5es de Santo Ant\u00f4nio\"}]},{\"@type\":\"Person\",\"@id\":\"https:\/\/franciscanos.org.br\/noticias\/#\/schema\/person\/d9422e83121c3ad3b0f423d195f5bb25\",\"name\":\"Adriana Rabelo\",\"image\":{\"@type\":\"ImageObject\",\"inLanguage\":\"pt-BR\",\"@id\":\"https:\/\/franciscanos.org.br\/noticias\/#\/schema\/person\/image\/\",\"url\":\"https:\/\/secure.gravatar.com\/avatar\/0a937b7500cd7df77540cfb8bede877d?s=96&d=mm&r=g\",\"contentUrl\":\"https:\/\/secure.gravatar.com\/avatar\/0a937b7500cd7df77540cfb8bede877d?s=96&d=mm&r=g\",\"caption\":\"Adriana Rabelo\"},\"url\":\"https:\/\/franciscanos.org.br\/noticias\/author\/adrianarabelo\"}]}<\/script>\n<!-- \/ Yoast SEO plugin. -->","yoast_head_json":{"title":"Mensagem do Ministro provincial para as comemora\u00e7\u00f5es de Santo Ant\u00f4nio - Not\u00edcias - Franciscanos","robots":{"index":"index","follow":"follow","max-snippet":"max-snippet:-1","max-image-preview":"max-image-preview:large","max-video-preview":"max-video-preview:-1"},"canonical":"https:\/\/franciscanos.org.br\/noticias\/mensagem-do-ministro-provincial-para-as-comemoracoes-de-santo-antonio.html","og_locale":"pt_BR","og_type":"article","og_title":"Mensagem do Ministro provincial para as comemora\u00e7\u00f5es de Santo Ant\u00f4nio - Not\u00edcias - Franciscanos","og_description":"Festa de Santo Ant\u00f4nio 2025","og_url":"https:\/\/franciscanos.org.br\/noticias\/mensagem-do-ministro-provincial-para-as-comemoracoes-de-santo-antonio.html","og_site_name":"Not\u00edcias - Franciscanos","article_published_time":"2025-06-12T11:58:33+00:00","article_modified_time":"2025-06-13T11:57:33+00:00","og_image":[{"width":800,"height":550,"url":"https:\/\/franciscanos.org.br\/noticias\/wp-content\/uploads\/2025\/06\/mensagem-800.png","type":"image\/png"}],"author":"Adriana Rabelo","twitter_card":"summary_large_image","twitter_misc":{"Escrito por":"Adriana Rabelo","Est. tempo de leitura":"4 minutos"},"schema":{"@context":"https:\/\/schema.org","@graph":[{"@type":"WebSite","@id":"https:\/\/franciscanos.org.br\/noticias\/#website","url":"https:\/\/franciscanos.org.br\/noticias\/","name":"Not\u00edcias - Franciscanos","description":"Prov\u00edncia Franciscana da Imaculada Concei\u00e7\u00e3o do Brasil - Ordem dos Frades Menores - OFM","potentialAction":[{"@type":"SearchAction","target":{"@type":"EntryPoint","urlTemplate":"https:\/\/franciscanos.org.br\/noticias\/?s={search_term_string}"},"query-input":"required name=search_term_string"}],"inLanguage":"pt-BR"},{"@type":"ImageObject","inLanguage":"pt-BR","@id":"https:\/\/franciscanos.org.br\/noticias\/mensagem-do-ministro-provincial-para-as-comemoracoes-de-santo-antonio.html#primaryimage","url":"https:\/\/franciscanos.org.br\/noticias\/wp-content\/uploads\/2025\/06\/mensagem-800.png","contentUrl":"https:\/\/franciscanos.org.br\/noticias\/wp-content\/uploads\/2025\/06\/mensagem-800.png","width":800,"height":550},{"@type":"WebPage","@id":"https:\/\/franciscanos.org.br\/noticias\/mensagem-do-ministro-provincial-para-as-comemoracoes-de-santo-antonio.html#webpage","url":"https:\/\/franciscanos.org.br\/noticias\/mensagem-do-ministro-provincial-para-as-comemoracoes-de-santo-antonio.html","name":"Mensagem do Ministro provincial para as comemora\u00e7\u00f5es de Santo Ant\u00f4nio - Not\u00edcias - Franciscanos","isPartOf":{"@id":"https:\/\/franciscanos.org.br\/noticias\/#website"},"primaryImageOfPage":{"@id":"https:\/\/franciscanos.org.br\/noticias\/mensagem-do-ministro-provincial-para-as-comemoracoes-de-santo-antonio.html#primaryimage"},"datePublished":"2025-06-12T11:58:33+00:00","dateModified":"2025-06-13T11:57:33+00:00","author":{"@id":"https:\/\/franciscanos.org.br\/noticias\/#\/schema\/person\/d9422e83121c3ad3b0f423d195f5bb25"},"breadcrumb":{"@id":"https:\/\/franciscanos.org.br\/noticias\/mensagem-do-ministro-provincial-para-as-comemoracoes-de-santo-antonio.html#breadcrumb"},"inLanguage":"pt-BR","potentialAction":[{"@type":"ReadAction","target":["https:\/\/franciscanos.org.br\/noticias\/mensagem-do-ministro-provincial-para-as-comemoracoes-de-santo-antonio.html"]}]},{"@type":"BreadcrumbList","@id":"https:\/\/franciscanos.org.br\/noticias\/mensagem-do-ministro-provincial-para-as-comemoracoes-de-santo-antonio.html#breadcrumb","itemListElement":[{"@type":"ListItem","position":1,"name":"Home","item":"https:\/\/franciscanos.org.br\/noticias"},{"@type":"ListItem","position":2,"name":"Mensagem do Ministro provincial para as comemora\u00e7\u00f5es de Santo Ant\u00f4nio"}]},{"@type":"Person","@id":"https:\/\/franciscanos.org.br\/noticias\/#\/schema\/person\/d9422e83121c3ad3b0f423d195f5bb25","name":"Adriana Rabelo","image":{"@type":"ImageObject","inLanguage":"pt-BR","@id":"https:\/\/franciscanos.org.br\/noticias\/#\/schema\/person\/image\/","url":"https:\/\/secure.gravatar.com\/avatar\/0a937b7500cd7df77540cfb8bede877d?s=96&d=mm&r=g","contentUrl":"https:\/\/secure.gravatar.com\/avatar\/0a937b7500cd7df77540cfb8bede877d?s=96&d=mm&r=g","caption":"Adriana Rabelo"},"url":"https:\/\/franciscanos.org.br\/noticias\/author\/adrianarabelo"}]}},"_links":{"self":[{"href":"https:\/\/franciscanos.org.br\/noticias\/wp-json\/wp\/v2\/posts\/257901"}],"collection":[{"href":"https:\/\/franciscanos.org.br\/noticias\/wp-json\/wp\/v2\/posts"}],"about":[{"href":"https:\/\/franciscanos.org.br\/noticias\/wp-json\/wp\/v2\/types\/post"}],"author":[{"embeddable":true,"href":"https:\/\/franciscanos.org.br\/noticias\/wp-json\/wp\/v2\/users\/11"}],"replies":[{"embeddable":true,"href":"https:\/\/franciscanos.org.br\/noticias\/wp-json\/wp\/v2\/comments?post=257901"}],"version-history":[{"count":10,"href":"https:\/\/franciscanos.org.br\/noticias\/wp-json\/wp\/v2\/posts\/257901\/revisions"}],"predecessor-version":[{"id":257963,"href":"https:\/\/franciscanos.org.br\/noticias\/wp-json\/wp\/v2\/posts\/257901\/revisions\/257963"}],"wp:featuredmedia":[{"embeddable":true,"href":"https:\/\/franciscanos.org.br\/noticias\/wp-json\/wp\/v2\/media\/257902"}],"wp:attachment":[{"href":"https:\/\/franciscanos.org.br\/noticias\/wp-json\/wp\/v2\/media?parent=257901"}],"wp:term":[{"taxonomy":"category","embeddable":true,"href":"https:\/\/franciscanos.org.br\/noticias\/wp-json\/wp\/v2\/categories?post=257901"},{"taxonomy":"post_tag","embeddable":true,"href":"https:\/\/franciscanos.org.br\/noticias\/wp-json\/wp\/v2\/tags?post=257901"}],"curies":[{"name":"wp","href":"https:\/\/api.w.org\/{rel}","templated":true}]}}