{"id":257883,"date":"2025-06-11T14:09:10","date_gmt":"2025-06-11T17:09:10","guid":{"rendered":"https:\/\/franciscanos.org.br\/noticias\/?p=257883"},"modified":"2025-06-13T12:25:20","modified_gmt":"2025-06-13T15:25:20","slug":"capitulo-internacional-das-esteiras-e-conselho-plenario-caminhos-de-esperanca-para-o-futuro-da-ordem","status":"publish","type":"post","link":"https:\/\/franciscanos.org.br\/noticias\/capitulo-internacional-das-esteiras-e-conselho-plenario-caminhos-de-esperanca-para-o-futuro-da-ordem.html","title":{"rendered":"Cap\u00edtulo Internacional das Esteiras e Conselho Plen\u00e1rio: caminhos de esperan\u00e7a para o futuro da Ordem"},"content":{"rendered":"<p><img loading=\"lazy\" class=\"aligncenter wp-image-257887 size-full\" src=\"https:\/\/franciscanos.org.br\/noticias\/wp-content\/uploads\/2025\/06\/CPO1-1.png\" alt=\"\" width=\"1280\" height=\"720\" srcset=\"https:\/\/franciscanos.org.br\/noticias\/wp-content\/uploads\/2025\/06\/CPO1-1.png 1280w, https:\/\/franciscanos.org.br\/noticias\/wp-content\/uploads\/2025\/06\/CPO1-1-450x253.png 450w, https:\/\/franciscanos.org.br\/noticias\/wp-content\/uploads\/2025\/06\/CPO1-1-1024x576.png 1024w, https:\/\/franciscanos.org.br\/noticias\/wp-content\/uploads\/2025\/06\/CPO1-1-768x432.png 768w, https:\/\/franciscanos.org.br\/noticias\/wp-content\/uploads\/2025\/06\/CPO1-1-150x84.png 150w\" sizes=\"(max-width: 1280px) 100vw, 1280px\" \/><\/p>\n<p>Desde o dia 8 de julho, o Conselho Plen\u00e1rio da Ordem dos Frades Menores (CPO) est\u00e1 reunido na <em>Domus Pacis<\/em>, vinculado \u00e0 Bas\u00edlica de Santa Maria dos Anjos da Porci\u00fancula, em Assis (It\u00e1lia). Trata-se de um evento institucional de grande import\u00e2ncia, celebrado junto ao lugar que representa o ber\u00e7o da Ordem, onde S\u00e3o Francisco de Assis viveu momentos fundamentais de sua voca\u00e7\u00e3o.<\/p>\n<p>O encontro tem como base as reflex\u00f5es nascidas durante o recente <strong>Cap\u00edtulo Internacional das Esteiras<\/strong>, encerrado no mesmo dia da abertura do CPO, no Domingo de Pentecostes. Foram 150 participantes de diferentes partes do mundo, entre religiosos e leigos, que trabalharam juntos em esp\u00edrito sinodal para discernir a vida e a miss\u00e3o da Ordem e do Carisma Franciscano no mundo de hoje. O encontro, iniciado no dia 2 de junho, refor\u00e7ou a capacidade do \u201cEsp\u00edrito\u201d de aproximar e unir os Irm\u00e3os para discutir aspectos importantes para o futuro da Ordem dos Frades Menores, conforme expressou o Definidor geral, Frei Cesare Vaiani: \u201cO Esp\u00edrito de Pentecostes nos ajudou\u201d.<\/p>\n<div id=\"attachment_257891\" style=\"width: 1290px\" class=\"wp-caption alignnone\"><img aria-describedby=\"caption-attachment-257891\" loading=\"lazy\" class=\"wp-image-257891 size-full\" src=\"https:\/\/franciscanos.org.br\/noticias\/wp-content\/uploads\/2025\/06\/CAPITULO-MATERIA-1.png\" alt=\"\" width=\"1280\" height=\"720\" srcset=\"https:\/\/franciscanos.org.br\/noticias\/wp-content\/uploads\/2025\/06\/CAPITULO-MATERIA-1.png 1280w, https:\/\/franciscanos.org.br\/noticias\/wp-content\/uploads\/2025\/06\/CAPITULO-MATERIA-1-450x253.png 450w, https:\/\/franciscanos.org.br\/noticias\/wp-content\/uploads\/2025\/06\/CAPITULO-MATERIA-1-1024x576.png 1024w, https:\/\/franciscanos.org.br\/noticias\/wp-content\/uploads\/2025\/06\/CAPITULO-MATERIA-1-768x432.png 768w, https:\/\/franciscanos.org.br\/noticias\/wp-content\/uploads\/2025\/06\/CAPITULO-MATERIA-1-150x84.png 150w\" sizes=\"(max-width: 1280px) 100vw, 1280px\" \/><p id=\"caption-attachment-257891\" class=\"wp-caption-text\">Foto oficial do Cap\u00edtulo Internacional das Esteiras<\/p><\/div>\n<p><strong>Acesse o<\/strong> <strong>Documento Final do Cap\u00edtulo das Esteiras, <a href=\"https:\/\/franciscanos.org.br\/banca\/wp-content\/uploads\/2025\/06\/Presentazione_Documento_finale_Capitolo_Stuoie_ES.pdf\"><span style=\"color: #333399;\">em espanhol<\/span><\/a>, no documento oficial da Ordem; e em<a href=\"https:\/\/franciscanos.org.br\/banca\/wp-content\/uploads\/2025\/06\/Documento-Final-do-Capitulo-das-Esteiras-1.pdf\"><span style=\"color: #333399;\"> l\u00edngua portuguesa<\/span><\/a>, com tradu\u00e7\u00e3o feita pela Prov\u00edncia da Imaculada.<\/strong><\/p>\n<p><strong>Mas o que \u00e9 exatamente o Conselho Plen\u00e1rio da Ordem?<\/strong><\/p>\n<p>\u00c9 uma assembleia fraterna que re\u00fane representantes de todas as Confer\u00eancias da Ordem espalhadas pelo mundo. Participam dela aproximadamente 60 frades, incluindo dois delegados de cada Confer\u00eancia ou Regi\u00e3o, al\u00e9m do Ministro Geral com e seu Definit\u00f3rio, como tamb\u00e9m diversos membros da equipe de apoio, tradutores e secret\u00e1rios.<\/p>\n<p><img loading=\"lazy\" class=\"size-medium wp-image-257892 alignright\" src=\"https:\/\/franciscanos.org.br\/noticias\/wp-content\/uploads\/2025\/06\/CPO_Notesto-450x421.png\" alt=\"\" width=\"450\" height=\"421\" srcset=\"https:\/\/franciscanos.org.br\/noticias\/wp-content\/uploads\/2025\/06\/CPO_Notesto-450x421.png 450w, https:\/\/franciscanos.org.br\/noticias\/wp-content\/uploads\/2025\/06\/CPO_Notesto-1024x959.png 1024w, https:\/\/franciscanos.org.br\/noticias\/wp-content\/uploads\/2025\/06\/CPO_Notesto-768x719.png 768w, https:\/\/franciscanos.org.br\/noticias\/wp-content\/uploads\/2025\/06\/CPO_Notesto-1536x1438.png 1536w, https:\/\/franciscanos.org.br\/noticias\/wp-content\/uploads\/2025\/06\/CPO_Notesto-150x140.png 150w, https:\/\/franciscanos.org.br\/noticias\/wp-content\/uploads\/2025\/06\/CPO_Notesto.png 1153w\" sizes=\"(max-width: 450px) 100vw, 450px\" \/>At\u00e9 o pr\u00f3ximo dia 12, o principal objetivo do CPO ser\u00e1 refletir profundamente sobre o caminho da Ordem, enfrentar os desafios atuais e formular propostas concretas para o pr\u00f3ximo Cap\u00edtulo Geral, em 2027.<\/p>\n<p>Entre os temas centrais da edi\u00e7\u00e3o de 2025 do encontro do Conselho Plen\u00e1rio da Ordem dos Frades Menores, destacam-se:<\/p>\n<p>&#8211; O acompanhamento dos processos de decrescimento e transforma\u00e7\u00e3o das Entidades;<\/p>\n<p>&#8211; Uma avalia\u00e7\u00e3o da estrutura atual das Confer\u00eancias e Regi\u00f5es da Ordem;<\/p>\n<p>&#8211; A reflex\u00e3o sobre o n\u00famero e o papel dos Definidores Gerais;<\/p>\n<p>&#8211; A verifica\u00e7\u00e3o dos mandatos do Cap\u00edtulo Geral de 2021.<\/p>\n<p>Este Conselho Plen\u00e1rio est\u00e1 sendo vivido num esp\u00edrito de escuta, discernimento e fraternidade, sob o tema norteador: &#8220;Viver o Evangelho, encarnar o carisma, responder \u00e0 miss\u00e3o.&#8221; O CPO n\u00e3o \u00e9 apenas um momento de an\u00e1lise e planejamento, mas, sobretudo, uma oportunidade de renovar o desejo comum de servir \u00e0 miss\u00e3o evang\u00e9lica segundo o desejo do mais pr\u00f3prio do carisma franciscano, ainda mais, nesse lugar emblem\u00e1tico para os franciscanos: a Porci\u00fancula.<\/p>\n<p><strong>Acesse o<\/strong> <strong>Relat\u00f3rio introdut\u00f3rio do Ministro Geral ao Conselho Plen\u00e1rio da Ordem, <a href=\"https:\/\/franciscanos.org.br\/banca\/wp-content\/uploads\/2025\/06\/MG_Relazione_CPO25_IT.pdf\"><span style=\"color: #333399;\">em italiano<\/span><\/a>, no documento oficial da Ordem; e em <span style=\"color: #333399;\"><a style=\"color: #333399;\" href=\"https:\/\/franciscanos.org.br\/banca\/wp-content\/uploads\/2025\/06\/MG_Relazione_CPO25_por-2.pdf\">l\u00edngua portuguesa<\/a><\/span>, com tradu\u00e7\u00e3o feita pela Prov\u00edncia da Imaculada.<\/strong><\/p>\n<h3><strong>Dia a dia do CPO<\/strong><\/h3>\n<p>&nbsp;<\/p>\n<h3><strong>O Conselho Plen\u00e1rio da Ordem come\u00e7a no Pentecostes: Em vista do Cap\u00edtulo Geral de 2027<\/strong><\/h3>\n<p>&nbsp;<\/p>\n<p><img loading=\"lazy\" class=\"aligncenter wp-image-257888 size-full\" src=\"https:\/\/franciscanos.org.br\/noticias\/wp-content\/uploads\/2025\/06\/CPO-2.png\" alt=\"\" width=\"1280\" height=\"720\" srcset=\"https:\/\/franciscanos.org.br\/noticias\/wp-content\/uploads\/2025\/06\/CPO-2.png 1280w, https:\/\/franciscanos.org.br\/noticias\/wp-content\/uploads\/2025\/06\/CPO-2-450x253.png 450w, https:\/\/franciscanos.org.br\/noticias\/wp-content\/uploads\/2025\/06\/CPO-2-1024x576.png 1024w, https:\/\/franciscanos.org.br\/noticias\/wp-content\/uploads\/2025\/06\/CPO-2-768x432.png 768w, https:\/\/franciscanos.org.br\/noticias\/wp-content\/uploads\/2025\/06\/CPO-2-150x84.png 150w\" sizes=\"(max-width: 1280px) 100vw, 1280px\" \/><\/p>\n<p>Na abertura do encontro foi apresentado o relat\u00f3rio do Ministro geral, Frei Massimo Fusarelli. O mesmo, destacou na ocasi\u00e3o que \u201cn\u00e3o podemos nos limitar a manter o que recebemos, nem continuar a nos contentar com ajustes marginais. Precisamos da aud\u00e1cia de repensar nossa forma de ser uma Fraternidade internacional e local, nossa estrutura e nossa capacidade de maior colabora\u00e7\u00e3o\u201d.<\/p>\n<p>Frei Massimo tamb\u00e9m falou sobre a necessidade de renovar a forma\u00e7\u00e3o inicial e os encontros com os jovens, de realizar uma revis\u00e3o da <em>Ratio Formationis Franciscanae<\/em> e de adaptar o Definit\u00f3rio Geral \u00e0 nova geografia franciscana. Indicou ainda que temas cruciais s\u00e3o esperados para o Cap\u00edtulo Geral de 2027, como a identidade franciscana na mudan\u00e7a de \u00e9poca, o Governo da Ordem e o papel das Confer\u00eancias na aut\u00eantica corresponsabilidade.<\/p>\n<p>A Irm\u00e3 Chiara Codazzi apresentou uma s\u00edntese do Documento Final do Cap\u00edtulo das Esteiras, destacando a import\u00e2ncia da abertura ao Esp\u00edrito Santo como protagonista do caminho. \u201cFoi Ele quem inspirou a forma de vida franciscana e s\u00f3 Ele pode vivific\u00e1-la, renov\u00e1-la e abrir novos horizontes\u201d.<\/p>\n<p>O programa do dia incluiu tamb\u00e9m a aprova\u00e7\u00e3o do Regulamento e a elei\u00e7\u00e3o do Conselho de Assuntos Econ\u00f4micos do CPO. O dia terminou com a recita\u00e7\u00e3o das V\u00e9speras, divididos em grupos lingu\u00edsticos.<\/p>\n<p>Este Conselho Plen\u00e1rio marca um momento importante para discernir os passos necess\u00e1rios para o futuro da Ordem, especialmente em vista do Cap\u00edtulo Geral de 2027.<\/p>\n<h3><strong>Di\u00e1logo sobre o futuro da Ordem no segundo dia do CPO<\/strong><\/h3>\n<p><img loading=\"lazy\" class=\"aligncenter wp-image-257890 size-full\" src=\"https:\/\/franciscanos.org.br\/noticias\/wp-content\/uploads\/2025\/06\/dia-2-final-materia.png\" alt=\"\" width=\"1280\" height=\"720\" srcset=\"https:\/\/franciscanos.org.br\/noticias\/wp-content\/uploads\/2025\/06\/dia-2-final-materia.png 1280w, https:\/\/franciscanos.org.br\/noticias\/wp-content\/uploads\/2025\/06\/dia-2-final-materia-450x253.png 450w, https:\/\/franciscanos.org.br\/noticias\/wp-content\/uploads\/2025\/06\/dia-2-final-materia-1024x576.png 1024w, https:\/\/franciscanos.org.br\/noticias\/wp-content\/uploads\/2025\/06\/dia-2-final-materia-768x432.png 768w, https:\/\/franciscanos.org.br\/noticias\/wp-content\/uploads\/2025\/06\/dia-2-final-materia-150x84.png 150w\" sizes=\"(max-width: 1280px) 100vw, 1280px\" \/><\/p>\n<p>O segundo dia do Conselho Plen\u00e1rio da Ordem concentrou-se em temas fundamentais para o futuro da Ordem. O Vig\u00e1rio Geral, Frei Ignacio Ceja, apresentou uma avalia\u00e7\u00e3o detalhada dos mandatos e orienta\u00e7\u00f5es do Cap\u00edtulo Geral de 2021. Ele destacou como os mandatos mencionados abrangem diferentes \u00e1reas da vida franciscana, como a identidade fundamental, aspectos espec\u00edficos da economia, a vida fraterna, a prote\u00e7\u00e3o de menores, a miss\u00e3o e a evangeliza\u00e7\u00e3o, a forma\u00e7\u00e3o e os estudos, a JPIC e as estruturas de governo da Ordem.<\/p>\n<p>\u201cEsperamos que este Conselho Plen\u00e1rio nos d\u00ea um novo impulso n\u00e3o apenas para revisar e reprogramar o que foi indicado pelo Cap\u00edtulo, mas sobretudo para nos abrirmos ao Esp\u00edrito e vivermos hoje com renovada fidelidade nossa voca\u00e7\u00e3o de irm\u00e3os e menores enviados ao mundo como testemunhas de paz e reconcilia\u00e7\u00e3o\u201d, disse o Vig\u00e1rio ao final de sua fala.<\/p>\n<p>J\u00e1 o Definidor geral, Frei Cesare Vaiani, falou sobre o acompanhamento no decrescimento e na transforma\u00e7\u00e3o das Entidades. Seu foco foi o fen\u00f4meno da diminui\u00e7\u00e3o num\u00e9rica e suas implica\u00e7\u00f5es estruturais, apresentando uma reflex\u00e3o hist\u00f3rica sobre como a Ordem respondeu a esses desafios nas \u00faltimas d\u00e9cadas. O Definidor comentou que, no in\u00edcio de 2025, a Ordem avaliou os processos de unifica\u00e7\u00e3o das Entidades por meio de uma consulta geral. Os resultados revelaram v\u00e1rios aspectos positivos: as fraternidades mistas demonstraram maior abertura \u00e0 mudan\u00e7a, uma identidade franciscana mais s\u00f3lida e uma gest\u00e3o mais eficiente dos recursos. No entanto, tamb\u00e9m surgiram desafios importantes: dificuldades na gest\u00e3o de grandes territ\u00f3rios, resist\u00eancia \u00e0s mudan\u00e7as, mobilidade limitada dos frades e um decl\u00ednio cont\u00ednuo nas voca\u00e7\u00f5es em muitas regi\u00f5es.<\/p>\n<p>Na sequ\u00eancia, o Definidor geral, Frei John Wong, fez uma an\u00e1lise da estrutura das Confer\u00eancias da OFM, enfatizando seu papel como f\u00f3rum de coordena\u00e7\u00e3o e colabora\u00e7\u00e3o regional. Essas estruturas servem como pontos de encontro para os Ministros provinciais se reunirem e discutirem quest\u00f5es de import\u00e2ncia para a Ordem.<\/p>\n<p>Atualmente, existem 13 Confer\u00eancias estrategicamente distribu\u00eddas por regi\u00f5es geogr\u00e1ficas e culturais semelhantes. Sua principal miss\u00e3o \u00e9 fortalecer a unidade e a coopera\u00e7\u00e3o dentro da Ordem, especialmente em \u00e1reas como a forma\u00e7\u00e3o de novos membros e o enfrentamento de desafios regionais espec\u00edficos.<\/p>\n<p>Frei John Wong tamb\u00e9m afirmou que as Confer\u00eancias enfrentam v\u00e1rios desafios significativos, a comunica\u00e7\u00e3o entre as Entidades nem sempre flui de forma otimizada e h\u00e1 uma tend\u00eancia ao &#8220;provincialismo&#8221; que pode dificultar a colabora\u00e7\u00e3o. Al\u00e9m disso, o planejamento de longo prazo \u00e9 um desafio constante que requer aten\u00e7\u00e3o. Olhando para o futuro, as Confer\u00eancias est\u00e3o trabalhando para fortalecer os la\u00e7os de colabora\u00e7\u00e3o, especialmente na \u00e1rea da forma\u00e7\u00e3o. Elas buscam consolidar as estruturas existentes e desenvolver projetos comuns de evangeliza\u00e7\u00e3o que possam beneficiar toda a Ordem.<\/p>\n<p>As interven\u00e7\u00f5es foram conclu\u00eddas com o Definidor geral, Frei Konrad Cholewa, que apresentou uma reflex\u00e3o sobre o n\u00famero de Definidores gerais e o funcionamento do Definit\u00f3rio, levantando quest\u00f5es importantes sobre a estrutura de governo e sua adapta\u00e7\u00e3o \u00e0s necessidades atuais da Ordem.<\/p>\n<p>Ele apresentou o perfil do Definidor Geral, que requer experi\u00eancia em anima\u00e7\u00e3o e governo, capacidade de trabalhar internacionalmente, abertura \u00e0 mudan\u00e7a e dom\u00ednio de uma l\u00edngua oficial. Sua reflex\u00e3o sobre o papel do Definidor Geral insere-se em um esfor\u00e7o mais amplo para adaptar as estruturas de governo \u00e0 realidade atual da Ordem, levando em considera\u00e7\u00e3o tanto as mudan\u00e7as demogr\u00e1ficas quanto a necessidade de proporcionar um acompanhamento mais eficaz aos frades. O trabalho do dia foi conclu\u00eddo com sess\u00f5es de grupos de trabalho.<\/p>\n<p><a href=\"https:\/\/www.ofm.org\/consiglio-plenario-2025.html\"><span style=\"color: #000080;\"><strong>Acompanhe tamb\u00e9m o encontro do CPO pelo site da Ordem<\/strong><\/span><\/a><\/p>\n<hr \/>\n<p>Adriana Rabelo Rodrigues, com informa\u00e7\u00e3oes de: <a href=\"https:\/\/ofm.org\/\">https:\/\/ofm.org\/<\/a><\/p>\n","protected":false},"excerpt":{"rendered":"<p>Conselho Plen\u00e1rio da Ordem<\/p>\n","protected":false},"author":11,"featured_media":257884,"comment_status":"open","ping_status":"open","sticky":false,"template":"","format":"standard","meta":[],"categories":[1],"tags":[2358,2363,397],"acf":[],"yoast_head":"<!-- This site is optimized with the Yoast SEO plugin v19.2 - https:\/\/yoast.com\/wordpress\/plugins\/seo\/ -->\n<title>Cap\u00edtulo Internacional das Esteiras e Conselho Plen\u00e1rio: caminhos de esperan\u00e7a para o futuro da Ordem - Not\u00edcias - Franciscanos<\/title>\n<meta name=\"robots\" content=\"index, follow, max-snippet:-1, max-image-preview:large, max-video-preview:-1\" \/>\n<link rel=\"canonical\" href=\"https:\/\/franciscanos.org.br\/noticias\/capitulo-internacional-das-esteiras-e-conselho-plenario-caminhos-de-esperanca-para-o-futuro-da-ordem.html\" \/>\n<meta property=\"og:locale\" content=\"pt_BR\" \/>\n<meta property=\"og:type\" content=\"article\" \/>\n<meta property=\"og:title\" content=\"Cap\u00edtulo Internacional das Esteiras e Conselho Plen\u00e1rio: caminhos de esperan\u00e7a para o futuro da Ordem - Not\u00edcias - Franciscanos\" \/>\n<meta property=\"og:description\" content=\"Conselho Plen\u00e1rio da Ordem\" \/>\n<meta property=\"og:url\" content=\"https:\/\/franciscanos.org.br\/noticias\/capitulo-internacional-das-esteiras-e-conselho-plenario-caminhos-de-esperanca-para-o-futuro-da-ordem.html\" \/>\n<meta property=\"og:site_name\" content=\"Not\u00edcias - Franciscanos\" \/>\n<meta property=\"article:published_time\" content=\"2025-06-11T17:09:10+00:00\" \/>\n<meta property=\"article:modified_time\" content=\"2025-06-13T15:25:20+00:00\" \/>\n<meta property=\"og:image\" content=\"https:\/\/franciscanos.org.br\/noticias\/wp-content\/uploads\/2025\/06\/chamada-19.png\" \/>\n\t<meta property=\"og:image:width\" content=\"800\" \/>\n\t<meta property=\"og:image:height\" content=\"550\" \/>\n\t<meta property=\"og:image:type\" content=\"image\/png\" \/>\n<meta name=\"author\" content=\"Adriana Rabelo\" \/>\n<meta name=\"twitter:card\" content=\"summary_large_image\" \/>\n<meta name=\"twitter:label1\" content=\"Escrito por\" \/>\n\t<meta name=\"twitter:data1\" content=\"Adriana Rabelo\" \/>\n\t<meta name=\"twitter:label2\" content=\"Est. tempo de leitura\" \/>\n\t<meta name=\"twitter:data2\" content=\"7 minutos\" \/>\n<script type=\"application\/ld+json\" class=\"yoast-schema-graph\">{\"@context\":\"https:\/\/schema.org\",\"@graph\":[{\"@type\":\"WebSite\",\"@id\":\"https:\/\/franciscanos.org.br\/noticias\/#website\",\"url\":\"https:\/\/franciscanos.org.br\/noticias\/\",\"name\":\"Not\u00edcias - Franciscanos\",\"description\":\"Prov\u00edncia Franciscana da Imaculada Concei\u00e7\u00e3o do Brasil - Ordem dos Frades Menores - OFM\",\"potentialAction\":[{\"@type\":\"SearchAction\",\"target\":{\"@type\":\"EntryPoint\",\"urlTemplate\":\"https:\/\/franciscanos.org.br\/noticias\/?s={search_term_string}\"},\"query-input\":\"required name=search_term_string\"}],\"inLanguage\":\"pt-BR\"},{\"@type\":\"ImageObject\",\"inLanguage\":\"pt-BR\",\"@id\":\"https:\/\/franciscanos.org.br\/noticias\/capitulo-internacional-das-esteiras-e-conselho-plenario-caminhos-de-esperanca-para-o-futuro-da-ordem.html#primaryimage\",\"url\":\"https:\/\/franciscanos.org.br\/noticias\/wp-content\/uploads\/2025\/06\/chamada-19.png\",\"contentUrl\":\"https:\/\/franciscanos.org.br\/noticias\/wp-content\/uploads\/2025\/06\/chamada-19.png\",\"width\":800,\"height\":550},{\"@type\":\"WebPage\",\"@id\":\"https:\/\/franciscanos.org.br\/noticias\/capitulo-internacional-das-esteiras-e-conselho-plenario-caminhos-de-esperanca-para-o-futuro-da-ordem.html#webpage\",\"url\":\"https:\/\/franciscanos.org.br\/noticias\/capitulo-internacional-das-esteiras-e-conselho-plenario-caminhos-de-esperanca-para-o-futuro-da-ordem.html\",\"name\":\"Cap\u00edtulo Internacional das Esteiras e Conselho Plen\u00e1rio: caminhos de esperan\u00e7a para o futuro da Ordem - Not\u00edcias - Franciscanos\",\"isPartOf\":{\"@id\":\"https:\/\/franciscanos.org.br\/noticias\/#website\"},\"primaryImageOfPage\":{\"@id\":\"https:\/\/franciscanos.org.br\/noticias\/capitulo-internacional-das-esteiras-e-conselho-plenario-caminhos-de-esperanca-para-o-futuro-da-ordem.html#primaryimage\"},\"datePublished\":\"2025-06-11T17:09:10+00:00\",\"dateModified\":\"2025-06-13T15:25:20+00:00\",\"author\":{\"@id\":\"https:\/\/franciscanos.org.br\/noticias\/#\/schema\/person\/d9422e83121c3ad3b0f423d195f5bb25\"},\"breadcrumb\":{\"@id\":\"https:\/\/franciscanos.org.br\/noticias\/capitulo-internacional-das-esteiras-e-conselho-plenario-caminhos-de-esperanca-para-o-futuro-da-ordem.html#breadcrumb\"},\"inLanguage\":\"pt-BR\",\"potentialAction\":[{\"@type\":\"ReadAction\",\"target\":[\"https:\/\/franciscanos.org.br\/noticias\/capitulo-internacional-das-esteiras-e-conselho-plenario-caminhos-de-esperanca-para-o-futuro-da-ordem.html\"]}]},{\"@type\":\"BreadcrumbList\",\"@id\":\"https:\/\/franciscanos.org.br\/noticias\/capitulo-internacional-das-esteiras-e-conselho-plenario-caminhos-de-esperanca-para-o-futuro-da-ordem.html#breadcrumb\",\"itemListElement\":[{\"@type\":\"ListItem\",\"position\":1,\"name\":\"Home\",\"item\":\"https:\/\/franciscanos.org.br\/noticias\"},{\"@type\":\"ListItem\",\"position\":2,\"name\":\"Cap\u00edtulo Internacional das Esteiras e Conselho Plen\u00e1rio: caminhos de esperan\u00e7a para o futuro da Ordem\"}]},{\"@type\":\"Person\",\"@id\":\"https:\/\/franciscanos.org.br\/noticias\/#\/schema\/person\/d9422e83121c3ad3b0f423d195f5bb25\",\"name\":\"Adriana Rabelo\",\"image\":{\"@type\":\"ImageObject\",\"inLanguage\":\"pt-BR\",\"@id\":\"https:\/\/franciscanos.org.br\/noticias\/#\/schema\/person\/image\/\",\"url\":\"https:\/\/secure.gravatar.com\/avatar\/0a937b7500cd7df77540cfb8bede877d?s=96&d=mm&r=g\",\"contentUrl\":\"https:\/\/secure.gravatar.com\/avatar\/0a937b7500cd7df77540cfb8bede877d?s=96&d=mm&r=g\",\"caption\":\"Adriana Rabelo\"},\"url\":\"https:\/\/franciscanos.org.br\/noticias\/author\/adrianarabelo\"}]}<\/script>\n<!-- \/ Yoast SEO plugin. -->","yoast_head_json":{"title":"Cap\u00edtulo Internacional das Esteiras e Conselho Plen\u00e1rio: caminhos de esperan\u00e7a para o futuro da Ordem - Not\u00edcias - Franciscanos","robots":{"index":"index","follow":"follow","max-snippet":"max-snippet:-1","max-image-preview":"max-image-preview:large","max-video-preview":"max-video-preview:-1"},"canonical":"https:\/\/franciscanos.org.br\/noticias\/capitulo-internacional-das-esteiras-e-conselho-plenario-caminhos-de-esperanca-para-o-futuro-da-ordem.html","og_locale":"pt_BR","og_type":"article","og_title":"Cap\u00edtulo Internacional das Esteiras e Conselho Plen\u00e1rio: caminhos de esperan\u00e7a para o futuro da Ordem - Not\u00edcias - Franciscanos","og_description":"Conselho Plen\u00e1rio da Ordem","og_url":"https:\/\/franciscanos.org.br\/noticias\/capitulo-internacional-das-esteiras-e-conselho-plenario-caminhos-de-esperanca-para-o-futuro-da-ordem.html","og_site_name":"Not\u00edcias - Franciscanos","article_published_time":"2025-06-11T17:09:10+00:00","article_modified_time":"2025-06-13T15:25:20+00:00","og_image":[{"width":800,"height":550,"url":"https:\/\/franciscanos.org.br\/noticias\/wp-content\/uploads\/2025\/06\/chamada-19.png","type":"image\/png"}],"author":"Adriana Rabelo","twitter_card":"summary_large_image","twitter_misc":{"Escrito por":"Adriana Rabelo","Est. tempo de leitura":"7 minutos"},"schema":{"@context":"https:\/\/schema.org","@graph":[{"@type":"WebSite","@id":"https:\/\/franciscanos.org.br\/noticias\/#website","url":"https:\/\/franciscanos.org.br\/noticias\/","name":"Not\u00edcias - Franciscanos","description":"Prov\u00edncia Franciscana da Imaculada Concei\u00e7\u00e3o do Brasil - Ordem dos Frades Menores - OFM","potentialAction":[{"@type":"SearchAction","target":{"@type":"EntryPoint","urlTemplate":"https:\/\/franciscanos.org.br\/noticias\/?s={search_term_string}"},"query-input":"required name=search_term_string"}],"inLanguage":"pt-BR"},{"@type":"ImageObject","inLanguage":"pt-BR","@id":"https:\/\/franciscanos.org.br\/noticias\/capitulo-internacional-das-esteiras-e-conselho-plenario-caminhos-de-esperanca-para-o-futuro-da-ordem.html#primaryimage","url":"https:\/\/franciscanos.org.br\/noticias\/wp-content\/uploads\/2025\/06\/chamada-19.png","contentUrl":"https:\/\/franciscanos.org.br\/noticias\/wp-content\/uploads\/2025\/06\/chamada-19.png","width":800,"height":550},{"@type":"WebPage","@id":"https:\/\/franciscanos.org.br\/noticias\/capitulo-internacional-das-esteiras-e-conselho-plenario-caminhos-de-esperanca-para-o-futuro-da-ordem.html#webpage","url":"https:\/\/franciscanos.org.br\/noticias\/capitulo-internacional-das-esteiras-e-conselho-plenario-caminhos-de-esperanca-para-o-futuro-da-ordem.html","name":"Cap\u00edtulo Internacional das Esteiras e Conselho Plen\u00e1rio: caminhos de esperan\u00e7a para o futuro da Ordem - Not\u00edcias - Franciscanos","isPartOf":{"@id":"https:\/\/franciscanos.org.br\/noticias\/#website"},"primaryImageOfPage":{"@id":"https:\/\/franciscanos.org.br\/noticias\/capitulo-internacional-das-esteiras-e-conselho-plenario-caminhos-de-esperanca-para-o-futuro-da-ordem.html#primaryimage"},"datePublished":"2025-06-11T17:09:10+00:00","dateModified":"2025-06-13T15:25:20+00:00","author":{"@id":"https:\/\/franciscanos.org.br\/noticias\/#\/schema\/person\/d9422e83121c3ad3b0f423d195f5bb25"},"breadcrumb":{"@id":"https:\/\/franciscanos.org.br\/noticias\/capitulo-internacional-das-esteiras-e-conselho-plenario-caminhos-de-esperanca-para-o-futuro-da-ordem.html#breadcrumb"},"inLanguage":"pt-BR","potentialAction":[{"@type":"ReadAction","target":["https:\/\/franciscanos.org.br\/noticias\/capitulo-internacional-das-esteiras-e-conselho-plenario-caminhos-de-esperanca-para-o-futuro-da-ordem.html"]}]},{"@type":"BreadcrumbList","@id":"https:\/\/franciscanos.org.br\/noticias\/capitulo-internacional-das-esteiras-e-conselho-plenario-caminhos-de-esperanca-para-o-futuro-da-ordem.html#breadcrumb","itemListElement":[{"@type":"ListItem","position":1,"name":"Home","item":"https:\/\/franciscanos.org.br\/noticias"},{"@type":"ListItem","position":2,"name":"Cap\u00edtulo Internacional das Esteiras e Conselho Plen\u00e1rio: caminhos de esperan\u00e7a para o futuro da Ordem"}]},{"@type":"Person","@id":"https:\/\/franciscanos.org.br\/noticias\/#\/schema\/person\/d9422e83121c3ad3b0f423d195f5bb25","name":"Adriana Rabelo","image":{"@type":"ImageObject","inLanguage":"pt-BR","@id":"https:\/\/franciscanos.org.br\/noticias\/#\/schema\/person\/image\/","url":"https:\/\/secure.gravatar.com\/avatar\/0a937b7500cd7df77540cfb8bede877d?s=96&d=mm&r=g","contentUrl":"https:\/\/secure.gravatar.com\/avatar\/0a937b7500cd7df77540cfb8bede877d?s=96&d=mm&r=g","caption":"Adriana Rabelo"},"url":"https:\/\/franciscanos.org.br\/noticias\/author\/adrianarabelo"}]}},"_links":{"self":[{"href":"https:\/\/franciscanos.org.br\/noticias\/wp-json\/wp\/v2\/posts\/257883"}],"collection":[{"href":"https:\/\/franciscanos.org.br\/noticias\/wp-json\/wp\/v2\/posts"}],"about":[{"href":"https:\/\/franciscanos.org.br\/noticias\/wp-json\/wp\/v2\/types\/post"}],"author":[{"embeddable":true,"href":"https:\/\/franciscanos.org.br\/noticias\/wp-json\/wp\/v2\/users\/11"}],"replies":[{"embeddable":true,"href":"https:\/\/franciscanos.org.br\/noticias\/wp-json\/wp\/v2\/comments?post=257883"}],"version-history":[{"count":9,"href":"https:\/\/franciscanos.org.br\/noticias\/wp-json\/wp\/v2\/posts\/257883\/revisions"}],"predecessor-version":[{"id":257994,"href":"https:\/\/franciscanos.org.br\/noticias\/wp-json\/wp\/v2\/posts\/257883\/revisions\/257994"}],"wp:featuredmedia":[{"embeddable":true,"href":"https:\/\/franciscanos.org.br\/noticias\/wp-json\/wp\/v2\/media\/257884"}],"wp:attachment":[{"href":"https:\/\/franciscanos.org.br\/noticias\/wp-json\/wp\/v2\/media?parent=257883"}],"wp:term":[{"taxonomy":"category","embeddable":true,"href":"https:\/\/franciscanos.org.br\/noticias\/wp-json\/wp\/v2\/categories?post=257883"},{"taxonomy":"post_tag","embeddable":true,"href":"https:\/\/franciscanos.org.br\/noticias\/wp-json\/wp\/v2\/tags?post=257883"}],"curies":[{"name":"wp","href":"https:\/\/api.w.org\/{rel}","templated":true}]}}