{"id":25782,"date":"2012-10-03T08:31:57","date_gmt":"2012-10-03T11:31:57","guid":{"rendered":"http:\/\/new.franciscanos.org.br\/?p=25782"},"modified":"2020-11-09T16:40:19","modified_gmt":"2020-11-09T19:40:19","slug":"frei-anselmo-celebra-50-anos-de-sacerdocio-no-dia-de-sao-francisco","status":"publish","type":"post","link":"https:\/\/franciscanos.org.br\/noticias\/frei-anselmo-celebra-50-anos-de-sacerdocio-no-dia-de-sao-francisco.html","title":{"rendered":"Frei Anselmo celebra 50 anos de sacerd\u00f3cio no dia de S\u00e3o Francisco"},"content":{"rendered":"<div id=\"attachment_25783\" style=\"width: 410px\" class=\"wp-caption alignleft\"><img aria-describedby=\"caption-attachment-25783\" loading=\"lazy\" class=\"size-full wp-image-25783\" title=\"Frei Anselmo\" src=\"http:\/\/franciscanos.org.br\/wp-content\/uploads\/2012\/10\/3725_031012.jpg\" alt=\"\" width=\"400\" height=\"254\" \/><p id=\"caption-attachment-25783\" class=\"wp-caption-text\">Frei Anselmo Fracasso<\/p><\/div>\n<p><strong>Bodas de Ouro<\/strong><\/p>\n<p>Hoje, pe\u00e7o licen\u00e7a aos queridos Leitores para falar e apresentar-lhes um admir\u00e1vel confrade, que \u00e9 um colega meu: Frei Anselmo. Aos 82 anos, ele estar\u00e1 comemorando, no dia 4 de outubro, dourados 50 anos de sacerdote. Ele \u00e9 muito admirado por centenas, sen\u00e3o milhares de devotos de Santo Ant\u00f4nio que vem ao Convento do Largo da Carioca (Rio) para receber de suas m\u00e3os o perd\u00e3o dos pecados e as luzes para seus problemas pessoais. Mas ele \u00e9 tamb\u00e9m muito conhecido e admirado pelo Brasil afora por suas palestras e pela ajuda aos cegos. Ele mesmo \u00e9 cego, mas j\u00e1 municiou a mais de 100 cegos com m\u00e1quinas de escrever em Braille, compradas com o suor de seus trabalhos e com o dinheiro de doadores que apoiam seus cuidados pastorais. Atualmente, ele j\u00e1 n\u00e3o viaja mais tanto, antes corria o Brasil todo, mas mesmo assim continua promovendo a causa dos cegos e ajudando os deficientes visuais.<\/p>\n<p><strong>\u00a0Um cl\u00e1ssico<\/strong><br \/>\nFrei Anselmo escreveu um livro cl\u00e1ssico sobre seu itiner\u00e1rio espiritual e sobre a cegueira que o atingiu quando tinha 18 e 19 anos. O livro intitula-se \u201c50 Anos de Luz nas \u2018Trevas \u2013 Deixei de Enxergar e Comecei a Ver\u201d. (Ed. VOZES, em 8\u00aa. edi\u00e7\u00e3o). Nele cita Helen Keller, a mundialmente famosa cega norte-americana: \u201cQuando se fecha uma porta da felicidade, abre-se outra, mas muitas vezes ficamos a olhar tanto tempo a porta fechada que n\u00e3o vemos a outra que se abriu para n\u00f3s\u201d. E ele acrescenta: \u201cDiante de tantas portas fechadas, estive para cair no desespero, mas guiado pela luz da f\u00e9 e da esperan\u00e7a encontrei uma porta que se abriu e descobri um novo caminho a percorrer\u201d.<\/p>\n<p><strong>\u00a0Sou feliz<\/strong><br \/>\nSempre existem novas possibilidades e Frei Anselmo as encontrou ou, melhor, as criou. N\u00e3o se entregou diante das negativas que lhe impediam que continuasse sonhando em ser padre e franciscano. Foi mandado embora do semin\u00e1rio porque, diziam, n\u00e3o teria, como cego, condi\u00e7\u00f5es de cursar Filosofia e Teologia. Pois bem. Aprendeu o alfabeto Braille e a caminhar sozinho pelas movimentadas e intrincadas ruas de S\u00e3o Paulo. Passaram-se 8 anos e ele voltou ent\u00e3o a bater \u00e0 porta do Convento com os diplomas de Filosofia e Teologia debaixo do bra\u00e7o. N\u00e3o tiveram como n\u00e3o aceit\u00e1-lo. Por especial permiss\u00e3o do Papa Jo\u00e3o XXIII, acabou ordenado padre em 1962. Agora, ele est\u00e1 celebrando e os amigos festejando seus 50 anos de sacerd\u00f3cio. Ele \u00e9 um exemplo para os que se veem diante de portas fechadas. Deixou de enxergar, mas est\u00e1 vendo de uma forma nova e especial. E confessa cheio de agradecimentos: \u201cSou feliz, muito feliz! Em minha vida de padre, nunca me deixei vencer pela tristeza\u201d. Parab\u00e9ns, querido confrade! Voc\u00ea \u00e9 uma b\u00ean\u00e7\u00e3o na igreja e nos corredores do Convento de Santo Ant\u00f4nio, para cegos e n\u00e3o cegos.<\/p>\n<p><strong>\u00a0Pensamentos<\/strong><br \/>\nCito seu livro: \u201cPor mais prolongado que seja o inverno, ele jamais pode impedir que, na primavera, as flores se abram \u00e0 luz do sol\u201d. \u201cAs dificuldades na luta valorizam o pr\u00eamio da vit\u00f3ria\u201d. \u201cQuando as coisas se tornam dif\u00edceis \u00e9 que avaliamos nossas verdadeiras for\u00e7as. Para enxergar basta abrir os olhos, mas para ver \u00e9 preciso fech\u00e1-los\u201d. \u201cOlhando, apenas enxergamos. Contemplando \u00e9 que come\u00e7amos verdadeiramente a ver\u201d. \u201cA f\u00e9, o amor e esperan\u00e7a nos d\u00e3o a sensibilidade de ver as realidades da vida despidas de sua apar\u00eancia enganadora\u201d. Quem perde o sentido da vida precisa de algu\u00e9m que o ensine a amar. Quem ama precisa de Deus para crescer no amor\u201d. \u201cA luz de Deus dissipa todas as trevas e ilumina por dentro. \u00c9 precisamente esta luz que faz ver o verdadeiro sentido da vida presente, que \u00e9 apenas um pobre e desafinado prel\u00fadio da sinfonia que ser\u00e1 executada somente na eternidade, e um p\u00e1lido brilho de uma aurora que anuncia o esplendor do eterno dia\u201d.<\/p>\n<p>Frei Anselmo \u00e9 ga\u00facho de Balisa, perto de Erechim. Tem 82 anos. Est\u00e1 forte e rijo. A ele lembramos os votos que os romanos davam aos homenageados: Vivat! Crescat! Floreat! Viva, cres\u00e7a e flores\u00e7a! Parab\u00e9ns e \u201cad multos annos\u201d (por muitos anos).<\/p>\n","protected":false},"excerpt":{"rendered":"<p>Jubileu<\/p>\n","protected":false},"author":1,"featured_media":213363,"comment_status":"closed","ping_status":"open","sticky":false,"template":"","format":"standard","meta":[],"categories":[1],"tags":[85],"acf":[],"yoast_head":"<!-- This site is optimized with the Yoast SEO plugin v19.2 - https:\/\/yoast.com\/wordpress\/plugins\/seo\/ -->\n<title>Frei Anselmo celebra 50 anos de sacerd\u00f3cio no dia de S\u00e3o Francisco - Not\u00edcias - Franciscanos<\/title>\n<meta name=\"robots\" content=\"index, follow, max-snippet:-1, max-image-preview:large, max-video-preview:-1\" \/>\n<link rel=\"canonical\" href=\"https:\/\/franciscanos.org.br\/noticias\/frei-anselmo-celebra-50-anos-de-sacerdocio-no-dia-de-sao-francisco.html\" \/>\n<meta property=\"og:locale\" content=\"pt_BR\" \/>\n<meta property=\"og:type\" content=\"article\" \/>\n<meta property=\"og:title\" content=\"Frei Anselmo celebra 50 anos de sacerd\u00f3cio no dia de S\u00e3o Francisco - Not\u00edcias - Franciscanos\" \/>\n<meta property=\"og:description\" content=\"Jubileu\" \/>\n<meta property=\"og:url\" content=\"https:\/\/franciscanos.org.br\/noticias\/frei-anselmo-celebra-50-anos-de-sacerdocio-no-dia-de-sao-francisco.html\" \/>\n<meta property=\"og:site_name\" content=\"Not\u00edcias - Franciscanos\" \/>\n<meta property=\"article:published_time\" content=\"2012-10-03T11:31:57+00:00\" \/>\n<meta property=\"article:modified_time\" content=\"2020-11-09T19:40:19+00:00\" \/>\n<meta property=\"og:image\" content=\"https:\/\/franciscanos.org.br\/noticias\/wp-content\/uploads\/2012\/10\/3725_031012.jpg\" \/>\n\t<meta property=\"og:image:width\" content=\"273\" \/>\n\t<meta property=\"og:image:height\" content=\"181\" \/>\n\t<meta property=\"og:image:type\" content=\"image\/jpeg\" \/>\n<meta name=\"author\" content=\"admin\" \/>\n<meta name=\"twitter:card\" content=\"summary_large_image\" \/>\n<meta name=\"twitter:label1\" content=\"Escrito por\" \/>\n\t<meta name=\"twitter:data1\" content=\"admin\" \/>\n\t<meta name=\"twitter:label2\" content=\"Est. tempo de leitura\" \/>\n\t<meta name=\"twitter:data2\" content=\"4 minutos\" \/>\n<script type=\"application\/ld+json\" class=\"yoast-schema-graph\">{\"@context\":\"https:\/\/schema.org\",\"@graph\":[{\"@type\":\"WebSite\",\"@id\":\"https:\/\/franciscanos.org.br\/noticias\/#website\",\"url\":\"https:\/\/franciscanos.org.br\/noticias\/\",\"name\":\"Not\u00edcias - Franciscanos\",\"description\":\"Prov\u00edncia Franciscana da Imaculada Concei\u00e7\u00e3o do Brasil - Ordem dos Frades Menores - OFM\",\"potentialAction\":[{\"@type\":\"SearchAction\",\"target\":{\"@type\":\"EntryPoint\",\"urlTemplate\":\"https:\/\/franciscanos.org.br\/noticias\/?s={search_term_string}\"},\"query-input\":\"required name=search_term_string\"}],\"inLanguage\":\"pt-BR\"},{\"@type\":\"ImageObject\",\"inLanguage\":\"pt-BR\",\"@id\":\"https:\/\/franciscanos.org.br\/noticias\/frei-anselmo-celebra-50-anos-de-sacerdocio-no-dia-de-sao-francisco.html#primaryimage\",\"url\":\"https:\/\/franciscanos.org.br\/noticias\/wp-content\/uploads\/2012\/10\/3725_031012.jpg\",\"contentUrl\":\"https:\/\/franciscanos.org.br\/noticias\/wp-content\/uploads\/2012\/10\/3725_031012.jpg\",\"width\":273,\"height\":181},{\"@type\":\"WebPage\",\"@id\":\"https:\/\/franciscanos.org.br\/noticias\/frei-anselmo-celebra-50-anos-de-sacerdocio-no-dia-de-sao-francisco.html#webpage\",\"url\":\"https:\/\/franciscanos.org.br\/noticias\/frei-anselmo-celebra-50-anos-de-sacerdocio-no-dia-de-sao-francisco.html\",\"name\":\"Frei Anselmo celebra 50 anos de sacerd\u00f3cio no dia de S\u00e3o Francisco - Not\u00edcias - Franciscanos\",\"isPartOf\":{\"@id\":\"https:\/\/franciscanos.org.br\/noticias\/#website\"},\"primaryImageOfPage\":{\"@id\":\"https:\/\/franciscanos.org.br\/noticias\/frei-anselmo-celebra-50-anos-de-sacerdocio-no-dia-de-sao-francisco.html#primaryimage\"},\"datePublished\":\"2012-10-03T11:31:57+00:00\",\"dateModified\":\"2020-11-09T19:40:19+00:00\",\"author\":{\"@id\":\"https:\/\/franciscanos.org.br\/noticias\/#\/schema\/person\/b38fbf43118f02820bd932f2e4b14ad3\"},\"breadcrumb\":{\"@id\":\"https:\/\/franciscanos.org.br\/noticias\/frei-anselmo-celebra-50-anos-de-sacerdocio-no-dia-de-sao-francisco.html#breadcrumb\"},\"inLanguage\":\"pt-BR\",\"potentialAction\":[{\"@type\":\"ReadAction\",\"target\":[\"https:\/\/franciscanos.org.br\/noticias\/frei-anselmo-celebra-50-anos-de-sacerdocio-no-dia-de-sao-francisco.html\"]}]},{\"@type\":\"BreadcrumbList\",\"@id\":\"https:\/\/franciscanos.org.br\/noticias\/frei-anselmo-celebra-50-anos-de-sacerdocio-no-dia-de-sao-francisco.html#breadcrumb\",\"itemListElement\":[{\"@type\":\"ListItem\",\"position\":1,\"name\":\"Home\",\"item\":\"https:\/\/franciscanos.org.br\/noticias\"},{\"@type\":\"ListItem\",\"position\":2,\"name\":\"Frei Anselmo celebra 50 anos de sacerd\u00f3cio no dia de S\u00e3o Francisco\"}]},{\"@type\":\"Person\",\"@id\":\"https:\/\/franciscanos.org.br\/noticias\/#\/schema\/person\/b38fbf43118f02820bd932f2e4b14ad3\",\"name\":\"admin\",\"image\":{\"@type\":\"ImageObject\",\"inLanguage\":\"pt-BR\",\"@id\":\"https:\/\/franciscanos.org.br\/noticias\/#\/schema\/person\/image\/\",\"url\":\"https:\/\/secure.gravatar.com\/avatar\/e8495742d34d0ba6448ea1c628263b3e?s=96&d=mm&r=g\",\"contentUrl\":\"https:\/\/secure.gravatar.com\/avatar\/e8495742d34d0ba6448ea1c628263b3e?s=96&d=mm&r=g\",\"caption\":\"admin\"},\"url\":\"https:\/\/franciscanos.org.br\/noticias\/author\/admin\"}]}<\/script>\n<!-- \/ Yoast SEO plugin. -->","yoast_head_json":{"title":"Frei Anselmo celebra 50 anos de sacerd\u00f3cio no dia de S\u00e3o Francisco - Not\u00edcias - Franciscanos","robots":{"index":"index","follow":"follow","max-snippet":"max-snippet:-1","max-image-preview":"max-image-preview:large","max-video-preview":"max-video-preview:-1"},"canonical":"https:\/\/franciscanos.org.br\/noticias\/frei-anselmo-celebra-50-anos-de-sacerdocio-no-dia-de-sao-francisco.html","og_locale":"pt_BR","og_type":"article","og_title":"Frei Anselmo celebra 50 anos de sacerd\u00f3cio no dia de S\u00e3o Francisco - Not\u00edcias - Franciscanos","og_description":"Jubileu","og_url":"https:\/\/franciscanos.org.br\/noticias\/frei-anselmo-celebra-50-anos-de-sacerdocio-no-dia-de-sao-francisco.html","og_site_name":"Not\u00edcias - Franciscanos","article_published_time":"2012-10-03T11:31:57+00:00","article_modified_time":"2020-11-09T19:40:19+00:00","og_image":[{"width":273,"height":181,"url":"https:\/\/franciscanos.org.br\/noticias\/wp-content\/uploads\/2012\/10\/3725_031012.jpg","type":"image\/jpeg"}],"author":"admin","twitter_card":"summary_large_image","twitter_misc":{"Escrito por":"admin","Est. tempo de leitura":"4 minutos"},"schema":{"@context":"https:\/\/schema.org","@graph":[{"@type":"WebSite","@id":"https:\/\/franciscanos.org.br\/noticias\/#website","url":"https:\/\/franciscanos.org.br\/noticias\/","name":"Not\u00edcias - Franciscanos","description":"Prov\u00edncia Franciscana da Imaculada Concei\u00e7\u00e3o do Brasil - Ordem dos Frades Menores - OFM","potentialAction":[{"@type":"SearchAction","target":{"@type":"EntryPoint","urlTemplate":"https:\/\/franciscanos.org.br\/noticias\/?s={search_term_string}"},"query-input":"required name=search_term_string"}],"inLanguage":"pt-BR"},{"@type":"ImageObject","inLanguage":"pt-BR","@id":"https:\/\/franciscanos.org.br\/noticias\/frei-anselmo-celebra-50-anos-de-sacerdocio-no-dia-de-sao-francisco.html#primaryimage","url":"https:\/\/franciscanos.org.br\/noticias\/wp-content\/uploads\/2012\/10\/3725_031012.jpg","contentUrl":"https:\/\/franciscanos.org.br\/noticias\/wp-content\/uploads\/2012\/10\/3725_031012.jpg","width":273,"height":181},{"@type":"WebPage","@id":"https:\/\/franciscanos.org.br\/noticias\/frei-anselmo-celebra-50-anos-de-sacerdocio-no-dia-de-sao-francisco.html#webpage","url":"https:\/\/franciscanos.org.br\/noticias\/frei-anselmo-celebra-50-anos-de-sacerdocio-no-dia-de-sao-francisco.html","name":"Frei Anselmo celebra 50 anos de sacerd\u00f3cio no dia de S\u00e3o Francisco - Not\u00edcias - Franciscanos","isPartOf":{"@id":"https:\/\/franciscanos.org.br\/noticias\/#website"},"primaryImageOfPage":{"@id":"https:\/\/franciscanos.org.br\/noticias\/frei-anselmo-celebra-50-anos-de-sacerdocio-no-dia-de-sao-francisco.html#primaryimage"},"datePublished":"2012-10-03T11:31:57+00:00","dateModified":"2020-11-09T19:40:19+00:00","author":{"@id":"https:\/\/franciscanos.org.br\/noticias\/#\/schema\/person\/b38fbf43118f02820bd932f2e4b14ad3"},"breadcrumb":{"@id":"https:\/\/franciscanos.org.br\/noticias\/frei-anselmo-celebra-50-anos-de-sacerdocio-no-dia-de-sao-francisco.html#breadcrumb"},"inLanguage":"pt-BR","potentialAction":[{"@type":"ReadAction","target":["https:\/\/franciscanos.org.br\/noticias\/frei-anselmo-celebra-50-anos-de-sacerdocio-no-dia-de-sao-francisco.html"]}]},{"@type":"BreadcrumbList","@id":"https:\/\/franciscanos.org.br\/noticias\/frei-anselmo-celebra-50-anos-de-sacerdocio-no-dia-de-sao-francisco.html#breadcrumb","itemListElement":[{"@type":"ListItem","position":1,"name":"Home","item":"https:\/\/franciscanos.org.br\/noticias"},{"@type":"ListItem","position":2,"name":"Frei Anselmo celebra 50 anos de sacerd\u00f3cio no dia de S\u00e3o Francisco"}]},{"@type":"Person","@id":"https:\/\/franciscanos.org.br\/noticias\/#\/schema\/person\/b38fbf43118f02820bd932f2e4b14ad3","name":"admin","image":{"@type":"ImageObject","inLanguage":"pt-BR","@id":"https:\/\/franciscanos.org.br\/noticias\/#\/schema\/person\/image\/","url":"https:\/\/secure.gravatar.com\/avatar\/e8495742d34d0ba6448ea1c628263b3e?s=96&d=mm&r=g","contentUrl":"https:\/\/secure.gravatar.com\/avatar\/e8495742d34d0ba6448ea1c628263b3e?s=96&d=mm&r=g","caption":"admin"},"url":"https:\/\/franciscanos.org.br\/noticias\/author\/admin"}]}},"_links":{"self":[{"href":"https:\/\/franciscanos.org.br\/noticias\/wp-json\/wp\/v2\/posts\/25782"}],"collection":[{"href":"https:\/\/franciscanos.org.br\/noticias\/wp-json\/wp\/v2\/posts"}],"about":[{"href":"https:\/\/franciscanos.org.br\/noticias\/wp-json\/wp\/v2\/types\/post"}],"author":[{"embeddable":true,"href":"https:\/\/franciscanos.org.br\/noticias\/wp-json\/wp\/v2\/users\/1"}],"replies":[{"embeddable":true,"href":"https:\/\/franciscanos.org.br\/noticias\/wp-json\/wp\/v2\/comments?post=25782"}],"version-history":[{"count":1,"href":"https:\/\/franciscanos.org.br\/noticias\/wp-json\/wp\/v2\/posts\/25782\/revisions"}],"predecessor-version":[{"id":229162,"href":"https:\/\/franciscanos.org.br\/noticias\/wp-json\/wp\/v2\/posts\/25782\/revisions\/229162"}],"wp:featuredmedia":[{"embeddable":true,"href":"https:\/\/franciscanos.org.br\/noticias\/wp-json\/wp\/v2\/media\/213363"}],"wp:attachment":[{"href":"https:\/\/franciscanos.org.br\/noticias\/wp-json\/wp\/v2\/media?parent=25782"}],"wp:term":[{"taxonomy":"category","embeddable":true,"href":"https:\/\/franciscanos.org.br\/noticias\/wp-json\/wp\/v2\/categories?post=25782"},{"taxonomy":"post_tag","embeddable":true,"href":"https:\/\/franciscanos.org.br\/noticias\/wp-json\/wp\/v2\/tags?post=25782"}],"curies":[{"name":"wp","href":"https:\/\/api.w.org\/{rel}","templated":true}]}}