{"id":257735,"date":"2025-06-09T11:19:51","date_gmt":"2025-06-09T14:19:51","guid":{"rendered":"https:\/\/franciscanos.org.br\/noticias\/?p=257735"},"modified":"2025-08-26T15:57:16","modified_gmt":"2025-08-26T18:57:16","slug":"sementes-de-futuro-a-nova-caminhada-vocacional-e-formativa","status":"publish","type":"post","link":"https:\/\/franciscanos.org.br\/noticias\/sementes-de-futuro-a-nova-caminhada-vocacional-e-formativa.html","title":{"rendered":"Sementes de Futuro: A Nova Caminhada Vocacional e Formativa"},"content":{"rendered":"<p><img loading=\"lazy\" class=\"aligncenter wp-image-257737 size-full\" src=\"https:\/\/franciscanos.org.br\/noticias\/wp-content\/uploads\/2025\/06\/MATERIA-12.png\" alt=\"\" width=\"1280\" height=\"720\" srcset=\"https:\/\/franciscanos.org.br\/noticias\/wp-content\/uploads\/2025\/06\/MATERIA-12.png 1280w, https:\/\/franciscanos.org.br\/noticias\/wp-content\/uploads\/2025\/06\/MATERIA-12-450x253.png 450w, https:\/\/franciscanos.org.br\/noticias\/wp-content\/uploads\/2025\/06\/MATERIA-12-1024x576.png 1024w, https:\/\/franciscanos.org.br\/noticias\/wp-content\/uploads\/2025\/06\/MATERIA-12-768x432.png 768w, https:\/\/franciscanos.org.br\/noticias\/wp-content\/uploads\/2025\/06\/MATERIA-12-150x84.png 150w\" sizes=\"(max-width: 1280px) 100vw, 1280px\" \/><\/p>\n<p>O Cap\u00edtulo Provincial de 2024 marcou um momento importante para o Secretariado de Forma\u00e7\u00e3o e Estudos em nossa Prov\u00edncia. Ap\u00f3s um tri\u00eanio de idas e vindas por conta do F\u00f3rum de Forma\u00e7\u00e3o e Estudos, os frades sentiram-se maduros e preparados para dar um passo corajoso: aprovar e vivenciar uma forma\u00e7\u00e3o mais inserida na vida concreta da Prov\u00edncia.<\/p>\n<p>Vale a pena recordar os acordos propostos por ocasi\u00e3o do F\u00f3rum, que ajudaram a moldar o Projeto Formativo Provincial aprovado em Cap\u00edtulo:<\/p>\n<ol>\n<li>\u201cBusque-se a ruptura com as mentalidades e m\u00e9todos formativos ligados aos grandes semin\u00e1rios do passado;<\/li>\n<li>considera-se imprescind\u00edvel a ruptura com m\u00e9todos formativos firmados na tutela exacerbada, com pouco espa\u00e7o \u00e0 promo\u00e7\u00e3o da liberdade e autonomia do formando, diante de sua resposta \u00e0 proposta da vida religiosa;<\/li>\n<li>respeite-se o processo de amadurecimento de cada formando, garantindo um acompanhamento cada vez mais personalizado, sem a preocupa\u00e7\u00e3o imediata com o tempo de conclus\u00e3o da etapa e aprova\u00e7\u00e3o \u00e0 seguinte;<\/li>\n<li>fomente-se mais iniciativas de inser\u00e7\u00e3o pastoral e evangelizadora, bem como a aproxima\u00e7\u00e3o da realidade social e eclesial local aos formandos;<\/li>\n<li>garanta-se que a integra\u00e7\u00e3o do formando \u00e0 vida da fraternidade local seja marcada por rela\u00e7\u00f5es de fraternidade, considerando a evidente gradualidade do processo formativo no qual o formando se encontra, de modo que se trate de uma \u00fanica fraternidade franciscana\u201d.<\/li>\n<\/ol>\n<p>Ancorado nos Documentos da Ordem e nas propostas encaminhadas ao Cap\u00edtulo Provincial\u2013 fruto de um longo processo de escuta e discernimento \u2013 o Projeto Formativo prop\u00f4s uma nova din\u00e2mica estrutural para as etapas das FAVS e para o P\u00f3s-Noviciado, at\u00e9 ent\u00e3o chamados de Aspirantado e tempo de Filosofia e Teologia.<\/p>\n<p>O tempo de acompanhamento vocacional continua sendo desenvolvido em cada uma de nossas fraternidades, onde um frade local \u00e9 respons\u00e1vel por acolher, acompanhar e motivar os irm\u00e3os e fi\u00e9is a assumirem a corresponsabilidade pelas voca\u00e7\u00f5es. Ap\u00f3s essa etapa inicial, os vocacionados passam por um per\u00edodo de conviv\u00eancia e s\u00e3o encaminhados \u00e0s Fraternidades de Acolhimento Vocacional (FAVs).<\/p>\n\n\t\t<style type=\"text\/css\">\n\t\t\t#gallery-1 {\n\t\t\t\tmargin: auto;\n\t\t\t}\n\t\t\t#gallery-1 .gallery-item {\n\t\t\t\tfloat: left;\n\t\t\t\tmargin-top: 10px;\n\t\t\t\ttext-align: center;\n\t\t\t\twidth: 33%;\n\t\t\t}\n\t\t\t#gallery-1 img {\n\t\t\t\tborder: 2px solid #cfcfcf;\n\t\t\t}\n\t\t\t#gallery-1 .gallery-caption {\n\t\t\t\tmargin-left: 0;\n\t\t\t}\n\t\t\t\/* see gallery_shortcode() in wp-includes\/media.php *\/\n\t\t<\/style>\n\t\t<div id='gallery-1' class='gallery galleryid-257735 gallery-columns-3 gallery-size-thumbnail'><dl class='gallery-item'>\n\t\t\t<dt class='gallery-icon portrait'>\n\t\t\t\t<a href='https:\/\/franciscanos.org.br\/noticias\/wp-content\/uploads\/2025\/06\/WhatsApp-Image-2025-06-09-at-08.02.13-4.jpeg'><img width=\"300\" height=\"300\" src=\"https:\/\/franciscanos.org.br\/noticias\/wp-content\/uploads\/2025\/06\/WhatsApp-Image-2025-06-09-at-08.02.13-4-300x300.jpeg\" class=\"attachment-thumbnail size-thumbnail\" alt=\"\" loading=\"lazy\" srcset=\"https:\/\/franciscanos.org.br\/noticias\/wp-content\/uploads\/2025\/06\/WhatsApp-Image-2025-06-09-at-08.02.13-4-300x300.jpeg 300w, https:\/\/franciscanos.org.br\/noticias\/wp-content\/uploads\/2025\/06\/WhatsApp-Image-2025-06-09-at-08.02.13-4-100x100.jpeg 100w\" sizes=\"(max-width: 300px) 100vw, 300px\" \/><\/a>\n\t\t\t<\/dt><\/dl><dl class='gallery-item'>\n\t\t\t<dt class='gallery-icon portrait'>\n\t\t\t\t<a href='https:\/\/franciscanos.org.br\/noticias\/wp-content\/uploads\/2025\/06\/WhatsApp-Image-2025-06-09-at-08.02.14.jpeg'><img width=\"300\" height=\"300\" src=\"https:\/\/franciscanos.org.br\/noticias\/wp-content\/uploads\/2025\/06\/WhatsApp-Image-2025-06-09-at-08.02.14-300x300.jpeg\" class=\"attachment-thumbnail size-thumbnail\" alt=\"\" loading=\"lazy\" srcset=\"https:\/\/franciscanos.org.br\/noticias\/wp-content\/uploads\/2025\/06\/WhatsApp-Image-2025-06-09-at-08.02.14-300x300.jpeg 300w, https:\/\/franciscanos.org.br\/noticias\/wp-content\/uploads\/2025\/06\/WhatsApp-Image-2025-06-09-at-08.02.14-100x100.jpeg 100w\" sizes=\"(max-width: 300px) 100vw, 300px\" \/><\/a>\n\t\t\t<\/dt><\/dl><dl class='gallery-item'>\n\t\t\t<dt class='gallery-icon portrait'>\n\t\t\t\t<a href='https:\/\/franciscanos.org.br\/noticias\/wp-content\/uploads\/2025\/06\/WhatsApp-Image-2025-06-09-at-08.02.14-1.jpeg'><img width=\"300\" height=\"300\" src=\"https:\/\/franciscanos.org.br\/noticias\/wp-content\/uploads\/2025\/06\/WhatsApp-Image-2025-06-09-at-08.02.14-1-300x300.jpeg\" class=\"attachment-thumbnail size-thumbnail\" alt=\"\" loading=\"lazy\" srcset=\"https:\/\/franciscanos.org.br\/noticias\/wp-content\/uploads\/2025\/06\/WhatsApp-Image-2025-06-09-at-08.02.14-1-300x300.jpeg 300w, https:\/\/franciscanos.org.br\/noticias\/wp-content\/uploads\/2025\/06\/WhatsApp-Image-2025-06-09-at-08.02.14-1-100x100.jpeg 100w\" sizes=\"(max-width: 300px) 100vw, 300px\" \/><\/a>\n\t\t\t<\/dt><\/dl><br style=\"clear: both\" \/>\n\t\t<\/div>\n\n<p>Em fevereiro deste ano, encaminhamos nove vocacionados para essa etapa, dos quais perseveram: Vitor Emanuel Comelli 19 anos, de Chopinzinho, Igor Mateus Sposito 27 anos, de Guarulhos, Mateus Fernando Porcatt, 29 anos de Itaja\u00ed, Miguel Angelo Felipe 19 anos de Ituporanga, Rodrigo Borges 31 anos, de Florian\u00f3polis, Rodrigo Reali, 22 anos de Vargem Grande Paulista e Vinicius Henrique Bazzo 19 anos e natural de Sorocaba. Durante um tempo em Ituporanga, eles vivenciaram a primeira experi\u00eancia de morar em uma fraternidade franciscana. O principal desafio foi a adapta\u00e7\u00e3o a um novo estilo de vida, agora regido pela ora\u00e7\u00e3o, conviv\u00eancia fraterna, estudo e trabalho. Foi um per\u00edodo importante de conhecimento m\u00fatuo do grupo.<\/p>\n<p>Para o vocacionado Matheus, a viv\u00eancia na casa de Ituporanga foi fundamental: \u201cNeste breve per\u00edodo tivemos forma\u00e7\u00f5es franciscanas, acompanhadas tamb\u00e9m de encontros com a psic\u00f3loga que ajudou a fortalecer nosso conv\u00edvio. Aprendemos mais sobre o cuidado da casa, que agora \u00e9 uma casa para acolher e cuidar dos frades idosos; pudemos realizar atividades pastorais no AMA, visitando os acolhidos no abrigo M\u00e3o Amiga\u201d. Esse tempo de conviv\u00eancia dever\u00e1 sempre preceder o ingresso nas FAVS, com o intuito de oferecer uma experi\u00eancia m\u00ednima de vida fraterna e de gerar v\u00ednculos entre aqueles que caminham juntos nesta etapa. As pr\u00f3ximas experi\u00eancias acontecer\u00e3o no Semin\u00e1rio Frei Galv\u00e3o, em Guaratinguet\u00e1.<\/p>\n<p>Em maio deste ano, os vocacionados foram enviados para fraternidades da Prov\u00edncia, a fim de aprofundarem seu discernimento. As comunidades que os acolheram neste primeiro semestre foram: o Convento de Lages com orienta\u00e7\u00e3o de Frei Laurindo Lauro, o Convento Bom Jesus de Curitiba, sob os cuidados de Frei Evaldo Ludwig e a fraternidade de Chopinzinho com Frei Junior Mendes.<\/p>\n<p><img loading=\"lazy\" class=\"aligncenter wp-image-257741 size-full\" src=\"https:\/\/franciscanos.org.br\/noticias\/wp-content\/uploads\/2025\/06\/materia-3-5.png\" alt=\"\" width=\"1280\" height=\"720\" srcset=\"https:\/\/franciscanos.org.br\/noticias\/wp-content\/uploads\/2025\/06\/materia-3-5.png 1280w, https:\/\/franciscanos.org.br\/noticias\/wp-content\/uploads\/2025\/06\/materia-3-5-450x253.png 450w, https:\/\/franciscanos.org.br\/noticias\/wp-content\/uploads\/2025\/06\/materia-3-5-1024x576.png 1024w, https:\/\/franciscanos.org.br\/noticias\/wp-content\/uploads\/2025\/06\/materia-3-5-768x432.png 768w, https:\/\/franciscanos.org.br\/noticias\/wp-content\/uploads\/2025\/06\/materia-3-5-150x84.png 150w\" sizes=\"(max-width: 1280px) 100vw, 1280px\" \/><\/p>\n<p>De acordo com o Programa Formativo, as FAVS dever\u00e3o possuir caracter\u00edsticas espec\u00edficas, de modo que tanto os frades quanto a fraternidade local contribuam efetivamente com a forma\u00e7\u00e3o dos vocacionados. O objetivo \u00e9 preencher poss\u00edveis lacunas, valorizar dons j\u00e1 existentes e oferecer espa\u00e7os de aprofundamento na f\u00e9 crist\u00e3, viv\u00eancia da espiritualidade franciscana, conviv\u00eancia fraterna, servi\u00e7o aos irm\u00e3os e oportunidades para evangelizar e ser evangelizado. O acompanhamento personalizado \u00e9 um princ\u00edpio que deve ser cada vez mais valorizado.<\/p>\n<p>Durante essa etapa, n\u00e3o se espera que os vocacionados tenham uma forma\u00e7\u00e3o program\u00e1tica como nas etapas posteriores. A conviv\u00eancia com a fraternidade, sem excluir momentos de estudo e reflex\u00e3o, deve criar um ambiente prop\u00edcio ao discernimento vocacional, amadurecimento da decis\u00e3o e ao desejo sincero de abra\u00e7ar a Forma de Vida dos Frades Menores.<\/p>\n<p>Os vocacionados Igor e Vinicius partilharam sua experi\u00eancia em Chopinzinho: \u201cFomos acolhidos na fraternidade no dia 19 de maio de 2025, chegamos curiosos, empolgados e confiantes nas novidades que esse novo per\u00edodo nos proporcionaria. Bem recebidos pelos frades Frei Junior Mendes, Frei Diomedes e Frei Wilson, assim como pelos funcion\u00e1rios e toda a comunidade local. Desde o in\u00edcio fomos inseridos nas atividades pastorais: liturgia, visitas a fam\u00edlias, comunidades rurais, com\u00e9rcios, hospitais&#8230; Participamos de encontros com jovens, coroinhas, momentos de espiritualidade e da Santa Missa. Em comum, podemos afirmar que, na realidade do &#8216;Vinde e Vede&#8217;, ao mesmo tempo em que vivenciamos a rotina da fraternidade, conseguimos experimentar com profundidade os fundamentos da nossa forma\u00e7\u00e3o: ora\u00e7\u00e3o di\u00e1ria, trabalho em comum, estudo, esporte e conviv\u00eancia fraterna. Esperamos que nossa presen\u00e7a aqui seja t\u00e3o positiva para a comunidade quanto est\u00e1 sendo para n\u00f3s\u201d.<\/p>\n<p>J\u00e1 os vocacionados Miguel, Rodrigo Borges e Vitor Comelli destacam sua participa\u00e7\u00e3o na tradicional festa de Santo Ant\u00f4nio, em Curitiba: \u201cNossa viv\u00eancia tem sido muito boa. Participamos ativamente das celebra\u00e7\u00f5es, temos um estudo rico sobre as fontes franciscanas e rezamos Laudes e V\u00e9speras com os frades. A comunidade nos acolheu muito bem, assim como os irm\u00e3os da fraternidade. A festa de Santo Ant\u00f4nio tem nos ensinado muito sobre a devo\u00e7\u00e3o e o envolvimento da comunidade, especialmente pela dedica\u00e7\u00e3o dos leigos que trabalham com empenho e generosidade. A experi\u00eancia tem sido enriquecedora\u201d.<\/p>\n<p><img loading=\"lazy\" class=\"aligncenter wp-image-257743 size-full\" src=\"https:\/\/franciscanos.org.br\/noticias\/wp-content\/uploads\/2025\/06\/materia-4-4.png\" alt=\"\" width=\"1280\" height=\"720\" srcset=\"https:\/\/franciscanos.org.br\/noticias\/wp-content\/uploads\/2025\/06\/materia-4-4.png 1280w, https:\/\/franciscanos.org.br\/noticias\/wp-content\/uploads\/2025\/06\/materia-4-4-450x253.png 450w, https:\/\/franciscanos.org.br\/noticias\/wp-content\/uploads\/2025\/06\/materia-4-4-1024x576.png 1024w, https:\/\/franciscanos.org.br\/noticias\/wp-content\/uploads\/2025\/06\/materia-4-4-768x432.png 768w, https:\/\/franciscanos.org.br\/noticias\/wp-content\/uploads\/2025\/06\/materia-4-4-150x84.png 150w\" sizes=\"(max-width: 1280px) 100vw, 1280px\" \/><\/p>\n<p>O frio de Lages acolheu calorosamente os vocacionados Rodrigo Reali e Matheus, que expressaram assim sua alegria: \u201cA conviv\u00eancia com Frei Ervino nos alegra todos os dias, pelo seu exemplo de vida. Chegamos \u00e0 fraternidade de Lages, onde fomos recebidos com muito carinho e amor pela comunidade\u201d.<\/p>\n<p>Durante esse tempo em que eles est\u00e3o em diferentes fraternidades, encontros peri\u00f3dicos online est\u00e3o sendo promovidos pelo Animador Vocacional Provincial, com o intuito de manter a integra\u00e7\u00e3o do grupo. O primeiro encontro, realizado em 4 de junho, permitiu que cada vocacionado partilhasse suas impress\u00f5es e as especificidades de sua fraternidade. A avalia\u00e7\u00e3o inicial foi muito positiva, gerando satisfa\u00e7\u00e3o com a experi\u00eancia. Espera-se que esse tempo contribua para eles amadurecerem a decis\u00e3o de ingresso na etapa do Postulantado.<\/p>\n<p><img loading=\"lazy\" class=\"aligncenter wp-image-257744 size-full\" src=\"https:\/\/franciscanos.org.br\/noticias\/wp-content\/uploads\/2025\/06\/materia5.png\" alt=\"\" width=\"1280\" height=\"720\" srcset=\"https:\/\/franciscanos.org.br\/noticias\/wp-content\/uploads\/2025\/06\/materia5.png 1280w, https:\/\/franciscanos.org.br\/noticias\/wp-content\/uploads\/2025\/06\/materia5-450x253.png 450w, https:\/\/franciscanos.org.br\/noticias\/wp-content\/uploads\/2025\/06\/materia5-1024x576.png 1024w, https:\/\/franciscanos.org.br\/noticias\/wp-content\/uploads\/2025\/06\/materia5-768x432.png 768w, https:\/\/franciscanos.org.br\/noticias\/wp-content\/uploads\/2025\/06\/materia5-150x84.png 150w\" sizes=\"(max-width: 1280px) 100vw, 1280px\" \/><\/p>\n<p>\u00c9 gratificante ver que o caminho pensado e amadurecido ao longo dos \u00faltimos anos vai ganhando forma e se concretizando. A implanta\u00e7\u00e3o plena das FAVS \u2013 agora sem uma casa espec\u00edfica como Ituporanga e sem uma equipe formadora exclusiva, mas com a participa\u00e7\u00e3o de muitas m\u00e3os \u2013 \u00e9 fruto de um processo de mais de uma d\u00e9cada, com tentativas, erros, acertos e, sobretudo, muita boa vontade. Buscou-se sempre integrar as orienta\u00e7\u00f5es da Ordem e responder ao apelo dos frades da Prov\u00edncia por uma forma\u00e7\u00e3o mais inserida e real.<\/p>\n<p>Do mesmo modo como hoje se concretizam os passos da anima\u00e7\u00e3o vocacional e das FAVS, o Conselho da Forma\u00e7\u00e3o Inicial e o Secretariado para Forma\u00e7\u00e3o e Estudos trabalham propostas concretas para o P\u00f3s-Noviciado em 2026. A proposta \u00e9 que aconte\u00e7a n\u00e3o mais no \u201cabsc\u00f4ndito\u201d de Rondinha, mas no Convento Bom Jesus de Curitiba ou no Convento S\u00e3o Francisco de Assis, em S\u00e3o Paulo, na tentativa de estarmos mais \u201cinseridos\u201d como nos pedem a Igreja e a Ordem. A ideia \u00e9 conciliar o aprofundamento reflexivo intelectual com a viv\u00eancia pr\u00e1tica nas Frentes de Evangeliza\u00e7\u00e3o da Prov\u00edncia. Aos poucos o pensado, debatido e aprovado no tri\u00eanio passado vai conseguindo se concretizar no presente, com esperan\u00e7a no futuro.<\/p>\n<hr \/>\n<p><em>Frei Je\u00e2 Paulo Andrade<\/em><\/p>\n","protected":false},"excerpt":{"rendered":"<p>Caminhada Vocacional<\/p>\n","protected":false},"author":11,"featured_media":257736,"comment_status":"open","ping_status":"open","sticky":false,"template":"","format":"standard","meta":[],"categories":[1],"tags":[2362,2361,2056],"acf":[],"yoast_head":"<!-- This site is optimized with the Yoast SEO plugin v19.2 - https:\/\/yoast.com\/wordpress\/plugins\/seo\/ -->\n<title>Sementes de Futuro: A Nova Caminhada Vocacional e Formativa - Not\u00edcias - Franciscanos<\/title>\n<meta name=\"robots\" content=\"index, follow, max-snippet:-1, max-image-preview:large, max-video-preview:-1\" \/>\n<link rel=\"canonical\" href=\"https:\/\/franciscanos.org.br\/noticias\/sementes-de-futuro-a-nova-caminhada-vocacional-e-formativa.html\" \/>\n<meta property=\"og:locale\" content=\"pt_BR\" \/>\n<meta property=\"og:type\" content=\"article\" \/>\n<meta property=\"og:title\" content=\"Sementes de Futuro: A Nova Caminhada Vocacional e Formativa - Not\u00edcias - Franciscanos\" \/>\n<meta property=\"og:description\" content=\"Caminhada Vocacional\" \/>\n<meta property=\"og:url\" content=\"https:\/\/franciscanos.org.br\/noticias\/sementes-de-futuro-a-nova-caminhada-vocacional-e-formativa.html\" \/>\n<meta property=\"og:site_name\" content=\"Not\u00edcias - Franciscanos\" \/>\n<meta property=\"article:published_time\" content=\"2025-06-09T14:19:51+00:00\" \/>\n<meta property=\"article:modified_time\" content=\"2025-08-26T18:57:16+00:00\" \/>\n<meta property=\"og:image\" content=\"https:\/\/franciscanos.org.br\/noticias\/wp-content\/uploads\/2025\/06\/CHAMADA-15.png\" \/>\n\t<meta property=\"og:image:width\" content=\"800\" \/>\n\t<meta property=\"og:image:height\" content=\"550\" \/>\n\t<meta property=\"og:image:type\" content=\"image\/png\" \/>\n<meta name=\"author\" content=\"Adriana Rabelo\" \/>\n<meta name=\"twitter:card\" content=\"summary_large_image\" \/>\n<meta name=\"twitter:label1\" content=\"Escrito por\" \/>\n\t<meta name=\"twitter:data1\" content=\"Adriana Rabelo\" \/>\n\t<meta name=\"twitter:label2\" content=\"Est. tempo de leitura\" \/>\n\t<meta name=\"twitter:data2\" content=\"7 minutos\" \/>\n<script type=\"application\/ld+json\" class=\"yoast-schema-graph\">{\"@context\":\"https:\/\/schema.org\",\"@graph\":[{\"@type\":\"WebSite\",\"@id\":\"https:\/\/franciscanos.org.br\/noticias\/#website\",\"url\":\"https:\/\/franciscanos.org.br\/noticias\/\",\"name\":\"Not\u00edcias - Franciscanos\",\"description\":\"Prov\u00edncia Franciscana da Imaculada Concei\u00e7\u00e3o do Brasil - Ordem dos Frades Menores - OFM\",\"potentialAction\":[{\"@type\":\"SearchAction\",\"target\":{\"@type\":\"EntryPoint\",\"urlTemplate\":\"https:\/\/franciscanos.org.br\/noticias\/?s={search_term_string}\"},\"query-input\":\"required name=search_term_string\"}],\"inLanguage\":\"pt-BR\"},{\"@type\":\"ImageObject\",\"inLanguage\":\"pt-BR\",\"@id\":\"https:\/\/franciscanos.org.br\/noticias\/sementes-de-futuro-a-nova-caminhada-vocacional-e-formativa.html#primaryimage\",\"url\":\"https:\/\/franciscanos.org.br\/noticias\/wp-content\/uploads\/2025\/06\/CHAMADA-15.png\",\"contentUrl\":\"https:\/\/franciscanos.org.br\/noticias\/wp-content\/uploads\/2025\/06\/CHAMADA-15.png\",\"width\":800,\"height\":550},{\"@type\":\"WebPage\",\"@id\":\"https:\/\/franciscanos.org.br\/noticias\/sementes-de-futuro-a-nova-caminhada-vocacional-e-formativa.html#webpage\",\"url\":\"https:\/\/franciscanos.org.br\/noticias\/sementes-de-futuro-a-nova-caminhada-vocacional-e-formativa.html\",\"name\":\"Sementes de Futuro: A Nova Caminhada Vocacional e Formativa - Not\u00edcias - Franciscanos\",\"isPartOf\":{\"@id\":\"https:\/\/franciscanos.org.br\/noticias\/#website\"},\"primaryImageOfPage\":{\"@id\":\"https:\/\/franciscanos.org.br\/noticias\/sementes-de-futuro-a-nova-caminhada-vocacional-e-formativa.html#primaryimage\"},\"datePublished\":\"2025-06-09T14:19:51+00:00\",\"dateModified\":\"2025-08-26T18:57:16+00:00\",\"author\":{\"@id\":\"https:\/\/franciscanos.org.br\/noticias\/#\/schema\/person\/d9422e83121c3ad3b0f423d195f5bb25\"},\"breadcrumb\":{\"@id\":\"https:\/\/franciscanos.org.br\/noticias\/sementes-de-futuro-a-nova-caminhada-vocacional-e-formativa.html#breadcrumb\"},\"inLanguage\":\"pt-BR\",\"potentialAction\":[{\"@type\":\"ReadAction\",\"target\":[\"https:\/\/franciscanos.org.br\/noticias\/sementes-de-futuro-a-nova-caminhada-vocacional-e-formativa.html\"]}]},{\"@type\":\"BreadcrumbList\",\"@id\":\"https:\/\/franciscanos.org.br\/noticias\/sementes-de-futuro-a-nova-caminhada-vocacional-e-formativa.html#breadcrumb\",\"itemListElement\":[{\"@type\":\"ListItem\",\"position\":1,\"name\":\"Home\",\"item\":\"https:\/\/franciscanos.org.br\/noticias\"},{\"@type\":\"ListItem\",\"position\":2,\"name\":\"Sementes de Futuro: A Nova Caminhada Vocacional e Formativa\"}]},{\"@type\":\"Person\",\"@id\":\"https:\/\/franciscanos.org.br\/noticias\/#\/schema\/person\/d9422e83121c3ad3b0f423d195f5bb25\",\"name\":\"Adriana Rabelo\",\"image\":{\"@type\":\"ImageObject\",\"inLanguage\":\"pt-BR\",\"@id\":\"https:\/\/franciscanos.org.br\/noticias\/#\/schema\/person\/image\/\",\"url\":\"https:\/\/secure.gravatar.com\/avatar\/0a937b7500cd7df77540cfb8bede877d?s=96&d=mm&r=g\",\"contentUrl\":\"https:\/\/secure.gravatar.com\/avatar\/0a937b7500cd7df77540cfb8bede877d?s=96&d=mm&r=g\",\"caption\":\"Adriana Rabelo\"},\"url\":\"https:\/\/franciscanos.org.br\/noticias\/author\/adrianarabelo\"}]}<\/script>\n<!-- \/ Yoast SEO plugin. -->","yoast_head_json":{"title":"Sementes de Futuro: A Nova Caminhada Vocacional e Formativa - Not\u00edcias - Franciscanos","robots":{"index":"index","follow":"follow","max-snippet":"max-snippet:-1","max-image-preview":"max-image-preview:large","max-video-preview":"max-video-preview:-1"},"canonical":"https:\/\/franciscanos.org.br\/noticias\/sementes-de-futuro-a-nova-caminhada-vocacional-e-formativa.html","og_locale":"pt_BR","og_type":"article","og_title":"Sementes de Futuro: A Nova Caminhada Vocacional e Formativa - Not\u00edcias - Franciscanos","og_description":"Caminhada Vocacional","og_url":"https:\/\/franciscanos.org.br\/noticias\/sementes-de-futuro-a-nova-caminhada-vocacional-e-formativa.html","og_site_name":"Not\u00edcias - Franciscanos","article_published_time":"2025-06-09T14:19:51+00:00","article_modified_time":"2025-08-26T18:57:16+00:00","og_image":[{"width":800,"height":550,"url":"https:\/\/franciscanos.org.br\/noticias\/wp-content\/uploads\/2025\/06\/CHAMADA-15.png","type":"image\/png"}],"author":"Adriana Rabelo","twitter_card":"summary_large_image","twitter_misc":{"Escrito por":"Adriana Rabelo","Est. tempo de leitura":"7 minutos"},"schema":{"@context":"https:\/\/schema.org","@graph":[{"@type":"WebSite","@id":"https:\/\/franciscanos.org.br\/noticias\/#website","url":"https:\/\/franciscanos.org.br\/noticias\/","name":"Not\u00edcias - Franciscanos","description":"Prov\u00edncia Franciscana da Imaculada Concei\u00e7\u00e3o do Brasil - Ordem dos Frades Menores - OFM","potentialAction":[{"@type":"SearchAction","target":{"@type":"EntryPoint","urlTemplate":"https:\/\/franciscanos.org.br\/noticias\/?s={search_term_string}"},"query-input":"required name=search_term_string"}],"inLanguage":"pt-BR"},{"@type":"ImageObject","inLanguage":"pt-BR","@id":"https:\/\/franciscanos.org.br\/noticias\/sementes-de-futuro-a-nova-caminhada-vocacional-e-formativa.html#primaryimage","url":"https:\/\/franciscanos.org.br\/noticias\/wp-content\/uploads\/2025\/06\/CHAMADA-15.png","contentUrl":"https:\/\/franciscanos.org.br\/noticias\/wp-content\/uploads\/2025\/06\/CHAMADA-15.png","width":800,"height":550},{"@type":"WebPage","@id":"https:\/\/franciscanos.org.br\/noticias\/sementes-de-futuro-a-nova-caminhada-vocacional-e-formativa.html#webpage","url":"https:\/\/franciscanos.org.br\/noticias\/sementes-de-futuro-a-nova-caminhada-vocacional-e-formativa.html","name":"Sementes de Futuro: A Nova Caminhada Vocacional e Formativa - Not\u00edcias - Franciscanos","isPartOf":{"@id":"https:\/\/franciscanos.org.br\/noticias\/#website"},"primaryImageOfPage":{"@id":"https:\/\/franciscanos.org.br\/noticias\/sementes-de-futuro-a-nova-caminhada-vocacional-e-formativa.html#primaryimage"},"datePublished":"2025-06-09T14:19:51+00:00","dateModified":"2025-08-26T18:57:16+00:00","author":{"@id":"https:\/\/franciscanos.org.br\/noticias\/#\/schema\/person\/d9422e83121c3ad3b0f423d195f5bb25"},"breadcrumb":{"@id":"https:\/\/franciscanos.org.br\/noticias\/sementes-de-futuro-a-nova-caminhada-vocacional-e-formativa.html#breadcrumb"},"inLanguage":"pt-BR","potentialAction":[{"@type":"ReadAction","target":["https:\/\/franciscanos.org.br\/noticias\/sementes-de-futuro-a-nova-caminhada-vocacional-e-formativa.html"]}]},{"@type":"BreadcrumbList","@id":"https:\/\/franciscanos.org.br\/noticias\/sementes-de-futuro-a-nova-caminhada-vocacional-e-formativa.html#breadcrumb","itemListElement":[{"@type":"ListItem","position":1,"name":"Home","item":"https:\/\/franciscanos.org.br\/noticias"},{"@type":"ListItem","position":2,"name":"Sementes de Futuro: A Nova Caminhada Vocacional e Formativa"}]},{"@type":"Person","@id":"https:\/\/franciscanos.org.br\/noticias\/#\/schema\/person\/d9422e83121c3ad3b0f423d195f5bb25","name":"Adriana Rabelo","image":{"@type":"ImageObject","inLanguage":"pt-BR","@id":"https:\/\/franciscanos.org.br\/noticias\/#\/schema\/person\/image\/","url":"https:\/\/secure.gravatar.com\/avatar\/0a937b7500cd7df77540cfb8bede877d?s=96&d=mm&r=g","contentUrl":"https:\/\/secure.gravatar.com\/avatar\/0a937b7500cd7df77540cfb8bede877d?s=96&d=mm&r=g","caption":"Adriana Rabelo"},"url":"https:\/\/franciscanos.org.br\/noticias\/author\/adrianarabelo"}]}},"_links":{"self":[{"href":"https:\/\/franciscanos.org.br\/noticias\/wp-json\/wp\/v2\/posts\/257735"}],"collection":[{"href":"https:\/\/franciscanos.org.br\/noticias\/wp-json\/wp\/v2\/posts"}],"about":[{"href":"https:\/\/franciscanos.org.br\/noticias\/wp-json\/wp\/v2\/types\/post"}],"author":[{"embeddable":true,"href":"https:\/\/franciscanos.org.br\/noticias\/wp-json\/wp\/v2\/users\/11"}],"replies":[{"embeddable":true,"href":"https:\/\/franciscanos.org.br\/noticias\/wp-json\/wp\/v2\/comments?post=257735"}],"version-history":[{"count":4,"href":"https:\/\/franciscanos.org.br\/noticias\/wp-json\/wp\/v2\/posts\/257735\/revisions"}],"predecessor-version":[{"id":257748,"href":"https:\/\/franciscanos.org.br\/noticias\/wp-json\/wp\/v2\/posts\/257735\/revisions\/257748"}],"wp:featuredmedia":[{"embeddable":true,"href":"https:\/\/franciscanos.org.br\/noticias\/wp-json\/wp\/v2\/media\/257736"}],"wp:attachment":[{"href":"https:\/\/franciscanos.org.br\/noticias\/wp-json\/wp\/v2\/media?parent=257735"}],"wp:term":[{"taxonomy":"category","embeddable":true,"href":"https:\/\/franciscanos.org.br\/noticias\/wp-json\/wp\/v2\/categories?post=257735"},{"taxonomy":"post_tag","embeddable":true,"href":"https:\/\/franciscanos.org.br\/noticias\/wp-json\/wp\/v2\/tags?post=257735"}],"curies":[{"name":"wp","href":"https:\/\/api.w.org\/{rel}","templated":true}]}}