{"id":257728,"date":"2025-06-09T09:23:04","date_gmt":"2025-06-09T12:23:04","guid":{"rendered":"https:\/\/franciscanos.org.br\/noticias\/?p=257728"},"modified":"2025-06-09T09:30:20","modified_gmt":"2025-06-09T12:30:20","slug":"paroquia-bom-jesus-dos-perdoes-celebra-a-festa-de-santo-antonio-em-curitiba","status":"publish","type":"post","link":"https:\/\/franciscanos.org.br\/noticias\/paroquia-bom-jesus-dos-perdoes-celebra-a-festa-de-santo-antonio-em-curitiba.html","title":{"rendered":"Par\u00f3quia Bom Jesus dos Perd\u00f5es celebra a Festa de Santo Ant\u00f4nio em Curitiba"},"content":{"rendered":"<div id=\"attachment_257729\" style=\"width: 1290px\" class=\"wp-caption alignnone\"><img aria-describedby=\"caption-attachment-257729\" loading=\"lazy\" class=\"wp-image-257729 size-full\" src=\"https:\/\/franciscanos.org.br\/noticias\/wp-content\/uploads\/2025\/06\/materia-2-5.png\" alt=\"\" width=\"1280\" height=\"720\" srcset=\"https:\/\/franciscanos.org.br\/noticias\/wp-content\/uploads\/2025\/06\/materia-2-5.png 1280w, https:\/\/franciscanos.org.br\/noticias\/wp-content\/uploads\/2025\/06\/materia-2-5-450x253.png 450w, https:\/\/franciscanos.org.br\/noticias\/wp-content\/uploads\/2025\/06\/materia-2-5-1024x576.png 1024w, https:\/\/franciscanos.org.br\/noticias\/wp-content\/uploads\/2025\/06\/materia-2-5-768x432.png 768w, https:\/\/franciscanos.org.br\/noticias\/wp-content\/uploads\/2025\/06\/materia-2-5-150x84.png 150w\" sizes=\"(max-width: 1280px) 100vw, 1280px\" \/><p id=\"caption-attachment-257729\" class=\"wp-caption-text\">Frei Jos\u00e9 Idair Ferreira Augusto, p\u00e1roco, com volunt\u00e1rios e devotos.<\/p><\/div>\n<p style=\"text-align: justify;\"><span style=\"font-family: 'Calibri',sans-serif;\">A Par\u00f3quia Bom Jesus dos Perd\u00f5es, em Curitiba (PR), est\u00e1 em festa com a celebra\u00e7\u00e3o de Santo Ant\u00f4nio. A devo\u00e7\u00e3o ao santo franciscano se estende por d\u00e9cadas da hist\u00f3ria de fi\u00e9is dedicados a participar das b\u00ean\u00e7\u00e3os, solenidades e festas em nome do santo. Na comunidade, essa devo\u00e7\u00e3o se manifesta durante a Festa de Santo Ant\u00f4nio, um tempo marcado pela espiritualidade, pela comunh\u00e3o e tamb\u00e9m pela alegria comunit\u00e1ria.<\/span><\/p>\n<p style=\"text-align: justify;\" data-start=\"569\" data-end=\"1104\"><span style=\"font-family: 'Calibri',sans-serif;\">Com o tema <strong>\u201cSanto Ant\u00f4nio, peregrino da esperan\u00e7a\u201d<\/strong>, a viv\u00eancia dos festejos \u00e9 enriquecida pela Trezena em louvor ao santo, realizada entre os dias 31 de maio e 12 de junho. Durante esse per\u00edodo, as celebra\u00e7\u00f5es est\u00e3o sendo realizadas de segunda a sexta-feira, \u00e0s 7h, 12h e 18h30; aos s\u00e1bados, \u00e0s 10h e 17h; e, aos domingos, em todas as missas. S\u00e3o momentos de profunda ora\u00e7\u00e3o e reflex\u00e3o, inspirados pela celebra\u00e7\u00e3o do <strong>Jubileu dos 800 anos do C\u00e2ntico das Criaturas<\/strong>, nos quais os fi\u00e9is pedem a intercess\u00e3o de Santo Ant\u00f4nio e renovam a f\u00e9.<\/span><\/p>\n<p style=\"text-align: justify;\" data-start=\"1106\" data-end=\"1359\"><span style=\"font-family: 'Calibri',sans-serif;\"><img loading=\"lazy\" class=\"aligncenter wp-image-257731 size-full\" src=\"https:\/\/franciscanos.org.br\/noticias\/wp-content\/uploads\/2025\/06\/MATERIA-1-5.png\" alt=\"\" width=\"1280\" height=\"720\" srcset=\"https:\/\/franciscanos.org.br\/noticias\/wp-content\/uploads\/2025\/06\/MATERIA-1-5.png 1280w, https:\/\/franciscanos.org.br\/noticias\/wp-content\/uploads\/2025\/06\/MATERIA-1-5-450x253.png 450w, https:\/\/franciscanos.org.br\/noticias\/wp-content\/uploads\/2025\/06\/MATERIA-1-5-1024x576.png 1024w, https:\/\/franciscanos.org.br\/noticias\/wp-content\/uploads\/2025\/06\/MATERIA-1-5-768x432.png 768w, https:\/\/franciscanos.org.br\/noticias\/wp-content\/uploads\/2025\/06\/MATERIA-1-5-150x84.png 150w\" sizes=\"(max-width: 1280px) 100vw, 1280px\" \/><\/span><\/p>\n<p style=\"text-align: justify;\" data-start=\"1106\" data-end=\"1359\"><span style=\"font-family: 'Calibri',sans-serif;\">A espiritualidade franciscana tamb\u00e9m est\u00e1 presente na comunidade e encontra em Santo Ant\u00f4nio uma de suas maiores express\u00f5es. Ele foi um homem de profunda f\u00e9, sabedoria e a\u00e7\u00e3o, e suas palavras e ensinamentos continuam a iluminar nossos caminhos at\u00e9 hoje.<\/span><\/p>\n<p style=\"text-align: justify;\" data-start=\"1106\" data-end=\"1359\"><span style=\"font-family: 'Calibri',sans-serif;\">Dentro da programa\u00e7\u00e3o da par\u00f3quia, os fi\u00e9is est\u00e3o acompanhando as Missas com Indulg\u00eancia Plen\u00e1ria \u2013 Jubileu da Esperan\u00e7a. As celebra\u00e7\u00f5es realizadas aos s\u00e1bados come\u00e7aram no dia 31 de maio e ser\u00e3o encerradas no dia 14 de junho. Aos domingos, as missas s\u00e3o \u00e0s 16h, e o encerramento, dentro da programa\u00e7\u00e3o dos festejos, ser\u00e1 no dia 15 deste m\u00eas. Nesse tempo, os devotos est\u00e3o vivenciando momentos especiais de reconcilia\u00e7\u00e3o e gra\u00e7a.<\/span><\/p>\n<p style=\"text-align: justify;\" data-start=\"1106\" data-end=\"1359\"><span style=\"font-family: 'Calibri',sans-serif;\">A <strong>Santa Missa da Sa\u00fade, com un\u00e7\u00e3o dos enfermos, ser\u00e1 nesta quarta-feira, 11 de junho, \u00e0s 9h30 e \u00e0s 15h<\/strong> \u2014 uma ocasi\u00e3o voltada especialmente para aqueles que buscam for\u00e7a espiritual e conforto na f\u00e9 diante de enfermidades.<\/span><\/p>\n<p style=\"text-align: justify;\" data-start=\"1106\" data-end=\"1359\"><span style=\"font-family: 'Calibri',sans-serif;\"><img loading=\"lazy\" class=\"aligncenter wp-image-257732 size-full\" src=\"https:\/\/franciscanos.org.br\/noticias\/wp-content\/uploads\/2025\/06\/materia-3-4.png\" alt=\"\" width=\"1280\" height=\"720\" srcset=\"https:\/\/franciscanos.org.br\/noticias\/wp-content\/uploads\/2025\/06\/materia-3-4.png 1280w, https:\/\/franciscanos.org.br\/noticias\/wp-content\/uploads\/2025\/06\/materia-3-4-450x253.png 450w, https:\/\/franciscanos.org.br\/noticias\/wp-content\/uploads\/2025\/06\/materia-3-4-1024x576.png 1024w, https:\/\/franciscanos.org.br\/noticias\/wp-content\/uploads\/2025\/06\/materia-3-4-768x432.png 768w, https:\/\/franciscanos.org.br\/noticias\/wp-content\/uploads\/2025\/06\/materia-3-4-150x84.png 150w\" sizes=\"(max-width: 1280px) 100vw, 1280px\" \/><\/span><\/p>\n<p style=\"text-align: justify;\" data-start=\"1106\" data-end=\"1359\"><span style=\"font-family: 'Calibri',sans-serif;\">A centralidade de toda a festa ser\u00e1 no pr\u00f3ximo dia 13 de junho, com as solenes Missas de Santo Ant\u00f4nio, celebradas ao longo do dia, nos seguintes hor\u00e1rios: 7h, 9h30, 12h, 15h, 17h e 19h.<\/span><\/p>\n<p style=\"text-align: justify;\" data-start=\"1106\" data-end=\"1359\"><span style=\"font-family: 'Calibri',sans-serif;\">Al\u00e9m da dimens\u00e3o religiosa, nossa comunidade celebra com alegria a venda do tradicional Bolo de Santo Ant\u00f4nio. Desde o dia 31 de maio at\u00e9 13 de junho, ele estar\u00e1 dispon\u00edvel das 6h30 \u00e0s 20h30. A tradi\u00e7\u00e3o faz com que os fi\u00e9is busquem o \u201csantinho\u201d escondido entre as camadas de doce de leite, acreditando na b\u00ean\u00e7\u00e3o e na gra\u00e7a especial concedida \u00e0queles que o encontram \u2014 sendo a mais famosa delas a promessa de um bom casamento.<\/span><\/p>\n<p style=\"text-align: justify;\" data-start=\"1106\" data-end=\"1359\"><span style=\"font-family: 'Calibri',sans-serif;\">As atividades da quermesse come\u00e7aram no dia 7 e seguir\u00e3o at\u00e9 o dia 13, festa de Santo Ant\u00f4nio, sempre das 9h \u00e0s 20h30, com diversas del\u00edcias gastron\u00f4micas, como pastel, cachorro-quente, doces e bebidas. Tudo isso \u00e9 poss\u00edvel gra\u00e7as ao esfor\u00e7o incans\u00e1vel dos volunt\u00e1rios, que, ano ap\u00f3s ano, fazem da festa de Santo Ant\u00f4nio um verdadeiro exemplo de f\u00e9 viva e comunit\u00e1ria.<\/span><\/p>\n<hr \/>\n<p style=\"text-align: justify;\" data-start=\"2629\" data-end=\"2997\"><em>Jasmine Saraiva\/Pascom<\/em><\/p>\n","protected":false},"excerpt":{"rendered":"<p>Festa de Santo An\u00f4nio 2025<\/p>\n","protected":false},"author":11,"featured_media":257730,"comment_status":"open","ping_status":"open","sticky":false,"template":"","format":"standard","meta":[],"categories":[1],"tags":[2344,2257,1815],"acf":[],"yoast_head":"<!-- This site is optimized with the Yoast SEO plugin v19.2 - https:\/\/yoast.com\/wordpress\/plugins\/seo\/ -->\n<title>Par\u00f3quia Bom Jesus dos Perd\u00f5es celebra a Festa de Santo Ant\u00f4nio em Curitiba - Not\u00edcias - Franciscanos<\/title>\n<meta name=\"robots\" content=\"index, follow, max-snippet:-1, max-image-preview:large, max-video-preview:-1\" \/>\n<link rel=\"canonical\" href=\"https:\/\/franciscanos.org.br\/noticias\/paroquia-bom-jesus-dos-perdoes-celebra-a-festa-de-santo-antonio-em-curitiba.html\" \/>\n<meta property=\"og:locale\" content=\"pt_BR\" \/>\n<meta property=\"og:type\" content=\"article\" \/>\n<meta property=\"og:title\" content=\"Par\u00f3quia Bom Jesus dos Perd\u00f5es celebra a Festa de Santo Ant\u00f4nio em Curitiba - Not\u00edcias - Franciscanos\" \/>\n<meta property=\"og:description\" content=\"Festa de Santo An\u00f4nio 2025\" \/>\n<meta property=\"og:url\" content=\"https:\/\/franciscanos.org.br\/noticias\/paroquia-bom-jesus-dos-perdoes-celebra-a-festa-de-santo-antonio-em-curitiba.html\" \/>\n<meta property=\"og:site_name\" content=\"Not\u00edcias - Franciscanos\" \/>\n<meta property=\"article:published_time\" content=\"2025-06-09T12:23:04+00:00\" \/>\n<meta property=\"article:modified_time\" content=\"2025-06-09T12:30:20+00:00\" \/>\n<meta property=\"og:image\" content=\"https:\/\/franciscanos.org.br\/noticias\/wp-content\/uploads\/2025\/06\/chamada-14.png\" \/>\n\t<meta property=\"og:image:width\" content=\"800\" \/>\n\t<meta property=\"og:image:height\" content=\"550\" \/>\n\t<meta property=\"og:image:type\" content=\"image\/png\" \/>\n<meta name=\"author\" content=\"Adriana Rabelo\" \/>\n<meta name=\"twitter:card\" content=\"summary_large_image\" \/>\n<meta name=\"twitter:label1\" content=\"Escrito por\" \/>\n\t<meta name=\"twitter:data1\" content=\"Adriana Rabelo\" \/>\n\t<meta name=\"twitter:label2\" content=\"Est. tempo de leitura\" \/>\n\t<meta name=\"twitter:data2\" content=\"3 minutos\" \/>\n<script type=\"application\/ld+json\" class=\"yoast-schema-graph\">{\"@context\":\"https:\/\/schema.org\",\"@graph\":[{\"@type\":\"WebSite\",\"@id\":\"https:\/\/franciscanos.org.br\/noticias\/#website\",\"url\":\"https:\/\/franciscanos.org.br\/noticias\/\",\"name\":\"Not\u00edcias - Franciscanos\",\"description\":\"Prov\u00edncia Franciscana da Imaculada Concei\u00e7\u00e3o do Brasil - Ordem dos Frades Menores - OFM\",\"potentialAction\":[{\"@type\":\"SearchAction\",\"target\":{\"@type\":\"EntryPoint\",\"urlTemplate\":\"https:\/\/franciscanos.org.br\/noticias\/?s={search_term_string}\"},\"query-input\":\"required name=search_term_string\"}],\"inLanguage\":\"pt-BR\"},{\"@type\":\"ImageObject\",\"inLanguage\":\"pt-BR\",\"@id\":\"https:\/\/franciscanos.org.br\/noticias\/paroquia-bom-jesus-dos-perdoes-celebra-a-festa-de-santo-antonio-em-curitiba.html#primaryimage\",\"url\":\"https:\/\/franciscanos.org.br\/noticias\/wp-content\/uploads\/2025\/06\/chamada-14.png\",\"contentUrl\":\"https:\/\/franciscanos.org.br\/noticias\/wp-content\/uploads\/2025\/06\/chamada-14.png\",\"width\":800,\"height\":550},{\"@type\":\"WebPage\",\"@id\":\"https:\/\/franciscanos.org.br\/noticias\/paroquia-bom-jesus-dos-perdoes-celebra-a-festa-de-santo-antonio-em-curitiba.html#webpage\",\"url\":\"https:\/\/franciscanos.org.br\/noticias\/paroquia-bom-jesus-dos-perdoes-celebra-a-festa-de-santo-antonio-em-curitiba.html\",\"name\":\"Par\u00f3quia Bom Jesus dos Perd\u00f5es celebra a Festa de Santo Ant\u00f4nio em Curitiba - Not\u00edcias - Franciscanos\",\"isPartOf\":{\"@id\":\"https:\/\/franciscanos.org.br\/noticias\/#website\"},\"primaryImageOfPage\":{\"@id\":\"https:\/\/franciscanos.org.br\/noticias\/paroquia-bom-jesus-dos-perdoes-celebra-a-festa-de-santo-antonio-em-curitiba.html#primaryimage\"},\"datePublished\":\"2025-06-09T12:23:04+00:00\",\"dateModified\":\"2025-06-09T12:30:20+00:00\",\"author\":{\"@id\":\"https:\/\/franciscanos.org.br\/noticias\/#\/schema\/person\/d9422e83121c3ad3b0f423d195f5bb25\"},\"breadcrumb\":{\"@id\":\"https:\/\/franciscanos.org.br\/noticias\/paroquia-bom-jesus-dos-perdoes-celebra-a-festa-de-santo-antonio-em-curitiba.html#breadcrumb\"},\"inLanguage\":\"pt-BR\",\"potentialAction\":[{\"@type\":\"ReadAction\",\"target\":[\"https:\/\/franciscanos.org.br\/noticias\/paroquia-bom-jesus-dos-perdoes-celebra-a-festa-de-santo-antonio-em-curitiba.html\"]}]},{\"@type\":\"BreadcrumbList\",\"@id\":\"https:\/\/franciscanos.org.br\/noticias\/paroquia-bom-jesus-dos-perdoes-celebra-a-festa-de-santo-antonio-em-curitiba.html#breadcrumb\",\"itemListElement\":[{\"@type\":\"ListItem\",\"position\":1,\"name\":\"Home\",\"item\":\"https:\/\/franciscanos.org.br\/noticias\"},{\"@type\":\"ListItem\",\"position\":2,\"name\":\"Par\u00f3quia Bom Jesus dos Perd\u00f5es celebra a Festa de Santo Ant\u00f4nio em Curitiba\"}]},{\"@type\":\"Person\",\"@id\":\"https:\/\/franciscanos.org.br\/noticias\/#\/schema\/person\/d9422e83121c3ad3b0f423d195f5bb25\",\"name\":\"Adriana Rabelo\",\"image\":{\"@type\":\"ImageObject\",\"inLanguage\":\"pt-BR\",\"@id\":\"https:\/\/franciscanos.org.br\/noticias\/#\/schema\/person\/image\/\",\"url\":\"https:\/\/secure.gravatar.com\/avatar\/0a937b7500cd7df77540cfb8bede877d?s=96&d=mm&r=g\",\"contentUrl\":\"https:\/\/secure.gravatar.com\/avatar\/0a937b7500cd7df77540cfb8bede877d?s=96&d=mm&r=g\",\"caption\":\"Adriana Rabelo\"},\"url\":\"https:\/\/franciscanos.org.br\/noticias\/author\/adrianarabelo\"}]}<\/script>\n<!-- \/ Yoast SEO plugin. -->","yoast_head_json":{"title":"Par\u00f3quia Bom Jesus dos Perd\u00f5es celebra a Festa de Santo Ant\u00f4nio em Curitiba - Not\u00edcias - Franciscanos","robots":{"index":"index","follow":"follow","max-snippet":"max-snippet:-1","max-image-preview":"max-image-preview:large","max-video-preview":"max-video-preview:-1"},"canonical":"https:\/\/franciscanos.org.br\/noticias\/paroquia-bom-jesus-dos-perdoes-celebra-a-festa-de-santo-antonio-em-curitiba.html","og_locale":"pt_BR","og_type":"article","og_title":"Par\u00f3quia Bom Jesus dos Perd\u00f5es celebra a Festa de Santo Ant\u00f4nio em Curitiba - Not\u00edcias - Franciscanos","og_description":"Festa de Santo An\u00f4nio 2025","og_url":"https:\/\/franciscanos.org.br\/noticias\/paroquia-bom-jesus-dos-perdoes-celebra-a-festa-de-santo-antonio-em-curitiba.html","og_site_name":"Not\u00edcias - Franciscanos","article_published_time":"2025-06-09T12:23:04+00:00","article_modified_time":"2025-06-09T12:30:20+00:00","og_image":[{"width":800,"height":550,"url":"https:\/\/franciscanos.org.br\/noticias\/wp-content\/uploads\/2025\/06\/chamada-14.png","type":"image\/png"}],"author":"Adriana Rabelo","twitter_card":"summary_large_image","twitter_misc":{"Escrito por":"Adriana Rabelo","Est. tempo de leitura":"3 minutos"},"schema":{"@context":"https:\/\/schema.org","@graph":[{"@type":"WebSite","@id":"https:\/\/franciscanos.org.br\/noticias\/#website","url":"https:\/\/franciscanos.org.br\/noticias\/","name":"Not\u00edcias - Franciscanos","description":"Prov\u00edncia Franciscana da Imaculada Concei\u00e7\u00e3o do Brasil - Ordem dos Frades Menores - OFM","potentialAction":[{"@type":"SearchAction","target":{"@type":"EntryPoint","urlTemplate":"https:\/\/franciscanos.org.br\/noticias\/?s={search_term_string}"},"query-input":"required name=search_term_string"}],"inLanguage":"pt-BR"},{"@type":"ImageObject","inLanguage":"pt-BR","@id":"https:\/\/franciscanos.org.br\/noticias\/paroquia-bom-jesus-dos-perdoes-celebra-a-festa-de-santo-antonio-em-curitiba.html#primaryimage","url":"https:\/\/franciscanos.org.br\/noticias\/wp-content\/uploads\/2025\/06\/chamada-14.png","contentUrl":"https:\/\/franciscanos.org.br\/noticias\/wp-content\/uploads\/2025\/06\/chamada-14.png","width":800,"height":550},{"@type":"WebPage","@id":"https:\/\/franciscanos.org.br\/noticias\/paroquia-bom-jesus-dos-perdoes-celebra-a-festa-de-santo-antonio-em-curitiba.html#webpage","url":"https:\/\/franciscanos.org.br\/noticias\/paroquia-bom-jesus-dos-perdoes-celebra-a-festa-de-santo-antonio-em-curitiba.html","name":"Par\u00f3quia Bom Jesus dos Perd\u00f5es celebra a Festa de Santo Ant\u00f4nio em Curitiba - Not\u00edcias - Franciscanos","isPartOf":{"@id":"https:\/\/franciscanos.org.br\/noticias\/#website"},"primaryImageOfPage":{"@id":"https:\/\/franciscanos.org.br\/noticias\/paroquia-bom-jesus-dos-perdoes-celebra-a-festa-de-santo-antonio-em-curitiba.html#primaryimage"},"datePublished":"2025-06-09T12:23:04+00:00","dateModified":"2025-06-09T12:30:20+00:00","author":{"@id":"https:\/\/franciscanos.org.br\/noticias\/#\/schema\/person\/d9422e83121c3ad3b0f423d195f5bb25"},"breadcrumb":{"@id":"https:\/\/franciscanos.org.br\/noticias\/paroquia-bom-jesus-dos-perdoes-celebra-a-festa-de-santo-antonio-em-curitiba.html#breadcrumb"},"inLanguage":"pt-BR","potentialAction":[{"@type":"ReadAction","target":["https:\/\/franciscanos.org.br\/noticias\/paroquia-bom-jesus-dos-perdoes-celebra-a-festa-de-santo-antonio-em-curitiba.html"]}]},{"@type":"BreadcrumbList","@id":"https:\/\/franciscanos.org.br\/noticias\/paroquia-bom-jesus-dos-perdoes-celebra-a-festa-de-santo-antonio-em-curitiba.html#breadcrumb","itemListElement":[{"@type":"ListItem","position":1,"name":"Home","item":"https:\/\/franciscanos.org.br\/noticias"},{"@type":"ListItem","position":2,"name":"Par\u00f3quia Bom Jesus dos Perd\u00f5es celebra a Festa de Santo Ant\u00f4nio em Curitiba"}]},{"@type":"Person","@id":"https:\/\/franciscanos.org.br\/noticias\/#\/schema\/person\/d9422e83121c3ad3b0f423d195f5bb25","name":"Adriana Rabelo","image":{"@type":"ImageObject","inLanguage":"pt-BR","@id":"https:\/\/franciscanos.org.br\/noticias\/#\/schema\/person\/image\/","url":"https:\/\/secure.gravatar.com\/avatar\/0a937b7500cd7df77540cfb8bede877d?s=96&d=mm&r=g","contentUrl":"https:\/\/secure.gravatar.com\/avatar\/0a937b7500cd7df77540cfb8bede877d?s=96&d=mm&r=g","caption":"Adriana Rabelo"},"url":"https:\/\/franciscanos.org.br\/noticias\/author\/adrianarabelo"}]}},"_links":{"self":[{"href":"https:\/\/franciscanos.org.br\/noticias\/wp-json\/wp\/v2\/posts\/257728"}],"collection":[{"href":"https:\/\/franciscanos.org.br\/noticias\/wp-json\/wp\/v2\/posts"}],"about":[{"href":"https:\/\/franciscanos.org.br\/noticias\/wp-json\/wp\/v2\/types\/post"}],"author":[{"embeddable":true,"href":"https:\/\/franciscanos.org.br\/noticias\/wp-json\/wp\/v2\/users\/11"}],"replies":[{"embeddable":true,"href":"https:\/\/franciscanos.org.br\/noticias\/wp-json\/wp\/v2\/comments?post=257728"}],"version-history":[{"count":2,"href":"https:\/\/franciscanos.org.br\/noticias\/wp-json\/wp\/v2\/posts\/257728\/revisions"}],"predecessor-version":[{"id":257734,"href":"https:\/\/franciscanos.org.br\/noticias\/wp-json\/wp\/v2\/posts\/257728\/revisions\/257734"}],"wp:featuredmedia":[{"embeddable":true,"href":"https:\/\/franciscanos.org.br\/noticias\/wp-json\/wp\/v2\/media\/257730"}],"wp:attachment":[{"href":"https:\/\/franciscanos.org.br\/noticias\/wp-json\/wp\/v2\/media?parent=257728"}],"wp:term":[{"taxonomy":"category","embeddable":true,"href":"https:\/\/franciscanos.org.br\/noticias\/wp-json\/wp\/v2\/categories?post=257728"},{"taxonomy":"post_tag","embeddable":true,"href":"https:\/\/franciscanos.org.br\/noticias\/wp-json\/wp\/v2\/tags?post=257728"}],"curies":[{"name":"wp","href":"https:\/\/api.w.org\/{rel}","templated":true}]}}