{"id":257721,"date":"2025-06-07T10:05:37","date_gmt":"2025-06-07T13:05:37","guid":{"rendered":"https:\/\/franciscanos.org.br\/noticias\/?p=257721"},"modified":"2025-06-07T10:05:37","modified_gmt":"2025-06-07T13:05:37","slug":"sete-decadas-de-som-emocao-e-conexao","status":"publish","type":"post","link":"https:\/\/franciscanos.org.br\/noticias\/sete-decadas-de-som-emocao-e-conexao.html","title":{"rendered":"Sete d\u00e9cadas de som, emo\u00e7\u00e3o e conex\u00e3o"},"content":{"rendered":"<h3><img loading=\"lazy\" class=\"alignnone wp-image-257722 size-full\" src=\"https:\/\/franciscanos.org.br\/noticias\/wp-content\/uploads\/2025\/06\/materia-1-4.png\" alt=\"\" width=\"1280\" height=\"720\" srcset=\"https:\/\/franciscanos.org.br\/noticias\/wp-content\/uploads\/2025\/06\/materia-1-4.png 1280w, https:\/\/franciscanos.org.br\/noticias\/wp-content\/uploads\/2025\/06\/materia-1-4-450x253.png 450w, https:\/\/franciscanos.org.br\/noticias\/wp-content\/uploads\/2025\/06\/materia-1-4-1024x576.png 1024w, https:\/\/franciscanos.org.br\/noticias\/wp-content\/uploads\/2025\/06\/materia-1-4-768x432.png 768w, https:\/\/franciscanos.org.br\/noticias\/wp-content\/uploads\/2025\/06\/materia-1-4-150x84.png 150w\" sizes=\"(max-width: 1280px) 100vw, 1280px\" \/><\/h3>\n<h3><strong>Funda\u00e7\u00e3o Frei Rog\u00e9rio celebra 70 anos da R\u00e1dio Coroado FM e 35 anos da R\u00e1dio Movimento FM<\/strong><\/h3>\n<p>Neste m\u00eas, duas emissoras de grande relev\u00e2ncia celebram marcos hist\u00f3ricos: a R\u00e1dio Coroado FM, que completa 70 anos de trajet\u00f3ria, e a R\u00e1dio Movimento FM, que chega aos seus 35 anos de atua\u00e7\u00e3o em Curitibanos. Ambas geridas pela Funda\u00e7\u00e3o Frei Rog\u00e9rio, entidade que tem desempenhado papel fundamental na promo\u00e7\u00e3o da comunica\u00e7\u00e3o comunit\u00e1ria, da cultura e da informa\u00e7\u00e3o com responsabilidade e compromisso social.<\/p>\n<p>Fundada em 1955, a R\u00e1dio Coroado \u00e9 uma das mais tradicionais emissoras de Santa Catarina. Com uma trajet\u00f3ria que se entrela\u00e7a com a hist\u00f3ria de Curitibanos, a Coroado consolidou-se como uma voz ativa na forma\u00e7\u00e3o cultural, pol\u00edtica e religiosa da comunidade. J\u00e1 a R\u00e1dio Movimento, criada em 1990, completa 35 anos com uma proposta de aproxima\u00e7\u00e3o com as novas gera\u00e7\u00f5es.<\/p>\n<div id=\"attachment_257723\" style=\"width: 1290px\" class=\"wp-caption alignnone\"><img aria-describedby=\"caption-attachment-257723\" loading=\"lazy\" class=\"wp-image-257723 size-full\" src=\"https:\/\/franciscanos.org.br\/noticias\/wp-content\/uploads\/2025\/06\/materia-2-4.png\" alt=\"\" width=\"1280\" height=\"720\" srcset=\"https:\/\/franciscanos.org.br\/noticias\/wp-content\/uploads\/2025\/06\/materia-2-4.png 1280w, https:\/\/franciscanos.org.br\/noticias\/wp-content\/uploads\/2025\/06\/materia-2-4-450x253.png 450w, https:\/\/franciscanos.org.br\/noticias\/wp-content\/uploads\/2025\/06\/materia-2-4-1024x576.png 1024w, https:\/\/franciscanos.org.br\/noticias\/wp-content\/uploads\/2025\/06\/materia-2-4-768x432.png 768w, https:\/\/franciscanos.org.br\/noticias\/wp-content\/uploads\/2025\/06\/materia-2-4-150x84.png 150w\" sizes=\"(max-width: 1280px) 100vw, 1280px\" \/><p id=\"caption-attachment-257723\" class=\"wp-caption-text\">Frei Leandro Silva, frei Alan Matos, frei Augusto Luiz e frei Gilson Kemmer\/Foto: Kelly Cristine<\/p><\/div>\n<p>O principal meio de comunica\u00e7\u00e3o da \u00e9poca, a R\u00e1dio Coroado faz parte do cap\u00edtulo de Curitibanos em que os recados, as not\u00edcias, as m\u00fasicas, as novelas\u2026 todas as informa\u00e7\u00f5es do mundo eram compartilhadas na regi\u00e3o atrav\u00e9s das ondas sonoras. Desde ent\u00e3o, a Coroado cresceu, evoluiu e se reinventou, acompanhando as mudan\u00e7as tecnol\u00f3gicas e os novos formatos de comunica\u00e7\u00e3o, at\u00e9 se transformar na Coroado FM, sempre mantendo viva a sua miss\u00e3o original: informar, educar, entreter e fortalecer os la\u00e7os comunit\u00e1rios. Assim como a Movimento, que nasceu como um projeto complementar, voltado ao p\u00fablico jovem, com linguagem moderna e din\u00e2mica, promovendo tamb\u00e9m debates, m\u00fasica, cidadania e integra\u00e7\u00e3o social.<\/p>\n<p>Em tempos de desafios para a m\u00eddia tradicional, a data refor\u00e7a a relev\u00e2ncia de emissoras que permanecem enraizadas na comunidade e comprometidas com o bem comum, como destaca o presidente da Funda\u00e7\u00e3o Frei Rog\u00e9rio, frei Augusto Luiz Gabriel. \u201cComunicar a palavra \u00e9 um dom, a pr\u00f3pria comunica\u00e7\u00e3o em si ela \u00e9 um dom e n\u00f3s, ent\u00e3o, como portadores desta palavra, por sermos religiosos, usamos desses meios para evangelizar. \u00c9 claro que todas as nossas emissoras tamb\u00e9m prestam servi\u00e7o \u00e0s suas cidades, \u00e0 comunidade, \u00e0 pr\u00f3pria igreja\u201d, destaca.<\/p>\n<p><img loading=\"lazy\" class=\"aligncenter wp-image-257724 size-full\" src=\"https:\/\/franciscanos.org.br\/noticias\/wp-content\/uploads\/2025\/06\/materia-3-3.png\" alt=\"\" width=\"1280\" height=\"720\" srcset=\"https:\/\/franciscanos.org.br\/noticias\/wp-content\/uploads\/2025\/06\/materia-3-3.png 1280w, https:\/\/franciscanos.org.br\/noticias\/wp-content\/uploads\/2025\/06\/materia-3-3-450x253.png 450w, https:\/\/franciscanos.org.br\/noticias\/wp-content\/uploads\/2025\/06\/materia-3-3-1024x576.png 1024w, https:\/\/franciscanos.org.br\/noticias\/wp-content\/uploads\/2025\/06\/materia-3-3-768x432.png 768w, https:\/\/franciscanos.org.br\/noticias\/wp-content\/uploads\/2025\/06\/materia-3-3-150x84.png 150w\" sizes=\"(max-width: 1280px) 100vw, 1280px\" \/><\/p>\n<p>Como um dos meios de comunica\u00e7\u00e3o mais antigos e respeitados do estado, as r\u00e1dios mantidas pela Funda\u00e7\u00e3o Frei Rog\u00e9rio continuam como refer\u00eancias de \u00e9tica, compromisso p\u00fablico e valoriza\u00e7\u00e3o da cultura regional. Seus microfones seguem abertos para o povo, reafirmando o papel do r\u00e1dio como ve\u00edculo acess\u00edvel, democr\u00e1tico e transformador. \u201cCuritibanos far\u00e1 anivers\u00e1rio daqui a uns dias e, metade desse tempo da cidade, a R\u00e1dio Coroado acompanhou sua evolu\u00e7\u00e3o, dando as not\u00edcias, as informa\u00e7\u00f5es, prestando servi\u00e7o \u00e0 comunidade. Ent\u00e3o, \u00e9 um meio de comunica\u00e7\u00e3o que, por mais que a internet esteja muito em pauta, os nossos jovens usam mais a internet, mas a r\u00e1dio tamb\u00e9m tem o seu espa\u00e7o. Ent\u00e3o, ela continua tendo a sua import\u00e2ncia e cumprindo com o seu papel\u201d, frisou o frei.<\/p>\n<p>Em mar\u00e7o deste ano, a funda\u00e7\u00e3o deu um importante passo com a inaugura\u00e7\u00e3o da R\u00e1dio Frei Galv\u00e3o em Guaratinguet\u00e1 (SP), ficando respons\u00e1vel por tr\u00eas emissoras no pa\u00eds. \u201cA chegada da R\u00e1dio Frei Galv\u00e3o a Guaratinguet\u00e1 e regi\u00e3o representa um marco na comunica\u00e7\u00e3o franciscana, unindo tradi\u00e7\u00e3o e inova\u00e7\u00e3o para levar a mensagem de Paz e Bem a um p\u00fablico ainda maior. Essa r\u00e1dio nasce com a miss\u00e3o de evangelizar, informar e inspirar, fortalecendo a devo\u00e7\u00e3o a Frei Galv\u00e3o, o primeiro santo brasileiro, e promovendo valores crist\u00e3os e humanos\u201d, afirmou frei Augusto.<\/p>\n<p><img loading=\"lazy\" class=\"aligncenter wp-image-257725 size-full\" src=\"https:\/\/franciscanos.org.br\/noticias\/wp-content\/uploads\/2025\/06\/materia4.png\" alt=\"\" width=\"1280\" height=\"720\" srcset=\"https:\/\/franciscanos.org.br\/noticias\/wp-content\/uploads\/2025\/06\/materia4.png 1280w, https:\/\/franciscanos.org.br\/noticias\/wp-content\/uploads\/2025\/06\/materia4-450x253.png 450w, https:\/\/franciscanos.org.br\/noticias\/wp-content\/uploads\/2025\/06\/materia4-1024x576.png 1024w, https:\/\/franciscanos.org.br\/noticias\/wp-content\/uploads\/2025\/06\/materia4-768x432.png 768w, https:\/\/franciscanos.org.br\/noticias\/wp-content\/uploads\/2025\/06\/materia4-150x84.png 150w\" sizes=\"(max-width: 1280px) 100vw, 1280px\" \/><\/p>\n<p>Em tempos em que a comunica\u00e7\u00e3o enfrenta desafios com a rapidez das redes sociais e a fragmenta\u00e7\u00e3o do consumo de m\u00eddia, as r\u00e1dios Coroado FM e Movimento FM se destacam por sua credibilidade, proximidade com o ouvinte e profundo enraizamento local. Elas n\u00e3o apenas informam, mas participam da vida da comunidade, divulgando eventos, apoiando a\u00e7\u00f5es sociais, e promovendo artistas locais. \u201cQuero deixar uma palavra de agradecimento ao povo de Curitibanos, a todos aqueles que, diariamente, escutam, de acordo com a sua prefer\u00eancia, tanto a R\u00e1dio Movimento como a R\u00e1dio Coroado, a nossa gratid\u00e3o tamb\u00e9m \u00e0queles que anunciam conosco, que acreditam, que nos d\u00e3o tamb\u00e9m est\u00e1 credibilidade. N\u00f3s queremos dizer o nosso muito obrigado\u201d, ressaltou frei Augusto, acrescentando o poder do r\u00e1dio na sociedade. \u201cO mundo do r\u00e1dio est\u00e1 presente em todos os momentos da vida das pessoas, fazendo-as mais alegres, din\u00e2micas e felizes. Escutar r\u00e1dio \u00e9 entrar num mundo da imagina\u00e7\u00e3o e da alegria, ressalta frei Augusto. As emissoras Coroado FM e Movimento FM chegam a 90 munic\u00edpios do Planalto e Serra Catarinense, bem como o Norte Ga\u00facho, at\u00e9 o Sul do Paran\u00e1, somando uma popula\u00e7\u00e3o de 868 mil habitantes.<\/p>\n<hr \/>\n<p>Texto: <em>Kelly Cristine\u00a0 \u2013 Fonte: <a href=\"https:\/\/asemanacuritibanos.com.br\/variedades\/sete-decadas-de-som-emocao-e-conexao\/\">https:\/\/asemanacuritibanos.com.br\/variedades\/sete-decadas-de-som-emocao-e-conexao\/<\/a><\/em><\/p>\n<p>&nbsp;<\/p>\n","protected":false},"excerpt":{"rendered":"<p>Anivers\u00e1rio R\u00e1dio Corado e Movimento<\/p>\n","protected":false},"author":11,"featured_media":257726,"comment_status":"open","ping_status":"open","sticky":false,"template":"","format":"standard","meta":[],"categories":[1],"tags":[1155,2222,2223],"acf":[],"yoast_head":"<!-- This site is optimized with the Yoast SEO plugin v19.2 - https:\/\/yoast.com\/wordpress\/plugins\/seo\/ -->\n<title>Sete d\u00e9cadas de som, emo\u00e7\u00e3o e conex\u00e3o - Not\u00edcias - Franciscanos<\/title>\n<meta name=\"robots\" content=\"index, follow, max-snippet:-1, max-image-preview:large, max-video-preview:-1\" \/>\n<link rel=\"canonical\" href=\"https:\/\/franciscanos.org.br\/noticias\/sete-decadas-de-som-emocao-e-conexao.html\" \/>\n<meta property=\"og:locale\" content=\"pt_BR\" \/>\n<meta property=\"og:type\" content=\"article\" \/>\n<meta property=\"og:title\" content=\"Sete d\u00e9cadas de som, emo\u00e7\u00e3o e conex\u00e3o - Not\u00edcias - Franciscanos\" \/>\n<meta property=\"og:description\" content=\"Anivers\u00e1rio R\u00e1dio Corado e Movimento\" \/>\n<meta property=\"og:url\" content=\"https:\/\/franciscanos.org.br\/noticias\/sete-decadas-de-som-emocao-e-conexao.html\" \/>\n<meta property=\"og:site_name\" content=\"Not\u00edcias - Franciscanos\" \/>\n<meta property=\"article:published_time\" content=\"2025-06-07T13:05:37+00:00\" \/>\n<meta property=\"og:image\" content=\"https:\/\/franciscanos.org.br\/noticias\/wp-content\/uploads\/2025\/06\/chamada-13.png\" \/>\n\t<meta property=\"og:image:width\" content=\"800\" \/>\n\t<meta property=\"og:image:height\" content=\"550\" \/>\n\t<meta property=\"og:image:type\" content=\"image\/png\" \/>\n<meta name=\"author\" content=\"Adriana Rabelo\" \/>\n<meta name=\"twitter:card\" content=\"summary_large_image\" \/>\n<meta name=\"twitter:label1\" content=\"Escrito por\" \/>\n\t<meta name=\"twitter:data1\" content=\"Adriana Rabelo\" \/>\n\t<meta name=\"twitter:label2\" content=\"Est. tempo de leitura\" \/>\n\t<meta name=\"twitter:data2\" content=\"4 minutos\" \/>\n<script type=\"application\/ld+json\" class=\"yoast-schema-graph\">{\"@context\":\"https:\/\/schema.org\",\"@graph\":[{\"@type\":\"WebSite\",\"@id\":\"https:\/\/franciscanos.org.br\/noticias\/#website\",\"url\":\"https:\/\/franciscanos.org.br\/noticias\/\",\"name\":\"Not\u00edcias - Franciscanos\",\"description\":\"Prov\u00edncia Franciscana da Imaculada Concei\u00e7\u00e3o do Brasil - Ordem dos Frades Menores - OFM\",\"potentialAction\":[{\"@type\":\"SearchAction\",\"target\":{\"@type\":\"EntryPoint\",\"urlTemplate\":\"https:\/\/franciscanos.org.br\/noticias\/?s={search_term_string}\"},\"query-input\":\"required name=search_term_string\"}],\"inLanguage\":\"pt-BR\"},{\"@type\":\"ImageObject\",\"inLanguage\":\"pt-BR\",\"@id\":\"https:\/\/franciscanos.org.br\/noticias\/sete-decadas-de-som-emocao-e-conexao.html#primaryimage\",\"url\":\"https:\/\/franciscanos.org.br\/noticias\/wp-content\/uploads\/2025\/06\/chamada-13.png\",\"contentUrl\":\"https:\/\/franciscanos.org.br\/noticias\/wp-content\/uploads\/2025\/06\/chamada-13.png\",\"width\":800,\"height\":550},{\"@type\":\"WebPage\",\"@id\":\"https:\/\/franciscanos.org.br\/noticias\/sete-decadas-de-som-emocao-e-conexao.html#webpage\",\"url\":\"https:\/\/franciscanos.org.br\/noticias\/sete-decadas-de-som-emocao-e-conexao.html\",\"name\":\"Sete d\u00e9cadas de som, emo\u00e7\u00e3o e conex\u00e3o - Not\u00edcias - Franciscanos\",\"isPartOf\":{\"@id\":\"https:\/\/franciscanos.org.br\/noticias\/#website\"},\"primaryImageOfPage\":{\"@id\":\"https:\/\/franciscanos.org.br\/noticias\/sete-decadas-de-som-emocao-e-conexao.html#primaryimage\"},\"datePublished\":\"2025-06-07T13:05:37+00:00\",\"dateModified\":\"2025-06-07T13:05:37+00:00\",\"author\":{\"@id\":\"https:\/\/franciscanos.org.br\/noticias\/#\/schema\/person\/d9422e83121c3ad3b0f423d195f5bb25\"},\"breadcrumb\":{\"@id\":\"https:\/\/franciscanos.org.br\/noticias\/sete-decadas-de-som-emocao-e-conexao.html#breadcrumb\"},\"inLanguage\":\"pt-BR\",\"potentialAction\":[{\"@type\":\"ReadAction\",\"target\":[\"https:\/\/franciscanos.org.br\/noticias\/sete-decadas-de-som-emocao-e-conexao.html\"]}]},{\"@type\":\"BreadcrumbList\",\"@id\":\"https:\/\/franciscanos.org.br\/noticias\/sete-decadas-de-som-emocao-e-conexao.html#breadcrumb\",\"itemListElement\":[{\"@type\":\"ListItem\",\"position\":1,\"name\":\"Home\",\"item\":\"https:\/\/franciscanos.org.br\/noticias\"},{\"@type\":\"ListItem\",\"position\":2,\"name\":\"Sete d\u00e9cadas de som, emo\u00e7\u00e3o e conex\u00e3o\"}]},{\"@type\":\"Person\",\"@id\":\"https:\/\/franciscanos.org.br\/noticias\/#\/schema\/person\/d9422e83121c3ad3b0f423d195f5bb25\",\"name\":\"Adriana Rabelo\",\"image\":{\"@type\":\"ImageObject\",\"inLanguage\":\"pt-BR\",\"@id\":\"https:\/\/franciscanos.org.br\/noticias\/#\/schema\/person\/image\/\",\"url\":\"https:\/\/secure.gravatar.com\/avatar\/0a937b7500cd7df77540cfb8bede877d?s=96&d=mm&r=g\",\"contentUrl\":\"https:\/\/secure.gravatar.com\/avatar\/0a937b7500cd7df77540cfb8bede877d?s=96&d=mm&r=g\",\"caption\":\"Adriana Rabelo\"},\"url\":\"https:\/\/franciscanos.org.br\/noticias\/author\/adrianarabelo\"}]}<\/script>\n<!-- \/ Yoast SEO plugin. -->","yoast_head_json":{"title":"Sete d\u00e9cadas de som, emo\u00e7\u00e3o e conex\u00e3o - Not\u00edcias - Franciscanos","robots":{"index":"index","follow":"follow","max-snippet":"max-snippet:-1","max-image-preview":"max-image-preview:large","max-video-preview":"max-video-preview:-1"},"canonical":"https:\/\/franciscanos.org.br\/noticias\/sete-decadas-de-som-emocao-e-conexao.html","og_locale":"pt_BR","og_type":"article","og_title":"Sete d\u00e9cadas de som, emo\u00e7\u00e3o e conex\u00e3o - Not\u00edcias - Franciscanos","og_description":"Anivers\u00e1rio R\u00e1dio Corado e Movimento","og_url":"https:\/\/franciscanos.org.br\/noticias\/sete-decadas-de-som-emocao-e-conexao.html","og_site_name":"Not\u00edcias - Franciscanos","article_published_time":"2025-06-07T13:05:37+00:00","og_image":[{"width":800,"height":550,"url":"https:\/\/franciscanos.org.br\/noticias\/wp-content\/uploads\/2025\/06\/chamada-13.png","type":"image\/png"}],"author":"Adriana Rabelo","twitter_card":"summary_large_image","twitter_misc":{"Escrito por":"Adriana Rabelo","Est. tempo de leitura":"4 minutos"},"schema":{"@context":"https:\/\/schema.org","@graph":[{"@type":"WebSite","@id":"https:\/\/franciscanos.org.br\/noticias\/#website","url":"https:\/\/franciscanos.org.br\/noticias\/","name":"Not\u00edcias - Franciscanos","description":"Prov\u00edncia Franciscana da Imaculada Concei\u00e7\u00e3o do Brasil - Ordem dos Frades Menores - OFM","potentialAction":[{"@type":"SearchAction","target":{"@type":"EntryPoint","urlTemplate":"https:\/\/franciscanos.org.br\/noticias\/?s={search_term_string}"},"query-input":"required name=search_term_string"}],"inLanguage":"pt-BR"},{"@type":"ImageObject","inLanguage":"pt-BR","@id":"https:\/\/franciscanos.org.br\/noticias\/sete-decadas-de-som-emocao-e-conexao.html#primaryimage","url":"https:\/\/franciscanos.org.br\/noticias\/wp-content\/uploads\/2025\/06\/chamada-13.png","contentUrl":"https:\/\/franciscanos.org.br\/noticias\/wp-content\/uploads\/2025\/06\/chamada-13.png","width":800,"height":550},{"@type":"WebPage","@id":"https:\/\/franciscanos.org.br\/noticias\/sete-decadas-de-som-emocao-e-conexao.html#webpage","url":"https:\/\/franciscanos.org.br\/noticias\/sete-decadas-de-som-emocao-e-conexao.html","name":"Sete d\u00e9cadas de som, emo\u00e7\u00e3o e conex\u00e3o - Not\u00edcias - Franciscanos","isPartOf":{"@id":"https:\/\/franciscanos.org.br\/noticias\/#website"},"primaryImageOfPage":{"@id":"https:\/\/franciscanos.org.br\/noticias\/sete-decadas-de-som-emocao-e-conexao.html#primaryimage"},"datePublished":"2025-06-07T13:05:37+00:00","dateModified":"2025-06-07T13:05:37+00:00","author":{"@id":"https:\/\/franciscanos.org.br\/noticias\/#\/schema\/person\/d9422e83121c3ad3b0f423d195f5bb25"},"breadcrumb":{"@id":"https:\/\/franciscanos.org.br\/noticias\/sete-decadas-de-som-emocao-e-conexao.html#breadcrumb"},"inLanguage":"pt-BR","potentialAction":[{"@type":"ReadAction","target":["https:\/\/franciscanos.org.br\/noticias\/sete-decadas-de-som-emocao-e-conexao.html"]}]},{"@type":"BreadcrumbList","@id":"https:\/\/franciscanos.org.br\/noticias\/sete-decadas-de-som-emocao-e-conexao.html#breadcrumb","itemListElement":[{"@type":"ListItem","position":1,"name":"Home","item":"https:\/\/franciscanos.org.br\/noticias"},{"@type":"ListItem","position":2,"name":"Sete d\u00e9cadas de som, emo\u00e7\u00e3o e conex\u00e3o"}]},{"@type":"Person","@id":"https:\/\/franciscanos.org.br\/noticias\/#\/schema\/person\/d9422e83121c3ad3b0f423d195f5bb25","name":"Adriana Rabelo","image":{"@type":"ImageObject","inLanguage":"pt-BR","@id":"https:\/\/franciscanos.org.br\/noticias\/#\/schema\/person\/image\/","url":"https:\/\/secure.gravatar.com\/avatar\/0a937b7500cd7df77540cfb8bede877d?s=96&d=mm&r=g","contentUrl":"https:\/\/secure.gravatar.com\/avatar\/0a937b7500cd7df77540cfb8bede877d?s=96&d=mm&r=g","caption":"Adriana Rabelo"},"url":"https:\/\/franciscanos.org.br\/noticias\/author\/adrianarabelo"}]}},"_links":{"self":[{"href":"https:\/\/franciscanos.org.br\/noticias\/wp-json\/wp\/v2\/posts\/257721"}],"collection":[{"href":"https:\/\/franciscanos.org.br\/noticias\/wp-json\/wp\/v2\/posts"}],"about":[{"href":"https:\/\/franciscanos.org.br\/noticias\/wp-json\/wp\/v2\/types\/post"}],"author":[{"embeddable":true,"href":"https:\/\/franciscanos.org.br\/noticias\/wp-json\/wp\/v2\/users\/11"}],"replies":[{"embeddable":true,"href":"https:\/\/franciscanos.org.br\/noticias\/wp-json\/wp\/v2\/comments?post=257721"}],"version-history":[{"count":1,"href":"https:\/\/franciscanos.org.br\/noticias\/wp-json\/wp\/v2\/posts\/257721\/revisions"}],"predecessor-version":[{"id":257727,"href":"https:\/\/franciscanos.org.br\/noticias\/wp-json\/wp\/v2\/posts\/257721\/revisions\/257727"}],"wp:featuredmedia":[{"embeddable":true,"href":"https:\/\/franciscanos.org.br\/noticias\/wp-json\/wp\/v2\/media\/257726"}],"wp:attachment":[{"href":"https:\/\/franciscanos.org.br\/noticias\/wp-json\/wp\/v2\/media?parent=257721"}],"wp:term":[{"taxonomy":"category","embeddable":true,"href":"https:\/\/franciscanos.org.br\/noticias\/wp-json\/wp\/v2\/categories?post=257721"},{"taxonomy":"post_tag","embeddable":true,"href":"https:\/\/franciscanos.org.br\/noticias\/wp-json\/wp\/v2\/tags?post=257721"}],"curies":[{"name":"wp","href":"https:\/\/api.w.org\/{rel}","templated":true}]}}