{"id":257659,"date":"2025-06-07T09:31:46","date_gmt":"2025-06-07T12:31:46","guid":{"rendered":"https:\/\/franciscanos.org.br\/noticias\/?p=257659"},"modified":"2025-06-07T09:45:40","modified_gmt":"2025-06-07T12:45:40","slug":"comunicar-para-servir-a-trajetoria-das-radios-franciscanas-em-curitibanos","status":"publish","type":"post","link":"https:\/\/franciscanos.org.br\/noticias\/comunicar-para-servir-a-trajetoria-das-radios-franciscanas-em-curitibanos.html","title":{"rendered":"Comunicar para servir: a trajet\u00f3ria das r\u00e1dios franciscanas em Curitibanos"},"content":{"rendered":"<p><img loading=\"lazy\" class=\"aligncenter wp-image-257660 size-full\" src=\"https:\/\/franciscanos.org.br\/noticias\/wp-content\/uploads\/2025\/06\/materia-1-3.png\" alt=\"\" width=\"1280\" height=\"720\" srcset=\"https:\/\/franciscanos.org.br\/noticias\/wp-content\/uploads\/2025\/06\/materia-1-3.png 1280w, https:\/\/franciscanos.org.br\/noticias\/wp-content\/uploads\/2025\/06\/materia-1-3-450x253.png 450w, https:\/\/franciscanos.org.br\/noticias\/wp-content\/uploads\/2025\/06\/materia-1-3-1024x576.png 1024w, https:\/\/franciscanos.org.br\/noticias\/wp-content\/uploads\/2025\/06\/materia-1-3-768x432.png 768w, https:\/\/franciscanos.org.br\/noticias\/wp-content\/uploads\/2025\/06\/materia-1-3-150x84.png 150w\" sizes=\"(max-width: 1280px) 100vw, 1280px\" \/><\/p>\n<p><strong>70 e 35 anos no ar! O legado das r\u00e1dios franciscanas que ecoam h\u00e1 d\u00e9cadas<\/strong><\/p>\n<p><strong>\u00a0<\/strong>\u201cSomos vozes franciscanas que, pela escuta e pelo di\u00e1logo, semeiam esperan\u00e7a, constroem pontes de paz e mant\u00eam viva a chama da fraternidade em cada cora\u00e7\u00e3o\u201d, assim afirmou Frei Augusto Luiz Gabriel, Presidente da Funda\u00e7\u00e3o Frei Rog\u00e9rio, em Curitibanos (SC), em evento celebrativo de anivers\u00e1rio das r\u00e1dios. A frase sintetiza o clima de gratid\u00e3o, emo\u00e7\u00e3o e renova\u00e7\u00e3o que permeou tanto a celebra\u00e7\u00e3o lit\u00fargica quanto o ato civil que se seguiu, unindo frades, colaboradores, anunciantes, autoridades e ouvintes em torno de duas marcas hist\u00f3ricas: os 70 anos da R\u00e1dio Coroado e os 35 anos da R\u00e1dio Movimento.<\/p>\n<p><strong>Celebra\u00e7\u00e3o, gratid\u00e3o e compromisso<\/strong><\/p>\n<p>A mem\u00f3ria de S\u00e3o Carlos Lwanga e companheiros m\u00e1rtires deu o tom lit\u00fargico \u00e0 missa realizada na noite de ter\u00e7a-feira, 3 de junho. Na presid\u00eancia do altar estava Frei Gilson Kammer, Definidor Provincial, ladeado por Frei Augusto (Presidente da Funda\u00e7\u00e3o), Frei Alex Sandro Ciarnoski (vice-presidente), Frei Alan Leal de Mattos (diretor assistente), Frei Leandro Costa Santos (coordenador da Frente de Comunica\u00e7\u00e3o da Prov\u00edncia), Frei Leandro Ferreira Silva (da Funda\u00e7\u00e3o Cultural Celinauta de Pato Branco) e demais frades da fraternidade local S\u00e3o Francisco Solano. Em sua homilia, Frei Gilson destacou que a trajet\u00f3ria dos irm\u00e3os franciscanos \u00e0 frente das r\u00e1dios n\u00e3o se limita \u00e0 difus\u00e3o de not\u00edcias, mas constitui um verdadeiro \u201ctestemunho de f\u00e9 em ondas sonoras\u201d.<\/p>\n\n\t\t<style type=\"text\/css\">\n\t\t\t#gallery-1 {\n\t\t\t\tmargin: auto;\n\t\t\t}\n\t\t\t#gallery-1 .gallery-item {\n\t\t\t\tfloat: left;\n\t\t\t\tmargin-top: 10px;\n\t\t\t\ttext-align: center;\n\t\t\t\twidth: 33%;\n\t\t\t}\n\t\t\t#gallery-1 img {\n\t\t\t\tborder: 2px solid #cfcfcf;\n\t\t\t}\n\t\t\t#gallery-1 .gallery-caption {\n\t\t\t\tmargin-left: 0;\n\t\t\t}\n\t\t\t\/* see gallery_shortcode() in wp-includes\/media.php *\/\n\t\t<\/style>\n\t\t<div id='gallery-1' class='gallery galleryid-257659 gallery-columns-3 gallery-size-thumbnail'><dl class='gallery-item'>\n\t\t\t<dt class='gallery-icon landscape'>\n\t\t\t\t<a href='https:\/\/franciscanos.org.br\/noticias\/wp-content\/uploads\/2025\/06\/Radio-Coroado-FOTOS-SITE-46-scaled.jpg'><img width=\"300\" height=\"300\" src=\"https:\/\/franciscanos.org.br\/noticias\/wp-content\/uploads\/2025\/06\/Radio-Coroado-FOTOS-SITE-46-300x300.jpg\" class=\"attachment-thumbnail size-thumbnail\" alt=\"\" loading=\"lazy\" srcset=\"https:\/\/franciscanos.org.br\/noticias\/wp-content\/uploads\/2025\/06\/Radio-Coroado-FOTOS-SITE-46-300x300.jpg 300w, https:\/\/franciscanos.org.br\/noticias\/wp-content\/uploads\/2025\/06\/Radio-Coroado-FOTOS-SITE-46-100x100.jpg 100w\" sizes=\"(max-width: 300px) 100vw, 300px\" \/><\/a>\n\t\t\t<\/dt><\/dl><dl class='gallery-item'>\n\t\t\t<dt class='gallery-icon landscape'>\n\t\t\t\t<a href='https:\/\/franciscanos.org.br\/noticias\/wp-content\/uploads\/2025\/06\/Radio-Coroado-FOTOS-SITE-49-scaled.jpg'><img width=\"300\" height=\"300\" src=\"https:\/\/franciscanos.org.br\/noticias\/wp-content\/uploads\/2025\/06\/Radio-Coroado-FOTOS-SITE-49-300x300.jpg\" class=\"attachment-thumbnail size-thumbnail\" alt=\"\" loading=\"lazy\" srcset=\"https:\/\/franciscanos.org.br\/noticias\/wp-content\/uploads\/2025\/06\/Radio-Coroado-FOTOS-SITE-49-300x300.jpg 300w, https:\/\/franciscanos.org.br\/noticias\/wp-content\/uploads\/2025\/06\/Radio-Coroado-FOTOS-SITE-49-100x100.jpg 100w\" sizes=\"(max-width: 300px) 100vw, 300px\" \/><\/a>\n\t\t\t<\/dt><\/dl><dl class='gallery-item'>\n\t\t\t<dt class='gallery-icon landscape'>\n\t\t\t\t<a href='https:\/\/franciscanos.org.br\/noticias\/wp-content\/uploads\/2025\/06\/Radio-Coroado-FOTOS-SITE-43-scaled.jpg'><img width=\"300\" height=\"300\" src=\"https:\/\/franciscanos.org.br\/noticias\/wp-content\/uploads\/2025\/06\/Radio-Coroado-FOTOS-SITE-43-300x300.jpg\" class=\"attachment-thumbnail size-thumbnail\" alt=\"\" loading=\"lazy\" srcset=\"https:\/\/franciscanos.org.br\/noticias\/wp-content\/uploads\/2025\/06\/Radio-Coroado-FOTOS-SITE-43-300x300.jpg 300w, https:\/\/franciscanos.org.br\/noticias\/wp-content\/uploads\/2025\/06\/Radio-Coroado-FOTOS-SITE-43-100x100.jpg 100w\" sizes=\"(max-width: 300px) 100vw, 300px\" \/><\/a>\n\t\t\t<\/dt><\/dl><br style=\"clear: both\" \/>\n\t\t<\/div>\n\n<p>Ele refletiu sobre a leitura de S\u00e3o Paulo, enfatizando que anunciar o Evangelho, seja por prega\u00e7\u00e3o ou por meio de um programa radiof\u00f4nico, significa antecipar, ainda em vida, os sinais da vida eterna. Para ilustrar essa ideia, Frei Gilson lembrou que \u201ctoda mensagem que leva o bem ao outro constitui um gesto de amor que faz o Reino de Deus acontecer entre n\u00f3s\u201d. Em seguida, convidou a comunidade a n\u00e3o se conformar com uma postura passiva: viver a \u201cvida eterna\u201d pressup\u00f5e a\u00e7\u00e3o constante, seja na ora\u00e7\u00e3o, seja na evangeliza\u00e7\u00e3o pela comunica\u00e7\u00e3o. Finalizou ressaltando que, neste ano jubilar, a \u201cescuta ativa\u201d e o \u201cdi\u00e1logo genu\u00edno\u201d s\u00e3o ferramentas imprescind\u00edveis para que as r\u00e1dios continuem a semear esperan\u00e7a e \u201cfazer ecoar o Evangelho\u201d.<\/p>\n<p><strong>A met\u00e1fora da arauc\u00e1ria<\/strong><\/p>\n<p><img loading=\"lazy\" class=\"aligncenter wp-image-257673 size-full\" src=\"https:\/\/franciscanos.org.br\/noticias\/wp-content\/uploads\/2025\/06\/materia-2-3.png\" alt=\"\" width=\"1280\" height=\"720\" srcset=\"https:\/\/franciscanos.org.br\/noticias\/wp-content\/uploads\/2025\/06\/materia-2-3.png 1280w, https:\/\/franciscanos.org.br\/noticias\/wp-content\/uploads\/2025\/06\/materia-2-3-450x253.png 450w, https:\/\/franciscanos.org.br\/noticias\/wp-content\/uploads\/2025\/06\/materia-2-3-1024x576.png 1024w, https:\/\/franciscanos.org.br\/noticias\/wp-content\/uploads\/2025\/06\/materia-2-3-768x432.png 768w, https:\/\/franciscanos.org.br\/noticias\/wp-content\/uploads\/2025\/06\/materia-2-3-150x84.png 150w\" sizes=\"(max-width: 1280px) 100vw, 1280px\" \/><\/p>\n<p>Logo ap\u00f3s a homilia, coube a Frei Leandro Costa Santos, coordenador da Frente de Comunica\u00e7\u00e3o, compartilhar um momento simb\u00f3lico, revestido de poesia e prospectiva. Emprestando a for\u00e7a da natureza \u00e0 miss\u00e3o radiof\u00f4nica, Frei Leandro comparou as emissoras a tr\u00eas arauc\u00e1rias de diferentes idades: os 70 anos da Coroado, os 35 da Movimento e a recente R\u00e1dio Frei Galv\u00e3o, inaugurada neste mesmo ano em Guaratinguet\u00e1. Segundo ele, assim como a arauc\u00e1ria que, ao amadurecer, explode sua pinha lan\u00e7ando sementes que brotam em outros solos, o trabalho dos frades e colaboradores fez com que a sementeira radiof\u00f4nica germinasse em diversas regi\u00f5es, levando a mensagem de paz e bem a quem as ondas alcan\u00e7am. Destacou, ainda, que a \u201cvoz bem falada\u201d n\u00e3o pode ser contida: quando o Evangelho sai do \u201cseu jardim\u201d (Curitibanos) por meio da r\u00e1dio, suas sementes se espalham para al\u00e9m das montanhas catarinenses, consolidando uma rede de fraternidade em outros lugares.<\/p>\n<p><strong><img loading=\"lazy\" class=\"aligncenter wp-image-257711 size-full\" src=\"https:\/\/franciscanos.org.br\/noticias\/wp-content\/uploads\/2025\/06\/frei-leandro-materia-2.png\" alt=\"\" width=\"1280\" height=\"720\" srcset=\"https:\/\/franciscanos.org.br\/noticias\/wp-content\/uploads\/2025\/06\/frei-leandro-materia-2.png 1280w, https:\/\/franciscanos.org.br\/noticias\/wp-content\/uploads\/2025\/06\/frei-leandro-materia-2-450x253.png 450w, https:\/\/franciscanos.org.br\/noticias\/wp-content\/uploads\/2025\/06\/frei-leandro-materia-2-1024x576.png 1024w, https:\/\/franciscanos.org.br\/noticias\/wp-content\/uploads\/2025\/06\/frei-leandro-materia-2-768x432.png 768w, https:\/\/franciscanos.org.br\/noticias\/wp-content\/uploads\/2025\/06\/frei-leandro-materia-2-150x84.png 150w\" sizes=\"(max-width: 1280px) 100vw, 1280px\" \/><\/strong><\/p>\n<p><strong>Ato Civil com colaboradores, anunciantes e autoridades<\/strong><\/p>\n<p>Na noite do dia 4 de junho, a Funda\u00e7\u00e3o Frei Rog\u00e9rio promoveu um encontro voltado aos colaboradores, anunciantes, autoridades locais e convidados, em um ato civil que refor\u00e7ou a dimens\u00e3o social e pol\u00edtica das emissoras. O expocentro da cidade foi preparado para acolher representantes de empresas, institui\u00e7\u00f5es p\u00fablicas, colaboradores diretos e indiretos, al\u00e9m de membros da Associa\u00e7\u00e3o Catarinense de Emissoras de R\u00e1dio e Televis\u00e3o. O evento foi aberto com a recorda\u00e7\u00e3o hist\u00f3rica das r\u00e1dios Coroado e Movimento.<\/p>\n<p><img loading=\"lazy\" class=\"aligncenter wp-image-257674 size-full\" src=\"https:\/\/franciscanos.org.br\/noticias\/wp-content\/uploads\/2025\/06\/materia-3-2.png\" alt=\"\" width=\"1280\" height=\"720\" srcset=\"https:\/\/franciscanos.org.br\/noticias\/wp-content\/uploads\/2025\/06\/materia-3-2.png 1280w, https:\/\/franciscanos.org.br\/noticias\/wp-content\/uploads\/2025\/06\/materia-3-2-450x253.png 450w, https:\/\/franciscanos.org.br\/noticias\/wp-content\/uploads\/2025\/06\/materia-3-2-1024x576.png 1024w, https:\/\/franciscanos.org.br\/noticias\/wp-content\/uploads\/2025\/06\/materia-3-2-768x432.png 768w, https:\/\/franciscanos.org.br\/noticias\/wp-content\/uploads\/2025\/06\/materia-3-2-150x84.png 150w\" sizes=\"(max-width: 1280px) 100vw, 1280px\" \/><\/p>\n<p>O coordenador da Frente de Comunica\u00e7\u00e3o, Frei Leandro Costa, foi o primeiro a discursar e expressou orgulho pelos 70 anos da R\u00e1dio Coroado e pelos 35 da R\u00e1dio Movimento, ressaltando o papel das emissoras como \u201cpulm\u00f5es de boa not\u00edcia\u201d no planalto catarinense. Ele lembrou que Curitibanos, \u201cno cora\u00e7\u00e3o do estado\u201d, pulsa diariamente ao som de uma programa\u00e7\u00e3o que combina informa\u00e7\u00e3o, cultura, m\u00fasica e espiritualidade. Segundo suas palavras, a r\u00e1dio n\u00e3o \u00e9 apenas projeto de frades: \u201cAs duas emissoras s\u00e3o maiores do que n\u00f3s; elas sobrevivem \u00e0s nossas vontades individuais e criam ra\u00edzes fortes na comunidade\u201d, afirmou, incentivando anunciantes e parceiros a continuarem investindo em um servi\u00e7o essencial para o desenvolvimento regional.<\/p>\n\n\t\t<style type=\"text\/css\">\n\t\t\t#gallery-2 {\n\t\t\t\tmargin: auto;\n\t\t\t}\n\t\t\t#gallery-2 .gallery-item {\n\t\t\t\tfloat: left;\n\t\t\t\tmargin-top: 10px;\n\t\t\t\ttext-align: center;\n\t\t\t\twidth: 33%;\n\t\t\t}\n\t\t\t#gallery-2 img {\n\t\t\t\tborder: 2px solid #cfcfcf;\n\t\t\t}\n\t\t\t#gallery-2 .gallery-caption {\n\t\t\t\tmargin-left: 0;\n\t\t\t}\n\t\t\t\/* see gallery_shortcode() in wp-includes\/media.php *\/\n\t\t<\/style>\n\t\t<div id='gallery-2' class='gallery galleryid-257659 gallery-columns-3 gallery-size-thumbnail'><dl class='gallery-item'>\n\t\t\t<dt class='gallery-icon landscape'>\n\t\t\t\t<a href='https:\/\/franciscanos.org.br\/noticias\/wp-content\/uploads\/2025\/06\/Radio-Coroado-FOTOS-SITE-7-scaled.jpg'><img width=\"300\" height=\"300\" src=\"https:\/\/franciscanos.org.br\/noticias\/wp-content\/uploads\/2025\/06\/Radio-Coroado-FOTOS-SITE-7-300x300.jpg\" class=\"attachment-thumbnail size-thumbnail\" alt=\"\" loading=\"lazy\" srcset=\"https:\/\/franciscanos.org.br\/noticias\/wp-content\/uploads\/2025\/06\/Radio-Coroado-FOTOS-SITE-7-300x300.jpg 300w, https:\/\/franciscanos.org.br\/noticias\/wp-content\/uploads\/2025\/06\/Radio-Coroado-FOTOS-SITE-7-100x100.jpg 100w\" sizes=\"(max-width: 300px) 100vw, 300px\" \/><\/a>\n\t\t\t<\/dt><\/dl><dl class='gallery-item'>\n\t\t\t<dt class='gallery-icon landscape'>\n\t\t\t\t<a href='https:\/\/franciscanos.org.br\/noticias\/wp-content\/uploads\/2025\/06\/Radio-Coroado-FOTOS-SITE-6-scaled.jpg'><img width=\"300\" height=\"300\" src=\"https:\/\/franciscanos.org.br\/noticias\/wp-content\/uploads\/2025\/06\/Radio-Coroado-FOTOS-SITE-6-300x300.jpg\" class=\"attachment-thumbnail size-thumbnail\" alt=\"\" loading=\"lazy\" srcset=\"https:\/\/franciscanos.org.br\/noticias\/wp-content\/uploads\/2025\/06\/Radio-Coroado-FOTOS-SITE-6-300x300.jpg 300w, https:\/\/franciscanos.org.br\/noticias\/wp-content\/uploads\/2025\/06\/Radio-Coroado-FOTOS-SITE-6-100x100.jpg 100w\" sizes=\"(max-width: 300px) 100vw, 300px\" \/><\/a>\n\t\t\t<\/dt><\/dl><dl class='gallery-item'>\n\t\t\t<dt class='gallery-icon landscape'>\n\t\t\t\t<a href='https:\/\/franciscanos.org.br\/noticias\/wp-content\/uploads\/2025\/06\/Radio-Coroado-FOTOS-SITE-12-scaled.jpg'><img width=\"300\" height=\"300\" src=\"https:\/\/franciscanos.org.br\/noticias\/wp-content\/uploads\/2025\/06\/Radio-Coroado-FOTOS-SITE-12-300x300.jpg\" class=\"attachment-thumbnail size-thumbnail\" alt=\"\" loading=\"lazy\" srcset=\"https:\/\/franciscanos.org.br\/noticias\/wp-content\/uploads\/2025\/06\/Radio-Coroado-FOTOS-SITE-12-300x300.jpg 300w, https:\/\/franciscanos.org.br\/noticias\/wp-content\/uploads\/2025\/06\/Radio-Coroado-FOTOS-SITE-12-100x100.jpg 100w\" sizes=\"(max-width: 300px) 100vw, 300px\" \/><\/a>\n\t\t\t<\/dt><\/dl><br style=\"clear: both\" \/>\n\t\t<\/div>\n\n<p><strong>Agradecimento do Prefeito Kleberson Luciano Lima<\/strong><\/p>\n<p><img loading=\"lazy\" class=\"aligncenter wp-image-257715 size-full\" src=\"https:\/\/franciscanos.org.br\/noticias\/wp-content\/uploads\/2025\/06\/prefeito-materia.png\" alt=\"\" width=\"1280\" height=\"720\" srcset=\"https:\/\/franciscanos.org.br\/noticias\/wp-content\/uploads\/2025\/06\/prefeito-materia.png 1280w, https:\/\/franciscanos.org.br\/noticias\/wp-content\/uploads\/2025\/06\/prefeito-materia-450x253.png 450w, https:\/\/franciscanos.org.br\/noticias\/wp-content\/uploads\/2025\/06\/prefeito-materia-1024x576.png 1024w, https:\/\/franciscanos.org.br\/noticias\/wp-content\/uploads\/2025\/06\/prefeito-materia-768x432.png 768w, https:\/\/franciscanos.org.br\/noticias\/wp-content\/uploads\/2025\/06\/prefeito-materia-150x84.png 150w\" sizes=\"(max-width: 1280px) 100vw, 1280px\" \/><\/p>\n<p>Em seguida, o prefeito Kleberson Luciano Lima destacou que as r\u00e1dios da Funda\u00e7\u00e3o Frei Rog\u00e9rio caminham \u201clado a lado\u201d com o munic\u00edpio desde meados do s\u00e9culo XX. Ele lembrou que, em 11 de junho, Curitibanos comemora 156 anos de emancipa\u00e7\u00e3o pol\u00edtica, e que a R\u00e1dio Coroado, criada em 1955, fez parte dos primeiros d\u00e9cimos de sua hist\u00f3ria como cidade. \u201cN\u00e3o h\u00e1 munic\u00edpio forte sem institui\u00e7\u00f5es fortes\u201d, afirmou, elogiando a atua\u00e7\u00e3o dos frades e das fam\u00edlias que se dedicaram \u00e0 emissora. Para o prefeito, o radiojornalismo e a programa\u00e7\u00e3o religiosa ajudaram a moldar o senso comunit\u00e1rio e a promover o progresso local. Ele tamb\u00e9m frisou a import\u00e2ncia de reconhecimentos p\u00fablicos, lembrando, com emo\u00e7\u00e3o, comunicadores que fizeram e fazem parte dessa trajet\u00f3ria, a exemplo da fam\u00edlia Pozo, que empreendeu investimentos decisivos para o crescimento da Coroado.<\/p>\n<p><strong>Mensagem da ACAERT<\/strong><\/p>\n<p>Pela ACAERT, Neliege Pagnussat Souza enfatizou a relev\u00e2ncia das emissoras no contexto catarinense. Ela descreveu a R\u00e1dio Coroado como um \u201csantu\u00e1rio da credibilidade e da \u00e9tica\u201d ao longo de sete d\u00e9cadas e a R\u00e1dio Movimento como \u201co canal que entendeu as necessidades das novas gera\u00e7\u00f5es\u201d, mesclando entretenimento, boa m\u00fasica e identidade regional. Sua fala lembrou que, em um cen\u00e1rio de transforma\u00e7\u00f5es tecnol\u00f3gicas aceleradas, manter a confian\u00e7a do ouvinte requer perseveran\u00e7a e inova\u00e7\u00e3o constante. Por fim, refor\u00e7ou que as emissoras, ao unir comunidades e fortalecer valores, demonstram como \u201co r\u00e1dio bem-feito \u00e9 uma ferramenta de transforma\u00e7\u00e3o social\u201d.<\/p>\n<p><strong>F\u00e9 e desafios para o futuro<\/strong><\/p>\n<p><img loading=\"lazy\" class=\"aligncenter wp-image-257681 size-full\" src=\"https:\/\/franciscanos.org.br\/noticias\/wp-content\/uploads\/2025\/06\/fei-Augusto-materia.png\" alt=\"\" width=\"1280\" height=\"720\" srcset=\"https:\/\/franciscanos.org.br\/noticias\/wp-content\/uploads\/2025\/06\/fei-Augusto-materia.png 1280w, https:\/\/franciscanos.org.br\/noticias\/wp-content\/uploads\/2025\/06\/fei-Augusto-materia-450x253.png 450w, https:\/\/franciscanos.org.br\/noticias\/wp-content\/uploads\/2025\/06\/fei-Augusto-materia-1024x576.png 1024w, https:\/\/franciscanos.org.br\/noticias\/wp-content\/uploads\/2025\/06\/fei-Augusto-materia-768x432.png 768w, https:\/\/franciscanos.org.br\/noticias\/wp-content\/uploads\/2025\/06\/fei-Augusto-materia-150x84.png 150w\" sizes=\"(max-width: 1280px) 100vw, 1280px\" \/><\/p>\n<p>Para encerrar o ciclo de pronunciamentos, o Presidente da Funda\u00e7\u00e3o Frei Rog\u00e9rio, Frei Augusto Luiz Gabriel, proferiu um discurso e contextualizou o legado das r\u00e1dios como instrumentos de evangeliza\u00e7\u00e3o e servi\u00e7o social.<\/p>\n<p>Nas primeiras linhas, relembrou que a R\u00e1dio Coroado surgiu em 1955 como \u201cvoz que consolava fam\u00edlias e alimentava esperan\u00e7as\u201d em uma \u00e9poca em que a regi\u00e3o serrana vivia desafios econ\u00f4micos e isolamentos f\u00edsicos. Destacou que, ao longo dos anos, surgiram nomes representativos, tais como Frei Edmundo Piechoczek, Frei Eliseu Tambosi e Frei Lindolfo Jasper, cujas vozes ecoaram conforto e incentivo ao catolicismo popular. Comentou tamb\u00e9m a cria\u00e7\u00e3o, em 1990, da R\u00e1dio Movimento, destinada a dialogar com jovens e adultos, incorporando inova\u00e7\u00f5es tecnol\u00f3gicas sem perder o esp\u00edrito franciscano. Lembrou, ainda, a migra\u00e7\u00e3o da R\u00e1dio Coroado Am para a frequ\u00eancia FM, em 2017, como um \u201csalto que ampliou horizontes e fortaleceu v\u00ednculos com as comunidades\u201d.<\/p>\n<p>Frei Augusto destacou, em seguida, tr\u00eas pilares essenciais para a \u201ccomunica\u00e7\u00e3o franciscana\u201d nos dias de hoje. (1) Escuta ativa: uma interlocu\u00e7\u00e3o que requer empatia e aten\u00e7\u00e3o \u00e0s dores alheias; (2) Di\u00e1logo genu\u00edno: encontro de cora\u00e7\u00f5es que valoriza experi\u00eancias diversas; e (3) esperan\u00e7a solid\u00e1ria: atitude de quem deseja curar feridas sociais por meio de gestos concretos e narrativas inspiradoras. Ao apresentar esses tr\u00eas pontos, recordou que n\u00e3o basta simplesmente transmitir not\u00edcias: \u201c\u00c9 preciso que cada boletim, cada programa e cada entrevista refletem o cuidado de quem quer anunciar a paz e o bem\u201d, comentou.<\/p>\n<p>Por fim, agradeceu aos colaboradores, frades, anunciantes e ouvintes, lembrando que, sem cada um deles, o projeto n\u00e3o sobreviveria ao passar dos anos. Concluiu com votos de longevidade: \u201cQue possamos, juntos, escrever novos cap\u00edtulos, mantendo viva a chama da fraternidade em cada cora\u00e7\u00e3o. Eis o desafio que nos move, continuar sendo vozes que anunciam o Evangelho por meio do r\u00e1dio\u201d, afirmou, recebendo aplausos prolongados.<\/p>\n<p><strong>Lan\u00e7amento do V\u00eddeo Institucional e confraterniza\u00e7\u00e3o<\/strong><\/p>\n<p>Ao t\u00e9rmino dos discursos, foi exibido o v\u00eddeo institucional que reuniu imagens hist\u00f3ricas das emissoras: desde o r\u00e1dio valvulado dos anos 1950 at\u00e9 as transmiss\u00f5es em FM e a chegada da R\u00e1dio Frei Galv\u00e3o em 2025. O material valorizou a hist\u00f3ria e fez mem\u00f3ria de momentos marcantes.<\/p>\n<p>Na sequ\u00eancia, os presentes entoaram os parab\u00e9ns e Frei Alan Leal de Mattos agradeceu a todos os envolvidos nesta trajet\u00f3ria. Em seguida, conduziu uma ora\u00e7\u00e3o e b\u00ean\u00e7\u00e3o. O jantar serviu como espa\u00e7o de confraterniza\u00e7\u00e3o entre frades, comunicadores, anunciantes e ouvintes, em um ambiente de calor humano e troca de testemunhos. Como ponto alto da festividade, a dupla de irm\u00e3s Thaina e Thairine Azzolini, da Fam\u00edlia Azzolini, subiu ao palco e encantou a todos com can\u00e7\u00f5es em diversos estilos &#8211; italiano, ga\u00facho, religioso e sertanejo raiz -, demonstrando que a arte musical segue interligada aos ideais de comunh\u00e3o e cultura que o r\u00e1dio sempre buscou propagar.<\/p>\n<p><strong>Mem\u00f3rias dos ouvintes: vozes que ecoam no tempo<\/strong><\/p>\n<p><iframe loading=\"lazy\" title=\"YouTube video player\" src=\"https:\/\/www.youtube.com\/embed\/z7zLMn967SM?si=N26F_KwVAOqaFn_I\" width=\"100%\" height=\"480\" frameborder=\"0\" allowfullscreen=\"allowfullscreen\"><span data-mce-type=\"bookmark\" style=\"display: inline-block; width: 0px; overflow: hidden; line-height: 0;\" class=\"mce_SELRES_start\">\ufeff<\/span><\/iframe><br \/>\nAo comentar as homenagens prestadas, Leila Denise, disse que \u201ca r\u00e1dio acolhe como quem recebe um abra\u00e7o materno\u201d &#8211; uma s\u00edntese perfeita do que a Funda\u00e7\u00e3o Frei Rog\u00e9rio construiu ao longo de sete d\u00e9cadas: um espa\u00e7o comunit\u00e1rio, onde se entrela\u00e7am espiritualidade, informa\u00e7\u00e3o e cultura. E, assim como uma arauc\u00e1ria frondosa espalha suas pinhas ao vento, a hist\u00f3ria da Coroado e da Movimento continua a brotar em novos cora\u00e7\u00f5es, multiplicando a chama franciscana e levando adiante a miss\u00e3o de anunciar, pelas ondas sonoras, um mundo mais fraterno e solid\u00e1rio.<\/p>\n<p><img loading=\"lazy\" class=\"size-medium wp-image-257679 alignright\" src=\"https:\/\/franciscanos.org.br\/noticias\/wp-content\/uploads\/2025\/06\/Radio-Coroado-FOTOS-SITE-30-338x450.jpg\" alt=\"\" width=\"338\" height=\"450\" srcset=\"https:\/\/franciscanos.org.br\/noticias\/wp-content\/uploads\/2025\/06\/Radio-Coroado-FOTOS-SITE-30-338x450.jpg 338w, https:\/\/franciscanos.org.br\/noticias\/wp-content\/uploads\/2025\/06\/Radio-Coroado-FOTOS-SITE-30-768x1024.jpg 768w, https:\/\/franciscanos.org.br\/noticias\/wp-content\/uploads\/2025\/06\/Radio-Coroado-FOTOS-SITE-30-1152x1536.jpg 1152w, https:\/\/franciscanos.org.br\/noticias\/wp-content\/uploads\/2025\/06\/Radio-Coroado-FOTOS-SITE-30-1536x2048.jpg 1536w, https:\/\/franciscanos.org.br\/noticias\/wp-content\/uploads\/2025\/06\/Radio-Coroado-FOTOS-SITE-30-150x200.jpg 150w, https:\/\/franciscanos.org.br\/noticias\/wp-content\/uploads\/2025\/06\/Radio-Coroado-FOTOS-SITE-30-scaled.jpg 810w\" sizes=\"(max-width: 338px) 100vw, 338px\" \/>Leila compartilhou mem\u00f3rias preciosas de sua inf\u00e2ncia, revelando como a R\u00e1dio Coroado se entrela\u00e7ou ao cotidiano das fam\u00edlias curitibanenses. Ela lembrou que, em sua inf\u00e2ncia, o slogan da R\u00e1dio Coroado era \u201cQuem n\u00e3o vive pra servir, n\u00e3o serve pra viver.\u201d Ela n\u00e3o se recorda exatamente quando o mote mudou, mas associou a nova frase \u201cQuem nasce pra servir j\u00e1 nasce grande\u201d ao per\u00edodo em que Frei Eliseu Tambosi esteve \u00e0 frente da Funda\u00e7\u00e3o em 1990.<\/p>\n<p>\u201cRoda de Chimarr\u00e3o\u201d como ritual matinal. Antes de ir \u00e0 escola, Leila fazia quest\u00e3o de ouvir o programa \u201cRoda de Chimarr\u00e3o\u201d, apresentado na \u00e9poca por Ubiraja Mello. Em sua casa, o r\u00e1dio era ligado assim que todos acordavam, especialmente para ouvir os an\u00fancios de falecimentos. \u201cNa aus\u00eancia de internet, era ali que sab\u00edamos, com urg\u00eancia, quando algu\u00e9m da comunidade partira. O r\u00e1dio avisava em tempo real, e muitas fam\u00edlias dependiam desse meio para acompanhar not\u00edcias familiares\u201d.<\/p>\n<p>Leila recordou ainda que at\u00e9 meados de 1982 ou 1983, era comum que, por volta das 9 horas, algu\u00e9m na r\u00e1dio anunciasse os nascimentos do dia, informando o nome da m\u00e3e, sexo do beb\u00ea, hor\u00e1rio e peso. \u201cLembro de minha m\u00e3e contar que aguardava ansiosa por esses relatos, pois era uma forma de celebrar a vida e compartilhar a alegria na comunidade\u201d.<\/p>\n<p>Al\u00e9m disso, ela recordou que quando faleceu o Frei Narciso Pollmeier, em um dia de ordena\u00e7\u00e3o sacerdotal na par\u00f3quia, tocou-se o sino com badaladas que se distinguiam da rotina. \u201cEra costume: quando o sino tocava repetidas vezes sem motivo aparente, todos ligavam o r\u00e1dio esperando um an\u00fancio importante. Naquele momento, a R\u00e1dio Coroado anunciou o falecimento de Frei Narciso, unindo simultaneamente a tradi\u00e7\u00e3o do sino e a for\u00e7a da palavra falada\u201d.<\/p>\n<p>Uma das lembran\u00e7as mais antigas de Leila remonta ao tempo em que ela ainda era beb\u00ea. A m\u00e3e, temendo deix\u00e1-la sozinha no ber\u00e7o, colocava o r\u00e1dio pr\u00f3ximo a ela para que a menina ficasse \u201ctranquila, possivelmente achando que havia algu\u00e9m falando com ela\u201d. \u201cS\u00e3o tantas mem\u00f3rias atreladas ao r\u00e1dio que fica dif\u00edcil escolher a mais marcante. Para minha fam\u00edlia, o r\u00e1dio sempre foi muito mais que um aparelho: era presen\u00e7a constante, conforto e conex\u00e3o com a comunidade\u201d, relatou.<\/p>\n<p><strong>Um marco de mem\u00f3ria e renova\u00e7\u00e3o<\/strong><\/p>\n<p>Os dias 3 e 4 de junho de 2025 ficar\u00e3o marcados n\u00e3o apenas pelos n\u00fameros &#8211; 70 anos de hist\u00f3ria para a R\u00e1dio Coroado e 35 para a R\u00e1dio Movimento -, mas pelo refrig\u00e9rio de uma miss\u00e3o que se renova a cada entoar de \u201cPaz e Bem\u201d. As celebra\u00e7\u00f5es consolidaram o entendimento de que uma emissora de r\u00e1dio n\u00e3o \u00e9 mera tecnologia, mas um organismo vivo, alimentado pela f\u00e9, pela arte, pela not\u00edcia e pelo compromisso social.<\/p>\n<p><img loading=\"lazy\" class=\"aligncenter wp-image-257682 size-full\" src=\"https:\/\/franciscanos.org.br\/noticias\/wp-content\/uploads\/2025\/06\/frei-alan-materia.png\" alt=\"\" width=\"1280\" height=\"720\" srcset=\"https:\/\/franciscanos.org.br\/noticias\/wp-content\/uploads\/2025\/06\/frei-alan-materia.png 1280w, https:\/\/franciscanos.org.br\/noticias\/wp-content\/uploads\/2025\/06\/frei-alan-materia-450x253.png 450w, https:\/\/franciscanos.org.br\/noticias\/wp-content\/uploads\/2025\/06\/frei-alan-materia-1024x576.png 1024w, https:\/\/franciscanos.org.br\/noticias\/wp-content\/uploads\/2025\/06\/frei-alan-materia-768x432.png 768w, https:\/\/franciscanos.org.br\/noticias\/wp-content\/uploads\/2025\/06\/frei-alan-materia-150x84.png 150w\" sizes=\"(max-width: 1280px) 100vw, 1280px\" \/><\/p>\n<p>Em tempos em que as m\u00eddias digitais ganham cada vez mais espa\u00e7o, o exemplo dessas emissoras refor\u00e7a que o r\u00e1dio &#8211; quando exercido com \u00e9tica, escuta ativa e esperan\u00e7a &#8211; mant\u00e9m a for\u00e7a de reunir gera\u00e7\u00f5es, de transmitir valores e de ajudar a construir pontes entre a tradi\u00e7\u00e3o e a inova\u00e7\u00e3o. Hoje, Curitibanos celebra n\u00e3o apenas datas, mas a continuidade de um legado que, iniciado em 1955 e refor\u00e7ado em 1990, se fortalece em 2025 com a certeza de que comunicar \u00e9 antes de tudo servir &#8211; e servir, para a Funda\u00e7\u00e3o Frei Rog\u00e9rio, significa permanecer fiel ao sonho de ser \u201cvoz franciscana que comunica a paz e o bem\u201d at\u00e9 onde alcan\u00e7ar a pr\u00f3xima onda sonora.<\/p>\n<hr \/>\n<p><em>Frei Augusto Luiz Gabriel (texto) Frei Gilberto Silva (fotos da missa), Carlos Suzuki (fotos do evento social)<\/em><\/p>\n\n\t\t<style type=\"text\/css\">\n\t\t\t#gallery-3 {\n\t\t\t\tmargin: auto;\n\t\t\t}\n\t\t\t#gallery-3 .gallery-item {\n\t\t\t\tfloat: left;\n\t\t\t\tmargin-top: 10px;\n\t\t\t\ttext-align: center;\n\t\t\t\twidth: 25%;\n\t\t\t}\n\t\t\t#gallery-3 img {\n\t\t\t\tborder: 2px solid #cfcfcf;\n\t\t\t}\n\t\t\t#gallery-3 .gallery-caption {\n\t\t\t\tmargin-left: 0;\n\t\t\t}\n\t\t\t\/* see gallery_shortcode() in wp-includes\/media.php *\/\n\t\t<\/style>\n\t\t<div id='gallery-3' class='gallery galleryid-257659 gallery-columns-4 gallery-size-thumbnail'><dl class='gallery-item'>\n\t\t\t<dt class='gallery-icon landscape'>\n\t\t\t\t<a href='https:\/\/franciscanos.org.br\/noticias\/comunicar-para-servir-a-trajetoria-das-radios-franciscanas-em-curitibanos.html\/radio-coroado-fotos-site-6-2'><img width=\"300\" height=\"300\" src=\"https:\/\/franciscanos.org.br\/noticias\/wp-content\/uploads\/2025\/06\/Radio-Coroado-FOTOS-SITE-6-1-300x300.jpg\" class=\"attachment-thumbnail size-thumbnail\" alt=\"\" loading=\"lazy\" srcset=\"https:\/\/franciscanos.org.br\/noticias\/wp-content\/uploads\/2025\/06\/Radio-Coroado-FOTOS-SITE-6-1-300x300.jpg 300w, https:\/\/franciscanos.org.br\/noticias\/wp-content\/uploads\/2025\/06\/Radio-Coroado-FOTOS-SITE-6-1-100x100.jpg 100w\" sizes=\"(max-width: 300px) 100vw, 300px\" \/><\/a>\n\t\t\t<\/dt><\/dl><dl class='gallery-item'>\n\t\t\t<dt class='gallery-icon landscape'>\n\t\t\t\t<a href='https:\/\/franciscanos.org.br\/noticias\/comunicar-para-servir-a-trajetoria-das-radios-franciscanas-em-curitibanos.html\/radio-coroado-fotos-site-9'><img width=\"300\" height=\"300\" src=\"https:\/\/franciscanos.org.br\/noticias\/wp-content\/uploads\/2025\/06\/Radio-Coroado-FOTOS-SITE-9-300x300.jpg\" class=\"attachment-thumbnail size-thumbnail\" alt=\"\" loading=\"lazy\" srcset=\"https:\/\/franciscanos.org.br\/noticias\/wp-content\/uploads\/2025\/06\/Radio-Coroado-FOTOS-SITE-9-300x300.jpg 300w, https:\/\/franciscanos.org.br\/noticias\/wp-content\/uploads\/2025\/06\/Radio-Coroado-FOTOS-SITE-9-100x100.jpg 100w\" sizes=\"(max-width: 300px) 100vw, 300px\" \/><\/a>\n\t\t\t<\/dt><\/dl><dl class='gallery-item'>\n\t\t\t<dt class='gallery-icon landscape'>\n\t\t\t\t<a href='https:\/\/franciscanos.org.br\/noticias\/comunicar-para-servir-a-trajetoria-das-radios-franciscanas-em-curitibanos.html\/radio-coroado-fotos-site-10'><img width=\"300\" height=\"300\" src=\"https:\/\/franciscanos.org.br\/noticias\/wp-content\/uploads\/2025\/06\/Radio-Coroado-FOTOS-SITE-10-300x300.jpg\" class=\"attachment-thumbnail size-thumbnail\" alt=\"\" loading=\"lazy\" srcset=\"https:\/\/franciscanos.org.br\/noticias\/wp-content\/uploads\/2025\/06\/Radio-Coroado-FOTOS-SITE-10-300x300.jpg 300w, https:\/\/franciscanos.org.br\/noticias\/wp-content\/uploads\/2025\/06\/Radio-Coroado-FOTOS-SITE-10-100x100.jpg 100w\" sizes=\"(max-width: 300px) 100vw, 300px\" \/><\/a>\n\t\t\t<\/dt><\/dl><dl class='gallery-item'>\n\t\t\t<dt class='gallery-icon landscape'>\n\t\t\t\t<a href='https:\/\/franciscanos.org.br\/noticias\/comunicar-para-servir-a-trajetoria-das-radios-franciscanas-em-curitibanos.html\/radio-coroado-fotos-site-20'><img width=\"300\" height=\"300\" src=\"https:\/\/franciscanos.org.br\/noticias\/wp-content\/uploads\/2025\/06\/Radio-Coroado-FOTOS-SITE-20-300x300.jpg\" class=\"attachment-thumbnail size-thumbnail\" alt=\"\" loading=\"lazy\" srcset=\"https:\/\/franciscanos.org.br\/noticias\/wp-content\/uploads\/2025\/06\/Radio-Coroado-FOTOS-SITE-20-300x300.jpg 300w, https:\/\/franciscanos.org.br\/noticias\/wp-content\/uploads\/2025\/06\/Radio-Coroado-FOTOS-SITE-20-100x100.jpg 100w\" sizes=\"(max-width: 300px) 100vw, 300px\" \/><\/a>\n\t\t\t<\/dt><\/dl><br style=\"clear: both\" \/><dl class='gallery-item'>\n\t\t\t<dt class='gallery-icon landscape'>\n\t\t\t\t<a href='https:\/\/franciscanos.org.br\/noticias\/comunicar-para-servir-a-trajetoria-das-radios-franciscanas-em-curitibanos.html\/radio-coroado-fotos-site-21'><img width=\"300\" height=\"300\" src=\"https:\/\/franciscanos.org.br\/noticias\/wp-content\/uploads\/2025\/06\/Radio-Coroado-FOTOS-SITE-21-300x300.jpg\" class=\"attachment-thumbnail size-thumbnail\" alt=\"\" loading=\"lazy\" srcset=\"https:\/\/franciscanos.org.br\/noticias\/wp-content\/uploads\/2025\/06\/Radio-Coroado-FOTOS-SITE-21-300x300.jpg 300w, https:\/\/franciscanos.org.br\/noticias\/wp-content\/uploads\/2025\/06\/Radio-Coroado-FOTOS-SITE-21-100x100.jpg 100w\" sizes=\"(max-width: 300px) 100vw, 300px\" \/><\/a>\n\t\t\t<\/dt><\/dl><dl class='gallery-item'>\n\t\t\t<dt class='gallery-icon landscape'>\n\t\t\t\t<a href='https:\/\/franciscanos.org.br\/noticias\/comunicar-para-servir-a-trajetoria-das-radios-franciscanas-em-curitibanos.html\/radio-coroado-fotos-site-22'><img width=\"300\" height=\"300\" src=\"https:\/\/franciscanos.org.br\/noticias\/wp-content\/uploads\/2025\/06\/Radio-Coroado-FOTOS-SITE-22-300x300.jpg\" class=\"attachment-thumbnail size-thumbnail\" alt=\"\" loading=\"lazy\" srcset=\"https:\/\/franciscanos.org.br\/noticias\/wp-content\/uploads\/2025\/06\/Radio-Coroado-FOTOS-SITE-22-300x300.jpg 300w, https:\/\/franciscanos.org.br\/noticias\/wp-content\/uploads\/2025\/06\/Radio-Coroado-FOTOS-SITE-22-100x100.jpg 100w\" sizes=\"(max-width: 300px) 100vw, 300px\" \/><\/a>\n\t\t\t<\/dt><\/dl><dl class='gallery-item'>\n\t\t\t<dt class='gallery-icon landscape'>\n\t\t\t\t<a href='https:\/\/franciscanos.org.br\/noticias\/comunicar-para-servir-a-trajetoria-das-radios-franciscanas-em-curitibanos.html\/radio-coroado-fotos-site-23'><img width=\"300\" height=\"300\" src=\"https:\/\/franciscanos.org.br\/noticias\/wp-content\/uploads\/2025\/06\/Radio-Coroado-FOTOS-SITE-23-300x300.jpg\" class=\"attachment-thumbnail size-thumbnail\" alt=\"\" loading=\"lazy\" srcset=\"https:\/\/franciscanos.org.br\/noticias\/wp-content\/uploads\/2025\/06\/Radio-Coroado-FOTOS-SITE-23-300x300.jpg 300w, https:\/\/franciscanos.org.br\/noticias\/wp-content\/uploads\/2025\/06\/Radio-Coroado-FOTOS-SITE-23-100x100.jpg 100w\" sizes=\"(max-width: 300px) 100vw, 300px\" \/><\/a>\n\t\t\t<\/dt><\/dl><dl class='gallery-item'>\n\t\t\t<dt class='gallery-icon landscape'>\n\t\t\t\t<a href='https:\/\/franciscanos.org.br\/noticias\/comunicar-para-servir-a-trajetoria-das-radios-franciscanas-em-curitibanos.html\/radio-coroado-fotos-site-24'><img width=\"300\" height=\"300\" src=\"https:\/\/franciscanos.org.br\/noticias\/wp-content\/uploads\/2025\/06\/Radio-Coroado-FOTOS-SITE-24-300x300.jpg\" class=\"attachment-thumbnail size-thumbnail\" alt=\"\" loading=\"lazy\" srcset=\"https:\/\/franciscanos.org.br\/noticias\/wp-content\/uploads\/2025\/06\/Radio-Coroado-FOTOS-SITE-24-300x300.jpg 300w, https:\/\/franciscanos.org.br\/noticias\/wp-content\/uploads\/2025\/06\/Radio-Coroado-FOTOS-SITE-24-100x100.jpg 100w\" sizes=\"(max-width: 300px) 100vw, 300px\" \/><\/a>\n\t\t\t<\/dt><\/dl><br style=\"clear: both\" \/><dl class='gallery-item'>\n\t\t\t<dt class='gallery-icon landscape'>\n\t\t\t\t<a href='https:\/\/franciscanos.org.br\/noticias\/comunicar-para-servir-a-trajetoria-das-radios-franciscanas-em-curitibanos.html\/radio-coroado-fotos-site-25'><img width=\"300\" height=\"300\" src=\"https:\/\/franciscanos.org.br\/noticias\/wp-content\/uploads\/2025\/06\/Radio-Coroado-FOTOS-SITE-25-300x300.jpg\" class=\"attachment-thumbnail size-thumbnail\" alt=\"\" loading=\"lazy\" srcset=\"https:\/\/franciscanos.org.br\/noticias\/wp-content\/uploads\/2025\/06\/Radio-Coroado-FOTOS-SITE-25-300x300.jpg 300w, https:\/\/franciscanos.org.br\/noticias\/wp-content\/uploads\/2025\/06\/Radio-Coroado-FOTOS-SITE-25-100x100.jpg 100w\" sizes=\"(max-width: 300px) 100vw, 300px\" \/><\/a>\n\t\t\t<\/dt><\/dl><dl class='gallery-item'>\n\t\t\t<dt class='gallery-icon landscape'>\n\t\t\t\t<a href='https:\/\/franciscanos.org.br\/noticias\/comunicar-para-servir-a-trajetoria-das-radios-franciscanas-em-curitibanos.html\/radio-coroado-fotos-site-28'><img width=\"300\" height=\"300\" src=\"https:\/\/franciscanos.org.br\/noticias\/wp-content\/uploads\/2025\/06\/Radio-Coroado-FOTOS-SITE-28-300x300.jpg\" class=\"attachment-thumbnail size-thumbnail\" alt=\"\" loading=\"lazy\" srcset=\"https:\/\/franciscanos.org.br\/noticias\/wp-content\/uploads\/2025\/06\/Radio-Coroado-FOTOS-SITE-28-300x300.jpg 300w, https:\/\/franciscanos.org.br\/noticias\/wp-content\/uploads\/2025\/06\/Radio-Coroado-FOTOS-SITE-28-100x100.jpg 100w\" sizes=\"(max-width: 300px) 100vw, 300px\" \/><\/a>\n\t\t\t<\/dt><\/dl><dl class='gallery-item'>\n\t\t\t<dt class='gallery-icon landscape'>\n\t\t\t\t<a href='https:\/\/franciscanos.org.br\/noticias\/comunicar-para-servir-a-trajetoria-das-radios-franciscanas-em-curitibanos.html\/radio-coroado-fotos-site-29'><img width=\"300\" height=\"300\" src=\"https:\/\/franciscanos.org.br\/noticias\/wp-content\/uploads\/2025\/06\/Radio-Coroado-FOTOS-SITE-29-300x300.jpg\" class=\"attachment-thumbnail size-thumbnail\" alt=\"\" loading=\"lazy\" srcset=\"https:\/\/franciscanos.org.br\/noticias\/wp-content\/uploads\/2025\/06\/Radio-Coroado-FOTOS-SITE-29-300x300.jpg 300w, https:\/\/franciscanos.org.br\/noticias\/wp-content\/uploads\/2025\/06\/Radio-Coroado-FOTOS-SITE-29-100x100.jpg 100w\" sizes=\"(max-width: 300px) 100vw, 300px\" \/><\/a>\n\t\t\t<\/dt><\/dl><dl class='gallery-item'>\n\t\t\t<dt class='gallery-icon landscape'>\n\t\t\t\t<a href='https:\/\/franciscanos.org.br\/noticias\/comunicar-para-servir-a-trajetoria-das-radios-franciscanas-em-curitibanos.html\/radio-coroado-fotos-site-54'><img width=\"300\" height=\"300\" src=\"https:\/\/franciscanos.org.br\/noticias\/wp-content\/uploads\/2025\/06\/Radio-Coroado-FOTOS-SITE-54-300x300.jpg\" class=\"attachment-thumbnail size-thumbnail\" alt=\"\" loading=\"lazy\" srcset=\"https:\/\/franciscanos.org.br\/noticias\/wp-content\/uploads\/2025\/06\/Radio-Coroado-FOTOS-SITE-54-300x300.jpg 300w, https:\/\/franciscanos.org.br\/noticias\/wp-content\/uploads\/2025\/06\/Radio-Coroado-FOTOS-SITE-54-100x100.jpg 100w\" sizes=\"(max-width: 300px) 100vw, 300px\" \/><\/a>\n\t\t\t<\/dt><\/dl><br style=\"clear: both\" \/><dl class='gallery-item'>\n\t\t\t<dt class='gallery-icon landscape'>\n\t\t\t\t<a href='https:\/\/franciscanos.org.br\/noticias\/comunicar-para-servir-a-trajetoria-das-radios-franciscanas-em-curitibanos.html\/radio-coroado-fotos-site-55'><img width=\"300\" height=\"300\" src=\"https:\/\/franciscanos.org.br\/noticias\/wp-content\/uploads\/2025\/06\/Radio-Coroado-FOTOS-SITE-55-300x300.jpg\" class=\"attachment-thumbnail size-thumbnail\" alt=\"\" loading=\"lazy\" srcset=\"https:\/\/franciscanos.org.br\/noticias\/wp-content\/uploads\/2025\/06\/Radio-Coroado-FOTOS-SITE-55-300x300.jpg 300w, https:\/\/franciscanos.org.br\/noticias\/wp-content\/uploads\/2025\/06\/Radio-Coroado-FOTOS-SITE-55-100x100.jpg 100w\" sizes=\"(max-width: 300px) 100vw, 300px\" \/><\/a>\n\t\t\t<\/dt><\/dl><dl class='gallery-item'>\n\t\t\t<dt class='gallery-icon landscape'>\n\t\t\t\t<a href='https:\/\/franciscanos.org.br\/noticias\/comunicar-para-servir-a-trajetoria-das-radios-franciscanas-em-curitibanos.html\/radio-coroado-fotos-site-56'><img width=\"300\" height=\"300\" src=\"https:\/\/franciscanos.org.br\/noticias\/wp-content\/uploads\/2025\/06\/Radio-Coroado-FOTOS-SITE-56-300x300.jpg\" class=\"attachment-thumbnail size-thumbnail\" alt=\"\" loading=\"lazy\" srcset=\"https:\/\/franciscanos.org.br\/noticias\/wp-content\/uploads\/2025\/06\/Radio-Coroado-FOTOS-SITE-56-300x300.jpg 300w, https:\/\/franciscanos.org.br\/noticias\/wp-content\/uploads\/2025\/06\/Radio-Coroado-FOTOS-SITE-56-100x100.jpg 100w\" sizes=\"(max-width: 300px) 100vw, 300px\" \/><\/a>\n\t\t\t<\/dt><\/dl><dl class='gallery-item'>\n\t\t\t<dt class='gallery-icon landscape'>\n\t\t\t\t<a href='https:\/\/franciscanos.org.br\/noticias\/comunicar-para-servir-a-trajetoria-das-radios-franciscanas-em-curitibanos.html\/radio-coroado-fotos-site-41'><img width=\"300\" height=\"300\" src=\"https:\/\/franciscanos.org.br\/noticias\/wp-content\/uploads\/2025\/06\/Radio-Coroado-FOTOS-SITE-41-300x300.jpg\" class=\"attachment-thumbnail size-thumbnail\" alt=\"\" loading=\"lazy\" srcset=\"https:\/\/franciscanos.org.br\/noticias\/wp-content\/uploads\/2025\/06\/Radio-Coroado-FOTOS-SITE-41-300x300.jpg 300w, https:\/\/franciscanos.org.br\/noticias\/wp-content\/uploads\/2025\/06\/Radio-Coroado-FOTOS-SITE-41-100x100.jpg 100w\" sizes=\"(max-width: 300px) 100vw, 300px\" \/><\/a>\n\t\t\t<\/dt><\/dl><dl class='gallery-item'>\n\t\t\t<dt class='gallery-icon landscape'>\n\t\t\t\t<a href='https:\/\/franciscanos.org.br\/noticias\/comunicar-para-servir-a-trajetoria-das-radios-franciscanas-em-curitibanos.html\/radio-coroado-fotos-site-42'><img width=\"300\" height=\"300\" src=\"https:\/\/franciscanos.org.br\/noticias\/wp-content\/uploads\/2025\/06\/Radio-Coroado-FOTOS-SITE-42-300x300.jpg\" class=\"attachment-thumbnail size-thumbnail\" alt=\"\" loading=\"lazy\" srcset=\"https:\/\/franciscanos.org.br\/noticias\/wp-content\/uploads\/2025\/06\/Radio-Coroado-FOTOS-SITE-42-300x300.jpg 300w, https:\/\/franciscanos.org.br\/noticias\/wp-content\/uploads\/2025\/06\/Radio-Coroado-FOTOS-SITE-42-100x100.jpg 100w\" sizes=\"(max-width: 300px) 100vw, 300px\" \/><\/a>\n\t\t\t<\/dt><\/dl><br style=\"clear: both\" \/><dl class='gallery-item'>\n\t\t\t<dt class='gallery-icon landscape'>\n\t\t\t\t<a href='https:\/\/franciscanos.org.br\/noticias\/comunicar-para-servir-a-trajetoria-das-radios-franciscanas-em-curitibanos.html\/radio-coroado-fotos-site-45'><img width=\"300\" height=\"300\" src=\"https:\/\/franciscanos.org.br\/noticias\/wp-content\/uploads\/2025\/06\/Radio-Coroado-FOTOS-SITE-45-300x300.jpg\" class=\"attachment-thumbnail size-thumbnail\" alt=\"\" loading=\"lazy\" srcset=\"https:\/\/franciscanos.org.br\/noticias\/wp-content\/uploads\/2025\/06\/Radio-Coroado-FOTOS-SITE-45-300x300.jpg 300w, https:\/\/franciscanos.org.br\/noticias\/wp-content\/uploads\/2025\/06\/Radio-Coroado-FOTOS-SITE-45-100x100.jpg 100w\" sizes=\"(max-width: 300px) 100vw, 300px\" \/><\/a>\n\t\t\t<\/dt><\/dl><dl class='gallery-item'>\n\t\t\t<dt class='gallery-icon landscape'>\n\t\t\t\t<a href='https:\/\/franciscanos.org.br\/noticias\/comunicar-para-servir-a-trajetoria-das-radios-franciscanas-em-curitibanos.html\/radio-coroado-fotos-site-46-2'><img width=\"300\" height=\"300\" src=\"https:\/\/franciscanos.org.br\/noticias\/wp-content\/uploads\/2025\/06\/Radio-Coroado-FOTOS-SITE-46-1-300x300.jpg\" class=\"attachment-thumbnail size-thumbnail\" alt=\"\" loading=\"lazy\" srcset=\"https:\/\/franciscanos.org.br\/noticias\/wp-content\/uploads\/2025\/06\/Radio-Coroado-FOTOS-SITE-46-1-300x300.jpg 300w, https:\/\/franciscanos.org.br\/noticias\/wp-content\/uploads\/2025\/06\/Radio-Coroado-FOTOS-SITE-46-1-100x100.jpg 100w\" sizes=\"(max-width: 300px) 100vw, 300px\" \/><\/a>\n\t\t\t<\/dt><\/dl><dl class='gallery-item'>\n\t\t\t<dt class='gallery-icon landscape'>\n\t\t\t\t<a href='https:\/\/franciscanos.org.br\/noticias\/comunicar-para-servir-a-trajetoria-das-radios-franciscanas-em-curitibanos.html\/radio-coroado-fotos-site-47'><img width=\"300\" height=\"300\" src=\"https:\/\/franciscanos.org.br\/noticias\/wp-content\/uploads\/2025\/06\/Radio-Coroado-FOTOS-SITE-47-300x300.jpg\" class=\"attachment-thumbnail size-thumbnail\" alt=\"\" loading=\"lazy\" srcset=\"https:\/\/franciscanos.org.br\/noticias\/wp-content\/uploads\/2025\/06\/Radio-Coroado-FOTOS-SITE-47-300x300.jpg 300w, https:\/\/franciscanos.org.br\/noticias\/wp-content\/uploads\/2025\/06\/Radio-Coroado-FOTOS-SITE-47-100x100.jpg 100w\" sizes=\"(max-width: 300px) 100vw, 300px\" \/><\/a>\n\t\t\t<\/dt><\/dl><dl class='gallery-item'>\n\t\t\t<dt class='gallery-icon landscape'>\n\t\t\t\t<a href='https:\/\/franciscanos.org.br\/noticias\/comunicar-para-servir-a-trajetoria-das-radios-franciscanas-em-curitibanos.html\/radio-coroado-fotos-site-48'><img width=\"300\" height=\"300\" src=\"https:\/\/franciscanos.org.br\/noticias\/wp-content\/uploads\/2025\/06\/Radio-Coroado-FOTOS-SITE-48-300x300.jpg\" class=\"attachment-thumbnail size-thumbnail\" alt=\"\" loading=\"lazy\" srcset=\"https:\/\/franciscanos.org.br\/noticias\/wp-content\/uploads\/2025\/06\/Radio-Coroado-FOTOS-SITE-48-300x300.jpg 300w, https:\/\/franciscanos.org.br\/noticias\/wp-content\/uploads\/2025\/06\/Radio-Coroado-FOTOS-SITE-48-100x100.jpg 100w\" sizes=\"(max-width: 300px) 100vw, 300px\" \/><\/a>\n\t\t\t<\/dt><\/dl><br style=\"clear: both\" \/>\n\t\t<\/div>\n\n","protected":false},"excerpt":{"rendered":"<p>Frente de Evangeliza\u00e7\u00e3o da Comunica\u00e7\u00e3o<\/p>\n","protected":false},"author":11,"featured_media":257716,"comment_status":"open","ping_status":"open","sticky":false,"template":"","format":"standard","meta":[],"categories":[1],"tags":[1155,2224,2222,2223],"acf":[],"yoast_head":"<!-- This site is optimized with the Yoast SEO plugin v19.2 - https:\/\/yoast.com\/wordpress\/plugins\/seo\/ -->\n<title>Comunicar para servir: a trajet\u00f3ria das r\u00e1dios franciscanas em Curitibanos - Not\u00edcias - Franciscanos<\/title>\n<meta name=\"robots\" content=\"index, follow, max-snippet:-1, max-image-preview:large, max-video-preview:-1\" \/>\n<link rel=\"canonical\" href=\"https:\/\/franciscanos.org.br\/noticias\/comunicar-para-servir-a-trajetoria-das-radios-franciscanas-em-curitibanos.html\" \/>\n<meta property=\"og:locale\" content=\"pt_BR\" \/>\n<meta property=\"og:type\" content=\"article\" \/>\n<meta property=\"og:title\" content=\"Comunicar para servir: a trajet\u00f3ria das r\u00e1dios franciscanas em Curitibanos - Not\u00edcias - Franciscanos\" \/>\n<meta property=\"og:description\" content=\"Frente de Evangeliza\u00e7\u00e3o da Comunica\u00e7\u00e3o\" \/>\n<meta property=\"og:url\" content=\"https:\/\/franciscanos.org.br\/noticias\/comunicar-para-servir-a-trajetoria-das-radios-franciscanas-em-curitibanos.html\" \/>\n<meta property=\"og:site_name\" content=\"Not\u00edcias - Franciscanos\" \/>\n<meta property=\"article:published_time\" content=\"2025-06-07T12:31:46+00:00\" \/>\n<meta property=\"article:modified_time\" content=\"2025-06-07T12:45:40+00:00\" \/>\n<meta property=\"og:image\" content=\"https:\/\/franciscanos.org.br\/noticias\/wp-content\/uploads\/2025\/06\/chamada-12.png\" \/>\n\t<meta property=\"og:image:width\" content=\"800\" \/>\n\t<meta property=\"og:image:height\" content=\"550\" \/>\n\t<meta property=\"og:image:type\" content=\"image\/png\" \/>\n<meta name=\"author\" content=\"Adriana Rabelo\" \/>\n<meta name=\"twitter:card\" content=\"summary_large_image\" \/>\n<meta name=\"twitter:label1\" content=\"Escrito por\" \/>\n\t<meta name=\"twitter:data1\" content=\"Adriana Rabelo\" \/>\n\t<meta name=\"twitter:label2\" content=\"Est. tempo de leitura\" \/>\n\t<meta name=\"twitter:data2\" content=\"12 minutos\" \/>\n<script type=\"application\/ld+json\" class=\"yoast-schema-graph\">{\"@context\":\"https:\/\/schema.org\",\"@graph\":[{\"@type\":\"WebSite\",\"@id\":\"https:\/\/franciscanos.org.br\/noticias\/#website\",\"url\":\"https:\/\/franciscanos.org.br\/noticias\/\",\"name\":\"Not\u00edcias - Franciscanos\",\"description\":\"Prov\u00edncia Franciscana da Imaculada Concei\u00e7\u00e3o do Brasil - Ordem dos Frades Menores - OFM\",\"potentialAction\":[{\"@type\":\"SearchAction\",\"target\":{\"@type\":\"EntryPoint\",\"urlTemplate\":\"https:\/\/franciscanos.org.br\/noticias\/?s={search_term_string}\"},\"query-input\":\"required name=search_term_string\"}],\"inLanguage\":\"pt-BR\"},{\"@type\":\"ImageObject\",\"inLanguage\":\"pt-BR\",\"@id\":\"https:\/\/franciscanos.org.br\/noticias\/comunicar-para-servir-a-trajetoria-das-radios-franciscanas-em-curitibanos.html#primaryimage\",\"url\":\"https:\/\/franciscanos.org.br\/noticias\/wp-content\/uploads\/2025\/06\/chamada-12.png\",\"contentUrl\":\"https:\/\/franciscanos.org.br\/noticias\/wp-content\/uploads\/2025\/06\/chamada-12.png\",\"width\":800,\"height\":550},{\"@type\":\"WebPage\",\"@id\":\"https:\/\/franciscanos.org.br\/noticias\/comunicar-para-servir-a-trajetoria-das-radios-franciscanas-em-curitibanos.html#webpage\",\"url\":\"https:\/\/franciscanos.org.br\/noticias\/comunicar-para-servir-a-trajetoria-das-radios-franciscanas-em-curitibanos.html\",\"name\":\"Comunicar para servir: a trajet\u00f3ria das r\u00e1dios franciscanas em Curitibanos - Not\u00edcias - Franciscanos\",\"isPartOf\":{\"@id\":\"https:\/\/franciscanos.org.br\/noticias\/#website\"},\"primaryImageOfPage\":{\"@id\":\"https:\/\/franciscanos.org.br\/noticias\/comunicar-para-servir-a-trajetoria-das-radios-franciscanas-em-curitibanos.html#primaryimage\"},\"datePublished\":\"2025-06-07T12:31:46+00:00\",\"dateModified\":\"2025-06-07T12:45:40+00:00\",\"author\":{\"@id\":\"https:\/\/franciscanos.org.br\/noticias\/#\/schema\/person\/d9422e83121c3ad3b0f423d195f5bb25\"},\"breadcrumb\":{\"@id\":\"https:\/\/franciscanos.org.br\/noticias\/comunicar-para-servir-a-trajetoria-das-radios-franciscanas-em-curitibanos.html#breadcrumb\"},\"inLanguage\":\"pt-BR\",\"potentialAction\":[{\"@type\":\"ReadAction\",\"target\":[\"https:\/\/franciscanos.org.br\/noticias\/comunicar-para-servir-a-trajetoria-das-radios-franciscanas-em-curitibanos.html\"]}]},{\"@type\":\"BreadcrumbList\",\"@id\":\"https:\/\/franciscanos.org.br\/noticias\/comunicar-para-servir-a-trajetoria-das-radios-franciscanas-em-curitibanos.html#breadcrumb\",\"itemListElement\":[{\"@type\":\"ListItem\",\"position\":1,\"name\":\"Home\",\"item\":\"https:\/\/franciscanos.org.br\/noticias\"},{\"@type\":\"ListItem\",\"position\":2,\"name\":\"Comunicar para servir: a trajet\u00f3ria das r\u00e1dios franciscanas em Curitibanos\"}]},{\"@type\":\"Person\",\"@id\":\"https:\/\/franciscanos.org.br\/noticias\/#\/schema\/person\/d9422e83121c3ad3b0f423d195f5bb25\",\"name\":\"Adriana Rabelo\",\"image\":{\"@type\":\"ImageObject\",\"inLanguage\":\"pt-BR\",\"@id\":\"https:\/\/franciscanos.org.br\/noticias\/#\/schema\/person\/image\/\",\"url\":\"https:\/\/secure.gravatar.com\/avatar\/0a937b7500cd7df77540cfb8bede877d?s=96&d=mm&r=g\",\"contentUrl\":\"https:\/\/secure.gravatar.com\/avatar\/0a937b7500cd7df77540cfb8bede877d?s=96&d=mm&r=g\",\"caption\":\"Adriana Rabelo\"},\"url\":\"https:\/\/franciscanos.org.br\/noticias\/author\/adrianarabelo\"}]}<\/script>\n<!-- \/ Yoast SEO plugin. -->","yoast_head_json":{"title":"Comunicar para servir: a trajet\u00f3ria das r\u00e1dios franciscanas em Curitibanos - Not\u00edcias - Franciscanos","robots":{"index":"index","follow":"follow","max-snippet":"max-snippet:-1","max-image-preview":"max-image-preview:large","max-video-preview":"max-video-preview:-1"},"canonical":"https:\/\/franciscanos.org.br\/noticias\/comunicar-para-servir-a-trajetoria-das-radios-franciscanas-em-curitibanos.html","og_locale":"pt_BR","og_type":"article","og_title":"Comunicar para servir: a trajet\u00f3ria das r\u00e1dios franciscanas em Curitibanos - Not\u00edcias - Franciscanos","og_description":"Frente de Evangeliza\u00e7\u00e3o da Comunica\u00e7\u00e3o","og_url":"https:\/\/franciscanos.org.br\/noticias\/comunicar-para-servir-a-trajetoria-das-radios-franciscanas-em-curitibanos.html","og_site_name":"Not\u00edcias - Franciscanos","article_published_time":"2025-06-07T12:31:46+00:00","article_modified_time":"2025-06-07T12:45:40+00:00","og_image":[{"width":800,"height":550,"url":"https:\/\/franciscanos.org.br\/noticias\/wp-content\/uploads\/2025\/06\/chamada-12.png","type":"image\/png"}],"author":"Adriana Rabelo","twitter_card":"summary_large_image","twitter_misc":{"Escrito por":"Adriana Rabelo","Est. tempo de leitura":"12 minutos"},"schema":{"@context":"https:\/\/schema.org","@graph":[{"@type":"WebSite","@id":"https:\/\/franciscanos.org.br\/noticias\/#website","url":"https:\/\/franciscanos.org.br\/noticias\/","name":"Not\u00edcias - Franciscanos","description":"Prov\u00edncia Franciscana da Imaculada Concei\u00e7\u00e3o do Brasil - Ordem dos Frades Menores - OFM","potentialAction":[{"@type":"SearchAction","target":{"@type":"EntryPoint","urlTemplate":"https:\/\/franciscanos.org.br\/noticias\/?s={search_term_string}"},"query-input":"required name=search_term_string"}],"inLanguage":"pt-BR"},{"@type":"ImageObject","inLanguage":"pt-BR","@id":"https:\/\/franciscanos.org.br\/noticias\/comunicar-para-servir-a-trajetoria-das-radios-franciscanas-em-curitibanos.html#primaryimage","url":"https:\/\/franciscanos.org.br\/noticias\/wp-content\/uploads\/2025\/06\/chamada-12.png","contentUrl":"https:\/\/franciscanos.org.br\/noticias\/wp-content\/uploads\/2025\/06\/chamada-12.png","width":800,"height":550},{"@type":"WebPage","@id":"https:\/\/franciscanos.org.br\/noticias\/comunicar-para-servir-a-trajetoria-das-radios-franciscanas-em-curitibanos.html#webpage","url":"https:\/\/franciscanos.org.br\/noticias\/comunicar-para-servir-a-trajetoria-das-radios-franciscanas-em-curitibanos.html","name":"Comunicar para servir: a trajet\u00f3ria das r\u00e1dios franciscanas em Curitibanos - Not\u00edcias - Franciscanos","isPartOf":{"@id":"https:\/\/franciscanos.org.br\/noticias\/#website"},"primaryImageOfPage":{"@id":"https:\/\/franciscanos.org.br\/noticias\/comunicar-para-servir-a-trajetoria-das-radios-franciscanas-em-curitibanos.html#primaryimage"},"datePublished":"2025-06-07T12:31:46+00:00","dateModified":"2025-06-07T12:45:40+00:00","author":{"@id":"https:\/\/franciscanos.org.br\/noticias\/#\/schema\/person\/d9422e83121c3ad3b0f423d195f5bb25"},"breadcrumb":{"@id":"https:\/\/franciscanos.org.br\/noticias\/comunicar-para-servir-a-trajetoria-das-radios-franciscanas-em-curitibanos.html#breadcrumb"},"inLanguage":"pt-BR","potentialAction":[{"@type":"ReadAction","target":["https:\/\/franciscanos.org.br\/noticias\/comunicar-para-servir-a-trajetoria-das-radios-franciscanas-em-curitibanos.html"]}]},{"@type":"BreadcrumbList","@id":"https:\/\/franciscanos.org.br\/noticias\/comunicar-para-servir-a-trajetoria-das-radios-franciscanas-em-curitibanos.html#breadcrumb","itemListElement":[{"@type":"ListItem","position":1,"name":"Home","item":"https:\/\/franciscanos.org.br\/noticias"},{"@type":"ListItem","position":2,"name":"Comunicar para servir: a trajet\u00f3ria das r\u00e1dios franciscanas em Curitibanos"}]},{"@type":"Person","@id":"https:\/\/franciscanos.org.br\/noticias\/#\/schema\/person\/d9422e83121c3ad3b0f423d195f5bb25","name":"Adriana Rabelo","image":{"@type":"ImageObject","inLanguage":"pt-BR","@id":"https:\/\/franciscanos.org.br\/noticias\/#\/schema\/person\/image\/","url":"https:\/\/secure.gravatar.com\/avatar\/0a937b7500cd7df77540cfb8bede877d?s=96&d=mm&r=g","contentUrl":"https:\/\/secure.gravatar.com\/avatar\/0a937b7500cd7df77540cfb8bede877d?s=96&d=mm&r=g","caption":"Adriana Rabelo"},"url":"https:\/\/franciscanos.org.br\/noticias\/author\/adrianarabelo"}]}},"_links":{"self":[{"href":"https:\/\/franciscanos.org.br\/noticias\/wp-json\/wp\/v2\/posts\/257659"}],"collection":[{"href":"https:\/\/franciscanos.org.br\/noticias\/wp-json\/wp\/v2\/posts"}],"about":[{"href":"https:\/\/franciscanos.org.br\/noticias\/wp-json\/wp\/v2\/types\/post"}],"author":[{"embeddable":true,"href":"https:\/\/franciscanos.org.br\/noticias\/wp-json\/wp\/v2\/users\/11"}],"replies":[{"embeddable":true,"href":"https:\/\/franciscanos.org.br\/noticias\/wp-json\/wp\/v2\/comments?post=257659"}],"version-history":[{"count":6,"href":"https:\/\/franciscanos.org.br\/noticias\/wp-json\/wp\/v2\/posts\/257659\/revisions"}],"predecessor-version":[{"id":257720,"href":"https:\/\/franciscanos.org.br\/noticias\/wp-json\/wp\/v2\/posts\/257659\/revisions\/257720"}],"wp:featuredmedia":[{"embeddable":true,"href":"https:\/\/franciscanos.org.br\/noticias\/wp-json\/wp\/v2\/media\/257716"}],"wp:attachment":[{"href":"https:\/\/franciscanos.org.br\/noticias\/wp-json\/wp\/v2\/media?parent=257659"}],"wp:term":[{"taxonomy":"category","embeddable":true,"href":"https:\/\/franciscanos.org.br\/noticias\/wp-json\/wp\/v2\/categories?post=257659"},{"taxonomy":"post_tag","embeddable":true,"href":"https:\/\/franciscanos.org.br\/noticias\/wp-json\/wp\/v2\/tags?post=257659"}],"curies":[{"name":"wp","href":"https:\/\/api.w.org\/{rel}","templated":true}]}}