{"id":257632,"date":"2025-06-06T09:19:37","date_gmt":"2025-06-06T12:19:37","guid":{"rendered":"https:\/\/franciscanos.org.br\/noticias\/?p=257632"},"modified":"2025-06-06T09:21:14","modified_gmt":"2025-06-06T12:21:14","slug":"paroquia-santo-antonio-em-bauru-celebra-trezena-com-tema-inspirado-no-cantico-das-criaturas","status":"publish","type":"post","link":"https:\/\/franciscanos.org.br\/noticias\/paroquia-santo-antonio-em-bauru-celebra-trezena-com-tema-inspirado-no-cantico-das-criaturas.html","title":{"rendered":"Par\u00f3quia Santo Ant\u00f4nio, em Bauru, celebra Trezena com tema Inspirado no &#8220;C\u00e2ntico das Criaturas&#8221;"},"content":{"rendered":"<p data-start=\"177\" data-end=\"529\"><img loading=\"lazy\" class=\"aligncenter wp-image-257633 size-full\" src=\"https:\/\/franciscanos.org.br\/noticias\/wp-content\/uploads\/2025\/06\/materia-11.png\" alt=\"\" width=\"1280\" height=\"720\" srcset=\"https:\/\/franciscanos.org.br\/noticias\/wp-content\/uploads\/2025\/06\/materia-11.png 1280w, https:\/\/franciscanos.org.br\/noticias\/wp-content\/uploads\/2025\/06\/materia-11-450x253.png 450w, https:\/\/franciscanos.org.br\/noticias\/wp-content\/uploads\/2025\/06\/materia-11-1024x576.png 1024w, https:\/\/franciscanos.org.br\/noticias\/wp-content\/uploads\/2025\/06\/materia-11-768x432.png 768w, https:\/\/franciscanos.org.br\/noticias\/wp-content\/uploads\/2025\/06\/materia-11-150x84.png 150w\" sizes=\"(max-width: 1280px) 100vw, 1280px\" \/><\/p>\n<p data-start=\"177\" data-end=\"529\">A comunidade da Par\u00f3quia Santo Ant\u00f4nio, em Bauru (SP), est\u00e1 vivenciando intensamente a Trezena de Santo Ant\u00f4nio, um per\u00edodo de profunda f\u00e9 e devo\u00e7\u00e3o que antecede as celebra\u00e7\u00f5es do dia do padroeiro. Com in\u00edcio em 31 de maio, a Trezena deste ano prop\u00f5e uma reflex\u00e3o especial, inspirada na grandiosa ora\u00e7\u00e3o de S\u00e3o Francisco de Assis: o &#8220;C\u00e2ntico das Criaturas&#8221;.<\/p>\n<p data-start=\"531\" data-end=\"1092\">As celebra\u00e7\u00f5es acontecem diariamente \u00e0s 7h e \u00e0s 19h, convidando os fi\u00e9is a louvar a Deus atrav\u00e9s dos elementos da cria\u00e7\u00e3o. Para aqueles que n\u00e3o podem estar presencialmente, as missas das 19h s\u00e3o transmitidas ao vivo pelo Facebook da par\u00f3quia. A cada dia, ganham vida e significado figuras como o &#8220;Irm\u00e3o Sol&#8221;, a &#8220;Irm\u00e3 \u00c1gua&#8221; e o &#8220;Irm\u00e3o Vento&#8221;, que comp\u00f5em a rica espiritualidade franciscana. Esse tema n\u00e3o s\u00f3 enriquece a ora\u00e7\u00e3o di\u00e1ria, mas tamb\u00e9m convida a comunidade a uma maior consci\u00eancia sobre a beleza da cria\u00e7\u00e3o e a responsabilidade de todos em cuidar dela.<\/p>\n<p data-start=\"1094\" data-end=\"1585\"><img loading=\"lazy\" class=\"aligncenter wp-image-257634 size-full\" src=\"https:\/\/franciscanos.org.br\/noticias\/wp-content\/uploads\/2025\/06\/materia1.png\" alt=\"\" width=\"1280\" height=\"720\" srcset=\"https:\/\/franciscanos.org.br\/noticias\/wp-content\/uploads\/2025\/06\/materia1.png 1280w, https:\/\/franciscanos.org.br\/noticias\/wp-content\/uploads\/2025\/06\/materia1-450x253.png 450w, https:\/\/franciscanos.org.br\/noticias\/wp-content\/uploads\/2025\/06\/materia1-1024x576.png 1024w, https:\/\/franciscanos.org.br\/noticias\/wp-content\/uploads\/2025\/06\/materia1-768x432.png 768w, https:\/\/franciscanos.org.br\/noticias\/wp-content\/uploads\/2025\/06\/materia1-150x84.png 150w\" sizes=\"(max-width: 1280px) 100vw, 1280px\" \/><\/p>\n<p data-start=\"1094\" data-end=\"1585\">Al\u00e9m das celebra\u00e7\u00f5es lit\u00fargicas di\u00e1rias, que \u00e0s 19h contam com a participa\u00e7\u00e3o de padres convidados e das comunidades da par\u00f3quia, a trezena se tornou um momento de uni\u00e3o e confraterniza\u00e7\u00e3o. A comunidade tem se engajado em a\u00e7\u00f5es que promovem a partilha e a solidariedade, como a Barraca do Santo Ant\u00f4nio Solid\u00e1rio. Nela, s\u00e3o recebidas doa\u00e7\u00f5es de alimentos e produtos de higiene e limpeza, que ser\u00e3o transformados em cestas b\u00e1sicas e doadas \u00e0s fam\u00edlias assistidas pelos Vicentinos da par\u00f3quia.<\/p>\n<p data-start=\"1587\" data-end=\"2014\"><img loading=\"lazy\" class=\"aligncenter wp-image-257635 size-full\" src=\"https:\/\/franciscanos.org.br\/noticias\/wp-content\/uploads\/2025\/06\/materia2.png\" alt=\"\" width=\"1280\" height=\"720\" srcset=\"https:\/\/franciscanos.org.br\/noticias\/wp-content\/uploads\/2025\/06\/materia2.png 1280w, https:\/\/franciscanos.org.br\/noticias\/wp-content\/uploads\/2025\/06\/materia2-450x253.png 450w, https:\/\/franciscanos.org.br\/noticias\/wp-content\/uploads\/2025\/06\/materia2-1024x576.png 1024w, https:\/\/franciscanos.org.br\/noticias\/wp-content\/uploads\/2025\/06\/materia2-768x432.png 768w, https:\/\/franciscanos.org.br\/noticias\/wp-content\/uploads\/2025\/06\/materia2-150x84.png 150w\" sizes=\"(max-width: 1280px) 100vw, 1280px\" \/><\/p>\n<p data-start=\"1587\" data-end=\"2014\">A f\u00e9 e a devo\u00e7\u00e3o tamb\u00e9m podem ser aprofundadas na barraca de artigos religiosos, aberta diariamente. No local, os fi\u00e9is encontram uma variedade de itens, como imagens, chaveiros e ter\u00e7os, al\u00e9m de poderem participar da rifa de uma imagem de Santo Ant\u00f4nio por apenas R$ 5,00. A tradicional fitinha de Santo Ant\u00f4nio tamb\u00e9m est\u00e1 dispon\u00edvel para ser amarrada na grade da par\u00f3quia, onde os devotos depositam seus pedidos e inten\u00e7\u00f5es.<\/p>\n\n\t\t<style type=\"text\/css\">\n\t\t\t#gallery-1 {\n\t\t\t\tmargin: auto;\n\t\t\t}\n\t\t\t#gallery-1 .gallery-item {\n\t\t\t\tfloat: left;\n\t\t\t\tmargin-top: 10px;\n\t\t\t\ttext-align: center;\n\t\t\t\twidth: 33%;\n\t\t\t}\n\t\t\t#gallery-1 img {\n\t\t\t\tborder: 2px solid #cfcfcf;\n\t\t\t}\n\t\t\t#gallery-1 .gallery-caption {\n\t\t\t\tmargin-left: 0;\n\t\t\t}\n\t\t\t\/* see gallery_shortcode() in wp-includes\/media.php *\/\n\t\t<\/style>\n\t\t<div id='gallery-1' class='gallery galleryid-257632 gallery-columns-3 gallery-size-thumbnail'><dl class='gallery-item'>\n\t\t\t<dt class='gallery-icon landscape'>\n\t\t\t\t<a href='https:\/\/franciscanos.org.br\/noticias\/wp-content\/uploads\/2025\/06\/WhatsApp-Image-2025-06-05-at-17.37.52-8.jpeg'><img width=\"300\" height=\"300\" src=\"https:\/\/franciscanos.org.br\/noticias\/wp-content\/uploads\/2025\/06\/WhatsApp-Image-2025-06-05-at-17.37.52-8-300x300.jpeg\" class=\"attachment-thumbnail size-thumbnail\" alt=\"\" loading=\"lazy\" srcset=\"https:\/\/franciscanos.org.br\/noticias\/wp-content\/uploads\/2025\/06\/WhatsApp-Image-2025-06-05-at-17.37.52-8-300x300.jpeg 300w, https:\/\/franciscanos.org.br\/noticias\/wp-content\/uploads\/2025\/06\/WhatsApp-Image-2025-06-05-at-17.37.52-8-100x100.jpeg 100w\" sizes=\"(max-width: 300px) 100vw, 300px\" \/><\/a>\n\t\t\t<\/dt><\/dl><dl class='gallery-item'>\n\t\t\t<dt class='gallery-icon landscape'>\n\t\t\t\t<a href='https:\/\/franciscanos.org.br\/noticias\/wp-content\/uploads\/2025\/06\/WhatsApp-Image-2025-06-05-at-17.37.52-3.jpeg'><img width=\"300\" height=\"300\" src=\"https:\/\/franciscanos.org.br\/noticias\/wp-content\/uploads\/2025\/06\/WhatsApp-Image-2025-06-05-at-17.37.52-3-300x300.jpeg\" class=\"attachment-thumbnail size-thumbnail\" alt=\"\" loading=\"lazy\" srcset=\"https:\/\/franciscanos.org.br\/noticias\/wp-content\/uploads\/2025\/06\/WhatsApp-Image-2025-06-05-at-17.37.52-3-300x300.jpeg 300w, https:\/\/franciscanos.org.br\/noticias\/wp-content\/uploads\/2025\/06\/WhatsApp-Image-2025-06-05-at-17.37.52-3-100x100.jpeg 100w\" sizes=\"(max-width: 300px) 100vw, 300px\" \/><\/a>\n\t\t\t<\/dt><\/dl><dl class='gallery-item'>\n\t\t\t<dt class='gallery-icon landscape'>\n\t\t\t\t<a href='https:\/\/franciscanos.org.br\/noticias\/wp-content\/uploads\/2025\/06\/WhatsApp-Image-2025-06-05-at-17.37.52-2.jpeg'><img width=\"300\" height=\"300\" src=\"https:\/\/franciscanos.org.br\/noticias\/wp-content\/uploads\/2025\/06\/WhatsApp-Image-2025-06-05-at-17.37.52-2-300x300.jpeg\" class=\"attachment-thumbnail size-thumbnail\" alt=\"\" loading=\"lazy\" srcset=\"https:\/\/franciscanos.org.br\/noticias\/wp-content\/uploads\/2025\/06\/WhatsApp-Image-2025-06-05-at-17.37.52-2-300x300.jpeg 300w, https:\/\/franciscanos.org.br\/noticias\/wp-content\/uploads\/2025\/06\/WhatsApp-Image-2025-06-05-at-17.37.52-2-100x100.jpeg 100w\" sizes=\"(max-width: 300px) 100vw, 300px\" \/><\/a>\n\t\t\t<\/dt><\/dl><br style=\"clear: both\" \/>\n\t\t<\/div>\n\n<p data-start=\"2016\" data-end=\"2355\">A Trezena de Santo Ant\u00f4nio segue at\u00e9 12 de junho, culminando com as festividades do dia do padroeiro. No dia 13 de junho, a Par\u00f3quia Santo Ant\u00f4nio ter\u00e1 um dia especial de missas em diversos hor\u00e1rios: 7h, 9h, 12h, 15h (presidida pelo Bispo Diocesano Dom Rubens Sevilha), 17h (presidida pelo Bispo Em\u00e9rito Frei Dom Caetano Ferrari) e \u00e0s 19h.<\/p>\n<p data-start=\"2357\" data-end=\"2524\">Para continuar a celebra\u00e7\u00e3o e a confraterniza\u00e7\u00e3o, a quermesse da par\u00f3quia se estender\u00e1 pelos pr\u00f3ximos dois finais de semana: 6, 7 e 8 de junho, e 13, 14 e 15 de junho.<\/p>\n<p data-start=\"2526\" data-end=\"2808\">Acompanhe todas as novidades e momentos da Trezena e da Festa de Santo Ant\u00f4nio em nossas redes sociais: @SantoAntonioBauru. \u00c9 um convite aberto a todos para fortalecer a f\u00e9, renovar a esperan\u00e7a e celebrar a vida, guiados pela luz do &#8220;Pai dos Pobres&#8221; e pela beleza da cria\u00e7\u00e3o divina.<\/p>\n<hr \/>\n<p><em>PASCOM &#8211; Par\u00f3quia Santo Ant\u00f4nio Bauru<\/em><\/p>\n","protected":false},"excerpt":{"rendered":"<p>Festa de Santo Ant\u00f4nio 2025<\/p>\n","protected":false},"author":11,"featured_media":257639,"comment_status":"open","ping_status":"open","sticky":false,"template":"","format":"standard","meta":[],"categories":[1],"tags":[2344,2338,1973],"acf":[],"yoast_head":"<!-- This site is optimized with the Yoast SEO plugin v19.2 - https:\/\/yoast.com\/wordpress\/plugins\/seo\/ -->\n<title>Par\u00f3quia Santo Ant\u00f4nio, em Bauru, celebra Trezena com tema Inspirado no &quot;C\u00e2ntico das Criaturas&quot; - Not\u00edcias - Franciscanos<\/title>\n<meta name=\"robots\" content=\"index, follow, max-snippet:-1, max-image-preview:large, max-video-preview:-1\" \/>\n<link rel=\"canonical\" href=\"https:\/\/franciscanos.org.br\/noticias\/paroquia-santo-antonio-em-bauru-celebra-trezena-com-tema-inspirado-no-cantico-das-criaturas.html\" \/>\n<meta property=\"og:locale\" content=\"pt_BR\" \/>\n<meta property=\"og:type\" content=\"article\" \/>\n<meta property=\"og:title\" content=\"Par\u00f3quia Santo Ant\u00f4nio, em Bauru, celebra Trezena com tema Inspirado no &quot;C\u00e2ntico das Criaturas&quot; - Not\u00edcias - Franciscanos\" \/>\n<meta property=\"og:description\" content=\"Festa de Santo Ant\u00f4nio 2025\" \/>\n<meta property=\"og:url\" content=\"https:\/\/franciscanos.org.br\/noticias\/paroquia-santo-antonio-em-bauru-celebra-trezena-com-tema-inspirado-no-cantico-das-criaturas.html\" \/>\n<meta property=\"og:site_name\" content=\"Not\u00edcias - Franciscanos\" \/>\n<meta property=\"article:published_time\" content=\"2025-06-06T12:19:37+00:00\" \/>\n<meta property=\"article:modified_time\" content=\"2025-06-06T12:21:14+00:00\" \/>\n<meta property=\"og:image\" content=\"https:\/\/franciscanos.org.br\/noticias\/wp-content\/uploads\/2025\/06\/chamada-11.png\" \/>\n\t<meta property=\"og:image:width\" content=\"800\" \/>\n\t<meta property=\"og:image:height\" content=\"550\" \/>\n\t<meta property=\"og:image:type\" content=\"image\/png\" \/>\n<meta name=\"author\" content=\"Adriana Rabelo\" \/>\n<meta name=\"twitter:card\" content=\"summary_large_image\" \/>\n<meta name=\"twitter:label1\" content=\"Escrito por\" \/>\n\t<meta name=\"twitter:data1\" content=\"Adriana Rabelo\" \/>\n\t<meta name=\"twitter:label2\" content=\"Est. tempo de leitura\" \/>\n\t<meta name=\"twitter:data2\" content=\"3 minutos\" \/>\n<script type=\"application\/ld+json\" class=\"yoast-schema-graph\">{\"@context\":\"https:\/\/schema.org\",\"@graph\":[{\"@type\":\"WebSite\",\"@id\":\"https:\/\/franciscanos.org.br\/noticias\/#website\",\"url\":\"https:\/\/franciscanos.org.br\/noticias\/\",\"name\":\"Not\u00edcias - Franciscanos\",\"description\":\"Prov\u00edncia Franciscana da Imaculada Concei\u00e7\u00e3o do Brasil - Ordem dos Frades Menores - OFM\",\"potentialAction\":[{\"@type\":\"SearchAction\",\"target\":{\"@type\":\"EntryPoint\",\"urlTemplate\":\"https:\/\/franciscanos.org.br\/noticias\/?s={search_term_string}\"},\"query-input\":\"required name=search_term_string\"}],\"inLanguage\":\"pt-BR\"},{\"@type\":\"ImageObject\",\"inLanguage\":\"pt-BR\",\"@id\":\"https:\/\/franciscanos.org.br\/noticias\/paroquia-santo-antonio-em-bauru-celebra-trezena-com-tema-inspirado-no-cantico-das-criaturas.html#primaryimage\",\"url\":\"https:\/\/franciscanos.org.br\/noticias\/wp-content\/uploads\/2025\/06\/chamada-11.png\",\"contentUrl\":\"https:\/\/franciscanos.org.br\/noticias\/wp-content\/uploads\/2025\/06\/chamada-11.png\",\"width\":800,\"height\":550},{\"@type\":\"WebPage\",\"@id\":\"https:\/\/franciscanos.org.br\/noticias\/paroquia-santo-antonio-em-bauru-celebra-trezena-com-tema-inspirado-no-cantico-das-criaturas.html#webpage\",\"url\":\"https:\/\/franciscanos.org.br\/noticias\/paroquia-santo-antonio-em-bauru-celebra-trezena-com-tema-inspirado-no-cantico-das-criaturas.html\",\"name\":\"Par\u00f3quia Santo Ant\u00f4nio, em Bauru, celebra Trezena com tema Inspirado no \\\"C\u00e2ntico das Criaturas\\\" - Not\u00edcias - Franciscanos\",\"isPartOf\":{\"@id\":\"https:\/\/franciscanos.org.br\/noticias\/#website\"},\"primaryImageOfPage\":{\"@id\":\"https:\/\/franciscanos.org.br\/noticias\/paroquia-santo-antonio-em-bauru-celebra-trezena-com-tema-inspirado-no-cantico-das-criaturas.html#primaryimage\"},\"datePublished\":\"2025-06-06T12:19:37+00:00\",\"dateModified\":\"2025-06-06T12:21:14+00:00\",\"author\":{\"@id\":\"https:\/\/franciscanos.org.br\/noticias\/#\/schema\/person\/d9422e83121c3ad3b0f423d195f5bb25\"},\"breadcrumb\":{\"@id\":\"https:\/\/franciscanos.org.br\/noticias\/paroquia-santo-antonio-em-bauru-celebra-trezena-com-tema-inspirado-no-cantico-das-criaturas.html#breadcrumb\"},\"inLanguage\":\"pt-BR\",\"potentialAction\":[{\"@type\":\"ReadAction\",\"target\":[\"https:\/\/franciscanos.org.br\/noticias\/paroquia-santo-antonio-em-bauru-celebra-trezena-com-tema-inspirado-no-cantico-das-criaturas.html\"]}]},{\"@type\":\"BreadcrumbList\",\"@id\":\"https:\/\/franciscanos.org.br\/noticias\/paroquia-santo-antonio-em-bauru-celebra-trezena-com-tema-inspirado-no-cantico-das-criaturas.html#breadcrumb\",\"itemListElement\":[{\"@type\":\"ListItem\",\"position\":1,\"name\":\"Home\",\"item\":\"https:\/\/franciscanos.org.br\/noticias\"},{\"@type\":\"ListItem\",\"position\":2,\"name\":\"Par\u00f3quia Santo Ant\u00f4nio, em Bauru, celebra Trezena com tema Inspirado no &#8220;C\u00e2ntico das Criaturas&#8221;\"}]},{\"@type\":\"Person\",\"@id\":\"https:\/\/franciscanos.org.br\/noticias\/#\/schema\/person\/d9422e83121c3ad3b0f423d195f5bb25\",\"name\":\"Adriana Rabelo\",\"image\":{\"@type\":\"ImageObject\",\"inLanguage\":\"pt-BR\",\"@id\":\"https:\/\/franciscanos.org.br\/noticias\/#\/schema\/person\/image\/\",\"url\":\"https:\/\/secure.gravatar.com\/avatar\/0a937b7500cd7df77540cfb8bede877d?s=96&d=mm&r=g\",\"contentUrl\":\"https:\/\/secure.gravatar.com\/avatar\/0a937b7500cd7df77540cfb8bede877d?s=96&d=mm&r=g\",\"caption\":\"Adriana Rabelo\"},\"url\":\"https:\/\/franciscanos.org.br\/noticias\/author\/adrianarabelo\"}]}<\/script>\n<!-- \/ Yoast SEO plugin. -->","yoast_head_json":{"title":"Par\u00f3quia Santo Ant\u00f4nio, em Bauru, celebra Trezena com tema Inspirado no \"C\u00e2ntico das Criaturas\" - Not\u00edcias - Franciscanos","robots":{"index":"index","follow":"follow","max-snippet":"max-snippet:-1","max-image-preview":"max-image-preview:large","max-video-preview":"max-video-preview:-1"},"canonical":"https:\/\/franciscanos.org.br\/noticias\/paroquia-santo-antonio-em-bauru-celebra-trezena-com-tema-inspirado-no-cantico-das-criaturas.html","og_locale":"pt_BR","og_type":"article","og_title":"Par\u00f3quia Santo Ant\u00f4nio, em Bauru, celebra Trezena com tema Inspirado no \"C\u00e2ntico das Criaturas\" - Not\u00edcias - Franciscanos","og_description":"Festa de Santo Ant\u00f4nio 2025","og_url":"https:\/\/franciscanos.org.br\/noticias\/paroquia-santo-antonio-em-bauru-celebra-trezena-com-tema-inspirado-no-cantico-das-criaturas.html","og_site_name":"Not\u00edcias - Franciscanos","article_published_time":"2025-06-06T12:19:37+00:00","article_modified_time":"2025-06-06T12:21:14+00:00","og_image":[{"width":800,"height":550,"url":"https:\/\/franciscanos.org.br\/noticias\/wp-content\/uploads\/2025\/06\/chamada-11.png","type":"image\/png"}],"author":"Adriana Rabelo","twitter_card":"summary_large_image","twitter_misc":{"Escrito por":"Adriana Rabelo","Est. tempo de leitura":"3 minutos"},"schema":{"@context":"https:\/\/schema.org","@graph":[{"@type":"WebSite","@id":"https:\/\/franciscanos.org.br\/noticias\/#website","url":"https:\/\/franciscanos.org.br\/noticias\/","name":"Not\u00edcias - Franciscanos","description":"Prov\u00edncia Franciscana da Imaculada Concei\u00e7\u00e3o do Brasil - Ordem dos Frades Menores - OFM","potentialAction":[{"@type":"SearchAction","target":{"@type":"EntryPoint","urlTemplate":"https:\/\/franciscanos.org.br\/noticias\/?s={search_term_string}"},"query-input":"required name=search_term_string"}],"inLanguage":"pt-BR"},{"@type":"ImageObject","inLanguage":"pt-BR","@id":"https:\/\/franciscanos.org.br\/noticias\/paroquia-santo-antonio-em-bauru-celebra-trezena-com-tema-inspirado-no-cantico-das-criaturas.html#primaryimage","url":"https:\/\/franciscanos.org.br\/noticias\/wp-content\/uploads\/2025\/06\/chamada-11.png","contentUrl":"https:\/\/franciscanos.org.br\/noticias\/wp-content\/uploads\/2025\/06\/chamada-11.png","width":800,"height":550},{"@type":"WebPage","@id":"https:\/\/franciscanos.org.br\/noticias\/paroquia-santo-antonio-em-bauru-celebra-trezena-com-tema-inspirado-no-cantico-das-criaturas.html#webpage","url":"https:\/\/franciscanos.org.br\/noticias\/paroquia-santo-antonio-em-bauru-celebra-trezena-com-tema-inspirado-no-cantico-das-criaturas.html","name":"Par\u00f3quia Santo Ant\u00f4nio, em Bauru, celebra Trezena com tema Inspirado no \"C\u00e2ntico das Criaturas\" - Not\u00edcias - Franciscanos","isPartOf":{"@id":"https:\/\/franciscanos.org.br\/noticias\/#website"},"primaryImageOfPage":{"@id":"https:\/\/franciscanos.org.br\/noticias\/paroquia-santo-antonio-em-bauru-celebra-trezena-com-tema-inspirado-no-cantico-das-criaturas.html#primaryimage"},"datePublished":"2025-06-06T12:19:37+00:00","dateModified":"2025-06-06T12:21:14+00:00","author":{"@id":"https:\/\/franciscanos.org.br\/noticias\/#\/schema\/person\/d9422e83121c3ad3b0f423d195f5bb25"},"breadcrumb":{"@id":"https:\/\/franciscanos.org.br\/noticias\/paroquia-santo-antonio-em-bauru-celebra-trezena-com-tema-inspirado-no-cantico-das-criaturas.html#breadcrumb"},"inLanguage":"pt-BR","potentialAction":[{"@type":"ReadAction","target":["https:\/\/franciscanos.org.br\/noticias\/paroquia-santo-antonio-em-bauru-celebra-trezena-com-tema-inspirado-no-cantico-das-criaturas.html"]}]},{"@type":"BreadcrumbList","@id":"https:\/\/franciscanos.org.br\/noticias\/paroquia-santo-antonio-em-bauru-celebra-trezena-com-tema-inspirado-no-cantico-das-criaturas.html#breadcrumb","itemListElement":[{"@type":"ListItem","position":1,"name":"Home","item":"https:\/\/franciscanos.org.br\/noticias"},{"@type":"ListItem","position":2,"name":"Par\u00f3quia Santo Ant\u00f4nio, em Bauru, celebra Trezena com tema Inspirado no &#8220;C\u00e2ntico das Criaturas&#8221;"}]},{"@type":"Person","@id":"https:\/\/franciscanos.org.br\/noticias\/#\/schema\/person\/d9422e83121c3ad3b0f423d195f5bb25","name":"Adriana Rabelo","image":{"@type":"ImageObject","inLanguage":"pt-BR","@id":"https:\/\/franciscanos.org.br\/noticias\/#\/schema\/person\/image\/","url":"https:\/\/secure.gravatar.com\/avatar\/0a937b7500cd7df77540cfb8bede877d?s=96&d=mm&r=g","contentUrl":"https:\/\/secure.gravatar.com\/avatar\/0a937b7500cd7df77540cfb8bede877d?s=96&d=mm&r=g","caption":"Adriana Rabelo"},"url":"https:\/\/franciscanos.org.br\/noticias\/author\/adrianarabelo"}]}},"_links":{"self":[{"href":"https:\/\/franciscanos.org.br\/noticias\/wp-json\/wp\/v2\/posts\/257632"}],"collection":[{"href":"https:\/\/franciscanos.org.br\/noticias\/wp-json\/wp\/v2\/posts"}],"about":[{"href":"https:\/\/franciscanos.org.br\/noticias\/wp-json\/wp\/v2\/types\/post"}],"author":[{"embeddable":true,"href":"https:\/\/franciscanos.org.br\/noticias\/wp-json\/wp\/v2\/users\/11"}],"replies":[{"embeddable":true,"href":"https:\/\/franciscanos.org.br\/noticias\/wp-json\/wp\/v2\/comments?post=257632"}],"version-history":[{"count":5,"href":"https:\/\/franciscanos.org.br\/noticias\/wp-json\/wp\/v2\/posts\/257632\/revisions"}],"predecessor-version":[{"id":257645,"href":"https:\/\/franciscanos.org.br\/noticias\/wp-json\/wp\/v2\/posts\/257632\/revisions\/257645"}],"wp:featuredmedia":[{"embeddable":true,"href":"https:\/\/franciscanos.org.br\/noticias\/wp-json\/wp\/v2\/media\/257639"}],"wp:attachment":[{"href":"https:\/\/franciscanos.org.br\/noticias\/wp-json\/wp\/v2\/media?parent=257632"}],"wp:term":[{"taxonomy":"category","embeddable":true,"href":"https:\/\/franciscanos.org.br\/noticias\/wp-json\/wp\/v2\/categories?post=257632"},{"taxonomy":"post_tag","embeddable":true,"href":"https:\/\/franciscanos.org.br\/noticias\/wp-json\/wp\/v2\/tags?post=257632"}],"curies":[{"name":"wp","href":"https:\/\/api.w.org\/{rel}","templated":true}]}}