{"id":257459,"date":"2025-06-04T07:08:55","date_gmt":"2025-06-04T10:08:55","guid":{"rendered":"https:\/\/franciscanos.org.br\/noticias\/?p=257459"},"modified":"2025-06-04T07:10:12","modified_gmt":"2025-06-04T10:10:12","slug":"o-convite-de-leao-xiv-aos-jovens-arregacem-as-mangas-para-trabalhar-na-vinha-do-senhor","status":"publish","type":"post","link":"https:\/\/franciscanos.org.br\/noticias\/o-convite-de-leao-xiv-aos-jovens-arregacem-as-mangas-para-trabalhar-na-vinha-do-senhor.html","title":{"rendered":"O convite de Le\u00e3o XIV aos jovens: arregacem as mangas para trabalhar na vinha do Senhor!"},"content":{"rendered":"<p><em><img loading=\"lazy\" class=\"aligncenter wp-image-257460 size-full\" src=\"https:\/\/franciscanos.org.br\/noticias\/wp-content\/uploads\/2025\/06\/materia-7.png\" alt=\"\" width=\"1280\" height=\"720\" srcset=\"https:\/\/franciscanos.org.br\/noticias\/wp-content\/uploads\/2025\/06\/materia-7.png 1280w, https:\/\/franciscanos.org.br\/noticias\/wp-content\/uploads\/2025\/06\/materia-7-450x253.png 450w, https:\/\/franciscanos.org.br\/noticias\/wp-content\/uploads\/2025\/06\/materia-7-1024x576.png 1024w, https:\/\/franciscanos.org.br\/noticias\/wp-content\/uploads\/2025\/06\/materia-7-768x432.png 768w, https:\/\/franciscanos.org.br\/noticias\/wp-content\/uploads\/2025\/06\/materia-7-150x84.png 150w\" sizes=\"(max-width: 1280px) 100vw, 1280px\" \/><\/em><\/p>\n<p><em>Na catequese desta quarta-feira, 4 de junho, o Papa dirigiu uma mensagem especial aos jovens, exortando-os a responderem com entusiamo ao chamado do Senhor, pois n\u00e3o ficar\u00e3o desiludidos.<\/em><\/p>\n<p>Le\u00e3o XIV se reuniu com cerca de 35 mil fi\u00e9is na Pra\u00e7a S\u00e3o Pedro para a Audi\u00eancia Geral desta quarta-feira, 4 de junho.<\/p>\n<p>Dando sequ\u00eancia \u00e0s catequeses sobre as par\u00e1bolas de Jesus, o Papa comentou hoje aquela narrada no cap\u00edtulo 20 do Evangelho de Mateus, em que oper\u00e1rios aguardam na pra\u00e7a do mercado \u00e0 espera que algu\u00e9m os contrate por um dia.<\/p>\n<p>\u201cA met\u00e1fora da pra\u00e7a do mercado \u00e9 tamb\u00e9m muito adequada aos nossos tempos, porque o mercado \u00e9 o local dos neg\u00f3cios, onde, infelizmente, o afeto e a dignidade tamb\u00e9m se compram e vendem, na tentativa de ganhar algo. E quando n\u00e3o nos sentimos apreciados, reconhecidos, corremos o risco de nos vendermos ao primeiro comprador. O Senhor recorda-nos, em vez disso, que a nossa vida tem valor, e o seu desejo \u00e9 ajudar-nos a descobri-lo\u201d, comentou o Santo Padre.<\/p>\n<p>A aten\u00e7\u00e3o do Pont\u00edfice se concentra sobre propriet\u00e1rio de uma vinha, que sai pessoalmente \u00e0 procura dos seus oper\u00e1rios de tr\u00eas em tr\u00eas horas, mesmo no final do expediente, aparentemente sem necessidade.<\/p>\n<p>Essa par\u00e1bola nos d\u00e1 esperan\u00e7a, disse ainda o Papa, porque mesmo quando parece que podemos fazer pouco na vida, vale sempre a pena. H\u00e1 sempre algu\u00e9m que acredita em n\u00f3s e nos valoriza: \u201cH\u00e1 sempre a possibilidade de encontrar um sentido, porque Deus ama a nossa vida\u201d.<\/p>\n<p>A originalidade deste senhor se revela tamb\u00e9m no final do dia, na hora do pagamento. Ele conhece a dignidade dos oper\u00e1rios, e, com base nela, quer pag\u00e1-los. E d\u00e1 um den\u00e1rio a cada um, mesmo para aqueles que trabalharam menos. Para o senhor da vinha, isto \u00e9, para Deus, \u00e9 justo que todos tenham o necess\u00e1rio para viver, explicou o Papa.<\/p>\n<p>\u201cDeus quer dar a todos o seu Reino, isto \u00e9, a vida plena, eterna e feliz. E assim Jesus faz conosco: n\u00e3o faz classifica\u00e7\u00f5es, \u00e0queles que lhe abrem o cora\u00e7\u00e3o, entrega-se inteiramente.\u201d<\/p>\n<p>\u00c0 luz dessa par\u00e1bola, o crist\u00e3o de hoje poderia ser tentado a pensar: \u201cPor que come\u00e7ar a trabalhar cedo se a remunera\u00e7\u00e3o \u00e9 a mesma?\u201d<\/p>\n<p>A esta d\u00favida, o Papa responde, especialmente aos jovens: \u201cN\u00e3o esperem, mas respondam com entusiasmo ao Senhor, que nos chama a trabalhar na sua vinha. N\u00e3o demorem, arregacem as mangas, porque o Senhor \u00e9 generoso e n\u00e3o ficar\u00e3o desiludidos! Trabalhando na sua vinha, encontrar\u00e3o a resposta para aquela pergunta profunda que trazem dentro de voc\u00eas: qual \u00e9 o sentido da minha vida?<\/p>\n<p>Queridos irm\u00e3os e irm\u00e3s, n\u00e3o desanimemos! Mesmo nos momentos sombrios da vida, quando o tempo passa sem nos dar as respostas que procuramos, pe\u00e7amos ao Senhor que saia novamente e nos alcance onde o estejamos esperando. Ele \u00e9 generoso e vir\u00e1 em breve!<\/p>\n<hr \/>\n<p><em>Bianca Fraccalvieri \u2013 Vatican News<\/em><\/p>\n","protected":false},"excerpt":{"rendered":"<p>Audi\u00eancia Geral<\/p>\n","protected":false},"author":11,"featured_media":257461,"comment_status":"open","ping_status":"open","sticky":false,"template":"","format":"standard","meta":[],"categories":[1],"tags":[487,2343],"acf":[],"yoast_head":"<!-- This site is optimized with the Yoast SEO plugin v19.2 - https:\/\/yoast.com\/wordpress\/plugins\/seo\/ -->\n<title>O convite de Le\u00e3o XIV aos jovens: arregacem as mangas para trabalhar na vinha do Senhor! - Not\u00edcias - Franciscanos<\/title>\n<meta name=\"robots\" content=\"index, follow, max-snippet:-1, max-image-preview:large, max-video-preview:-1\" \/>\n<link rel=\"canonical\" href=\"https:\/\/franciscanos.org.br\/noticias\/o-convite-de-leao-xiv-aos-jovens-arregacem-as-mangas-para-trabalhar-na-vinha-do-senhor.html\" \/>\n<meta property=\"og:locale\" content=\"pt_BR\" \/>\n<meta property=\"og:type\" content=\"article\" \/>\n<meta property=\"og:title\" content=\"O convite de Le\u00e3o XIV aos jovens: arregacem as mangas para trabalhar na vinha do Senhor! - Not\u00edcias - Franciscanos\" \/>\n<meta property=\"og:description\" content=\"Audi\u00eancia Geral\" \/>\n<meta property=\"og:url\" content=\"https:\/\/franciscanos.org.br\/noticias\/o-convite-de-leao-xiv-aos-jovens-arregacem-as-mangas-para-trabalhar-na-vinha-do-senhor.html\" \/>\n<meta property=\"og:site_name\" content=\"Not\u00edcias - Franciscanos\" \/>\n<meta property=\"article:published_time\" content=\"2025-06-04T10:08:55+00:00\" \/>\n<meta property=\"article:modified_time\" content=\"2025-06-04T10:10:12+00:00\" \/>\n<meta property=\"og:image\" content=\"https:\/\/franciscanos.org.br\/noticias\/wp-content\/uploads\/2025\/06\/chamada-6.png\" \/>\n\t<meta property=\"og:image:width\" content=\"800\" \/>\n\t<meta property=\"og:image:height\" content=\"550\" \/>\n\t<meta property=\"og:image:type\" content=\"image\/png\" \/>\n<meta name=\"author\" content=\"Adriana Rabelo\" \/>\n<meta name=\"twitter:card\" content=\"summary_large_image\" \/>\n<meta name=\"twitter:label1\" content=\"Escrito por\" \/>\n\t<meta name=\"twitter:data1\" content=\"Adriana Rabelo\" \/>\n\t<meta name=\"twitter:label2\" content=\"Est. tempo de leitura\" \/>\n\t<meta name=\"twitter:data2\" content=\"3 minutos\" \/>\n<script type=\"application\/ld+json\" class=\"yoast-schema-graph\">{\"@context\":\"https:\/\/schema.org\",\"@graph\":[{\"@type\":\"WebSite\",\"@id\":\"https:\/\/franciscanos.org.br\/noticias\/#website\",\"url\":\"https:\/\/franciscanos.org.br\/noticias\/\",\"name\":\"Not\u00edcias - Franciscanos\",\"description\":\"Prov\u00edncia Franciscana da Imaculada Concei\u00e7\u00e3o do Brasil - Ordem dos Frades Menores - OFM\",\"potentialAction\":[{\"@type\":\"SearchAction\",\"target\":{\"@type\":\"EntryPoint\",\"urlTemplate\":\"https:\/\/franciscanos.org.br\/noticias\/?s={search_term_string}\"},\"query-input\":\"required name=search_term_string\"}],\"inLanguage\":\"pt-BR\"},{\"@type\":\"ImageObject\",\"inLanguage\":\"pt-BR\",\"@id\":\"https:\/\/franciscanos.org.br\/noticias\/o-convite-de-leao-xiv-aos-jovens-arregacem-as-mangas-para-trabalhar-na-vinha-do-senhor.html#primaryimage\",\"url\":\"https:\/\/franciscanos.org.br\/noticias\/wp-content\/uploads\/2025\/06\/chamada-6.png\",\"contentUrl\":\"https:\/\/franciscanos.org.br\/noticias\/wp-content\/uploads\/2025\/06\/chamada-6.png\",\"width\":800,\"height\":550},{\"@type\":\"WebPage\",\"@id\":\"https:\/\/franciscanos.org.br\/noticias\/o-convite-de-leao-xiv-aos-jovens-arregacem-as-mangas-para-trabalhar-na-vinha-do-senhor.html#webpage\",\"url\":\"https:\/\/franciscanos.org.br\/noticias\/o-convite-de-leao-xiv-aos-jovens-arregacem-as-mangas-para-trabalhar-na-vinha-do-senhor.html\",\"name\":\"O convite de Le\u00e3o XIV aos jovens: arregacem as mangas para trabalhar na vinha do Senhor! - Not\u00edcias - Franciscanos\",\"isPartOf\":{\"@id\":\"https:\/\/franciscanos.org.br\/noticias\/#website\"},\"primaryImageOfPage\":{\"@id\":\"https:\/\/franciscanos.org.br\/noticias\/o-convite-de-leao-xiv-aos-jovens-arregacem-as-mangas-para-trabalhar-na-vinha-do-senhor.html#primaryimage\"},\"datePublished\":\"2025-06-04T10:08:55+00:00\",\"dateModified\":\"2025-06-04T10:10:12+00:00\",\"author\":{\"@id\":\"https:\/\/franciscanos.org.br\/noticias\/#\/schema\/person\/d9422e83121c3ad3b0f423d195f5bb25\"},\"breadcrumb\":{\"@id\":\"https:\/\/franciscanos.org.br\/noticias\/o-convite-de-leao-xiv-aos-jovens-arregacem-as-mangas-para-trabalhar-na-vinha-do-senhor.html#breadcrumb\"},\"inLanguage\":\"pt-BR\",\"potentialAction\":[{\"@type\":\"ReadAction\",\"target\":[\"https:\/\/franciscanos.org.br\/noticias\/o-convite-de-leao-xiv-aos-jovens-arregacem-as-mangas-para-trabalhar-na-vinha-do-senhor.html\"]}]},{\"@type\":\"BreadcrumbList\",\"@id\":\"https:\/\/franciscanos.org.br\/noticias\/o-convite-de-leao-xiv-aos-jovens-arregacem-as-mangas-para-trabalhar-na-vinha-do-senhor.html#breadcrumb\",\"itemListElement\":[{\"@type\":\"ListItem\",\"position\":1,\"name\":\"Home\",\"item\":\"https:\/\/franciscanos.org.br\/noticias\"},{\"@type\":\"ListItem\",\"position\":2,\"name\":\"O convite de Le\u00e3o XIV aos jovens: arregacem as mangas para trabalhar na vinha do Senhor!\"}]},{\"@type\":\"Person\",\"@id\":\"https:\/\/franciscanos.org.br\/noticias\/#\/schema\/person\/d9422e83121c3ad3b0f423d195f5bb25\",\"name\":\"Adriana Rabelo\",\"image\":{\"@type\":\"ImageObject\",\"inLanguage\":\"pt-BR\",\"@id\":\"https:\/\/franciscanos.org.br\/noticias\/#\/schema\/person\/image\/\",\"url\":\"https:\/\/secure.gravatar.com\/avatar\/0a937b7500cd7df77540cfb8bede877d?s=96&d=mm&r=g\",\"contentUrl\":\"https:\/\/secure.gravatar.com\/avatar\/0a937b7500cd7df77540cfb8bede877d?s=96&d=mm&r=g\",\"caption\":\"Adriana Rabelo\"},\"url\":\"https:\/\/franciscanos.org.br\/noticias\/author\/adrianarabelo\"}]}<\/script>\n<!-- \/ Yoast SEO plugin. -->","yoast_head_json":{"title":"O convite de Le\u00e3o XIV aos jovens: arregacem as mangas para trabalhar na vinha do Senhor! - Not\u00edcias - Franciscanos","robots":{"index":"index","follow":"follow","max-snippet":"max-snippet:-1","max-image-preview":"max-image-preview:large","max-video-preview":"max-video-preview:-1"},"canonical":"https:\/\/franciscanos.org.br\/noticias\/o-convite-de-leao-xiv-aos-jovens-arregacem-as-mangas-para-trabalhar-na-vinha-do-senhor.html","og_locale":"pt_BR","og_type":"article","og_title":"O convite de Le\u00e3o XIV aos jovens: arregacem as mangas para trabalhar na vinha do Senhor! - Not\u00edcias - Franciscanos","og_description":"Audi\u00eancia Geral","og_url":"https:\/\/franciscanos.org.br\/noticias\/o-convite-de-leao-xiv-aos-jovens-arregacem-as-mangas-para-trabalhar-na-vinha-do-senhor.html","og_site_name":"Not\u00edcias - Franciscanos","article_published_time":"2025-06-04T10:08:55+00:00","article_modified_time":"2025-06-04T10:10:12+00:00","og_image":[{"width":800,"height":550,"url":"https:\/\/franciscanos.org.br\/noticias\/wp-content\/uploads\/2025\/06\/chamada-6.png","type":"image\/png"}],"author":"Adriana Rabelo","twitter_card":"summary_large_image","twitter_misc":{"Escrito por":"Adriana Rabelo","Est. tempo de leitura":"3 minutos"},"schema":{"@context":"https:\/\/schema.org","@graph":[{"@type":"WebSite","@id":"https:\/\/franciscanos.org.br\/noticias\/#website","url":"https:\/\/franciscanos.org.br\/noticias\/","name":"Not\u00edcias - Franciscanos","description":"Prov\u00edncia Franciscana da Imaculada Concei\u00e7\u00e3o do Brasil - Ordem dos Frades Menores - OFM","potentialAction":[{"@type":"SearchAction","target":{"@type":"EntryPoint","urlTemplate":"https:\/\/franciscanos.org.br\/noticias\/?s={search_term_string}"},"query-input":"required name=search_term_string"}],"inLanguage":"pt-BR"},{"@type":"ImageObject","inLanguage":"pt-BR","@id":"https:\/\/franciscanos.org.br\/noticias\/o-convite-de-leao-xiv-aos-jovens-arregacem-as-mangas-para-trabalhar-na-vinha-do-senhor.html#primaryimage","url":"https:\/\/franciscanos.org.br\/noticias\/wp-content\/uploads\/2025\/06\/chamada-6.png","contentUrl":"https:\/\/franciscanos.org.br\/noticias\/wp-content\/uploads\/2025\/06\/chamada-6.png","width":800,"height":550},{"@type":"WebPage","@id":"https:\/\/franciscanos.org.br\/noticias\/o-convite-de-leao-xiv-aos-jovens-arregacem-as-mangas-para-trabalhar-na-vinha-do-senhor.html#webpage","url":"https:\/\/franciscanos.org.br\/noticias\/o-convite-de-leao-xiv-aos-jovens-arregacem-as-mangas-para-trabalhar-na-vinha-do-senhor.html","name":"O convite de Le\u00e3o XIV aos jovens: arregacem as mangas para trabalhar na vinha do Senhor! - Not\u00edcias - Franciscanos","isPartOf":{"@id":"https:\/\/franciscanos.org.br\/noticias\/#website"},"primaryImageOfPage":{"@id":"https:\/\/franciscanos.org.br\/noticias\/o-convite-de-leao-xiv-aos-jovens-arregacem-as-mangas-para-trabalhar-na-vinha-do-senhor.html#primaryimage"},"datePublished":"2025-06-04T10:08:55+00:00","dateModified":"2025-06-04T10:10:12+00:00","author":{"@id":"https:\/\/franciscanos.org.br\/noticias\/#\/schema\/person\/d9422e83121c3ad3b0f423d195f5bb25"},"breadcrumb":{"@id":"https:\/\/franciscanos.org.br\/noticias\/o-convite-de-leao-xiv-aos-jovens-arregacem-as-mangas-para-trabalhar-na-vinha-do-senhor.html#breadcrumb"},"inLanguage":"pt-BR","potentialAction":[{"@type":"ReadAction","target":["https:\/\/franciscanos.org.br\/noticias\/o-convite-de-leao-xiv-aos-jovens-arregacem-as-mangas-para-trabalhar-na-vinha-do-senhor.html"]}]},{"@type":"BreadcrumbList","@id":"https:\/\/franciscanos.org.br\/noticias\/o-convite-de-leao-xiv-aos-jovens-arregacem-as-mangas-para-trabalhar-na-vinha-do-senhor.html#breadcrumb","itemListElement":[{"@type":"ListItem","position":1,"name":"Home","item":"https:\/\/franciscanos.org.br\/noticias"},{"@type":"ListItem","position":2,"name":"O convite de Le\u00e3o XIV aos jovens: arregacem as mangas para trabalhar na vinha do Senhor!"}]},{"@type":"Person","@id":"https:\/\/franciscanos.org.br\/noticias\/#\/schema\/person\/d9422e83121c3ad3b0f423d195f5bb25","name":"Adriana Rabelo","image":{"@type":"ImageObject","inLanguage":"pt-BR","@id":"https:\/\/franciscanos.org.br\/noticias\/#\/schema\/person\/image\/","url":"https:\/\/secure.gravatar.com\/avatar\/0a937b7500cd7df77540cfb8bede877d?s=96&d=mm&r=g","contentUrl":"https:\/\/secure.gravatar.com\/avatar\/0a937b7500cd7df77540cfb8bede877d?s=96&d=mm&r=g","caption":"Adriana Rabelo"},"url":"https:\/\/franciscanos.org.br\/noticias\/author\/adrianarabelo"}]}},"_links":{"self":[{"href":"https:\/\/franciscanos.org.br\/noticias\/wp-json\/wp\/v2\/posts\/257459"}],"collection":[{"href":"https:\/\/franciscanos.org.br\/noticias\/wp-json\/wp\/v2\/posts"}],"about":[{"href":"https:\/\/franciscanos.org.br\/noticias\/wp-json\/wp\/v2\/types\/post"}],"author":[{"embeddable":true,"href":"https:\/\/franciscanos.org.br\/noticias\/wp-json\/wp\/v2\/users\/11"}],"replies":[{"embeddable":true,"href":"https:\/\/franciscanos.org.br\/noticias\/wp-json\/wp\/v2\/comments?post=257459"}],"version-history":[{"count":1,"href":"https:\/\/franciscanos.org.br\/noticias\/wp-json\/wp\/v2\/posts\/257459\/revisions"}],"predecessor-version":[{"id":257462,"href":"https:\/\/franciscanos.org.br\/noticias\/wp-json\/wp\/v2\/posts\/257459\/revisions\/257462"}],"wp:featuredmedia":[{"embeddable":true,"href":"https:\/\/franciscanos.org.br\/noticias\/wp-json\/wp\/v2\/media\/257461"}],"wp:attachment":[{"href":"https:\/\/franciscanos.org.br\/noticias\/wp-json\/wp\/v2\/media?parent=257459"}],"wp:term":[{"taxonomy":"category","embeddable":true,"href":"https:\/\/franciscanos.org.br\/noticias\/wp-json\/wp\/v2\/categories?post=257459"},{"taxonomy":"post_tag","embeddable":true,"href":"https:\/\/franciscanos.org.br\/noticias\/wp-json\/wp\/v2\/tags?post=257459"}],"curies":[{"name":"wp","href":"https:\/\/api.w.org\/{rel}","templated":true}]}}