{"id":257450,"date":"2025-06-03T12:10:39","date_gmt":"2025-06-03T15:10:39","guid":{"rendered":"https:\/\/franciscanos.org.br\/noticias\/?p=257450"},"modified":"2025-06-04T09:32:29","modified_gmt":"2025-06-04T12:32:29","slug":"carta-do-ministro-geral-para-o-pentecostes-de-2025","status":"publish","type":"post","link":"https:\/\/franciscanos.org.br\/noticias\/carta-do-ministro-geral-para-o-pentecostes-de-2025.html","title":{"rendered":"Carta do Ministro Geral para o Pentecostes de 2025"},"content":{"rendered":"<p><img loading=\"lazy\" class=\"aligncenter wp-image-257452 size-full\" src=\"https:\/\/franciscanos.org.br\/noticias\/wp-content\/uploads\/2025\/06\/materia-6.png\" alt=\"\" width=\"1280\" height=\"720\" srcset=\"https:\/\/franciscanos.org.br\/noticias\/wp-content\/uploads\/2025\/06\/materia-6.png 1280w, https:\/\/franciscanos.org.br\/noticias\/wp-content\/uploads\/2025\/06\/materia-6-450x253.png 450w, https:\/\/franciscanos.org.br\/noticias\/wp-content\/uploads\/2025\/06\/materia-6-1024x576.png 1024w, https:\/\/franciscanos.org.br\/noticias\/wp-content\/uploads\/2025\/06\/materia-6-768x432.png 768w, https:\/\/franciscanos.org.br\/noticias\/wp-content\/uploads\/2025\/06\/materia-6-150x84.png 150w\" sizes=\"(max-width: 1280px) 100vw, 1280px\" \/><\/p>\n<p><em>Queridos irm\u00e3os e irm\u00e3s, que o Senhor lhes d\u00ea a paz!<\/em><\/p>\n<p><em>Estamos nos preparando para celebrar o Pentecostes, dia t\u00e3o querido a S\u00e3o Francisco, que viu no Esp\u00edrito Santo o verdadeiro Ministro geral da Ordem. Neste dia, confiamo-nos mais uma vez ao \u2018Senhor que d\u00e1 a vida\u2019 e invocamos com f\u00e9 a sua santa opera\u00e7\u00e3o (Rb 10,8) sobre n\u00f3s e sobre toda a humanidade: \u2018Louvado sejas, meu Senhor, por aqueles que perdoam por teu amor!\u2019.<\/em><\/p>\n<p>Acima, podemos acompanhar a introdu\u00e7\u00e3o da mensagem do Ministro geral da Ordem dos Frades Menores, Frei Massimo Fusarelli, para a celebra\u00e7\u00e3o de Pentecostes, no dia 8 de junho, pr\u00f3ximo domingo.<\/p>\n<p><a href=\"https:\/\/franciscanos.org.br\/banca\/wp-content\/uploads\/2025\/06\/Lettera_Pentecoste_2025_PT.pdf\"><strong><span style=\"color: #3366ff;\">ACESSE AQUI O DOCUMENTO OFICIAL<\/span><\/strong><\/a><\/p>\n<p>Essa solenidade na Igreja Cat\u00f3lica ocorre cinquenta dias ap\u00f3s a P\u00e1scoa, e nela somos convidados a renovar a for\u00e7a do Esp\u00edrito Santo recebida na Confirma\u00e7\u00e3o.<\/p>\n<p>Como \u00e9 narrado no livro dos Atos dos Ap\u00f3stolos (At 2,1-11), na primeira leitura dessa celebra\u00e7\u00e3o encontramos a descri\u00e7\u00e3o da manifesta\u00e7\u00e3o divina no momento em que os disc\u00edpulos recebem e reconhecem a presen\u00e7a do Esp\u00edrito Santo:<\/p>\n<p>\u201cQuando chegou o dia de Pentecostes, os disc\u00edpulos estavam todos reunidos no mesmo lugar. De repente, veio do c\u00e9u um ru\u00eddo como de um vento forte, que encheu toda a casa em que se encontravam. Ent\u00e3o apareceram l\u00ednguas como de fogo que se repartiram e pousaram sobre cada um deles. Todos ficaram cheios do Esp\u00edrito Santo e come\u00e7aram a falar em outras l\u00ednguas, conforme o Esp\u00edrito lhes concedia expressar-se\u201d.<\/p>\n<p>Desta forma, completava-se ali, naquele momento<strong>, <\/strong>a promessa do envio do Esp\u00edrito, que permitiria aos disc\u00edpulos de Jesus e toda a Igreja a conservarem a unidade com a Sant\u00edssima Trindade<strong>. <\/strong>E \u00e9 a Ele que rogamos e pedimos for\u00e7a e ilumina\u00e7\u00e3o. A presen\u00e7a do Esp\u00edrito Santo, representada por uma pomba branca, com a predomin\u00e2ncia da cor vermelha na composi\u00e7\u00e3o da nossa constru\u00e7\u00e3o visual, nos ajuda a compreender a import\u00e2ncia do Deus trino em nossa vida.<\/p>\n<p>O salmo responsorial 103 (104) da solenidade diz em seu refr\u00e3o: \u201cEnviai o vosso Esp\u00edrito, Senhor, e da terra toda a face renovai!\u201d. A Ele pedimos a intercess\u00e3o para nos libertar dos conflitos e das dores, pois, quando ocorreu o Pentecostes, o Esp\u00edrito Santo se fez presente entre os disc\u00edpulos e todos falaram a mesma l\u00edngua, conforme nos descreve o Evangelho, tornando-os capazes de, juntos, entoarem as maravilhas de Deus. Esse momento nos revela que o Esp\u00edrito Santo veio para nos mostrar que, quando estamos cheios da presen\u00e7a de Deus, conseguimos falar a \u201cmesma l\u00edngua\u201d, ou seja, conseguimos nos manter em unidade, independentemente das dist\u00e2ncias, das nacionalidades, das nossas origens e dos idiomas, pois proclamamos a linguagem do amor de Deus.<\/p>\n<p>Justamente pensando na for\u00e7a do Esp\u00edrito Santo do Senhor \u00e9 que o Ministro geral, em sua mensagem para a celebra\u00e7\u00e3o de Pentecostes, valoriza a import\u00e2ncia da unidade dos crist\u00e3os em favor da paz no mundo:<\/p>\n<p>\u201cNesta hora da hist\u00f3ria, quando a humanidade \u00e9 atravessada pelas densas nuvens da guerra, da viol\u00eancia e da injusti\u00e7a, precisamos urgentemente do Esp\u00edrito que \u2018faz novas todas as coisas\u2019. Nosso cora\u00e7\u00e3o se volta com particular dor e ternura para os pequenos e marginalizados da hist\u00f3ria: os civis indefesos e especialmente as crian\u00e7as em Gaza, na Ucr\u00e2nia, no Leste do Congo, em Myanmar, no Haiti, no Sud\u00e3o e em tantos outros lugares onde ocorrem conflitos esquecidos mas muito graves, junto com tantas hist\u00f3rias de resist\u00eancia e de paz\u201d.<\/p>\n<p>Frei Massimo Fusarelli tra\u00e7a uma rela\u00e7\u00e3o entre a localiza\u00e7\u00e3o geogr\u00e1fica da ocasi\u00e3o de Pentecostes, em Jerusal\u00e9m, e prop\u00f5e que a paz seja retomada nesse territ\u00f3rio, no qual os conflitos da atualidade interferem diretamente nas rela\u00e7\u00f5es mundiais, pois \u00e9 refer\u00eancia b\u00edblica e hist\u00f3rica na vida de Jesus Cristo e de muitas manifesta\u00e7\u00f5es divinas que marcam a presen\u00e7a de Deus por meio de seu Filho.<\/p>\n<p>Visto isso, o Ministro geral relembra tamb\u00e9m a rela\u00e7\u00e3o de S\u00e3o Francisco de Assis no seguimento de Jesus Cristo, e a forma como o Santo Ser\u00e1fico manifestava e transformava os textos do Evangelho em atitudes de amor e f\u00e9, ou seja, em atos concretos de paz:<\/p>\n<p>\u201cMas \u00e9 precisamente aqui que o Esp\u00edrito do Senhor nos alcan\u00e7a para nos sacudir da habitua\u00e7\u00e3o, da resigna\u00e7\u00e3o e da indiferen\u00e7a. Unamo-nos de diversas maneiras \u00e0s pessoas de boa vontade para n\u00e3o esquecer as v\u00edtimas de cada conflito e o grito de paz que sobe do deserto humano no qual caminhamos\u201d. E ele prossegue exaltando: \u201cDigamos com f\u00e9: <strong>\u2018<\/strong>Louvado sejas, meu Senhor, por todas as tuas criaturas!\u2019\u201d<strong>.<\/strong><\/p>\n<p>Convidando a Fam\u00edlia Franciscana \u00e0 unidade, Frei Massimo aponta \u201ca ora\u00e7\u00e3o humilde e constante, acompanhada do jejum e da educa\u00e7\u00e3o para rejeitar a l\u00f3gica do rearmamento e da viol\u00eancia que nos permeia e nos condiciona\u201d, como estrat\u00e9gia para a conquista da paz, e salienta: \u201cPor isso, aprendamos tamb\u00e9m a erguer nossa voz, por mais fraca que possa ressoar diante dos poderosos do mundo: \u2018Louvado sejas, meu Senhor!\u2019\u201d.<\/p>\n<p>Ao final da mensagem, o Ministro geral menciona o Cap\u00edtulo Internacional das Esteiras, que est\u00e1 sendo realizado em Assis, de 2 a 8 de junho \u2014 momento importante para a renova\u00e7\u00e3o da confian\u00e7a de todos no \u201cEsp\u00edrito que sopra onde quer e quando quer, para fazer florescer a esperan\u00e7a mesmo nos desertos mais \u00e1ridos da hist\u00f3ria humana, incluindo a nossa\u201d. E ressalta: \u201cQue este contexto dram\u00e1tico ilumine tamb\u00e9m com aud\u00e1cia nosso discernimento para a Ordem a caminho do Cap\u00edtulo geral 2027\u201d.<\/p>\n<p>Frei Massimo Fusarelli encerra o texto desejando que, a partir da presen\u00e7a do Esp\u00edrito Santo do Senhor e como instrumentos de paz e de reconcilia\u00e7\u00e3o, todos os membros da Ordem possam, com amor e testemunhos cr\u00edveis da hist\u00f3ria franciscana, romper os muros da disc\u00f3rdia, da discrimina\u00e7\u00e3o, dos conflitos.<\/p>\n<p><strong>Leia a carta abaixo<\/strong><\/p>\n<p>&#8212;&#8212;&#8212;&#8212;&#8212;&#8212;&#8212;&#8212;&#8212;&#8212;&#8212;&#8212;&#8212;&#8212;&#8212;&#8212;&#8212;&#8212;&#8212;&#8212;&#8212;&#8212;&#8212;&#8212;&#8212;&#8212;<\/p>\n<p>Roma, 29 de maio de 2025<\/p>\n<p>Caros Irm\u00e3os e Irm\u00e3s,<\/p>\n<p><em>O Senhor vos d\u00ea a paz!<\/em><\/p>\n<p>Preparamo-nos para celebrar o Pentecostes, dia t\u00e3o caro a S\u00e3o Francisco que via no Esp\u00edrito Santo o verdadeiro Ministro geral da Ordem. Neste dia confiamo-nos mais uma vez ao \u00abSenhor que d\u00e1 a vida\u00bb e invocamos com f\u00e9 seu santo modo de operar (RB X, 9) sobre n\u00f3s e sobre toda a humanidade: <span style=\"color: #ff0000;\"><em>Louvado sejas, meu Senhor, por aqueles que perdoam por teu amor!<\/em><\/span><\/p>\n<p>O Esp\u00edrito que faz novas todas as coisas Nesta hora da hist\u00f3ria, quando a humanidade \u00e9 atravessada pelas densas nuvens da guerra, da viol\u00eancia e da injusti\u00e7a, precisamos urgentemente do Esp\u00edrito que \u201cfaz novas todas as coisas\u201d. Nosso cora\u00e7\u00e3o se volta com particular dor e ternura para os pequenos e marginalizados da hist\u00f3ria: os civis indefesos e especialmente as crian\u00e7as em Gaza, na Ucr\u00e2nia, no Leste do Congo, em Myanmar, no Haiti, no Sud\u00e3o e em tantos outros lugares onde ocorrem conflitos esquecidos mas muito graves, junto com tantas hist\u00f3rias de resist\u00eancia e de paz.<\/p>\n<p>N\u00e3o \u00e9 f\u00e1cil continuar esperando enquanto somos peregrinos nesta hist\u00f3ria dolorosa que, humanamente, parece sem sentido e sem sa\u00edda. Assistimos a mesas de paz que n\u00e3o concluem nada e n\u00e3o sabemos o que esperar. Mas \u00e9 precisamente aqui que o Esp\u00edrito do Senhor nos alcan\u00e7a para nos sacudir da habitua\u00e7\u00e3o, da resigna\u00e7\u00e3o e da indiferen\u00e7a. Unamo-nos de diversas maneiras \u00e0s pessoas de boa vontade para n\u00e3o esquecer as v\u00edtimas de cada conflito e o grito de paz que sobe do deserto humano no qual caminhamos. Digamos com f\u00e9: <span style=\"color: #ff0000;\"><em>Louvado sejas, meu Senhor, por todas as tuas criaturas!<\/em><\/span><\/p>\n<p>Jerusal\u00e9m, cidade da paz O Esp\u00edrito do Senhor foi derramado sobre Jerusal\u00e9m, cidade de paz. O que est\u00e1 acontecendo naquela Terra aben\u00e7oada tem um peso particular para o mundo inteiro. Acreditamos que a paz deve come\u00e7ar precisamente de Jerusal\u00e9m: desde os pequenos e grandes de Gaza, prisioneiros em sua pr\u00f3pria terra, desde os ref\u00e9ns que clamam por liberdade, desde aqueles que gritam paz e ouvem apenas ru\u00eddos de guerra e n\u00e3o veem futuro.<\/p>\n<p>Como filhos de Frei Francisco, que se fez peregrino de paz na Terra Santa e em meio ao barulho das armas, n\u00e3o podemos permanecer indiferentes. Nossa estrat\u00e9gia de paz \u00e9 antes de tudo a ora\u00e7\u00e3o humilde e constante, acompanhada do jejum e da educa\u00e7\u00e3o para rejeitar a l\u00f3gica do rearmamento e da viol\u00eancia que nos permeia e nos condiciona. Por isso aprendamos tamb\u00e9m a erguer nossa voz, por mais fraca que possa ressoar diante dos poderosos do mundo: <span style=\"color: #ff0000;\"><em>Louvado sejas, meu Senhor!<\/em><\/span><\/p>\n<p><strong>Movidos pelo Esp\u00edrito Santo<\/strong><\/p>\n<p>Movidos pelo Esp\u00edrito Santo, pedimos ao Pai o dom da paz e da justi\u00e7a, que \u00e9 o pr\u00f3prio Jesus Cristo, humilde Pr\u00edncipe da Paz. Neste tempo de prepara\u00e7\u00e3o para o Pentecostes, no qual viveremos o Cap\u00edtulo Internacional das Esteiras (2-8 de junho) e o Conselho Plen\u00e1rio da Ordem na Porci\u00fancula (8-11 de junho), renovamos nossa confian\u00e7a no Esp\u00edrito, que sopra onde quer e quando quer, para fazer florescer a esperan\u00e7a mesmo nos desertos mais \u00e1ridos da hist\u00f3ria humana, incluindo a nossa.<\/p>\n<p>Durante estes encontros invocaremos o dom da paz. Que este contexto dram\u00e1tico ilumine tamb\u00e9m com aud\u00e1cia nosso discernimento para a Ordem a caminho do Cap\u00edtulo geral 2027.<\/p>\n<p>Que o Esp\u00edrito do Senhor fa\u00e7a de n\u00f3s instrumentos de sua paz, agentes de reconcilia\u00e7\u00e3o, testemunhas cred\u00edveis daquela fraternidade para al\u00e9m de todo muro e discrimina\u00e7\u00e3o que o mundo espera.<\/p>\n<p>Com a b\u00ean\u00e7\u00e3o de S\u00e3o Francisco e a intercess\u00e3o de Santa Clara, sa\u00fado-vos fraternalmente na alegre expectativa do Pentecostes.<\/p>\n<p><em>Veni, Creator Spiritus!<\/em><\/p>\n<p>Vosso irm\u00e3o e servo<\/p>\n<p style=\"text-align: center;\"><em>Fr. Massimo Fusarelli, OFM<\/em><\/p>\n<p style=\"text-align: center;\">Ministro geral<\/p>\n<hr \/>\n<p><em>Adriana Rabelo Rodrigues<\/em><\/p>\n<p>Fonte:https:\/\/ofm.org\/lettera-del-ministro-generale-per-la-pentecoste-2025.html<\/p>\n","protected":false},"excerpt":{"rendered":"<p>Pentecostes 2025<\/p>\n","protected":false},"author":11,"featured_media":257451,"comment_status":"open","ping_status":"open","sticky":false,"template":"","format":"standard","meta":[],"categories":[1],"tags":[1820,2359],"acf":[],"yoast_head":"<!-- This site is optimized with the Yoast SEO plugin v19.2 - https:\/\/yoast.com\/wordpress\/plugins\/seo\/ -->\n<title>Carta do Ministro Geral para o Pentecostes de 2025 - Not\u00edcias - Franciscanos<\/title>\n<meta name=\"robots\" content=\"index, follow, max-snippet:-1, max-image-preview:large, max-video-preview:-1\" \/>\n<link rel=\"canonical\" href=\"https:\/\/franciscanos.org.br\/noticias\/carta-do-ministro-geral-para-o-pentecostes-de-2025.html\" \/>\n<meta property=\"og:locale\" content=\"pt_BR\" \/>\n<meta property=\"og:type\" content=\"article\" \/>\n<meta property=\"og:title\" content=\"Carta do Ministro Geral para o Pentecostes de 2025 - Not\u00edcias - Franciscanos\" \/>\n<meta property=\"og:description\" content=\"Pentecostes 2025\" \/>\n<meta property=\"og:url\" content=\"https:\/\/franciscanos.org.br\/noticias\/carta-do-ministro-geral-para-o-pentecostes-de-2025.html\" \/>\n<meta property=\"og:site_name\" content=\"Not\u00edcias - Franciscanos\" \/>\n<meta property=\"article:published_time\" content=\"2025-06-03T15:10:39+00:00\" \/>\n<meta property=\"article:modified_time\" content=\"2025-06-04T12:32:29+00:00\" \/>\n<meta property=\"og:image\" content=\"https:\/\/franciscanos.org.br\/noticias\/wp-content\/uploads\/2025\/06\/chamada-5.png\" \/>\n\t<meta property=\"og:image:width\" content=\"800\" \/>\n\t<meta property=\"og:image:height\" content=\"550\" \/>\n\t<meta property=\"og:image:type\" content=\"image\/png\" \/>\n<meta name=\"author\" content=\"Adriana Rabelo\" \/>\n<meta name=\"twitter:card\" content=\"summary_large_image\" \/>\n<meta name=\"twitter:label1\" content=\"Escrito por\" \/>\n\t<meta name=\"twitter:data1\" content=\"Adriana Rabelo\" \/>\n\t<meta name=\"twitter:label2\" content=\"Est. tempo de leitura\" \/>\n\t<meta name=\"twitter:data2\" content=\"9 minutos\" \/>\n<script type=\"application\/ld+json\" class=\"yoast-schema-graph\">{\"@context\":\"https:\/\/schema.org\",\"@graph\":[{\"@type\":\"WebSite\",\"@id\":\"https:\/\/franciscanos.org.br\/noticias\/#website\",\"url\":\"https:\/\/franciscanos.org.br\/noticias\/\",\"name\":\"Not\u00edcias - Franciscanos\",\"description\":\"Prov\u00edncia Franciscana da Imaculada Concei\u00e7\u00e3o do Brasil - Ordem dos Frades Menores - OFM\",\"potentialAction\":[{\"@type\":\"SearchAction\",\"target\":{\"@type\":\"EntryPoint\",\"urlTemplate\":\"https:\/\/franciscanos.org.br\/noticias\/?s={search_term_string}\"},\"query-input\":\"required name=search_term_string\"}],\"inLanguage\":\"pt-BR\"},{\"@type\":\"ImageObject\",\"inLanguage\":\"pt-BR\",\"@id\":\"https:\/\/franciscanos.org.br\/noticias\/carta-do-ministro-geral-para-o-pentecostes-de-2025.html#primaryimage\",\"url\":\"https:\/\/franciscanos.org.br\/noticias\/wp-content\/uploads\/2025\/06\/chamada-5.png\",\"contentUrl\":\"https:\/\/franciscanos.org.br\/noticias\/wp-content\/uploads\/2025\/06\/chamada-5.png\",\"width\":800,\"height\":550},{\"@type\":\"WebPage\",\"@id\":\"https:\/\/franciscanos.org.br\/noticias\/carta-do-ministro-geral-para-o-pentecostes-de-2025.html#webpage\",\"url\":\"https:\/\/franciscanos.org.br\/noticias\/carta-do-ministro-geral-para-o-pentecostes-de-2025.html\",\"name\":\"Carta do Ministro Geral para o Pentecostes de 2025 - Not\u00edcias - Franciscanos\",\"isPartOf\":{\"@id\":\"https:\/\/franciscanos.org.br\/noticias\/#website\"},\"primaryImageOfPage\":{\"@id\":\"https:\/\/franciscanos.org.br\/noticias\/carta-do-ministro-geral-para-o-pentecostes-de-2025.html#primaryimage\"},\"datePublished\":\"2025-06-03T15:10:39+00:00\",\"dateModified\":\"2025-06-04T12:32:29+00:00\",\"author\":{\"@id\":\"https:\/\/franciscanos.org.br\/noticias\/#\/schema\/person\/d9422e83121c3ad3b0f423d195f5bb25\"},\"breadcrumb\":{\"@id\":\"https:\/\/franciscanos.org.br\/noticias\/carta-do-ministro-geral-para-o-pentecostes-de-2025.html#breadcrumb\"},\"inLanguage\":\"pt-BR\",\"potentialAction\":[{\"@type\":\"ReadAction\",\"target\":[\"https:\/\/franciscanos.org.br\/noticias\/carta-do-ministro-geral-para-o-pentecostes-de-2025.html\"]}]},{\"@type\":\"BreadcrumbList\",\"@id\":\"https:\/\/franciscanos.org.br\/noticias\/carta-do-ministro-geral-para-o-pentecostes-de-2025.html#breadcrumb\",\"itemListElement\":[{\"@type\":\"ListItem\",\"position\":1,\"name\":\"Home\",\"item\":\"https:\/\/franciscanos.org.br\/noticias\"},{\"@type\":\"ListItem\",\"position\":2,\"name\":\"Carta do Ministro Geral para o Pentecostes de 2025\"}]},{\"@type\":\"Person\",\"@id\":\"https:\/\/franciscanos.org.br\/noticias\/#\/schema\/person\/d9422e83121c3ad3b0f423d195f5bb25\",\"name\":\"Adriana Rabelo\",\"image\":{\"@type\":\"ImageObject\",\"inLanguage\":\"pt-BR\",\"@id\":\"https:\/\/franciscanos.org.br\/noticias\/#\/schema\/person\/image\/\",\"url\":\"https:\/\/secure.gravatar.com\/avatar\/0a937b7500cd7df77540cfb8bede877d?s=96&d=mm&r=g\",\"contentUrl\":\"https:\/\/secure.gravatar.com\/avatar\/0a937b7500cd7df77540cfb8bede877d?s=96&d=mm&r=g\",\"caption\":\"Adriana Rabelo\"},\"url\":\"https:\/\/franciscanos.org.br\/noticias\/author\/adrianarabelo\"}]}<\/script>\n<!-- \/ Yoast SEO plugin. -->","yoast_head_json":{"title":"Carta do Ministro Geral para o Pentecostes de 2025 - Not\u00edcias - Franciscanos","robots":{"index":"index","follow":"follow","max-snippet":"max-snippet:-1","max-image-preview":"max-image-preview:large","max-video-preview":"max-video-preview:-1"},"canonical":"https:\/\/franciscanos.org.br\/noticias\/carta-do-ministro-geral-para-o-pentecostes-de-2025.html","og_locale":"pt_BR","og_type":"article","og_title":"Carta do Ministro Geral para o Pentecostes de 2025 - Not\u00edcias - Franciscanos","og_description":"Pentecostes 2025","og_url":"https:\/\/franciscanos.org.br\/noticias\/carta-do-ministro-geral-para-o-pentecostes-de-2025.html","og_site_name":"Not\u00edcias - Franciscanos","article_published_time":"2025-06-03T15:10:39+00:00","article_modified_time":"2025-06-04T12:32:29+00:00","og_image":[{"width":800,"height":550,"url":"https:\/\/franciscanos.org.br\/noticias\/wp-content\/uploads\/2025\/06\/chamada-5.png","type":"image\/png"}],"author":"Adriana Rabelo","twitter_card":"summary_large_image","twitter_misc":{"Escrito por":"Adriana Rabelo","Est. tempo de leitura":"9 minutos"},"schema":{"@context":"https:\/\/schema.org","@graph":[{"@type":"WebSite","@id":"https:\/\/franciscanos.org.br\/noticias\/#website","url":"https:\/\/franciscanos.org.br\/noticias\/","name":"Not\u00edcias - Franciscanos","description":"Prov\u00edncia Franciscana da Imaculada Concei\u00e7\u00e3o do Brasil - Ordem dos Frades Menores - OFM","potentialAction":[{"@type":"SearchAction","target":{"@type":"EntryPoint","urlTemplate":"https:\/\/franciscanos.org.br\/noticias\/?s={search_term_string}"},"query-input":"required name=search_term_string"}],"inLanguage":"pt-BR"},{"@type":"ImageObject","inLanguage":"pt-BR","@id":"https:\/\/franciscanos.org.br\/noticias\/carta-do-ministro-geral-para-o-pentecostes-de-2025.html#primaryimage","url":"https:\/\/franciscanos.org.br\/noticias\/wp-content\/uploads\/2025\/06\/chamada-5.png","contentUrl":"https:\/\/franciscanos.org.br\/noticias\/wp-content\/uploads\/2025\/06\/chamada-5.png","width":800,"height":550},{"@type":"WebPage","@id":"https:\/\/franciscanos.org.br\/noticias\/carta-do-ministro-geral-para-o-pentecostes-de-2025.html#webpage","url":"https:\/\/franciscanos.org.br\/noticias\/carta-do-ministro-geral-para-o-pentecostes-de-2025.html","name":"Carta do Ministro Geral para o Pentecostes de 2025 - Not\u00edcias - Franciscanos","isPartOf":{"@id":"https:\/\/franciscanos.org.br\/noticias\/#website"},"primaryImageOfPage":{"@id":"https:\/\/franciscanos.org.br\/noticias\/carta-do-ministro-geral-para-o-pentecostes-de-2025.html#primaryimage"},"datePublished":"2025-06-03T15:10:39+00:00","dateModified":"2025-06-04T12:32:29+00:00","author":{"@id":"https:\/\/franciscanos.org.br\/noticias\/#\/schema\/person\/d9422e83121c3ad3b0f423d195f5bb25"},"breadcrumb":{"@id":"https:\/\/franciscanos.org.br\/noticias\/carta-do-ministro-geral-para-o-pentecostes-de-2025.html#breadcrumb"},"inLanguage":"pt-BR","potentialAction":[{"@type":"ReadAction","target":["https:\/\/franciscanos.org.br\/noticias\/carta-do-ministro-geral-para-o-pentecostes-de-2025.html"]}]},{"@type":"BreadcrumbList","@id":"https:\/\/franciscanos.org.br\/noticias\/carta-do-ministro-geral-para-o-pentecostes-de-2025.html#breadcrumb","itemListElement":[{"@type":"ListItem","position":1,"name":"Home","item":"https:\/\/franciscanos.org.br\/noticias"},{"@type":"ListItem","position":2,"name":"Carta do Ministro Geral para o Pentecostes de 2025"}]},{"@type":"Person","@id":"https:\/\/franciscanos.org.br\/noticias\/#\/schema\/person\/d9422e83121c3ad3b0f423d195f5bb25","name":"Adriana Rabelo","image":{"@type":"ImageObject","inLanguage":"pt-BR","@id":"https:\/\/franciscanos.org.br\/noticias\/#\/schema\/person\/image\/","url":"https:\/\/secure.gravatar.com\/avatar\/0a937b7500cd7df77540cfb8bede877d?s=96&d=mm&r=g","contentUrl":"https:\/\/secure.gravatar.com\/avatar\/0a937b7500cd7df77540cfb8bede877d?s=96&d=mm&r=g","caption":"Adriana Rabelo"},"url":"https:\/\/franciscanos.org.br\/noticias\/author\/adrianarabelo"}]}},"_links":{"self":[{"href":"https:\/\/franciscanos.org.br\/noticias\/wp-json\/wp\/v2\/posts\/257450"}],"collection":[{"href":"https:\/\/franciscanos.org.br\/noticias\/wp-json\/wp\/v2\/posts"}],"about":[{"href":"https:\/\/franciscanos.org.br\/noticias\/wp-json\/wp\/v2\/types\/post"}],"author":[{"embeddable":true,"href":"https:\/\/franciscanos.org.br\/noticias\/wp-json\/wp\/v2\/users\/11"}],"replies":[{"embeddable":true,"href":"https:\/\/franciscanos.org.br\/noticias\/wp-json\/wp\/v2\/comments?post=257450"}],"version-history":[{"count":4,"href":"https:\/\/franciscanos.org.br\/noticias\/wp-json\/wp\/v2\/posts\/257450\/revisions"}],"predecessor-version":[{"id":257464,"href":"https:\/\/franciscanos.org.br\/noticias\/wp-json\/wp\/v2\/posts\/257450\/revisions\/257464"}],"wp:featuredmedia":[{"embeddable":true,"href":"https:\/\/franciscanos.org.br\/noticias\/wp-json\/wp\/v2\/media\/257451"}],"wp:attachment":[{"href":"https:\/\/franciscanos.org.br\/noticias\/wp-json\/wp\/v2\/media?parent=257450"}],"wp:term":[{"taxonomy":"category","embeddable":true,"href":"https:\/\/franciscanos.org.br\/noticias\/wp-json\/wp\/v2\/categories?post=257450"},{"taxonomy":"post_tag","embeddable":true,"href":"https:\/\/franciscanos.org.br\/noticias\/wp-json\/wp\/v2\/tags?post=257450"}],"curies":[{"name":"wp","href":"https:\/\/api.w.org\/{rel}","templated":true}]}}