{"id":257444,"date":"2025-06-02T16:10:36","date_gmt":"2025-06-02T19:10:36","guid":{"rendered":"https:\/\/franciscanos.org.br\/noticias\/?p=257444"},"modified":"2025-06-04T13:42:18","modified_gmt":"2025-06-04T16:42:18","slug":"ordem-dos-frades-menores-inicia-capitulo-internacional-das-esteiras-em-assis","status":"publish","type":"post","link":"https:\/\/franciscanos.org.br\/noticias\/ordem-dos-frades-menores-inicia-capitulo-internacional-das-esteiras-em-assis.html","title":{"rendered":"Ordem dos Frades Menores inicia Cap\u00edtulo Internacional das Esteiras em Assis"},"content":{"rendered":"<p><img loading=\"lazy\" class=\"aligncenter wp-image-257445 size-full\" src=\"https:\/\/franciscanos.org.br\/noticias\/wp-content\/uploads\/2025\/06\/materia-1-2.png\" alt=\"\" width=\"1280\" height=\"720\" srcset=\"https:\/\/franciscanos.org.br\/noticias\/wp-content\/uploads\/2025\/06\/materia-1-2.png 1280w, https:\/\/franciscanos.org.br\/noticias\/wp-content\/uploads\/2025\/06\/materia-1-2-450x253.png 450w, https:\/\/franciscanos.org.br\/noticias\/wp-content\/uploads\/2025\/06\/materia-1-2-1024x576.png 1024w, https:\/\/franciscanos.org.br\/noticias\/wp-content\/uploads\/2025\/06\/materia-1-2-768x432.png 768w, https:\/\/franciscanos.org.br\/noticias\/wp-content\/uploads\/2025\/06\/materia-1-2-150x84.png 150w\" sizes=\"(max-width: 1280px) 100vw, 1280px\" \/><\/p>\n<p>O <strong>Cap\u00edtulo Internacional das Esteiras da Ordem dos Frades Menores<\/strong> come\u00e7ou na segunda-feira, 2 de junho, em Assis, na It\u00e1lia, e ser\u00e1 encerrado no pr\u00f3ximo domingo, dia 8.<\/p>\n<p>O caminho que levou a este evento come\u00e7ou com o \u00faltimo Cap\u00edtulo Geral, celebrado em Roma no ano de 2021, que no mandato n\u00ba 4 indicou envolver os Ministros, os Cust\u00f3dios e seus respectivos conselhos para promover uma vida fraterna aut\u00eantica e ouvir cada pessoa, especialmente os jovens, em m\u00faltiplos n\u00edveis.<\/p>\n<p>Posteriormente, o Ministro Geral e seu Definit\u00f3rio consideraram enriquecedor empreender um caminho sinodal que envolvesse os frades da Primeira Ordem, mas tamb\u00e9m as irm\u00e3s e os irm\u00e3os da Segunda e Terceira Ordem, religiosos e leigos, para conseguir renovar profeticamente a identidade dos Frades Menores.<\/p>\n<p>\u201cQuer\u00edamos uma experi\u00eancia\u201d, diz <strong>Frei Cesare Vaiani<\/strong>, OFM, Definidor Geral, \u201cna qual os frades e outras pessoas pudessem se encontrar como iguais, com os mesmos direitos e deveres, em uma troca fraterna sobre os temas essenciais de nossa vida. Por essa raz\u00e3o, extra\u00edmos de nossa tradi\u00e7\u00e3o a imagem do Cap\u00edtulo das Esteiras, que nos permitiu alcan\u00e7ar o que quer\u00edamos.\u201d O Definit\u00f3rio ent\u00e3o decidiu \u201cconect\u00e1-lo\u201d ao <strong>Conselho Plen\u00e1rio da Ordem (CPO)<\/strong>, decidindo que \u201cos membros do CPO eram todos frades que haviam participado do Cap\u00edtulo das Esteiras e que podiam expressar seu esp\u00edrito naquela estrutura jur\u00eddica que \u00e9 o CPO, que pode propor temas a serem discutidos no Cap\u00edtulo Geral\u201d, explicou o frade.<\/p>\n<p>As Entidades da Ordem foram, portanto, convidadas a celebrar o seu pr\u00f3prio Cap\u00edtulo das Esteiras a n\u00edvel local, sempre com a modalidade de escuta de leigos, homens e mulheres, e religiosos, propondo centrar a aten\u00e7\u00e3o em tr\u00eas n\u00facleos fundamentais: <strong>Carisma, Comunh\u00e3o e Miss\u00e3o.<\/strong><\/p>\n<p>O passo seguinte foi sintetizar os resultados dos Cap\u00edtulos locais em n\u00edvel de Confer\u00eancia, que, por sua vez, enviaram suas contribui\u00e7\u00f5es \u00e0 C\u00faria Geral. A partir desses textos, foi elaborado um <em>Instrumentum Laboris<\/em>, que forneceu material para discuss\u00e3o e compara\u00e7\u00e3o no Cap\u00edtulo Internacional de Assis, que contar\u00e1 com a presen\u00e7a de 150 frades, irm\u00e3s franciscanas e leigos de todas as Confer\u00eancias da Ordem.<\/p>\n<p><a href=\"https:\/\/www.ofm.org\/capitolo-delle-stuoie-2025.html\"><strong><span style=\"color: #0000ff;\">ACESSE O SITE OFICIAL DO CAP\u00cdTULO INTERNACIONAL DAS ESTEIRAS<\/span><\/strong><\/a><\/p>\n<p><strong>Como surgiu o Cap\u00edtulo das Esteiras?<\/strong><\/p>\n<p>Ainda hoje, n\u00e3o h\u00e1 defini\u00e7\u00e3o legal ou regulamenta\u00e7\u00e3o para o Cap\u00edtulo das Esteiras.<\/p>\n<p>O termo deriva seu nome do grande <strong>Cap\u00edtulo Geral de 30 de maio de 1221<\/strong>: lemos no cap\u00edtulo XVIII das Pequenas Flores de S\u00e3o Francisco que mais de 5.000 frades seguiram para Santa Maria dos Anjos. Reuniam-se em grupos, em ora\u00e7\u00e3o ou em di\u00e1logo, de maneira ordeira e devota: \u201cHavia naquele campo telhados de vime e esteiras, e distintos por rebanho, segundo os frades das diferentes Prov\u00edncias; e, portanto, aquele Cap\u00edtulo era chamado de Cap\u00edtulo de vime ou das esteiras\u201d (FF 1848).<\/p>\n<p>Era o Cap\u00edtulo do encontro entre Francisco e Ant\u00f4nio de Lisboa; a import\u00e2ncia da obedi\u00eancia \u00e0 Santa Madre Igreja, da observ\u00e2ncia da santa pobreza e do jejum era enfatizada: Francisco havia pedido aos frades que n\u00e3o se preocupassem com coisas corporais, incluindo a comida. Mas o &#8220;pastor principal, Cristo bendito&#8221;, que sempre cuida de suas ovelhas, inspirou o povo de Perugia, <em>Spoleto<\/em>, <em>Foligno<\/em>, <em>Spello<\/em> e Assis a levar comida e bebida \u00e0quela &#8220;santa congrega\u00e7\u00e3o&#8221;. O pr\u00f3prio S\u00e3o Domingos, tamb\u00e9m presente no Cap\u00edtulo, &#8220;foi grandemente edificado pela f\u00e9 do sant\u00edssimo Francisco, pela obedi\u00eancia e pobreza de um col\u00e9gio t\u00e3o grande e ordenado, pela divina provid\u00eancia e pela copiosa abund\u00e2ncia de todos os bens&#8221;.<\/p>\n<p>O <strong>Frei Chryzostom Fryc<\/strong>, OFM (Diretor do Arquivo Hist\u00f3rico da C\u00faria Geral) e o <strong>Frei Giuseppe Buffon<\/strong>, OFM (Professor de Hist\u00f3ria da Igreja na Faculdade de Teologia da PUA) relembram como os Cap\u00edtulos das Esteiras recuperaram for\u00e7a, em n\u00edvel local, especialmente ap\u00f3s o Conc\u00edlio Vaticano II. Poder\u00edamos falar de &#8220;sinodalidade&#8221;, um termo muito usado hoje, mas ambos sublinham que a palavra original &#8220;cap\u00edtulo&#8221; j\u00e1 implicava o desejo de di\u00e1logo, de escuta m\u00fatua, de compara\u00e7\u00e3o, de caminhar juntos.<\/p>\n<p>Como prova do que disseram os irm\u00e3os, no <a href=\"https:\/\/www.cittadegliarchivi.it\/bluejay-web_frati_minori\/sec\/102\/2782584\"><strong>arquivo fotogr\u00e1fico do Antoniano de Bolonha dos Frades Menores<\/strong> <\/a>encontramos algumas fotos que datam de 25 de maio de 1966, relativas \u00e0 celebra\u00e7\u00e3o do Cap\u00edtulo local das Esteiras.<\/p>\n<p>Por ocasi\u00e3o do 800\u00ba anivers\u00e1rio do nascimento da Ordem, realizou-se entre 15 e 18 de abril de 2009, entre Assis e Roma, um Cap\u00edtulo interobediencial das Esteiras: Frades Menores, Conventuais e Capuchinhos reuniram-se para celebrar o &#8220;Centen\u00e1rio das origens&#8221;, para &#8220;renovar a fidelidade ao carisma e compreender toda a heran\u00e7a espiritual&#8221; do fundador S\u00e3o Francisco (ver <a href=\"https:\/\/franciscanos.org.br\/banca\/wp-content\/uploads\/2025\/06\/Acta200901.pdf\"><strong><em>Acta Ordinis<\/em> 2009<\/strong><\/a>\/A, pp. 9\u201343). Participaram aproximadamente 2.000 capitulares de todos os continentes.<\/p>\n<p>O Cap\u00edtulo concluiu-se em 18 de abril: no P\u00e1tio Apost\u00f3lico de Castel Gandolfo, os Ministros Gerais, em audi\u00eancia com o Papa Bento XVI, renovaram o compromisso de viver segundo a Regra de S\u00e3o Francisco em nome de todos os Frades espalhados pelo mundo. Em Castel Porziano, uma delega\u00e7\u00e3o de capitulares, liderada pelos Ministros Gerais, encontrou-se com o ent\u00e3o Presidente da Rep\u00fablica Italiana, Giorgio Napolitano, que lhes dirigiu, entre outras coisas, estas palavras:<\/p>\n<p>\u201cAs guerras mudam de natureza ou mudam de dimens\u00e3o, mas nunca se apagam; ainda hoje, continuam a flagelar o nosso mundo, a come\u00e7ar pela Terra Santa, e, podemos dizer, de forma mais geral e ampla, os perigos da guerra nunca cessam. [\u2026] Precisamos da vossa presen\u00e7a: precisamos do vosso trabalho, precisamos do vosso empenho em levar adiante valores que tamb\u00e9m no nosso pa\u00eds devem ser continuamente renovados e continuamente transmitidos\u201d.<\/p>\n<p>Agradecemos ao Frei Cesare Vaiani, Frei Chryzostom Fryc, Frei Giuseppe Buffon e ao Frei Juan Isidro Aldana Maldonado (Secret\u00e1rio do Cap\u00edtulo das Esteiras) pela colabora\u00e7\u00e3o.<\/p>\n<p><strong><a href=\"https:\/\/www.ofm.org\/capitolo-delle-stuoie-2025.html\">Acesse o site oficial do Cap\u00edtulo\u00a0<\/a><\/strong><\/p>\n<hr \/>\n<p><strong>Fonte: <\/strong><em>https:\/\/ofm.org\/il-capitolo-delle-stuoie-dal-1221-ad-oggi.html<\/em><\/p>\n","protected":false},"excerpt":{"rendered":"<p>Capitulo da Ordem<\/p>\n","protected":false},"author":11,"featured_media":257446,"comment_status":"open","ping_status":"open","sticky":false,"template":"","format":"standard","meta":[],"categories":[1],"tags":[2358,128],"acf":[],"yoast_head":"<!-- This site is optimized with the Yoast SEO plugin v19.2 - https:\/\/yoast.com\/wordpress\/plugins\/seo\/ -->\n<title>Ordem dos Frades Menores inicia Cap\u00edtulo Internacional das Esteiras em Assis - Not\u00edcias - Franciscanos<\/title>\n<meta name=\"robots\" content=\"index, follow, max-snippet:-1, max-image-preview:large, max-video-preview:-1\" \/>\n<link rel=\"canonical\" href=\"https:\/\/franciscanos.org.br\/noticias\/ordem-dos-frades-menores-inicia-capitulo-internacional-das-esteiras-em-assis.html\" \/>\n<meta property=\"og:locale\" content=\"pt_BR\" \/>\n<meta property=\"og:type\" content=\"article\" \/>\n<meta property=\"og:title\" content=\"Ordem dos Frades Menores inicia Cap\u00edtulo Internacional das Esteiras em Assis - Not\u00edcias - Franciscanos\" \/>\n<meta property=\"og:description\" content=\"Capitulo da Ordem\" \/>\n<meta property=\"og:url\" content=\"https:\/\/franciscanos.org.br\/noticias\/ordem-dos-frades-menores-inicia-capitulo-internacional-das-esteiras-em-assis.html\" \/>\n<meta property=\"og:site_name\" content=\"Not\u00edcias - Franciscanos\" \/>\n<meta property=\"article:published_time\" content=\"2025-06-02T19:10:36+00:00\" \/>\n<meta property=\"article:modified_time\" content=\"2025-06-04T16:42:18+00:00\" \/>\n<meta property=\"og:image\" content=\"https:\/\/franciscanos.org.br\/noticias\/wp-content\/uploads\/2025\/06\/chamada-4.png\" \/>\n\t<meta property=\"og:image:width\" content=\"800\" \/>\n\t<meta property=\"og:image:height\" content=\"550\" \/>\n\t<meta property=\"og:image:type\" content=\"image\/png\" \/>\n<meta name=\"author\" content=\"Adriana Rabelo\" \/>\n<meta name=\"twitter:card\" content=\"summary_large_image\" \/>\n<meta name=\"twitter:label1\" content=\"Escrito por\" \/>\n\t<meta name=\"twitter:data1\" content=\"Adriana Rabelo\" \/>\n\t<meta name=\"twitter:label2\" content=\"Est. tempo de leitura\" \/>\n\t<meta name=\"twitter:data2\" content=\"5 minutos\" \/>\n<script type=\"application\/ld+json\" class=\"yoast-schema-graph\">{\"@context\":\"https:\/\/schema.org\",\"@graph\":[{\"@type\":\"WebSite\",\"@id\":\"https:\/\/franciscanos.org.br\/noticias\/#website\",\"url\":\"https:\/\/franciscanos.org.br\/noticias\/\",\"name\":\"Not\u00edcias - Franciscanos\",\"description\":\"Prov\u00edncia Franciscana da Imaculada Concei\u00e7\u00e3o do Brasil - Ordem dos Frades Menores - OFM\",\"potentialAction\":[{\"@type\":\"SearchAction\",\"target\":{\"@type\":\"EntryPoint\",\"urlTemplate\":\"https:\/\/franciscanos.org.br\/noticias\/?s={search_term_string}\"},\"query-input\":\"required name=search_term_string\"}],\"inLanguage\":\"pt-BR\"},{\"@type\":\"ImageObject\",\"inLanguage\":\"pt-BR\",\"@id\":\"https:\/\/franciscanos.org.br\/noticias\/ordem-dos-frades-menores-inicia-capitulo-internacional-das-esteiras-em-assis.html#primaryimage\",\"url\":\"https:\/\/franciscanos.org.br\/noticias\/wp-content\/uploads\/2025\/06\/chamada-4.png\",\"contentUrl\":\"https:\/\/franciscanos.org.br\/noticias\/wp-content\/uploads\/2025\/06\/chamada-4.png\",\"width\":800,\"height\":550},{\"@type\":\"WebPage\",\"@id\":\"https:\/\/franciscanos.org.br\/noticias\/ordem-dos-frades-menores-inicia-capitulo-internacional-das-esteiras-em-assis.html#webpage\",\"url\":\"https:\/\/franciscanos.org.br\/noticias\/ordem-dos-frades-menores-inicia-capitulo-internacional-das-esteiras-em-assis.html\",\"name\":\"Ordem dos Frades Menores inicia Cap\u00edtulo Internacional das Esteiras em Assis - Not\u00edcias - Franciscanos\",\"isPartOf\":{\"@id\":\"https:\/\/franciscanos.org.br\/noticias\/#website\"},\"primaryImageOfPage\":{\"@id\":\"https:\/\/franciscanos.org.br\/noticias\/ordem-dos-frades-menores-inicia-capitulo-internacional-das-esteiras-em-assis.html#primaryimage\"},\"datePublished\":\"2025-06-02T19:10:36+00:00\",\"dateModified\":\"2025-06-04T16:42:18+00:00\",\"author\":{\"@id\":\"https:\/\/franciscanos.org.br\/noticias\/#\/schema\/person\/d9422e83121c3ad3b0f423d195f5bb25\"},\"breadcrumb\":{\"@id\":\"https:\/\/franciscanos.org.br\/noticias\/ordem-dos-frades-menores-inicia-capitulo-internacional-das-esteiras-em-assis.html#breadcrumb\"},\"inLanguage\":\"pt-BR\",\"potentialAction\":[{\"@type\":\"ReadAction\",\"target\":[\"https:\/\/franciscanos.org.br\/noticias\/ordem-dos-frades-menores-inicia-capitulo-internacional-das-esteiras-em-assis.html\"]}]},{\"@type\":\"BreadcrumbList\",\"@id\":\"https:\/\/franciscanos.org.br\/noticias\/ordem-dos-frades-menores-inicia-capitulo-internacional-das-esteiras-em-assis.html#breadcrumb\",\"itemListElement\":[{\"@type\":\"ListItem\",\"position\":1,\"name\":\"Home\",\"item\":\"https:\/\/franciscanos.org.br\/noticias\"},{\"@type\":\"ListItem\",\"position\":2,\"name\":\"Ordem dos Frades Menores inicia Cap\u00edtulo Internacional das Esteiras em Assis\"}]},{\"@type\":\"Person\",\"@id\":\"https:\/\/franciscanos.org.br\/noticias\/#\/schema\/person\/d9422e83121c3ad3b0f423d195f5bb25\",\"name\":\"Adriana Rabelo\",\"image\":{\"@type\":\"ImageObject\",\"inLanguage\":\"pt-BR\",\"@id\":\"https:\/\/franciscanos.org.br\/noticias\/#\/schema\/person\/image\/\",\"url\":\"https:\/\/secure.gravatar.com\/avatar\/0a937b7500cd7df77540cfb8bede877d?s=96&d=mm&r=g\",\"contentUrl\":\"https:\/\/secure.gravatar.com\/avatar\/0a937b7500cd7df77540cfb8bede877d?s=96&d=mm&r=g\",\"caption\":\"Adriana Rabelo\"},\"url\":\"https:\/\/franciscanos.org.br\/noticias\/author\/adrianarabelo\"}]}<\/script>\n<!-- \/ Yoast SEO plugin. -->","yoast_head_json":{"title":"Ordem dos Frades Menores inicia Cap\u00edtulo Internacional das Esteiras em Assis - Not\u00edcias - Franciscanos","robots":{"index":"index","follow":"follow","max-snippet":"max-snippet:-1","max-image-preview":"max-image-preview:large","max-video-preview":"max-video-preview:-1"},"canonical":"https:\/\/franciscanos.org.br\/noticias\/ordem-dos-frades-menores-inicia-capitulo-internacional-das-esteiras-em-assis.html","og_locale":"pt_BR","og_type":"article","og_title":"Ordem dos Frades Menores inicia Cap\u00edtulo Internacional das Esteiras em Assis - Not\u00edcias - Franciscanos","og_description":"Capitulo da Ordem","og_url":"https:\/\/franciscanos.org.br\/noticias\/ordem-dos-frades-menores-inicia-capitulo-internacional-das-esteiras-em-assis.html","og_site_name":"Not\u00edcias - Franciscanos","article_published_time":"2025-06-02T19:10:36+00:00","article_modified_time":"2025-06-04T16:42:18+00:00","og_image":[{"width":800,"height":550,"url":"https:\/\/franciscanos.org.br\/noticias\/wp-content\/uploads\/2025\/06\/chamada-4.png","type":"image\/png"}],"author":"Adriana Rabelo","twitter_card":"summary_large_image","twitter_misc":{"Escrito por":"Adriana Rabelo","Est. tempo de leitura":"5 minutos"},"schema":{"@context":"https:\/\/schema.org","@graph":[{"@type":"WebSite","@id":"https:\/\/franciscanos.org.br\/noticias\/#website","url":"https:\/\/franciscanos.org.br\/noticias\/","name":"Not\u00edcias - Franciscanos","description":"Prov\u00edncia Franciscana da Imaculada Concei\u00e7\u00e3o do Brasil - Ordem dos Frades Menores - OFM","potentialAction":[{"@type":"SearchAction","target":{"@type":"EntryPoint","urlTemplate":"https:\/\/franciscanos.org.br\/noticias\/?s={search_term_string}"},"query-input":"required name=search_term_string"}],"inLanguage":"pt-BR"},{"@type":"ImageObject","inLanguage":"pt-BR","@id":"https:\/\/franciscanos.org.br\/noticias\/ordem-dos-frades-menores-inicia-capitulo-internacional-das-esteiras-em-assis.html#primaryimage","url":"https:\/\/franciscanos.org.br\/noticias\/wp-content\/uploads\/2025\/06\/chamada-4.png","contentUrl":"https:\/\/franciscanos.org.br\/noticias\/wp-content\/uploads\/2025\/06\/chamada-4.png","width":800,"height":550},{"@type":"WebPage","@id":"https:\/\/franciscanos.org.br\/noticias\/ordem-dos-frades-menores-inicia-capitulo-internacional-das-esteiras-em-assis.html#webpage","url":"https:\/\/franciscanos.org.br\/noticias\/ordem-dos-frades-menores-inicia-capitulo-internacional-das-esteiras-em-assis.html","name":"Ordem dos Frades Menores inicia Cap\u00edtulo Internacional das Esteiras em Assis - Not\u00edcias - Franciscanos","isPartOf":{"@id":"https:\/\/franciscanos.org.br\/noticias\/#website"},"primaryImageOfPage":{"@id":"https:\/\/franciscanos.org.br\/noticias\/ordem-dos-frades-menores-inicia-capitulo-internacional-das-esteiras-em-assis.html#primaryimage"},"datePublished":"2025-06-02T19:10:36+00:00","dateModified":"2025-06-04T16:42:18+00:00","author":{"@id":"https:\/\/franciscanos.org.br\/noticias\/#\/schema\/person\/d9422e83121c3ad3b0f423d195f5bb25"},"breadcrumb":{"@id":"https:\/\/franciscanos.org.br\/noticias\/ordem-dos-frades-menores-inicia-capitulo-internacional-das-esteiras-em-assis.html#breadcrumb"},"inLanguage":"pt-BR","potentialAction":[{"@type":"ReadAction","target":["https:\/\/franciscanos.org.br\/noticias\/ordem-dos-frades-menores-inicia-capitulo-internacional-das-esteiras-em-assis.html"]}]},{"@type":"BreadcrumbList","@id":"https:\/\/franciscanos.org.br\/noticias\/ordem-dos-frades-menores-inicia-capitulo-internacional-das-esteiras-em-assis.html#breadcrumb","itemListElement":[{"@type":"ListItem","position":1,"name":"Home","item":"https:\/\/franciscanos.org.br\/noticias"},{"@type":"ListItem","position":2,"name":"Ordem dos Frades Menores inicia Cap\u00edtulo Internacional das Esteiras em Assis"}]},{"@type":"Person","@id":"https:\/\/franciscanos.org.br\/noticias\/#\/schema\/person\/d9422e83121c3ad3b0f423d195f5bb25","name":"Adriana Rabelo","image":{"@type":"ImageObject","inLanguage":"pt-BR","@id":"https:\/\/franciscanos.org.br\/noticias\/#\/schema\/person\/image\/","url":"https:\/\/secure.gravatar.com\/avatar\/0a937b7500cd7df77540cfb8bede877d?s=96&d=mm&r=g","contentUrl":"https:\/\/secure.gravatar.com\/avatar\/0a937b7500cd7df77540cfb8bede877d?s=96&d=mm&r=g","caption":"Adriana Rabelo"},"url":"https:\/\/franciscanos.org.br\/noticias\/author\/adrianarabelo"}]}},"_links":{"self":[{"href":"https:\/\/franciscanos.org.br\/noticias\/wp-json\/wp\/v2\/posts\/257444"}],"collection":[{"href":"https:\/\/franciscanos.org.br\/noticias\/wp-json\/wp\/v2\/posts"}],"about":[{"href":"https:\/\/franciscanos.org.br\/noticias\/wp-json\/wp\/v2\/types\/post"}],"author":[{"embeddable":true,"href":"https:\/\/franciscanos.org.br\/noticias\/wp-json\/wp\/v2\/users\/11"}],"replies":[{"embeddable":true,"href":"https:\/\/franciscanos.org.br\/noticias\/wp-json\/wp\/v2\/comments?post=257444"}],"version-history":[{"count":6,"href":"https:\/\/franciscanos.org.br\/noticias\/wp-json\/wp\/v2\/posts\/257444\/revisions"}],"predecessor-version":[{"id":257583,"href":"https:\/\/franciscanos.org.br\/noticias\/wp-json\/wp\/v2\/posts\/257444\/revisions\/257583"}],"wp:featuredmedia":[{"embeddable":true,"href":"https:\/\/franciscanos.org.br\/noticias\/wp-json\/wp\/v2\/media\/257446"}],"wp:attachment":[{"href":"https:\/\/franciscanos.org.br\/noticias\/wp-json\/wp\/v2\/media?parent=257444"}],"wp:term":[{"taxonomy":"category","embeddable":true,"href":"https:\/\/franciscanos.org.br\/noticias\/wp-json\/wp\/v2\/categories?post=257444"},{"taxonomy":"post_tag","embeddable":true,"href":"https:\/\/franciscanos.org.br\/noticias\/wp-json\/wp\/v2\/tags?post=257444"}],"curies":[{"name":"wp","href":"https:\/\/api.w.org\/{rel}","templated":true}]}}