{"id":257417,"date":"2025-06-02T12:02:37","date_gmt":"2025-06-02T15:02:37","guid":{"rendered":"https:\/\/franciscanos.org.br\/noticias\/?p=257417"},"modified":"2025-06-02T12:02:37","modified_gmt":"2025-06-02T15:02:37","slug":"paroquia-nossa-senhora-de-fatima-em-angola-celebra-o-dia-das-criancas","status":"publish","type":"post","link":"https:\/\/franciscanos.org.br\/noticias\/paroquia-nossa-senhora-de-fatima-em-angola-celebra-o-dia-das-criancas.html","title":{"rendered":"Par\u00f3quia Nossa Senhora de F\u00e1tima, em Angola, celebra o Dia das Crian\u00e7as"},"content":{"rendered":"<p><img loading=\"lazy\" class=\"aligncenter wp-image-257418 size-full\" src=\"https:\/\/franciscanos.org.br\/noticias\/wp-content\/uploads\/2025\/06\/MATERIA-3-1.png\" alt=\"\" width=\"1280\" height=\"720\" srcset=\"https:\/\/franciscanos.org.br\/noticias\/wp-content\/uploads\/2025\/06\/MATERIA-3-1.png 1280w, https:\/\/franciscanos.org.br\/noticias\/wp-content\/uploads\/2025\/06\/MATERIA-3-1-450x253.png 450w, https:\/\/franciscanos.org.br\/noticias\/wp-content\/uploads\/2025\/06\/MATERIA-3-1-1024x576.png 1024w, https:\/\/franciscanos.org.br\/noticias\/wp-content\/uploads\/2025\/06\/MATERIA-3-1-768x432.png 768w, https:\/\/franciscanos.org.br\/noticias\/wp-content\/uploads\/2025\/06\/MATERIA-3-1-150x84.png 150w\" sizes=\"(max-width: 1280px) 100vw, 1280px\" \/><\/p>\n<p>A Par\u00f3quia Nossa Senhora de F\u00e1tima, localizada no bairro Mulenvos, em Viana, Angola, celebrou o Dia das Crian\u00e7as, no \u00faltimo domingo, 1\u00ba de junho. A iniciativa promovida pela Pastoral da Crian\u00e7a, em colabora\u00e7\u00e3o com as demais pastorais, reuniu mais de 300 crian\u00e7as na sede paroquial para um momento de ora\u00e7\u00e3o e anima\u00e7\u00e3o.<\/p>\n<p>\u200e\u200eA atividade teve in\u00edcio com a b\u00ean\u00e7\u00e3o do P\u00e1roco Frei Jo\u00e3o Bunga, que destacou a beleza de celebrar a inf\u00e2ncia com alegria e f\u00e9.<\/p>\n<p>\u200e\u200eO evento foi marcado por um ambiente de festa e comunh\u00e3o, com dan\u00e7as, m\u00fasicas, brincadeiras e sorrisos contagiantes. Al\u00e9m disso, foram oferecidos brinquedos e materiais escolares \u00e0s crian\u00e7as, fruto da generosidade do AngolaMais, que se uniu \u00e0 Par\u00f3quia nesta a\u00e7\u00e3o de amor e carinho.<\/p>\n<p>\u200e\u200e<img loading=\"lazy\" class=\"aligncenter wp-image-257421 size-full\" src=\"https:\/\/franciscanos.org.br\/noticias\/wp-content\/uploads\/2025\/06\/MATERIA-2-1.png\" alt=\"\" width=\"1280\" height=\"720\" srcset=\"https:\/\/franciscanos.org.br\/noticias\/wp-content\/uploads\/2025\/06\/MATERIA-2-1.png 1280w, https:\/\/franciscanos.org.br\/noticias\/wp-content\/uploads\/2025\/06\/MATERIA-2-1-450x253.png 450w, https:\/\/franciscanos.org.br\/noticias\/wp-content\/uploads\/2025\/06\/MATERIA-2-1-1024x576.png 1024w, https:\/\/franciscanos.org.br\/noticias\/wp-content\/uploads\/2025\/06\/MATERIA-2-1-768x432.png 768w, https:\/\/franciscanos.org.br\/noticias\/wp-content\/uploads\/2025\/06\/MATERIA-2-1-150x84.png 150w\" sizes=\"(max-width: 1280px) 100vw, 1280px\" \/><\/p>\n<p>O senhor M\u00e1rio Feij\u00f3, respons\u00e1vel pela institui\u00e7\u00e3o, expressou sua alegria em apoiar as crian\u00e7as, afirmando que, \u00e9 com enorme alegria que entregam os donativos \u00e0s crian\u00e7as, especialmente \u00e0quelas que enfrentam dificuldades por falta de apoio.<\/p>\n<p>\u200e\u200e&#8221;Queremos ser parte desse apoio, porque acreditamos que elas s\u00e3o o futuro do amanh\u00e3. Tudo o que sou hoje, aprendi na comunidade, fui crian\u00e7a, fui ac\u00f3lito\u2026 e carrego comigo os valores que recebi nesse tempo \u201d, disse.<\/p>\n<p><img loading=\"lazy\" class=\"aligncenter wp-image-257424 size-full\" src=\"https:\/\/franciscanos.org.br\/noticias\/wp-content\/uploads\/2025\/06\/materia-4-1.png\" alt=\"\" width=\"1280\" height=\"720\" srcset=\"https:\/\/franciscanos.org.br\/noticias\/wp-content\/uploads\/2025\/06\/materia-4-1.png 1280w, https:\/\/franciscanos.org.br\/noticias\/wp-content\/uploads\/2025\/06\/materia-4-1-450x253.png 450w, https:\/\/franciscanos.org.br\/noticias\/wp-content\/uploads\/2025\/06\/materia-4-1-1024x576.png 1024w, https:\/\/franciscanos.org.br\/noticias\/wp-content\/uploads\/2025\/06\/materia-4-1-768x432.png 768w, https:\/\/franciscanos.org.br\/noticias\/wp-content\/uploads\/2025\/06\/materia-4-1-150x84.png 150w\" sizes=\"(max-width: 1280px) 100vw, 1280px\" \/><\/p>\n<p>\u200e\u200eEzequiel, uma das crian\u00e7as presentes, disse que gostou da atividade, pelo fato de ter m\u00fasica, bal\u00f5es e pintura no rosto. \u201cGostei muito! \u201d, expressou a crian\u00e7a.<\/p>\n<p>\u200e\u200e A celebra\u00e7\u00e3o refor\u00e7ou o compromisso da par\u00f3quia com a promo\u00e7\u00e3o da inf\u00e2ncia, valorizando as crian\u00e7as como exemplos de simplicidade e pureza \u2014 qualidades que Deus deseja encontrar no cora\u00e7\u00e3o de cada um de seus filhos e filhas.<\/p>\n<hr \/>\n<p><em>Horvanda Rodrigues | Pascom<\/em><\/p>\n","protected":false},"excerpt":{"rendered":"<p>Celebra\u00e7\u00f5es FIMDA<\/p>\n","protected":false},"author":11,"featured_media":257419,"comment_status":"open","ping_status":"open","sticky":false,"template":"","format":"standard","meta":[],"categories":[1],"tags":[2357,195],"acf":[],"yoast_head":"<!-- This site is optimized with the Yoast SEO plugin v19.2 - https:\/\/yoast.com\/wordpress\/plugins\/seo\/ -->\n<title>Par\u00f3quia Nossa Senhora de F\u00e1tima, em Angola, celebra o Dia das Crian\u00e7as - Not\u00edcias - Franciscanos<\/title>\n<meta name=\"robots\" content=\"index, follow, max-snippet:-1, max-image-preview:large, max-video-preview:-1\" \/>\n<link rel=\"canonical\" href=\"https:\/\/franciscanos.org.br\/noticias\/paroquia-nossa-senhora-de-fatima-em-angola-celebra-o-dia-das-criancas.html\" \/>\n<meta property=\"og:locale\" content=\"pt_BR\" \/>\n<meta property=\"og:type\" content=\"article\" \/>\n<meta property=\"og:title\" content=\"Par\u00f3quia Nossa Senhora de F\u00e1tima, em Angola, celebra o Dia das Crian\u00e7as - Not\u00edcias - Franciscanos\" \/>\n<meta property=\"og:description\" content=\"Celebra\u00e7\u00f5es FIMDA\" \/>\n<meta property=\"og:url\" content=\"https:\/\/franciscanos.org.br\/noticias\/paroquia-nossa-senhora-de-fatima-em-angola-celebra-o-dia-das-criancas.html\" \/>\n<meta property=\"og:site_name\" content=\"Not\u00edcias - Franciscanos\" \/>\n<meta property=\"article:published_time\" content=\"2025-06-02T15:02:37+00:00\" \/>\n<meta property=\"og:image\" content=\"https:\/\/franciscanos.org.br\/noticias\/wp-content\/uploads\/2025\/06\/chamada-1.png\" \/>\n\t<meta property=\"og:image:width\" content=\"800\" \/>\n\t<meta property=\"og:image:height\" content=\"550\" \/>\n\t<meta property=\"og:image:type\" content=\"image\/png\" \/>\n<meta name=\"author\" content=\"Adriana Rabelo\" \/>\n<meta name=\"twitter:card\" content=\"summary_large_image\" \/>\n<meta name=\"twitter:label1\" content=\"Escrito por\" \/>\n\t<meta name=\"twitter:data1\" content=\"Adriana Rabelo\" \/>\n\t<meta name=\"twitter:label2\" content=\"Est. tempo de leitura\" \/>\n\t<meta name=\"twitter:data2\" content=\"1 minuto\" \/>\n<script type=\"application\/ld+json\" class=\"yoast-schema-graph\">{\"@context\":\"https:\/\/schema.org\",\"@graph\":[{\"@type\":\"WebSite\",\"@id\":\"https:\/\/franciscanos.org.br\/noticias\/#website\",\"url\":\"https:\/\/franciscanos.org.br\/noticias\/\",\"name\":\"Not\u00edcias - Franciscanos\",\"description\":\"Prov\u00edncia Franciscana da Imaculada Concei\u00e7\u00e3o do Brasil - Ordem dos Frades Menores - OFM\",\"potentialAction\":[{\"@type\":\"SearchAction\",\"target\":{\"@type\":\"EntryPoint\",\"urlTemplate\":\"https:\/\/franciscanos.org.br\/noticias\/?s={search_term_string}\"},\"query-input\":\"required name=search_term_string\"}],\"inLanguage\":\"pt-BR\"},{\"@type\":\"ImageObject\",\"inLanguage\":\"pt-BR\",\"@id\":\"https:\/\/franciscanos.org.br\/noticias\/paroquia-nossa-senhora-de-fatima-em-angola-celebra-o-dia-das-criancas.html#primaryimage\",\"url\":\"https:\/\/franciscanos.org.br\/noticias\/wp-content\/uploads\/2025\/06\/chamada-1.png\",\"contentUrl\":\"https:\/\/franciscanos.org.br\/noticias\/wp-content\/uploads\/2025\/06\/chamada-1.png\",\"width\":800,\"height\":550},{\"@type\":\"WebPage\",\"@id\":\"https:\/\/franciscanos.org.br\/noticias\/paroquia-nossa-senhora-de-fatima-em-angola-celebra-o-dia-das-criancas.html#webpage\",\"url\":\"https:\/\/franciscanos.org.br\/noticias\/paroquia-nossa-senhora-de-fatima-em-angola-celebra-o-dia-das-criancas.html\",\"name\":\"Par\u00f3quia Nossa Senhora de F\u00e1tima, em Angola, celebra o Dia das Crian\u00e7as - Not\u00edcias - Franciscanos\",\"isPartOf\":{\"@id\":\"https:\/\/franciscanos.org.br\/noticias\/#website\"},\"primaryImageOfPage\":{\"@id\":\"https:\/\/franciscanos.org.br\/noticias\/paroquia-nossa-senhora-de-fatima-em-angola-celebra-o-dia-das-criancas.html#primaryimage\"},\"datePublished\":\"2025-06-02T15:02:37+00:00\",\"dateModified\":\"2025-06-02T15:02:37+00:00\",\"author\":{\"@id\":\"https:\/\/franciscanos.org.br\/noticias\/#\/schema\/person\/d9422e83121c3ad3b0f423d195f5bb25\"},\"breadcrumb\":{\"@id\":\"https:\/\/franciscanos.org.br\/noticias\/paroquia-nossa-senhora-de-fatima-em-angola-celebra-o-dia-das-criancas.html#breadcrumb\"},\"inLanguage\":\"pt-BR\",\"potentialAction\":[{\"@type\":\"ReadAction\",\"target\":[\"https:\/\/franciscanos.org.br\/noticias\/paroquia-nossa-senhora-de-fatima-em-angola-celebra-o-dia-das-criancas.html\"]}]},{\"@type\":\"BreadcrumbList\",\"@id\":\"https:\/\/franciscanos.org.br\/noticias\/paroquia-nossa-senhora-de-fatima-em-angola-celebra-o-dia-das-criancas.html#breadcrumb\",\"itemListElement\":[{\"@type\":\"ListItem\",\"position\":1,\"name\":\"Home\",\"item\":\"https:\/\/franciscanos.org.br\/noticias\"},{\"@type\":\"ListItem\",\"position\":2,\"name\":\"Par\u00f3quia Nossa Senhora de F\u00e1tima, em Angola, celebra o Dia das Crian\u00e7as\"}]},{\"@type\":\"Person\",\"@id\":\"https:\/\/franciscanos.org.br\/noticias\/#\/schema\/person\/d9422e83121c3ad3b0f423d195f5bb25\",\"name\":\"Adriana Rabelo\",\"image\":{\"@type\":\"ImageObject\",\"inLanguage\":\"pt-BR\",\"@id\":\"https:\/\/franciscanos.org.br\/noticias\/#\/schema\/person\/image\/\",\"url\":\"https:\/\/secure.gravatar.com\/avatar\/0a937b7500cd7df77540cfb8bede877d?s=96&d=mm&r=g\",\"contentUrl\":\"https:\/\/secure.gravatar.com\/avatar\/0a937b7500cd7df77540cfb8bede877d?s=96&d=mm&r=g\",\"caption\":\"Adriana Rabelo\"},\"url\":\"https:\/\/franciscanos.org.br\/noticias\/author\/adrianarabelo\"}]}<\/script>\n<!-- \/ Yoast SEO plugin. -->","yoast_head_json":{"title":"Par\u00f3quia Nossa Senhora de F\u00e1tima, em Angola, celebra o Dia das Crian\u00e7as - Not\u00edcias - Franciscanos","robots":{"index":"index","follow":"follow","max-snippet":"max-snippet:-1","max-image-preview":"max-image-preview:large","max-video-preview":"max-video-preview:-1"},"canonical":"https:\/\/franciscanos.org.br\/noticias\/paroquia-nossa-senhora-de-fatima-em-angola-celebra-o-dia-das-criancas.html","og_locale":"pt_BR","og_type":"article","og_title":"Par\u00f3quia Nossa Senhora de F\u00e1tima, em Angola, celebra o Dia das Crian\u00e7as - Not\u00edcias - Franciscanos","og_description":"Celebra\u00e7\u00f5es FIMDA","og_url":"https:\/\/franciscanos.org.br\/noticias\/paroquia-nossa-senhora-de-fatima-em-angola-celebra-o-dia-das-criancas.html","og_site_name":"Not\u00edcias - Franciscanos","article_published_time":"2025-06-02T15:02:37+00:00","og_image":[{"width":800,"height":550,"url":"https:\/\/franciscanos.org.br\/noticias\/wp-content\/uploads\/2025\/06\/chamada-1.png","type":"image\/png"}],"author":"Adriana Rabelo","twitter_card":"summary_large_image","twitter_misc":{"Escrito por":"Adriana Rabelo","Est. tempo de leitura":"1 minuto"},"schema":{"@context":"https:\/\/schema.org","@graph":[{"@type":"WebSite","@id":"https:\/\/franciscanos.org.br\/noticias\/#website","url":"https:\/\/franciscanos.org.br\/noticias\/","name":"Not\u00edcias - Franciscanos","description":"Prov\u00edncia Franciscana da Imaculada Concei\u00e7\u00e3o do Brasil - Ordem dos Frades Menores - OFM","potentialAction":[{"@type":"SearchAction","target":{"@type":"EntryPoint","urlTemplate":"https:\/\/franciscanos.org.br\/noticias\/?s={search_term_string}"},"query-input":"required name=search_term_string"}],"inLanguage":"pt-BR"},{"@type":"ImageObject","inLanguage":"pt-BR","@id":"https:\/\/franciscanos.org.br\/noticias\/paroquia-nossa-senhora-de-fatima-em-angola-celebra-o-dia-das-criancas.html#primaryimage","url":"https:\/\/franciscanos.org.br\/noticias\/wp-content\/uploads\/2025\/06\/chamada-1.png","contentUrl":"https:\/\/franciscanos.org.br\/noticias\/wp-content\/uploads\/2025\/06\/chamada-1.png","width":800,"height":550},{"@type":"WebPage","@id":"https:\/\/franciscanos.org.br\/noticias\/paroquia-nossa-senhora-de-fatima-em-angola-celebra-o-dia-das-criancas.html#webpage","url":"https:\/\/franciscanos.org.br\/noticias\/paroquia-nossa-senhora-de-fatima-em-angola-celebra-o-dia-das-criancas.html","name":"Par\u00f3quia Nossa Senhora de F\u00e1tima, em Angola, celebra o Dia das Crian\u00e7as - Not\u00edcias - Franciscanos","isPartOf":{"@id":"https:\/\/franciscanos.org.br\/noticias\/#website"},"primaryImageOfPage":{"@id":"https:\/\/franciscanos.org.br\/noticias\/paroquia-nossa-senhora-de-fatima-em-angola-celebra-o-dia-das-criancas.html#primaryimage"},"datePublished":"2025-06-02T15:02:37+00:00","dateModified":"2025-06-02T15:02:37+00:00","author":{"@id":"https:\/\/franciscanos.org.br\/noticias\/#\/schema\/person\/d9422e83121c3ad3b0f423d195f5bb25"},"breadcrumb":{"@id":"https:\/\/franciscanos.org.br\/noticias\/paroquia-nossa-senhora-de-fatima-em-angola-celebra-o-dia-das-criancas.html#breadcrumb"},"inLanguage":"pt-BR","potentialAction":[{"@type":"ReadAction","target":["https:\/\/franciscanos.org.br\/noticias\/paroquia-nossa-senhora-de-fatima-em-angola-celebra-o-dia-das-criancas.html"]}]},{"@type":"BreadcrumbList","@id":"https:\/\/franciscanos.org.br\/noticias\/paroquia-nossa-senhora-de-fatima-em-angola-celebra-o-dia-das-criancas.html#breadcrumb","itemListElement":[{"@type":"ListItem","position":1,"name":"Home","item":"https:\/\/franciscanos.org.br\/noticias"},{"@type":"ListItem","position":2,"name":"Par\u00f3quia Nossa Senhora de F\u00e1tima, em Angola, celebra o Dia das Crian\u00e7as"}]},{"@type":"Person","@id":"https:\/\/franciscanos.org.br\/noticias\/#\/schema\/person\/d9422e83121c3ad3b0f423d195f5bb25","name":"Adriana Rabelo","image":{"@type":"ImageObject","inLanguage":"pt-BR","@id":"https:\/\/franciscanos.org.br\/noticias\/#\/schema\/person\/image\/","url":"https:\/\/secure.gravatar.com\/avatar\/0a937b7500cd7df77540cfb8bede877d?s=96&d=mm&r=g","contentUrl":"https:\/\/secure.gravatar.com\/avatar\/0a937b7500cd7df77540cfb8bede877d?s=96&d=mm&r=g","caption":"Adriana Rabelo"},"url":"https:\/\/franciscanos.org.br\/noticias\/author\/adrianarabelo"}]}},"_links":{"self":[{"href":"https:\/\/franciscanos.org.br\/noticias\/wp-json\/wp\/v2\/posts\/257417"}],"collection":[{"href":"https:\/\/franciscanos.org.br\/noticias\/wp-json\/wp\/v2\/posts"}],"about":[{"href":"https:\/\/franciscanos.org.br\/noticias\/wp-json\/wp\/v2\/types\/post"}],"author":[{"embeddable":true,"href":"https:\/\/franciscanos.org.br\/noticias\/wp-json\/wp\/v2\/users\/11"}],"replies":[{"embeddable":true,"href":"https:\/\/franciscanos.org.br\/noticias\/wp-json\/wp\/v2\/comments?post=257417"}],"version-history":[{"count":2,"href":"https:\/\/franciscanos.org.br\/noticias\/wp-json\/wp\/v2\/posts\/257417\/revisions"}],"predecessor-version":[{"id":257425,"href":"https:\/\/franciscanos.org.br\/noticias\/wp-json\/wp\/v2\/posts\/257417\/revisions\/257425"}],"wp:featuredmedia":[{"embeddable":true,"href":"https:\/\/franciscanos.org.br\/noticias\/wp-json\/wp\/v2\/media\/257419"}],"wp:attachment":[{"href":"https:\/\/franciscanos.org.br\/noticias\/wp-json\/wp\/v2\/media?parent=257417"}],"wp:term":[{"taxonomy":"category","embeddable":true,"href":"https:\/\/franciscanos.org.br\/noticias\/wp-json\/wp\/v2\/categories?post=257417"},{"taxonomy":"post_tag","embeddable":true,"href":"https:\/\/franciscanos.org.br\/noticias\/wp-json\/wp\/v2\/tags?post=257417"}],"curies":[{"name":"wp","href":"https:\/\/api.w.org\/{rel}","templated":true}]}}