{"id":257347,"date":"2025-05-28T14:40:32","date_gmt":"2025-05-28T17:40:32","guid":{"rendered":"https:\/\/franciscanos.org.br\/noticias\/?p=257347"},"modified":"2025-05-28T14:48:10","modified_gmt":"2025-05-28T17:48:10","slug":"fieis-celebram-10-anos-da-enciclica-laudato-si-e-o-sacramento-da-crisma-em-duque-de-caxias","status":"publish","type":"post","link":"https:\/\/franciscanos.org.br\/noticias\/fieis-celebram-10-anos-da-enciclica-laudato-si-e-o-sacramento-da-crisma-em-duque-de-caxias.html","title":{"rendered":"Fi\u00e9is celebram 10 anos da enc\u00edclica Laudato si&#8217; e o Sacramento da Crisma em Duque de Caxias"},"content":{"rendered":"<p><em><img loading=\"lazy\" class=\"aligncenter wp-image-257348 size-full\" src=\"https:\/\/franciscanos.org.br\/noticias\/wp-content\/uploads\/2025\/05\/MATERIA2-1.png\" alt=\"\" width=\"1280\" height=\"720\" srcset=\"https:\/\/franciscanos.org.br\/noticias\/wp-content\/uploads\/2025\/05\/MATERIA2-1.png 1280w, https:\/\/franciscanos.org.br\/noticias\/wp-content\/uploads\/2025\/05\/MATERIA2-1-450x253.png 450w, https:\/\/franciscanos.org.br\/noticias\/wp-content\/uploads\/2025\/05\/MATERIA2-1-1024x576.png 1024w, https:\/\/franciscanos.org.br\/noticias\/wp-content\/uploads\/2025\/05\/MATERIA2-1-768x432.png 768w, https:\/\/franciscanos.org.br\/noticias\/wp-content\/uploads\/2025\/05\/MATERIA2-1-150x84.png 150w\" sizes=\"(max-width: 1280px) 100vw, 1280px\" \/><\/em><\/p>\n<p><em>&#8220;Visto que todas as criaturas est\u00e3o interligadas, deve ser reconhecido, com carinho e admira\u00e7\u00e3o, o valor de cada uma, e todos n\u00f3s, seres criados, precisamos uns dos outros.&#8221; (Laudato si\u2019 42)<\/em><\/p>\n<p>Na manh\u00e3 de s\u00e1bado (24\/5), dia em que se completaram 10 anos da publica\u00e7\u00e3o da Carta Enc\u00edclica Laudato si&#8217; do Papa Francisco, sobre o cuidado com a Casa Comum, membros f\u00e9is da Par\u00f3quia Santa Clara, que est\u00e1 sob os cuidados da Fraternidade Nossa Senhora M\u00e3e Terra, foram \u00e0 comunidade Nossa Senhora da Estrela para rezar o <strong>Ter\u00e7o Ecol\u00f3gico<\/strong>.<\/p>\n<p>Um rico momento de espiritualidade, nesse m\u00eas de Maria e nessa Semana Laudato si&#8217;, em que, apesar das dores e na contram\u00e3o da destrui\u00e7\u00e3o que avan\u00e7a em nosso pa\u00eds e no mundo, louvamos a Deus, junto \u00e0 Nossa Senhora, pelo bem que temos na cria\u00e7\u00e3o, e somos chamados, mais do que nunca, a uma espiritualidade unida \u00e0 terra e a todos os anseios por vida ao nosso redor.<\/p>\n<p>Outro marco para essa semana \u00e9 uma campanha nas redes sociais da par\u00f3quia e nos grupos de WhatsApp, com postagens contendo trechos da enc\u00edclica que possam ajudar a refletir sobre o cuidado da Casa Comum, bem como, por meio das imagens e obras, fazer mem\u00f3ria aos <strong>800 anos da composi\u00e7\u00e3o do C\u00e2ntico das Criaturas<\/strong>, por S\u00e3o Francisco de Assis.<\/p>\n<p>Fato importante a ser destacado \u00e9 que muitas outras a\u00e7\u00f5es j\u00e1 foram realizadas como parte integrante do <strong>agir da Campanha da Fraternidade deste ano de 2025<\/strong>, cujo tema \u00e9 <strong>&#8220;Fraternidade e Ecologia Integral&#8221;<\/strong>. Ao longo do ano, outras a\u00e7\u00f5es ser\u00e3o desenvolvidas para que, cada vez mais, se criem n\u00e3o somente atividades em prol do cuidado com a cria\u00e7\u00e3o, mas tamb\u00e9m uma consci\u00eancia ecol\u00f3gica e integral, como bem enfatiza nosso amado Papa Francisco na Enc\u00edclica Laudato Si&#8217;, que completa seus <strong>10 anos de publica\u00e7\u00e3o e reflex\u00e3o<\/strong>.<\/p>\n<p><em>&#8220;O urgente desafio de proteger a nossa casa comum, inclui a preocupa\u00e7\u00e3o de unir a fam\u00edlia humana na busca de um desenvolvimento sustent\u00e1vel e integral, pois sabemos que as coisas podem\u00a0mudar.&#8221;\u00a0(Laudato Si\u00a013)<\/em><\/p>\n<p><strong><img loading=\"lazy\" class=\"aligncenter wp-image-257349 size-full\" src=\"https:\/\/franciscanos.org.br\/noticias\/wp-content\/uploads\/2025\/05\/MATERIA-1-6.png\" alt=\"\" width=\"1280\" height=\"720\" srcset=\"https:\/\/franciscanos.org.br\/noticias\/wp-content\/uploads\/2025\/05\/MATERIA-1-6.png 1280w, https:\/\/franciscanos.org.br\/noticias\/wp-content\/uploads\/2025\/05\/MATERIA-1-6-450x253.png 450w, https:\/\/franciscanos.org.br\/noticias\/wp-content\/uploads\/2025\/05\/MATERIA-1-6-1024x576.png 1024w, https:\/\/franciscanos.org.br\/noticias\/wp-content\/uploads\/2025\/05\/MATERIA-1-6-768x432.png 768w, https:\/\/franciscanos.org.br\/noticias\/wp-content\/uploads\/2025\/05\/MATERIA-1-6-150x84.png 150w\" sizes=\"(max-width: 1280px) 100vw, 1280px\" \/><\/strong><\/p>\n<p><strong>Celebrando o Sacramento da Crisma<\/strong><\/p>\n<p><em>&#8220;Vivam intensamente esse Pentecostes pessoal&#8221;, diz Dom Tarc\u00edsio Nascentes aos Crismandos da Par\u00f3quia Santa Clara de Assis, em Imbari\u00ea, Duque de Caxias (RJ).<\/em><\/p>\n<p>Unidos em ora\u00e7\u00e3o e esp\u00edrito fraterno, tamb\u00e9m no s\u00e1bado, no per\u00edodo da note, 18 jovens receberam o Sacramento da Crisma, na presen\u00e7a de membros de nossas comunidades, familiares e amigos, que encheram o Centro Paroquial Paz e Bem para celebrar a for\u00e7a do Esp\u00edrito Santo na vida daqueles que o receberam. Na presen\u00e7a de nosso bispo diocesano, Dom Tarc\u00edsio Nascentes, os presentes puderam viver e reviver seu Pentecostes pessoal, criando ali, com os dons do Esp\u00edrito, um verdadeiro Cen\u00e1culo, rememorando a experi\u00eancia das primeiras comunidades crist\u00e3s.<\/p>\n<p>Conforme o ritual deste sacramento, Frei Jean Carlos Ajluni Oliveira, p\u00e1roco, apresentou os eleitos ao bispo diocesano, confirmando que todos tinham percorrido os caminhos de prepara\u00e7\u00e3o e que, com o acompanhamento dos catequistas designados, estavam aptos para receber o sacramento. Em seguida, deu-se continuidade ao rito por meio da renova\u00e7\u00e3o das promessas do batismo, imposi\u00e7\u00e3o das m\u00e3os e a un\u00e7\u00e3o.<\/p>\n<p>Este sacramento da Crisma confirma a f\u00e9 e fortalece a presen\u00e7a do Esp\u00edrito Santo em nossa vida. \u00c9 um momento de amadurecimento espiritual, no qual aquele que o recebe, com liberdade e responsabilidade, assume o compromisso de seguir Jesus e ser sinal de amor no mundo. Por isso, cada um deles foi ungido com o Santo \u00d3leo do Crisma, simbolizando essa express\u00e3o de ser dom de Deus, para que possam ser fi\u00e9is aut\u00eanticos e corajosos para a Igreja e para o mundo. Isso foi bem refor\u00e7ado pelo bispo em sua homilia, um momento de muita reflex\u00e3o e emo\u00e7\u00e3o.<\/p>\n<p>Que o Esp\u00edrito Santo fortale\u00e7a nossos crismados, para que, com coragem e amor, sejam luzes no mundo e testemunhas vivas da f\u00e9.<\/p>\n<hr \/>\n<p><em>Texto e fotos: Yasmin Bevenutto e Frei Franklin Matheus<\/em><\/p>\n","protected":false},"excerpt":{"rendered":"<p>Celebra\u00e7\u00f5es em comunh\u00e3o fraterna<\/p>\n","protected":false},"author":11,"featured_media":257350,"comment_status":"open","ping_status":"open","sticky":false,"template":"","format":"standard","meta":[],"categories":[1],"tags":[185,2355,1598],"acf":[],"yoast_head":"<!-- This site is optimized with the Yoast SEO plugin v19.2 - https:\/\/yoast.com\/wordpress\/plugins\/seo\/ -->\n<title>Fi\u00e9is celebram 10 anos da enc\u00edclica Laudato si&#039; e o Sacramento da Crisma em Duque de Caxias - Not\u00edcias - Franciscanos<\/title>\n<meta name=\"robots\" content=\"index, follow, max-snippet:-1, max-image-preview:large, max-video-preview:-1\" \/>\n<link rel=\"canonical\" href=\"https:\/\/franciscanos.org.br\/noticias\/fieis-celebram-10-anos-da-enciclica-laudato-si-e-o-sacramento-da-crisma-em-duque-de-caxias.html\" \/>\n<meta property=\"og:locale\" content=\"pt_BR\" \/>\n<meta property=\"og:type\" content=\"article\" \/>\n<meta property=\"og:title\" content=\"Fi\u00e9is celebram 10 anos da enc\u00edclica Laudato si&#039; e o Sacramento da Crisma em Duque de Caxias - Not\u00edcias - Franciscanos\" \/>\n<meta property=\"og:description\" content=\"Celebra\u00e7\u00f5es em comunh\u00e3o fraterna\" \/>\n<meta property=\"og:url\" content=\"https:\/\/franciscanos.org.br\/noticias\/fieis-celebram-10-anos-da-enciclica-laudato-si-e-o-sacramento-da-crisma-em-duque-de-caxias.html\" \/>\n<meta property=\"og:site_name\" content=\"Not\u00edcias - Franciscanos\" \/>\n<meta property=\"article:published_time\" content=\"2025-05-28T17:40:32+00:00\" \/>\n<meta property=\"article:modified_time\" content=\"2025-05-28T17:48:10+00:00\" \/>\n<meta property=\"og:image\" content=\"https:\/\/franciscanos.org.br\/noticias\/wp-content\/uploads\/2025\/05\/chamada-23.png\" \/>\n\t<meta property=\"og:image:width\" content=\"800\" \/>\n\t<meta property=\"og:image:height\" content=\"550\" \/>\n\t<meta property=\"og:image:type\" content=\"image\/png\" \/>\n<meta name=\"author\" content=\"Adriana Rabelo\" \/>\n<meta name=\"twitter:card\" content=\"summary_large_image\" \/>\n<meta name=\"twitter:label1\" content=\"Escrito por\" \/>\n\t<meta name=\"twitter:data1\" content=\"Adriana Rabelo\" \/>\n\t<meta name=\"twitter:label2\" content=\"Est. tempo de leitura\" \/>\n\t<meta name=\"twitter:data2\" content=\"3 minutos\" \/>\n<script type=\"application\/ld+json\" class=\"yoast-schema-graph\">{\"@context\":\"https:\/\/schema.org\",\"@graph\":[{\"@type\":\"WebSite\",\"@id\":\"https:\/\/franciscanos.org.br\/noticias\/#website\",\"url\":\"https:\/\/franciscanos.org.br\/noticias\/\",\"name\":\"Not\u00edcias - Franciscanos\",\"description\":\"Prov\u00edncia Franciscana da Imaculada Concei\u00e7\u00e3o do Brasil - Ordem dos Frades Menores - OFM\",\"potentialAction\":[{\"@type\":\"SearchAction\",\"target\":{\"@type\":\"EntryPoint\",\"urlTemplate\":\"https:\/\/franciscanos.org.br\/noticias\/?s={search_term_string}\"},\"query-input\":\"required name=search_term_string\"}],\"inLanguage\":\"pt-BR\"},{\"@type\":\"ImageObject\",\"inLanguage\":\"pt-BR\",\"@id\":\"https:\/\/franciscanos.org.br\/noticias\/fieis-celebram-10-anos-da-enciclica-laudato-si-e-o-sacramento-da-crisma-em-duque-de-caxias.html#primaryimage\",\"url\":\"https:\/\/franciscanos.org.br\/noticias\/wp-content\/uploads\/2025\/05\/chamada-23.png\",\"contentUrl\":\"https:\/\/franciscanos.org.br\/noticias\/wp-content\/uploads\/2025\/05\/chamada-23.png\",\"width\":800,\"height\":550},{\"@type\":\"WebPage\",\"@id\":\"https:\/\/franciscanos.org.br\/noticias\/fieis-celebram-10-anos-da-enciclica-laudato-si-e-o-sacramento-da-crisma-em-duque-de-caxias.html#webpage\",\"url\":\"https:\/\/franciscanos.org.br\/noticias\/fieis-celebram-10-anos-da-enciclica-laudato-si-e-o-sacramento-da-crisma-em-duque-de-caxias.html\",\"name\":\"Fi\u00e9is celebram 10 anos da enc\u00edclica Laudato si' e o Sacramento da Crisma em Duque de Caxias - Not\u00edcias - Franciscanos\",\"isPartOf\":{\"@id\":\"https:\/\/franciscanos.org.br\/noticias\/#website\"},\"primaryImageOfPage\":{\"@id\":\"https:\/\/franciscanos.org.br\/noticias\/fieis-celebram-10-anos-da-enciclica-laudato-si-e-o-sacramento-da-crisma-em-duque-de-caxias.html#primaryimage\"},\"datePublished\":\"2025-05-28T17:40:32+00:00\",\"dateModified\":\"2025-05-28T17:48:10+00:00\",\"author\":{\"@id\":\"https:\/\/franciscanos.org.br\/noticias\/#\/schema\/person\/d9422e83121c3ad3b0f423d195f5bb25\"},\"breadcrumb\":{\"@id\":\"https:\/\/franciscanos.org.br\/noticias\/fieis-celebram-10-anos-da-enciclica-laudato-si-e-o-sacramento-da-crisma-em-duque-de-caxias.html#breadcrumb\"},\"inLanguage\":\"pt-BR\",\"potentialAction\":[{\"@type\":\"ReadAction\",\"target\":[\"https:\/\/franciscanos.org.br\/noticias\/fieis-celebram-10-anos-da-enciclica-laudato-si-e-o-sacramento-da-crisma-em-duque-de-caxias.html\"]}]},{\"@type\":\"BreadcrumbList\",\"@id\":\"https:\/\/franciscanos.org.br\/noticias\/fieis-celebram-10-anos-da-enciclica-laudato-si-e-o-sacramento-da-crisma-em-duque-de-caxias.html#breadcrumb\",\"itemListElement\":[{\"@type\":\"ListItem\",\"position\":1,\"name\":\"Home\",\"item\":\"https:\/\/franciscanos.org.br\/noticias\"},{\"@type\":\"ListItem\",\"position\":2,\"name\":\"Fi\u00e9is celebram 10 anos da enc\u00edclica Laudato si&#8217; e o Sacramento da Crisma em Duque de Caxias\"}]},{\"@type\":\"Person\",\"@id\":\"https:\/\/franciscanos.org.br\/noticias\/#\/schema\/person\/d9422e83121c3ad3b0f423d195f5bb25\",\"name\":\"Adriana Rabelo\",\"image\":{\"@type\":\"ImageObject\",\"inLanguage\":\"pt-BR\",\"@id\":\"https:\/\/franciscanos.org.br\/noticias\/#\/schema\/person\/image\/\",\"url\":\"https:\/\/secure.gravatar.com\/avatar\/0a937b7500cd7df77540cfb8bede877d?s=96&d=mm&r=g\",\"contentUrl\":\"https:\/\/secure.gravatar.com\/avatar\/0a937b7500cd7df77540cfb8bede877d?s=96&d=mm&r=g\",\"caption\":\"Adriana Rabelo\"},\"url\":\"https:\/\/franciscanos.org.br\/noticias\/author\/adrianarabelo\"}]}<\/script>\n<!-- \/ Yoast SEO plugin. -->","yoast_head_json":{"title":"Fi\u00e9is celebram 10 anos da enc\u00edclica Laudato si' e o Sacramento da Crisma em Duque de Caxias - Not\u00edcias - Franciscanos","robots":{"index":"index","follow":"follow","max-snippet":"max-snippet:-1","max-image-preview":"max-image-preview:large","max-video-preview":"max-video-preview:-1"},"canonical":"https:\/\/franciscanos.org.br\/noticias\/fieis-celebram-10-anos-da-enciclica-laudato-si-e-o-sacramento-da-crisma-em-duque-de-caxias.html","og_locale":"pt_BR","og_type":"article","og_title":"Fi\u00e9is celebram 10 anos da enc\u00edclica Laudato si' e o Sacramento da Crisma em Duque de Caxias - Not\u00edcias - Franciscanos","og_description":"Celebra\u00e7\u00f5es em comunh\u00e3o fraterna","og_url":"https:\/\/franciscanos.org.br\/noticias\/fieis-celebram-10-anos-da-enciclica-laudato-si-e-o-sacramento-da-crisma-em-duque-de-caxias.html","og_site_name":"Not\u00edcias - Franciscanos","article_published_time":"2025-05-28T17:40:32+00:00","article_modified_time":"2025-05-28T17:48:10+00:00","og_image":[{"width":800,"height":550,"url":"https:\/\/franciscanos.org.br\/noticias\/wp-content\/uploads\/2025\/05\/chamada-23.png","type":"image\/png"}],"author":"Adriana Rabelo","twitter_card":"summary_large_image","twitter_misc":{"Escrito por":"Adriana Rabelo","Est. tempo de leitura":"3 minutos"},"schema":{"@context":"https:\/\/schema.org","@graph":[{"@type":"WebSite","@id":"https:\/\/franciscanos.org.br\/noticias\/#website","url":"https:\/\/franciscanos.org.br\/noticias\/","name":"Not\u00edcias - Franciscanos","description":"Prov\u00edncia Franciscana da Imaculada Concei\u00e7\u00e3o do Brasil - Ordem dos Frades Menores - OFM","potentialAction":[{"@type":"SearchAction","target":{"@type":"EntryPoint","urlTemplate":"https:\/\/franciscanos.org.br\/noticias\/?s={search_term_string}"},"query-input":"required name=search_term_string"}],"inLanguage":"pt-BR"},{"@type":"ImageObject","inLanguage":"pt-BR","@id":"https:\/\/franciscanos.org.br\/noticias\/fieis-celebram-10-anos-da-enciclica-laudato-si-e-o-sacramento-da-crisma-em-duque-de-caxias.html#primaryimage","url":"https:\/\/franciscanos.org.br\/noticias\/wp-content\/uploads\/2025\/05\/chamada-23.png","contentUrl":"https:\/\/franciscanos.org.br\/noticias\/wp-content\/uploads\/2025\/05\/chamada-23.png","width":800,"height":550},{"@type":"WebPage","@id":"https:\/\/franciscanos.org.br\/noticias\/fieis-celebram-10-anos-da-enciclica-laudato-si-e-o-sacramento-da-crisma-em-duque-de-caxias.html#webpage","url":"https:\/\/franciscanos.org.br\/noticias\/fieis-celebram-10-anos-da-enciclica-laudato-si-e-o-sacramento-da-crisma-em-duque-de-caxias.html","name":"Fi\u00e9is celebram 10 anos da enc\u00edclica Laudato si' e o Sacramento da Crisma em Duque de Caxias - Not\u00edcias - Franciscanos","isPartOf":{"@id":"https:\/\/franciscanos.org.br\/noticias\/#website"},"primaryImageOfPage":{"@id":"https:\/\/franciscanos.org.br\/noticias\/fieis-celebram-10-anos-da-enciclica-laudato-si-e-o-sacramento-da-crisma-em-duque-de-caxias.html#primaryimage"},"datePublished":"2025-05-28T17:40:32+00:00","dateModified":"2025-05-28T17:48:10+00:00","author":{"@id":"https:\/\/franciscanos.org.br\/noticias\/#\/schema\/person\/d9422e83121c3ad3b0f423d195f5bb25"},"breadcrumb":{"@id":"https:\/\/franciscanos.org.br\/noticias\/fieis-celebram-10-anos-da-enciclica-laudato-si-e-o-sacramento-da-crisma-em-duque-de-caxias.html#breadcrumb"},"inLanguage":"pt-BR","potentialAction":[{"@type":"ReadAction","target":["https:\/\/franciscanos.org.br\/noticias\/fieis-celebram-10-anos-da-enciclica-laudato-si-e-o-sacramento-da-crisma-em-duque-de-caxias.html"]}]},{"@type":"BreadcrumbList","@id":"https:\/\/franciscanos.org.br\/noticias\/fieis-celebram-10-anos-da-enciclica-laudato-si-e-o-sacramento-da-crisma-em-duque-de-caxias.html#breadcrumb","itemListElement":[{"@type":"ListItem","position":1,"name":"Home","item":"https:\/\/franciscanos.org.br\/noticias"},{"@type":"ListItem","position":2,"name":"Fi\u00e9is celebram 10 anos da enc\u00edclica Laudato si&#8217; e o Sacramento da Crisma em Duque de Caxias"}]},{"@type":"Person","@id":"https:\/\/franciscanos.org.br\/noticias\/#\/schema\/person\/d9422e83121c3ad3b0f423d195f5bb25","name":"Adriana Rabelo","image":{"@type":"ImageObject","inLanguage":"pt-BR","@id":"https:\/\/franciscanos.org.br\/noticias\/#\/schema\/person\/image\/","url":"https:\/\/secure.gravatar.com\/avatar\/0a937b7500cd7df77540cfb8bede877d?s=96&d=mm&r=g","contentUrl":"https:\/\/secure.gravatar.com\/avatar\/0a937b7500cd7df77540cfb8bede877d?s=96&d=mm&r=g","caption":"Adriana Rabelo"},"url":"https:\/\/franciscanos.org.br\/noticias\/author\/adrianarabelo"}]}},"_links":{"self":[{"href":"https:\/\/franciscanos.org.br\/noticias\/wp-json\/wp\/v2\/posts\/257347"}],"collection":[{"href":"https:\/\/franciscanos.org.br\/noticias\/wp-json\/wp\/v2\/posts"}],"about":[{"href":"https:\/\/franciscanos.org.br\/noticias\/wp-json\/wp\/v2\/types\/post"}],"author":[{"embeddable":true,"href":"https:\/\/franciscanos.org.br\/noticias\/wp-json\/wp\/v2\/users\/11"}],"replies":[{"embeddable":true,"href":"https:\/\/franciscanos.org.br\/noticias\/wp-json\/wp\/v2\/comments?post=257347"}],"version-history":[{"count":2,"href":"https:\/\/franciscanos.org.br\/noticias\/wp-json\/wp\/v2\/posts\/257347\/revisions"}],"predecessor-version":[{"id":257352,"href":"https:\/\/franciscanos.org.br\/noticias\/wp-json\/wp\/v2\/posts\/257347\/revisions\/257352"}],"wp:featuredmedia":[{"embeddable":true,"href":"https:\/\/franciscanos.org.br\/noticias\/wp-json\/wp\/v2\/media\/257350"}],"wp:attachment":[{"href":"https:\/\/franciscanos.org.br\/noticias\/wp-json\/wp\/v2\/media?parent=257347"}],"wp:term":[{"taxonomy":"category","embeddable":true,"href":"https:\/\/franciscanos.org.br\/noticias\/wp-json\/wp\/v2\/categories?post=257347"},{"taxonomy":"post_tag","embeddable":true,"href":"https:\/\/franciscanos.org.br\/noticias\/wp-json\/wp\/v2\/tags?post=257347"}],"curies":[{"name":"wp","href":"https:\/\/api.w.org\/{rel}","templated":true}]}}