{"id":257341,"date":"2025-05-28T09:45:48","date_gmt":"2025-05-28T12:45:48","guid":{"rendered":"https:\/\/franciscanos.org.br\/noticias\/?p=257341"},"modified":"2025-09-12T08:18:35","modified_gmt":"2025-09-12T11:18:35","slug":"leao-xiv-sem-pressa-e-como-o-bom-samaritano-ter-compaixao-e-parar-para-ajudar-o-proximo","status":"publish","type":"post","link":"https:\/\/franciscanos.org.br\/noticias\/leao-xiv-sem-pressa-e-como-o-bom-samaritano-ter-compaixao-e-parar-para-ajudar-o-proximo.html","title":{"rendered":"Le\u00e3o XIV: sem pressa e como o Bom Samaritano, ter compaix\u00e3o e parar para ajudar o pr\u00f3ximo"},"content":{"rendered":"<div id=\"attachment_257343\" style=\"width: 1290px\" class=\"wp-caption alignnone\"><img aria-describedby=\"caption-attachment-257343\" loading=\"lazy\" class=\"wp-image-257343 size-full\" src=\"https:\/\/franciscanos.org.br\/noticias\/wp-content\/uploads\/2025\/05\/materia-24.png\" alt=\"\" width=\"1280\" height=\"720\" srcset=\"https:\/\/franciscanos.org.br\/noticias\/wp-content\/uploads\/2025\/05\/materia-24.png 1280w, https:\/\/franciscanos.org.br\/noticias\/wp-content\/uploads\/2025\/05\/materia-24-450x253.png 450w, https:\/\/franciscanos.org.br\/noticias\/wp-content\/uploads\/2025\/05\/materia-24-1024x576.png 1024w, https:\/\/franciscanos.org.br\/noticias\/wp-content\/uploads\/2025\/05\/materia-24-768x432.png 768w, https:\/\/franciscanos.org.br\/noticias\/wp-content\/uploads\/2025\/05\/materia-24-150x84.png 150w\" sizes=\"(max-width: 1280px) 100vw, 1280px\" \/><p id=\"caption-attachment-257343\" class=\"wp-caption-text\">Cerca de 40 mil pessoas estiveram na Pra\u00e7a S\u00e3o Pedro para a Audi\u00eancia Geral (@Vatican Media)<\/p><\/div>\n<p><em>O Pont\u00edfice continuou o ciclo de catequeses sobre as par\u00e1bolas do Evangelho e nesta quarta-feira (28\/05), dia de Audi\u00eancia Geral, refletiu sobre aquela do Bom Samaritano para nos lembrar das experi\u00eancias di\u00e1rias em que n\u00f3s encontramos a fragilidade do outro e podemos decidir &#8220;crescer em humanidade&#8221; cuidando das feridas ou passar longe: &#8220;quando seremos capazes de parar a nossa viagem e ter compaix\u00e3o?&#8221;, pois &#8220;aquele homem ferido na estrada representa cada um de n\u00f3s&#8221; que Jesus sempre tem cuidado.<\/em><\/p>\n<p>&#8212;&#8212;&#8212;&#8212;&#8212;&#8212;&#8212;&#8211;<\/p>\n<p>Mais um dia de sol e calor em Roma para colaborar com a participa\u00e7\u00e3o dos peregrinos na Audi\u00eancia Geral na Pra\u00e7a S\u00e3o Pedro. Nesta quarta-feira (28\/05), cerca de 40 mil fi\u00e9is ouviram o Papa Le\u00e3o XVI meditar mais uma vez sobre as par\u00e1bolas do Evangelho, uma forma para &#8220;nos abrirmos \u00e0 esperan\u00e7a. A falta de esperan\u00e7a, por vezes, deve-se ao fato de estarmos fixados numa certa forma r\u00edgida e fechada de ver as coisas, e as par\u00e1bolas nos ajudam a v\u00ea-las de outro ponto de vista&#8221;, disse o Pont\u00edfice logo no in\u00edcio da sua reflex\u00e3o.<\/p>\n<p><strong><img loading=\"lazy\" class=\"aligncenter wp-image-257344 size-full\" src=\"https:\/\/franciscanos.org.br\/noticias\/wp-content\/uploads\/2025\/05\/materia-2-15.png\" alt=\"\" width=\"1280\" height=\"720\" srcset=\"https:\/\/franciscanos.org.br\/noticias\/wp-content\/uploads\/2025\/05\/materia-2-15.png 1280w, https:\/\/franciscanos.org.br\/noticias\/wp-content\/uploads\/2025\/05\/materia-2-15-450x253.png 450w, https:\/\/franciscanos.org.br\/noticias\/wp-content\/uploads\/2025\/05\/materia-2-15-1024x576.png 1024w, https:\/\/franciscanos.org.br\/noticias\/wp-content\/uploads\/2025\/05\/materia-2-15-768x432.png 768w, https:\/\/franciscanos.org.br\/noticias\/wp-content\/uploads\/2025\/05\/materia-2-15-150x84.png 150w\" sizes=\"(max-width: 1280px) 100vw, 1280px\" \/><\/strong><\/p>\n<p><strong>O Bom Samaritano<\/strong><\/p>\n<p>A par\u00e1bola usada desta vez por Le\u00e3o XVI foi uma das mais famosas de Jesus, aquela do Bom Samaritano (ver\u00a0<i>Lc<\/i>\u00a010,25-37), quando um doutor da Lei que, centrado em si mesmo e sem se preocupar com os outros, interroga Jesus sobre quem \u00e9 o \u201cpr\u00f3ximo\u201d a quem deve amar. O Senhor procura mudar a \u00f3tica contando a par\u00e1bola que &#8220;\u00e9 uma viagem para transformar a quest\u00e3o&#8221;: n\u00e3o se deve perguntar quem \u00e9 o pr\u00f3ximo, mas fazer-se pr\u00f3ximo de todos os que necessitam.<\/p>\n<p>O cen\u00e1rio da par\u00e1bola \u00e9 &#8220;o caminho percorrido por um homem que desce de Jerusal\u00e9m, a cidade sobre o monte, para Jeric\u00f3, a cidade abaixo do n\u00edvel do mar&#8221;, um caminho &#8220;dif\u00edcil e intransit\u00e1vel, como a vida&#8221;, comentou o Pont\u00edfice. Durante o percurso,\u00a0aquele homem &#8220;\u00e9 atacado, espancado, roubado e deixado meio morto&#8221;. Uma experi\u00eancia vivida diariamente, quando\u00a0nos encontramos com o outro, com a sua fragilidade, e podemos decidir cuidar das suas feridas ou passar longe:<\/p>\n<p><i>&#8220;A vida \u00e9 feita de encontros, e nesses encontros nos revelamos quem somos. Encontramo-nos perante o outro, perante a sua fragilidade e a sua fraqueza e podemos decidir o que fazer: cuidar dele ou fingir que nada acontece.&#8221;<\/i><\/p>\n<p><strong>A compaix\u00e3o \u00e9 uma quest\u00e3o de humanidade<\/strong><\/p>\n<p>Um sacerdote e um levita, que &#8220;vivem no espa\u00e7o sagrado&#8221;, passam pelo mesmo caminho. No entanto, &#8220;a pr\u00e1tica do culto n\u00e3o leva automaticamente \u00e0 compaix\u00e3o&#8221;, recordou Le\u00e3o XVI, porque &#8220;antes de ser uma quest\u00e3o religiosa, a compaix\u00e3o \u00e9 uma quest\u00e3o de humanidade! Antes de sermos crentes, somos chamados a ser humanos&#8221;.<\/p>\n<p>Muitas vezes a pressa, &#8220;t\u00e3o presente nas nossas vidas&#8221;, tamb\u00e9m pode nos impedir de experimentar a compaix\u00e3o, que deve ser expressa em gestos concretos. &#8220;Aquele que pensa que a sua pr\u00f3pria viagem deve ter prioridade n\u00e3o est\u00e1 disposto a parar por um outro&#8221;, alertou o Pont\u00edfice, diversamente do\u00a0samaritano que se fez pr\u00f3ximo daquele que estava ferido.<\/p>\n<p><i>&#8220;Este samaritano para simplesmente porque \u00e9 um homem perante um outro homem que precisa de ajuda. A compaix\u00e3o \u00e9 expressa atrav\u00e9s de gestos concretos. O evangelista Lucas det\u00e9m-se nas a\u00e7\u00f5es do samaritano, a quem chamamos &#8216;bom&#8217;, mas que no texto \u00e9 simplesmente uma pessoa: o samaritano se aproxima, porque se se quer ajudar algu\u00e9m n\u00e3o se consegue pensar em manter a dist\u00e2ncia, \u00e9 preciso envolver-se, sujar-se, talvez contaminar.&#8221;<\/i><\/p>\n<p>O Bom Samaritano toma conta dele, &#8220;porque realmente se ajuda quem est\u00e1 disposto a sentir o peso da dor do outro&#8221;, ressaltou Le\u00e3o XIV, porque &#8220;o outro n\u00e3o \u00e9 um pacote para ser entregue, mas algu\u00e9m para cuidar&#8221;. Como Jesus faz conosco, assim devemos fazer com nossos irm\u00e3os necessitados de aux\u00edlio:<\/p>\n<p>\u201cQueridos irm\u00e3os e irm\u00e3s, quando \u00e9 que n\u00f3s tamb\u00e9m seremos capazes de parar a nossa viagem e ter compaix\u00e3o? Quando compreendermos que aquele homem ferido na estrada representa cada um de n\u00f3s. E ent\u00e3o a recorda\u00e7\u00e3o de todas as vezes que Jesus parou para cuidar de n\u00f3s, vai nos tornar mais capazes de sentir compaix\u00e3o. Rezemos, ent\u00e3o, para que possamos crescer em humanidade, para que as nossas rela\u00e7\u00f5es sejam mais verdadeiras e ricas em compaix\u00e3o.\u201d<\/p>\n<hr \/>\n<p><em>Andressa Collet \u2013 Vatican News<\/em><\/p>\n","protected":false},"excerpt":{"rendered":"<p>Audi\u00eancia Geral \u2013 Papa Le\u00e3o XIV<\/p>\n","protected":false},"author":11,"featured_media":257342,"comment_status":"open","ping_status":"open","sticky":false,"template":"","format":"standard","meta":[],"categories":[1,2410,2345],"tags":[487,2343],"acf":[],"yoast_head":"<!-- This site is optimized with the Yoast SEO plugin v19.2 - https:\/\/yoast.com\/wordpress\/plugins\/seo\/ -->\n<title>Le\u00e3o XIV: sem pressa e como o Bom Samaritano, ter compaix\u00e3o e parar para ajudar o pr\u00f3ximo - Not\u00edcias - Franciscanos<\/title>\n<meta name=\"robots\" content=\"index, follow, max-snippet:-1, max-image-preview:large, max-video-preview:-1\" \/>\n<link rel=\"canonical\" href=\"https:\/\/franciscanos.org.br\/noticias\/leao-xiv-sem-pressa-e-como-o-bom-samaritano-ter-compaixao-e-parar-para-ajudar-o-proximo.html\" \/>\n<meta property=\"og:locale\" content=\"pt_BR\" \/>\n<meta property=\"og:type\" content=\"article\" \/>\n<meta property=\"og:title\" content=\"Le\u00e3o XIV: sem pressa e como o Bom Samaritano, ter compaix\u00e3o e parar para ajudar o pr\u00f3ximo - Not\u00edcias - Franciscanos\" \/>\n<meta property=\"og:description\" content=\"Audi\u00eancia Geral \u2013 Papa Le\u00e3o XIV\" \/>\n<meta property=\"og:url\" content=\"https:\/\/franciscanos.org.br\/noticias\/leao-xiv-sem-pressa-e-como-o-bom-samaritano-ter-compaixao-e-parar-para-ajudar-o-proximo.html\" \/>\n<meta property=\"og:site_name\" content=\"Not\u00edcias - Franciscanos\" \/>\n<meta property=\"article:published_time\" content=\"2025-05-28T12:45:48+00:00\" \/>\n<meta property=\"article:modified_time\" content=\"2025-09-12T11:18:35+00:00\" \/>\n<meta property=\"og:image\" content=\"https:\/\/franciscanos.org.br\/noticias\/wp-content\/uploads\/2025\/05\/chamada-22.png\" \/>\n\t<meta property=\"og:image:width\" content=\"800\" \/>\n\t<meta property=\"og:image:height\" content=\"550\" \/>\n\t<meta property=\"og:image:type\" content=\"image\/png\" \/>\n<meta name=\"author\" content=\"Adriana Rabelo\" \/>\n<meta name=\"twitter:card\" content=\"summary_large_image\" \/>\n<meta name=\"twitter:label1\" content=\"Escrito por\" \/>\n\t<meta name=\"twitter:data1\" content=\"Adriana Rabelo\" \/>\n\t<meta name=\"twitter:label2\" content=\"Est. tempo de leitura\" \/>\n\t<meta name=\"twitter:data2\" content=\"4 minutos\" \/>\n<script type=\"application\/ld+json\" class=\"yoast-schema-graph\">{\"@context\":\"https:\/\/schema.org\",\"@graph\":[{\"@type\":\"WebSite\",\"@id\":\"https:\/\/franciscanos.org.br\/noticias\/#website\",\"url\":\"https:\/\/franciscanos.org.br\/noticias\/\",\"name\":\"Not\u00edcias - Franciscanos\",\"description\":\"Prov\u00edncia Franciscana da Imaculada Concei\u00e7\u00e3o do Brasil - Ordem dos Frades Menores - OFM\",\"potentialAction\":[{\"@type\":\"SearchAction\",\"target\":{\"@type\":\"EntryPoint\",\"urlTemplate\":\"https:\/\/franciscanos.org.br\/noticias\/?s={search_term_string}\"},\"query-input\":\"required name=search_term_string\"}],\"inLanguage\":\"pt-BR\"},{\"@type\":\"ImageObject\",\"inLanguage\":\"pt-BR\",\"@id\":\"https:\/\/franciscanos.org.br\/noticias\/leao-xiv-sem-pressa-e-como-o-bom-samaritano-ter-compaixao-e-parar-para-ajudar-o-proximo.html#primaryimage\",\"url\":\"https:\/\/franciscanos.org.br\/noticias\/wp-content\/uploads\/2025\/05\/chamada-22.png\",\"contentUrl\":\"https:\/\/franciscanos.org.br\/noticias\/wp-content\/uploads\/2025\/05\/chamada-22.png\",\"width\":800,\"height\":550},{\"@type\":\"WebPage\",\"@id\":\"https:\/\/franciscanos.org.br\/noticias\/leao-xiv-sem-pressa-e-como-o-bom-samaritano-ter-compaixao-e-parar-para-ajudar-o-proximo.html#webpage\",\"url\":\"https:\/\/franciscanos.org.br\/noticias\/leao-xiv-sem-pressa-e-como-o-bom-samaritano-ter-compaixao-e-parar-para-ajudar-o-proximo.html\",\"name\":\"Le\u00e3o XIV: sem pressa e como o Bom Samaritano, ter compaix\u00e3o e parar para ajudar o pr\u00f3ximo - Not\u00edcias - Franciscanos\",\"isPartOf\":{\"@id\":\"https:\/\/franciscanos.org.br\/noticias\/#website\"},\"primaryImageOfPage\":{\"@id\":\"https:\/\/franciscanos.org.br\/noticias\/leao-xiv-sem-pressa-e-como-o-bom-samaritano-ter-compaixao-e-parar-para-ajudar-o-proximo.html#primaryimage\"},\"datePublished\":\"2025-05-28T12:45:48+00:00\",\"dateModified\":\"2025-09-12T11:18:35+00:00\",\"author\":{\"@id\":\"https:\/\/franciscanos.org.br\/noticias\/#\/schema\/person\/d9422e83121c3ad3b0f423d195f5bb25\"},\"breadcrumb\":{\"@id\":\"https:\/\/franciscanos.org.br\/noticias\/leao-xiv-sem-pressa-e-como-o-bom-samaritano-ter-compaixao-e-parar-para-ajudar-o-proximo.html#breadcrumb\"},\"inLanguage\":\"pt-BR\",\"potentialAction\":[{\"@type\":\"ReadAction\",\"target\":[\"https:\/\/franciscanos.org.br\/noticias\/leao-xiv-sem-pressa-e-como-o-bom-samaritano-ter-compaixao-e-parar-para-ajudar-o-proximo.html\"]}]},{\"@type\":\"BreadcrumbList\",\"@id\":\"https:\/\/franciscanos.org.br\/noticias\/leao-xiv-sem-pressa-e-como-o-bom-samaritano-ter-compaixao-e-parar-para-ajudar-o-proximo.html#breadcrumb\",\"itemListElement\":[{\"@type\":\"ListItem\",\"position\":1,\"name\":\"Home\",\"item\":\"https:\/\/franciscanos.org.br\/noticias\"},{\"@type\":\"ListItem\",\"position\":2,\"name\":\"Le\u00e3o XIV: sem pressa e como o Bom Samaritano, ter compaix\u00e3o e parar para ajudar o pr\u00f3ximo\"}]},{\"@type\":\"Person\",\"@id\":\"https:\/\/franciscanos.org.br\/noticias\/#\/schema\/person\/d9422e83121c3ad3b0f423d195f5bb25\",\"name\":\"Adriana Rabelo\",\"image\":{\"@type\":\"ImageObject\",\"inLanguage\":\"pt-BR\",\"@id\":\"https:\/\/franciscanos.org.br\/noticias\/#\/schema\/person\/image\/\",\"url\":\"https:\/\/secure.gravatar.com\/avatar\/0a937b7500cd7df77540cfb8bede877d?s=96&d=mm&r=g\",\"contentUrl\":\"https:\/\/secure.gravatar.com\/avatar\/0a937b7500cd7df77540cfb8bede877d?s=96&d=mm&r=g\",\"caption\":\"Adriana Rabelo\"},\"url\":\"https:\/\/franciscanos.org.br\/noticias\/author\/adrianarabelo\"}]}<\/script>\n<!-- \/ Yoast SEO plugin. -->","yoast_head_json":{"title":"Le\u00e3o XIV: sem pressa e como o Bom Samaritano, ter compaix\u00e3o e parar para ajudar o pr\u00f3ximo - Not\u00edcias - Franciscanos","robots":{"index":"index","follow":"follow","max-snippet":"max-snippet:-1","max-image-preview":"max-image-preview:large","max-video-preview":"max-video-preview:-1"},"canonical":"https:\/\/franciscanos.org.br\/noticias\/leao-xiv-sem-pressa-e-como-o-bom-samaritano-ter-compaixao-e-parar-para-ajudar-o-proximo.html","og_locale":"pt_BR","og_type":"article","og_title":"Le\u00e3o XIV: sem pressa e como o Bom Samaritano, ter compaix\u00e3o e parar para ajudar o pr\u00f3ximo - Not\u00edcias - Franciscanos","og_description":"Audi\u00eancia Geral \u2013 Papa Le\u00e3o XIV","og_url":"https:\/\/franciscanos.org.br\/noticias\/leao-xiv-sem-pressa-e-como-o-bom-samaritano-ter-compaixao-e-parar-para-ajudar-o-proximo.html","og_site_name":"Not\u00edcias - Franciscanos","article_published_time":"2025-05-28T12:45:48+00:00","article_modified_time":"2025-09-12T11:18:35+00:00","og_image":[{"width":800,"height":550,"url":"https:\/\/franciscanos.org.br\/noticias\/wp-content\/uploads\/2025\/05\/chamada-22.png","type":"image\/png"}],"author":"Adriana Rabelo","twitter_card":"summary_large_image","twitter_misc":{"Escrito por":"Adriana Rabelo","Est. tempo de leitura":"4 minutos"},"schema":{"@context":"https:\/\/schema.org","@graph":[{"@type":"WebSite","@id":"https:\/\/franciscanos.org.br\/noticias\/#website","url":"https:\/\/franciscanos.org.br\/noticias\/","name":"Not\u00edcias - Franciscanos","description":"Prov\u00edncia Franciscana da Imaculada Concei\u00e7\u00e3o do Brasil - Ordem dos Frades Menores - OFM","potentialAction":[{"@type":"SearchAction","target":{"@type":"EntryPoint","urlTemplate":"https:\/\/franciscanos.org.br\/noticias\/?s={search_term_string}"},"query-input":"required name=search_term_string"}],"inLanguage":"pt-BR"},{"@type":"ImageObject","inLanguage":"pt-BR","@id":"https:\/\/franciscanos.org.br\/noticias\/leao-xiv-sem-pressa-e-como-o-bom-samaritano-ter-compaixao-e-parar-para-ajudar-o-proximo.html#primaryimage","url":"https:\/\/franciscanos.org.br\/noticias\/wp-content\/uploads\/2025\/05\/chamada-22.png","contentUrl":"https:\/\/franciscanos.org.br\/noticias\/wp-content\/uploads\/2025\/05\/chamada-22.png","width":800,"height":550},{"@type":"WebPage","@id":"https:\/\/franciscanos.org.br\/noticias\/leao-xiv-sem-pressa-e-como-o-bom-samaritano-ter-compaixao-e-parar-para-ajudar-o-proximo.html#webpage","url":"https:\/\/franciscanos.org.br\/noticias\/leao-xiv-sem-pressa-e-como-o-bom-samaritano-ter-compaixao-e-parar-para-ajudar-o-proximo.html","name":"Le\u00e3o XIV: sem pressa e como o Bom Samaritano, ter compaix\u00e3o e parar para ajudar o pr\u00f3ximo - Not\u00edcias - Franciscanos","isPartOf":{"@id":"https:\/\/franciscanos.org.br\/noticias\/#website"},"primaryImageOfPage":{"@id":"https:\/\/franciscanos.org.br\/noticias\/leao-xiv-sem-pressa-e-como-o-bom-samaritano-ter-compaixao-e-parar-para-ajudar-o-proximo.html#primaryimage"},"datePublished":"2025-05-28T12:45:48+00:00","dateModified":"2025-09-12T11:18:35+00:00","author":{"@id":"https:\/\/franciscanos.org.br\/noticias\/#\/schema\/person\/d9422e83121c3ad3b0f423d195f5bb25"},"breadcrumb":{"@id":"https:\/\/franciscanos.org.br\/noticias\/leao-xiv-sem-pressa-e-como-o-bom-samaritano-ter-compaixao-e-parar-para-ajudar-o-proximo.html#breadcrumb"},"inLanguage":"pt-BR","potentialAction":[{"@type":"ReadAction","target":["https:\/\/franciscanos.org.br\/noticias\/leao-xiv-sem-pressa-e-como-o-bom-samaritano-ter-compaixao-e-parar-para-ajudar-o-proximo.html"]}]},{"@type":"BreadcrumbList","@id":"https:\/\/franciscanos.org.br\/noticias\/leao-xiv-sem-pressa-e-como-o-bom-samaritano-ter-compaixao-e-parar-para-ajudar-o-proximo.html#breadcrumb","itemListElement":[{"@type":"ListItem","position":1,"name":"Home","item":"https:\/\/franciscanos.org.br\/noticias"},{"@type":"ListItem","position":2,"name":"Le\u00e3o XIV: sem pressa e como o Bom Samaritano, ter compaix\u00e3o e parar para ajudar o pr\u00f3ximo"}]},{"@type":"Person","@id":"https:\/\/franciscanos.org.br\/noticias\/#\/schema\/person\/d9422e83121c3ad3b0f423d195f5bb25","name":"Adriana Rabelo","image":{"@type":"ImageObject","inLanguage":"pt-BR","@id":"https:\/\/franciscanos.org.br\/noticias\/#\/schema\/person\/image\/","url":"https:\/\/secure.gravatar.com\/avatar\/0a937b7500cd7df77540cfb8bede877d?s=96&d=mm&r=g","contentUrl":"https:\/\/secure.gravatar.com\/avatar\/0a937b7500cd7df77540cfb8bede877d?s=96&d=mm&r=g","caption":"Adriana Rabelo"},"url":"https:\/\/franciscanos.org.br\/noticias\/author\/adrianarabelo"}]}},"_links":{"self":[{"href":"https:\/\/franciscanos.org.br\/noticias\/wp-json\/wp\/v2\/posts\/257341"}],"collection":[{"href":"https:\/\/franciscanos.org.br\/noticias\/wp-json\/wp\/v2\/posts"}],"about":[{"href":"https:\/\/franciscanos.org.br\/noticias\/wp-json\/wp\/v2\/types\/post"}],"author":[{"embeddable":true,"href":"https:\/\/franciscanos.org.br\/noticias\/wp-json\/wp\/v2\/users\/11"}],"replies":[{"embeddable":true,"href":"https:\/\/franciscanos.org.br\/noticias\/wp-json\/wp\/v2\/comments?post=257341"}],"version-history":[{"count":2,"href":"https:\/\/franciscanos.org.br\/noticias\/wp-json\/wp\/v2\/posts\/257341\/revisions"}],"predecessor-version":[{"id":257346,"href":"https:\/\/franciscanos.org.br\/noticias\/wp-json\/wp\/v2\/posts\/257341\/revisions\/257346"}],"wp:featuredmedia":[{"embeddable":true,"href":"https:\/\/franciscanos.org.br\/noticias\/wp-json\/wp\/v2\/media\/257342"}],"wp:attachment":[{"href":"https:\/\/franciscanos.org.br\/noticias\/wp-json\/wp\/v2\/media?parent=257341"}],"wp:term":[{"taxonomy":"category","embeddable":true,"href":"https:\/\/franciscanos.org.br\/noticias\/wp-json\/wp\/v2\/categories?post=257341"},{"taxonomy":"post_tag","embeddable":true,"href":"https:\/\/franciscanos.org.br\/noticias\/wp-json\/wp\/v2\/tags?post=257341"}],"curies":[{"name":"wp","href":"https:\/\/api.w.org\/{rel}","templated":true}]}}