{"id":257325,"date":"2025-05-27T15:58:02","date_gmt":"2025-05-27T18:58:02","guid":{"rendered":"https:\/\/franciscanos.org.br\/noticias\/?p=257325"},"modified":"2025-05-28T07:44:04","modified_gmt":"2025-05-28T10:44:04","slug":"carta-manifesto-da-provincia-franciscana-da-imaculada-conceicao-alerta-sobre-riscos-de-projeto-que-altera-legislacao-ambiental-brasileira","status":"publish","type":"post","link":"https:\/\/franciscanos.org.br\/noticias\/carta-manifesto-da-provincia-franciscana-da-imaculada-conceicao-alerta-sobre-riscos-de-projeto-que-altera-legislacao-ambiental-brasileira.html","title":{"rendered":"Carta-Manifesto da Prov\u00edncia alerta sobre riscos de Projeto que modifica legisla\u00e7\u00e3o ambiental brasileira"},"content":{"rendered":"<p><img loading=\"lazy\" class=\"aligncenter wp-image-257326 size-full\" src=\"https:\/\/franciscanos.org.br\/noticias\/wp-content\/uploads\/2025\/05\/materia-23.png\" alt=\"\" width=\"1280\" height=\"720\" srcset=\"https:\/\/franciscanos.org.br\/noticias\/wp-content\/uploads\/2025\/05\/materia-23.png 1280w, https:\/\/franciscanos.org.br\/noticias\/wp-content\/uploads\/2025\/05\/materia-23-450x253.png 450w, https:\/\/franciscanos.org.br\/noticias\/wp-content\/uploads\/2025\/05\/materia-23-1024x576.png 1024w, https:\/\/franciscanos.org.br\/noticias\/wp-content\/uploads\/2025\/05\/materia-23-768x432.png 768w, https:\/\/franciscanos.org.br\/noticias\/wp-content\/uploads\/2025\/05\/materia-23-150x84.png 150w\" sizes=\"(max-width: 1280px) 100vw, 1280px\" \/><\/p>\n<p>A Prov\u00edncia Franciscana da Imaculada Concei\u00e7\u00e3o do Brasil, por meio do Servi\u00e7o de Justi\u00e7a, Paz e Integridade da Cria\u00e7\u00e3o (JPIC), setor da Ordem dos Frades Menores que se ocupa com as quest\u00f5es em defesa da vida e da Casa Comum, em comunh\u00e3o com a <a href=\"https:\/\/franciscanos.org.br\/banca\/wp-content\/uploads\/2025\/05\/Nota-Licenciamento-ambiental.pdf\">Confer\u00eancia Nacional dos Bispos do Brasil<\/a> (CNBB), emitiu nesta ter\u00e7a-feira, 27 de maio, uma Carta-Manifesto contra o PL 2159\/21.<\/p>\n<p>O Projeto de Lei aprovado pelo Senado Federal no \u00faltimo dia 21 de maio \u00e9 considerado um ataque \u00e0 legisla\u00e7\u00e3o ambiental vigente no pa\u00eds desde a Constitui\u00e7\u00e3o Federal de 1988.\u00a0 O PL regulamenta o inciso IV do \u00a7 1\u00ba do art. 225 da Constitui\u00e7\u00e3o Federal, que diz:<\/p>\n<p>\u201cTodos t\u00eam direito ao meio ambiente ecologicamente equilibrado, bem de uso comum do povo e essencial \u00e0 sadia qualidade de vida, impondo-se ao poder p\u00fablico e \u00e0 coletividade o dever de defend\u00ea-lo e preserv\u00e1-lo para as presentes e futuras gera\u00e7\u00f5es.\u201d<\/p>\n<p>O texto tamb\u00e9m altera a Lei 9.605, de 12 de fevereiro de 1998, que \u201cdisp\u00f5e sobre as san\u00e7\u00f5es penais e administrativas derivadas de condutas e atividades lesivas ao meio ambiente, e d\u00e1 outras provid\u00eancias\u201d.<\/p>\n<p>Assim como pretende modificar a Lei 9.985, de 18 de julho de 2000, que \u201cinstitui o Sistema Nacional de Unidades de Conserva\u00e7\u00e3o da Natureza \u2013 SNUC, estabelece crit\u00e9rios e normas para a cria\u00e7\u00e3o, implanta\u00e7\u00e3o e gest\u00e3o das unidades de conserva\u00e7\u00e3o\u201d.<\/p>\n<p>Esse mesmo Projeto de Lei, aprovado pelo Senado por 54 votos a favor e 13 contra, revoga a Lei n\u00ba 7.661, de 16 de maio de 1988, que \u201cinstitui o Plano Nacional de Gerenciamento Costeiro e d\u00e1 outras provid\u00eancias\u201d.<\/p>\n<p>Diante desse ambiente de devasta\u00e7\u00e3o das quest\u00f5es ambientais da Constitui\u00e7\u00e3o Federal, a Prov\u00edncia Franciscana da Imaculada Concei\u00e7\u00e3o do Brasil, no seguimento de Jesus Cristo, inspirada pelos ensinamentos de S\u00e3o Francisco de Assis, no ano em que celebramos os 10 anos da enc\u00edclica Laudato si\u2019 e a menos de seis meses da COP30, confer\u00eancia do clima da ONU que ser\u00e1 realizada em novembro deste ano, no Par\u00e1, se posiciona diante do seu compromisso com a justi\u00e7a, a paz e a integridade da cria\u00e7\u00e3o.<\/p>\n<p><strong>Confira abaixo o documento na \u00edntegra:<\/strong><\/p>\n<p>&#8212;&#8212;&#8212;&#8212;&#8212;&#8212;&#8212;&#8212;&#8212;&#8212;&#8212;&#8212;&#8212;&#8212;&#8212;-<\/p>\n<h2 style=\"text-align: center;\">C<strong>arta-Manifesto Contra o PL 2159\/21<\/strong><\/h2>\n<p><strong>Em defesa da Casa Comum, da justi\u00e7a socioambiental e da dignidade da cria\u00e7\u00e3o<\/strong><\/p>\n<p>N\u00f3s, Frades Franciscanos da Prov\u00edncia Franciscana da Imaculada Concei\u00e7\u00e3o do Brasil, pessoas de f\u00e9, cidad\u00e3os comprometidos com o bem comum e a justi\u00e7a socioambiental, manifestamos publicamente nossa oposi\u00e7\u00e3o \u00e0 tramita\u00e7\u00e3o e aprova\u00e7\u00e3o do Projeto de Lei n\u00ba 2159\/21, que prop\u00f5e alterar substancialmente as regras do licenciamento ambiental no Brasil.<\/p>\n<p>Esta proposta legislativa amea\u00e7a fragilizar a prote\u00e7\u00e3o dos ecossistemas, reduzir a participa\u00e7\u00e3o social e comunit\u00e1ria na defesa do meio ambiente e facilitar a degrada\u00e7\u00e3o de biomas vitais, comprometendo a vida das presentes e futuras gera\u00e7\u00f5es.<\/p>\n<p>Inspirados na espiritualidade crist\u00e3 e na tradi\u00e7\u00e3o da Doutrina Social da Igreja, declaramos:<\/p>\n<p>1.\u201cTudo est\u00e1 interligado\u201d \u2014 como lembra o Papa Francisco na enc\u00edclica Laudato si\u2019, na qual denuncia com clareza:<\/p>\n<p>\u201cQualquer dano \u00e0 natureza \u00e9 um dano aos seres humanos e vice-versa\u201d (LS, n. 89).<\/p>\n<p>O Papa Francisco nos exorta a superar a l\u00f3gica do lucro imediato e irrespons\u00e1vel, denunciando as pol\u00edticas que \u201cn\u00e3o conseguem romper a l\u00f3gica perversa da explora\u00e7\u00e3o e do descarte\u201d (LS, n. 20). A PL 2159\/21 \u00e9 express\u00e3o desta l\u00f3gica ao facilitar empreendimentos potencialmente danosos sem uma avalia\u00e7\u00e3o rigorosa de impactos socioambientais.<\/p>\n<p>2.\u201cO Criador ordenou que a terra produzisse o que fosse necess\u00e1rio para a vida\u201d \u2014 ensina o Papa Le\u00e3o XIII na enc\u00edclica <em>Rerum Novarum<\/em> (1891), ressaltando que os bens da cria\u00e7\u00e3o devem servir ao bem comum e n\u00e3o apenas a interesses privados e predat\u00f3rios:<\/p>\n<p>\u201cDeus concedeu a terra a todo o g\u00eanero humano para que dela tirasse o necess\u00e1rio para sua subsist\u00eancia e bem-estar\u201d (RN, n. 7).<\/p>\n<p>Ao flexibilizar normas ambientais, a PL 2159\/21 contradiz esta vis\u00e3o \u00e9tica, promovendo uma apropria\u00e7\u00e3o desigual e danosa dos bens naturais, especialmente em preju\u00edzo das popula\u00e7\u00f5es tradicionais, ind\u00edgenas e das comunidades mais vulner\u00e1veis, que dependem diretamente dos ecossistemas para sua sobreviv\u00eancia digna.<\/p>\n<p>3.\u201cLouvado sejas, meu Senhor, por nossa irm\u00e3, a M\u00e3e Terra\u201d \u2014 canta S\u00e3o Francisco de Assis, no C\u00e2ntico das Criaturas, proclamando sua m\u00edstica de comunh\u00e3o com toda a cria\u00e7\u00e3o. Para o Pobrezinho de Assis, a natureza n\u00e3o \u00e9 um objeto a ser explorado, mas uma irm\u00e3 a ser cuidada e respeitada.<\/p>\n<p>Como franciscanos e crist\u00e3os, n\u00e3o podemos aceitar uma legisla\u00e7\u00e3o que viola esta rela\u00e7\u00e3o fraterna com a Terra, reduzindo-a a mercadoria e fonte de lucro, com desprezo pela sua sacralidade e pelo equil\u00edbrio ecol\u00f3gico essencial \u00e0 vida.<\/p>\n<p>Por isso, afirmamos com convic\u00e7\u00e3o:<\/p>\n<p><strong>N\u00e3o<\/strong> ao desmonte das pol\u00edticas ambientais no Brasil!<\/p>\n<p><strong>N\u00e3o<\/strong> \u00e0 flexibiliza\u00e7\u00e3o do licenciamento ambiental!<\/p>\n<p><strong>Sim<\/strong> \u00e0 prote\u00e7\u00e3o integral dos biomas, das popula\u00e7\u00f5es tradicionais e dos territ\u00f3rios sagrados!<\/p>\n<p><strong>Sim<\/strong> \u00e0 justi\u00e7a socioambiental como express\u00e3o concreta do Evangelho!<\/p>\n<p>Conclamamos todas as pessoas de boa vontade, comunidades de f\u00e9, igrejas e organiza\u00e7\u00f5es populares a se unirem em defesa da nossa Casa Comum, resistindo a esta proposta legislativa que amea\u00e7a a dignidade da cria\u00e7\u00e3o e a justi\u00e7a social.<\/p>\n<p>Como nos exorta o Papa Francisco:<\/p>\n<p>\u201cN\u00e3o haver\u00e1 uma nova rela\u00e7\u00e3o com a natureza sem um ser humano novo\u201d (LS, n. 118).<\/p>\n<p>Sejamos este ser humano novo, comprometido com o cuidado, a justi\u00e7a e a paz!<\/p>\n<p>&nbsp;<\/p>\n<p style=\"text-align: center;\"><strong>Frei Paulo Roberto Pereira<\/strong><em><br \/>\n<\/em><em>Ministro provincial<\/em><\/p>\n<p style=\"text-align: center;\"><strong>Frei Gustavo Wayand Medella<\/strong><em><br \/>\nVig\u00e1rio provincial<\/em><\/p>\n<p style=\"text-align: center;\"><strong>Frei Thiago Alexandre Hayakaw\u00e1<\/strong><em><br \/>\nAnimador JIPC<\/em><\/p>\n<hr \/>\n<p><strong>Prov\u00edncia Franciscana da Imaculada Concei\u00e7\u00e3o do Brasil<\/strong><\/p>\n","protected":false},"excerpt":{"rendered":"<p>Justi\u00e7a, Paz e Integridade da Cria\u00e7\u00e3o<\/p>\n","protected":false},"author":11,"featured_media":257327,"comment_status":"open","ping_status":"open","sticky":false,"template":"","format":"standard","meta":[],"categories":[1],"tags":[202,2353],"acf":[],"yoast_head":"<!-- This site is optimized with the Yoast SEO plugin v19.2 - https:\/\/yoast.com\/wordpress\/plugins\/seo\/ -->\n<title>Carta-Manifesto da Prov\u00edncia alerta sobre riscos de Projeto que modifica legisla\u00e7\u00e3o ambiental brasileira - Not\u00edcias - Franciscanos<\/title>\n<meta name=\"robots\" content=\"index, follow, max-snippet:-1, max-image-preview:large, max-video-preview:-1\" \/>\n<link rel=\"canonical\" href=\"https:\/\/franciscanos.org.br\/noticias\/carta-manifesto-da-provincia-franciscana-da-imaculada-conceicao-alerta-sobre-riscos-de-projeto-que-altera-legislacao-ambiental-brasileira.html\" \/>\n<meta property=\"og:locale\" content=\"pt_BR\" \/>\n<meta property=\"og:type\" content=\"article\" \/>\n<meta property=\"og:title\" content=\"Carta-Manifesto da Prov\u00edncia alerta sobre riscos de Projeto que modifica legisla\u00e7\u00e3o ambiental brasileira - Not\u00edcias - Franciscanos\" \/>\n<meta property=\"og:description\" content=\"Justi\u00e7a, Paz e Integridade da Cria\u00e7\u00e3o\" \/>\n<meta property=\"og:url\" content=\"https:\/\/franciscanos.org.br\/noticias\/carta-manifesto-da-provincia-franciscana-da-imaculada-conceicao-alerta-sobre-riscos-de-projeto-que-altera-legislacao-ambiental-brasileira.html\" \/>\n<meta property=\"og:site_name\" content=\"Not\u00edcias - Franciscanos\" \/>\n<meta property=\"article:published_time\" content=\"2025-05-27T18:58:02+00:00\" \/>\n<meta property=\"article:modified_time\" content=\"2025-05-28T10:44:04+00:00\" \/>\n<meta property=\"og:image\" content=\"https:\/\/franciscanos.org.br\/noticias\/wp-content\/uploads\/2025\/05\/chamda.png\" \/>\n\t<meta property=\"og:image:width\" content=\"800\" \/>\n\t<meta property=\"og:image:height\" content=\"550\" \/>\n\t<meta property=\"og:image:type\" content=\"image\/png\" \/>\n<meta name=\"author\" content=\"Adriana Rabelo\" \/>\n<meta name=\"twitter:card\" content=\"summary_large_image\" \/>\n<meta name=\"twitter:label1\" content=\"Escrito por\" \/>\n\t<meta name=\"twitter:data1\" content=\"Adriana Rabelo\" \/>\n\t<meta name=\"twitter:label2\" content=\"Est. tempo de leitura\" \/>\n\t<meta name=\"twitter:data2\" content=\"5 minutos\" \/>\n<script type=\"application\/ld+json\" class=\"yoast-schema-graph\">{\"@context\":\"https:\/\/schema.org\",\"@graph\":[{\"@type\":\"WebSite\",\"@id\":\"https:\/\/franciscanos.org.br\/noticias\/#website\",\"url\":\"https:\/\/franciscanos.org.br\/noticias\/\",\"name\":\"Not\u00edcias - Franciscanos\",\"description\":\"Prov\u00edncia Franciscana da Imaculada Concei\u00e7\u00e3o do Brasil - Ordem dos Frades Menores - OFM\",\"potentialAction\":[{\"@type\":\"SearchAction\",\"target\":{\"@type\":\"EntryPoint\",\"urlTemplate\":\"https:\/\/franciscanos.org.br\/noticias\/?s={search_term_string}\"},\"query-input\":\"required name=search_term_string\"}],\"inLanguage\":\"pt-BR\"},{\"@type\":\"ImageObject\",\"inLanguage\":\"pt-BR\",\"@id\":\"https:\/\/franciscanos.org.br\/noticias\/carta-manifesto-da-provincia-franciscana-da-imaculada-conceicao-alerta-sobre-riscos-de-projeto-que-altera-legislacao-ambiental-brasileira.html#primaryimage\",\"url\":\"https:\/\/franciscanos.org.br\/noticias\/wp-content\/uploads\/2025\/05\/chamda.png\",\"contentUrl\":\"https:\/\/franciscanos.org.br\/noticias\/wp-content\/uploads\/2025\/05\/chamda.png\",\"width\":800,\"height\":550},{\"@type\":\"WebPage\",\"@id\":\"https:\/\/franciscanos.org.br\/noticias\/carta-manifesto-da-provincia-franciscana-da-imaculada-conceicao-alerta-sobre-riscos-de-projeto-que-altera-legislacao-ambiental-brasileira.html#webpage\",\"url\":\"https:\/\/franciscanos.org.br\/noticias\/carta-manifesto-da-provincia-franciscana-da-imaculada-conceicao-alerta-sobre-riscos-de-projeto-que-altera-legislacao-ambiental-brasileira.html\",\"name\":\"Carta-Manifesto da Prov\u00edncia alerta sobre riscos de Projeto que modifica legisla\u00e7\u00e3o ambiental brasileira - Not\u00edcias - Franciscanos\",\"isPartOf\":{\"@id\":\"https:\/\/franciscanos.org.br\/noticias\/#website\"},\"primaryImageOfPage\":{\"@id\":\"https:\/\/franciscanos.org.br\/noticias\/carta-manifesto-da-provincia-franciscana-da-imaculada-conceicao-alerta-sobre-riscos-de-projeto-que-altera-legislacao-ambiental-brasileira.html#primaryimage\"},\"datePublished\":\"2025-05-27T18:58:02+00:00\",\"dateModified\":\"2025-05-28T10:44:04+00:00\",\"author\":{\"@id\":\"https:\/\/franciscanos.org.br\/noticias\/#\/schema\/person\/d9422e83121c3ad3b0f423d195f5bb25\"},\"breadcrumb\":{\"@id\":\"https:\/\/franciscanos.org.br\/noticias\/carta-manifesto-da-provincia-franciscana-da-imaculada-conceicao-alerta-sobre-riscos-de-projeto-que-altera-legislacao-ambiental-brasileira.html#breadcrumb\"},\"inLanguage\":\"pt-BR\",\"potentialAction\":[{\"@type\":\"ReadAction\",\"target\":[\"https:\/\/franciscanos.org.br\/noticias\/carta-manifesto-da-provincia-franciscana-da-imaculada-conceicao-alerta-sobre-riscos-de-projeto-que-altera-legislacao-ambiental-brasileira.html\"]}]},{\"@type\":\"BreadcrumbList\",\"@id\":\"https:\/\/franciscanos.org.br\/noticias\/carta-manifesto-da-provincia-franciscana-da-imaculada-conceicao-alerta-sobre-riscos-de-projeto-que-altera-legislacao-ambiental-brasileira.html#breadcrumb\",\"itemListElement\":[{\"@type\":\"ListItem\",\"position\":1,\"name\":\"Home\",\"item\":\"https:\/\/franciscanos.org.br\/noticias\"},{\"@type\":\"ListItem\",\"position\":2,\"name\":\"Carta-Manifesto da Prov\u00edncia alerta sobre riscos de Projeto que modifica legisla\u00e7\u00e3o ambiental brasileira\"}]},{\"@type\":\"Person\",\"@id\":\"https:\/\/franciscanos.org.br\/noticias\/#\/schema\/person\/d9422e83121c3ad3b0f423d195f5bb25\",\"name\":\"Adriana Rabelo\",\"image\":{\"@type\":\"ImageObject\",\"inLanguage\":\"pt-BR\",\"@id\":\"https:\/\/franciscanos.org.br\/noticias\/#\/schema\/person\/image\/\",\"url\":\"https:\/\/secure.gravatar.com\/avatar\/0a937b7500cd7df77540cfb8bede877d?s=96&d=mm&r=g\",\"contentUrl\":\"https:\/\/secure.gravatar.com\/avatar\/0a937b7500cd7df77540cfb8bede877d?s=96&d=mm&r=g\",\"caption\":\"Adriana Rabelo\"},\"url\":\"https:\/\/franciscanos.org.br\/noticias\/author\/adrianarabelo\"}]}<\/script>\n<!-- \/ Yoast SEO plugin. -->","yoast_head_json":{"title":"Carta-Manifesto da Prov\u00edncia alerta sobre riscos de Projeto que modifica legisla\u00e7\u00e3o ambiental brasileira - Not\u00edcias - Franciscanos","robots":{"index":"index","follow":"follow","max-snippet":"max-snippet:-1","max-image-preview":"max-image-preview:large","max-video-preview":"max-video-preview:-1"},"canonical":"https:\/\/franciscanos.org.br\/noticias\/carta-manifesto-da-provincia-franciscana-da-imaculada-conceicao-alerta-sobre-riscos-de-projeto-que-altera-legislacao-ambiental-brasileira.html","og_locale":"pt_BR","og_type":"article","og_title":"Carta-Manifesto da Prov\u00edncia alerta sobre riscos de Projeto que modifica legisla\u00e7\u00e3o ambiental brasileira - Not\u00edcias - Franciscanos","og_description":"Justi\u00e7a, Paz e Integridade da Cria\u00e7\u00e3o","og_url":"https:\/\/franciscanos.org.br\/noticias\/carta-manifesto-da-provincia-franciscana-da-imaculada-conceicao-alerta-sobre-riscos-de-projeto-que-altera-legislacao-ambiental-brasileira.html","og_site_name":"Not\u00edcias - Franciscanos","article_published_time":"2025-05-27T18:58:02+00:00","article_modified_time":"2025-05-28T10:44:04+00:00","og_image":[{"width":800,"height":550,"url":"https:\/\/franciscanos.org.br\/noticias\/wp-content\/uploads\/2025\/05\/chamda.png","type":"image\/png"}],"author":"Adriana Rabelo","twitter_card":"summary_large_image","twitter_misc":{"Escrito por":"Adriana Rabelo","Est. tempo de leitura":"5 minutos"},"schema":{"@context":"https:\/\/schema.org","@graph":[{"@type":"WebSite","@id":"https:\/\/franciscanos.org.br\/noticias\/#website","url":"https:\/\/franciscanos.org.br\/noticias\/","name":"Not\u00edcias - Franciscanos","description":"Prov\u00edncia Franciscana da Imaculada Concei\u00e7\u00e3o do Brasil - Ordem dos Frades Menores - OFM","potentialAction":[{"@type":"SearchAction","target":{"@type":"EntryPoint","urlTemplate":"https:\/\/franciscanos.org.br\/noticias\/?s={search_term_string}"},"query-input":"required name=search_term_string"}],"inLanguage":"pt-BR"},{"@type":"ImageObject","inLanguage":"pt-BR","@id":"https:\/\/franciscanos.org.br\/noticias\/carta-manifesto-da-provincia-franciscana-da-imaculada-conceicao-alerta-sobre-riscos-de-projeto-que-altera-legislacao-ambiental-brasileira.html#primaryimage","url":"https:\/\/franciscanos.org.br\/noticias\/wp-content\/uploads\/2025\/05\/chamda.png","contentUrl":"https:\/\/franciscanos.org.br\/noticias\/wp-content\/uploads\/2025\/05\/chamda.png","width":800,"height":550},{"@type":"WebPage","@id":"https:\/\/franciscanos.org.br\/noticias\/carta-manifesto-da-provincia-franciscana-da-imaculada-conceicao-alerta-sobre-riscos-de-projeto-que-altera-legislacao-ambiental-brasileira.html#webpage","url":"https:\/\/franciscanos.org.br\/noticias\/carta-manifesto-da-provincia-franciscana-da-imaculada-conceicao-alerta-sobre-riscos-de-projeto-que-altera-legislacao-ambiental-brasileira.html","name":"Carta-Manifesto da Prov\u00edncia alerta sobre riscos de Projeto que modifica legisla\u00e7\u00e3o ambiental brasileira - Not\u00edcias - Franciscanos","isPartOf":{"@id":"https:\/\/franciscanos.org.br\/noticias\/#website"},"primaryImageOfPage":{"@id":"https:\/\/franciscanos.org.br\/noticias\/carta-manifesto-da-provincia-franciscana-da-imaculada-conceicao-alerta-sobre-riscos-de-projeto-que-altera-legislacao-ambiental-brasileira.html#primaryimage"},"datePublished":"2025-05-27T18:58:02+00:00","dateModified":"2025-05-28T10:44:04+00:00","author":{"@id":"https:\/\/franciscanos.org.br\/noticias\/#\/schema\/person\/d9422e83121c3ad3b0f423d195f5bb25"},"breadcrumb":{"@id":"https:\/\/franciscanos.org.br\/noticias\/carta-manifesto-da-provincia-franciscana-da-imaculada-conceicao-alerta-sobre-riscos-de-projeto-que-altera-legislacao-ambiental-brasileira.html#breadcrumb"},"inLanguage":"pt-BR","potentialAction":[{"@type":"ReadAction","target":["https:\/\/franciscanos.org.br\/noticias\/carta-manifesto-da-provincia-franciscana-da-imaculada-conceicao-alerta-sobre-riscos-de-projeto-que-altera-legislacao-ambiental-brasileira.html"]}]},{"@type":"BreadcrumbList","@id":"https:\/\/franciscanos.org.br\/noticias\/carta-manifesto-da-provincia-franciscana-da-imaculada-conceicao-alerta-sobre-riscos-de-projeto-que-altera-legislacao-ambiental-brasileira.html#breadcrumb","itemListElement":[{"@type":"ListItem","position":1,"name":"Home","item":"https:\/\/franciscanos.org.br\/noticias"},{"@type":"ListItem","position":2,"name":"Carta-Manifesto da Prov\u00edncia alerta sobre riscos de Projeto que modifica legisla\u00e7\u00e3o ambiental brasileira"}]},{"@type":"Person","@id":"https:\/\/franciscanos.org.br\/noticias\/#\/schema\/person\/d9422e83121c3ad3b0f423d195f5bb25","name":"Adriana Rabelo","image":{"@type":"ImageObject","inLanguage":"pt-BR","@id":"https:\/\/franciscanos.org.br\/noticias\/#\/schema\/person\/image\/","url":"https:\/\/secure.gravatar.com\/avatar\/0a937b7500cd7df77540cfb8bede877d?s=96&d=mm&r=g","contentUrl":"https:\/\/secure.gravatar.com\/avatar\/0a937b7500cd7df77540cfb8bede877d?s=96&d=mm&r=g","caption":"Adriana Rabelo"},"url":"https:\/\/franciscanos.org.br\/noticias\/author\/adrianarabelo"}]}},"_links":{"self":[{"href":"https:\/\/franciscanos.org.br\/noticias\/wp-json\/wp\/v2\/posts\/257325"}],"collection":[{"href":"https:\/\/franciscanos.org.br\/noticias\/wp-json\/wp\/v2\/posts"}],"about":[{"href":"https:\/\/franciscanos.org.br\/noticias\/wp-json\/wp\/v2\/types\/post"}],"author":[{"embeddable":true,"href":"https:\/\/franciscanos.org.br\/noticias\/wp-json\/wp\/v2\/users\/11"}],"replies":[{"embeddable":true,"href":"https:\/\/franciscanos.org.br\/noticias\/wp-json\/wp\/v2\/comments?post=257325"}],"version-history":[{"count":12,"href":"https:\/\/franciscanos.org.br\/noticias\/wp-json\/wp\/v2\/posts\/257325\/revisions"}],"predecessor-version":[{"id":257340,"href":"https:\/\/franciscanos.org.br\/noticias\/wp-json\/wp\/v2\/posts\/257325\/revisions\/257340"}],"wp:featuredmedia":[{"embeddable":true,"href":"https:\/\/franciscanos.org.br\/noticias\/wp-json\/wp\/v2\/media\/257327"}],"wp:attachment":[{"href":"https:\/\/franciscanos.org.br\/noticias\/wp-json\/wp\/v2\/media?parent=257325"}],"wp:term":[{"taxonomy":"category","embeddable":true,"href":"https:\/\/franciscanos.org.br\/noticias\/wp-json\/wp\/v2\/categories?post=257325"},{"taxonomy":"post_tag","embeddable":true,"href":"https:\/\/franciscanos.org.br\/noticias\/wp-json\/wp\/v2\/tags?post=257325"}],"curies":[{"name":"wp","href":"https:\/\/api.w.org\/{rel}","templated":true}]}}