{"id":257323,"date":"2025-05-27T13:20:20","date_gmt":"2025-05-27T16:20:20","guid":{"rendered":"https:\/\/franciscanos.org.br\/noticias\/?p=257323"},"modified":"2025-05-27T13:20:20","modified_gmt":"2025-05-27T16:20:20","slug":"conselho-do-jpic-da-provincia-realiza-sua-primeira-reuniao-2025","status":"publish","type":"post","link":"https:\/\/franciscanos.org.br\/noticias\/conselho-do-jpic-da-provincia-realiza-sua-primeira-reuniao-2025.html","title":{"rendered":"Conselho do JPIC da Prov\u00edncia realiza sua primeira reuni\u00e3o 2025"},"content":{"rendered":"<p><img loading=\"lazy\" class=\"aligncenter wp-image-257317 size-full\" src=\"https:\/\/franciscanos.org.br\/noticias\/wp-content\/uploads\/2025\/05\/materia-8-1.png\" alt=\"\" width=\"1280\" height=\"720\" srcset=\"https:\/\/franciscanos.org.br\/noticias\/wp-content\/uploads\/2025\/05\/materia-8-1.png 1280w, https:\/\/franciscanos.org.br\/noticias\/wp-content\/uploads\/2025\/05\/materia-8-1-450x253.png 450w, https:\/\/franciscanos.org.br\/noticias\/wp-content\/uploads\/2025\/05\/materia-8-1-1024x576.png 1024w, https:\/\/franciscanos.org.br\/noticias\/wp-content\/uploads\/2025\/05\/materia-8-1-768x432.png 768w, https:\/\/franciscanos.org.br\/noticias\/wp-content\/uploads\/2025\/05\/materia-8-1-150x84.png 150w\" sizes=\"(max-width: 1280px) 100vw, 1280px\" \/><\/p>\n<p>No dia 22 de maio, foi ralizada a primeira reuni\u00e3o 2025 do Conselho do Servi\u00e7o de Justi\u00e7a, Paz e Integridade da Cria\u00e7\u00e3o (JPIC), da Prov\u00edncia Franciscana da Imaculada Concei\u00e7\u00e3o do Brasil.<\/p>\n<p>O Conselho \u00e9 composto pelos seguintes frades: Frei Andr\u00e9 Gurzynski, Frei Djalmo Fuck, Frei Franklin Matheus da Costa, Frei Jo\u00e3o Fernandes Reinert, Frei Jos\u00e9 Francisco de C\u00e1ssia dos Santos, Frei Laerte de Farias dos Santos, Frei Leandro Ferreira Silva, Frei Marx Rodrigues dos Reis, Frei Thiago Alexandre Hayakawa e Frei Vitorio Mazzuco Filho. A abertura da reuni\u00e3o foi conduzida por Frei Gustavo Wayand Medella, Vig\u00e1rio provincial e Secret\u00e1rio de Evangeliza\u00e7\u00e3o.<\/p>\n<p>Durante o encontro virtual, Frei Marx destacou a trajet\u00f3ria do JPIC ao longo dos \u00faltimos anos, enfatizando os trabalhos organizados em torno das seguintes linhas de a\u00e7\u00e3o: Combate \u00e0 fome, Encantar a pol\u00edtica e Ecologia. Ele tamb\u00e9m deu \u00eanfase ao amplo trabalho de mapeamento das atua\u00e7\u00f5es do JPIC nas fraternidades da Prov\u00edncia. Frei Thiago apresentou as discuss\u00f5es realizadas na II Assembleia ampliada da Confer\u00eancia Brasil-Cone Sul da Ordem dos Frades Menores, realizada em Cordoba, na Argentina, entre os dias 25 e 28 de mar\u00e7o, do ano corrente.<\/p>\n<p>O movimento JPIC tem mostrado ativo diante das urg\u00eancias sociais. Em setembro de 2024, foi realizado um encontro no Panam\u00e1, considerado importante para os frades da Am\u00e9rica Latina, devido a sua cacidade de integra\u00e7\u00e3o e possibilidade de troca de viv\u00eancias, muitas vezes semelhantes diante das realidades encontradas no continente latino americano.\u00a0 A reuni\u00e3o alinhou os esfor\u00e7os dos frades garantindo que trabalhem de forma coordenada e eficaz.<\/p>\n<p>Os principais temas abordados na ocasi\u00e3o foram:<\/p>\n<ul>\n<li>Migra\u00e7\u00e3o e deslocamento for\u00e7ado : Os frades discutiram como acompanharam grupos mistos de migrantes e refugiados ao continente, a fim de promover a\u00e7\u00f5es conjuntas atrav\u00e9s da Rede Franciscana para Migrantes das Am\u00e9ricas (RFM).<\/li>\n<li>Educa\u00e7\u00e3o : Foram exploradas formas inovadoras de integrar os valores JPIC na educa\u00e7\u00e3o, tanto formal como informal.<\/li>\n<li>Estilos de vida : os participantes refletiram sobre como viver de forma mais sustent\u00e1vel e como promover estilos de vida simples e solid\u00e1rios inspirados no estilo de vida dos Frades Menores, especialmente na forma\u00e7\u00e3o inicial.<\/li>\n<li>Par\u00f3quias e santu\u00e1rios : discutimos como as par\u00f3quias e os santu\u00e1rios podem ser espa\u00e7os de encontro e transforma\u00e7\u00e3o social.<\/li>\n<li>Sociedade civil e defesa pol\u00edtica : os frades exploraram a sua participa\u00e7\u00e3o na sociedade civil e o seu impacto nas pol\u00edticas p\u00fablicas para promover a justi\u00e7a e a paz.<\/li>\n<\/ul>\n<p>Durante a Assembleia virtual dos frades da Prov\u00edncia da Imaculada Concei\u00e7\u00e3o, Frei Daniel Rodr\u00edguez Blanco (animador do JPIC da Ordem) apresentou as linhas de a\u00e7\u00e3o do JPIC da OFM, como a\u00a0 promo\u00e7\u00e3o da paz em um mundo violento e o cuidado com a Casa Comum, al\u00e9m das abrodagens\u00a0 relacionadas a migra\u00e7\u00e3o e refugiados, bem como a promo\u00e7\u00e3o da paz em um mundo violento, temas cont\u00ednuos nos debates do movimento.<\/p>\n<p>O Conselho do JPIC da Prov\u00edncia, ap\u00f3s avaliar o contexto da realidade onde a Prov\u00edncia est\u00e1 presente, elegeu como temas priorit\u00e1rios para o movimento do Servi\u00e7o de Justi\u00e7a, Paz e Integridade da Cria\u00e7\u00e3 do territ\u00f3rio provincial: a migra\u00e7\u00e3o, o combate a fome, o cuidado da Casa Comum e a promo\u00e7\u00e3o da paz.<\/p>\n<hr \/>\n<p>Frei Djamo Fuck e Frei Thiago Alexandre Hayakawa \u2013 \u00a0Servi\u00e7o de Anima\u00e7\u00e3o do JPIC<\/p>\n","protected":false},"excerpt":{"rendered":"<p>Justi\u00e7a, Paz e Integridade da Cria\u00e7\u00e3o<\/p>\n","protected":false},"author":11,"featured_media":257319,"comment_status":"open","ping_status":"open","sticky":false,"template":"","format":"standard","meta":[],"categories":[1],"tags":[202,2353,2354],"acf":[],"yoast_head":"<!-- This site is optimized with the Yoast SEO plugin v19.2 - https:\/\/yoast.com\/wordpress\/plugins\/seo\/ -->\n<title>Conselho do JPIC da Prov\u00edncia realiza sua primeira reuni\u00e3o 2025 - Not\u00edcias - Franciscanos<\/title>\n<meta name=\"robots\" content=\"index, follow, max-snippet:-1, max-image-preview:large, max-video-preview:-1\" \/>\n<link rel=\"canonical\" href=\"https:\/\/franciscanos.org.br\/noticias\/conselho-do-jpic-da-provincia-realiza-sua-primeira-reuniao-2025.html\" \/>\n<meta property=\"og:locale\" content=\"pt_BR\" \/>\n<meta property=\"og:type\" content=\"article\" \/>\n<meta property=\"og:title\" content=\"Conselho do JPIC da Prov\u00edncia realiza sua primeira reuni\u00e3o 2025 - Not\u00edcias - Franciscanos\" \/>\n<meta property=\"og:description\" content=\"Justi\u00e7a, Paz e Integridade da Cria\u00e7\u00e3o\" \/>\n<meta property=\"og:url\" content=\"https:\/\/franciscanos.org.br\/noticias\/conselho-do-jpic-da-provincia-realiza-sua-primeira-reuniao-2025.html\" \/>\n<meta property=\"og:site_name\" content=\"Not\u00edcias - Franciscanos\" \/>\n<meta property=\"article:published_time\" content=\"2025-05-27T16:20:20+00:00\" \/>\n<meta property=\"og:image\" content=\"https:\/\/franciscanos.org.br\/noticias\/wp-content\/uploads\/2025\/05\/chamada-9-1.png\" \/>\n\t<meta property=\"og:image:width\" content=\"800\" \/>\n\t<meta property=\"og:image:height\" content=\"550\" \/>\n\t<meta property=\"og:image:type\" content=\"image\/png\" \/>\n<meta name=\"author\" content=\"Adriana Rabelo\" \/>\n<meta name=\"twitter:card\" content=\"summary_large_image\" \/>\n<meta name=\"twitter:label1\" content=\"Escrito por\" \/>\n\t<meta name=\"twitter:data1\" content=\"Adriana Rabelo\" \/>\n\t<meta name=\"twitter:label2\" content=\"Est. tempo de leitura\" \/>\n\t<meta name=\"twitter:data2\" content=\"3 minutos\" \/>\n<script type=\"application\/ld+json\" class=\"yoast-schema-graph\">{\"@context\":\"https:\/\/schema.org\",\"@graph\":[{\"@type\":\"WebSite\",\"@id\":\"https:\/\/franciscanos.org.br\/noticias\/#website\",\"url\":\"https:\/\/franciscanos.org.br\/noticias\/\",\"name\":\"Not\u00edcias - Franciscanos\",\"description\":\"Prov\u00edncia Franciscana da Imaculada Concei\u00e7\u00e3o do Brasil - Ordem dos Frades Menores - OFM\",\"potentialAction\":[{\"@type\":\"SearchAction\",\"target\":{\"@type\":\"EntryPoint\",\"urlTemplate\":\"https:\/\/franciscanos.org.br\/noticias\/?s={search_term_string}\"},\"query-input\":\"required name=search_term_string\"}],\"inLanguage\":\"pt-BR\"},{\"@type\":\"ImageObject\",\"inLanguage\":\"pt-BR\",\"@id\":\"https:\/\/franciscanos.org.br\/noticias\/conselho-do-jpic-da-provincia-realiza-sua-primeira-reuniao-2025.html#primaryimage\",\"url\":\"https:\/\/franciscanos.org.br\/noticias\/wp-content\/uploads\/2025\/05\/chamada-9-1.png\",\"contentUrl\":\"https:\/\/franciscanos.org.br\/noticias\/wp-content\/uploads\/2025\/05\/chamada-9-1.png\",\"width\":800,\"height\":550},{\"@type\":\"WebPage\",\"@id\":\"https:\/\/franciscanos.org.br\/noticias\/conselho-do-jpic-da-provincia-realiza-sua-primeira-reuniao-2025.html#webpage\",\"url\":\"https:\/\/franciscanos.org.br\/noticias\/conselho-do-jpic-da-provincia-realiza-sua-primeira-reuniao-2025.html\",\"name\":\"Conselho do JPIC da Prov\u00edncia realiza sua primeira reuni\u00e3o 2025 - Not\u00edcias - Franciscanos\",\"isPartOf\":{\"@id\":\"https:\/\/franciscanos.org.br\/noticias\/#website\"},\"primaryImageOfPage\":{\"@id\":\"https:\/\/franciscanos.org.br\/noticias\/conselho-do-jpic-da-provincia-realiza-sua-primeira-reuniao-2025.html#primaryimage\"},\"datePublished\":\"2025-05-27T16:20:20+00:00\",\"dateModified\":\"2025-05-27T16:20:20+00:00\",\"author\":{\"@id\":\"https:\/\/franciscanos.org.br\/noticias\/#\/schema\/person\/d9422e83121c3ad3b0f423d195f5bb25\"},\"breadcrumb\":{\"@id\":\"https:\/\/franciscanos.org.br\/noticias\/conselho-do-jpic-da-provincia-realiza-sua-primeira-reuniao-2025.html#breadcrumb\"},\"inLanguage\":\"pt-BR\",\"potentialAction\":[{\"@type\":\"ReadAction\",\"target\":[\"https:\/\/franciscanos.org.br\/noticias\/conselho-do-jpic-da-provincia-realiza-sua-primeira-reuniao-2025.html\"]}]},{\"@type\":\"BreadcrumbList\",\"@id\":\"https:\/\/franciscanos.org.br\/noticias\/conselho-do-jpic-da-provincia-realiza-sua-primeira-reuniao-2025.html#breadcrumb\",\"itemListElement\":[{\"@type\":\"ListItem\",\"position\":1,\"name\":\"Home\",\"item\":\"https:\/\/franciscanos.org.br\/noticias\"},{\"@type\":\"ListItem\",\"position\":2,\"name\":\"Conselho do JPIC da Prov\u00edncia realiza sua primeira reuni\u00e3o 2025\"}]},{\"@type\":\"Person\",\"@id\":\"https:\/\/franciscanos.org.br\/noticias\/#\/schema\/person\/d9422e83121c3ad3b0f423d195f5bb25\",\"name\":\"Adriana Rabelo\",\"image\":{\"@type\":\"ImageObject\",\"inLanguage\":\"pt-BR\",\"@id\":\"https:\/\/franciscanos.org.br\/noticias\/#\/schema\/person\/image\/\",\"url\":\"https:\/\/secure.gravatar.com\/avatar\/0a937b7500cd7df77540cfb8bede877d?s=96&d=mm&r=g\",\"contentUrl\":\"https:\/\/secure.gravatar.com\/avatar\/0a937b7500cd7df77540cfb8bede877d?s=96&d=mm&r=g\",\"caption\":\"Adriana Rabelo\"},\"url\":\"https:\/\/franciscanos.org.br\/noticias\/author\/adrianarabelo\"}]}<\/script>\n<!-- \/ Yoast SEO plugin. -->","yoast_head_json":{"title":"Conselho do JPIC da Prov\u00edncia realiza sua primeira reuni\u00e3o 2025 - Not\u00edcias - Franciscanos","robots":{"index":"index","follow":"follow","max-snippet":"max-snippet:-1","max-image-preview":"max-image-preview:large","max-video-preview":"max-video-preview:-1"},"canonical":"https:\/\/franciscanos.org.br\/noticias\/conselho-do-jpic-da-provincia-realiza-sua-primeira-reuniao-2025.html","og_locale":"pt_BR","og_type":"article","og_title":"Conselho do JPIC da Prov\u00edncia realiza sua primeira reuni\u00e3o 2025 - Not\u00edcias - Franciscanos","og_description":"Justi\u00e7a, Paz e Integridade da Cria\u00e7\u00e3o","og_url":"https:\/\/franciscanos.org.br\/noticias\/conselho-do-jpic-da-provincia-realiza-sua-primeira-reuniao-2025.html","og_site_name":"Not\u00edcias - Franciscanos","article_published_time":"2025-05-27T16:20:20+00:00","og_image":[{"width":800,"height":550,"url":"https:\/\/franciscanos.org.br\/noticias\/wp-content\/uploads\/2025\/05\/chamada-9-1.png","type":"image\/png"}],"author":"Adriana Rabelo","twitter_card":"summary_large_image","twitter_misc":{"Escrito por":"Adriana Rabelo","Est. tempo de leitura":"3 minutos"},"schema":{"@context":"https:\/\/schema.org","@graph":[{"@type":"WebSite","@id":"https:\/\/franciscanos.org.br\/noticias\/#website","url":"https:\/\/franciscanos.org.br\/noticias\/","name":"Not\u00edcias - Franciscanos","description":"Prov\u00edncia Franciscana da Imaculada Concei\u00e7\u00e3o do Brasil - Ordem dos Frades Menores - OFM","potentialAction":[{"@type":"SearchAction","target":{"@type":"EntryPoint","urlTemplate":"https:\/\/franciscanos.org.br\/noticias\/?s={search_term_string}"},"query-input":"required name=search_term_string"}],"inLanguage":"pt-BR"},{"@type":"ImageObject","inLanguage":"pt-BR","@id":"https:\/\/franciscanos.org.br\/noticias\/conselho-do-jpic-da-provincia-realiza-sua-primeira-reuniao-2025.html#primaryimage","url":"https:\/\/franciscanos.org.br\/noticias\/wp-content\/uploads\/2025\/05\/chamada-9-1.png","contentUrl":"https:\/\/franciscanos.org.br\/noticias\/wp-content\/uploads\/2025\/05\/chamada-9-1.png","width":800,"height":550},{"@type":"WebPage","@id":"https:\/\/franciscanos.org.br\/noticias\/conselho-do-jpic-da-provincia-realiza-sua-primeira-reuniao-2025.html#webpage","url":"https:\/\/franciscanos.org.br\/noticias\/conselho-do-jpic-da-provincia-realiza-sua-primeira-reuniao-2025.html","name":"Conselho do JPIC da Prov\u00edncia realiza sua primeira reuni\u00e3o 2025 - Not\u00edcias - Franciscanos","isPartOf":{"@id":"https:\/\/franciscanos.org.br\/noticias\/#website"},"primaryImageOfPage":{"@id":"https:\/\/franciscanos.org.br\/noticias\/conselho-do-jpic-da-provincia-realiza-sua-primeira-reuniao-2025.html#primaryimage"},"datePublished":"2025-05-27T16:20:20+00:00","dateModified":"2025-05-27T16:20:20+00:00","author":{"@id":"https:\/\/franciscanos.org.br\/noticias\/#\/schema\/person\/d9422e83121c3ad3b0f423d195f5bb25"},"breadcrumb":{"@id":"https:\/\/franciscanos.org.br\/noticias\/conselho-do-jpic-da-provincia-realiza-sua-primeira-reuniao-2025.html#breadcrumb"},"inLanguage":"pt-BR","potentialAction":[{"@type":"ReadAction","target":["https:\/\/franciscanos.org.br\/noticias\/conselho-do-jpic-da-provincia-realiza-sua-primeira-reuniao-2025.html"]}]},{"@type":"BreadcrumbList","@id":"https:\/\/franciscanos.org.br\/noticias\/conselho-do-jpic-da-provincia-realiza-sua-primeira-reuniao-2025.html#breadcrumb","itemListElement":[{"@type":"ListItem","position":1,"name":"Home","item":"https:\/\/franciscanos.org.br\/noticias"},{"@type":"ListItem","position":2,"name":"Conselho do JPIC da Prov\u00edncia realiza sua primeira reuni\u00e3o 2025"}]},{"@type":"Person","@id":"https:\/\/franciscanos.org.br\/noticias\/#\/schema\/person\/d9422e83121c3ad3b0f423d195f5bb25","name":"Adriana Rabelo","image":{"@type":"ImageObject","inLanguage":"pt-BR","@id":"https:\/\/franciscanos.org.br\/noticias\/#\/schema\/person\/image\/","url":"https:\/\/secure.gravatar.com\/avatar\/0a937b7500cd7df77540cfb8bede877d?s=96&d=mm&r=g","contentUrl":"https:\/\/secure.gravatar.com\/avatar\/0a937b7500cd7df77540cfb8bede877d?s=96&d=mm&r=g","caption":"Adriana Rabelo"},"url":"https:\/\/franciscanos.org.br\/noticias\/author\/adrianarabelo"}]}},"_links":{"self":[{"href":"https:\/\/franciscanos.org.br\/noticias\/wp-json\/wp\/v2\/posts\/257323"}],"collection":[{"href":"https:\/\/franciscanos.org.br\/noticias\/wp-json\/wp\/v2\/posts"}],"about":[{"href":"https:\/\/franciscanos.org.br\/noticias\/wp-json\/wp\/v2\/types\/post"}],"author":[{"embeddable":true,"href":"https:\/\/franciscanos.org.br\/noticias\/wp-json\/wp\/v2\/users\/11"}],"replies":[{"embeddable":true,"href":"https:\/\/franciscanos.org.br\/noticias\/wp-json\/wp\/v2\/comments?post=257323"}],"version-history":[{"count":1,"href":"https:\/\/franciscanos.org.br\/noticias\/wp-json\/wp\/v2\/posts\/257323\/revisions"}],"predecessor-version":[{"id":257324,"href":"https:\/\/franciscanos.org.br\/noticias\/wp-json\/wp\/v2\/posts\/257323\/revisions\/257324"}],"wp:featuredmedia":[{"embeddable":true,"href":"https:\/\/franciscanos.org.br\/noticias\/wp-json\/wp\/v2\/media\/257319"}],"wp:attachment":[{"href":"https:\/\/franciscanos.org.br\/noticias\/wp-json\/wp\/v2\/media?parent=257323"}],"wp:term":[{"taxonomy":"category","embeddable":true,"href":"https:\/\/franciscanos.org.br\/noticias\/wp-json\/wp\/v2\/categories?post=257323"},{"taxonomy":"post_tag","embeddable":true,"href":"https:\/\/franciscanos.org.br\/noticias\/wp-json\/wp\/v2\/tags?post=257323"}],"curies":[{"name":"wp","href":"https:\/\/api.w.org\/{rel}","templated":true}]}}