{"id":257303,"date":"2025-05-27T12:20:49","date_gmt":"2025-05-27T15:20:49","guid":{"rendered":"https:\/\/franciscanos.org.br\/noticias\/?p=257303"},"modified":"2025-05-27T12:24:58","modified_gmt":"2025-05-27T15:24:58","slug":"257303","status":"publish","type":"post","link":"https:\/\/franciscanos.org.br\/noticias\/257303.html","title":{"rendered":"Lan\u00e7ada a\u00e7\u00e3o em defesa da Casa Comum com parceria do Conex\u00e3o Fraterna"},"content":{"rendered":"<p><img loading=\"lazy\" class=\"aligncenter wp-image-257309 size-full\" src=\"https:\/\/franciscanos.org.br\/noticias\/wp-content\/uploads\/2025\/05\/materia-final.png\" alt=\"\" width=\"1280\" height=\"720\" srcset=\"https:\/\/franciscanos.org.br\/noticias\/wp-content\/uploads\/2025\/05\/materia-final.png 1280w, https:\/\/franciscanos.org.br\/noticias\/wp-content\/uploads\/2025\/05\/materia-final-450x253.png 450w, https:\/\/franciscanos.org.br\/noticias\/wp-content\/uploads\/2025\/05\/materia-final-1024x576.png 1024w, https:\/\/franciscanos.org.br\/noticias\/wp-content\/uploads\/2025\/05\/materia-final-768x432.png 768w, https:\/\/franciscanos.org.br\/noticias\/wp-content\/uploads\/2025\/05\/materia-final-150x84.png 150w\" sizes=\"(max-width: 1280px) 100vw, 1280px\" \/><\/p>\n<p>Na \u00faltima sexta sexta-feira (23\/05), durante uma transmiss\u00e3o ao vivo, foi oficialmente lan\u00e7ada a \u201cA\u00e7\u00e3o Francisclariana em Defesa da Casa Comum\u201d, iniciativa que re\u00fane entidades francisclarianas de todo o Brasil em mobiliza\u00e7\u00e3o ecol\u00f3gica e espiritual.<\/p>\n<p>O <strong>Conex\u00e3o Fraterna<\/strong>, projeto que nasceu 2018, durante o 3\u00ba Encontro Nacional Franciscano de Juventudes, em Vila Velha (ES), \u00e9 parceiro desta iniciativa, unindo esfor\u00e7os para promover justi\u00e7a socioambiental e celebrar a heran\u00e7a de S\u00e3o Francisco e Santa Clara.<\/p>\n<p>O evento foi apresentado por Ir. Glenda S\u00e1bio, IFPCC, e Frei Lorrane Peret, OFM. A abertura contou com o canto do C\u00e2ntico das Criaturas na vers\u00e3o de Z\u00e9 Vicente, em celebra\u00e7\u00e3o aos 800 anos dessa ora\u00e7\u00e3o de louvor \u00e0 cria\u00e7\u00e3o, e aos 10 anos da publica\u00e7\u00e3o da enc\u00edclica Laudato Si\u2019 pelo Papa Francisco. \u201cCuidar da Casa Comum \u00e9 Evangelho Vivo\u201d, destacou Frei Lorrane, lembrando que \u201cFrancisco e Clara inspiram o amanh\u00e3 que come\u00e7a hoje\u201d.<\/p>\n<p><img loading=\"lazy\" class=\"aligncenter wp-image-257305 size-full\" src=\"https:\/\/franciscanos.org.br\/noticias\/wp-content\/uploads\/2025\/05\/materia-1-5.png\" alt=\"\" width=\"1280\" height=\"720\" srcset=\"https:\/\/franciscanos.org.br\/noticias\/wp-content\/uploads\/2025\/05\/materia-1-5.png 1280w, https:\/\/franciscanos.org.br\/noticias\/wp-content\/uploads\/2025\/05\/materia-1-5-450x253.png 450w, https:\/\/franciscanos.org.br\/noticias\/wp-content\/uploads\/2025\/05\/materia-1-5-1024x576.png 1024w, https:\/\/franciscanos.org.br\/noticias\/wp-content\/uploads\/2025\/05\/materia-1-5-768x432.png 768w, https:\/\/franciscanos.org.br\/noticias\/wp-content\/uploads\/2025\/05\/materia-1-5-150x84.png 150w\" sizes=\"(max-width: 1280px) 100vw, 1280px\" \/><\/p>\n<p>Em seguida, o secret\u00e1rio nacional de Direitos Humanos, Justi\u00e7a, Paz e Integridade da Cria\u00e7\u00e3o, Lucas Lins (DHJUPIC\/SINFRAJUPE), fez um alerta pol\u00edtico: \u201cDizemos n\u00e3o ao PL da devasta\u00e7\u00e3o aprovado no Senado \u2013 um retrocesso de 50 anos na legisla\u00e7\u00e3o ambiental do Brasil\u201d. Lucas refor\u00e7ou o chamado ao clamor da terra e dos pobres, lembrando que a fam\u00edlia franciscana sempre esteve presente nas primeiras discuss\u00f5es mundiais sobre mudan\u00e7as clim\u00e1ticas.<\/p>\n<p>O momento pol\u00edtico-prof\u00e9tico seguiu com Frei Rodrigo Peret, que comentou sobre a carta pol\u00edtica da a\u00e7\u00e3o: um guia de peregrina\u00e7\u00e3o rumo \u00e0 COP30, em Bel\u00e9m do Par\u00e1, e \u00e0 C\u00fapula dos Povos, em novembro de 2025. \u201cEsta peregrina\u00e7\u00e3o \u00e9 um grito de f\u00e9 encarnada: den\u00fancia das falsas solu\u00e7\u00f5es que destroem a vida e an\u00fancio de alternativas vivas\u201d, afirmou Frei Rodrigo.<\/p>\n<p><img loading=\"lazy\" class=\"size-medium wp-image-257307 alignright\" src=\"https:\/\/franciscanos.org.br\/noticias\/wp-content\/uploads\/2025\/05\/Tau800Cantico.pdf-edited-318x450.webp\" alt=\"\" width=\"318\" height=\"450\" srcset=\"https:\/\/franciscanos.org.br\/noticias\/wp-content\/uploads\/2025\/05\/Tau800Cantico.pdf-edited-318x450.webp 318w, https:\/\/franciscanos.org.br\/noticias\/wp-content\/uploads\/2025\/05\/Tau800Cantico.pdf-edited-724x1024.webp 724w, https:\/\/franciscanos.org.br\/noticias\/wp-content\/uploads\/2025\/05\/Tau800Cantico.pdf-edited-768x1086.webp 768w, https:\/\/franciscanos.org.br\/noticias\/wp-content\/uploads\/2025\/05\/Tau800Cantico.pdf-edited-150x212.webp 150w, https:\/\/franciscanos.org.br\/noticias\/wp-content\/uploads\/2025\/05\/Tau800Cantico.pdf-edited.webp 1086w\" sizes=\"(max-width: 318px) 100vw, 318px\" \/>Para operacionalizar a mobiliza\u00e7\u00e3o, Frei Alex, vice-presidente da CFFB, detalhou o roteiro que percorrer\u00e1 os 17 regionais da fam\u00edlia francisclariana, levando um s\u00edmbolo criado pelo Frei F\u00e1bio Vasconcelos, com imagens das cinco grandes regi\u00f5es brasileiras e a logomarca dos 800 anos do C\u00e2ntico das Criaturas. Cada fraternidade local est\u00e1 convidada a aderir, promovendo caminhadas, a\u00e7\u00f5es ecol\u00f3gicas, celebra\u00e7\u00f5es comunit\u00e1rias e atos de sensibiliza\u00e7\u00e3o.<\/p>\n<p>No encerramento, a irm\u00e3 F\u00e1tima Alessa, articuladora da Economia de Francisco e Clara, compartilhou uma emocionante poesia-ora\u00e7\u00e3o que conclamou a \u201cerguer bandeiras por uma economia justa, solid\u00e1ria e fraterna\u201d, inspirada em S\u00e3o Francisco e Santa Clara. Foi refor\u00e7ado o convite a todos: promover e divulgar a a\u00e7\u00e3o em suas comunidades, conectando-se pelas redes sociais e inscrevendo-se no link disponibilizado no Instagram oficial <a href=\"https:\/\/www.instagram.com\/sinfrajupe.oficial\/\">@sinfrajupe.oficial<\/a>.<\/p>\n<p><strong>Parceria e pr\u00f3ximos passos<\/strong><\/p>\n<p>O Conex\u00e3o Fraterna reafirma seu compromisso como parceiro desta grande mobiliza\u00e7\u00e3o, oferecendo suporte na divulga\u00e7\u00e3o, forma\u00e7\u00e3o de redes de voluntariado e articula\u00e7\u00e3o de eventos locais. Al\u00e9m disso, no dia 25 de maio, foi dado in\u00edcio \u00e0 <strong>Semana Laudato si\u2019<\/strong>, com programa\u00e7\u00e3o especial de reflex\u00f5es, celebra\u00e7\u00f5es e a\u00e7\u00f5es pr\u00e1ticas que celebram o cuidado com a Casa Comum, em sintonia com o esp\u00edrito da enc\u00edclica e do C\u00e2ntico das Criaturas.<\/p>\n<p>Que esta peregrina\u00e7\u00e3o francisclariana seja, para todos, uma verdadeira jornada de f\u00e9, esperan\u00e7a e convers\u00e3o ecol\u00f3gica \u2013 \u201cum mundo onde caibam muitos outros mundos\u201d.<\/p>\n<p><strong>Sobre o Conex\u00e3o Fraterna<\/strong><\/p>\n<p>Tudo come\u00e7ou com um sonho, que virou projeto de conclus\u00e3o de curso e expandiu entre os jovens.<\/p>\n<p>Uma ilumina\u00e7\u00e3o b\u00edblica oferecida pelo Papa Francisco por ocasi\u00e3o do 53\u00ba Dia Mundial das Comunica\u00e7\u00f5es Sociais, celebrado, em junho de 2019, foi uma importante inspira\u00e7\u00e3o para a jovem Tha\u00eds de Oliveira Pereira, ent\u00e3o com 25 anos, natural de Duque de Caxias (RJ), durante a apresenta\u00e7\u00e3o de seu trabalho de Conclus\u00e3o do Curso de Jornalismo, no Centro Universit\u00e1rio Carioca (UniCarioca) no dia 14 de junho daquele ano, que teve como produto final a Revista Conex\u00e3o Fraterna.<\/p>\n<p>Tha\u00eds foi a idealizadora do blog e da revista \u201cConex\u00e3o Fraterna\u201d\u2013 criado em 2018, fruto do 3\u00ba Encontro Nacional Franciscano de Juventudes (ENFJ), que ocorreu em Vila Velha (ES). O evento teve como objetivo aproximar as juventudes do Carisma Franciscano.<\/p>\n<p><img loading=\"lazy\" class=\"aligncenter wp-image-257310 size-full\" src=\"https:\/\/franciscanos.org.br\/noticias\/wp-content\/uploads\/2025\/05\/caminho-materia-1.png\" alt=\"\" width=\"1280\" height=\"720\" srcset=\"https:\/\/franciscanos.org.br\/noticias\/wp-content\/uploads\/2025\/05\/caminho-materia-1.png 1280w, https:\/\/franciscanos.org.br\/noticias\/wp-content\/uploads\/2025\/05\/caminho-materia-1-450x253.png 450w, https:\/\/franciscanos.org.br\/noticias\/wp-content\/uploads\/2025\/05\/caminho-materia-1-1024x576.png 1024w, https:\/\/franciscanos.org.br\/noticias\/wp-content\/uploads\/2025\/05\/caminho-materia-1-768x432.png 768w, https:\/\/franciscanos.org.br\/noticias\/wp-content\/uploads\/2025\/05\/caminho-materia-1-150x84.png 150w\" sizes=\"(max-width: 1280px) 100vw, 1280px\" \/><\/p>\n<p>Segundo Frei Augusto Luiz Gabriel, coordenador do projeto, o Conex\u00e3o Fraterna pode ser entendido tanto como um ideal de relacionamento humano baseado na fraternidade quanto como um projeto concreto que visa disseminar os valores franciscanos entre as juventudes. \u201cDigamos que o projeto atua como um espa\u00e7o de evangeliza\u00e7\u00e3o e reflex\u00e3o, abordando temas como espiritualidade, juventudes, miss\u00e3o, cuidado com a cria\u00e7\u00e3o e vida comunit\u00e1ria, sempre inspirados nos valores de S\u00e3o Francisco de Assis. Por meio de colunas como &#8220;Di\u00e1logos Fraternos&#8221;, &#8220;Conex\u00e3o OFS&#8221;, &#8220;Conex\u00e3o Evangelho&#8221;, \u201cEm Fraternidade\u201d e outras, o projeto busca incentivar a viv\u00eancia da f\u00e9 e da espiritualidade entre os jovens. Al\u00e9m disso, \u00e9 um importante meio de comunica\u00e7\u00e3o com os jovens de nossa Prov\u00edncia, principalmente em assuntos relacionados aos eventos promovidos para as juventudes.<\/p>\n<p>O frade explicou que o \u201cConex\u00e3o Fraterna\u201d n\u00e3o \u00e9 exclusivo de nossa Prov\u00edncia da Imaculada Concei\u00e7\u00e3o do Brasil, pois envolve diversos membros e volunt\u00e1rios da Fam\u00edlia Franciscana, al\u00e9m daqueles que se prop\u00f5em a contribuir com valores inspirados em S\u00e3o Francisco, a favor da vida e da preserva\u00e7\u00e3o da Casa Comum.<\/p>\n<hr \/>\n<p><em>Frei Augusto Luiz Gabriel e Adriana Rabelo Rodrigues<\/em><\/p>\n<p>Fontes: https:\/\/conexaofraterna.com.br\/2025\/05\/23\/lancada-acao-em-defesa-da-casa-comum-com-parceria-do-conexao-fraterna\/<\/p>\n<p>fransicanos.org.br<\/p>\n","protected":false},"excerpt":{"rendered":"<p>Juventude  Franciscana<\/p>\n","protected":false},"author":11,"featured_media":257304,"comment_status":"open","ping_status":"open","sticky":false,"template":"","format":"standard","meta":[],"categories":[1],"tags":[1461,478],"acf":[],"yoast_head":"<!-- This site is optimized with the Yoast SEO plugin v19.2 - https:\/\/yoast.com\/wordpress\/plugins\/seo\/ -->\n<title>Lan\u00e7ada a\u00e7\u00e3o em defesa da Casa Comum com parceria do Conex\u00e3o Fraterna - Not\u00edcias - Franciscanos<\/title>\n<meta name=\"robots\" content=\"index, follow, max-snippet:-1, max-image-preview:large, max-video-preview:-1\" \/>\n<link rel=\"canonical\" href=\"https:\/\/franciscanos.org.br\/noticias\/257303.html\" \/>\n<meta property=\"og:locale\" content=\"pt_BR\" \/>\n<meta property=\"og:type\" content=\"article\" \/>\n<meta property=\"og:title\" content=\"Lan\u00e7ada a\u00e7\u00e3o em defesa da Casa Comum com parceria do Conex\u00e3o Fraterna - Not\u00edcias - Franciscanos\" \/>\n<meta property=\"og:description\" content=\"Juventude Franciscana\" \/>\n<meta property=\"og:url\" content=\"https:\/\/franciscanos.org.br\/noticias\/257303.html\" \/>\n<meta property=\"og:site_name\" content=\"Not\u00edcias - Franciscanos\" \/>\n<meta property=\"article:published_time\" content=\"2025-05-27T15:20:49+00:00\" \/>\n<meta property=\"article:modified_time\" content=\"2025-05-27T15:24:58+00:00\" \/>\n<meta property=\"og:image\" content=\"https:\/\/franciscanos.org.br\/noticias\/wp-content\/uploads\/2025\/05\/CHAMADA-7-1.png\" \/>\n\t<meta property=\"og:image:width\" content=\"800\" \/>\n\t<meta property=\"og:image:height\" content=\"550\" \/>\n\t<meta property=\"og:image:type\" content=\"image\/png\" \/>\n<meta name=\"author\" content=\"Adriana Rabelo\" \/>\n<meta name=\"twitter:card\" content=\"summary_large_image\" \/>\n<meta name=\"twitter:label1\" content=\"Escrito por\" \/>\n\t<meta name=\"twitter:data1\" content=\"Adriana Rabelo\" \/>\n\t<meta name=\"twitter:label2\" content=\"Est. tempo de leitura\" \/>\n\t<meta name=\"twitter:data2\" content=\"5 minutos\" \/>\n<script type=\"application\/ld+json\" class=\"yoast-schema-graph\">{\"@context\":\"https:\/\/schema.org\",\"@graph\":[{\"@type\":\"WebSite\",\"@id\":\"https:\/\/franciscanos.org.br\/noticias\/#website\",\"url\":\"https:\/\/franciscanos.org.br\/noticias\/\",\"name\":\"Not\u00edcias - Franciscanos\",\"description\":\"Prov\u00edncia Franciscana da Imaculada Concei\u00e7\u00e3o do Brasil - Ordem dos Frades Menores - OFM\",\"potentialAction\":[{\"@type\":\"SearchAction\",\"target\":{\"@type\":\"EntryPoint\",\"urlTemplate\":\"https:\/\/franciscanos.org.br\/noticias\/?s={search_term_string}\"},\"query-input\":\"required name=search_term_string\"}],\"inLanguage\":\"pt-BR\"},{\"@type\":\"ImageObject\",\"inLanguage\":\"pt-BR\",\"@id\":\"https:\/\/franciscanos.org.br\/noticias\/257303.html#primaryimage\",\"url\":\"https:\/\/franciscanos.org.br\/noticias\/wp-content\/uploads\/2025\/05\/CHAMADA-7-1.png\",\"contentUrl\":\"https:\/\/franciscanos.org.br\/noticias\/wp-content\/uploads\/2025\/05\/CHAMADA-7-1.png\",\"width\":800,\"height\":550},{\"@type\":\"WebPage\",\"@id\":\"https:\/\/franciscanos.org.br\/noticias\/257303.html#webpage\",\"url\":\"https:\/\/franciscanos.org.br\/noticias\/257303.html\",\"name\":\"Lan\u00e7ada a\u00e7\u00e3o em defesa da Casa Comum com parceria do Conex\u00e3o Fraterna - Not\u00edcias - Franciscanos\",\"isPartOf\":{\"@id\":\"https:\/\/franciscanos.org.br\/noticias\/#website\"},\"primaryImageOfPage\":{\"@id\":\"https:\/\/franciscanos.org.br\/noticias\/257303.html#primaryimage\"},\"datePublished\":\"2025-05-27T15:20:49+00:00\",\"dateModified\":\"2025-05-27T15:24:58+00:00\",\"author\":{\"@id\":\"https:\/\/franciscanos.org.br\/noticias\/#\/schema\/person\/d9422e83121c3ad3b0f423d195f5bb25\"},\"breadcrumb\":{\"@id\":\"https:\/\/franciscanos.org.br\/noticias\/257303.html#breadcrumb\"},\"inLanguage\":\"pt-BR\",\"potentialAction\":[{\"@type\":\"ReadAction\",\"target\":[\"https:\/\/franciscanos.org.br\/noticias\/257303.html\"]}]},{\"@type\":\"BreadcrumbList\",\"@id\":\"https:\/\/franciscanos.org.br\/noticias\/257303.html#breadcrumb\",\"itemListElement\":[{\"@type\":\"ListItem\",\"position\":1,\"name\":\"Home\",\"item\":\"https:\/\/franciscanos.org.br\/noticias\"},{\"@type\":\"ListItem\",\"position\":2,\"name\":\"Lan\u00e7ada a\u00e7\u00e3o em defesa da Casa Comum com parceria do Conex\u00e3o Fraterna\"}]},{\"@type\":\"Person\",\"@id\":\"https:\/\/franciscanos.org.br\/noticias\/#\/schema\/person\/d9422e83121c3ad3b0f423d195f5bb25\",\"name\":\"Adriana Rabelo\",\"image\":{\"@type\":\"ImageObject\",\"inLanguage\":\"pt-BR\",\"@id\":\"https:\/\/franciscanos.org.br\/noticias\/#\/schema\/person\/image\/\",\"url\":\"https:\/\/secure.gravatar.com\/avatar\/0a937b7500cd7df77540cfb8bede877d?s=96&d=mm&r=g\",\"contentUrl\":\"https:\/\/secure.gravatar.com\/avatar\/0a937b7500cd7df77540cfb8bede877d?s=96&d=mm&r=g\",\"caption\":\"Adriana Rabelo\"},\"url\":\"https:\/\/franciscanos.org.br\/noticias\/author\/adrianarabelo\"}]}<\/script>\n<!-- \/ Yoast SEO plugin. -->","yoast_head_json":{"title":"Lan\u00e7ada a\u00e7\u00e3o em defesa da Casa Comum com parceria do Conex\u00e3o Fraterna - Not\u00edcias - Franciscanos","robots":{"index":"index","follow":"follow","max-snippet":"max-snippet:-1","max-image-preview":"max-image-preview:large","max-video-preview":"max-video-preview:-1"},"canonical":"https:\/\/franciscanos.org.br\/noticias\/257303.html","og_locale":"pt_BR","og_type":"article","og_title":"Lan\u00e7ada a\u00e7\u00e3o em defesa da Casa Comum com parceria do Conex\u00e3o Fraterna - Not\u00edcias - Franciscanos","og_description":"Juventude Franciscana","og_url":"https:\/\/franciscanos.org.br\/noticias\/257303.html","og_site_name":"Not\u00edcias - Franciscanos","article_published_time":"2025-05-27T15:20:49+00:00","article_modified_time":"2025-05-27T15:24:58+00:00","og_image":[{"width":800,"height":550,"url":"https:\/\/franciscanos.org.br\/noticias\/wp-content\/uploads\/2025\/05\/CHAMADA-7-1.png","type":"image\/png"}],"author":"Adriana Rabelo","twitter_card":"summary_large_image","twitter_misc":{"Escrito por":"Adriana Rabelo","Est. tempo de leitura":"5 minutos"},"schema":{"@context":"https:\/\/schema.org","@graph":[{"@type":"WebSite","@id":"https:\/\/franciscanos.org.br\/noticias\/#website","url":"https:\/\/franciscanos.org.br\/noticias\/","name":"Not\u00edcias - Franciscanos","description":"Prov\u00edncia Franciscana da Imaculada Concei\u00e7\u00e3o do Brasil - Ordem dos Frades Menores - OFM","potentialAction":[{"@type":"SearchAction","target":{"@type":"EntryPoint","urlTemplate":"https:\/\/franciscanos.org.br\/noticias\/?s={search_term_string}"},"query-input":"required name=search_term_string"}],"inLanguage":"pt-BR"},{"@type":"ImageObject","inLanguage":"pt-BR","@id":"https:\/\/franciscanos.org.br\/noticias\/257303.html#primaryimage","url":"https:\/\/franciscanos.org.br\/noticias\/wp-content\/uploads\/2025\/05\/CHAMADA-7-1.png","contentUrl":"https:\/\/franciscanos.org.br\/noticias\/wp-content\/uploads\/2025\/05\/CHAMADA-7-1.png","width":800,"height":550},{"@type":"WebPage","@id":"https:\/\/franciscanos.org.br\/noticias\/257303.html#webpage","url":"https:\/\/franciscanos.org.br\/noticias\/257303.html","name":"Lan\u00e7ada a\u00e7\u00e3o em defesa da Casa Comum com parceria do Conex\u00e3o Fraterna - Not\u00edcias - Franciscanos","isPartOf":{"@id":"https:\/\/franciscanos.org.br\/noticias\/#website"},"primaryImageOfPage":{"@id":"https:\/\/franciscanos.org.br\/noticias\/257303.html#primaryimage"},"datePublished":"2025-05-27T15:20:49+00:00","dateModified":"2025-05-27T15:24:58+00:00","author":{"@id":"https:\/\/franciscanos.org.br\/noticias\/#\/schema\/person\/d9422e83121c3ad3b0f423d195f5bb25"},"breadcrumb":{"@id":"https:\/\/franciscanos.org.br\/noticias\/257303.html#breadcrumb"},"inLanguage":"pt-BR","potentialAction":[{"@type":"ReadAction","target":["https:\/\/franciscanos.org.br\/noticias\/257303.html"]}]},{"@type":"BreadcrumbList","@id":"https:\/\/franciscanos.org.br\/noticias\/257303.html#breadcrumb","itemListElement":[{"@type":"ListItem","position":1,"name":"Home","item":"https:\/\/franciscanos.org.br\/noticias"},{"@type":"ListItem","position":2,"name":"Lan\u00e7ada a\u00e7\u00e3o em defesa da Casa Comum com parceria do Conex\u00e3o Fraterna"}]},{"@type":"Person","@id":"https:\/\/franciscanos.org.br\/noticias\/#\/schema\/person\/d9422e83121c3ad3b0f423d195f5bb25","name":"Adriana Rabelo","image":{"@type":"ImageObject","inLanguage":"pt-BR","@id":"https:\/\/franciscanos.org.br\/noticias\/#\/schema\/person\/image\/","url":"https:\/\/secure.gravatar.com\/avatar\/0a937b7500cd7df77540cfb8bede877d?s=96&d=mm&r=g","contentUrl":"https:\/\/secure.gravatar.com\/avatar\/0a937b7500cd7df77540cfb8bede877d?s=96&d=mm&r=g","caption":"Adriana Rabelo"},"url":"https:\/\/franciscanos.org.br\/noticias\/author\/adrianarabelo"}]}},"_links":{"self":[{"href":"https:\/\/franciscanos.org.br\/noticias\/wp-json\/wp\/v2\/posts\/257303"}],"collection":[{"href":"https:\/\/franciscanos.org.br\/noticias\/wp-json\/wp\/v2\/posts"}],"about":[{"href":"https:\/\/franciscanos.org.br\/noticias\/wp-json\/wp\/v2\/types\/post"}],"author":[{"embeddable":true,"href":"https:\/\/franciscanos.org.br\/noticias\/wp-json\/wp\/v2\/users\/11"}],"replies":[{"embeddable":true,"href":"https:\/\/franciscanos.org.br\/noticias\/wp-json\/wp\/v2\/comments?post=257303"}],"version-history":[{"count":6,"href":"https:\/\/franciscanos.org.br\/noticias\/wp-json\/wp\/v2\/posts\/257303\/revisions"}],"predecessor-version":[{"id":257315,"href":"https:\/\/franciscanos.org.br\/noticias\/wp-json\/wp\/v2\/posts\/257303\/revisions\/257315"}],"wp:featuredmedia":[{"embeddable":true,"href":"https:\/\/franciscanos.org.br\/noticias\/wp-json\/wp\/v2\/media\/257304"}],"wp:attachment":[{"href":"https:\/\/franciscanos.org.br\/noticias\/wp-json\/wp\/v2\/media?parent=257303"}],"wp:term":[{"taxonomy":"category","embeddable":true,"href":"https:\/\/franciscanos.org.br\/noticias\/wp-json\/wp\/v2\/categories?post=257303"},{"taxonomy":"post_tag","embeddable":true,"href":"https:\/\/franciscanos.org.br\/noticias\/wp-json\/wp\/v2\/tags?post=257303"}],"curies":[{"name":"wp","href":"https:\/\/api.w.org\/{rel}","templated":true}]}}