{"id":257289,"date":"2025-05-26T16:59:49","date_gmt":"2025-05-26T19:59:49","guid":{"rendered":"https:\/\/franciscanos.org.br\/noticias\/?p=257289"},"modified":"2025-06-24T16:43:00","modified_gmt":"2025-06-24T19:43:00","slug":"postulantes-da-fimda-participam-da-semana-do-postulinter","status":"publish","type":"post","link":"https:\/\/franciscanos.org.br\/noticias\/postulantes-da-fimda-participam-da-semana-do-postulinter.html","title":{"rendered":"Postulantes da FIMDA participam da Semana do Postulinter"},"content":{"rendered":"<p><img loading=\"lazy\" class=\"aligncenter wp-image-257291 size-full\" src=\"https:\/\/franciscanos.org.br\/noticias\/wp-content\/uploads\/2025\/05\/SLIDE-2-1.png\" alt=\"\" width=\"1280\" height=\"720\" srcset=\"https:\/\/franciscanos.org.br\/noticias\/wp-content\/uploads\/2025\/05\/SLIDE-2-1.png 1280w, https:\/\/franciscanos.org.br\/noticias\/wp-content\/uploads\/2025\/05\/SLIDE-2-1-450x253.png 450w, https:\/\/franciscanos.org.br\/noticias\/wp-content\/uploads\/2025\/05\/SLIDE-2-1-1024x576.png 1024w, https:\/\/franciscanos.org.br\/noticias\/wp-content\/uploads\/2025\/05\/SLIDE-2-1-768x432.png 768w, https:\/\/franciscanos.org.br\/noticias\/wp-content\/uploads\/2025\/05\/SLIDE-2-1-150x84.png 150w\" sizes=\"(max-width: 1280px) 100vw, 1280px\" \/><\/p>\n<p>De 19 a 24 de maio, os postulantes franciscanos da Funda\u00e7\u00e3o Imaculada M\u00e3e de Deus de Angola (FIMDA), em companhia de outras Congrega\u00e7\u00f5es e Institutos Religiosos, realizaram uma forma\u00e7\u00e3o religiosa na Casa das Irm\u00e3s Franciscanas Hospitaleiras, no munic\u00edpio de Mulenvos, promovida pelos religiosos da Arquidiocese de Luanda e pelas Dioceses de Viana e Caxito.\u00a0 A &#8220;Semana Postulinter&#8221;, teve como tem\u00e1tica: &#8221; O seguimento de Jesus \u00e0 luz do Evangelho de S\u00e3o Marcos&#8221;, com o acompanhamento do Padre Samir Malak\u00f4.<\/p>\n<p>Durante este tempo de forma\u00e7\u00e3o, os particpantes puderam aprofundar o conhecimento social, humano, b\u00edblico e religioso. O tema proporciou ao grupo um rico conhecimento para nos firmarmos no seguimento mais profundo a Jesus Cristo \u00e0 luz de S\u00e3o Marcos. Importa-nos lembrar que S\u00e3o Marcos est\u00e1 presente em grandes discursos, nos quais anuncia Jesus numa \u00a0linguagem\u00a0 popular.<\/p>\n<p><img loading=\"lazy\" class=\"size-medium wp-image-257293 alignright\" src=\"https:\/\/franciscanos.org.br\/noticias\/wp-content\/uploads\/2025\/05\/mataria-2-450x253.png\" alt=\"\" width=\"450\" height=\"253\" srcset=\"https:\/\/franciscanos.org.br\/noticias\/wp-content\/uploads\/2025\/05\/mataria-2-450x253.png 450w, https:\/\/franciscanos.org.br\/noticias\/wp-content\/uploads\/2025\/05\/mataria-2-1024x576.png 1024w, https:\/\/franciscanos.org.br\/noticias\/wp-content\/uploads\/2025\/05\/mataria-2-768x432.png 768w, https:\/\/franciscanos.org.br\/noticias\/wp-content\/uploads\/2025\/05\/mataria-2-150x84.png 150w, https:\/\/franciscanos.org.br\/noticias\/wp-content\/uploads\/2025\/05\/mataria-2.png 1280w\" sizes=\"(max-width: 450px) 100vw, 450px\" \/>Com palavras s\u00e1bias e edificantes o presb\u00edtero relacionou os escritos de S\u00e3o Marcos com a etapa do Postulantado nos dias de hoje. Recordou que essa \u00e9 uma etapa da vida religiosa. Trata-se de um per\u00edodo privilegiado de prepara\u00e7\u00e3o ao noviciado, que envolve o autoconhecimento, a autenticidade e a intimidade. Pois, seguir a Cristo n\u00e3o \u00e9 apenas um ideal, mas uma resposta a um chamado e \u00e9 uma a\u00e7\u00e3o, que se resume na <em>Sequela Christi<\/em> ( Seguimento a Cristo) e \u00a0na <em>Imitatio Christi<\/em> ( Imita\u00e7\u00e3o de Cristo).<\/p>\n<p>A semana formativa foi encerrada em 24 de maio, com uma Santa Missa de encerramento \u00e0s 9h, presidida pelo Frei Jefferson Max Nunes Maciel, Mestre dos postulantes da Fraternidade Nossa Senhora dos Anjos da Porci\u00fancula; e concelebrada por Frei Ageu da Congrega\u00e7\u00e3o dos Merced\u00e1rios. A celebra\u00e7\u00e3o contou com a participa\u00e7\u00e3o das mestras e irm\u00e3s de distintas Congrega\u00e7\u00f5es e Institutos Religiosos, em comunh\u00e3o com todos(as) os postulantes.<\/p>\n<p><img loading=\"lazy\" class=\"aligncenter wp-image-257294 size-full\" src=\"https:\/\/franciscanos.org.br\/noticias\/wp-content\/uploads\/2025\/05\/materia-3-3.png\" alt=\"\" width=\"1280\" height=\"720\" srcset=\"https:\/\/franciscanos.org.br\/noticias\/wp-content\/uploads\/2025\/05\/materia-3-3.png 1280w, https:\/\/franciscanos.org.br\/noticias\/wp-content\/uploads\/2025\/05\/materia-3-3-450x253.png 450w, https:\/\/franciscanos.org.br\/noticias\/wp-content\/uploads\/2025\/05\/materia-3-3-1024x576.png 1024w, https:\/\/franciscanos.org.br\/noticias\/wp-content\/uploads\/2025\/05\/materia-3-3-768x432.png 768w, https:\/\/franciscanos.org.br\/noticias\/wp-content\/uploads\/2025\/05\/materia-3-3-150x84.png 150w\" sizes=\"(max-width: 1280px) 100vw, 1280px\" \/><\/p>\n<p>Em sua homilia, Frei Max destacou alguns pontos principais da vida do postulantado: \u201ca entrega total, o aperfei\u00e7oamento da nossa rela\u00e7\u00e3o com Deus, conosco mesmos, com os irm\u00e3os e com todas as criaturas\u201d. Acrescentou ainda que a palavra &#8220;postulantado&#8221; vem do verbo postular, que significa \u201cfazer um pedido\u201d, mas n\u00e3o um pedido feito de qualquer maneira. Postular significa \u201cpedir insistentemente, com empenho e dedica\u00e7\u00e3o\u201d. Assim, o postulante pede com firmeza de alma para experimentar progressivamente uma nova forma de vida: a vida consagrada, vivida em uma determinada fam\u00edlia religiosa, seja uma Ordem, Congrega\u00e7\u00e3o ou Instituto Religioso.<\/p>\n<p>Ap\u00f3s a missa, houve uma confraterniza\u00e7\u00e3o na fraternidade Nossa Senhora dos Anjos da Porci\u00fancula, com uma tarde recreativa, evolvendo dan\u00e7as, m\u00fasicas, jogos, encena\u00e7\u00f5es e poesias.\u00a0 Por fim, seguiu-se o momento do almo\u00e7o partilhado, come\u00e7ando com a ora\u00e7\u00e3o feita pelo Frei Ageu.<\/p>\n<p>Durante essa semana de forma\u00e7\u00e3o, os postulantes criaram verdadeiros la\u00e7os de amizade e de irmandade, e por isso se propuseram a colocar em pr\u00e1tica os ensinamentos e as boas experi\u00eancias compartilhadas. Desejamos a todos e todas for\u00e7a, f\u00e9, foco e perseveran\u00e7a para viverem com alegria e fidelidade a Sequela Christi e a Imitatio Christi.<strong>\u00a0\u00a0\u00a0\u00a0\u00a0\u00a0\u00a0\u00a0\u00a0\u00a0\u00a0\u00a0\u00a0\u00a0\u00a0\u00a0\u00a0\u00a0\u00a0\u00a0\u00a0\u00a0\u00a0\u00a0\u00a0\u00a0\u00a0\u00a0\u00a0\u00a0\u00a0\u00a0\u00a0\u00a0\u00a0\u00a0\u00a0 <\/strong><\/p>\n<p><strong>Paz e Bem!<\/strong><\/p>\n<hr \/>\n<p><em>Postulantes da FIMDA<\/em><\/p>\n","protected":false},"excerpt":{"rendered":"<p>Caminho franciscano<\/p>\n","protected":false},"author":11,"featured_media":257292,"comment_status":"open","ping_status":"open","sticky":false,"template":"","format":"standard","meta":[],"categories":[1],"tags":[195],"acf":[],"yoast_head":"<!-- This site is optimized with the Yoast SEO plugin v19.2 - https:\/\/yoast.com\/wordpress\/plugins\/seo\/ -->\n<title>Postulantes da FIMDA participam da Semana do Postulinter - Not\u00edcias - Franciscanos<\/title>\n<meta name=\"robots\" content=\"index, follow, max-snippet:-1, max-image-preview:large, max-video-preview:-1\" \/>\n<link rel=\"canonical\" href=\"https:\/\/franciscanos.org.br\/noticias\/postulantes-da-fimda-participam-da-semana-do-postulinter.html\" \/>\n<meta property=\"og:locale\" content=\"pt_BR\" \/>\n<meta property=\"og:type\" content=\"article\" \/>\n<meta property=\"og:title\" content=\"Postulantes da FIMDA participam da Semana do Postulinter - Not\u00edcias - Franciscanos\" \/>\n<meta property=\"og:description\" content=\"Caminho franciscano\" \/>\n<meta property=\"og:url\" content=\"https:\/\/franciscanos.org.br\/noticias\/postulantes-da-fimda-participam-da-semana-do-postulinter.html\" \/>\n<meta property=\"og:site_name\" content=\"Not\u00edcias - Franciscanos\" \/>\n<meta property=\"article:published_time\" content=\"2025-05-26T19:59:49+00:00\" \/>\n<meta property=\"article:modified_time\" content=\"2025-06-24T19:43:00+00:00\" \/>\n<meta property=\"og:image\" content=\"https:\/\/franciscanos.org.br\/noticias\/wp-content\/uploads\/2025\/05\/CHAMADA-2-3.png\" \/>\n\t<meta property=\"og:image:width\" content=\"800\" \/>\n\t<meta property=\"og:image:height\" content=\"550\" \/>\n\t<meta property=\"og:image:type\" content=\"image\/png\" \/>\n<meta name=\"author\" content=\"Adriana Rabelo\" \/>\n<meta name=\"twitter:card\" content=\"summary_large_image\" \/>\n<meta name=\"twitter:label1\" content=\"Escrito por\" \/>\n\t<meta name=\"twitter:data1\" content=\"Adriana Rabelo\" \/>\n\t<meta name=\"twitter:label2\" content=\"Est. tempo de leitura\" \/>\n\t<meta name=\"twitter:data2\" content=\"3 minutos\" \/>\n<script type=\"application\/ld+json\" class=\"yoast-schema-graph\">{\"@context\":\"https:\/\/schema.org\",\"@graph\":[{\"@type\":\"WebSite\",\"@id\":\"https:\/\/franciscanos.org.br\/noticias\/#website\",\"url\":\"https:\/\/franciscanos.org.br\/noticias\/\",\"name\":\"Not\u00edcias - Franciscanos\",\"description\":\"Prov\u00edncia Franciscana da Imaculada Concei\u00e7\u00e3o do Brasil - Ordem dos Frades Menores - OFM\",\"potentialAction\":[{\"@type\":\"SearchAction\",\"target\":{\"@type\":\"EntryPoint\",\"urlTemplate\":\"https:\/\/franciscanos.org.br\/noticias\/?s={search_term_string}\"},\"query-input\":\"required name=search_term_string\"}],\"inLanguage\":\"pt-BR\"},{\"@type\":\"ImageObject\",\"inLanguage\":\"pt-BR\",\"@id\":\"https:\/\/franciscanos.org.br\/noticias\/postulantes-da-fimda-participam-da-semana-do-postulinter.html#primaryimage\",\"url\":\"https:\/\/franciscanos.org.br\/noticias\/wp-content\/uploads\/2025\/05\/CHAMADA-2-3.png\",\"contentUrl\":\"https:\/\/franciscanos.org.br\/noticias\/wp-content\/uploads\/2025\/05\/CHAMADA-2-3.png\",\"width\":800,\"height\":550},{\"@type\":\"WebPage\",\"@id\":\"https:\/\/franciscanos.org.br\/noticias\/postulantes-da-fimda-participam-da-semana-do-postulinter.html#webpage\",\"url\":\"https:\/\/franciscanos.org.br\/noticias\/postulantes-da-fimda-participam-da-semana-do-postulinter.html\",\"name\":\"Postulantes da FIMDA participam da Semana do Postulinter - Not\u00edcias - Franciscanos\",\"isPartOf\":{\"@id\":\"https:\/\/franciscanos.org.br\/noticias\/#website\"},\"primaryImageOfPage\":{\"@id\":\"https:\/\/franciscanos.org.br\/noticias\/postulantes-da-fimda-participam-da-semana-do-postulinter.html#primaryimage\"},\"datePublished\":\"2025-05-26T19:59:49+00:00\",\"dateModified\":\"2025-06-24T19:43:00+00:00\",\"author\":{\"@id\":\"https:\/\/franciscanos.org.br\/noticias\/#\/schema\/person\/d9422e83121c3ad3b0f423d195f5bb25\"},\"breadcrumb\":{\"@id\":\"https:\/\/franciscanos.org.br\/noticias\/postulantes-da-fimda-participam-da-semana-do-postulinter.html#breadcrumb\"},\"inLanguage\":\"pt-BR\",\"potentialAction\":[{\"@type\":\"ReadAction\",\"target\":[\"https:\/\/franciscanos.org.br\/noticias\/postulantes-da-fimda-participam-da-semana-do-postulinter.html\"]}]},{\"@type\":\"BreadcrumbList\",\"@id\":\"https:\/\/franciscanos.org.br\/noticias\/postulantes-da-fimda-participam-da-semana-do-postulinter.html#breadcrumb\",\"itemListElement\":[{\"@type\":\"ListItem\",\"position\":1,\"name\":\"Home\",\"item\":\"https:\/\/franciscanos.org.br\/noticias\"},{\"@type\":\"ListItem\",\"position\":2,\"name\":\"Postulantes da FIMDA participam da Semana do Postulinter\"}]},{\"@type\":\"Person\",\"@id\":\"https:\/\/franciscanos.org.br\/noticias\/#\/schema\/person\/d9422e83121c3ad3b0f423d195f5bb25\",\"name\":\"Adriana Rabelo\",\"image\":{\"@type\":\"ImageObject\",\"inLanguage\":\"pt-BR\",\"@id\":\"https:\/\/franciscanos.org.br\/noticias\/#\/schema\/person\/image\/\",\"url\":\"https:\/\/secure.gravatar.com\/avatar\/0a937b7500cd7df77540cfb8bede877d?s=96&d=mm&r=g\",\"contentUrl\":\"https:\/\/secure.gravatar.com\/avatar\/0a937b7500cd7df77540cfb8bede877d?s=96&d=mm&r=g\",\"caption\":\"Adriana Rabelo\"},\"url\":\"https:\/\/franciscanos.org.br\/noticias\/author\/adrianarabelo\"}]}<\/script>\n<!-- \/ Yoast SEO plugin. -->","yoast_head_json":{"title":"Postulantes da FIMDA participam da Semana do Postulinter - Not\u00edcias - Franciscanos","robots":{"index":"index","follow":"follow","max-snippet":"max-snippet:-1","max-image-preview":"max-image-preview:large","max-video-preview":"max-video-preview:-1"},"canonical":"https:\/\/franciscanos.org.br\/noticias\/postulantes-da-fimda-participam-da-semana-do-postulinter.html","og_locale":"pt_BR","og_type":"article","og_title":"Postulantes da FIMDA participam da Semana do Postulinter - Not\u00edcias - Franciscanos","og_description":"Caminho franciscano","og_url":"https:\/\/franciscanos.org.br\/noticias\/postulantes-da-fimda-participam-da-semana-do-postulinter.html","og_site_name":"Not\u00edcias - Franciscanos","article_published_time":"2025-05-26T19:59:49+00:00","article_modified_time":"2025-06-24T19:43:00+00:00","og_image":[{"width":800,"height":550,"url":"https:\/\/franciscanos.org.br\/noticias\/wp-content\/uploads\/2025\/05\/CHAMADA-2-3.png","type":"image\/png"}],"author":"Adriana Rabelo","twitter_card":"summary_large_image","twitter_misc":{"Escrito por":"Adriana Rabelo","Est. tempo de leitura":"3 minutos"},"schema":{"@context":"https:\/\/schema.org","@graph":[{"@type":"WebSite","@id":"https:\/\/franciscanos.org.br\/noticias\/#website","url":"https:\/\/franciscanos.org.br\/noticias\/","name":"Not\u00edcias - Franciscanos","description":"Prov\u00edncia Franciscana da Imaculada Concei\u00e7\u00e3o do Brasil - Ordem dos Frades Menores - OFM","potentialAction":[{"@type":"SearchAction","target":{"@type":"EntryPoint","urlTemplate":"https:\/\/franciscanos.org.br\/noticias\/?s={search_term_string}"},"query-input":"required name=search_term_string"}],"inLanguage":"pt-BR"},{"@type":"ImageObject","inLanguage":"pt-BR","@id":"https:\/\/franciscanos.org.br\/noticias\/postulantes-da-fimda-participam-da-semana-do-postulinter.html#primaryimage","url":"https:\/\/franciscanos.org.br\/noticias\/wp-content\/uploads\/2025\/05\/CHAMADA-2-3.png","contentUrl":"https:\/\/franciscanos.org.br\/noticias\/wp-content\/uploads\/2025\/05\/CHAMADA-2-3.png","width":800,"height":550},{"@type":"WebPage","@id":"https:\/\/franciscanos.org.br\/noticias\/postulantes-da-fimda-participam-da-semana-do-postulinter.html#webpage","url":"https:\/\/franciscanos.org.br\/noticias\/postulantes-da-fimda-participam-da-semana-do-postulinter.html","name":"Postulantes da FIMDA participam da Semana do Postulinter - Not\u00edcias - Franciscanos","isPartOf":{"@id":"https:\/\/franciscanos.org.br\/noticias\/#website"},"primaryImageOfPage":{"@id":"https:\/\/franciscanos.org.br\/noticias\/postulantes-da-fimda-participam-da-semana-do-postulinter.html#primaryimage"},"datePublished":"2025-05-26T19:59:49+00:00","dateModified":"2025-06-24T19:43:00+00:00","author":{"@id":"https:\/\/franciscanos.org.br\/noticias\/#\/schema\/person\/d9422e83121c3ad3b0f423d195f5bb25"},"breadcrumb":{"@id":"https:\/\/franciscanos.org.br\/noticias\/postulantes-da-fimda-participam-da-semana-do-postulinter.html#breadcrumb"},"inLanguage":"pt-BR","potentialAction":[{"@type":"ReadAction","target":["https:\/\/franciscanos.org.br\/noticias\/postulantes-da-fimda-participam-da-semana-do-postulinter.html"]}]},{"@type":"BreadcrumbList","@id":"https:\/\/franciscanos.org.br\/noticias\/postulantes-da-fimda-participam-da-semana-do-postulinter.html#breadcrumb","itemListElement":[{"@type":"ListItem","position":1,"name":"Home","item":"https:\/\/franciscanos.org.br\/noticias"},{"@type":"ListItem","position":2,"name":"Postulantes da FIMDA participam da Semana do Postulinter"}]},{"@type":"Person","@id":"https:\/\/franciscanos.org.br\/noticias\/#\/schema\/person\/d9422e83121c3ad3b0f423d195f5bb25","name":"Adriana Rabelo","image":{"@type":"ImageObject","inLanguage":"pt-BR","@id":"https:\/\/franciscanos.org.br\/noticias\/#\/schema\/person\/image\/","url":"https:\/\/secure.gravatar.com\/avatar\/0a937b7500cd7df77540cfb8bede877d?s=96&d=mm&r=g","contentUrl":"https:\/\/secure.gravatar.com\/avatar\/0a937b7500cd7df77540cfb8bede877d?s=96&d=mm&r=g","caption":"Adriana Rabelo"},"url":"https:\/\/franciscanos.org.br\/noticias\/author\/adrianarabelo"}]}},"_links":{"self":[{"href":"https:\/\/franciscanos.org.br\/noticias\/wp-json\/wp\/v2\/posts\/257289"}],"collection":[{"href":"https:\/\/franciscanos.org.br\/noticias\/wp-json\/wp\/v2\/posts"}],"about":[{"href":"https:\/\/franciscanos.org.br\/noticias\/wp-json\/wp\/v2\/types\/post"}],"author":[{"embeddable":true,"href":"https:\/\/franciscanos.org.br\/noticias\/wp-json\/wp\/v2\/users\/11"}],"replies":[{"embeddable":true,"href":"https:\/\/franciscanos.org.br\/noticias\/wp-json\/wp\/v2\/comments?post=257289"}],"version-history":[{"count":5,"href":"https:\/\/franciscanos.org.br\/noticias\/wp-json\/wp\/v2\/posts\/257289\/revisions"}],"predecessor-version":[{"id":258316,"href":"https:\/\/franciscanos.org.br\/noticias\/wp-json\/wp\/v2\/posts\/257289\/revisions\/258316"}],"wp:featuredmedia":[{"embeddable":true,"href":"https:\/\/franciscanos.org.br\/noticias\/wp-json\/wp\/v2\/media\/257292"}],"wp:attachment":[{"href":"https:\/\/franciscanos.org.br\/noticias\/wp-json\/wp\/v2\/media?parent=257289"}],"wp:term":[{"taxonomy":"category","embeddable":true,"href":"https:\/\/franciscanos.org.br\/noticias\/wp-json\/wp\/v2\/categories?post=257289"},{"taxonomy":"post_tag","embeddable":true,"href":"https:\/\/franciscanos.org.br\/noticias\/wp-json\/wp\/v2\/tags?post=257289"}],"curies":[{"name":"wp","href":"https:\/\/api.w.org\/{rel}","templated":true}]}}