{"id":257278,"date":"2025-05-26T16:32:41","date_gmt":"2025-05-26T19:32:41","guid":{"rendered":"https:\/\/franciscanos.org.br\/noticias\/?p=257278"},"modified":"2025-05-26T16:37:17","modified_gmt":"2025-05-26T19:37:17","slug":"reuniao-ampliada-e-assembleia-extraordinaria-passos-importantes-para-a-caminhada-da-fimda","status":"publish","type":"post","link":"https:\/\/franciscanos.org.br\/noticias\/reuniao-ampliada-e-assembleia-extraordinaria-passos-importantes-para-a-caminhada-da-fimda.html","title":{"rendered":"Reuni\u00e3o Ampliada e Assembleia Extraordin\u00e1ria: passos importantes para a caminhada da FIMDA"},"content":{"rendered":"<p><img loading=\"lazy\" class=\"aligncenter wp-image-257279 size-full\" src=\"https:\/\/franciscanos.org.br\/noticias\/wp-content\/uploads\/2025\/05\/MATERIA-22.png\" alt=\"\" width=\"1280\" height=\"720\" srcset=\"https:\/\/franciscanos.org.br\/noticias\/wp-content\/uploads\/2025\/05\/MATERIA-22.png 1280w, https:\/\/franciscanos.org.br\/noticias\/wp-content\/uploads\/2025\/05\/MATERIA-22-450x253.png 450w, https:\/\/franciscanos.org.br\/noticias\/wp-content\/uploads\/2025\/05\/MATERIA-22-1024x576.png 1024w, https:\/\/franciscanos.org.br\/noticias\/wp-content\/uploads\/2025\/05\/MATERIA-22-768x432.png 768w, https:\/\/franciscanos.org.br\/noticias\/wp-content\/uploads\/2025\/05\/MATERIA-22-150x84.png 150w\" sizes=\"(max-width: 1280px) 100vw, 1280px\" \/><\/p>\n<p>Frades da Funda\u00e7\u00e3o Imaculada M\u00e3e de Deus de Angola (FIMDA) que integram os Secretariados da Evangeliza\u00e7\u00e3o, Justi\u00e7a, Paz e Integridade da Cria\u00e7\u00e3o (JPIC) e Forma\u00e7\u00e3o Permanente e Inicial, participaram nesta segunda-feira, 26 de maio, de uma Reuni\u00e3o Ampliada para discutir o futuro formativo e de engajamento com a comunidade. A atividade come\u00e7ou \u00e0s 9h (hor\u00e1rio de Angola), na Fraternidade S\u00e3o Francisco, em Palanca.<\/p>\n<p>Nos dias 27 e 28 de maio, a programa\u00e7\u00e3o seguir\u00e1 com os trabalhos do Secretariado da Forma\u00e7\u00e3o, concentrando-se na leitura final e aprova\u00e7\u00e3o do projeto das Diretrizes para a Forma\u00e7\u00e3o. Esse documento, ap\u00f3s validado, ser\u00e1 encaminhado ao Conselho da FIMDA, que o apresentar\u00e1 ao Definidor Provincial e, posteriormente, ao Definidor Geral, para sua aprova\u00e7\u00e3o definitiva.<\/p>\n<p>No encontro voltado especialmente \u00e0 <strong>Forma\u00e7\u00e3o Permanente<\/strong> e \u00e0 <strong>Anima\u00e7\u00e3o Vocacional<\/strong>, todos os frades que comp\u00f5em a Assembleia estiveram presentes, a fim de fortalecer os trabalhos sobre essas \u00e1reas fundamentais da miss\u00e3o franciscana local.<\/p>\n\n\t\t<style type=\"text\/css\">\n\t\t\t#gallery-1 {\n\t\t\t\tmargin: auto;\n\t\t\t}\n\t\t\t#gallery-1 .gallery-item {\n\t\t\t\tfloat: left;\n\t\t\t\tmargin-top: 10px;\n\t\t\t\ttext-align: center;\n\t\t\t\twidth: 33%;\n\t\t\t}\n\t\t\t#gallery-1 img {\n\t\t\t\tborder: 2px solid #cfcfcf;\n\t\t\t}\n\t\t\t#gallery-1 .gallery-caption {\n\t\t\t\tmargin-left: 0;\n\t\t\t}\n\t\t\t\/* see gallery_shortcode() in wp-includes\/media.php *\/\n\t\t<\/style>\n\t\t<div id='gallery-1' class='gallery galleryid-257278 gallery-columns-3 gallery-size-thumbnail'><dl class='gallery-item'>\n\t\t\t<dt class='gallery-icon portrait'>\n\t\t\t\t<a href='https:\/\/franciscanos.org.br\/noticias\/wp-content\/uploads\/2025\/05\/WhatsApp-Image-2025-05-26-at-14.44.56.jpeg'><img width=\"300\" height=\"300\" src=\"https:\/\/franciscanos.org.br\/noticias\/wp-content\/uploads\/2025\/05\/WhatsApp-Image-2025-05-26-at-14.44.56-300x300.jpeg\" class=\"attachment-thumbnail size-thumbnail\" alt=\"\" loading=\"lazy\" srcset=\"https:\/\/franciscanos.org.br\/noticias\/wp-content\/uploads\/2025\/05\/WhatsApp-Image-2025-05-26-at-14.44.56-300x300.jpeg 300w, https:\/\/franciscanos.org.br\/noticias\/wp-content\/uploads\/2025\/05\/WhatsApp-Image-2025-05-26-at-14.44.56-100x100.jpeg 100w\" sizes=\"(max-width: 300px) 100vw, 300px\" \/><\/a>\n\t\t\t<\/dt><\/dl><dl class='gallery-item'>\n\t\t\t<dt class='gallery-icon portrait'>\n\t\t\t\t<a href='https:\/\/franciscanos.org.br\/noticias\/wp-content\/uploads\/2025\/05\/WhatsApp-Image-2025-05-26-at-14.44.56-2.jpeg'><img width=\"300\" height=\"300\" src=\"https:\/\/franciscanos.org.br\/noticias\/wp-content\/uploads\/2025\/05\/WhatsApp-Image-2025-05-26-at-14.44.56-2-300x300.jpeg\" class=\"attachment-thumbnail size-thumbnail\" alt=\"\" loading=\"lazy\" srcset=\"https:\/\/franciscanos.org.br\/noticias\/wp-content\/uploads\/2025\/05\/WhatsApp-Image-2025-05-26-at-14.44.56-2-300x300.jpeg 300w, https:\/\/franciscanos.org.br\/noticias\/wp-content\/uploads\/2025\/05\/WhatsApp-Image-2025-05-26-at-14.44.56-2-100x100.jpeg 100w\" sizes=\"(max-width: 300px) 100vw, 300px\" \/><\/a>\n\t\t\t<\/dt><\/dl><dl class='gallery-item'>\n\t\t\t<dt class='gallery-icon landscape'>\n\t\t\t\t<a href='https:\/\/franciscanos.org.br\/noticias\/wp-content\/uploads\/2025\/05\/WhatsApp-Image-2025-05-26-at-14.44.56-1.jpeg'><img width=\"300\" height=\"300\" src=\"https:\/\/franciscanos.org.br\/noticias\/wp-content\/uploads\/2025\/05\/WhatsApp-Image-2025-05-26-at-14.44.56-1-300x300.jpeg\" class=\"attachment-thumbnail size-thumbnail\" alt=\"\" loading=\"lazy\" srcset=\"https:\/\/franciscanos.org.br\/noticias\/wp-content\/uploads\/2025\/05\/WhatsApp-Image-2025-05-26-at-14.44.56-1-300x300.jpeg 300w, https:\/\/franciscanos.org.br\/noticias\/wp-content\/uploads\/2025\/05\/WhatsApp-Image-2025-05-26-at-14.44.56-1-100x100.jpeg 100w\" sizes=\"(max-width: 300px) 100vw, 300px\" \/><\/a>\n\t\t\t<\/dt><\/dl><br style=\"clear: both\" \/>\n\t\t<\/div>\n\n<p>Embora o foco desses dois dias seja a Forma\u00e7\u00e3o Inicial \u2014 abordando as etapas do Postulantado, Noviciado e Profiss\u00e3o Tempor\u00e1ria \u2014, todos os frades dos Secretariados da Evangeliza\u00e7\u00e3o e do JPIC estar\u00e3o presentes nas atividades, dada a import\u00e2ncia e transversalidade do encontro para toda a vida e miss\u00e3o da entidade.<\/p>\n<p>No encontro iniciado hoje, as fraternidades envolvidas na forma\u00e7\u00e3o s\u00e3o especialmente chamadas a revisar cuidadosamente os conte\u00fados, apresentar sugest\u00f5es de corre\u00e7\u00e3o e propor aperfei\u00e7oamentos, sempre atentas \u00e0 nova realidade formativa que est\u00e1 sendo constru\u00edda gradualmente.<\/p>\n<p>No que diz respeito \u00e0 <strong>Forma\u00e7\u00e3o Permanente<\/strong>, destaca-se a proposta de organiza\u00e7\u00e3o por Regionais. Esse modelo precisa ser avaliado quanto \u00e0 sua viabilidade pr\u00e1tica e, se necess\u00e1rio, deve-se sugerir outra forma de organiza\u00e7\u00e3o fraterna.<\/p>\n<p>Est\u00e3o presentes no encontro: Frei Ivair Bueno de Carvalho \u2013 Presidente da FIMDA e Moderador da Forma\u00e7\u00e3o Permanente; Frei Marco Antonio dos Santos \u2013 Delegado para a Forma\u00e7\u00e3o e Mestre dos Novi\u00e7os; Frei Andr\u00e9 dos Santos Sungo Mingas \u2013 Mestre dos Professos Tempor\u00e1rios; Frei Jefferson Max Nunes Maciel \u2013 Mestre dos Postulantes; Frei Ant\u00f3nio da Silva Manuel \u2013 Orientador dos Aspirantes; Frei Jos\u00e9 Morais Cambolo \u2013 Vice-mestre dos Professos Tempor\u00e1rios; Frei Domingos Cacanda Soma \u2013 Vice-mestre dos Professos Tempor\u00e1rios.<\/p>\n<p><strong>Prepara\u00e7\u00e3o para uma nova etapa institucional<\/strong><\/p>\n<p>Em junho, nos dias 26 e 27, ser\u00e1 realizada a <strong>Assembleia Extraordin\u00e1ria<\/strong>, que contar\u00e1 com a presen\u00e7a de Frei C\u00e9sar K\u00fclkamp, representante do Ministro geral, Frei Massimo Fusarelli. Na ocasi\u00e3o, ser\u00e1 apresentada a proposta de transi\u00e7\u00e3o da FIMDA para uma Cust\u00f3dia Dependente.<\/p>\n<p>Trata-se de um passo importante na caminhada institucional da Funda\u00e7\u00e3o, cuja prepara\u00e7\u00e3o deve culminar com a visita do Ministro geral, prevista para o m\u00eas de <strong>outubro<\/strong> deste ano.<\/p>\n<hr \/>\n<p><em>Frei Jo\u00e3o alberto Bunga<\/em><\/p>\n","protected":false},"excerpt":{"rendered":"<p>Miss\u00e3o e caminho formativo<\/p>\n","protected":false},"author":11,"featured_media":257280,"comment_status":"open","ping_status":"open","sticky":false,"template":"","format":"standard","meta":[],"categories":[1],"tags":[195],"acf":[],"yoast_head":"<!-- This site is optimized with the Yoast SEO plugin v19.2 - https:\/\/yoast.com\/wordpress\/plugins\/seo\/ -->\n<title>Reuni\u00e3o Ampliada e Assembleia Extraordin\u00e1ria: passos importantes para a caminhada da FIMDA - Not\u00edcias - Franciscanos<\/title>\n<meta name=\"robots\" content=\"index, follow, max-snippet:-1, max-image-preview:large, max-video-preview:-1\" \/>\n<link rel=\"canonical\" href=\"https:\/\/franciscanos.org.br\/noticias\/reuniao-ampliada-e-assembleia-extraordinaria-passos-importantes-para-a-caminhada-da-fimda.html\" \/>\n<meta property=\"og:locale\" content=\"pt_BR\" \/>\n<meta property=\"og:type\" content=\"article\" \/>\n<meta property=\"og:title\" content=\"Reuni\u00e3o Ampliada e Assembleia Extraordin\u00e1ria: passos importantes para a caminhada da FIMDA - Not\u00edcias - Franciscanos\" \/>\n<meta property=\"og:description\" content=\"Miss\u00e3o e caminho formativo\" \/>\n<meta property=\"og:url\" content=\"https:\/\/franciscanos.org.br\/noticias\/reuniao-ampliada-e-assembleia-extraordinaria-passos-importantes-para-a-caminhada-da-fimda.html\" \/>\n<meta property=\"og:site_name\" content=\"Not\u00edcias - Franciscanos\" \/>\n<meta property=\"article:published_time\" content=\"2025-05-26T19:32:41+00:00\" \/>\n<meta property=\"article:modified_time\" content=\"2025-05-26T19:37:17+00:00\" \/>\n<meta property=\"og:image\" content=\"https:\/\/franciscanos.org.br\/noticias\/wp-content\/uploads\/2025\/05\/CHAMADA-21.png\" \/>\n\t<meta property=\"og:image:width\" content=\"800\" \/>\n\t<meta property=\"og:image:height\" content=\"550\" \/>\n\t<meta property=\"og:image:type\" content=\"image\/png\" \/>\n<meta name=\"author\" content=\"Adriana Rabelo\" \/>\n<meta name=\"twitter:card\" content=\"summary_large_image\" \/>\n<meta name=\"twitter:label1\" content=\"Escrito por\" \/>\n\t<meta name=\"twitter:data1\" content=\"Adriana Rabelo\" \/>\n\t<meta name=\"twitter:label2\" content=\"Est. tempo de leitura\" \/>\n\t<meta name=\"twitter:data2\" content=\"2 minutos\" \/>\n<script type=\"application\/ld+json\" class=\"yoast-schema-graph\">{\"@context\":\"https:\/\/schema.org\",\"@graph\":[{\"@type\":\"WebSite\",\"@id\":\"https:\/\/franciscanos.org.br\/noticias\/#website\",\"url\":\"https:\/\/franciscanos.org.br\/noticias\/\",\"name\":\"Not\u00edcias - Franciscanos\",\"description\":\"Prov\u00edncia Franciscana da Imaculada Concei\u00e7\u00e3o do Brasil - Ordem dos Frades Menores - OFM\",\"potentialAction\":[{\"@type\":\"SearchAction\",\"target\":{\"@type\":\"EntryPoint\",\"urlTemplate\":\"https:\/\/franciscanos.org.br\/noticias\/?s={search_term_string}\"},\"query-input\":\"required name=search_term_string\"}],\"inLanguage\":\"pt-BR\"},{\"@type\":\"ImageObject\",\"inLanguage\":\"pt-BR\",\"@id\":\"https:\/\/franciscanos.org.br\/noticias\/reuniao-ampliada-e-assembleia-extraordinaria-passos-importantes-para-a-caminhada-da-fimda.html#primaryimage\",\"url\":\"https:\/\/franciscanos.org.br\/noticias\/wp-content\/uploads\/2025\/05\/CHAMADA-21.png\",\"contentUrl\":\"https:\/\/franciscanos.org.br\/noticias\/wp-content\/uploads\/2025\/05\/CHAMADA-21.png\",\"width\":800,\"height\":550},{\"@type\":\"WebPage\",\"@id\":\"https:\/\/franciscanos.org.br\/noticias\/reuniao-ampliada-e-assembleia-extraordinaria-passos-importantes-para-a-caminhada-da-fimda.html#webpage\",\"url\":\"https:\/\/franciscanos.org.br\/noticias\/reuniao-ampliada-e-assembleia-extraordinaria-passos-importantes-para-a-caminhada-da-fimda.html\",\"name\":\"Reuni\u00e3o Ampliada e Assembleia Extraordin\u00e1ria: passos importantes para a caminhada da FIMDA - Not\u00edcias - Franciscanos\",\"isPartOf\":{\"@id\":\"https:\/\/franciscanos.org.br\/noticias\/#website\"},\"primaryImageOfPage\":{\"@id\":\"https:\/\/franciscanos.org.br\/noticias\/reuniao-ampliada-e-assembleia-extraordinaria-passos-importantes-para-a-caminhada-da-fimda.html#primaryimage\"},\"datePublished\":\"2025-05-26T19:32:41+00:00\",\"dateModified\":\"2025-05-26T19:37:17+00:00\",\"author\":{\"@id\":\"https:\/\/franciscanos.org.br\/noticias\/#\/schema\/person\/d9422e83121c3ad3b0f423d195f5bb25\"},\"breadcrumb\":{\"@id\":\"https:\/\/franciscanos.org.br\/noticias\/reuniao-ampliada-e-assembleia-extraordinaria-passos-importantes-para-a-caminhada-da-fimda.html#breadcrumb\"},\"inLanguage\":\"pt-BR\",\"potentialAction\":[{\"@type\":\"ReadAction\",\"target\":[\"https:\/\/franciscanos.org.br\/noticias\/reuniao-ampliada-e-assembleia-extraordinaria-passos-importantes-para-a-caminhada-da-fimda.html\"]}]},{\"@type\":\"BreadcrumbList\",\"@id\":\"https:\/\/franciscanos.org.br\/noticias\/reuniao-ampliada-e-assembleia-extraordinaria-passos-importantes-para-a-caminhada-da-fimda.html#breadcrumb\",\"itemListElement\":[{\"@type\":\"ListItem\",\"position\":1,\"name\":\"Home\",\"item\":\"https:\/\/franciscanos.org.br\/noticias\"},{\"@type\":\"ListItem\",\"position\":2,\"name\":\"Reuni\u00e3o Ampliada e Assembleia Extraordin\u00e1ria: passos importantes para a caminhada da FIMDA\"}]},{\"@type\":\"Person\",\"@id\":\"https:\/\/franciscanos.org.br\/noticias\/#\/schema\/person\/d9422e83121c3ad3b0f423d195f5bb25\",\"name\":\"Adriana Rabelo\",\"image\":{\"@type\":\"ImageObject\",\"inLanguage\":\"pt-BR\",\"@id\":\"https:\/\/franciscanos.org.br\/noticias\/#\/schema\/person\/image\/\",\"url\":\"https:\/\/secure.gravatar.com\/avatar\/0a937b7500cd7df77540cfb8bede877d?s=96&d=mm&r=g\",\"contentUrl\":\"https:\/\/secure.gravatar.com\/avatar\/0a937b7500cd7df77540cfb8bede877d?s=96&d=mm&r=g\",\"caption\":\"Adriana Rabelo\"},\"url\":\"https:\/\/franciscanos.org.br\/noticias\/author\/adrianarabelo\"}]}<\/script>\n<!-- \/ Yoast SEO plugin. -->","yoast_head_json":{"title":"Reuni\u00e3o Ampliada e Assembleia Extraordin\u00e1ria: passos importantes para a caminhada da FIMDA - Not\u00edcias - Franciscanos","robots":{"index":"index","follow":"follow","max-snippet":"max-snippet:-1","max-image-preview":"max-image-preview:large","max-video-preview":"max-video-preview:-1"},"canonical":"https:\/\/franciscanos.org.br\/noticias\/reuniao-ampliada-e-assembleia-extraordinaria-passos-importantes-para-a-caminhada-da-fimda.html","og_locale":"pt_BR","og_type":"article","og_title":"Reuni\u00e3o Ampliada e Assembleia Extraordin\u00e1ria: passos importantes para a caminhada da FIMDA - Not\u00edcias - Franciscanos","og_description":"Miss\u00e3o e caminho formativo","og_url":"https:\/\/franciscanos.org.br\/noticias\/reuniao-ampliada-e-assembleia-extraordinaria-passos-importantes-para-a-caminhada-da-fimda.html","og_site_name":"Not\u00edcias - Franciscanos","article_published_time":"2025-05-26T19:32:41+00:00","article_modified_time":"2025-05-26T19:37:17+00:00","og_image":[{"width":800,"height":550,"url":"https:\/\/franciscanos.org.br\/noticias\/wp-content\/uploads\/2025\/05\/CHAMADA-21.png","type":"image\/png"}],"author":"Adriana Rabelo","twitter_card":"summary_large_image","twitter_misc":{"Escrito por":"Adriana Rabelo","Est. tempo de leitura":"2 minutos"},"schema":{"@context":"https:\/\/schema.org","@graph":[{"@type":"WebSite","@id":"https:\/\/franciscanos.org.br\/noticias\/#website","url":"https:\/\/franciscanos.org.br\/noticias\/","name":"Not\u00edcias - Franciscanos","description":"Prov\u00edncia Franciscana da Imaculada Concei\u00e7\u00e3o do Brasil - Ordem dos Frades Menores - OFM","potentialAction":[{"@type":"SearchAction","target":{"@type":"EntryPoint","urlTemplate":"https:\/\/franciscanos.org.br\/noticias\/?s={search_term_string}"},"query-input":"required name=search_term_string"}],"inLanguage":"pt-BR"},{"@type":"ImageObject","inLanguage":"pt-BR","@id":"https:\/\/franciscanos.org.br\/noticias\/reuniao-ampliada-e-assembleia-extraordinaria-passos-importantes-para-a-caminhada-da-fimda.html#primaryimage","url":"https:\/\/franciscanos.org.br\/noticias\/wp-content\/uploads\/2025\/05\/CHAMADA-21.png","contentUrl":"https:\/\/franciscanos.org.br\/noticias\/wp-content\/uploads\/2025\/05\/CHAMADA-21.png","width":800,"height":550},{"@type":"WebPage","@id":"https:\/\/franciscanos.org.br\/noticias\/reuniao-ampliada-e-assembleia-extraordinaria-passos-importantes-para-a-caminhada-da-fimda.html#webpage","url":"https:\/\/franciscanos.org.br\/noticias\/reuniao-ampliada-e-assembleia-extraordinaria-passos-importantes-para-a-caminhada-da-fimda.html","name":"Reuni\u00e3o Ampliada e Assembleia Extraordin\u00e1ria: passos importantes para a caminhada da FIMDA - Not\u00edcias - Franciscanos","isPartOf":{"@id":"https:\/\/franciscanos.org.br\/noticias\/#website"},"primaryImageOfPage":{"@id":"https:\/\/franciscanos.org.br\/noticias\/reuniao-ampliada-e-assembleia-extraordinaria-passos-importantes-para-a-caminhada-da-fimda.html#primaryimage"},"datePublished":"2025-05-26T19:32:41+00:00","dateModified":"2025-05-26T19:37:17+00:00","author":{"@id":"https:\/\/franciscanos.org.br\/noticias\/#\/schema\/person\/d9422e83121c3ad3b0f423d195f5bb25"},"breadcrumb":{"@id":"https:\/\/franciscanos.org.br\/noticias\/reuniao-ampliada-e-assembleia-extraordinaria-passos-importantes-para-a-caminhada-da-fimda.html#breadcrumb"},"inLanguage":"pt-BR","potentialAction":[{"@type":"ReadAction","target":["https:\/\/franciscanos.org.br\/noticias\/reuniao-ampliada-e-assembleia-extraordinaria-passos-importantes-para-a-caminhada-da-fimda.html"]}]},{"@type":"BreadcrumbList","@id":"https:\/\/franciscanos.org.br\/noticias\/reuniao-ampliada-e-assembleia-extraordinaria-passos-importantes-para-a-caminhada-da-fimda.html#breadcrumb","itemListElement":[{"@type":"ListItem","position":1,"name":"Home","item":"https:\/\/franciscanos.org.br\/noticias"},{"@type":"ListItem","position":2,"name":"Reuni\u00e3o Ampliada e Assembleia Extraordin\u00e1ria: passos importantes para a caminhada da FIMDA"}]},{"@type":"Person","@id":"https:\/\/franciscanos.org.br\/noticias\/#\/schema\/person\/d9422e83121c3ad3b0f423d195f5bb25","name":"Adriana Rabelo","image":{"@type":"ImageObject","inLanguage":"pt-BR","@id":"https:\/\/franciscanos.org.br\/noticias\/#\/schema\/person\/image\/","url":"https:\/\/secure.gravatar.com\/avatar\/0a937b7500cd7df77540cfb8bede877d?s=96&d=mm&r=g","contentUrl":"https:\/\/secure.gravatar.com\/avatar\/0a937b7500cd7df77540cfb8bede877d?s=96&d=mm&r=g","caption":"Adriana Rabelo"},"url":"https:\/\/franciscanos.org.br\/noticias\/author\/adrianarabelo"}]}},"_links":{"self":[{"href":"https:\/\/franciscanos.org.br\/noticias\/wp-json\/wp\/v2\/posts\/257278"}],"collection":[{"href":"https:\/\/franciscanos.org.br\/noticias\/wp-json\/wp\/v2\/posts"}],"about":[{"href":"https:\/\/franciscanos.org.br\/noticias\/wp-json\/wp\/v2\/types\/post"}],"author":[{"embeddable":true,"href":"https:\/\/franciscanos.org.br\/noticias\/wp-json\/wp\/v2\/users\/11"}],"replies":[{"embeddable":true,"href":"https:\/\/franciscanos.org.br\/noticias\/wp-json\/wp\/v2\/comments?post=257278"}],"version-history":[{"count":5,"href":"https:\/\/franciscanos.org.br\/noticias\/wp-json\/wp\/v2\/posts\/257278\/revisions"}],"predecessor-version":[{"id":257288,"href":"https:\/\/franciscanos.org.br\/noticias\/wp-json\/wp\/v2\/posts\/257278\/revisions\/257288"}],"wp:featuredmedia":[{"embeddable":true,"href":"https:\/\/franciscanos.org.br\/noticias\/wp-json\/wp\/v2\/media\/257280"}],"wp:attachment":[{"href":"https:\/\/franciscanos.org.br\/noticias\/wp-json\/wp\/v2\/media?parent=257278"}],"wp:term":[{"taxonomy":"category","embeddable":true,"href":"https:\/\/franciscanos.org.br\/noticias\/wp-json\/wp\/v2\/categories?post=257278"},{"taxonomy":"post_tag","embeddable":true,"href":"https:\/\/franciscanos.org.br\/noticias\/wp-json\/wp\/v2\/tags?post=257278"}],"curies":[{"name":"wp","href":"https:\/\/api.w.org\/{rel}","templated":true}]}}