{"id":257259,"date":"2025-05-26T15:34:28","date_gmt":"2025-05-26T18:34:28","guid":{"rendered":"https:\/\/franciscanos.org.br\/noticias\/?p=257259"},"modified":"2025-05-27T08:11:04","modified_gmt":"2025-05-27T11:11:04","slug":"trilha-franciscana-celebra-os-10-anos-da-laudato-si","status":"publish","type":"post","link":"https:\/\/franciscanos.org.br\/noticias\/trilha-franciscana-celebra-os-10-anos-da-laudato-si.html","title":{"rendered":"Trilha Franciscana celebra os 10 anos da Laudato si\u2019"},"content":{"rendered":"<p><strong><img loading=\"lazy\" class=\"aligncenter wp-image-257260 size-full\" src=\"https:\/\/franciscanos.org.br\/noticias\/wp-content\/uploads\/2025\/05\/MATERIA-6-1.png\" alt=\"\" width=\"1280\" height=\"720\" srcset=\"https:\/\/franciscanos.org.br\/noticias\/wp-content\/uploads\/2025\/05\/MATERIA-6-1.png 1280w, https:\/\/franciscanos.org.br\/noticias\/wp-content\/uploads\/2025\/05\/MATERIA-6-1-450x253.png 450w, https:\/\/franciscanos.org.br\/noticias\/wp-content\/uploads\/2025\/05\/MATERIA-6-1-1024x576.png 1024w, https:\/\/franciscanos.org.br\/noticias\/wp-content\/uploads\/2025\/05\/MATERIA-6-1-768x432.png 768w, https:\/\/franciscanos.org.br\/noticias\/wp-content\/uploads\/2025\/05\/MATERIA-6-1-150x84.png 150w\" sizes=\"(max-width: 1280px) 100vw, 1280px\" \/><\/strong><\/p>\n<p><strong>Chopinzinho (PR) &#8211;<\/strong> Em um cen\u00e1rio de beleza natural exuberante, a Fazenda Entre Rios, localizada a apenas 11 quil\u00f4metros da \u00e1rea urbana de Chopinzinho, foi o espa\u00e7o de mais uma edi\u00e7\u00e3o da Trilha Franciscana. A propriedade, que se destaca pelo turismo rural, abriu suas portas para oferecer uma experi\u00eancia de conex\u00e3o com a natureza e a espiritualidade.<\/p>\n<p>Ivo J\u00fanior Kurpel, um dos propriet\u00e1rios da fazenda, ressaltou a import\u00e2ncia de proporcionar esse espa\u00e7o: \u201cA fazenda resolveu abrir esse espa\u00e7o para oportunizar o contato com a natureza e a religiosidade aqui. \u00c9 a segunda vez que a Trilha Franciscana est\u00e1 presente na fazenda para realizar um percurso em meio\u00a0 a mata de aproximadamente quatro quil\u00f4metros\u201d.<\/p>\n<p><img loading=\"lazy\" class=\"aligncenter wp-image-257262 size-full\" src=\"https:\/\/franciscanos.org.br\/noticias\/wp-content\/uploads\/2025\/05\/MATERIA3-1.png\" alt=\"\" width=\"1280\" height=\"720\" srcset=\"https:\/\/franciscanos.org.br\/noticias\/wp-content\/uploads\/2025\/05\/MATERIA3-1.png 1280w, https:\/\/franciscanos.org.br\/noticias\/wp-content\/uploads\/2025\/05\/MATERIA3-1-450x253.png 450w, https:\/\/franciscanos.org.br\/noticias\/wp-content\/uploads\/2025\/05\/MATERIA3-1-1024x576.png 1024w, https:\/\/franciscanos.org.br\/noticias\/wp-content\/uploads\/2025\/05\/MATERIA3-1-768x432.png 768w, https:\/\/franciscanos.org.br\/noticias\/wp-content\/uploads\/2025\/05\/MATERIA3-1-150x84.png 150w\" sizes=\"(max-width: 1280px) 100vw, 1280px\" \/><\/p>\n<p>A caminhada come\u00e7ou cedo. Os participantes percorreram trilhas em meio \u00e0 natureza, atravessando riachos desafiadores, enfrentando tombos e compartilhando muitas risadas. Cada passo foi um louvor \u00e0 cria\u00e7\u00e3o, cada paisagem, um c\u00e2ntico de gratid\u00e3o. No meio da manh\u00e3, uma pausa para o caf\u00e9 na Cozinha Selvagem, um dos ambientes charmosos da fazenda. Segundo os organizadores, a iniciativa busca ser um momento de itiner\u00e2ncia, conex\u00e3o, tanto com o meio ambiente quanto com a espiritualidade.<\/p>\n<p><img loading=\"lazy\" class=\"aligncenter wp-image-257263 size-full\" src=\"https:\/\/franciscanos.org.br\/noticias\/wp-content\/uploads\/2025\/05\/MATERIA-2-14.png\" alt=\"\" width=\"1280\" height=\"720\" srcset=\"https:\/\/franciscanos.org.br\/noticias\/wp-content\/uploads\/2025\/05\/MATERIA-2-14.png 1280w, https:\/\/franciscanos.org.br\/noticias\/wp-content\/uploads\/2025\/05\/MATERIA-2-14-450x253.png 450w, https:\/\/franciscanos.org.br\/noticias\/wp-content\/uploads\/2025\/05\/MATERIA-2-14-1024x576.png 1024w, https:\/\/franciscanos.org.br\/noticias\/wp-content\/uploads\/2025\/05\/MATERIA-2-14-768x432.png 768w, https:\/\/franciscanos.org.br\/noticias\/wp-content\/uploads\/2025\/05\/MATERIA-2-14-150x84.png 150w\" sizes=\"(max-width: 1280px) 100vw, 1280px\" \/><\/p>\n<p>Entre os participantes da trilha, Sandra Silvestre, em sua primeira experi\u00eancia, compartilhou suas impress\u00f5es:<\/p>\n<p>\u201cFoi uma experi\u00eancia linda, a trilha teve bastante obst\u00e1culos, mas a recompensa foi a paisagem\u201d. Ela destacou a import\u00e2ncia do contato com a natureza e a religi\u00e3o, enfatizando que \u201c\u00e9 essencial a gente ter sa\u00eddo da rotina agitada para esse momento de conex\u00e3o\u201d.<\/p>\n<p>Frei Augusto Luiz Gabriel, vig\u00e1rio paroquial da Par\u00f3quia S\u00e3o Pedro, Vice-presidente da Rede Celinauta e um dos organizadores, que acompanha os jovens na Trilha Franciscana, explicou que esta j\u00e1 \u00e9 a quarta edi\u00e7\u00e3o do evento neste ano, ocorrendo uma vez por m\u00eas desde fevereiro. \u201cTodos os meses reunimos aproximadamente de 60 a 100 pessoas e escolhemos um lugar para realizar essa experi\u00eancia em meio \u00e0 natureza\u201d, disse.<\/p>\n<p><strong>800 anos do C\u00e2ntico das Criaturas<\/strong><\/p>\n<p>A realiza\u00e7\u00e3o da trilha neste per\u00edodo \u00e9 ainda mais significativa, pois coincide com a Semana <em>Laudato Si<\/em>, que celebra o anivers\u00e1rio da enc\u00edclica do Papa Francisco sobre o cuidado com a casa comum. \u201cA trilha franciscana realizada dentro desse per\u00edodo mostra a import\u00e2ncia de cuidarmos da cria\u00e7\u00e3o, de louvarmos o nosso Deus\u201d. Frei Augusto lembrou que este ano tamb\u00e9m marca o d\u00e9cimo anivers\u00e1rio da <em>Laudato Si<\/em> e os 800 anos do C\u00e2ntico das Criaturas, de S\u00e3o Francisco de Assis.<\/p>\n<p>A trilha, com seus obst\u00e1culos como subidas \u00edngremes e riachos, \u00e9 vista como uma met\u00e1fora da vida. \u201cCada um pode fazer essa experi\u00eancia de encontrar seus limites e super\u00e1-los\u201d, pontuou o organizador. \u201cA trilha franciscana tamb\u00e9m favorece essa experi\u00eancia de cada um se encontrar diante de suas dificuldades e dar aquele g\u00e1s para poder concluir com \u00eaxito mais uma caminhada\u201d.<\/p>\n<p><img loading=\"lazy\" class=\"aligncenter wp-image-257264 size-full\" src=\"https:\/\/franciscanos.org.br\/noticias\/wp-content\/uploads\/2025\/05\/MATERIA4-1.png\" alt=\"\" width=\"1280\" height=\"720\" srcset=\"https:\/\/franciscanos.org.br\/noticias\/wp-content\/uploads\/2025\/05\/MATERIA4-1.png 1280w, https:\/\/franciscanos.org.br\/noticias\/wp-content\/uploads\/2025\/05\/MATERIA4-1-450x253.png 450w, https:\/\/franciscanos.org.br\/noticias\/wp-content\/uploads\/2025\/05\/MATERIA4-1-1024x576.png 1024w, https:\/\/franciscanos.org.br\/noticias\/wp-content\/uploads\/2025\/05\/MATERIA4-1-768x432.png 768w, https:\/\/franciscanos.org.br\/noticias\/wp-content\/uploads\/2025\/05\/MATERIA4-1-150x84.png 150w\" sizes=\"(max-width: 1280px) 100vw, 1280px\" \/>Frei Leandro Ferreira da Silva, tamb\u00e9m participou da trilha, destacando que a iniciativa \u00e9 um convite \u00e0 reflex\u00e3o sobre a cria\u00e7\u00e3o e a necessidade de repensar a rela\u00e7\u00e3o com o clima e com Deus. \u201cA caminha em meio \u00e0 natureza que \u00e9 a cria\u00e7\u00e3o de Deus, faz com que a gente reflita, pense na nossa f\u00e9, pense em como n\u00f3s podemos mudar o contexto da rela\u00e7\u00e3o com o meio ambiente, em um momento da hist\u00f3ria humana fundamental para definir nosso futuro e o futuro do planeta, para que as novas gera\u00e7\u00f5es tamb\u00e9m possam desfrutar de tudo isso\u201d, concluiu.<\/p>\n<p>Desde a segunda edi\u00e7\u00e3o da Trilha Franciscana, \u00e9 plantada uma \u00e1rvore em cada local por onde o grupo passa, como gesto concreto de cuidado com a cria\u00e7\u00e3o. Nesta edi\u00e7\u00e3o, a \u00e1rvore escolhida foi uma laranjeira, s\u00edmbolo de vida, fruto e esperan\u00e7a.<\/p>\n<p><strong>Espiritualidade conectada \u00e0 cria\u00e7\u00e3o<\/strong><\/p>\n<p>A celebra\u00e7\u00e3o da Santa Missa, \u00e0s 11h30, encerrou a Trilha Franciscana e foi presidida por Frei Augusto Luiz Gabriel. Em sua homilia, o frade destacou que a celebra\u00e7\u00e3o uniu o 6\u00ba Domingo da P\u00e1scoa com a comemora\u00e7\u00e3o dos 10 anos da Enc\u00edclica Laudato Si\u2019, do Papa Francisco. Ele lembrou que vivemos a Semana Laudato Si\u2019, tempo de convers\u00e3o ecol\u00f3gica, e afirmou que a caminhada feita pela Trilha Franciscana simbolizou a busca por uma espiritualidade conectada \u00e0 cria\u00e7\u00e3o.<\/p>\n<p>Inspirado pelas leituras do dia, Frei Augusto ressaltou a import\u00e2ncia do di\u00e1logo com a diversidade e com a pr\u00f3pria natureza, que clama por justi\u00e7a e cuidado. \u201cCada \u00e1rvore preservada, cada rio limpo, cada comunidade valorizada anuncia a presen\u00e7a de Deus\u201d, afirmou, refor\u00e7ando o chamado \u00e0 ecologia integral.<\/p>\n<p><img loading=\"lazy\" class=\"aligncenter wp-image-257265 size-full\" src=\"https:\/\/franciscanos.org.br\/noticias\/wp-content\/uploads\/2025\/05\/MATERIA-5-2.png\" alt=\"\" width=\"1280\" height=\"720\" srcset=\"https:\/\/franciscanos.org.br\/noticias\/wp-content\/uploads\/2025\/05\/MATERIA-5-2.png 1280w, https:\/\/franciscanos.org.br\/noticias\/wp-content\/uploads\/2025\/05\/MATERIA-5-2-450x253.png 450w, https:\/\/franciscanos.org.br\/noticias\/wp-content\/uploads\/2025\/05\/MATERIA-5-2-1024x576.png 1024w, https:\/\/franciscanos.org.br\/noticias\/wp-content\/uploads\/2025\/05\/MATERIA-5-2-768x432.png 768w, https:\/\/franciscanos.org.br\/noticias\/wp-content\/uploads\/2025\/05\/MATERIA-5-2-150x84.png 150w\" sizes=\"(max-width: 1280px) 100vw, 1280px\" \/><\/p>\n<p>No Evangelho, ao falar do Esp\u00edrito Santo como aquele que faz da vida humana morada de Deus, o frade convidou os fi\u00e9is a enxergar a cria\u00e7\u00e3o como mistagogia divina &#8211; um caminho de revela\u00e7\u00e3o da presen\u00e7a amorosa do Senhor. Concluiu com tr\u00eas apelos: escutar o clamor da Terra, ser templo vivo e guardi\u00e3o da cria\u00e7\u00e3o, e buscar a paz que nasce da confian\u00e7a em Deus. \u201cEssa Eucaristia s\u00f3 far\u00e1 sentido se formos sementes de mudan\u00e7a, convers\u00e3o, justi\u00e7a e paz.\u201d, concluiu.<\/p>\n<p>A Fazenda Entre Rios oferece diversas atividades para seus visitantes, incluindo trilhas, camping, mirantes para apreciar o p\u00f4r do sol e o nascer do sol, e at\u00e9 mesmo uma casa na \u00e1rvore para hospedagem. O local \u00e9 frequentemente procurado para ensaios fotogr\u00e1ficos e momentos em fam\u00edlia ou grupos, e tem se tornado um ref\u00fagio para grupos de ora\u00e7\u00e3o, que buscam a tranquilidade e a exclusividade do ambiente.<\/p>\n<hr \/>\n<p><em>Betto Rossatti, jornalista da Rede Celinauta <\/em><em>de Comunica\u00e7\u00e3o<\/em><\/p>\n<p><iframe loading=\"lazy\" title=\"YouTube video player\" src=\"https:\/\/www.youtube.com\/embed\/iM1lnDwjlzQ?si=SBTJMVl_7A5E8xwL\" width=\"100%\" height=\"480\" frameborder=\"0\" allowfullscreen=\"allowfullscreen\"><\/iframe><\/p>\n\n\t\t<style type=\"text\/css\">\n\t\t\t#gallery-1 {\n\t\t\t\tmargin: auto;\n\t\t\t}\n\t\t\t#gallery-1 .gallery-item {\n\t\t\t\tfloat: left;\n\t\t\t\tmargin-top: 10px;\n\t\t\t\ttext-align: center;\n\t\t\t\twidth: 25%;\n\t\t\t}\n\t\t\t#gallery-1 img {\n\t\t\t\tborder: 2px solid #cfcfcf;\n\t\t\t}\n\t\t\t#gallery-1 .gallery-caption {\n\t\t\t\tmargin-left: 0;\n\t\t\t}\n\t\t\t\/* see gallery_shortcode() in wp-includes\/media.php *\/\n\t\t<\/style>\n\t\t<div id='gallery-1' class='gallery galleryid-257259 gallery-columns-4 gallery-size-thumbnail'><dl class='gallery-item'>\n\t\t\t<dt class='gallery-icon landscape'>\n\t\t\t\t<a href='https:\/\/franciscanos.org.br\/noticias\/wp-content\/uploads\/2025\/05\/IMG_0199-scaled.jpg'><img width=\"300\" height=\"300\" src=\"https:\/\/franciscanos.org.br\/noticias\/wp-content\/uploads\/2025\/05\/IMG_0199-300x300.jpg\" class=\"attachment-thumbnail size-thumbnail\" alt=\"\" loading=\"lazy\" srcset=\"https:\/\/franciscanos.org.br\/noticias\/wp-content\/uploads\/2025\/05\/IMG_0199-300x300.jpg 300w, https:\/\/franciscanos.org.br\/noticias\/wp-content\/uploads\/2025\/05\/IMG_0199-100x100.jpg 100w\" sizes=\"(max-width: 300px) 100vw, 300px\" \/><\/a>\n\t\t\t<\/dt><\/dl><dl class='gallery-item'>\n\t\t\t<dt class='gallery-icon landscape'>\n\t\t\t\t<a href='https:\/\/franciscanos.org.br\/noticias\/wp-content\/uploads\/2025\/05\/IMG_0187-scaled.jpg'><img width=\"300\" height=\"300\" src=\"https:\/\/franciscanos.org.br\/noticias\/wp-content\/uploads\/2025\/05\/IMG_0187-300x300.jpg\" class=\"attachment-thumbnail size-thumbnail\" alt=\"\" loading=\"lazy\" srcset=\"https:\/\/franciscanos.org.br\/noticias\/wp-content\/uploads\/2025\/05\/IMG_0187-300x300.jpg 300w, https:\/\/franciscanos.org.br\/noticias\/wp-content\/uploads\/2025\/05\/IMG_0187-100x100.jpg 100w\" sizes=\"(max-width: 300px) 100vw, 300px\" \/><\/a>\n\t\t\t<\/dt><\/dl><dl class='gallery-item'>\n\t\t\t<dt class='gallery-icon landscape'>\n\t\t\t\t<a href='https:\/\/franciscanos.org.br\/noticias\/wp-content\/uploads\/2025\/05\/IMG_0205-scaled.jpg'><img width=\"300\" height=\"300\" src=\"https:\/\/franciscanos.org.br\/noticias\/wp-content\/uploads\/2025\/05\/IMG_0205-300x300.jpg\" class=\"attachment-thumbnail size-thumbnail\" alt=\"\" loading=\"lazy\" srcset=\"https:\/\/franciscanos.org.br\/noticias\/wp-content\/uploads\/2025\/05\/IMG_0205-300x300.jpg 300w, https:\/\/franciscanos.org.br\/noticias\/wp-content\/uploads\/2025\/05\/IMG_0205-100x100.jpg 100w\" sizes=\"(max-width: 300px) 100vw, 300px\" \/><\/a>\n\t\t\t<\/dt><\/dl><dl class='gallery-item'>\n\t\t\t<dt class='gallery-icon landscape'>\n\t\t\t\t<a href='https:\/\/franciscanos.org.br\/noticias\/wp-content\/uploads\/2025\/05\/IMG_0245-scaled.jpg'><img width=\"300\" height=\"300\" src=\"https:\/\/franciscanos.org.br\/noticias\/wp-content\/uploads\/2025\/05\/IMG_0245-300x300.jpg\" class=\"attachment-thumbnail size-thumbnail\" alt=\"\" loading=\"lazy\" srcset=\"https:\/\/franciscanos.org.br\/noticias\/wp-content\/uploads\/2025\/05\/IMG_0245-300x300.jpg 300w, https:\/\/franciscanos.org.br\/noticias\/wp-content\/uploads\/2025\/05\/IMG_0245-100x100.jpg 100w\" sizes=\"(max-width: 300px) 100vw, 300px\" \/><\/a>\n\t\t\t<\/dt><\/dl><br style=\"clear: both\" \/><dl class='gallery-item'>\n\t\t\t<dt class='gallery-icon landscape'>\n\t\t\t\t<a href='https:\/\/franciscanos.org.br\/noticias\/wp-content\/uploads\/2025\/05\/IMG_0250-scaled.jpg'><img width=\"300\" height=\"300\" src=\"https:\/\/franciscanos.org.br\/noticias\/wp-content\/uploads\/2025\/05\/IMG_0250-300x300.jpg\" class=\"attachment-thumbnail size-thumbnail\" alt=\"\" loading=\"lazy\" srcset=\"https:\/\/franciscanos.org.br\/noticias\/wp-content\/uploads\/2025\/05\/IMG_0250-300x300.jpg 300w, https:\/\/franciscanos.org.br\/noticias\/wp-content\/uploads\/2025\/05\/IMG_0250-100x100.jpg 100w\" sizes=\"(max-width: 300px) 100vw, 300px\" \/><\/a>\n\t\t\t<\/dt><\/dl><dl class='gallery-item'>\n\t\t\t<dt class='gallery-icon portrait'>\n\t\t\t\t<a href='https:\/\/franciscanos.org.br\/noticias\/wp-content\/uploads\/2025\/05\/IMG_0361-scaled.jpg'><img width=\"300\" height=\"300\" src=\"https:\/\/franciscanos.org.br\/noticias\/wp-content\/uploads\/2025\/05\/IMG_0361-300x300.jpg\" class=\"attachment-thumbnail size-thumbnail\" alt=\"\" loading=\"lazy\" srcset=\"https:\/\/franciscanos.org.br\/noticias\/wp-content\/uploads\/2025\/05\/IMG_0361-300x300.jpg 300w, https:\/\/franciscanos.org.br\/noticias\/wp-content\/uploads\/2025\/05\/IMG_0361-100x100.jpg 100w\" sizes=\"(max-width: 300px) 100vw, 300px\" \/><\/a>\n\t\t\t<\/dt><\/dl><dl class='gallery-item'>\n\t\t\t<dt class='gallery-icon portrait'>\n\t\t\t\t<a href='https:\/\/franciscanos.org.br\/noticias\/wp-content\/uploads\/2025\/05\/IMG_0402-scaled.jpg'><img width=\"300\" height=\"300\" src=\"https:\/\/franciscanos.org.br\/noticias\/wp-content\/uploads\/2025\/05\/IMG_0402-300x300.jpg\" class=\"attachment-thumbnail size-thumbnail\" alt=\"\" loading=\"lazy\" srcset=\"https:\/\/franciscanos.org.br\/noticias\/wp-content\/uploads\/2025\/05\/IMG_0402-300x300.jpg 300w, https:\/\/franciscanos.org.br\/noticias\/wp-content\/uploads\/2025\/05\/IMG_0402-100x100.jpg 100w\" sizes=\"(max-width: 300px) 100vw, 300px\" \/><\/a>\n\t\t\t<\/dt><\/dl><dl class='gallery-item'>\n\t\t\t<dt class='gallery-icon portrait'>\n\t\t\t\t<a href='https:\/\/franciscanos.org.br\/noticias\/wp-content\/uploads\/2025\/05\/IMG_0255-scaled.jpg'><img width=\"300\" height=\"300\" src=\"https:\/\/franciscanos.org.br\/noticias\/wp-content\/uploads\/2025\/05\/IMG_0255-300x300.jpg\" class=\"attachment-thumbnail size-thumbnail\" alt=\"\" loading=\"lazy\" srcset=\"https:\/\/franciscanos.org.br\/noticias\/wp-content\/uploads\/2025\/05\/IMG_0255-300x300.jpg 300w, https:\/\/franciscanos.org.br\/noticias\/wp-content\/uploads\/2025\/05\/IMG_0255-100x100.jpg 100w\" sizes=\"(max-width: 300px) 100vw, 300px\" \/><\/a>\n\t\t\t<\/dt><\/dl><br style=\"clear: both\" \/>\n\t\t<\/div>\n\n","protected":false},"excerpt":{"rendered":"<p>Vida em comunidade<\/p>\n","protected":false},"author":11,"featured_media":257261,"comment_status":"open","ping_status":"open","sticky":false,"template":"","format":"standard","meta":[],"categories":[1],"tags":[478,2138],"acf":[],"yoast_head":"<!-- This site is optimized with the Yoast SEO plugin v19.2 - https:\/\/yoast.com\/wordpress\/plugins\/seo\/ -->\n<title>Trilha Franciscana celebra os 10 anos da Laudato si\u2019 - Not\u00edcias - Franciscanos<\/title>\n<meta name=\"robots\" content=\"index, follow, max-snippet:-1, max-image-preview:large, max-video-preview:-1\" \/>\n<link rel=\"canonical\" href=\"https:\/\/franciscanos.org.br\/noticias\/trilha-franciscana-celebra-os-10-anos-da-laudato-si.html\" \/>\n<meta property=\"og:locale\" content=\"pt_BR\" \/>\n<meta property=\"og:type\" content=\"article\" \/>\n<meta property=\"og:title\" content=\"Trilha Franciscana celebra os 10 anos da Laudato si\u2019 - Not\u00edcias - Franciscanos\" \/>\n<meta property=\"og:description\" content=\"Vida em comunidade\" \/>\n<meta property=\"og:url\" content=\"https:\/\/franciscanos.org.br\/noticias\/trilha-franciscana-celebra-os-10-anos-da-laudato-si.html\" \/>\n<meta property=\"og:site_name\" content=\"Not\u00edcias - Franciscanos\" \/>\n<meta property=\"article:published_time\" content=\"2025-05-26T18:34:28+00:00\" \/>\n<meta property=\"article:modified_time\" content=\"2025-05-27T11:11:04+00:00\" \/>\n<meta property=\"og:image\" content=\"https:\/\/franciscanos.org.br\/noticias\/wp-content\/uploads\/2025\/05\/chamada-20.png\" \/>\n\t<meta property=\"og:image:width\" content=\"800\" \/>\n\t<meta property=\"og:image:height\" content=\"550\" \/>\n\t<meta property=\"og:image:type\" content=\"image\/png\" \/>\n<meta name=\"author\" content=\"Adriana Rabelo\" \/>\n<meta name=\"twitter:card\" content=\"summary_large_image\" \/>\n<meta name=\"twitter:label1\" content=\"Escrito por\" \/>\n\t<meta name=\"twitter:data1\" content=\"Adriana Rabelo\" \/>\n\t<meta name=\"twitter:label2\" content=\"Est. tempo de leitura\" \/>\n\t<meta name=\"twitter:data2\" content=\"6 minutos\" \/>\n<script type=\"application\/ld+json\" class=\"yoast-schema-graph\">{\"@context\":\"https:\/\/schema.org\",\"@graph\":[{\"@type\":\"WebSite\",\"@id\":\"https:\/\/franciscanos.org.br\/noticias\/#website\",\"url\":\"https:\/\/franciscanos.org.br\/noticias\/\",\"name\":\"Not\u00edcias - Franciscanos\",\"description\":\"Prov\u00edncia Franciscana da Imaculada Concei\u00e7\u00e3o do Brasil - Ordem dos Frades Menores - OFM\",\"potentialAction\":[{\"@type\":\"SearchAction\",\"target\":{\"@type\":\"EntryPoint\",\"urlTemplate\":\"https:\/\/franciscanos.org.br\/noticias\/?s={search_term_string}\"},\"query-input\":\"required name=search_term_string\"}],\"inLanguage\":\"pt-BR\"},{\"@type\":\"ImageObject\",\"inLanguage\":\"pt-BR\",\"@id\":\"https:\/\/franciscanos.org.br\/noticias\/trilha-franciscana-celebra-os-10-anos-da-laudato-si.html#primaryimage\",\"url\":\"https:\/\/franciscanos.org.br\/noticias\/wp-content\/uploads\/2025\/05\/chamada-20.png\",\"contentUrl\":\"https:\/\/franciscanos.org.br\/noticias\/wp-content\/uploads\/2025\/05\/chamada-20.png\",\"width\":800,\"height\":550},{\"@type\":\"WebPage\",\"@id\":\"https:\/\/franciscanos.org.br\/noticias\/trilha-franciscana-celebra-os-10-anos-da-laudato-si.html#webpage\",\"url\":\"https:\/\/franciscanos.org.br\/noticias\/trilha-franciscana-celebra-os-10-anos-da-laudato-si.html\",\"name\":\"Trilha Franciscana celebra os 10 anos da Laudato si\u2019 - Not\u00edcias - Franciscanos\",\"isPartOf\":{\"@id\":\"https:\/\/franciscanos.org.br\/noticias\/#website\"},\"primaryImageOfPage\":{\"@id\":\"https:\/\/franciscanos.org.br\/noticias\/trilha-franciscana-celebra-os-10-anos-da-laudato-si.html#primaryimage\"},\"datePublished\":\"2025-05-26T18:34:28+00:00\",\"dateModified\":\"2025-05-27T11:11:04+00:00\",\"author\":{\"@id\":\"https:\/\/franciscanos.org.br\/noticias\/#\/schema\/person\/d9422e83121c3ad3b0f423d195f5bb25\"},\"breadcrumb\":{\"@id\":\"https:\/\/franciscanos.org.br\/noticias\/trilha-franciscana-celebra-os-10-anos-da-laudato-si.html#breadcrumb\"},\"inLanguage\":\"pt-BR\",\"potentialAction\":[{\"@type\":\"ReadAction\",\"target\":[\"https:\/\/franciscanos.org.br\/noticias\/trilha-franciscana-celebra-os-10-anos-da-laudato-si.html\"]}]},{\"@type\":\"BreadcrumbList\",\"@id\":\"https:\/\/franciscanos.org.br\/noticias\/trilha-franciscana-celebra-os-10-anos-da-laudato-si.html#breadcrumb\",\"itemListElement\":[{\"@type\":\"ListItem\",\"position\":1,\"name\":\"Home\",\"item\":\"https:\/\/franciscanos.org.br\/noticias\"},{\"@type\":\"ListItem\",\"position\":2,\"name\":\"Trilha Franciscana celebra os 10 anos da Laudato si\u2019\"}]},{\"@type\":\"Person\",\"@id\":\"https:\/\/franciscanos.org.br\/noticias\/#\/schema\/person\/d9422e83121c3ad3b0f423d195f5bb25\",\"name\":\"Adriana Rabelo\",\"image\":{\"@type\":\"ImageObject\",\"inLanguage\":\"pt-BR\",\"@id\":\"https:\/\/franciscanos.org.br\/noticias\/#\/schema\/person\/image\/\",\"url\":\"https:\/\/secure.gravatar.com\/avatar\/0a937b7500cd7df77540cfb8bede877d?s=96&d=mm&r=g\",\"contentUrl\":\"https:\/\/secure.gravatar.com\/avatar\/0a937b7500cd7df77540cfb8bede877d?s=96&d=mm&r=g\",\"caption\":\"Adriana Rabelo\"},\"url\":\"https:\/\/franciscanos.org.br\/noticias\/author\/adrianarabelo\"}]}<\/script>\n<!-- \/ Yoast SEO plugin. -->","yoast_head_json":{"title":"Trilha Franciscana celebra os 10 anos da Laudato si\u2019 - Not\u00edcias - Franciscanos","robots":{"index":"index","follow":"follow","max-snippet":"max-snippet:-1","max-image-preview":"max-image-preview:large","max-video-preview":"max-video-preview:-1"},"canonical":"https:\/\/franciscanos.org.br\/noticias\/trilha-franciscana-celebra-os-10-anos-da-laudato-si.html","og_locale":"pt_BR","og_type":"article","og_title":"Trilha Franciscana celebra os 10 anos da Laudato si\u2019 - Not\u00edcias - Franciscanos","og_description":"Vida em comunidade","og_url":"https:\/\/franciscanos.org.br\/noticias\/trilha-franciscana-celebra-os-10-anos-da-laudato-si.html","og_site_name":"Not\u00edcias - Franciscanos","article_published_time":"2025-05-26T18:34:28+00:00","article_modified_time":"2025-05-27T11:11:04+00:00","og_image":[{"width":800,"height":550,"url":"https:\/\/franciscanos.org.br\/noticias\/wp-content\/uploads\/2025\/05\/chamada-20.png","type":"image\/png"}],"author":"Adriana Rabelo","twitter_card":"summary_large_image","twitter_misc":{"Escrito por":"Adriana Rabelo","Est. tempo de leitura":"6 minutos"},"schema":{"@context":"https:\/\/schema.org","@graph":[{"@type":"WebSite","@id":"https:\/\/franciscanos.org.br\/noticias\/#website","url":"https:\/\/franciscanos.org.br\/noticias\/","name":"Not\u00edcias - Franciscanos","description":"Prov\u00edncia Franciscana da Imaculada Concei\u00e7\u00e3o do Brasil - Ordem dos Frades Menores - OFM","potentialAction":[{"@type":"SearchAction","target":{"@type":"EntryPoint","urlTemplate":"https:\/\/franciscanos.org.br\/noticias\/?s={search_term_string}"},"query-input":"required name=search_term_string"}],"inLanguage":"pt-BR"},{"@type":"ImageObject","inLanguage":"pt-BR","@id":"https:\/\/franciscanos.org.br\/noticias\/trilha-franciscana-celebra-os-10-anos-da-laudato-si.html#primaryimage","url":"https:\/\/franciscanos.org.br\/noticias\/wp-content\/uploads\/2025\/05\/chamada-20.png","contentUrl":"https:\/\/franciscanos.org.br\/noticias\/wp-content\/uploads\/2025\/05\/chamada-20.png","width":800,"height":550},{"@type":"WebPage","@id":"https:\/\/franciscanos.org.br\/noticias\/trilha-franciscana-celebra-os-10-anos-da-laudato-si.html#webpage","url":"https:\/\/franciscanos.org.br\/noticias\/trilha-franciscana-celebra-os-10-anos-da-laudato-si.html","name":"Trilha Franciscana celebra os 10 anos da Laudato si\u2019 - Not\u00edcias - Franciscanos","isPartOf":{"@id":"https:\/\/franciscanos.org.br\/noticias\/#website"},"primaryImageOfPage":{"@id":"https:\/\/franciscanos.org.br\/noticias\/trilha-franciscana-celebra-os-10-anos-da-laudato-si.html#primaryimage"},"datePublished":"2025-05-26T18:34:28+00:00","dateModified":"2025-05-27T11:11:04+00:00","author":{"@id":"https:\/\/franciscanos.org.br\/noticias\/#\/schema\/person\/d9422e83121c3ad3b0f423d195f5bb25"},"breadcrumb":{"@id":"https:\/\/franciscanos.org.br\/noticias\/trilha-franciscana-celebra-os-10-anos-da-laudato-si.html#breadcrumb"},"inLanguage":"pt-BR","potentialAction":[{"@type":"ReadAction","target":["https:\/\/franciscanos.org.br\/noticias\/trilha-franciscana-celebra-os-10-anos-da-laudato-si.html"]}]},{"@type":"BreadcrumbList","@id":"https:\/\/franciscanos.org.br\/noticias\/trilha-franciscana-celebra-os-10-anos-da-laudato-si.html#breadcrumb","itemListElement":[{"@type":"ListItem","position":1,"name":"Home","item":"https:\/\/franciscanos.org.br\/noticias"},{"@type":"ListItem","position":2,"name":"Trilha Franciscana celebra os 10 anos da Laudato si\u2019"}]},{"@type":"Person","@id":"https:\/\/franciscanos.org.br\/noticias\/#\/schema\/person\/d9422e83121c3ad3b0f423d195f5bb25","name":"Adriana Rabelo","image":{"@type":"ImageObject","inLanguage":"pt-BR","@id":"https:\/\/franciscanos.org.br\/noticias\/#\/schema\/person\/image\/","url":"https:\/\/secure.gravatar.com\/avatar\/0a937b7500cd7df77540cfb8bede877d?s=96&d=mm&r=g","contentUrl":"https:\/\/secure.gravatar.com\/avatar\/0a937b7500cd7df77540cfb8bede877d?s=96&d=mm&r=g","caption":"Adriana Rabelo"},"url":"https:\/\/franciscanos.org.br\/noticias\/author\/adrianarabelo"}]}},"_links":{"self":[{"href":"https:\/\/franciscanos.org.br\/noticias\/wp-json\/wp\/v2\/posts\/257259"}],"collection":[{"href":"https:\/\/franciscanos.org.br\/noticias\/wp-json\/wp\/v2\/posts"}],"about":[{"href":"https:\/\/franciscanos.org.br\/noticias\/wp-json\/wp\/v2\/types\/post"}],"author":[{"embeddable":true,"href":"https:\/\/franciscanos.org.br\/noticias\/wp-json\/wp\/v2\/users\/11"}],"replies":[{"embeddable":true,"href":"https:\/\/franciscanos.org.br\/noticias\/wp-json\/wp\/v2\/comments?post=257259"}],"version-history":[{"count":6,"href":"https:\/\/franciscanos.org.br\/noticias\/wp-json\/wp\/v2\/posts\/257259\/revisions"}],"predecessor-version":[{"id":257302,"href":"https:\/\/franciscanos.org.br\/noticias\/wp-json\/wp\/v2\/posts\/257259\/revisions\/257302"}],"wp:featuredmedia":[{"embeddable":true,"href":"https:\/\/franciscanos.org.br\/noticias\/wp-json\/wp\/v2\/media\/257261"}],"wp:attachment":[{"href":"https:\/\/franciscanos.org.br\/noticias\/wp-json\/wp\/v2\/media?parent=257259"}],"wp:term":[{"taxonomy":"category","embeddable":true,"href":"https:\/\/franciscanos.org.br\/noticias\/wp-json\/wp\/v2\/categories?post=257259"},{"taxonomy":"post_tag","embeddable":true,"href":"https:\/\/franciscanos.org.br\/noticias\/wp-json\/wp\/v2\/tags?post=257259"}],"curies":[{"name":"wp","href":"https:\/\/api.w.org\/{rel}","templated":true}]}}