{"id":257233,"date":"2025-05-22T15:30:00","date_gmt":"2025-05-22T18:30:00","guid":{"rendered":"https:\/\/franciscanos.org.br\/noticias\/?p=257233"},"modified":"2025-05-23T07:07:34","modified_gmt":"2025-05-23T10:07:34","slug":"mulheres-na-igreja-sinal-de-comunhao-sinodalidade-e-esperanca","status":"publish","type":"post","link":"https:\/\/franciscanos.org.br\/noticias\/mulheres-na-igreja-sinal-de-comunhao-sinodalidade-e-esperanca.html","title":{"rendered":"Mulheres na Igreja: sinal de comunh\u00e3o, sinodalidade e esperan\u00e7a"},"content":{"rendered":"<div id=\"attachment_257243\" style=\"width: 1290px\" class=\"wp-caption alignnone\"><img aria-describedby=\"caption-attachment-257243\" loading=\"lazy\" class=\"wp-image-257243 size-full\" src=\"https:\/\/franciscanos.org.br\/noticias\/wp-content\/uploads\/2025\/05\/materia-21.png\" alt=\"\" width=\"1280\" height=\"720\" srcset=\"https:\/\/franciscanos.org.br\/noticias\/wp-content\/uploads\/2025\/05\/materia-21.png 1280w, https:\/\/franciscanos.org.br\/noticias\/wp-content\/uploads\/2025\/05\/materia-21-450x253.png 450w, https:\/\/franciscanos.org.br\/noticias\/wp-content\/uploads\/2025\/05\/materia-21-1024x576.png 1024w, https:\/\/franciscanos.org.br\/noticias\/wp-content\/uploads\/2025\/05\/materia-21-768x432.png 768w, https:\/\/franciscanos.org.br\/noticias\/wp-content\/uploads\/2025\/05\/materia-21-150x84.png 150w\" sizes=\"(max-width: 1280px) 100vw, 1280px\" \/><p id=\"caption-attachment-257243\" class=\"wp-caption-text\">Ir. Simona Brambilla, Ir. Tiziana Merletti e Ir. Raffaella Petrini<\/p><\/div>\n<p><strong>\u201cSe n\u00e3o entendermos o que \u00e9 uma mulher, o que \u00e9 a teologia de uma mulher, nunca entenderemos o que \u00e9 a Igreja. Um dos grandes pecados que cometemos foi &#8216;masculinizar&#8217; a Igreja.\u201d<\/strong> (Papa Francisco \u2013 Audi\u00eancia com os membros da Comiss\u00e3o Teol\u00f3gica Internacional, em 1\u00ba de julho de 2023)<\/p>\n<p data-start=\"575\" data-end=\"792\">A presen\u00e7a da mulher em fun\u00e7\u00f5es que denotam maior poder de decis\u00e3o na Igreja Cat\u00f3lica \u00e9 um tema que ainda provoca importantes debates referentes \u00e0 participa\u00e7\u00e3o feminina em espa\u00e7os ocupados exclusivamente por homens.<\/p>\n<p data-start=\"794\" data-end=\"1418\">O pontificado de Francisco provocou uma altera\u00e7\u00e3o nos rumos da Santa S\u00e9, a partir da <a href=\"https:\/\/franciscanos.org.br\/banca\/wp-content\/uploads\/2025\/05\/papa-francesco_esortazione-ap_20131124_evangelii-gaudium.pdf\">Exorta\u00e7\u00e3o Apost\u00f3lica <em data-start=\"900\" data-end=\"919\">Evangelii Gaudium<\/em><\/a>, de 2013, e depois com a <a href=\"https:\/\/franciscanos.org.br\/banca\/wp-content\/uploads\/2025\/05\/20220319-costituzione-ap-praedicate-evangelium.pdf\">Constitui\u00e7\u00e3o Apost\u00f3lica <em data-start=\"969\" data-end=\"991\">Pr\u00e6dicate Evangelium<\/em> sobre a C\u00faria Romana<\/a>, publicada em 2022, nas quais enfatizou a necessidade da amplia\u00e7\u00e3o da presen\u00e7a de leigos, leigas e mulheres consagradas nas tomadas de decis\u00e3o da Igreja. O \u00faltimo documento citado afirma que: &#8220;todo crist\u00e3o, em virtude de seu batismo, \u00e9 um disc\u00edpulo mission\u00e1rio&#8230; A reforma (da C\u00faria) deve, portanto, prever a participa\u00e7\u00e3o de homens e mulheres leigos, tamb\u00e9m em cargos de governo e de responsabilidade&#8221;.<\/p>\n<p data-start=\"1420\" data-end=\"1720\">Tanto na <em data-start=\"1429\" data-end=\"1448\">Evangelii Gaudium<\/em> quanto na <em data-start=\"1459\" data-end=\"1481\">Pr\u00e6dicate Evangelium<\/em>, entre outras quest\u00f5es, Francisco apresenta e amplia o vi\u00e9s de compartilhamento e de unidade entre os filhos e filhas de Deus dispostos a promover uma Igreja em sa\u00edda, de forma transversal, ou seja, uma Igreja que sabe ouvir e dialogar.<\/p>\n<p data-start=\"1722\" data-end=\"1987\">Neste cen\u00e1rio diverso, voltado para a reformula\u00e7\u00e3o de um ambiente menos clerical e mais democr\u00e1tico, Francisco olhou para um horizonte no qual todos pudessem sentar-se \u00e0 mesa e partilhar do p\u00e3o e do vinho, sem barreiras, mas em comunh\u00e3o, como pontes do Evangelho.<\/p>\n<p data-start=\"1989\" data-end=\"2425\">Papa Le\u00e3o XIV chega ao Vaticano demonstrando nitidamente sua vontade de dar continuidade ao legado de Francisco, assumindo a &#8220;vis\u00e3o e as reformas&#8221; do seu antecessor em v\u00e1rios aspectos, especialmente no que diz respeito \u00e0 paz e \u00e0 unidade, sinalizando o desejo de ser uma Igreja sinodal, que busca a paz e a caridade, especialmente para os que sofrem. Em um dos momentos da <a href=\"https:\/\/franciscanos.org.br\/banca\/wp-content\/uploads\/2025\/05\/V-Domingo-de-Pascoa-\u2013-Celebracao-Eucaristica-para-o-Inicio-do-Ministerio-Petrino-do-Bispo-de-Roma-Leao-XIV-18-de-maio-de-2025-_-LEAO-XIV.pdf\">primeira homilia<\/a> de seu Minist\u00e9rio Petrino, no dia 18 de maio, disse:<\/p>\n<p data-start=\"2429\" data-end=\"2601\">\u201cIrm\u00e3os e irm\u00e3s, gostaria que fosse este o nosso primeiro grande desejo: uma Igreja unida, sinal de unidade e comunh\u00e3o, que se torne fermento para um mundo reconciliado\u201d.<\/p>\n<div id=\"attachment_257238\" style=\"width: 1290px\" class=\"wp-caption alignnone\"><img aria-describedby=\"caption-attachment-257238\" loading=\"lazy\" class=\"wp-image-257238 size-full\" src=\"https:\/\/franciscanos.org.br\/noticias\/wp-content\/uploads\/2025\/05\/materia-2-13.png\" alt=\"\" width=\"1280\" height=\"720\" srcset=\"https:\/\/franciscanos.org.br\/noticias\/wp-content\/uploads\/2025\/05\/materia-2-13.png 1280w, https:\/\/franciscanos.org.br\/noticias\/wp-content\/uploads\/2025\/05\/materia-2-13-450x253.png 450w, https:\/\/franciscanos.org.br\/noticias\/wp-content\/uploads\/2025\/05\/materia-2-13-1024x576.png 1024w, https:\/\/franciscanos.org.br\/noticias\/wp-content\/uploads\/2025\/05\/materia-2-13-768x432.png 768w, https:\/\/franciscanos.org.br\/noticias\/wp-content\/uploads\/2025\/05\/materia-2-13-150x84.png 150w\" sizes=\"(max-width: 1280px) 100vw, 1280px\" \/><p id=\"caption-attachment-257238\" class=\"wp-caption-text\">Ir.Tiziana e Ir. Simona<\/p><\/div>\n<p data-start=\"2603\" data-end=\"2946\">Refor\u00e7ando tamb\u00e9m a miss\u00e3o de fortalecer a presen\u00e7a feminina na Igreja, o Vaticano comunicou, nesta quinta-feira (22\/05), a primeira nomea\u00e7\u00e3o do Papa Le\u00e3o XIV de uma mulher para a C\u00faria. Irm\u00e3 Tiziana Merletti ser\u00e1 secret\u00e1ria do Dicast\u00e9rio para os Institutos de Vida Consagrada e as Sociedades de Vida Apost\u00f3lica, que j\u00e1 \u00e9 chefiado pela Irm\u00e3 Simona Brambilla.<\/p>\n<p data-start=\"2948\" data-end=\"3184\">Este departamento do Vaticano, que cuida dos religiosos em todo o mundo, foi o primeiro a ser chefiado por uma mulher, quando Francisco nomeou a Irm\u00e3 Brambilla em janeiro deste ano, substituindo o cardeal brasileiro Jo\u00e3o Braz de Aviz.<\/p>\n<p data-start=\"3186\" data-end=\"3598\">De acordo com o site Vatican News, Irm\u00e3 Tiziana Merletti pertence \u00e0s Irm\u00e3s Franciscanas dos Pobres. Ela nasceu em 30 de setembro de 1959, em Pineto, na regi\u00e3o dos Abru\u00e7os, centro da It\u00e1lia. Em 1986, emitiu a primeira profiss\u00e3o religiosa no Instituto das Irm\u00e3s Franciscanas dos Pobres. Formou-se em Direito em 1984 e, em 1992, fez o doutorado em Direito Can\u00f4nico na Pontif\u00edcia Universidade Lateranense, em Roma.<\/p>\n<p data-start=\"3600\" data-end=\"3856\">De 2004 a 2013, foi superiora-geral do seu instituto religioso. Atualmente, \u00e9 docente na Faculdade de Direito Can\u00f4nico da Pontif\u00edcia Universidade Antonianum, em Roma, e colabora, na qualidade de canonista, com a Uni\u00e3o Internacional das Superioras Gerais.<\/p>\n<p data-start=\"3858\" data-end=\"4288\"><strong data-start=\"3858\" data-end=\"3911\">Nomea\u00e7\u00f5es de mulheres no pontificado de Francisco<\/strong><br data-start=\"3911\" data-end=\"3914\" \/>Irm\u00e3 Simona Brambilla, ex-superiora geral das Mission\u00e1rias da Consolata, foi nomeada prefeita do Dicast\u00e9rio em 6 de janeiro deste ano, do qual foi secret\u00e1ria a partir de 7 de outubro de 2023. Ela foi a segunda mulher a ocupar esse cargo na C\u00faria Romana, ap\u00f3s a nomea\u00e7\u00e3o, em 2021, da irm\u00e3 Alessandra Smerilli no Dicast\u00e9rio para o Servi\u00e7o do Desenvolvimento Humano Integral.<\/p>\n<p data-start=\"4290\" data-end=\"4792\">A religiosa consagrada traz em seu curr\u00edculo uma experi\u00eancia mission\u00e1ria em Mo\u00e7ambique, depois de se formar como enfermeira profissional e ingressar nas Irm\u00e3s Mission\u00e1rias do Instituto da Consolata, que guiou de 2011 a 2023. Em 8 de julho de 2019, o Papa nomeou sete mulheres como membros do Dicast\u00e9rio para os Institutos de Vida Consagrada e as Sociedades de Vida Apost\u00f3lica pela primeira vez. Em seguida, a irm\u00e3 Brambilla foi escolhida, primeiro como secret\u00e1ria do Dicast\u00e9rio e agora como prefeita.<\/p>\n<p data-start=\"4794\" data-end=\"5073\">Desde o in\u00edcio do magist\u00e9rio do Papa Francisco, a presen\u00e7a de mulheres aumentou significativamente. De acordo com os dados gerais referentes tanto \u00e0 Santa S\u00e9 quanto ao Estado da Cidade do Vaticano, que v\u00e3o de 2013 a 2023, a porcentagem de mulheres aumentou de 19,2% para 23,4%.<\/p>\n<p data-start=\"5075\" data-end=\"5307\">No Estado da Cidade do Vaticano, o Papa Francisco nomeou duas mulheres para cargos importantes nos dez anos de seu pontificado: em 2016, Barbara Jatta tornou-se diretora dos Museus Vaticanos, que sempre foram dirigidos por leigos.<\/p>\n<p data-start=\"5309\" data-end=\"5751\">Em 2022, a nomea\u00e7\u00e3o da Irm\u00e3 franciscana Raffaella Petrini como presidente do Governatorato \u2014 uma fun\u00e7\u00e3o normalmente atribu\u00edda a um bispo \u2014 representou um ponto not\u00e1vel de descontinuidade na administra\u00e7\u00e3o do Vaticano. Pela primeira vez, o poder executivo dentro da cidade-estado que \u00e9 o cora\u00e7\u00e3o da Igreja Cat\u00f3lica Romana estava, no lugar do Papa, nas m\u00e3os de uma pessoa n\u00e3o ordenada e, al\u00e9m disso, uma mulher. O Vaticano tem uma governadora.<\/p>\n\n\t\t<style type=\"text\/css\">\n\t\t\t#gallery-1 {\n\t\t\t\tmargin: auto;\n\t\t\t}\n\t\t\t#gallery-1 .gallery-item {\n\t\t\t\tfloat: left;\n\t\t\t\tmargin-top: 10px;\n\t\t\t\ttext-align: center;\n\t\t\t\twidth: 50%;\n\t\t\t}\n\t\t\t#gallery-1 img {\n\t\t\t\tborder: 2px solid #cfcfcf;\n\t\t\t}\n\t\t\t#gallery-1 .gallery-caption {\n\t\t\t\tmargin-left: 0;\n\t\t\t}\n\t\t\t\/* see gallery_shortcode() in wp-includes\/media.php *\/\n\t\t<\/style>\n\t\t<div id='gallery-1' class='gallery galleryid-257233 gallery-columns-2 gallery-size-thumbnail'><dl class='gallery-item'>\n\t\t\t<dt class='gallery-icon portrait'>\n\t\t\t\t<a href='https:\/\/franciscanos.org.br\/noticias\/wp-content\/uploads\/2025\/05\/Raffaella-Petrini-recortadaFSE.png'><img width=\"300\" height=\"300\" src=\"https:\/\/franciscanos.org.br\/noticias\/wp-content\/uploads\/2025\/05\/Raffaella-Petrini-recortadaFSE-300x300.png\" class=\"attachment-thumbnail size-thumbnail\" alt=\"\" loading=\"lazy\" aria-describedby=\"gallery-1-257240\" srcset=\"https:\/\/franciscanos.org.br\/noticias\/wp-content\/uploads\/2025\/05\/Raffaella-Petrini-recortadaFSE-300x300.png 300w, https:\/\/franciscanos.org.br\/noticias\/wp-content\/uploads\/2025\/05\/Raffaella-Petrini-recortadaFSE-100x100.png 100w\" sizes=\"(max-width: 300px) 100vw, 300px\" \/><\/a>\n\t\t\t<\/dt>\n\t\t\t\t<dd class='wp-caption-text gallery-caption' id='gallery-1-257240'>\n\t\t\t\tIr. Raffaella Petrini\n\t\t\t\t<\/dd><\/dl><dl class='gallery-item'>\n\t\t\t<dt class='gallery-icon landscape'>\n\t\t\t\t<a href='https:\/\/franciscanos.org.br\/noticias\/wp-content\/uploads\/2025\/05\/Irma-Carmem.1280.1280.jpeg'><img width=\"300\" height=\"300\" src=\"https:\/\/franciscanos.org.br\/noticias\/wp-content\/uploads\/2025\/05\/Irma-Carmem.1280.1280-300x300.jpeg\" class=\"attachment-thumbnail size-thumbnail\" alt=\"\" loading=\"lazy\" aria-describedby=\"gallery-1-257241\" srcset=\"https:\/\/franciscanos.org.br\/noticias\/wp-content\/uploads\/2025\/05\/Irma-Carmem.1280.1280-300x300.jpeg 300w, https:\/\/franciscanos.org.br\/noticias\/wp-content\/uploads\/2025\/05\/Irma-Carmem.1280.1280-450x450.jpeg 450w, https:\/\/franciscanos.org.br\/noticias\/wp-content\/uploads\/2025\/05\/Irma-Carmem.1280.1280-1024x1024.jpeg 1024w, https:\/\/franciscanos.org.br\/noticias\/wp-content\/uploads\/2025\/05\/Irma-Carmem.1280.1280-768x768.jpeg 768w, https:\/\/franciscanos.org.br\/noticias\/wp-content\/uploads\/2025\/05\/Irma-Carmem.1280.1280-150x150.jpeg 150w, https:\/\/franciscanos.org.br\/noticias\/wp-content\/uploads\/2025\/05\/Irma-Carmem.1280.1280-100x100.jpeg 100w, https:\/\/franciscanos.org.br\/noticias\/wp-content\/uploads\/2025\/05\/Irma-Carmem.1280.1280.jpeg 1080w\" sizes=\"(max-width: 300px) 100vw, 300px\" \/><\/a>\n\t\t\t<\/dt>\n\t\t\t\t<dd class='wp-caption-text gallery-caption' id='gallery-1-257241'>\n\t\t\t\tIr. Carmen Ros Nortes\n\t\t\t\t<\/dd><\/dl><br style=\"clear: both\" \/>\n\t\t<\/div>\n\n<p data-start=\"5753\" data-end=\"6216\">E mais: em aplica\u00e7\u00e3o da Lei Fundamental do Estado da Cidade do Vaticano, Petrini tamb\u00e9m se tornou presidente da Comiss\u00e3o Pontif\u00edcia que, composta por cardeais, tem fun\u00e7\u00f5es legislativas. \u00c9 o \u00f3rg\u00e3o que tem a tarefa de aprovar as leis e outras disposi\u00e7\u00f5es normativas, al\u00e9m de deliberar anualmente o or\u00e7amento e o plano financeiro trienal. A Lei Fundamental estabelecia que o cargo de presidente deveria ser ocupado por um cardeal, e Francisco mudou essa realidade.<\/p>\n<p data-start=\"6218\" data-end=\"6913\">H\u00e1 v\u00e1rias subsecret\u00e1rias, como Gabriella Gambino e Lina Ghisoni no Dicast\u00e9rio para os Leigos, a Fam\u00edlia e a Vida; enquanto no Dicast\u00e9rio para os Institutos de Vida Consagrada e as Sociedades de Vida Apost\u00f3lica, a Irm\u00e3 Carmen Ros Nortes, das Irm\u00e3s de Nossa Senhora da Consola\u00e7\u00e3o, \u00e9 subsecret\u00e1ria. Emilce Cuda \u00e9 secret\u00e1ria da Pontif\u00edcia Comiss\u00e3o para a Am\u00e9rica Latina; Nata\u0161a Govekar conduz a dire\u00e7\u00e3o teol\u00f3gico-pastoral do Dicast\u00e9rio para a Comunica\u00e7\u00e3o; Cristiane Murray \u00e9 vice-diretora da Sala de Imprensa da Santa S\u00e9; e Charlotte Kreuter-Kirchof \u00e9 vice-coordenadora do Conselho para a Economia. A Secretaria Geral do S\u00ednodo tamb\u00e9m tem uma subsecret\u00e1ria: a religiosa francesa Nathalie Becquart.<\/p>\n<p data-start=\"6915\" data-end=\"7099\"><strong data-start=\"6915\" data-end=\"6952\">Posicionamentos de f\u00e9 e esperan\u00e7a<\/strong><br data-start=\"6952\" data-end=\"6955\" \/>Para Irm\u00e3 Solange Novaes, franciscana mission\u00e1ria do Cora\u00e7\u00e3o Imaculado de Maria e professora da Pontif\u00edcia Universidade Cat\u00f3lica de S\u00e3o Paulo:<\/p>\n<div id=\"attachment_257235\" style=\"width: 460px\" class=\"wp-caption alignright\"><img aria-describedby=\"caption-attachment-257235\" loading=\"lazy\" class=\"wp-image-257235 size-medium\" src=\"https:\/\/franciscanos.org.br\/noticias\/wp-content\/uploads\/2025\/05\/Irma-solange-450x450.jpg\" alt=\"\" width=\"450\" height=\"450\" srcset=\"https:\/\/franciscanos.org.br\/noticias\/wp-content\/uploads\/2025\/05\/Irma-solange-450x450.jpg 450w, https:\/\/franciscanos.org.br\/noticias\/wp-content\/uploads\/2025\/05\/Irma-solange-300x300.jpg 300w, https:\/\/franciscanos.org.br\/noticias\/wp-content\/uploads\/2025\/05\/Irma-solange-150x150.jpg 150w, https:\/\/franciscanos.org.br\/noticias\/wp-content\/uploads\/2025\/05\/Irma-solange-100x100.jpg 100w, https:\/\/franciscanos.org.br\/noticias\/wp-content\/uploads\/2025\/05\/Irma-solange.jpg 576w\" sizes=\"(max-width: 450px) 100vw, 450px\" \/><p id=\"caption-attachment-257235\" class=\"wp-caption-text\">Ir. Solange<\/p><\/div>\n<p data-start=\"7103\" data-end=\"8079\">\u201cA presen\u00e7a da mulher na Igreja Cat\u00f3lica tem se fortalecido significativamente nos \u00faltimos anos, especialmente sob o pontificado do Papa Francisco. Ele nomeou mulheres para posi\u00e7\u00f5es in\u00e9ditas, como a Irm\u00e3 Simona Brambilla, que se tornou prefeita do Dicast\u00e9rio para os Institutos de Vida Consagrada e as Sociedades de Vida Apost\u00f3lica. A ocupa\u00e7\u00e3o de cargos de maior autoridade por mulheres reflete um esfor\u00e7o cont\u00ednuo para reconhecer seu papel na administra\u00e7\u00e3o e na vida da Igreja. Tamb\u00e9m nesse contexto, o olhar feminino \u00e9 fundamental para criar harmonia, pois traz sensibilidade, cuidado e uma vis\u00e3o integradora, como j\u00e1 afirmou o Papa Francisco. As mulheres desempenham um papel essencial na constru\u00e7\u00e3o de uma Igreja mais justa, acolhedora e materna. O nosso querido Papa S\u00e3o Jo\u00e3o XXIII declarou que a Igreja \u00e9 M\u00e3e; por isso, os dons da voca\u00e7\u00e3o materna, t\u00e3o necess\u00e1rios para a humanidade hoje, se expressam por mulheres que tamb\u00e9m exer\u00e7am o servi\u00e7o da autoridade na Igreja.\u201d<\/p>\n<p data-start=\"8081\" data-end=\"8183\">Para ela, o an\u00fancio do Papa Le\u00e3o XIV foi recebido com muita alegria, esperan\u00e7a e sinal de renova\u00e7\u00e3o:<\/p>\n<p data-start=\"8187\" data-end=\"8722\">\u201cHoje recebemos com alegria a not\u00edcia de que o Papa Le\u00e3o XIV nomeou a irm\u00e3 Tiziana Merletti como secret\u00e1ria do mesmo Dicast\u00e9rio. Essa nomea\u00e7\u00e3o reafirma a continuidade da tend\u00eancia promovida pelo novo pont\u00edfice, que reconhece o papel fundamental das mulheres e da Vida Religiosa Consagrada feminina em todos os \u00e2mbitos da Igreja. [&#8230;] Como franciscana, vejo essas mudan\u00e7as como reflexos da atualidade do esp\u00edrito de S\u00e3o Francisco, que sempre valorizou a dignidade e o papel das mulheres na vida e na f\u00e9, seguindo o exemplo de Jesus.\u201d<\/p>\n<p data-start=\"8724\" data-end=\"9030\">Irm\u00e3 In\u00eas da Costa Camargo, da Congrega\u00e7\u00e3o das Irm\u00e3s Franciscanas da Terceira Ordem Ser\u00e1fica e coordenadora da Confer\u00eancia dos Religiosos do Brasil \u2013 CRB Regional S\u00e3o Paulo, acredita que o an\u00fancio de mais uma mulher na C\u00faria \u00e9 motivo para mais reflex\u00f5es sobre o gesto corajoso e determinado de Francisco.<\/p>\n<div id=\"attachment_257234\" style=\"width: 263px\" class=\"wp-caption alignright\"><img aria-describedby=\"caption-attachment-257234\" loading=\"lazy\" class=\"wp-image-257234 size-medium\" src=\"https:\/\/franciscanos.org.br\/noticias\/wp-content\/uploads\/2025\/05\/IRMA-INES-253x450.jpg\" alt=\"\" width=\"253\" height=\"450\" srcset=\"https:\/\/franciscanos.org.br\/noticias\/wp-content\/uploads\/2025\/05\/IRMA-INES-253x450.jpg 253w, https:\/\/franciscanos.org.br\/noticias\/wp-content\/uploads\/2025\/05\/IRMA-INES-576x1024.jpg 576w, https:\/\/franciscanos.org.br\/noticias\/wp-content\/uploads\/2025\/05\/IRMA-INES-768x1366.jpg 768w, https:\/\/franciscanos.org.br\/noticias\/wp-content\/uploads\/2025\/05\/IRMA-INES-864x1536.jpg 864w, https:\/\/franciscanos.org.br\/noticias\/wp-content\/uploads\/2025\/05\/IRMA-INES-150x267.jpg 150w, https:\/\/franciscanos.org.br\/noticias\/wp-content\/uploads\/2025\/05\/IRMA-INES.jpg 607w\" sizes=\"(max-width: 253px) 100vw, 253px\" \/><p id=\"caption-attachment-257234\" class=\"wp-caption-text\">Ir. In\u00eas<\/p><\/div>\n<p data-start=\"9034\" data-end=\"9483\">\u201cNosso saudoso Papa Francisco reconheceu que a presen\u00e7a feminina na Igreja Cat\u00f3lica \u00e9 essencial, pois a nossa Igreja nasceu com a presen\u00e7a feminina, isso encontramos em Atos dos Ap\u00f3stolos (1,14), passagem b\u00edblica que descreve a presen\u00e7a de Nossa Senhora no Cen\u00e1culo, juntamente com os ap\u00f3stolos e outras mulheres. [&#8230;] Podemos dizer sem medo que faz parte da constitui\u00e7\u00e3o feminina a luta di\u00e1ria, a garra de levar avante os diversos compromissos.\u201d<\/p>\n<p data-start=\"9485\" data-end=\"9532\">Sobre o an\u00fancio do Papa Le\u00e3o XIV, ela afirmou:<\/p>\n<p data-start=\"9536\" data-end=\"9934\">\u201cSe acreditamos que isso foi uma a\u00e7\u00e3o de Deus atrav\u00e9s do seu Esp\u00edrito, acreditamos tamb\u00e9m que as suas decis\u00f5es s\u00e3o movidas pelo mesmo Esp\u00edrito. Os cardeais elegeram um papa que deseja dar continuidade \u00e0 miss\u00e3o de Jesus, que n\u00e3o excluiu ningu\u00e9m e teve uma particular aten\u00e7\u00e3o com as mulheres [&#8230;] Portanto, Jesus acreditou e acredita na for\u00e7a da mulher e por isso as chamou para caminhar com Ele.\u201d<\/p>\n<p data-start=\"9936\" data-end=\"10068\">Segundo Irm\u00e3 In\u00eas, o Papa Le\u00e3o XIV tem demonstrado, com seu jeito humilde, simples e fraterno, que trilhar\u00e1 pelos mesmos caminhos:<\/p>\n<p data-start=\"10072\" data-end=\"10547\">\u201cA Vida Religiosa e Apost\u00f3lica teve um grande ganho com as nomea\u00e7\u00f5es de Irm\u00e3 Simona, em janeiro passado, para assumir o cargo como prefeita do Dicast\u00e9rio para a VRC, e agora a nomea\u00e7\u00e3o de Irm\u00e3 Tiziana, mais uma consagrada para ocupar o secretariado deste mesmo dicast\u00e9rio. Que elas sejam ungidas pela for\u00e7a e presen\u00e7a do Esp\u00edrito Santo e, com Maria, estejam atentas \u00e0s necessidades da Igreja, como a M\u00e3e de Jesus esteve em vigilante e fraterna aten\u00e7\u00e3o em Can\u00e1 da Galileia.\u201d<\/p>\n<p data-start=\"10549\" data-end=\"10896\">Frei Fid\u00eancio Vanboemmel, assistente religioso da Federa\u00e7\u00e3o das Irm\u00e3s Clarissas do Brasil, acredita que o gesto do Papa Le\u00e3o XIV de nomear uma religiosa da congrega\u00e7\u00e3o das Irm\u00e3s Franciscanas dos Pobres para a C\u00faria \u00e9 uma manifesta\u00e7\u00e3o concreta que demonstra a abertura ao espa\u00e7o que as mulheres ocupam dentro da Igreja, tamb\u00e9m na sua organiza\u00e7\u00e3o interna.<\/p>\n<div id=\"attachment_257242\" style=\"width: 460px\" class=\"wp-caption alignright\"><img aria-describedby=\"caption-attachment-257242\" loading=\"lazy\" class=\"wp-image-257242 size-medium\" src=\"https:\/\/franciscanos.org.br\/noticias\/wp-content\/uploads\/2025\/05\/maria-450x253.jpeg\" alt=\"\" width=\"450\" height=\"253\" srcset=\"https:\/\/franciscanos.org.br\/noticias\/wp-content\/uploads\/2025\/05\/maria-450x253.jpeg 450w, https:\/\/franciscanos.org.br\/noticias\/wp-content\/uploads\/2025\/05\/maria-150x84.jpeg 150w, https:\/\/franciscanos.org.br\/noticias\/wp-content\/uploads\/2025\/05\/maria.jpeg 750w\" sizes=\"(max-width: 450px) 100vw, 450px\" \/><p id=\"caption-attachment-257242\" class=\"wp-caption-text\">Mar\u00eda L\u00eda Zervino<\/p><\/div>\n<p data-start=\"10900\" data-end=\"11313\">\u201cPor se tratar de um Dicast\u00e9rio que \u2018promove, anima e regula\u2019 toda a Vida Consagrada e Sociedades de Vida Apost\u00f3lica na Igreja, nada mais justo e compreens\u00edvel que este Dicast\u00e9rio tenha essa presen\u00e7a de mulheres consagradas e capacitadas para este minist\u00e9rio e, certamente, muito bem qualificadas para compreender o grande n\u00famero de mulheres consagradas que vivem a vida contemplativa e ativa no mundo de hoje.\u201d<\/p>\n<p data-start=\"11315\" data-end=\"11700\">Em 2021, Mar\u00eda L\u00eda Zervino, presidente da Uni\u00e3o Mundial das Organiza\u00e7\u00f5es de Mulheres Cat\u00f3licas \u2014 nomeada membro do Dicast\u00e9rio para os Bispos pelo Papa Francisco em 2022 \u2014 escreveu uma carta aberta na ocasi\u00e3o do oitavo ano de pontificado de Francisco, na qual evidenciava o desejo da participa\u00e7\u00e3o das mulheres na Santa S\u00e9 por uma quest\u00e3o de compromisso e fidelidade a Deus e \u00e0 Igreja:<\/p>\n<p>\u201cEssa mensagem n\u00e3o pretende ser uma reivindica\u00e7\u00e3o. N\u00e3o se trata de ocupar cargos para sermos \u201cvasos decorativos\u201d, como ornamento ou porque est\u00e1 na moda nomear mulheres, tampouco de alcan\u00e7ar posi\u00e7\u00f5es para \u201csubir\u201d ao poder. N\u00e3o. Trata-se de servir \u00e0 Igreja com os dons que o Pai Criador nos concedeu: uma intelig\u00eancia e sensibilidade peculiares, uma afetividade e capacidade especial de gerar e formar pessoas, e uma aptid\u00e3o particular para criar bens relacionais. Que o desejo que o senhor expressou \u2014 de que as mulheres participem das equipes de decis\u00e3o ao lado dos homens \u2014 deixe de ser visto como utopia e passe a ser algo normal na Igreja\u201d.<\/p>\n<p data-start=\"11945\" data-end=\"12089\">Que o Papa Le\u00e3o XIV continue sua miss\u00e3o de servir e guiar a Igreja, inspirado por Francisco e pelo compromisso que assumiu junto ao povo de Deus. Que ele siga reconhecendo na presen\u00e7a feminina\u00a0 um sinal de mudan\u00e7a e amadurecimento de uma Igreja sinodal.<\/p>\n<hr \/>\n<p data-start=\"11945\" data-end=\"12089\"><em>Adriana Rabelo Rodrigues<\/em><\/p>\n<p data-start=\"11945\" data-end=\"12089\">Fonte: Vatican News<\/p>\n","protected":false},"excerpt":{"rendered":"<p>Presen\u00e7a feminina na Igreja<\/p>\n","protected":false},"author":11,"featured_media":257239,"comment_status":"open","ping_status":"open","sticky":false,"template":"","format":"standard","meta":[],"categories":[1],"tags":[2352,55,2343],"acf":[],"yoast_head":"<!-- This site is optimized with the Yoast SEO plugin v19.2 - https:\/\/yoast.com\/wordpress\/plugins\/seo\/ -->\n<title>Mulheres na Igreja: sinal de comunh\u00e3o, sinodalidade e esperan\u00e7a - Not\u00edcias - Franciscanos<\/title>\n<meta name=\"robots\" content=\"index, follow, max-snippet:-1, max-image-preview:large, max-video-preview:-1\" \/>\n<link rel=\"canonical\" href=\"https:\/\/franciscanos.org.br\/noticias\/mulheres-na-igreja-sinal-de-comunhao-sinodalidade-e-esperanca.html\" \/>\n<meta property=\"og:locale\" content=\"pt_BR\" \/>\n<meta property=\"og:type\" content=\"article\" \/>\n<meta property=\"og:title\" content=\"Mulheres na Igreja: sinal de comunh\u00e3o, sinodalidade e esperan\u00e7a - Not\u00edcias - Franciscanos\" \/>\n<meta property=\"og:description\" content=\"Presen\u00e7a feminina na Igreja\" \/>\n<meta property=\"og:url\" content=\"https:\/\/franciscanos.org.br\/noticias\/mulheres-na-igreja-sinal-de-comunhao-sinodalidade-e-esperanca.html\" \/>\n<meta property=\"og:site_name\" content=\"Not\u00edcias - Franciscanos\" \/>\n<meta property=\"article:published_time\" content=\"2025-05-22T18:30:00+00:00\" \/>\n<meta property=\"article:modified_time\" content=\"2025-05-23T10:07:34+00:00\" \/>\n<meta property=\"og:image\" content=\"https:\/\/franciscanos.org.br\/noticias\/wp-content\/uploads\/2025\/05\/chamada-19.png\" \/>\n\t<meta property=\"og:image:width\" content=\"800\" \/>\n\t<meta property=\"og:image:height\" content=\"550\" \/>\n\t<meta property=\"og:image:type\" content=\"image\/png\" \/>\n<meta name=\"author\" content=\"Adriana Rabelo\" \/>\n<meta name=\"twitter:card\" content=\"summary_large_image\" \/>\n<meta name=\"twitter:label1\" content=\"Escrito por\" \/>\n\t<meta name=\"twitter:data1\" content=\"Adriana Rabelo\" \/>\n\t<meta name=\"twitter:label2\" content=\"Est. tempo de leitura\" \/>\n\t<meta name=\"twitter:data2\" content=\"11 minutos\" \/>\n<script type=\"application\/ld+json\" class=\"yoast-schema-graph\">{\"@context\":\"https:\/\/schema.org\",\"@graph\":[{\"@type\":\"WebSite\",\"@id\":\"https:\/\/franciscanos.org.br\/noticias\/#website\",\"url\":\"https:\/\/franciscanos.org.br\/noticias\/\",\"name\":\"Not\u00edcias - Franciscanos\",\"description\":\"Prov\u00edncia Franciscana da Imaculada Concei\u00e7\u00e3o do Brasil - Ordem dos Frades Menores - OFM\",\"potentialAction\":[{\"@type\":\"SearchAction\",\"target\":{\"@type\":\"EntryPoint\",\"urlTemplate\":\"https:\/\/franciscanos.org.br\/noticias\/?s={search_term_string}\"},\"query-input\":\"required name=search_term_string\"}],\"inLanguage\":\"pt-BR\"},{\"@type\":\"ImageObject\",\"inLanguage\":\"pt-BR\",\"@id\":\"https:\/\/franciscanos.org.br\/noticias\/mulheres-na-igreja-sinal-de-comunhao-sinodalidade-e-esperanca.html#primaryimage\",\"url\":\"https:\/\/franciscanos.org.br\/noticias\/wp-content\/uploads\/2025\/05\/chamada-19.png\",\"contentUrl\":\"https:\/\/franciscanos.org.br\/noticias\/wp-content\/uploads\/2025\/05\/chamada-19.png\",\"width\":800,\"height\":550},{\"@type\":\"WebPage\",\"@id\":\"https:\/\/franciscanos.org.br\/noticias\/mulheres-na-igreja-sinal-de-comunhao-sinodalidade-e-esperanca.html#webpage\",\"url\":\"https:\/\/franciscanos.org.br\/noticias\/mulheres-na-igreja-sinal-de-comunhao-sinodalidade-e-esperanca.html\",\"name\":\"Mulheres na Igreja: sinal de comunh\u00e3o, sinodalidade e esperan\u00e7a - Not\u00edcias - Franciscanos\",\"isPartOf\":{\"@id\":\"https:\/\/franciscanos.org.br\/noticias\/#website\"},\"primaryImageOfPage\":{\"@id\":\"https:\/\/franciscanos.org.br\/noticias\/mulheres-na-igreja-sinal-de-comunhao-sinodalidade-e-esperanca.html#primaryimage\"},\"datePublished\":\"2025-05-22T18:30:00+00:00\",\"dateModified\":\"2025-05-23T10:07:34+00:00\",\"author\":{\"@id\":\"https:\/\/franciscanos.org.br\/noticias\/#\/schema\/person\/d9422e83121c3ad3b0f423d195f5bb25\"},\"breadcrumb\":{\"@id\":\"https:\/\/franciscanos.org.br\/noticias\/mulheres-na-igreja-sinal-de-comunhao-sinodalidade-e-esperanca.html#breadcrumb\"},\"inLanguage\":\"pt-BR\",\"potentialAction\":[{\"@type\":\"ReadAction\",\"target\":[\"https:\/\/franciscanos.org.br\/noticias\/mulheres-na-igreja-sinal-de-comunhao-sinodalidade-e-esperanca.html\"]}]},{\"@type\":\"BreadcrumbList\",\"@id\":\"https:\/\/franciscanos.org.br\/noticias\/mulheres-na-igreja-sinal-de-comunhao-sinodalidade-e-esperanca.html#breadcrumb\",\"itemListElement\":[{\"@type\":\"ListItem\",\"position\":1,\"name\":\"Home\",\"item\":\"https:\/\/franciscanos.org.br\/noticias\"},{\"@type\":\"ListItem\",\"position\":2,\"name\":\"Mulheres na Igreja: sinal de comunh\u00e3o, sinodalidade e esperan\u00e7a\"}]},{\"@type\":\"Person\",\"@id\":\"https:\/\/franciscanos.org.br\/noticias\/#\/schema\/person\/d9422e83121c3ad3b0f423d195f5bb25\",\"name\":\"Adriana Rabelo\",\"image\":{\"@type\":\"ImageObject\",\"inLanguage\":\"pt-BR\",\"@id\":\"https:\/\/franciscanos.org.br\/noticias\/#\/schema\/person\/image\/\",\"url\":\"https:\/\/secure.gravatar.com\/avatar\/0a937b7500cd7df77540cfb8bede877d?s=96&d=mm&r=g\",\"contentUrl\":\"https:\/\/secure.gravatar.com\/avatar\/0a937b7500cd7df77540cfb8bede877d?s=96&d=mm&r=g\",\"caption\":\"Adriana Rabelo\"},\"url\":\"https:\/\/franciscanos.org.br\/noticias\/author\/adrianarabelo\"}]}<\/script>\n<!-- \/ Yoast SEO plugin. -->","yoast_head_json":{"title":"Mulheres na Igreja: sinal de comunh\u00e3o, sinodalidade e esperan\u00e7a - Not\u00edcias - Franciscanos","robots":{"index":"index","follow":"follow","max-snippet":"max-snippet:-1","max-image-preview":"max-image-preview:large","max-video-preview":"max-video-preview:-1"},"canonical":"https:\/\/franciscanos.org.br\/noticias\/mulheres-na-igreja-sinal-de-comunhao-sinodalidade-e-esperanca.html","og_locale":"pt_BR","og_type":"article","og_title":"Mulheres na Igreja: sinal de comunh\u00e3o, sinodalidade e esperan\u00e7a - Not\u00edcias - Franciscanos","og_description":"Presen\u00e7a feminina na Igreja","og_url":"https:\/\/franciscanos.org.br\/noticias\/mulheres-na-igreja-sinal-de-comunhao-sinodalidade-e-esperanca.html","og_site_name":"Not\u00edcias - Franciscanos","article_published_time":"2025-05-22T18:30:00+00:00","article_modified_time":"2025-05-23T10:07:34+00:00","og_image":[{"width":800,"height":550,"url":"https:\/\/franciscanos.org.br\/noticias\/wp-content\/uploads\/2025\/05\/chamada-19.png","type":"image\/png"}],"author":"Adriana Rabelo","twitter_card":"summary_large_image","twitter_misc":{"Escrito por":"Adriana Rabelo","Est. tempo de leitura":"11 minutos"},"schema":{"@context":"https:\/\/schema.org","@graph":[{"@type":"WebSite","@id":"https:\/\/franciscanos.org.br\/noticias\/#website","url":"https:\/\/franciscanos.org.br\/noticias\/","name":"Not\u00edcias - Franciscanos","description":"Prov\u00edncia Franciscana da Imaculada Concei\u00e7\u00e3o do Brasil - Ordem dos Frades Menores - OFM","potentialAction":[{"@type":"SearchAction","target":{"@type":"EntryPoint","urlTemplate":"https:\/\/franciscanos.org.br\/noticias\/?s={search_term_string}"},"query-input":"required name=search_term_string"}],"inLanguage":"pt-BR"},{"@type":"ImageObject","inLanguage":"pt-BR","@id":"https:\/\/franciscanos.org.br\/noticias\/mulheres-na-igreja-sinal-de-comunhao-sinodalidade-e-esperanca.html#primaryimage","url":"https:\/\/franciscanos.org.br\/noticias\/wp-content\/uploads\/2025\/05\/chamada-19.png","contentUrl":"https:\/\/franciscanos.org.br\/noticias\/wp-content\/uploads\/2025\/05\/chamada-19.png","width":800,"height":550},{"@type":"WebPage","@id":"https:\/\/franciscanos.org.br\/noticias\/mulheres-na-igreja-sinal-de-comunhao-sinodalidade-e-esperanca.html#webpage","url":"https:\/\/franciscanos.org.br\/noticias\/mulheres-na-igreja-sinal-de-comunhao-sinodalidade-e-esperanca.html","name":"Mulheres na Igreja: sinal de comunh\u00e3o, sinodalidade e esperan\u00e7a - Not\u00edcias - Franciscanos","isPartOf":{"@id":"https:\/\/franciscanos.org.br\/noticias\/#website"},"primaryImageOfPage":{"@id":"https:\/\/franciscanos.org.br\/noticias\/mulheres-na-igreja-sinal-de-comunhao-sinodalidade-e-esperanca.html#primaryimage"},"datePublished":"2025-05-22T18:30:00+00:00","dateModified":"2025-05-23T10:07:34+00:00","author":{"@id":"https:\/\/franciscanos.org.br\/noticias\/#\/schema\/person\/d9422e83121c3ad3b0f423d195f5bb25"},"breadcrumb":{"@id":"https:\/\/franciscanos.org.br\/noticias\/mulheres-na-igreja-sinal-de-comunhao-sinodalidade-e-esperanca.html#breadcrumb"},"inLanguage":"pt-BR","potentialAction":[{"@type":"ReadAction","target":["https:\/\/franciscanos.org.br\/noticias\/mulheres-na-igreja-sinal-de-comunhao-sinodalidade-e-esperanca.html"]}]},{"@type":"BreadcrumbList","@id":"https:\/\/franciscanos.org.br\/noticias\/mulheres-na-igreja-sinal-de-comunhao-sinodalidade-e-esperanca.html#breadcrumb","itemListElement":[{"@type":"ListItem","position":1,"name":"Home","item":"https:\/\/franciscanos.org.br\/noticias"},{"@type":"ListItem","position":2,"name":"Mulheres na Igreja: sinal de comunh\u00e3o, sinodalidade e esperan\u00e7a"}]},{"@type":"Person","@id":"https:\/\/franciscanos.org.br\/noticias\/#\/schema\/person\/d9422e83121c3ad3b0f423d195f5bb25","name":"Adriana Rabelo","image":{"@type":"ImageObject","inLanguage":"pt-BR","@id":"https:\/\/franciscanos.org.br\/noticias\/#\/schema\/person\/image\/","url":"https:\/\/secure.gravatar.com\/avatar\/0a937b7500cd7df77540cfb8bede877d?s=96&d=mm&r=g","contentUrl":"https:\/\/secure.gravatar.com\/avatar\/0a937b7500cd7df77540cfb8bede877d?s=96&d=mm&r=g","caption":"Adriana Rabelo"},"url":"https:\/\/franciscanos.org.br\/noticias\/author\/adrianarabelo"}]}},"_links":{"self":[{"href":"https:\/\/franciscanos.org.br\/noticias\/wp-json\/wp\/v2\/posts\/257233"}],"collection":[{"href":"https:\/\/franciscanos.org.br\/noticias\/wp-json\/wp\/v2\/posts"}],"about":[{"href":"https:\/\/franciscanos.org.br\/noticias\/wp-json\/wp\/v2\/types\/post"}],"author":[{"embeddable":true,"href":"https:\/\/franciscanos.org.br\/noticias\/wp-json\/wp\/v2\/users\/11"}],"replies":[{"embeddable":true,"href":"https:\/\/franciscanos.org.br\/noticias\/wp-json\/wp\/v2\/comments?post=257233"}],"version-history":[{"count":13,"href":"https:\/\/franciscanos.org.br\/noticias\/wp-json\/wp\/v2\/posts\/257233\/revisions"}],"predecessor-version":[{"id":257258,"href":"https:\/\/franciscanos.org.br\/noticias\/wp-json\/wp\/v2\/posts\/257233\/revisions\/257258"}],"wp:featuredmedia":[{"embeddable":true,"href":"https:\/\/franciscanos.org.br\/noticias\/wp-json\/wp\/v2\/media\/257239"}],"wp:attachment":[{"href":"https:\/\/franciscanos.org.br\/noticias\/wp-json\/wp\/v2\/media?parent=257233"}],"wp:term":[{"taxonomy":"category","embeddable":true,"href":"https:\/\/franciscanos.org.br\/noticias\/wp-json\/wp\/v2\/categories?post=257233"},{"taxonomy":"post_tag","embeddable":true,"href":"https:\/\/franciscanos.org.br\/noticias\/wp-json\/wp\/v2\/tags?post=257233"}],"curies":[{"name":"wp","href":"https:\/\/api.w.org\/{rel}","templated":true}]}}