{"id":257228,"date":"2025-05-21T14:30:24","date_gmt":"2025-05-21T17:30:24","guid":{"rendered":"https:\/\/franciscanos.org.br\/noticias\/?p=257228"},"modified":"2025-09-12T08:18:42","modified_gmt":"2025-09-12T11:18:42","slug":"leao-xiv-na-audiencia-geral-a-palavra-de-deus-e-para-todos-mas-atua-diferente-em-cada-um","status":"publish","type":"post","link":"https:\/\/franciscanos.org.br\/noticias\/leao-xiv-na-audiencia-geral-a-palavra-de-deus-e-para-todos-mas-atua-diferente-em-cada-um.html","title":{"rendered":"Le\u00e3o XIV na Audi\u00eancia Geral: a Palavra de Deus \u00e9 para todos, mas atua diferente em cada um"},"content":{"rendered":"<p><em><img loading=\"lazy\" class=\"aligncenter wp-image-257229 size-full\" src=\"https:\/\/franciscanos.org.br\/noticias\/wp-content\/uploads\/2025\/05\/MATERIA-20.png\" alt=\"\" width=\"1280\" height=\"720\" srcset=\"https:\/\/franciscanos.org.br\/noticias\/wp-content\/uploads\/2025\/05\/MATERIA-20.png 1280w, https:\/\/franciscanos.org.br\/noticias\/wp-content\/uploads\/2025\/05\/MATERIA-20-450x253.png 450w, https:\/\/franciscanos.org.br\/noticias\/wp-content\/uploads\/2025\/05\/MATERIA-20-1024x576.png 1024w, https:\/\/franciscanos.org.br\/noticias\/wp-content\/uploads\/2025\/05\/MATERIA-20-768x432.png 768w, https:\/\/franciscanos.org.br\/noticias\/wp-content\/uploads\/2025\/05\/MATERIA-20-150x84.png 150w\" sizes=\"(max-width: 1280px) 100vw, 1280px\" \/><\/em><\/p>\n<p><em>Na sua primeira Audi\u00eancia Geral, o Papa retomou o ciclo de catequeses proposto por Francisco para refletir sobre as par\u00e1bolas. Le\u00e3o XIV escolheu aquela do semeador e afirmou que &#8220;A Palavra de Jesus \u00e9 para todos, mas atua de uma forma diferente em cada pessoa&#8221;, dependendo do solo encontrado, de quando estamos &#8220;mais superficiais e distra\u00eddos&#8221; ou &#8220;dispon\u00edveis e acolhedores&#8221;. Mas &#8220;Ele nos ama assim: n\u00e3o espera que nos tornemos o melhor solo, Ele nos d\u00e1 sempre generosamente a Sua palavra&#8221;.<\/em><\/p>\n<p>&#8220;Estou feliz em receber voc\u00eas nesta minha primeira Audi\u00eancia Geral&#8221;, disse o Papa Le\u00e3o XIV, logo no in\u00edcio da catequese, a sua primeira no encontro semanal e com cerca de 40 mil fi\u00e9is na Pra\u00e7a S\u00e3o Pedro. Tamb\u00e9m \u00e9 a segunda do\u00a0ciclo de catequeses jubilares, preparada pelo Papa Francisco e divulgada pela Sala de Imprensa da Santa S\u00e9 em 16 de abril, durante o per\u00edodo de convalescen\u00e7a de Bergoglio que veio a falecer 5 dias depois e h\u00e1 exatamente um m\u00eas. Francisco tinha o desejo de &#8220;refletir sobre algumas par\u00e1bolas&#8221; e Le\u00e3o XIV retomou o\u00a0tema\u00a0<a href=\"https:\/\/www.vaticannews.va\/pt\/papa\/news\/2025-04\/papa-francisco-catequese-16-abril-2025.html\" target=\"_blank\" rel=\"noopener\">\u201cJesus Cristo, nossa esperan\u00e7a\u201d<\/a>, escolhido por Bergoglio para este Ano Santo do Jubileu. Nesta quarta-feira (21\/05), assim, o Papa meditou sobre\u00a0a par\u00e1bola do semeador (ver Mt 13,1-17), que fala da din\u00e2mica e dos efeitos da Palavra de Deus, &#8220;e o que ela produz&#8221;, que \u00e9 como semente deitada no terreno do nosso cora\u00e7\u00e3o e no terreno do mundo.<\/p>\n<p><strong>As provoca\u00e7\u00f5es e os questionamentos<\/strong><\/p>\n<p>&#8220;Cada par\u00e1bola conta uma hist\u00f3ria retirada do quotidiano&#8221;, recordou Le\u00e3o XIV,\u00a0fazendo &#8220;nascer em n\u00f3s perguntas&#8221; como: &#8220;onde estou eu nesta hist\u00f3ria? O que diz esta imagem \u00e0 minha vida?&#8221;. De fato, continuou o Pont\u00edfice, &#8220;cada palavra do Evangelho \u00e9 como uma semente lan\u00e7ada no solo da nossa vida&#8221;:<\/p>\n<p><i>&#8220;No cap\u00edtulo 13 do Evangelho de Mateus, a par\u00e1bola do semeador introduz uma s\u00e9rie de outras pequenas par\u00e1bolas, algumas das quais falam precisamente do que acontece no solo: o trigo e o joio, o gr\u00e3o de mostarda, o tesouro escondido no campo. Ent\u00e3o, o que \u00e9 este solo? \u00c9 o nosso cora\u00e7\u00e3o, mas \u00e9 tamb\u00e9m o mundo, a comunidade, a Igreja. A palavra de Deus, com efeito, fecunda e provoca toda a realidade.&#8221;<\/i><\/p>\n<p>Deus, assim, espalha abundantemente a Palavra, ainda que ela nem sempre encontre terreno bom para produzir. &#8220;A Palavra de Jesus \u00e9 para todos, mas atua de uma forma diferente em cada pessoa&#8221;, refor\u00e7ou Le\u00e3o XIV. <strong>&#8220;Estamos habituados a calcular as coisas \u2013 e \u00e0s vezes \u00e9 necess\u00e1rio \u2013 mas isso n\u00e3o vale no amor!&#8221;<\/strong><b>.<\/b>\u00a0E,\u00a0apesar de atuar em n\u00f3s de modo diverso, a Palavra conserva sempre o poder de fecundar as situa\u00e7\u00f5es da vida de cada um, pois vem de Deus e Ele nunca desiste:<\/p>\n<p><i>&#8220;Jesus nos diz que Deus lan\u00e7a a semente da sua Palavra em todo o tipo de solo, ou seja, em qualquer das nossas situa\u00e7\u00f5es: ora somos mais superficiais e distra\u00eddos, ora deixamo-nos levar pelo entusiasmo, ora somos oprimidos pelas preocupa\u00e7\u00f5es da vida, mas tamb\u00e9m h\u00e1 momentos em que estamos dispon\u00edveis e acolhedores. Deus est\u00e1 confiante e espera que mais cedo ou mais tarde a semente flores\u00e7a. Ele nos ama assim: n\u00e3o espera que nos tornemos o melhor solo, Ele nos d\u00e1 sempre generosamente a Sua Palavra.&#8221;<\/i><\/p>\n<p><img loading=\"lazy\" class=\"aligncenter wp-image-257231 size-full\" src=\"https:\/\/franciscanos.org.br\/noticias\/wp-content\/uploads\/2025\/05\/materia-2-12.png\" alt=\"\" width=\"1280\" height=\"720\" srcset=\"https:\/\/franciscanos.org.br\/noticias\/wp-content\/uploads\/2025\/05\/materia-2-12.png 1280w, https:\/\/franciscanos.org.br\/noticias\/wp-content\/uploads\/2025\/05\/materia-2-12-450x253.png 450w, https:\/\/franciscanos.org.br\/noticias\/wp-content\/uploads\/2025\/05\/materia-2-12-1024x576.png 1024w, https:\/\/franciscanos.org.br\/noticias\/wp-content\/uploads\/2025\/05\/materia-2-12-768x432.png 768w, https:\/\/franciscanos.org.br\/noticias\/wp-content\/uploads\/2025\/05\/materia-2-12-150x84.png 150w\" sizes=\"(max-width: 1280px) 100vw, 1280px\" \/><\/p>\n<p>Le\u00e3o XIV ent\u00e3o, convidou os peregrinos a analisar uma obra de Vincent van Gogh (1853-1890), a do\u00a0<i>Semeador no P\u00f4r do Sol<\/i>. O pintor holand\u00eas, mundialmente conhecido que chegou a produzir quase 900 telas em menos de 10 dias, pintou um agricultor, com o trigo j\u00e1 maduro e &#8220;sob o sol abrasador&#8221; que domina a cena de esperan\u00e7a, lembrando que \u00e9 Deus &#8220;quem move a hist\u00f3ria, mesmo que por vezes pare\u00e7a ausente ou distante. \u00c9 o sol que aquece os torr\u00f5es da terra e faz amadurecer a semente&#8221;. E o Papa deixou a sua mensagem final de reflex\u00e3o:<\/p>\n<p>\u201cQueridos irm\u00e3os e irm\u00e3s, em que situa\u00e7\u00e3o da vida nos chega hoje a Palavra de Deus? Pe\u00e7amos ao Senhor a gra\u00e7a de acolher sempre esta semente que \u00e9 a sua palavra. E se percebermos que n\u00e3o somos solo f\u00e9rtil, n\u00e3o desanimemos, mas pe\u00e7amos-Lhe que trabalhe mais em n\u00f3s para nos tornarmos um solo melhor.\u201d<\/p>\n<hr \/>\n<p><em>Andressa Collet &#8211; Vatican News<\/em><\/p>\n","protected":false},"excerpt":{"rendered":"<p>1\u00aa Audi\u00eancia Geral<\/p>\n","protected":false},"author":11,"featured_media":257230,"comment_status":"open","ping_status":"open","sticky":false,"template":"","format":"standard","meta":[],"categories":[1,2410,2345],"tags":[487,2343],"acf":[],"yoast_head":"<!-- This site is optimized with the Yoast SEO plugin v19.2 - https:\/\/yoast.com\/wordpress\/plugins\/seo\/ -->\n<title>Le\u00e3o XIV na Audi\u00eancia Geral: a Palavra de Deus \u00e9 para todos, mas atua diferente em cada um - Not\u00edcias - Franciscanos<\/title>\n<meta name=\"robots\" content=\"index, follow, max-snippet:-1, max-image-preview:large, max-video-preview:-1\" \/>\n<link rel=\"canonical\" href=\"https:\/\/franciscanos.org.br\/noticias\/leao-xiv-na-audiencia-geral-a-palavra-de-deus-e-para-todos-mas-atua-diferente-em-cada-um.html\" \/>\n<meta property=\"og:locale\" content=\"pt_BR\" \/>\n<meta property=\"og:type\" content=\"article\" \/>\n<meta property=\"og:title\" content=\"Le\u00e3o XIV na Audi\u00eancia Geral: a Palavra de Deus \u00e9 para todos, mas atua diferente em cada um - Not\u00edcias - Franciscanos\" \/>\n<meta property=\"og:description\" content=\"1\u00aa Audi\u00eancia Geral\" \/>\n<meta property=\"og:url\" content=\"https:\/\/franciscanos.org.br\/noticias\/leao-xiv-na-audiencia-geral-a-palavra-de-deus-e-para-todos-mas-atua-diferente-em-cada-um.html\" \/>\n<meta property=\"og:site_name\" content=\"Not\u00edcias - Franciscanos\" \/>\n<meta property=\"article:published_time\" content=\"2025-05-21T17:30:24+00:00\" \/>\n<meta property=\"article:modified_time\" content=\"2025-09-12T11:18:42+00:00\" \/>\n<meta property=\"og:image\" content=\"https:\/\/franciscanos.org.br\/noticias\/wp-content\/uploads\/2025\/05\/CHAMADA-18.png\" \/>\n\t<meta property=\"og:image:width\" content=\"800\" \/>\n\t<meta property=\"og:image:height\" content=\"550\" \/>\n\t<meta property=\"og:image:type\" content=\"image\/png\" \/>\n<meta name=\"author\" content=\"Adriana Rabelo\" \/>\n<meta name=\"twitter:card\" content=\"summary_large_image\" \/>\n<meta name=\"twitter:label1\" content=\"Escrito por\" \/>\n\t<meta name=\"twitter:data1\" content=\"Adriana Rabelo\" \/>\n\t<meta name=\"twitter:label2\" content=\"Est. tempo de leitura\" \/>\n\t<meta name=\"twitter:data2\" content=\"4 minutos\" \/>\n<script type=\"application\/ld+json\" class=\"yoast-schema-graph\">{\"@context\":\"https:\/\/schema.org\",\"@graph\":[{\"@type\":\"WebSite\",\"@id\":\"https:\/\/franciscanos.org.br\/noticias\/#website\",\"url\":\"https:\/\/franciscanos.org.br\/noticias\/\",\"name\":\"Not\u00edcias - Franciscanos\",\"description\":\"Prov\u00edncia Franciscana da Imaculada Concei\u00e7\u00e3o do Brasil - Ordem dos Frades Menores - OFM\",\"potentialAction\":[{\"@type\":\"SearchAction\",\"target\":{\"@type\":\"EntryPoint\",\"urlTemplate\":\"https:\/\/franciscanos.org.br\/noticias\/?s={search_term_string}\"},\"query-input\":\"required name=search_term_string\"}],\"inLanguage\":\"pt-BR\"},{\"@type\":\"ImageObject\",\"inLanguage\":\"pt-BR\",\"@id\":\"https:\/\/franciscanos.org.br\/noticias\/leao-xiv-na-audiencia-geral-a-palavra-de-deus-e-para-todos-mas-atua-diferente-em-cada-um.html#primaryimage\",\"url\":\"https:\/\/franciscanos.org.br\/noticias\/wp-content\/uploads\/2025\/05\/CHAMADA-18.png\",\"contentUrl\":\"https:\/\/franciscanos.org.br\/noticias\/wp-content\/uploads\/2025\/05\/CHAMADA-18.png\",\"width\":800,\"height\":550},{\"@type\":\"WebPage\",\"@id\":\"https:\/\/franciscanos.org.br\/noticias\/leao-xiv-na-audiencia-geral-a-palavra-de-deus-e-para-todos-mas-atua-diferente-em-cada-um.html#webpage\",\"url\":\"https:\/\/franciscanos.org.br\/noticias\/leao-xiv-na-audiencia-geral-a-palavra-de-deus-e-para-todos-mas-atua-diferente-em-cada-um.html\",\"name\":\"Le\u00e3o XIV na Audi\u00eancia Geral: a Palavra de Deus \u00e9 para todos, mas atua diferente em cada um - Not\u00edcias - Franciscanos\",\"isPartOf\":{\"@id\":\"https:\/\/franciscanos.org.br\/noticias\/#website\"},\"primaryImageOfPage\":{\"@id\":\"https:\/\/franciscanos.org.br\/noticias\/leao-xiv-na-audiencia-geral-a-palavra-de-deus-e-para-todos-mas-atua-diferente-em-cada-um.html#primaryimage\"},\"datePublished\":\"2025-05-21T17:30:24+00:00\",\"dateModified\":\"2025-09-12T11:18:42+00:00\",\"author\":{\"@id\":\"https:\/\/franciscanos.org.br\/noticias\/#\/schema\/person\/d9422e83121c3ad3b0f423d195f5bb25\"},\"breadcrumb\":{\"@id\":\"https:\/\/franciscanos.org.br\/noticias\/leao-xiv-na-audiencia-geral-a-palavra-de-deus-e-para-todos-mas-atua-diferente-em-cada-um.html#breadcrumb\"},\"inLanguage\":\"pt-BR\",\"potentialAction\":[{\"@type\":\"ReadAction\",\"target\":[\"https:\/\/franciscanos.org.br\/noticias\/leao-xiv-na-audiencia-geral-a-palavra-de-deus-e-para-todos-mas-atua-diferente-em-cada-um.html\"]}]},{\"@type\":\"BreadcrumbList\",\"@id\":\"https:\/\/franciscanos.org.br\/noticias\/leao-xiv-na-audiencia-geral-a-palavra-de-deus-e-para-todos-mas-atua-diferente-em-cada-um.html#breadcrumb\",\"itemListElement\":[{\"@type\":\"ListItem\",\"position\":1,\"name\":\"Home\",\"item\":\"https:\/\/franciscanos.org.br\/noticias\"},{\"@type\":\"ListItem\",\"position\":2,\"name\":\"Le\u00e3o XIV na Audi\u00eancia Geral: a Palavra de Deus \u00e9 para todos, mas atua diferente em cada um\"}]},{\"@type\":\"Person\",\"@id\":\"https:\/\/franciscanos.org.br\/noticias\/#\/schema\/person\/d9422e83121c3ad3b0f423d195f5bb25\",\"name\":\"Adriana Rabelo\",\"image\":{\"@type\":\"ImageObject\",\"inLanguage\":\"pt-BR\",\"@id\":\"https:\/\/franciscanos.org.br\/noticias\/#\/schema\/person\/image\/\",\"url\":\"https:\/\/secure.gravatar.com\/avatar\/0a937b7500cd7df77540cfb8bede877d?s=96&d=mm&r=g\",\"contentUrl\":\"https:\/\/secure.gravatar.com\/avatar\/0a937b7500cd7df77540cfb8bede877d?s=96&d=mm&r=g\",\"caption\":\"Adriana Rabelo\"},\"url\":\"https:\/\/franciscanos.org.br\/noticias\/author\/adrianarabelo\"}]}<\/script>\n<!-- \/ Yoast SEO plugin. -->","yoast_head_json":{"title":"Le\u00e3o XIV na Audi\u00eancia Geral: a Palavra de Deus \u00e9 para todos, mas atua diferente em cada um - Not\u00edcias - Franciscanos","robots":{"index":"index","follow":"follow","max-snippet":"max-snippet:-1","max-image-preview":"max-image-preview:large","max-video-preview":"max-video-preview:-1"},"canonical":"https:\/\/franciscanos.org.br\/noticias\/leao-xiv-na-audiencia-geral-a-palavra-de-deus-e-para-todos-mas-atua-diferente-em-cada-um.html","og_locale":"pt_BR","og_type":"article","og_title":"Le\u00e3o XIV na Audi\u00eancia Geral: a Palavra de Deus \u00e9 para todos, mas atua diferente em cada um - Not\u00edcias - Franciscanos","og_description":"1\u00aa Audi\u00eancia Geral","og_url":"https:\/\/franciscanos.org.br\/noticias\/leao-xiv-na-audiencia-geral-a-palavra-de-deus-e-para-todos-mas-atua-diferente-em-cada-um.html","og_site_name":"Not\u00edcias - Franciscanos","article_published_time":"2025-05-21T17:30:24+00:00","article_modified_time":"2025-09-12T11:18:42+00:00","og_image":[{"width":800,"height":550,"url":"https:\/\/franciscanos.org.br\/noticias\/wp-content\/uploads\/2025\/05\/CHAMADA-18.png","type":"image\/png"}],"author":"Adriana Rabelo","twitter_card":"summary_large_image","twitter_misc":{"Escrito por":"Adriana Rabelo","Est. tempo de leitura":"4 minutos"},"schema":{"@context":"https:\/\/schema.org","@graph":[{"@type":"WebSite","@id":"https:\/\/franciscanos.org.br\/noticias\/#website","url":"https:\/\/franciscanos.org.br\/noticias\/","name":"Not\u00edcias - Franciscanos","description":"Prov\u00edncia Franciscana da Imaculada Concei\u00e7\u00e3o do Brasil - Ordem dos Frades Menores - OFM","potentialAction":[{"@type":"SearchAction","target":{"@type":"EntryPoint","urlTemplate":"https:\/\/franciscanos.org.br\/noticias\/?s={search_term_string}"},"query-input":"required name=search_term_string"}],"inLanguage":"pt-BR"},{"@type":"ImageObject","inLanguage":"pt-BR","@id":"https:\/\/franciscanos.org.br\/noticias\/leao-xiv-na-audiencia-geral-a-palavra-de-deus-e-para-todos-mas-atua-diferente-em-cada-um.html#primaryimage","url":"https:\/\/franciscanos.org.br\/noticias\/wp-content\/uploads\/2025\/05\/CHAMADA-18.png","contentUrl":"https:\/\/franciscanos.org.br\/noticias\/wp-content\/uploads\/2025\/05\/CHAMADA-18.png","width":800,"height":550},{"@type":"WebPage","@id":"https:\/\/franciscanos.org.br\/noticias\/leao-xiv-na-audiencia-geral-a-palavra-de-deus-e-para-todos-mas-atua-diferente-em-cada-um.html#webpage","url":"https:\/\/franciscanos.org.br\/noticias\/leao-xiv-na-audiencia-geral-a-palavra-de-deus-e-para-todos-mas-atua-diferente-em-cada-um.html","name":"Le\u00e3o XIV na Audi\u00eancia Geral: a Palavra de Deus \u00e9 para todos, mas atua diferente em cada um - Not\u00edcias - Franciscanos","isPartOf":{"@id":"https:\/\/franciscanos.org.br\/noticias\/#website"},"primaryImageOfPage":{"@id":"https:\/\/franciscanos.org.br\/noticias\/leao-xiv-na-audiencia-geral-a-palavra-de-deus-e-para-todos-mas-atua-diferente-em-cada-um.html#primaryimage"},"datePublished":"2025-05-21T17:30:24+00:00","dateModified":"2025-09-12T11:18:42+00:00","author":{"@id":"https:\/\/franciscanos.org.br\/noticias\/#\/schema\/person\/d9422e83121c3ad3b0f423d195f5bb25"},"breadcrumb":{"@id":"https:\/\/franciscanos.org.br\/noticias\/leao-xiv-na-audiencia-geral-a-palavra-de-deus-e-para-todos-mas-atua-diferente-em-cada-um.html#breadcrumb"},"inLanguage":"pt-BR","potentialAction":[{"@type":"ReadAction","target":["https:\/\/franciscanos.org.br\/noticias\/leao-xiv-na-audiencia-geral-a-palavra-de-deus-e-para-todos-mas-atua-diferente-em-cada-um.html"]}]},{"@type":"BreadcrumbList","@id":"https:\/\/franciscanos.org.br\/noticias\/leao-xiv-na-audiencia-geral-a-palavra-de-deus-e-para-todos-mas-atua-diferente-em-cada-um.html#breadcrumb","itemListElement":[{"@type":"ListItem","position":1,"name":"Home","item":"https:\/\/franciscanos.org.br\/noticias"},{"@type":"ListItem","position":2,"name":"Le\u00e3o XIV na Audi\u00eancia Geral: a Palavra de Deus \u00e9 para todos, mas atua diferente em cada um"}]},{"@type":"Person","@id":"https:\/\/franciscanos.org.br\/noticias\/#\/schema\/person\/d9422e83121c3ad3b0f423d195f5bb25","name":"Adriana Rabelo","image":{"@type":"ImageObject","inLanguage":"pt-BR","@id":"https:\/\/franciscanos.org.br\/noticias\/#\/schema\/person\/image\/","url":"https:\/\/secure.gravatar.com\/avatar\/0a937b7500cd7df77540cfb8bede877d?s=96&d=mm&r=g","contentUrl":"https:\/\/secure.gravatar.com\/avatar\/0a937b7500cd7df77540cfb8bede877d?s=96&d=mm&r=g","caption":"Adriana Rabelo"},"url":"https:\/\/franciscanos.org.br\/noticias\/author\/adrianarabelo"}]}},"_links":{"self":[{"href":"https:\/\/franciscanos.org.br\/noticias\/wp-json\/wp\/v2\/posts\/257228"}],"collection":[{"href":"https:\/\/franciscanos.org.br\/noticias\/wp-json\/wp\/v2\/posts"}],"about":[{"href":"https:\/\/franciscanos.org.br\/noticias\/wp-json\/wp\/v2\/types\/post"}],"author":[{"embeddable":true,"href":"https:\/\/franciscanos.org.br\/noticias\/wp-json\/wp\/v2\/users\/11"}],"replies":[{"embeddable":true,"href":"https:\/\/franciscanos.org.br\/noticias\/wp-json\/wp\/v2\/comments?post=257228"}],"version-history":[{"count":1,"href":"https:\/\/franciscanos.org.br\/noticias\/wp-json\/wp\/v2\/posts\/257228\/revisions"}],"predecessor-version":[{"id":257232,"href":"https:\/\/franciscanos.org.br\/noticias\/wp-json\/wp\/v2\/posts\/257228\/revisions\/257232"}],"wp:featuredmedia":[{"embeddable":true,"href":"https:\/\/franciscanos.org.br\/noticias\/wp-json\/wp\/v2\/media\/257230"}],"wp:attachment":[{"href":"https:\/\/franciscanos.org.br\/noticias\/wp-json\/wp\/v2\/media?parent=257228"}],"wp:term":[{"taxonomy":"category","embeddable":true,"href":"https:\/\/franciscanos.org.br\/noticias\/wp-json\/wp\/v2\/categories?post=257228"},{"taxonomy":"post_tag","embeddable":true,"href":"https:\/\/franciscanos.org.br\/noticias\/wp-json\/wp\/v2\/tags?post=257228"}],"curies":[{"name":"wp","href":"https:\/\/api.w.org\/{rel}","templated":true}]}}