{"id":257214,"date":"2025-05-21T15:07:07","date_gmt":"2025-05-21T18:07:07","guid":{"rendered":"https:\/\/franciscanos.org.br\/noticias\/?p=257214"},"modified":"2025-05-21T15:07:07","modified_gmt":"2025-05-21T18:07:07","slug":"frades-aprofundam-experiencias-formativas-e-visitam-obras-sociais-em-guaratingueta","status":"publish","type":"post","link":"https:\/\/franciscanos.org.br\/noticias\/frades-aprofundam-experiencias-formativas-e-visitam-obras-sociais-em-guaratingueta.html","title":{"rendered":"Frades aprofundam experi\u00eancias formativas e visitam obras sociais em Guaratinguet\u00e1"},"content":{"rendered":"<p><img loading=\"lazy\" class=\"aligncenter wp-image-257216 size-full\" src=\"https:\/\/franciscanos.org.br\/noticias\/wp-content\/uploads\/2025\/05\/materia-1-4.png\" alt=\"\" width=\"1280\" height=\"720\" srcset=\"https:\/\/franciscanos.org.br\/noticias\/wp-content\/uploads\/2025\/05\/materia-1-4.png 1280w, https:\/\/franciscanos.org.br\/noticias\/wp-content\/uploads\/2025\/05\/materia-1-4-450x253.png 450w, https:\/\/franciscanos.org.br\/noticias\/wp-content\/uploads\/2025\/05\/materia-1-4-1024x576.png 1024w, https:\/\/franciscanos.org.br\/noticias\/wp-content\/uploads\/2025\/05\/materia-1-4-768x432.png 768w, https:\/\/franciscanos.org.br\/noticias\/wp-content\/uploads\/2025\/05\/materia-1-4-150x84.png 150w\" sizes=\"(max-width: 1280px) 100vw, 1280px\" \/><\/p>\n<p>A Fraternidade S\u00e3o Jos\u00e9, em Guaratinguet\u00e1 (SP), acolheu, nesta semana, os frades do Conselho de Forma\u00e7\u00e3o Inicial. O local \u00e9 tamb\u00e9m ber\u00e7o formativo dos frades da Prov\u00edncia Franciscana da Imaculada Concei\u00e7\u00e3o do Brasil, com o Postulantado Santo Ant\u00f4nio de Santana Galv\u00e3o, mais conhecido como Semin\u00e1rio Frei Galv\u00e3o.<\/p>\n<p><img loading=\"lazy\" class=\"aligncenter wp-image-257221 size-full\" src=\"https:\/\/franciscanos.org.br\/noticias\/wp-content\/uploads\/2025\/05\/materia-7-1.png\" alt=\"\" width=\"1280\" height=\"720\" srcset=\"https:\/\/franciscanos.org.br\/noticias\/wp-content\/uploads\/2025\/05\/materia-7-1.png 1280w, https:\/\/franciscanos.org.br\/noticias\/wp-content\/uploads\/2025\/05\/materia-7-1-450x253.png 450w, https:\/\/franciscanos.org.br\/noticias\/wp-content\/uploads\/2025\/05\/materia-7-1-1024x576.png 1024w, https:\/\/franciscanos.org.br\/noticias\/wp-content\/uploads\/2025\/05\/materia-7-1-768x432.png 768w, https:\/\/franciscanos.org.br\/noticias\/wp-content\/uploads\/2025\/05\/materia-7-1-150x84.png 150w\" sizes=\"(max-width: 1280px) 100vw, 1280px\" \/><\/p>\n<p>O encontro iniciado na segunda-feira, 19 de maio, \u00a0contou com a presen\u00e7a a presen\u00e7a do Ministro provincial, Frei Paulo Roberto Pereira; do Secret\u00e1rio da Forma\u00e7\u00e3o e Estudos, Frei Sandro Roberto da Costa; do Coordenador da Forma\u00e7\u00e3o Inicial e mestre, Frei Gilberto da Silva; e dos demais mestres: Frei Roger Strapazzon (P\u00f3s-noviciado), juntamente com o vice-mestre, Frei Joaquim Ant\u00f4nio Pinto; Frei Jo\u00e3o Francisco (Noviciado); Frei Je\u00e2 Paulo Andrade (Postulantado); e os representantes dos frades do tempo de profiss\u00e3o tempor\u00e1ria, Frei Bruno Cez\u00e1rio e Frei Francisco Barbosa.<\/p>\n<p><img loading=\"lazy\" class=\"size-medium wp-image-257222 alignright\" src=\"https:\/\/franciscanos.org.br\/noticias\/wp-content\/uploads\/2025\/05\/foto2-450x339.jpg\" alt=\"\" width=\"450\" height=\"339\" srcset=\"https:\/\/franciscanos.org.br\/noticias\/wp-content\/uploads\/2025\/05\/foto2-450x339.jpg 450w, https:\/\/franciscanos.org.br\/noticias\/wp-content\/uploads\/2025\/05\/foto2-1024x771.jpg 1024w, https:\/\/franciscanos.org.br\/noticias\/wp-content\/uploads\/2025\/05\/foto2-768x578.jpg 768w, https:\/\/franciscanos.org.br\/noticias\/wp-content\/uploads\/2025\/05\/foto2-1536x1157.jpg 1536w, https:\/\/franciscanos.org.br\/noticias\/wp-content\/uploads\/2025\/05\/foto2-2048x1542.jpg 2048w, https:\/\/franciscanos.org.br\/noticias\/wp-content\/uploads\/2025\/05\/foto2-150x113.jpg 150w, https:\/\/franciscanos.org.br\/noticias\/wp-content\/uploads\/2025\/05\/foto2-600x450.jpg 600w, https:\/\/franciscanos.org.br\/noticias\/wp-content\/uploads\/2025\/05\/foto2-scaled.jpg 1434w\" sizes=\"(max-width: 450px) 100vw, 450px\" \/>No primeiro dia de reuni\u00e3o, os mestres se reuniram para partilhar suas diferentes experi\u00eancias vividas em cada etapa: Postulantado, Noviciado e P\u00f3s-noviciado. Al\u00e9m disso, abordaram o desenvolvimento formativo de cada formando durante essas tr\u00eas etapas, concluindo o dia com uma reuni\u00e3o sobre o Conselho de Forma\u00e7\u00e3o e Estudos.<\/p>\n<p>Na ter\u00e7a-feira (20\/05), foi abordada a reformula\u00e7\u00e3o do Regimento Interno das etapas do Postulantado e Noviciado. Este documento, de suma import\u00e2ncia, tem como objetivo central reger a vida e a miss\u00e3o dessas etapas, esclarecendo e orientando sobre os direitos e deveres dos formandos que vivenciam o Postulantado e o Noviciado.<\/p>\n<p>No mesmo dia, formadores foram ao Santu\u00e1rio Arquidiocesano de Santo Ant\u00f4nio de Sant\u2019Anna Galv\u00e3o, atendendo ao convite dos frades da fraternidade local para participarem de uma Santa Missa. Frei Gilberto da Silva presidiu a celebra\u00e7\u00e3o e, em sua homilia, trouxe algumas mensagens a respeito de Jesus e sua comunh\u00e3o \u00edntima com o Pai. Retratou a trajet\u00f3ria de vida de S\u00e3o Bernardino de Sena e o quanto sua viv\u00eancia de seguimento a Cristo o transformou em um arauto da Paz \u2014 a mesma paz vivida e pregada por S\u00e3o Frei Galv\u00e3o. Por fim, ressaltou a import\u00e2ncia de sermos tamb\u00e9m promotores da Paz.<\/p>\n<p><img loading=\"lazy\" class=\"aligncenter wp-image-257218 size-full\" src=\"https:\/\/franciscanos.org.br\/noticias\/wp-content\/uploads\/2025\/05\/materia5-1.png\" alt=\"\" width=\"1280\" height=\"720\" srcset=\"https:\/\/franciscanos.org.br\/noticias\/wp-content\/uploads\/2025\/05\/materia5-1.png 1280w, https:\/\/franciscanos.org.br\/noticias\/wp-content\/uploads\/2025\/05\/materia5-1-450x253.png 450w, https:\/\/franciscanos.org.br\/noticias\/wp-content\/uploads\/2025\/05\/materia5-1-1024x576.png 1024w, https:\/\/franciscanos.org.br\/noticias\/wp-content\/uploads\/2025\/05\/materia5-1-768x432.png 768w, https:\/\/franciscanos.org.br\/noticias\/wp-content\/uploads\/2025\/05\/materia5-1-150x84.png 150w\" sizes=\"(max-width: 1280px) 100vw, 1280px\" \/><\/p>\n<p>Em seguida, conheceram o Projeto Social do Santu\u00e1rio, em parceria com o SEFRAS (Servi\u00e7o Franciscano de Solidariedade), a Casa da Crian\u00e7a, onde s\u00e3o realizadas diversas atividades sociais, incluindo artes marciais, espiritualidade e culin\u00e1ria. Logo em seguida, visitaram a rec\u00e9m-inaugurada R\u00e1dio Frei Galv\u00e3o 89.9 FM, que conta com uma programa\u00e7\u00e3o voltada \u00e0 espiritualidade, not\u00edcias em n\u00edvel local e mundial, esportes e m\u00fasicas.<\/p>\n<p>Por fim, no terceiro e \u00faltimo dia (21\/05), o di\u00e1logo entre os conselheiros abordou a Pol\u00edtica de Preven\u00e7\u00e3o de Abusos e da Partilha das Casas, no qual cada frade comentou sobre a realidade da fraternidade onde reside. A reuni\u00e3o foi encerrada ap\u00f3s o almo\u00e7o com a Fraternidade Franciscana de S\u00e3o Jos\u00e9, no Semin\u00e1rio Frei Galv\u00e3o.<\/p>\n<hr \/>\n<p><em>Frei Francisco Barbosa Mouzinho Junior<\/em><\/p>\n","protected":false},"excerpt":{"rendered":"<p>Forma\u00e7\u00e3o Inicial<\/p>\n","protected":false},"author":11,"featured_media":257219,"comment_status":"open","ping_status":"open","sticky":false,"template":"","format":"standard","meta":[],"categories":[1],"tags":[2351,2204],"acf":[],"yoast_head":"<!-- This site is optimized with the Yoast SEO plugin v19.2 - https:\/\/yoast.com\/wordpress\/plugins\/seo\/ -->\n<title>Frades aprofundam experi\u00eancias formativas e visitam obras sociais em Guaratinguet\u00e1 - Not\u00edcias - Franciscanos<\/title>\n<meta name=\"robots\" content=\"index, follow, max-snippet:-1, max-image-preview:large, max-video-preview:-1\" \/>\n<link rel=\"canonical\" href=\"https:\/\/franciscanos.org.br\/noticias\/frades-aprofundam-experiencias-formativas-e-visitam-obras-sociais-em-guaratingueta.html\" \/>\n<meta property=\"og:locale\" content=\"pt_BR\" \/>\n<meta property=\"og:type\" content=\"article\" \/>\n<meta property=\"og:title\" content=\"Frades aprofundam experi\u00eancias formativas e visitam obras sociais em Guaratinguet\u00e1 - Not\u00edcias - Franciscanos\" \/>\n<meta property=\"og:description\" content=\"Forma\u00e7\u00e3o Inicial\" \/>\n<meta property=\"og:url\" content=\"https:\/\/franciscanos.org.br\/noticias\/frades-aprofundam-experiencias-formativas-e-visitam-obras-sociais-em-guaratingueta.html\" \/>\n<meta property=\"og:site_name\" content=\"Not\u00edcias - Franciscanos\" \/>\n<meta property=\"article:published_time\" content=\"2025-05-21T18:07:07+00:00\" \/>\n<meta property=\"og:image\" content=\"https:\/\/franciscanos.org.br\/noticias\/wp-content\/uploads\/2025\/05\/chamada-17.png\" \/>\n\t<meta property=\"og:image:width\" content=\"800\" \/>\n\t<meta property=\"og:image:height\" content=\"550\" \/>\n\t<meta property=\"og:image:type\" content=\"image\/png\" \/>\n<meta name=\"author\" content=\"Adriana Rabelo\" \/>\n<meta name=\"twitter:card\" content=\"summary_large_image\" \/>\n<meta name=\"twitter:label1\" content=\"Escrito por\" \/>\n\t<meta name=\"twitter:data1\" content=\"Adriana Rabelo\" \/>\n\t<meta name=\"twitter:label2\" content=\"Est. tempo de leitura\" \/>\n\t<meta name=\"twitter:data2\" content=\"3 minutos\" \/>\n<script type=\"application\/ld+json\" class=\"yoast-schema-graph\">{\"@context\":\"https:\/\/schema.org\",\"@graph\":[{\"@type\":\"WebSite\",\"@id\":\"https:\/\/franciscanos.org.br\/noticias\/#website\",\"url\":\"https:\/\/franciscanos.org.br\/noticias\/\",\"name\":\"Not\u00edcias - Franciscanos\",\"description\":\"Prov\u00edncia Franciscana da Imaculada Concei\u00e7\u00e3o do Brasil - Ordem dos Frades Menores - OFM\",\"potentialAction\":[{\"@type\":\"SearchAction\",\"target\":{\"@type\":\"EntryPoint\",\"urlTemplate\":\"https:\/\/franciscanos.org.br\/noticias\/?s={search_term_string}\"},\"query-input\":\"required name=search_term_string\"}],\"inLanguage\":\"pt-BR\"},{\"@type\":\"ImageObject\",\"inLanguage\":\"pt-BR\",\"@id\":\"https:\/\/franciscanos.org.br\/noticias\/frades-aprofundam-experiencias-formativas-e-visitam-obras-sociais-em-guaratingueta.html#primaryimage\",\"url\":\"https:\/\/franciscanos.org.br\/noticias\/wp-content\/uploads\/2025\/05\/chamada-17.png\",\"contentUrl\":\"https:\/\/franciscanos.org.br\/noticias\/wp-content\/uploads\/2025\/05\/chamada-17.png\",\"width\":800,\"height\":550},{\"@type\":\"WebPage\",\"@id\":\"https:\/\/franciscanos.org.br\/noticias\/frades-aprofundam-experiencias-formativas-e-visitam-obras-sociais-em-guaratingueta.html#webpage\",\"url\":\"https:\/\/franciscanos.org.br\/noticias\/frades-aprofundam-experiencias-formativas-e-visitam-obras-sociais-em-guaratingueta.html\",\"name\":\"Frades aprofundam experi\u00eancias formativas e visitam obras sociais em Guaratinguet\u00e1 - Not\u00edcias - Franciscanos\",\"isPartOf\":{\"@id\":\"https:\/\/franciscanos.org.br\/noticias\/#website\"},\"primaryImageOfPage\":{\"@id\":\"https:\/\/franciscanos.org.br\/noticias\/frades-aprofundam-experiencias-formativas-e-visitam-obras-sociais-em-guaratingueta.html#primaryimage\"},\"datePublished\":\"2025-05-21T18:07:07+00:00\",\"dateModified\":\"2025-05-21T18:07:07+00:00\",\"author\":{\"@id\":\"https:\/\/franciscanos.org.br\/noticias\/#\/schema\/person\/d9422e83121c3ad3b0f423d195f5bb25\"},\"breadcrumb\":{\"@id\":\"https:\/\/franciscanos.org.br\/noticias\/frades-aprofundam-experiencias-formativas-e-visitam-obras-sociais-em-guaratingueta.html#breadcrumb\"},\"inLanguage\":\"pt-BR\",\"potentialAction\":[{\"@type\":\"ReadAction\",\"target\":[\"https:\/\/franciscanos.org.br\/noticias\/frades-aprofundam-experiencias-formativas-e-visitam-obras-sociais-em-guaratingueta.html\"]}]},{\"@type\":\"BreadcrumbList\",\"@id\":\"https:\/\/franciscanos.org.br\/noticias\/frades-aprofundam-experiencias-formativas-e-visitam-obras-sociais-em-guaratingueta.html#breadcrumb\",\"itemListElement\":[{\"@type\":\"ListItem\",\"position\":1,\"name\":\"Home\",\"item\":\"https:\/\/franciscanos.org.br\/noticias\"},{\"@type\":\"ListItem\",\"position\":2,\"name\":\"Frades aprofundam experi\u00eancias formativas e visitam obras sociais em Guaratinguet\u00e1\"}]},{\"@type\":\"Person\",\"@id\":\"https:\/\/franciscanos.org.br\/noticias\/#\/schema\/person\/d9422e83121c3ad3b0f423d195f5bb25\",\"name\":\"Adriana Rabelo\",\"image\":{\"@type\":\"ImageObject\",\"inLanguage\":\"pt-BR\",\"@id\":\"https:\/\/franciscanos.org.br\/noticias\/#\/schema\/person\/image\/\",\"url\":\"https:\/\/secure.gravatar.com\/avatar\/0a937b7500cd7df77540cfb8bede877d?s=96&d=mm&r=g\",\"contentUrl\":\"https:\/\/secure.gravatar.com\/avatar\/0a937b7500cd7df77540cfb8bede877d?s=96&d=mm&r=g\",\"caption\":\"Adriana Rabelo\"},\"url\":\"https:\/\/franciscanos.org.br\/noticias\/author\/adrianarabelo\"}]}<\/script>\n<!-- \/ Yoast SEO plugin. -->","yoast_head_json":{"title":"Frades aprofundam experi\u00eancias formativas e visitam obras sociais em Guaratinguet\u00e1 - Not\u00edcias - Franciscanos","robots":{"index":"index","follow":"follow","max-snippet":"max-snippet:-1","max-image-preview":"max-image-preview:large","max-video-preview":"max-video-preview:-1"},"canonical":"https:\/\/franciscanos.org.br\/noticias\/frades-aprofundam-experiencias-formativas-e-visitam-obras-sociais-em-guaratingueta.html","og_locale":"pt_BR","og_type":"article","og_title":"Frades aprofundam experi\u00eancias formativas e visitam obras sociais em Guaratinguet\u00e1 - Not\u00edcias - Franciscanos","og_description":"Forma\u00e7\u00e3o Inicial","og_url":"https:\/\/franciscanos.org.br\/noticias\/frades-aprofundam-experiencias-formativas-e-visitam-obras-sociais-em-guaratingueta.html","og_site_name":"Not\u00edcias - Franciscanos","article_published_time":"2025-05-21T18:07:07+00:00","og_image":[{"width":800,"height":550,"url":"https:\/\/franciscanos.org.br\/noticias\/wp-content\/uploads\/2025\/05\/chamada-17.png","type":"image\/png"}],"author":"Adriana Rabelo","twitter_card":"summary_large_image","twitter_misc":{"Escrito por":"Adriana Rabelo","Est. tempo de leitura":"3 minutos"},"schema":{"@context":"https:\/\/schema.org","@graph":[{"@type":"WebSite","@id":"https:\/\/franciscanos.org.br\/noticias\/#website","url":"https:\/\/franciscanos.org.br\/noticias\/","name":"Not\u00edcias - Franciscanos","description":"Prov\u00edncia Franciscana da Imaculada Concei\u00e7\u00e3o do Brasil - Ordem dos Frades Menores - OFM","potentialAction":[{"@type":"SearchAction","target":{"@type":"EntryPoint","urlTemplate":"https:\/\/franciscanos.org.br\/noticias\/?s={search_term_string}"},"query-input":"required name=search_term_string"}],"inLanguage":"pt-BR"},{"@type":"ImageObject","inLanguage":"pt-BR","@id":"https:\/\/franciscanos.org.br\/noticias\/frades-aprofundam-experiencias-formativas-e-visitam-obras-sociais-em-guaratingueta.html#primaryimage","url":"https:\/\/franciscanos.org.br\/noticias\/wp-content\/uploads\/2025\/05\/chamada-17.png","contentUrl":"https:\/\/franciscanos.org.br\/noticias\/wp-content\/uploads\/2025\/05\/chamada-17.png","width":800,"height":550},{"@type":"WebPage","@id":"https:\/\/franciscanos.org.br\/noticias\/frades-aprofundam-experiencias-formativas-e-visitam-obras-sociais-em-guaratingueta.html#webpage","url":"https:\/\/franciscanos.org.br\/noticias\/frades-aprofundam-experiencias-formativas-e-visitam-obras-sociais-em-guaratingueta.html","name":"Frades aprofundam experi\u00eancias formativas e visitam obras sociais em Guaratinguet\u00e1 - Not\u00edcias - Franciscanos","isPartOf":{"@id":"https:\/\/franciscanos.org.br\/noticias\/#website"},"primaryImageOfPage":{"@id":"https:\/\/franciscanos.org.br\/noticias\/frades-aprofundam-experiencias-formativas-e-visitam-obras-sociais-em-guaratingueta.html#primaryimage"},"datePublished":"2025-05-21T18:07:07+00:00","dateModified":"2025-05-21T18:07:07+00:00","author":{"@id":"https:\/\/franciscanos.org.br\/noticias\/#\/schema\/person\/d9422e83121c3ad3b0f423d195f5bb25"},"breadcrumb":{"@id":"https:\/\/franciscanos.org.br\/noticias\/frades-aprofundam-experiencias-formativas-e-visitam-obras-sociais-em-guaratingueta.html#breadcrumb"},"inLanguage":"pt-BR","potentialAction":[{"@type":"ReadAction","target":["https:\/\/franciscanos.org.br\/noticias\/frades-aprofundam-experiencias-formativas-e-visitam-obras-sociais-em-guaratingueta.html"]}]},{"@type":"BreadcrumbList","@id":"https:\/\/franciscanos.org.br\/noticias\/frades-aprofundam-experiencias-formativas-e-visitam-obras-sociais-em-guaratingueta.html#breadcrumb","itemListElement":[{"@type":"ListItem","position":1,"name":"Home","item":"https:\/\/franciscanos.org.br\/noticias"},{"@type":"ListItem","position":2,"name":"Frades aprofundam experi\u00eancias formativas e visitam obras sociais em Guaratinguet\u00e1"}]},{"@type":"Person","@id":"https:\/\/franciscanos.org.br\/noticias\/#\/schema\/person\/d9422e83121c3ad3b0f423d195f5bb25","name":"Adriana Rabelo","image":{"@type":"ImageObject","inLanguage":"pt-BR","@id":"https:\/\/franciscanos.org.br\/noticias\/#\/schema\/person\/image\/","url":"https:\/\/secure.gravatar.com\/avatar\/0a937b7500cd7df77540cfb8bede877d?s=96&d=mm&r=g","contentUrl":"https:\/\/secure.gravatar.com\/avatar\/0a937b7500cd7df77540cfb8bede877d?s=96&d=mm&r=g","caption":"Adriana Rabelo"},"url":"https:\/\/franciscanos.org.br\/noticias\/author\/adrianarabelo"}]}},"_links":{"self":[{"href":"https:\/\/franciscanos.org.br\/noticias\/wp-json\/wp\/v2\/posts\/257214"}],"collection":[{"href":"https:\/\/franciscanos.org.br\/noticias\/wp-json\/wp\/v2\/posts"}],"about":[{"href":"https:\/\/franciscanos.org.br\/noticias\/wp-json\/wp\/v2\/types\/post"}],"author":[{"embeddable":true,"href":"https:\/\/franciscanos.org.br\/noticias\/wp-json\/wp\/v2\/users\/11"}],"replies":[{"embeddable":true,"href":"https:\/\/franciscanos.org.br\/noticias\/wp-json\/wp\/v2\/comments?post=257214"}],"version-history":[{"count":6,"href":"https:\/\/franciscanos.org.br\/noticias\/wp-json\/wp\/v2\/posts\/257214\/revisions"}],"predecessor-version":[{"id":257227,"href":"https:\/\/franciscanos.org.br\/noticias\/wp-json\/wp\/v2\/posts\/257214\/revisions\/257227"}],"wp:featuredmedia":[{"embeddable":true,"href":"https:\/\/franciscanos.org.br\/noticias\/wp-json\/wp\/v2\/media\/257219"}],"wp:attachment":[{"href":"https:\/\/franciscanos.org.br\/noticias\/wp-json\/wp\/v2\/media?parent=257214"}],"wp:term":[{"taxonomy":"category","embeddable":true,"href":"https:\/\/franciscanos.org.br\/noticias\/wp-json\/wp\/v2\/categories?post=257214"},{"taxonomy":"post_tag","embeddable":true,"href":"https:\/\/franciscanos.org.br\/noticias\/wp-json\/wp\/v2\/tags?post=257214"}],"curies":[{"name":"wp","href":"https:\/\/api.w.org\/{rel}","templated":true}]}}