{"id":257198,"date":"2025-05-19T12:14:33","date_gmt":"2025-05-19T15:14:33","guid":{"rendered":"https:\/\/franciscanos.org.br\/noticias\/?p=257198"},"modified":"2025-05-19T12:14:33","modified_gmt":"2025-05-19T15:14:33","slug":"canarinhos-promovem-evento-solidario-rumo-a-alemanha","status":"publish","type":"post","link":"https:\/\/franciscanos.org.br\/noticias\/canarinhos-promovem-evento-solidario-rumo-a-alemanha.html","title":{"rendered":"Canarinhos promovem evento solid\u00e1rio rumo \u00e0 Alemanha"},"content":{"rendered":"<p><img loading=\"lazy\" class=\"aligncenter wp-image-257199 size-full\" src=\"https:\/\/franciscanos.org.br\/noticias\/wp-content\/uploads\/2025\/05\/materia-18.png\" alt=\"\" width=\"1280\" height=\"720\" srcset=\"https:\/\/franciscanos.org.br\/noticias\/wp-content\/uploads\/2025\/05\/materia-18.png 1280w, https:\/\/franciscanos.org.br\/noticias\/wp-content\/uploads\/2025\/05\/materia-18-450x253.png 450w, https:\/\/franciscanos.org.br\/noticias\/wp-content\/uploads\/2025\/05\/materia-18-1024x576.png 1024w, https:\/\/franciscanos.org.br\/noticias\/wp-content\/uploads\/2025\/05\/materia-18-768x432.png 768w, https:\/\/franciscanos.org.br\/noticias\/wp-content\/uploads\/2025\/05\/materia-18-150x84.png 150w\" sizes=\"(max-width: 1280px) 100vw, 1280px\" \/><\/p>\n<p>No domingo, 18 de maio, o Instituto dos Meninos Cantores de Petr\u00f3polis promoveu em sua sede um Almo\u00e7o com massas. Foi maus uma iniciativa voltada para a participa\u00e7\u00e3o do coral no <strong>Congresso Internacional de Meninos Cantores do Brasil<\/strong>, que ser\u00e1 realizado em julho deste ano, na Alemanha.<\/p>\n<p>Servido das 12h \u00e0s 14h, o almo\u00e7o contou com um card\u00e1pio variado de massas e molhos. Reuniu familiares, amigos, ex-coralistas, apoiadores e simpatizantes, que compareceram para prestigiar o evento e contribuir com esse importante sonho que ser\u00e1 uma express\u00e3o cultural e educacional n\u00e3o s\u00f3 para a institui\u00e7\u00e3o como para o Brasil que ser\u00e1 representado na Alemanha.<\/p>\n<p>Um dos destaques do evento foi o envolvimento direto dos pais e dos pr\u00f3prios coralistas na organiza\u00e7\u00e3o. Desde os preparativos iniciais at\u00e9 a recep\u00e7\u00e3o dos convidados, se dedicaram com entusiasmo e esp\u00edrito fraterno. Os familiares ficaram respons\u00e1veis por diversas tarefas, como a montagem do espa\u00e7o, o servi\u00e7o de cozinha e a organiza\u00e7\u00e3o das filas, al\u00e9m de cuidarem da venda de produtos durante o evento.<\/p>\n\n\t\t<style type=\"text\/css\">\n\t\t\t#gallery-1 {\n\t\t\t\tmargin: auto;\n\t\t\t}\n\t\t\t#gallery-1 .gallery-item {\n\t\t\t\tfloat: left;\n\t\t\t\tmargin-top: 10px;\n\t\t\t\ttext-align: center;\n\t\t\t\twidth: 33%;\n\t\t\t}\n\t\t\t#gallery-1 img {\n\t\t\t\tborder: 2px solid #cfcfcf;\n\t\t\t}\n\t\t\t#gallery-1 .gallery-caption {\n\t\t\t\tmargin-left: 0;\n\t\t\t}\n\t\t\t\/* see gallery_shortcode() in wp-includes\/media.php *\/\n\t\t<\/style>\n\t\t<div id='gallery-1' class='gallery galleryid-257198 gallery-columns-3 gallery-size-thumbnail'><dl class='gallery-item'>\n\t\t\t<dt class='gallery-icon landscape'>\n\t\t\t\t<a href='https:\/\/franciscanos.org.br\/noticias\/wp-content\/uploads\/2025\/05\/IMG_0089-scaled.jpg'><img width=\"300\" height=\"300\" src=\"https:\/\/franciscanos.org.br\/noticias\/wp-content\/uploads\/2025\/05\/IMG_0089-300x300.jpg\" class=\"attachment-thumbnail size-thumbnail\" alt=\"\" loading=\"lazy\" srcset=\"https:\/\/franciscanos.org.br\/noticias\/wp-content\/uploads\/2025\/05\/IMG_0089-300x300.jpg 300w, https:\/\/franciscanos.org.br\/noticias\/wp-content\/uploads\/2025\/05\/IMG_0089-100x100.jpg 100w\" sizes=\"(max-width: 300px) 100vw, 300px\" \/><\/a>\n\t\t\t<\/dt><\/dl><dl class='gallery-item'>\n\t\t\t<dt class='gallery-icon landscape'>\n\t\t\t\t<a href='https:\/\/franciscanos.org.br\/noticias\/wp-content\/uploads\/2025\/05\/IMG_0105-scaled.jpg'><img width=\"300\" height=\"300\" src=\"https:\/\/franciscanos.org.br\/noticias\/wp-content\/uploads\/2025\/05\/IMG_0105-300x300.jpg\" class=\"attachment-thumbnail size-thumbnail\" alt=\"\" loading=\"lazy\" srcset=\"https:\/\/franciscanos.org.br\/noticias\/wp-content\/uploads\/2025\/05\/IMG_0105-300x300.jpg 300w, https:\/\/franciscanos.org.br\/noticias\/wp-content\/uploads\/2025\/05\/IMG_0105-100x100.jpg 100w\" sizes=\"(max-width: 300px) 100vw, 300px\" \/><\/a>\n\t\t\t<\/dt><\/dl><dl class='gallery-item'>\n\t\t\t<dt class='gallery-icon landscape'>\n\t\t\t\t<a href='https:\/\/franciscanos.org.br\/noticias\/wp-content\/uploads\/2025\/05\/IMG_0120-scaled.jpg'><img width=\"300\" height=\"300\" src=\"https:\/\/franciscanos.org.br\/noticias\/wp-content\/uploads\/2025\/05\/IMG_0120-300x300.jpg\" class=\"attachment-thumbnail size-thumbnail\" alt=\"\" loading=\"lazy\" srcset=\"https:\/\/franciscanos.org.br\/noticias\/wp-content\/uploads\/2025\/05\/IMG_0120-300x300.jpg 300w, https:\/\/franciscanos.org.br\/noticias\/wp-content\/uploads\/2025\/05\/IMG_0120-100x100.jpg 100w\" sizes=\"(max-width: 300px) 100vw, 300px\" \/><\/a>\n\t\t\t<\/dt><\/dl><br style=\"clear: both\" \/>\n\t\t<\/div>\n\n<p>As bebidas e sobremesas foram oferecidas \u00e0 parte, com grande variedade e excelente aceita\u00e7\u00e3o por parte do p\u00fablico, ajudando a aumentar a arrecada\u00e7\u00e3o geral da campanha. Tamb\u00e9m foi promovido um bazar com itens doados, que atraiu a aten\u00e7\u00e3o dos participantes e gerou mais uma oportunidade para contribuir com a causa. A uni\u00e3o entre pais, coralistas e comunidade foi fundamental para o \u00eaxito da a\u00e7\u00e3o, refletindo o compromisso coletivo em apoiar o coral em sua jornada musical.<\/p>\n<p>Mais do que uma refei\u00e7\u00e3o, o encontro se transformou em um momento de confraterniza\u00e7\u00e3o e apoio coletivo \u00e0 trajet\u00f3ria dos Canarinhos. Toda a renda arrecadada ser\u00e1 destinada aos custos relacionados \u00e0 viagem e \u00e0 participa\u00e7\u00e3o do grupo no congresso, consolidando um passo fundamental rumo \u00e0 representa\u00e7\u00e3o internacional do coral.<\/p>\n<p><img loading=\"lazy\" class=\"aligncenter wp-image-257203 size-full\" src=\"https:\/\/franciscanos.org.br\/noticias\/wp-content\/uploads\/2025\/05\/materia2.png\" alt=\"\" width=\"1280\" height=\"720\" srcset=\"https:\/\/franciscanos.org.br\/noticias\/wp-content\/uploads\/2025\/05\/materia2.png 1280w, https:\/\/franciscanos.org.br\/noticias\/wp-content\/uploads\/2025\/05\/materia2-450x253.png 450w, https:\/\/franciscanos.org.br\/noticias\/wp-content\/uploads\/2025\/05\/materia2-1024x576.png 1024w, https:\/\/franciscanos.org.br\/noticias\/wp-content\/uploads\/2025\/05\/materia2-768x432.png 768w, https:\/\/franciscanos.org.br\/noticias\/wp-content\/uploads\/2025\/05\/materia2-150x84.png 150w\" sizes=\"(max-width: 1280px) 100vw, 1280px\" \/><\/p>\n<p>O Instituto agradece a todos que participaram direta ou indiretamente do evento \u2014 desde os organizadores e volunt\u00e1rios at\u00e9 cada pessoa que compareceu e colaborou.<\/p>\n<p>Este ano, o <strong>Coral dos Canarinhos completa 83 anos<\/strong> de exist\u00eancia, uma hist\u00f3ria marcada por v\u00e1rias conquistas que formaram gera\u00e7\u00f5es de coralistas, n\u00e3o somente para o canto, mas para a vida. Ao longo dessa jornada de oito d\u00e9cadas muitas foram as hist\u00f3rias e iniciativas que fazem deste grupo um dos maiores s\u00edmbolos do Canto Coral do Brasil.<\/p>\n<p>A campanha \u201cRumo \u00e0 Alemanha\u201d continua, e o apoio da comunidade \u00e9 indispens\u00e1vel para que os Canarinhos levem sua m\u00fasica cada vez mais longe.<\/p>\n<p>Quer ajudar os canarinhos? Doe qualquer valor, chave pix: 24 999 261 820.<\/p>\n<p>Paz e Bem!<\/p>\n<hr \/>\n<p><em>Frei Gabriel Nogueira<\/em><\/p>\n","protected":false},"excerpt":{"rendered":"<p>A\u00e7\u00e3o Solid\u00e1ria<\/p>\n","protected":false},"author":11,"featured_media":257204,"comment_status":"open","ping_status":"open","sticky":false,"template":"","format":"standard","meta":[],"categories":[1],"tags":[1378,1788],"acf":[],"yoast_head":"<!-- This site is optimized with the Yoast SEO plugin v19.2 - https:\/\/yoast.com\/wordpress\/plugins\/seo\/ -->\n<title>Canarinhos promovem evento solid\u00e1rio rumo \u00e0 Alemanha - Not\u00edcias - Franciscanos<\/title>\n<meta name=\"robots\" content=\"index, follow, max-snippet:-1, max-image-preview:large, max-video-preview:-1\" \/>\n<link rel=\"canonical\" href=\"https:\/\/franciscanos.org.br\/noticias\/canarinhos-promovem-evento-solidario-rumo-a-alemanha.html\" \/>\n<meta property=\"og:locale\" content=\"pt_BR\" \/>\n<meta property=\"og:type\" content=\"article\" \/>\n<meta property=\"og:title\" content=\"Canarinhos promovem evento solid\u00e1rio rumo \u00e0 Alemanha - Not\u00edcias - Franciscanos\" \/>\n<meta property=\"og:description\" content=\"A\u00e7\u00e3o Solid\u00e1ria\" \/>\n<meta property=\"og:url\" content=\"https:\/\/franciscanos.org.br\/noticias\/canarinhos-promovem-evento-solidario-rumo-a-alemanha.html\" \/>\n<meta property=\"og:site_name\" content=\"Not\u00edcias - Franciscanos\" \/>\n<meta property=\"article:published_time\" content=\"2025-05-19T15:14:33+00:00\" \/>\n<meta property=\"og:image\" content=\"https:\/\/franciscanos.org.br\/noticias\/wp-content\/uploads\/2025\/05\/chamada-16.png\" \/>\n\t<meta property=\"og:image:width\" content=\"800\" \/>\n\t<meta property=\"og:image:height\" content=\"550\" \/>\n\t<meta property=\"og:image:type\" content=\"image\/png\" \/>\n<meta name=\"author\" content=\"Adriana Rabelo\" \/>\n<meta name=\"twitter:card\" content=\"summary_large_image\" \/>\n<meta name=\"twitter:label1\" content=\"Escrito por\" \/>\n\t<meta name=\"twitter:data1\" content=\"Adriana Rabelo\" \/>\n\t<meta name=\"twitter:label2\" content=\"Est. tempo de leitura\" \/>\n\t<meta name=\"twitter:data2\" content=\"2 minutos\" \/>\n<script type=\"application\/ld+json\" class=\"yoast-schema-graph\">{\"@context\":\"https:\/\/schema.org\",\"@graph\":[{\"@type\":\"WebSite\",\"@id\":\"https:\/\/franciscanos.org.br\/noticias\/#website\",\"url\":\"https:\/\/franciscanos.org.br\/noticias\/\",\"name\":\"Not\u00edcias - Franciscanos\",\"description\":\"Prov\u00edncia Franciscana da Imaculada Concei\u00e7\u00e3o do Brasil - Ordem dos Frades Menores - OFM\",\"potentialAction\":[{\"@type\":\"SearchAction\",\"target\":{\"@type\":\"EntryPoint\",\"urlTemplate\":\"https:\/\/franciscanos.org.br\/noticias\/?s={search_term_string}\"},\"query-input\":\"required name=search_term_string\"}],\"inLanguage\":\"pt-BR\"},{\"@type\":\"ImageObject\",\"inLanguage\":\"pt-BR\",\"@id\":\"https:\/\/franciscanos.org.br\/noticias\/canarinhos-promovem-evento-solidario-rumo-a-alemanha.html#primaryimage\",\"url\":\"https:\/\/franciscanos.org.br\/noticias\/wp-content\/uploads\/2025\/05\/chamada-16.png\",\"contentUrl\":\"https:\/\/franciscanos.org.br\/noticias\/wp-content\/uploads\/2025\/05\/chamada-16.png\",\"width\":800,\"height\":550},{\"@type\":\"WebPage\",\"@id\":\"https:\/\/franciscanos.org.br\/noticias\/canarinhos-promovem-evento-solidario-rumo-a-alemanha.html#webpage\",\"url\":\"https:\/\/franciscanos.org.br\/noticias\/canarinhos-promovem-evento-solidario-rumo-a-alemanha.html\",\"name\":\"Canarinhos promovem evento solid\u00e1rio rumo \u00e0 Alemanha - Not\u00edcias - Franciscanos\",\"isPartOf\":{\"@id\":\"https:\/\/franciscanos.org.br\/noticias\/#website\"},\"primaryImageOfPage\":{\"@id\":\"https:\/\/franciscanos.org.br\/noticias\/canarinhos-promovem-evento-solidario-rumo-a-alemanha.html#primaryimage\"},\"datePublished\":\"2025-05-19T15:14:33+00:00\",\"dateModified\":\"2025-05-19T15:14:33+00:00\",\"author\":{\"@id\":\"https:\/\/franciscanos.org.br\/noticias\/#\/schema\/person\/d9422e83121c3ad3b0f423d195f5bb25\"},\"breadcrumb\":{\"@id\":\"https:\/\/franciscanos.org.br\/noticias\/canarinhos-promovem-evento-solidario-rumo-a-alemanha.html#breadcrumb\"},\"inLanguage\":\"pt-BR\",\"potentialAction\":[{\"@type\":\"ReadAction\",\"target\":[\"https:\/\/franciscanos.org.br\/noticias\/canarinhos-promovem-evento-solidario-rumo-a-alemanha.html\"]}]},{\"@type\":\"BreadcrumbList\",\"@id\":\"https:\/\/franciscanos.org.br\/noticias\/canarinhos-promovem-evento-solidario-rumo-a-alemanha.html#breadcrumb\",\"itemListElement\":[{\"@type\":\"ListItem\",\"position\":1,\"name\":\"Home\",\"item\":\"https:\/\/franciscanos.org.br\/noticias\"},{\"@type\":\"ListItem\",\"position\":2,\"name\":\"Canarinhos promovem evento solid\u00e1rio rumo \u00e0 Alemanha\"}]},{\"@type\":\"Person\",\"@id\":\"https:\/\/franciscanos.org.br\/noticias\/#\/schema\/person\/d9422e83121c3ad3b0f423d195f5bb25\",\"name\":\"Adriana Rabelo\",\"image\":{\"@type\":\"ImageObject\",\"inLanguage\":\"pt-BR\",\"@id\":\"https:\/\/franciscanos.org.br\/noticias\/#\/schema\/person\/image\/\",\"url\":\"https:\/\/secure.gravatar.com\/avatar\/0a937b7500cd7df77540cfb8bede877d?s=96&d=mm&r=g\",\"contentUrl\":\"https:\/\/secure.gravatar.com\/avatar\/0a937b7500cd7df77540cfb8bede877d?s=96&d=mm&r=g\",\"caption\":\"Adriana Rabelo\"},\"url\":\"https:\/\/franciscanos.org.br\/noticias\/author\/adrianarabelo\"}]}<\/script>\n<!-- \/ Yoast SEO plugin. -->","yoast_head_json":{"title":"Canarinhos promovem evento solid\u00e1rio rumo \u00e0 Alemanha - Not\u00edcias - Franciscanos","robots":{"index":"index","follow":"follow","max-snippet":"max-snippet:-1","max-image-preview":"max-image-preview:large","max-video-preview":"max-video-preview:-1"},"canonical":"https:\/\/franciscanos.org.br\/noticias\/canarinhos-promovem-evento-solidario-rumo-a-alemanha.html","og_locale":"pt_BR","og_type":"article","og_title":"Canarinhos promovem evento solid\u00e1rio rumo \u00e0 Alemanha - Not\u00edcias - Franciscanos","og_description":"A\u00e7\u00e3o Solid\u00e1ria","og_url":"https:\/\/franciscanos.org.br\/noticias\/canarinhos-promovem-evento-solidario-rumo-a-alemanha.html","og_site_name":"Not\u00edcias - Franciscanos","article_published_time":"2025-05-19T15:14:33+00:00","og_image":[{"width":800,"height":550,"url":"https:\/\/franciscanos.org.br\/noticias\/wp-content\/uploads\/2025\/05\/chamada-16.png","type":"image\/png"}],"author":"Adriana Rabelo","twitter_card":"summary_large_image","twitter_misc":{"Escrito por":"Adriana Rabelo","Est. tempo de leitura":"2 minutos"},"schema":{"@context":"https:\/\/schema.org","@graph":[{"@type":"WebSite","@id":"https:\/\/franciscanos.org.br\/noticias\/#website","url":"https:\/\/franciscanos.org.br\/noticias\/","name":"Not\u00edcias - Franciscanos","description":"Prov\u00edncia Franciscana da Imaculada Concei\u00e7\u00e3o do Brasil - Ordem dos Frades Menores - OFM","potentialAction":[{"@type":"SearchAction","target":{"@type":"EntryPoint","urlTemplate":"https:\/\/franciscanos.org.br\/noticias\/?s={search_term_string}"},"query-input":"required name=search_term_string"}],"inLanguage":"pt-BR"},{"@type":"ImageObject","inLanguage":"pt-BR","@id":"https:\/\/franciscanos.org.br\/noticias\/canarinhos-promovem-evento-solidario-rumo-a-alemanha.html#primaryimage","url":"https:\/\/franciscanos.org.br\/noticias\/wp-content\/uploads\/2025\/05\/chamada-16.png","contentUrl":"https:\/\/franciscanos.org.br\/noticias\/wp-content\/uploads\/2025\/05\/chamada-16.png","width":800,"height":550},{"@type":"WebPage","@id":"https:\/\/franciscanos.org.br\/noticias\/canarinhos-promovem-evento-solidario-rumo-a-alemanha.html#webpage","url":"https:\/\/franciscanos.org.br\/noticias\/canarinhos-promovem-evento-solidario-rumo-a-alemanha.html","name":"Canarinhos promovem evento solid\u00e1rio rumo \u00e0 Alemanha - Not\u00edcias - Franciscanos","isPartOf":{"@id":"https:\/\/franciscanos.org.br\/noticias\/#website"},"primaryImageOfPage":{"@id":"https:\/\/franciscanos.org.br\/noticias\/canarinhos-promovem-evento-solidario-rumo-a-alemanha.html#primaryimage"},"datePublished":"2025-05-19T15:14:33+00:00","dateModified":"2025-05-19T15:14:33+00:00","author":{"@id":"https:\/\/franciscanos.org.br\/noticias\/#\/schema\/person\/d9422e83121c3ad3b0f423d195f5bb25"},"breadcrumb":{"@id":"https:\/\/franciscanos.org.br\/noticias\/canarinhos-promovem-evento-solidario-rumo-a-alemanha.html#breadcrumb"},"inLanguage":"pt-BR","potentialAction":[{"@type":"ReadAction","target":["https:\/\/franciscanos.org.br\/noticias\/canarinhos-promovem-evento-solidario-rumo-a-alemanha.html"]}]},{"@type":"BreadcrumbList","@id":"https:\/\/franciscanos.org.br\/noticias\/canarinhos-promovem-evento-solidario-rumo-a-alemanha.html#breadcrumb","itemListElement":[{"@type":"ListItem","position":1,"name":"Home","item":"https:\/\/franciscanos.org.br\/noticias"},{"@type":"ListItem","position":2,"name":"Canarinhos promovem evento solid\u00e1rio rumo \u00e0 Alemanha"}]},{"@type":"Person","@id":"https:\/\/franciscanos.org.br\/noticias\/#\/schema\/person\/d9422e83121c3ad3b0f423d195f5bb25","name":"Adriana Rabelo","image":{"@type":"ImageObject","inLanguage":"pt-BR","@id":"https:\/\/franciscanos.org.br\/noticias\/#\/schema\/person\/image\/","url":"https:\/\/secure.gravatar.com\/avatar\/0a937b7500cd7df77540cfb8bede877d?s=96&d=mm&r=g","contentUrl":"https:\/\/secure.gravatar.com\/avatar\/0a937b7500cd7df77540cfb8bede877d?s=96&d=mm&r=g","caption":"Adriana Rabelo"},"url":"https:\/\/franciscanos.org.br\/noticias\/author\/adrianarabelo"}]}},"_links":{"self":[{"href":"https:\/\/franciscanos.org.br\/noticias\/wp-json\/wp\/v2\/posts\/257198"}],"collection":[{"href":"https:\/\/franciscanos.org.br\/noticias\/wp-json\/wp\/v2\/posts"}],"about":[{"href":"https:\/\/franciscanos.org.br\/noticias\/wp-json\/wp\/v2\/types\/post"}],"author":[{"embeddable":true,"href":"https:\/\/franciscanos.org.br\/noticias\/wp-json\/wp\/v2\/users\/11"}],"replies":[{"embeddable":true,"href":"https:\/\/franciscanos.org.br\/noticias\/wp-json\/wp\/v2\/comments?post=257198"}],"version-history":[{"count":2,"href":"https:\/\/franciscanos.org.br\/noticias\/wp-json\/wp\/v2\/posts\/257198\/revisions"}],"predecessor-version":[{"id":257206,"href":"https:\/\/franciscanos.org.br\/noticias\/wp-json\/wp\/v2\/posts\/257198\/revisions\/257206"}],"wp:featuredmedia":[{"embeddable":true,"href":"https:\/\/franciscanos.org.br\/noticias\/wp-json\/wp\/v2\/media\/257204"}],"wp:attachment":[{"href":"https:\/\/franciscanos.org.br\/noticias\/wp-json\/wp\/v2\/media?parent=257198"}],"wp:term":[{"taxonomy":"category","embeddable":true,"href":"https:\/\/franciscanos.org.br\/noticias\/wp-json\/wp\/v2\/categories?post=257198"},{"taxonomy":"post_tag","embeddable":true,"href":"https:\/\/franciscanos.org.br\/noticias\/wp-json\/wp\/v2\/tags?post=257198"}],"curies":[{"name":"wp","href":"https:\/\/api.w.org\/{rel}","templated":true}]}}