{"id":257164,"date":"2025-05-19T10:49:32","date_gmt":"2025-05-19T13:49:32","guid":{"rendered":"https:\/\/franciscanos.org.br\/noticias\/?p=257164"},"modified":"2026-04-29T11:45:59","modified_gmt":"2026-04-29T14:45:59","slug":"do-sentido-da-vida-a-utopia-de-francisco-encontro-do-alverne-propoe-a-espiritualidade-franciscana-como-caminho","status":"publish","type":"post","link":"https:\/\/franciscanos.org.br\/noticias\/do-sentido-da-vida-a-utopia-de-francisco-encontro-do-alverne-propoe-a-espiritualidade-franciscana-como-caminho.html","title":{"rendered":"Do sentido da vida \u00e0 utopia de Francisco: Encontro do Alverne prop\u00f5e a Espiritualidade Franciscana como caminho!"},"content":{"rendered":"<p><strong><img loading=\"lazy\" class=\"aligncenter wp-image-257166 size-full\" src=\"https:\/\/franciscanos.org.br\/noticias\/wp-content\/uploads\/2025\/05\/MATERIA-17.png\" alt=\"\" width=\"1280\" height=\"720\" srcset=\"https:\/\/franciscanos.org.br\/noticias\/wp-content\/uploads\/2025\/05\/MATERIA-17.png 1280w, https:\/\/franciscanos.org.br\/noticias\/wp-content\/uploads\/2025\/05\/MATERIA-17-450x253.png 450w, https:\/\/franciscanos.org.br\/noticias\/wp-content\/uploads\/2025\/05\/MATERIA-17-1024x576.png 1024w, https:\/\/franciscanos.org.br\/noticias\/wp-content\/uploads\/2025\/05\/MATERIA-17-768x432.png 768w, https:\/\/franciscanos.org.br\/noticias\/wp-content\/uploads\/2025\/05\/MATERIA-17-150x84.png 150w\" sizes=\"(max-width: 1280px) 100vw, 1280px\" \/><\/strong><\/p>\n<p><strong>Colatina (ES) &#8211;\u00a0 <\/strong>Neste final de semana, 17 e 18 de maio, as Juventudes da Par\u00f3quia Santa Clara de Colatina (ES) participaram da segunda etapa do Encontro do Alverne, com o tema \u201cEspiritualidade franciscana como caminho\u201d. O encontro, organizado pelos frades da Equipe de Evangeliza\u00e7\u00e3o das Juventudes da Prov\u00edncia e em parceria com a Pastoral Universit\u00e1ria da USF \u2013 Universidade S\u00e3o Francisco, foi conduzido por Frei\u202fVitorio Mazzuco\u202fFilho, mestre em espiritualidade franciscana, e sua equipe. A primeira etapa da atividade ocorreu em junho de 2024, com o tema: \u201cAs virtudes cavalheiras\u201d.<\/p>\n<p>Logo na primeira forma\u00e7\u00e3o, Frei\u202fVit\u00f3rio desafiou os jovens a refletirem sobre o \u201csentido da vida\u201d, a partir de Viktor\u202fFrankl, mundialmente conhecido por descrever a sua experi\u00eancia dram\u00e1tica em quatro campos de concentra\u00e7\u00e3o nazistas.<\/p>\n<p>A partir da\u00ed, apresentou tr\u00eas grandes sentidos da vida segundo a logoterapia de Frankl: \u201cbiol\u00f3gico: cuidar da sa\u00fade e da vida como dom divino\u201d; \u201csocial\/relacional: cultivar amizades, fam\u00edlia e fraternidade\u201d e \u201cespiritual: buscar um \u2018caminho espiritual\u2019 perene, que ultrapassa as vicissitudes do tempo\u201d.<\/p>\n<p>\u201cEle fala que todos aqueles que sobreviveram eram justamente aqueles que colocaram como prop\u00f3sito para si um sentido de vida. Ent\u00e3o, n\u00e3o sobreviveram porque eram mais fortes ou porque eram mais saud\u00e1veis, mas porque colocaram um sentido de vida\u201d.<\/p>\n<p><img loading=\"lazy\" class=\"aligncenter wp-image-257167 size-full\" src=\"https:\/\/franciscanos.org.br\/noticias\/wp-content\/uploads\/2025\/05\/materia-2-11.png\" alt=\"\" width=\"1280\" height=\"720\" srcset=\"https:\/\/franciscanos.org.br\/noticias\/wp-content\/uploads\/2025\/05\/materia-2-11.png 1280w, https:\/\/franciscanos.org.br\/noticias\/wp-content\/uploads\/2025\/05\/materia-2-11-450x253.png 450w, https:\/\/franciscanos.org.br\/noticias\/wp-content\/uploads\/2025\/05\/materia-2-11-1024x576.png 1024w, https:\/\/franciscanos.org.br\/noticias\/wp-content\/uploads\/2025\/05\/materia-2-11-768x432.png 768w, https:\/\/franciscanos.org.br\/noticias\/wp-content\/uploads\/2025\/05\/materia-2-11-150x84.png 150w\" sizes=\"(max-width: 1280px) 100vw, 1280px\" \/><\/p>\n<p>A partir desse ponto, Frei\u202fVit\u00f3rio convidou os participantes a mergulharem em uma \u201cespiritualidade s\u00f3lida\u201d que sustenta o caminhar di\u00e1rio. Segundo ele, se faz necess\u00e1rio nutrir uma espiritualidade s\u00f3lida na vida. \u201cE essa inspira\u00e7\u00e3o franciscana pode ajudar muita gente\u201d.<\/p>\n<p>Para tornar concreto esse percurso interior, a tarde do primeiro dia do encontro foi marcada pela\u00a0din\u00e2mica da escadaria de Selar\u00f3n, na qual cada jovem expressou, em palavras, desenhos ou s\u00edmbolos, os \u201cdegraus\u201d que deseja subir na pr\u00f3pria f\u00e9. \u201cA vida \u00e9 feita de degraus. Cada vez um degrauzinho a mais\u201d, ensinou Frei\u202fVit\u00f3rio, exibindo imagens da famosa escadaria da Lapa, no Rio de Janeiro, e relacionando-a \u00e0 \u201cvia espiritual\u201d de S\u00e3o\u202fFrancisco, a caminhada da Igreja e os 800 anos do C\u00e2ntico das Criaturas. Assim, os jovens puderam fixar nos degraus do Centro Pastoral da Par\u00f3quia Santa Clara as ilustra\u00e7\u00f5es que produziram.<\/p>\n\n\t\t<style type=\"text\/css\">\n\t\t\t#gallery-1 {\n\t\t\t\tmargin: auto;\n\t\t\t}\n\t\t\t#gallery-1 .gallery-item {\n\t\t\t\tfloat: left;\n\t\t\t\tmargin-top: 10px;\n\t\t\t\ttext-align: center;\n\t\t\t\twidth: 33%;\n\t\t\t}\n\t\t\t#gallery-1 img {\n\t\t\t\tborder: 2px solid #cfcfcf;\n\t\t\t}\n\t\t\t#gallery-1 .gallery-caption {\n\t\t\t\tmargin-left: 0;\n\t\t\t}\n\t\t\t\/* see gallery_shortcode() in wp-includes\/media.php *\/\n\t\t<\/style>\n\t\t<div id='gallery-1' class='gallery galleryid-257164 gallery-columns-3 gallery-size-thumbnail'><dl class='gallery-item'>\n\t\t\t<dt class='gallery-icon portrait'>\n\t\t\t\t<a href='https:\/\/franciscanos.org.br\/noticias\/wp-content\/uploads\/2025\/05\/IMG_9408-scaled.jpg'><img width=\"300\" height=\"300\" src=\"https:\/\/franciscanos.org.br\/noticias\/wp-content\/uploads\/2025\/05\/IMG_9408-300x300.jpg\" class=\"attachment-thumbnail size-thumbnail\" alt=\"\" loading=\"lazy\" srcset=\"https:\/\/franciscanos.org.br\/noticias\/wp-content\/uploads\/2025\/05\/IMG_9408-300x300.jpg 300w, https:\/\/franciscanos.org.br\/noticias\/wp-content\/uploads\/2025\/05\/IMG_9408-100x100.jpg 100w\" sizes=\"(max-width: 300px) 100vw, 300px\" \/><\/a>\n\t\t\t<\/dt><\/dl><dl class='gallery-item'>\n\t\t\t<dt class='gallery-icon portrait'>\n\t\t\t\t<a href='https:\/\/franciscanos.org.br\/noticias\/wp-content\/uploads\/2025\/05\/IMG_9411-scaled.jpg'><img width=\"300\" height=\"300\" src=\"https:\/\/franciscanos.org.br\/noticias\/wp-content\/uploads\/2025\/05\/IMG_9411-300x300.jpg\" class=\"attachment-thumbnail size-thumbnail\" alt=\"\" loading=\"lazy\" srcset=\"https:\/\/franciscanos.org.br\/noticias\/wp-content\/uploads\/2025\/05\/IMG_9411-300x300.jpg 300w, https:\/\/franciscanos.org.br\/noticias\/wp-content\/uploads\/2025\/05\/IMG_9411-100x100.jpg 100w\" sizes=\"(max-width: 300px) 100vw, 300px\" \/><\/a>\n\t\t\t<\/dt><\/dl><dl class='gallery-item'>\n\t\t\t<dt class='gallery-icon portrait'>\n\t\t\t\t<a href='https:\/\/franciscanos.org.br\/noticias\/wp-content\/uploads\/2025\/05\/IMG_9415-scaled.jpg'><img width=\"300\" height=\"300\" src=\"https:\/\/franciscanos.org.br\/noticias\/wp-content\/uploads\/2025\/05\/IMG_9415-300x300.jpg\" class=\"attachment-thumbnail size-thumbnail\" alt=\"\" loading=\"lazy\" srcset=\"https:\/\/franciscanos.org.br\/noticias\/wp-content\/uploads\/2025\/05\/IMG_9415-300x300.jpg 300w, https:\/\/franciscanos.org.br\/noticias\/wp-content\/uploads\/2025\/05\/IMG_9415-100x100.jpg 100w\" sizes=\"(max-width: 300px) 100vw, 300px\" \/><\/a>\n\t\t\t<\/dt><\/dl><br style=\"clear: both\" \/>\n\t\t<\/div>\n\n<p>Ao cair da tarde, os jovens e os fi\u00e9is da Comunidade S\u00e3o Vicente se reuniram para a Celebra\u00e7\u00e3o da Santa Missa, presidida por Frei\u202fVit\u00f3rio e concelebrada pelo p\u00e1roco Frei\u202fPedro de Oliveira Rodrigues e pelo di\u00e1cono Frei David Belineli.<\/p>\n<p>Na homilia, Frei\u202fVit\u00f3rio refletiu sobre o\u00a05\u00ba Domingo da P\u00e1scoa, enfatizando que \u201co caminho significa a din\u00e2mica da exist\u00eancia: a n\u00e3o estagna\u00e7\u00e3o da vida. Vida em movimento, que atravessa fronteiras e abre caminhos\u201d. Citando o livro dos Atos dos Ap\u00f3stolos, lembrou as peregrina\u00e7\u00f5es de Paulo e Barnab\u00e9 e o mart\u00edrio dos primeiros crist\u00e3os, exortando \u00e0 firmeza na f\u00e9 mesmo em meio \u00e0s adversidades:<\/p>\n<p><img loading=\"lazy\" class=\"aligncenter wp-image-257173 size-full\" src=\"https:\/\/franciscanos.org.br\/noticias\/wp-content\/uploads\/2025\/05\/materia3.png\" alt=\"\" width=\"1280\" height=\"720\" srcset=\"https:\/\/franciscanos.org.br\/noticias\/wp-content\/uploads\/2025\/05\/materia3.png 1280w, https:\/\/franciscanos.org.br\/noticias\/wp-content\/uploads\/2025\/05\/materia3-450x253.png 450w, https:\/\/franciscanos.org.br\/noticias\/wp-content\/uploads\/2025\/05\/materia3-1024x576.png 1024w, https:\/\/franciscanos.org.br\/noticias\/wp-content\/uploads\/2025\/05\/materia3-768x432.png 768w, https:\/\/franciscanos.org.br\/noticias\/wp-content\/uploads\/2025\/05\/materia3-150x84.png 150w\" sizes=\"(max-width: 1280px) 100vw, 1280px\" \/><\/p>\n<p>\u201cAmar \u00e9 maravilhoso, mas amar tem a sua flor e a sua dor. Eles dizem que \u00e9 preciso que passemos muitos sofrimentos para entrarmos no reino de Deus. Por isso, a Igreja primitiva nasce do sangue daqueles que testemunharam a f\u00e9\u201d, ressaltou.<\/p>\n<p>No domingo, a programa\u00e7\u00e3o retomou \u00e0s 7h30 com anima\u00e7\u00e3o e caf\u00e9. Frei\u202fVit\u00f3rio iniciou a manh\u00e3 recordando o cuidado com a\u00a0\u201ccasa comum\u201d, alertando para a depend\u00eancia excessiva do celular em detrimento do contato com a natureza e com Deus:<\/p>\n<p>\u201cHoje parece que o celular \u00e9 a coisa mais essencial na vida do ser humano. As coisas importantes que nos levam a uma espiritualidade mais profunda com Deus n\u00f3s deixamos de lado. Esquecemos da nossa casa comum. Vamos come\u00e7ar a priorizar mais a natureza a partir de hoje\u201d, destacou.<\/p>\n\n\t\t<style type=\"text\/css\">\n\t\t\t#gallery-2 {\n\t\t\t\tmargin: auto;\n\t\t\t}\n\t\t\t#gallery-2 .gallery-item {\n\t\t\t\tfloat: left;\n\t\t\t\tmargin-top: 10px;\n\t\t\t\ttext-align: center;\n\t\t\t\twidth: 33%;\n\t\t\t}\n\t\t\t#gallery-2 img {\n\t\t\t\tborder: 2px solid #cfcfcf;\n\t\t\t}\n\t\t\t#gallery-2 .gallery-caption {\n\t\t\t\tmargin-left: 0;\n\t\t\t}\n\t\t\t\/* see gallery_shortcode() in wp-includes\/media.php *\/\n\t\t<\/style>\n\t\t<div id='gallery-2' class='gallery galleryid-257164 gallery-columns-3 gallery-size-thumbnail'><dl class='gallery-item'>\n\t\t\t<dt class='gallery-icon portrait'>\n\t\t\t\t<a href='https:\/\/franciscanos.org.br\/noticias\/wp-content\/uploads\/2025\/05\/ebe8526a-0c24-4aed-9977-77d4dccefd04.jpg'><img width=\"300\" height=\"300\" src=\"https:\/\/franciscanos.org.br\/noticias\/wp-content\/uploads\/2025\/05\/ebe8526a-0c24-4aed-9977-77d4dccefd04-300x300.jpg\" class=\"attachment-thumbnail size-thumbnail\" alt=\"\" loading=\"lazy\" srcset=\"https:\/\/franciscanos.org.br\/noticias\/wp-content\/uploads\/2025\/05\/ebe8526a-0c24-4aed-9977-77d4dccefd04-300x300.jpg 300w, https:\/\/franciscanos.org.br\/noticias\/wp-content\/uploads\/2025\/05\/ebe8526a-0c24-4aed-9977-77d4dccefd04-100x100.jpg 100w\" sizes=\"(max-width: 300px) 100vw, 300px\" \/><\/a>\n\t\t\t<\/dt><\/dl><dl class='gallery-item'>\n\t\t\t<dt class='gallery-icon landscape'>\n\t\t\t\t<a href='https:\/\/franciscanos.org.br\/noticias\/wp-content\/uploads\/2025\/05\/1ae63c8a-bac4-4f6a-914c-df7e51e51e17.jpg'><img width=\"300\" height=\"300\" src=\"https:\/\/franciscanos.org.br\/noticias\/wp-content\/uploads\/2025\/05\/1ae63c8a-bac4-4f6a-914c-df7e51e51e17-300x300.jpg\" class=\"attachment-thumbnail size-thumbnail\" alt=\"\" loading=\"lazy\" srcset=\"https:\/\/franciscanos.org.br\/noticias\/wp-content\/uploads\/2025\/05\/1ae63c8a-bac4-4f6a-914c-df7e51e51e17-300x300.jpg 300w, https:\/\/franciscanos.org.br\/noticias\/wp-content\/uploads\/2025\/05\/1ae63c8a-bac4-4f6a-914c-df7e51e51e17-100x100.jpg 100w\" sizes=\"(max-width: 300px) 100vw, 300px\" \/><\/a>\n\t\t\t<\/dt><\/dl><dl class='gallery-item'>\n\t\t\t<dt class='gallery-icon landscape'>\n\t\t\t\t<a href='https:\/\/franciscanos.org.br\/noticias\/wp-content\/uploads\/2025\/05\/61ee3aaf-baba-4812-b9e3-6221df58728e-scaled.jpg'><img width=\"300\" height=\"300\" src=\"https:\/\/franciscanos.org.br\/noticias\/wp-content\/uploads\/2025\/05\/61ee3aaf-baba-4812-b9e3-6221df58728e-300x300.jpg\" class=\"attachment-thumbnail size-thumbnail\" alt=\"\" loading=\"lazy\" srcset=\"https:\/\/franciscanos.org.br\/noticias\/wp-content\/uploads\/2025\/05\/61ee3aaf-baba-4812-b9e3-6221df58728e-300x300.jpg 300w, https:\/\/franciscanos.org.br\/noticias\/wp-content\/uploads\/2025\/05\/61ee3aaf-baba-4812-b9e3-6221df58728e-100x100.jpg 100w\" sizes=\"(max-width: 300px) 100vw, 300px\" \/><\/a>\n\t\t\t<\/dt><\/dl><br style=\"clear: both\" \/>\n\t\t<\/div>\n\n<p>Em seguida, convidou o grupo a lembrar depoimentos compartilhados: coragem, desejo de encontro \u00edntimo com o divino e a \u201cutopia\u201d de S\u00e3o\u202fFrancisco, que sonhou \u201cum mundo que n\u00e3o existe, mas fez existir\u201d ao plantar o reino de Deus na conviv\u00eancia pac\u00edfica entre todas as criaturas\u00a0. Ele recordou passagens do filme\u00a0<em>Francesco<\/em>, em que a m\u00e3e de Francisco o desafia a sonhar e realizar: \u201cFrancisco, voc\u00ea sonha um mundo que n\u00e3o existe. Mas ele sonhava e fazia existir. Porque sonhar um estado \u00e9tico de valores \u00e9 o para\u00edso da gra\u00e7a\u201d, discorreu Frei Vit\u00f3rio.<\/p>\n<p>Antes do encerramento, Frei\u202fVit\u00f3rio trouxe sua experi\u00eancia como visitador dos frades da Amaz\u00f4nia: \u201cEu fiquei um ano e quatro dias andando por l\u00e1. At\u00e9 que o cacique me perguntou: \u2018Paim quer conhecer a mata?\u2019\u201d. Esse relato sublinhou a import\u00e2ncia de caminhar leve, como quem anda de sand\u00e1lia, sentindo os limites humanos e a consola\u00e7\u00e3o dos passos franciscanos.<\/p>\n<p><img loading=\"lazy\" class=\"aligncenter wp-image-257178 size-full\" src=\"https:\/\/franciscanos.org.br\/noticias\/wp-content\/uploads\/2025\/05\/materia-4-3.png\" alt=\"\" width=\"1280\" height=\"720\" srcset=\"https:\/\/franciscanos.org.br\/noticias\/wp-content\/uploads\/2025\/05\/materia-4-3.png 1280w, https:\/\/franciscanos.org.br\/noticias\/wp-content\/uploads\/2025\/05\/materia-4-3-450x253.png 450w, https:\/\/franciscanos.org.br\/noticias\/wp-content\/uploads\/2025\/05\/materia-4-3-1024x576.png 1024w, https:\/\/franciscanos.org.br\/noticias\/wp-content\/uploads\/2025\/05\/materia-4-3-768x432.png 768w, https:\/\/franciscanos.org.br\/noticias\/wp-content\/uploads\/2025\/05\/materia-4-3-150x84.png 150w\" sizes=\"(max-width: 1280px) 100vw, 1280px\" \/><\/p>\n<p>O encontro culminou num momento comunit\u00e1rio de ora\u00e7\u00e3o e b\u00ean\u00e7\u00e3o final, quando Frei\u202fVit\u00f3rio exortou: \u201cPara a espiritualidade, o caminho tem nome: \u00e9 experi\u00eancia. \u00c9 a sua experi\u00eancia. \u00c9 hist\u00f3ria. \u00c9 cultura. Viver segundo o Esp\u00edrito\u201d. Em seguida, os coordenadores das juventudes agradeceram:<\/p>\n<p>\u201cFoi uma experi\u00eancia enriquecedora, conduzida com muita sabedoria, simplicidade e profunda espiritualidade. Que Deus continue aben\u00e7oando cada um de voc\u00eas nessa miss\u00e3o de evangelizar e formar cora\u00e7\u00f5es segundo o Evangelho\u201d.<\/p>\n<p>Entre risos, c\u00e2nticos e abra\u00e7os, as Juventudes de Colatina encerraram o Encontro do Alverne mais unidas, motivadas a subir novos \u201cdegraus\u201d em sua f\u00e9 e a levar adiante a mensagem franciscana de uma vida marcada pelo movimento.<\/p>\n\n\t\t<style type=\"text\/css\">\n\t\t\t#gallery-3 {\n\t\t\t\tmargin: auto;\n\t\t\t}\n\t\t\t#gallery-3 .gallery-item {\n\t\t\t\tfloat: left;\n\t\t\t\tmargin-top: 10px;\n\t\t\t\ttext-align: center;\n\t\t\t\twidth: 33%;\n\t\t\t}\n\t\t\t#gallery-3 img {\n\t\t\t\tborder: 2px solid #cfcfcf;\n\t\t\t}\n\t\t\t#gallery-3 .gallery-caption {\n\t\t\t\tmargin-left: 0;\n\t\t\t}\n\t\t\t\/* see gallery_shortcode() in wp-includes\/media.php *\/\n\t\t<\/style>\n\t\t<div id='gallery-3' class='gallery galleryid-257164 gallery-columns-3 gallery-size-thumbnail'><dl class='gallery-item'>\n\t\t\t<dt class='gallery-icon landscape'>\n\t\t\t\t<a href='https:\/\/franciscanos.org.br\/noticias\/wp-content\/uploads\/2025\/05\/4a5c3965-a3ce-4409-8f83-460d9be55327-1.jpg'><img width=\"300\" height=\"300\" src=\"https:\/\/franciscanos.org.br\/noticias\/wp-content\/uploads\/2025\/05\/4a5c3965-a3ce-4409-8f83-460d9be55327-1-300x300.jpg\" class=\"attachment-thumbnail size-thumbnail\" alt=\"\" loading=\"lazy\" srcset=\"https:\/\/franciscanos.org.br\/noticias\/wp-content\/uploads\/2025\/05\/4a5c3965-a3ce-4409-8f83-460d9be55327-1-300x300.jpg 300w, https:\/\/franciscanos.org.br\/noticias\/wp-content\/uploads\/2025\/05\/4a5c3965-a3ce-4409-8f83-460d9be55327-1-100x100.jpg 100w\" sizes=\"(max-width: 300px) 100vw, 300px\" \/><\/a>\n\t\t\t<\/dt><\/dl><dl class='gallery-item'>\n\t\t\t<dt class='gallery-icon landscape'>\n\t\t\t\t<a href='https:\/\/franciscanos.org.br\/noticias\/wp-content\/uploads\/2025\/05\/IMG_9509-scaled.jpg'><img width=\"300\" height=\"300\" src=\"https:\/\/franciscanos.org.br\/noticias\/wp-content\/uploads\/2025\/05\/IMG_9509-300x300.jpg\" class=\"attachment-thumbnail size-thumbnail\" alt=\"\" loading=\"lazy\" srcset=\"https:\/\/franciscanos.org.br\/noticias\/wp-content\/uploads\/2025\/05\/IMG_9509-300x300.jpg 300w, https:\/\/franciscanos.org.br\/noticias\/wp-content\/uploads\/2025\/05\/IMG_9509-100x100.jpg 100w\" sizes=\"(max-width: 300px) 100vw, 300px\" \/><\/a>\n\t\t\t<\/dt><\/dl><dl class='gallery-item'>\n\t\t\t<dt class='gallery-icon portrait'>\n\t\t\t\t<a href='https:\/\/franciscanos.org.br\/noticias\/wp-content\/uploads\/2025\/05\/7cf7a615-ef9f-44e1-b0e4-67664075b562-scaled.jpg'><img width=\"300\" height=\"300\" src=\"https:\/\/franciscanos.org.br\/noticias\/wp-content\/uploads\/2025\/05\/7cf7a615-ef9f-44e1-b0e4-67664075b562-300x300.jpg\" class=\"attachment-thumbnail size-thumbnail\" alt=\"\" loading=\"lazy\" srcset=\"https:\/\/franciscanos.org.br\/noticias\/wp-content\/uploads\/2025\/05\/7cf7a615-ef9f-44e1-b0e4-67664075b562-300x300.jpg 300w, https:\/\/franciscanos.org.br\/noticias\/wp-content\/uploads\/2025\/05\/7cf7a615-ef9f-44e1-b0e4-67664075b562-100x100.jpg 100w\" sizes=\"(max-width: 300px) 100vw, 300px\" \/><\/a>\n\t\t\t<\/dt><\/dl><br style=\"clear: both\" \/>\n\t\t<\/div>\n\n<p>O encontro do Alverne em Colatina foi o primeiro deste ano. O pr\u00f3ximo ser\u00e1 em Guaratinguet\u00e1 (SP), entre os dias 2 e 3 de agosto. Em seguida, em Gaspar (SC), nos dias 18 e 19 de outubro e por fim no Rio de Janeiro, em Tangu\u00e1, entre os dias 14 a 16 de novembro. Os Encontros do Alverne se consolidam como um dos momentos mais significativos de forma\u00e7\u00e3o e viv\u00eancia do carisma franciscano para as Juventudes da Prov\u00edncia.<\/p>\n<hr \/>\n<p><em>Frei Augusto Luiz Gabriel (texto), PASCOM da Par\u00f3quia Santa Clara (fotos)<\/em><\/p>\n\n\t\t<style type=\"text\/css\">\n\t\t\t#gallery-4 {\n\t\t\t\tmargin: auto;\n\t\t\t}\n\t\t\t#gallery-4 .gallery-item {\n\t\t\t\tfloat: left;\n\t\t\t\tmargin-top: 10px;\n\t\t\t\ttext-align: center;\n\t\t\t\twidth: 33%;\n\t\t\t}\n\t\t\t#gallery-4 img {\n\t\t\t\tborder: 2px solid #cfcfcf;\n\t\t\t}\n\t\t\t#gallery-4 .gallery-caption {\n\t\t\t\tmargin-left: 0;\n\t\t\t}\n\t\t\t\/* see gallery_shortcode() in wp-includes\/media.php *\/\n\t\t<\/style>\n\t\t<div id='gallery-4' class='gallery galleryid-257164 gallery-columns-3 gallery-size-thumbnail'><dl class='gallery-item'>\n\t\t\t<dt class='gallery-icon portrait'>\n\t\t\t\t<a href='https:\/\/franciscanos.org.br\/noticias\/wp-content\/uploads\/2025\/05\/IMG_9379-scaled.jpg'><img width=\"300\" height=\"300\" src=\"https:\/\/franciscanos.org.br\/noticias\/wp-content\/uploads\/2025\/05\/IMG_9379-300x300.jpg\" class=\"attachment-thumbnail size-thumbnail\" alt=\"\" loading=\"lazy\" srcset=\"https:\/\/franciscanos.org.br\/noticias\/wp-content\/uploads\/2025\/05\/IMG_9379-300x300.jpg 300w, https:\/\/franciscanos.org.br\/noticias\/wp-content\/uploads\/2025\/05\/IMG_9379-100x100.jpg 100w\" sizes=\"(max-width: 300px) 100vw, 300px\" \/><\/a>\n\t\t\t<\/dt><\/dl><dl class='gallery-item'>\n\t\t\t<dt class='gallery-icon landscape'>\n\t\t\t\t<a href='https:\/\/franciscanos.org.br\/noticias\/wp-content\/uploads\/2025\/05\/IMG_9388-scaled.jpg'><img width=\"300\" height=\"300\" src=\"https:\/\/franciscanos.org.br\/noticias\/wp-content\/uploads\/2025\/05\/IMG_9388-300x300.jpg\" class=\"attachment-thumbnail size-thumbnail\" alt=\"\" loading=\"lazy\" srcset=\"https:\/\/franciscanos.org.br\/noticias\/wp-content\/uploads\/2025\/05\/IMG_9388-300x300.jpg 300w, https:\/\/franciscanos.org.br\/noticias\/wp-content\/uploads\/2025\/05\/IMG_9388-100x100.jpg 100w\" sizes=\"(max-width: 300px) 100vw, 300px\" \/><\/a>\n\t\t\t<\/dt><\/dl><dl class='gallery-item'>\n\t\t\t<dt class='gallery-icon portrait'>\n\t\t\t\t<a href='https:\/\/franciscanos.org.br\/noticias\/wp-content\/uploads\/2025\/05\/IMG_9426-scaled.jpg'><img width=\"300\" height=\"300\" src=\"https:\/\/franciscanos.org.br\/noticias\/wp-content\/uploads\/2025\/05\/IMG_9426-300x300.jpg\" class=\"attachment-thumbnail size-thumbnail\" alt=\"\" loading=\"lazy\" srcset=\"https:\/\/franciscanos.org.br\/noticias\/wp-content\/uploads\/2025\/05\/IMG_9426-300x300.jpg 300w, https:\/\/franciscanos.org.br\/noticias\/wp-content\/uploads\/2025\/05\/IMG_9426-100x100.jpg 100w\" sizes=\"(max-width: 300px) 100vw, 300px\" \/><\/a>\n\t\t\t<\/dt><\/dl><br style=\"clear: both\" \/><dl class='gallery-item'>\n\t\t\t<dt class='gallery-icon portrait'>\n\t\t\t\t<a href='https:\/\/franciscanos.org.br\/noticias\/wp-content\/uploads\/2025\/05\/IMG_9428-scaled.jpg'><img width=\"300\" height=\"300\" src=\"https:\/\/franciscanos.org.br\/noticias\/wp-content\/uploads\/2025\/05\/IMG_9428-300x300.jpg\" class=\"attachment-thumbnail size-thumbnail\" alt=\"\" loading=\"lazy\" srcset=\"https:\/\/franciscanos.org.br\/noticias\/wp-content\/uploads\/2025\/05\/IMG_9428-300x300.jpg 300w, https:\/\/franciscanos.org.br\/noticias\/wp-content\/uploads\/2025\/05\/IMG_9428-100x100.jpg 100w\" sizes=\"(max-width: 300px) 100vw, 300px\" \/><\/a>\n\t\t\t<\/dt><\/dl><dl class='gallery-item'>\n\t\t\t<dt class='gallery-icon portrait'>\n\t\t\t\t<a href='https:\/\/franciscanos.org.br\/noticias\/wp-content\/uploads\/2025\/05\/IMG_9430-scaled.jpeg'><img width=\"300\" height=\"300\" src=\"https:\/\/franciscanos.org.br\/noticias\/wp-content\/uploads\/2025\/05\/IMG_9430-300x300.jpeg\" class=\"attachment-thumbnail size-thumbnail\" alt=\"\" loading=\"lazy\" srcset=\"https:\/\/franciscanos.org.br\/noticias\/wp-content\/uploads\/2025\/05\/IMG_9430-300x300.jpeg 300w, https:\/\/franciscanos.org.br\/noticias\/wp-content\/uploads\/2025\/05\/IMG_9430-100x100.jpeg 100w\" sizes=\"(max-width: 300px) 100vw, 300px\" \/><\/a>\n\t\t\t<\/dt><\/dl><dl class='gallery-item'>\n\t\t\t<dt class='gallery-icon portrait'>\n\t\t\t\t<a href='https:\/\/franciscanos.org.br\/noticias\/wp-content\/uploads\/2025\/05\/IMG_9435-scaled.jpeg'><img width=\"300\" height=\"300\" src=\"https:\/\/franciscanos.org.br\/noticias\/wp-content\/uploads\/2025\/05\/IMG_9435-300x300.jpeg\" class=\"attachment-thumbnail size-thumbnail\" alt=\"\" loading=\"lazy\" srcset=\"https:\/\/franciscanos.org.br\/noticias\/wp-content\/uploads\/2025\/05\/IMG_9435-300x300.jpeg 300w, https:\/\/franciscanos.org.br\/noticias\/wp-content\/uploads\/2025\/05\/IMG_9435-100x100.jpeg 100w\" sizes=\"(max-width: 300px) 100vw, 300px\" \/><\/a>\n\t\t\t<\/dt><\/dl><br style=\"clear: both\" \/><dl class='gallery-item'>\n\t\t\t<dt class='gallery-icon portrait'>\n\t\t\t\t<a href='https:\/\/franciscanos.org.br\/noticias\/wp-content\/uploads\/2025\/05\/IMG_9441-scaled.jpg'><img width=\"300\" height=\"300\" src=\"https:\/\/franciscanos.org.br\/noticias\/wp-content\/uploads\/2025\/05\/IMG_9441-300x300.jpg\" class=\"attachment-thumbnail size-thumbnail\" alt=\"\" loading=\"lazy\" srcset=\"https:\/\/franciscanos.org.br\/noticias\/wp-content\/uploads\/2025\/05\/IMG_9441-300x300.jpg 300w, https:\/\/franciscanos.org.br\/noticias\/wp-content\/uploads\/2025\/05\/IMG_9441-100x100.jpg 100w\" sizes=\"(max-width: 300px) 100vw, 300px\" \/><\/a>\n\t\t\t<\/dt><\/dl><dl class='gallery-item'>\n\t\t\t<dt class='gallery-icon portrait'>\n\t\t\t\t<a href='https:\/\/franciscanos.org.br\/noticias\/wp-content\/uploads\/2025\/05\/IMG_9443-scaled.jpg'><img width=\"300\" height=\"300\" src=\"https:\/\/franciscanos.org.br\/noticias\/wp-content\/uploads\/2025\/05\/IMG_9443-300x300.jpg\" class=\"attachment-thumbnail size-thumbnail\" alt=\"\" loading=\"lazy\" srcset=\"https:\/\/franciscanos.org.br\/noticias\/wp-content\/uploads\/2025\/05\/IMG_9443-300x300.jpg 300w, https:\/\/franciscanos.org.br\/noticias\/wp-content\/uploads\/2025\/05\/IMG_9443-100x100.jpg 100w\" sizes=\"(max-width: 300px) 100vw, 300px\" \/><\/a>\n\t\t\t<\/dt><\/dl><dl class='gallery-item'>\n\t\t\t<dt class='gallery-icon portrait'>\n\t\t\t\t<a href='https:\/\/franciscanos.org.br\/noticias\/wp-content\/uploads\/2025\/05\/IMG_9446-scaled.jpg'><img width=\"300\" height=\"300\" src=\"https:\/\/franciscanos.org.br\/noticias\/wp-content\/uploads\/2025\/05\/IMG_9446-300x300.jpg\" class=\"attachment-thumbnail size-thumbnail\" alt=\"\" loading=\"lazy\" srcset=\"https:\/\/franciscanos.org.br\/noticias\/wp-content\/uploads\/2025\/05\/IMG_9446-300x300.jpg 300w, https:\/\/franciscanos.org.br\/noticias\/wp-content\/uploads\/2025\/05\/IMG_9446-100x100.jpg 100w\" sizes=\"(max-width: 300px) 100vw, 300px\" \/><\/a>\n\t\t\t<\/dt><\/dl><br style=\"clear: both\" \/><dl class='gallery-item'>\n\t\t\t<dt class='gallery-icon portrait'>\n\t\t\t\t<a href='https:\/\/franciscanos.org.br\/noticias\/wp-content\/uploads\/2025\/05\/IMG_9447-scaled.jpg'><img width=\"300\" height=\"300\" src=\"https:\/\/franciscanos.org.br\/noticias\/wp-content\/uploads\/2025\/05\/IMG_9447-300x300.jpg\" class=\"attachment-thumbnail size-thumbnail\" alt=\"\" loading=\"lazy\" srcset=\"https:\/\/franciscanos.org.br\/noticias\/wp-content\/uploads\/2025\/05\/IMG_9447-300x300.jpg 300w, https:\/\/franciscanos.org.br\/noticias\/wp-content\/uploads\/2025\/05\/IMG_9447-100x100.jpg 100w\" sizes=\"(max-width: 300px) 100vw, 300px\" \/><\/a>\n\t\t\t<\/dt><\/dl><dl class='gallery-item'>\n\t\t\t<dt class='gallery-icon portrait'>\n\t\t\t\t<a href='https:\/\/franciscanos.org.br\/noticias\/wp-content\/uploads\/2025\/05\/IMG_9449-scaled.jpg'><img width=\"300\" height=\"300\" src=\"https:\/\/franciscanos.org.br\/noticias\/wp-content\/uploads\/2025\/05\/IMG_9449-300x300.jpg\" class=\"attachment-thumbnail size-thumbnail\" alt=\"\" loading=\"lazy\" srcset=\"https:\/\/franciscanos.org.br\/noticias\/wp-content\/uploads\/2025\/05\/IMG_9449-300x300.jpg 300w, https:\/\/franciscanos.org.br\/noticias\/wp-content\/uploads\/2025\/05\/IMG_9449-100x100.jpg 100w\" sizes=\"(max-width: 300px) 100vw, 300px\" \/><\/a>\n\t\t\t<\/dt><\/dl><dl class='gallery-item'>\n\t\t\t<dt class='gallery-icon portrait'>\n\t\t\t\t<a href='https:\/\/franciscanos.org.br\/noticias\/wp-content\/uploads\/2025\/05\/IMG_9453-scaled.jpg'><img width=\"300\" height=\"300\" src=\"https:\/\/franciscanos.org.br\/noticias\/wp-content\/uploads\/2025\/05\/IMG_9453-300x300.jpg\" class=\"attachment-thumbnail size-thumbnail\" alt=\"\" loading=\"lazy\" srcset=\"https:\/\/franciscanos.org.br\/noticias\/wp-content\/uploads\/2025\/05\/IMG_9453-300x300.jpg 300w, https:\/\/franciscanos.org.br\/noticias\/wp-content\/uploads\/2025\/05\/IMG_9453-100x100.jpg 100w\" sizes=\"(max-width: 300px) 100vw, 300px\" \/><\/a>\n\t\t\t<\/dt><\/dl><br style=\"clear: both\" \/><dl class='gallery-item'>\n\t\t\t<dt class='gallery-icon portrait'>\n\t\t\t\t<a href='https:\/\/franciscanos.org.br\/noticias\/wp-content\/uploads\/2025\/05\/IMG_9483-scaled.jpg'><img width=\"300\" height=\"300\" src=\"https:\/\/franciscanos.org.br\/noticias\/wp-content\/uploads\/2025\/05\/IMG_9483-300x300.jpg\" class=\"attachment-thumbnail size-thumbnail\" alt=\"\" loading=\"lazy\" srcset=\"https:\/\/franciscanos.org.br\/noticias\/wp-content\/uploads\/2025\/05\/IMG_9483-300x300.jpg 300w, https:\/\/franciscanos.org.br\/noticias\/wp-content\/uploads\/2025\/05\/IMG_9483-100x100.jpg 100w\" sizes=\"(max-width: 300px) 100vw, 300px\" \/><\/a>\n\t\t\t<\/dt><\/dl><dl class='gallery-item'>\n\t\t\t<dt class='gallery-icon portrait'>\n\t\t\t\t<a href='https:\/\/franciscanos.org.br\/noticias\/wp-content\/uploads\/2025\/05\/IMG_9510-scaled.jpg'><img width=\"300\" height=\"300\" src=\"https:\/\/franciscanos.org.br\/noticias\/wp-content\/uploads\/2025\/05\/IMG_9510-300x300.jpg\" class=\"attachment-thumbnail size-thumbnail\" alt=\"\" loading=\"lazy\" srcset=\"https:\/\/franciscanos.org.br\/noticias\/wp-content\/uploads\/2025\/05\/IMG_9510-300x300.jpg 300w, https:\/\/franciscanos.org.br\/noticias\/wp-content\/uploads\/2025\/05\/IMG_9510-100x100.jpg 100w\" sizes=\"(max-width: 300px) 100vw, 300px\" \/><\/a>\n\t\t\t<\/dt><\/dl><dl class='gallery-item'>\n\t\t\t<dt class='gallery-icon landscape'>\n\t\t\t\t<a href='https:\/\/franciscanos.org.br\/noticias\/wp-content\/uploads\/2025\/05\/61ee3aaf-baba-4812-b9e3-6221df58728e-1-scaled.jpg'><img width=\"300\" height=\"300\" src=\"https:\/\/franciscanos.org.br\/noticias\/wp-content\/uploads\/2025\/05\/61ee3aaf-baba-4812-b9e3-6221df58728e-1-300x300.jpg\" class=\"attachment-thumbnail size-thumbnail\" alt=\"\" loading=\"lazy\" srcset=\"https:\/\/franciscanos.org.br\/noticias\/wp-content\/uploads\/2025\/05\/61ee3aaf-baba-4812-b9e3-6221df58728e-1-300x300.jpg 300w, https:\/\/franciscanos.org.br\/noticias\/wp-content\/uploads\/2025\/05\/61ee3aaf-baba-4812-b9e3-6221df58728e-1-100x100.jpg 100w\" sizes=\"(max-width: 300px) 100vw, 300px\" \/><\/a>\n\t\t\t<\/dt><\/dl><br style=\"clear: both\" \/>\n\t\t<\/div>\n\n","protected":false},"excerpt":{"rendered":"<p>Juventude Franciscana<\/p>\n","protected":false},"author":11,"featured_media":257165,"comment_status":"open","ping_status":"open","sticky":false,"template":"","format":"standard","meta":[],"categories":[1],"tags":[923,478,2178],"acf":[],"yoast_head":"<!-- This site is optimized with the Yoast SEO plugin v19.2 - https:\/\/yoast.com\/wordpress\/plugins\/seo\/ -->\n<title>Do sentido da vida \u00e0 utopia de Francisco: Encontro do Alverne prop\u00f5e a Espiritualidade Franciscana como caminho! - Not\u00edcias - Franciscanos<\/title>\n<meta name=\"robots\" content=\"index, follow, max-snippet:-1, max-image-preview:large, max-video-preview:-1\" \/>\n<link rel=\"canonical\" href=\"https:\/\/franciscanos.org.br\/noticias\/do-sentido-da-vida-a-utopia-de-francisco-encontro-do-alverne-propoe-a-espiritualidade-franciscana-como-caminho.html\" \/>\n<meta property=\"og:locale\" content=\"pt_BR\" \/>\n<meta property=\"og:type\" content=\"article\" \/>\n<meta property=\"og:title\" content=\"Do sentido da vida \u00e0 utopia de Francisco: Encontro do Alverne prop\u00f5e a Espiritualidade Franciscana como caminho! - Not\u00edcias - Franciscanos\" \/>\n<meta property=\"og:description\" content=\"Juventude Franciscana\" \/>\n<meta property=\"og:url\" content=\"https:\/\/franciscanos.org.br\/noticias\/do-sentido-da-vida-a-utopia-de-francisco-encontro-do-alverne-propoe-a-espiritualidade-franciscana-como-caminho.html\" \/>\n<meta property=\"og:site_name\" content=\"Not\u00edcias - Franciscanos\" \/>\n<meta property=\"article:published_time\" content=\"2025-05-19T13:49:32+00:00\" \/>\n<meta property=\"article:modified_time\" content=\"2026-04-29T14:45:59+00:00\" \/>\n<meta property=\"og:image\" content=\"https:\/\/franciscanos.org.br\/noticias\/wp-content\/uploads\/2025\/05\/CHAMADA-15.png\" \/>\n\t<meta property=\"og:image:width\" content=\"800\" \/>\n\t<meta property=\"og:image:height\" content=\"550\" \/>\n\t<meta property=\"og:image:type\" content=\"image\/png\" \/>\n<meta name=\"author\" content=\"Adriana Rabelo\" \/>\n<meta name=\"twitter:card\" content=\"summary_large_image\" \/>\n<meta name=\"twitter:label1\" content=\"Escrito por\" \/>\n\t<meta name=\"twitter:data1\" content=\"Adriana Rabelo\" \/>\n\t<meta name=\"twitter:label2\" content=\"Est. tempo de leitura\" \/>\n\t<meta name=\"twitter:data2\" content=\"5 minutos\" \/>\n<script type=\"application\/ld+json\" class=\"yoast-schema-graph\">{\"@context\":\"https:\/\/schema.org\",\"@graph\":[{\"@type\":\"WebSite\",\"@id\":\"https:\/\/franciscanos.org.br\/noticias\/#website\",\"url\":\"https:\/\/franciscanos.org.br\/noticias\/\",\"name\":\"Not\u00edcias - Franciscanos\",\"description\":\"Prov\u00edncia Franciscana da Imaculada Concei\u00e7\u00e3o do Brasil - Ordem dos Frades Menores - OFM\",\"potentialAction\":[{\"@type\":\"SearchAction\",\"target\":{\"@type\":\"EntryPoint\",\"urlTemplate\":\"https:\/\/franciscanos.org.br\/noticias\/?s={search_term_string}\"},\"query-input\":\"required name=search_term_string\"}],\"inLanguage\":\"pt-BR\"},{\"@type\":\"ImageObject\",\"inLanguage\":\"pt-BR\",\"@id\":\"https:\/\/franciscanos.org.br\/noticias\/do-sentido-da-vida-a-utopia-de-francisco-encontro-do-alverne-propoe-a-espiritualidade-franciscana-como-caminho.html#primaryimage\",\"url\":\"https:\/\/franciscanos.org.br\/noticias\/wp-content\/uploads\/2025\/05\/CHAMADA-15.png\",\"contentUrl\":\"https:\/\/franciscanos.org.br\/noticias\/wp-content\/uploads\/2025\/05\/CHAMADA-15.png\",\"width\":800,\"height\":550},{\"@type\":\"WebPage\",\"@id\":\"https:\/\/franciscanos.org.br\/noticias\/do-sentido-da-vida-a-utopia-de-francisco-encontro-do-alverne-propoe-a-espiritualidade-franciscana-como-caminho.html#webpage\",\"url\":\"https:\/\/franciscanos.org.br\/noticias\/do-sentido-da-vida-a-utopia-de-francisco-encontro-do-alverne-propoe-a-espiritualidade-franciscana-como-caminho.html\",\"name\":\"Do sentido da vida \u00e0 utopia de Francisco: Encontro do Alverne prop\u00f5e a Espiritualidade Franciscana como caminho! - Not\u00edcias - Franciscanos\",\"isPartOf\":{\"@id\":\"https:\/\/franciscanos.org.br\/noticias\/#website\"},\"primaryImageOfPage\":{\"@id\":\"https:\/\/franciscanos.org.br\/noticias\/do-sentido-da-vida-a-utopia-de-francisco-encontro-do-alverne-propoe-a-espiritualidade-franciscana-como-caminho.html#primaryimage\"},\"datePublished\":\"2025-05-19T13:49:32+00:00\",\"dateModified\":\"2026-04-29T14:45:59+00:00\",\"author\":{\"@id\":\"https:\/\/franciscanos.org.br\/noticias\/#\/schema\/person\/d9422e83121c3ad3b0f423d195f5bb25\"},\"breadcrumb\":{\"@id\":\"https:\/\/franciscanos.org.br\/noticias\/do-sentido-da-vida-a-utopia-de-francisco-encontro-do-alverne-propoe-a-espiritualidade-franciscana-como-caminho.html#breadcrumb\"},\"inLanguage\":\"pt-BR\",\"potentialAction\":[{\"@type\":\"ReadAction\",\"target\":[\"https:\/\/franciscanos.org.br\/noticias\/do-sentido-da-vida-a-utopia-de-francisco-encontro-do-alverne-propoe-a-espiritualidade-franciscana-como-caminho.html\"]}]},{\"@type\":\"BreadcrumbList\",\"@id\":\"https:\/\/franciscanos.org.br\/noticias\/do-sentido-da-vida-a-utopia-de-francisco-encontro-do-alverne-propoe-a-espiritualidade-franciscana-como-caminho.html#breadcrumb\",\"itemListElement\":[{\"@type\":\"ListItem\",\"position\":1,\"name\":\"Home\",\"item\":\"https:\/\/franciscanos.org.br\/noticias\"},{\"@type\":\"ListItem\",\"position\":2,\"name\":\"Do sentido da vida \u00e0 utopia de Francisco: Encontro do Alverne prop\u00f5e a Espiritualidade Franciscana como caminho!\"}]},{\"@type\":\"Person\",\"@id\":\"https:\/\/franciscanos.org.br\/noticias\/#\/schema\/person\/d9422e83121c3ad3b0f423d195f5bb25\",\"name\":\"Adriana Rabelo\",\"image\":{\"@type\":\"ImageObject\",\"inLanguage\":\"pt-BR\",\"@id\":\"https:\/\/franciscanos.org.br\/noticias\/#\/schema\/person\/image\/\",\"url\":\"https:\/\/secure.gravatar.com\/avatar\/0a937b7500cd7df77540cfb8bede877d?s=96&d=mm&r=g\",\"contentUrl\":\"https:\/\/secure.gravatar.com\/avatar\/0a937b7500cd7df77540cfb8bede877d?s=96&d=mm&r=g\",\"caption\":\"Adriana Rabelo\"},\"url\":\"https:\/\/franciscanos.org.br\/noticias\/author\/adrianarabelo\"}]}<\/script>\n<!-- \/ Yoast SEO plugin. -->","yoast_head_json":{"title":"Do sentido da vida \u00e0 utopia de Francisco: Encontro do Alverne prop\u00f5e a Espiritualidade Franciscana como caminho! - Not\u00edcias - Franciscanos","robots":{"index":"index","follow":"follow","max-snippet":"max-snippet:-1","max-image-preview":"max-image-preview:large","max-video-preview":"max-video-preview:-1"},"canonical":"https:\/\/franciscanos.org.br\/noticias\/do-sentido-da-vida-a-utopia-de-francisco-encontro-do-alverne-propoe-a-espiritualidade-franciscana-como-caminho.html","og_locale":"pt_BR","og_type":"article","og_title":"Do sentido da vida \u00e0 utopia de Francisco: Encontro do Alverne prop\u00f5e a Espiritualidade Franciscana como caminho! - Not\u00edcias - Franciscanos","og_description":"Juventude Franciscana","og_url":"https:\/\/franciscanos.org.br\/noticias\/do-sentido-da-vida-a-utopia-de-francisco-encontro-do-alverne-propoe-a-espiritualidade-franciscana-como-caminho.html","og_site_name":"Not\u00edcias - Franciscanos","article_published_time":"2025-05-19T13:49:32+00:00","article_modified_time":"2026-04-29T14:45:59+00:00","og_image":[{"width":800,"height":550,"url":"https:\/\/franciscanos.org.br\/noticias\/wp-content\/uploads\/2025\/05\/CHAMADA-15.png","type":"image\/png"}],"author":"Adriana Rabelo","twitter_card":"summary_large_image","twitter_misc":{"Escrito por":"Adriana Rabelo","Est. tempo de leitura":"5 minutos"},"schema":{"@context":"https:\/\/schema.org","@graph":[{"@type":"WebSite","@id":"https:\/\/franciscanos.org.br\/noticias\/#website","url":"https:\/\/franciscanos.org.br\/noticias\/","name":"Not\u00edcias - Franciscanos","description":"Prov\u00edncia Franciscana da Imaculada Concei\u00e7\u00e3o do Brasil - Ordem dos Frades Menores - OFM","potentialAction":[{"@type":"SearchAction","target":{"@type":"EntryPoint","urlTemplate":"https:\/\/franciscanos.org.br\/noticias\/?s={search_term_string}"},"query-input":"required name=search_term_string"}],"inLanguage":"pt-BR"},{"@type":"ImageObject","inLanguage":"pt-BR","@id":"https:\/\/franciscanos.org.br\/noticias\/do-sentido-da-vida-a-utopia-de-francisco-encontro-do-alverne-propoe-a-espiritualidade-franciscana-como-caminho.html#primaryimage","url":"https:\/\/franciscanos.org.br\/noticias\/wp-content\/uploads\/2025\/05\/CHAMADA-15.png","contentUrl":"https:\/\/franciscanos.org.br\/noticias\/wp-content\/uploads\/2025\/05\/CHAMADA-15.png","width":800,"height":550},{"@type":"WebPage","@id":"https:\/\/franciscanos.org.br\/noticias\/do-sentido-da-vida-a-utopia-de-francisco-encontro-do-alverne-propoe-a-espiritualidade-franciscana-como-caminho.html#webpage","url":"https:\/\/franciscanos.org.br\/noticias\/do-sentido-da-vida-a-utopia-de-francisco-encontro-do-alverne-propoe-a-espiritualidade-franciscana-como-caminho.html","name":"Do sentido da vida \u00e0 utopia de Francisco: Encontro do Alverne prop\u00f5e a Espiritualidade Franciscana como caminho! - Not\u00edcias - Franciscanos","isPartOf":{"@id":"https:\/\/franciscanos.org.br\/noticias\/#website"},"primaryImageOfPage":{"@id":"https:\/\/franciscanos.org.br\/noticias\/do-sentido-da-vida-a-utopia-de-francisco-encontro-do-alverne-propoe-a-espiritualidade-franciscana-como-caminho.html#primaryimage"},"datePublished":"2025-05-19T13:49:32+00:00","dateModified":"2026-04-29T14:45:59+00:00","author":{"@id":"https:\/\/franciscanos.org.br\/noticias\/#\/schema\/person\/d9422e83121c3ad3b0f423d195f5bb25"},"breadcrumb":{"@id":"https:\/\/franciscanos.org.br\/noticias\/do-sentido-da-vida-a-utopia-de-francisco-encontro-do-alverne-propoe-a-espiritualidade-franciscana-como-caminho.html#breadcrumb"},"inLanguage":"pt-BR","potentialAction":[{"@type":"ReadAction","target":["https:\/\/franciscanos.org.br\/noticias\/do-sentido-da-vida-a-utopia-de-francisco-encontro-do-alverne-propoe-a-espiritualidade-franciscana-como-caminho.html"]}]},{"@type":"BreadcrumbList","@id":"https:\/\/franciscanos.org.br\/noticias\/do-sentido-da-vida-a-utopia-de-francisco-encontro-do-alverne-propoe-a-espiritualidade-franciscana-como-caminho.html#breadcrumb","itemListElement":[{"@type":"ListItem","position":1,"name":"Home","item":"https:\/\/franciscanos.org.br\/noticias"},{"@type":"ListItem","position":2,"name":"Do sentido da vida \u00e0 utopia de Francisco: Encontro do Alverne prop\u00f5e a Espiritualidade Franciscana como caminho!"}]},{"@type":"Person","@id":"https:\/\/franciscanos.org.br\/noticias\/#\/schema\/person\/d9422e83121c3ad3b0f423d195f5bb25","name":"Adriana Rabelo","image":{"@type":"ImageObject","inLanguage":"pt-BR","@id":"https:\/\/franciscanos.org.br\/noticias\/#\/schema\/person\/image\/","url":"https:\/\/secure.gravatar.com\/avatar\/0a937b7500cd7df77540cfb8bede877d?s=96&d=mm&r=g","contentUrl":"https:\/\/secure.gravatar.com\/avatar\/0a937b7500cd7df77540cfb8bede877d?s=96&d=mm&r=g","caption":"Adriana Rabelo"},"url":"https:\/\/franciscanos.org.br\/noticias\/author\/adrianarabelo"}]}},"_links":{"self":[{"href":"https:\/\/franciscanos.org.br\/noticias\/wp-json\/wp\/v2\/posts\/257164"}],"collection":[{"href":"https:\/\/franciscanos.org.br\/noticias\/wp-json\/wp\/v2\/posts"}],"about":[{"href":"https:\/\/franciscanos.org.br\/noticias\/wp-json\/wp\/v2\/types\/post"}],"author":[{"embeddable":true,"href":"https:\/\/franciscanos.org.br\/noticias\/wp-json\/wp\/v2\/users\/11"}],"replies":[{"embeddable":true,"href":"https:\/\/franciscanos.org.br\/noticias\/wp-json\/wp\/v2\/comments?post=257164"}],"version-history":[{"count":2,"href":"https:\/\/franciscanos.org.br\/noticias\/wp-json\/wp\/v2\/posts\/257164\/revisions"}],"predecessor-version":[{"id":257208,"href":"https:\/\/franciscanos.org.br\/noticias\/wp-json\/wp\/v2\/posts\/257164\/revisions\/257208"}],"wp:featuredmedia":[{"embeddable":true,"href":"https:\/\/franciscanos.org.br\/noticias\/wp-json\/wp\/v2\/media\/257165"}],"wp:attachment":[{"href":"https:\/\/franciscanos.org.br\/noticias\/wp-json\/wp\/v2\/media?parent=257164"}],"wp:term":[{"taxonomy":"category","embeddable":true,"href":"https:\/\/franciscanos.org.br\/noticias\/wp-json\/wp\/v2\/categories?post=257164"},{"taxonomy":"post_tag","embeddable":true,"href":"https:\/\/franciscanos.org.br\/noticias\/wp-json\/wp\/v2\/tags?post=257164"}],"curies":[{"name":"wp","href":"https:\/\/api.w.org\/{rel}","templated":true}]}}