{"id":257129,"date":"2025-05-15T11:10:16","date_gmt":"2025-05-15T14:10:16","guid":{"rendered":"https:\/\/franciscanos.org.br\/noticias\/?p=257129"},"modified":"2025-05-15T14:56:52","modified_gmt":"2025-05-15T17:56:52","slug":"usf-participa-da-jornada-laudato-si-2025","status":"publish","type":"post","link":"https:\/\/franciscanos.org.br\/noticias\/usf-participa-da-jornada-laudato-si-2025.html","title":{"rendered":"USF participa da Jornada Laudato si\u2019 2025"},"content":{"rendered":"<p><img loading=\"lazy\" class=\"aligncenter wp-image-257131 size-full\" src=\"https:\/\/franciscanos.org.br\/noticias\/wp-content\/uploads\/2025\/05\/materia-1-3.png\" alt=\"\" width=\"1280\" height=\"720\" srcset=\"https:\/\/franciscanos.org.br\/noticias\/wp-content\/uploads\/2025\/05\/materia-1-3.png 1280w, https:\/\/franciscanos.org.br\/noticias\/wp-content\/uploads\/2025\/05\/materia-1-3-450x253.png 450w, https:\/\/franciscanos.org.br\/noticias\/wp-content\/uploads\/2025\/05\/materia-1-3-1024x576.png 1024w, https:\/\/franciscanos.org.br\/noticias\/wp-content\/uploads\/2025\/05\/materia-1-3-768x432.png 768w, https:\/\/franciscanos.org.br\/noticias\/wp-content\/uploads\/2025\/05\/materia-1-3-150x84.png 150w\" sizes=\"(max-width: 1280px) 100vw, 1280px\" \/><\/p>\n<p>A Universidade S\u00e3o Francisco (USF) estar\u00e1 presente na Jornada Laudato Si\u2019, uma iniciativa da Pastoral da Ecologia Integral do Regional Sul 1 da CNBB, que visa celebrar os dez anos da Enc\u00edclica Laudato Si\u2019, do Papa Francisco. Para efetuar a inscri\u00e7\u00e3o, <span style=\"color: #0000ff;\"><a style=\"color: #0000ff;\" href=\"https:\/\/www.usf.edu.br\/apps\/eventos\/inscricao\/?evento=341696\"><strong>Clique aqui<\/strong><\/a><\/span>.<\/p>\n<p>Composta por um semin\u00e1rio interuniversit\u00e1rio, celebra\u00e7\u00f5es e atividades comunit\u00e1rias, a Jornada busca mobilizar a sociedade por meio do debate cient\u00edfico acerca das causas dos problemas socioambientais, tanto globais quanto locais. Al\u00e9m disso, prop\u00f5e a reflex\u00e3o sobre a possibilidade de a\u00e7\u00f5es comunit\u00e1rias e pastorais capazes de transformar a realidade, com um olhar especial para os temas relacionados com a quest\u00e3o da \u00e1gua e da Ecologia Integral.<\/p>\n<p>Al\u00e9m da USF, tamb\u00e9m participam dessa a\u00e7\u00e3o representantes de outras institui\u00e7\u00f5es de ensino superior e pesquisa, bem como lideran\u00e7as pastorais das sete sub-regi\u00f5es do Regional Sul 1 da CNBB, especialmente aquelas vinculadas \u00e0 Pastoral da Ecologia Integral ou que a apoiam.<\/p>\n<p><strong>Semin\u00e1rio acad\u00eamico interuniversidades<\/strong><\/p>\n<p>O semin\u00e1rio \u2013 <strong>que ser\u00e1 realizado nos dias 19,20 e 21 de maio \u2013<\/strong>\u00a0 foi elaborado em conjunto com representantes de diferentes Institui\u00e7\u00f5es de Ensino Superior \u2013 confessionais, comunit\u00e1rias, p\u00fablicas e privadas \u2013 localizadas, em sua maioria, no estado de S\u00e3o Paulo, mas tamb\u00e9m de outros estados.<\/p>\n<p>A primeira noite do evento contar\u00e1 com a presen\u00e7a do pesquisador Carlos Nobre (professor titular da C\u00e1tedra de Sustentabilidade da Universidade de S\u00e3o Paulo \u2013 USP e copresidente do Painel Cient\u00edfico para a Amaz\u00f4nia), que concedeu uma entrevista para o <span style=\"color: #0000ff;\"><a style=\"color: #0000ff;\" href=\"https:\/\/franciscanos.org.br\/noticias\/desafios-e-esperancas-na-luta-contra-o-suicidio-ecologico.html#gsc.tab=0\"><strong>site Franciscanos<\/strong><\/a><\/span>, na ocasi\u00e3o\u00a0 da COP 29, em 2024; e de Frei M\u00e1rcio Couto, religioso dominicano. O di\u00e1logo entre ambos pretende ressaltar a import\u00e2ncia da Enc\u00edclica Laudato Si\u2019 para o pensamento antissist\u00eamico e revolucion\u00e1rio, bem como para a salvaguarda da vida no planeta.<\/p>\n<p>A segunda noite dos debates ter\u00e1 a \u00e1gua como tema articulador para as propostas no campo das tecnologias sociais, da educa\u00e7\u00e3o e da a\u00e7\u00e3o pastoral. J\u00e1 a terceira e \u00faltima noite do evento ser\u00e1 dedicada \u00e0 reflex\u00e3o sobre a pertin\u00eancia da Ecologia Integral, refor\u00e7ando sua centralidade para al\u00e9m da Campanha da Fraternidade.<\/p>\n<p><strong>Confira a programa\u00e7\u00e3o<\/strong><\/p>\n<p><strong>Dia 19\/05 (segunda-feira)<\/strong> \u2013 19h \u00e0s 21h30<\/p>\n<p><strong>Tema:<\/strong> \u201c10 anos da Laudato Si: ecologia integral e transforma\u00e7\u00e3o social revolucion\u00e1ria\u201d. Palestrantes: Carlos Nobre (C\u00e1tedra Sustentabilidade USP\/SPA) e Frei M\u00e1rcio Couto, OP. <strong>Link para assistir ao evento <span style=\"color: #0000ff;\"><a style=\"color: #0000ff;\" href=\"https:\/\/www.youtube.com\/watch?v=puguGIl1kRU\">AQUI<\/a><\/span><\/strong>.<\/p>\n<p><strong>Media\u00e7\u00e3o e organiza\u00e7\u00e3o:<\/strong> Prof. Afonso Murad (FAJE), Profa. Bruna Branchi (PUC Campinas) e Prof. Robert Nascimento (UNISAL).<\/p>\n<p><strong>Dia 20\/05 (ter\u00e7a-feira)<\/strong> \u2013 19h \u00e0s 21h30<\/p>\n<p><strong>Tema:<\/strong> \u201c\u00c1gua: fonte de vida por uma ecologia integral\u201d. Palestrantes: Renata Lima Moretto (USF), Maria Lu\u00edsa Palmieri (IPA), Luciano Machado (PEI CNBB Sul1). <strong>Link para assistir ao evento <span style=\"color: #0000ff;\"><a style=\"color: #0000ff;\" href=\"https:\/\/www.youtube.com\/watch?v=0U8dScXBMMs\">AQUI<\/a><\/span>.<\/strong><\/p>\n<p><strong>Media\u00e7\u00e3o e organiza\u00e7\u00e3o:<\/strong> Prof. Francisco Em\u00edlio Surian (UNISANTOS), Prof. Cleber Ferr\u00e3o (UNISANTOS) e Prof. Lucas Andrade (USF).<\/p>\n<p><strong>Dia 21\/05 (quarta-feira)<\/strong> \u2013 19h \u00e0s 21h30<\/p>\n<p><strong>Tema:<\/strong> \u201cA contribui\u00e7\u00e3o da Campanha da Fraternidade para a perenidade da Ecologia Integral\u201d. Palestrante: Luiz Sleutjes (PEI CNBB Sul1). <strong>Link para assistir ao evento <span style=\"color: #0000ff;\"><a style=\"color: #0000ff;\" href=\"https:\/\/www.youtube.com\/watch?v=_-k7wmYtM9A\">AQUI<\/a><\/span><\/strong>.<\/p>\n<p><strong>Media\u00e7\u00e3o e organiza\u00e7\u00e3o:<\/strong> Prof. Douglas Barros \u2013 (PUC Campinas), Prof. Robert Nascimento (Unisal) e Prof. Eraldo Costa Neto (UEFS).<\/p>\n<p><em>Os participantes poder\u00e3o obter certificados emitidos pela Universidade S\u00e3o Francisco, mediante inscri\u00e7\u00e3o gratuita realizada <span style=\"color: #0000ff;\"><a style=\"color: #0000ff;\" href=\"https:\/\/www.usf.edu.br\/apps\/eventos\/inscricao\/?evento=341696\"><strong>AQUI<\/strong><\/a><\/span>.<\/em><\/p>\n<p><strong>Celebra\u00e7\u00f5es: 10 anos da Enc\u00edclica Laudato si&#8217;<\/strong><\/p>\n<p>Comemorar o anivers\u00e1rio de dez anos da Enc\u00edclica Laudato si\u2019, carta dirigida ao cuidado da Casa Comum e a todas as pessoas de boa vontade, no dia de sua promulga\u00e7\u00e3o (24 de maio), \u00e9 uma forma de celebrar e atender a este grande e urgente chamado. Isso ser\u00e1 feito por meio da ora\u00e7\u00e3o em atos inter-religiosos e celebra\u00e7\u00f5es ecum\u00eanicas ou eucar\u00edsticas.<\/p>\n<p>As celebra\u00e7\u00f5es acontecer\u00e3o nas sete sub-regi\u00f5es do Regional Sul 1 da CNBB (S\u00e3o Paulo, Aparecida, Sorocaba, Botucatu e Ribeir\u00e3o Preto 1 e 2).<\/p>\n<p><strong>Confira a agenda, os hor\u00e1rios e os locais das celebra\u00e7\u00f5es <span style=\"color: #0000ff;\"><a style=\"color: #0000ff;\" href=\"https:\/\/ecologiaintegralsul1cnbb.blogspot.com\/p\/programacao-celebracoes-10-anos-da.html\">AQUI<\/a><\/span><\/strong>.<\/p>\n<p><strong>Atividades comunit\u00e1rias<\/strong><\/p>\n<p>O agir tamb\u00e9m estar\u00e1 presente nesta jornada, pois o testemunho \u00e9 a marca fundamental que deve expressar o processo de convers\u00e3o ecol\u00f3gica proposto pela Enc\u00edclica Laudato Si\u2019.<\/p>\n<p>A\u00e7\u00f5es locais ser\u00e3o realizadas, em sua maioria, no dia 25 de maio, ou em datas pr\u00f3ximas, promovidas pela Pastoral da Ecologia Integral nas Arquidioceses e Dioceses do Estado de S\u00e3o Paulo, em parceria com institui\u00e7\u00f5es de ensino e pesquisa, poder p\u00fablico e sociedade civil.<\/p>\n<p><strong>Confira a programa\u00e7\u00e3o completa<\/strong> <span style=\"color: #0000ff;\"><a style=\"color: #0000ff;\" href=\"https:\/\/ecologiaintegralsul1cnbb.blogspot.com\/p\/atividades-comunitarias-da-jornada.html\"><strong>AQUI<\/strong><\/a><\/span>.<\/p>\n<p>Participe da Jornada Laudato Si\u2019 e aproveite a ocasi\u00e3o para ampliar sua forma\u00e7\u00e3o, celebrar e dar testemunho da urgente miss\u00e3o de cuidar do nosso maior bem coletivo: a vida!<\/p>\n<p><strong>Realiza\u00e7\u00e3o:<\/strong><\/p>\n<p>Regional Sul 1 da CNBB<\/p>\n<p>Pastoral da Ecologia Integral Sul 1<\/p>\n<p><strong>Organiza\u00e7\u00e3o:<\/strong><\/p>\n<p>Universidade S\u00e3o Francisco (USF)<\/p>\n<p>Universidade Cat\u00f3lica de Santos (UNISANTOS)<\/p>\n<p>Centro Universit\u00e1rio Sagrado Cora\u00e7\u00e3o (UNISAGRADO)<\/p>\n<p>Pontif\u00edcia Universidade Cat\u00f3lica de Campinas (PUC Campinas)<\/p>\n<p>Centro Nacional de Monitoramento e Alertas de Desastres Naturais (CEMADEN)<\/p>\n<p>Faculdade Jo\u00e3o Paulo II (FAJOPA)<\/p>\n<p>Faculdade Jesu\u00edta de Filosofia e Teologia (FAJE)<\/p>\n<p>FEI \u2013 Funda\u00e7\u00e3o Educacional Inaciana \u201cPe. Sab\u00f3ia de Medeiros\u201d<\/p>\n<p>USP\/Esalq \u2013 OCA \u2013 Laborat\u00f3rio de Pol\u00edtica e Educa\u00e7\u00e3o Ambiental<\/p>\n<p>USP\/ECA \u2013 Escola de Comunica\u00e7\u00e3o e Artes \u2013 Projeto Educom &amp; Clima<\/p>\n<p>Universidade Federal de S\u00e3o Carlos (UFSCar)<\/p>\n<p>Centro Universit\u00e1rio Salesiano de S\u00e3o Paulo (UNISAL)<\/p>\n<p>Centro Universit\u00e1rio Claretiano<\/p>\n<p>Centro Universit\u00e1rio S\u00e3o Camilo<\/p>\n<p>Pontif\u00edcia Universidade Cat\u00f3lica do Paran\u00e1 (PUCPR) \u2013 PPG Teologia<\/p>\n<p>Universidade Estadual de Feira de Santana (UEFS)<\/p>\n<p><strong>Apoio:<\/strong><\/p>\n<p>Associa\u00e7\u00e3o Nacional de Educa\u00e7\u00e3o Cat\u00f3lica do Brasil<\/p>\n<hr \/>\n<p><em>Ana Paula Moreira <strong>\u2013 <\/strong>Marketing e Comunica\u00e7\u00e3o USF e Adriana Rabelo Rodrigues<\/em><\/p>\n","protected":false},"excerpt":{"rendered":"<p>Dez anos Laudato si&#8217;<\/p>\n","protected":false},"author":11,"featured_media":257130,"comment_status":"open","ping_status":"open","sticky":false,"template":"","format":"standard","meta":[],"categories":[1],"tags":[2348,701,354],"acf":[],"yoast_head":"<!-- This site is optimized with the Yoast SEO plugin v19.2 - https:\/\/yoast.com\/wordpress\/plugins\/seo\/ -->\n<title>USF participa da Jornada Laudato si\u2019 2025 - Not\u00edcias - Franciscanos<\/title>\n<meta name=\"robots\" content=\"index, follow, max-snippet:-1, max-image-preview:large, max-video-preview:-1\" \/>\n<link rel=\"canonical\" href=\"https:\/\/franciscanos.org.br\/noticias\/usf-participa-da-jornada-laudato-si-2025.html\" \/>\n<meta property=\"og:locale\" content=\"pt_BR\" \/>\n<meta property=\"og:type\" content=\"article\" \/>\n<meta property=\"og:title\" content=\"USF participa da Jornada Laudato si\u2019 2025 - Not\u00edcias - Franciscanos\" \/>\n<meta property=\"og:description\" content=\"Dez anos Laudato si&#039;\" \/>\n<meta property=\"og:url\" content=\"https:\/\/franciscanos.org.br\/noticias\/usf-participa-da-jornada-laudato-si-2025.html\" \/>\n<meta property=\"og:site_name\" content=\"Not\u00edcias - Franciscanos\" \/>\n<meta property=\"article:published_time\" content=\"2025-05-15T14:10:16+00:00\" \/>\n<meta property=\"article:modified_time\" content=\"2025-05-15T17:56:52+00:00\" \/>\n<meta property=\"og:image\" content=\"https:\/\/franciscanos.org.br\/noticias\/wp-content\/uploads\/2025\/05\/chamada-13.png\" \/>\n\t<meta property=\"og:image:width\" content=\"800\" \/>\n\t<meta property=\"og:image:height\" content=\"550\" \/>\n\t<meta property=\"og:image:type\" content=\"image\/png\" \/>\n<meta name=\"author\" content=\"Adriana Rabelo\" \/>\n<meta name=\"twitter:card\" content=\"summary_large_image\" \/>\n<meta name=\"twitter:label1\" content=\"Escrito por\" \/>\n\t<meta name=\"twitter:data1\" content=\"Adriana Rabelo\" \/>\n\t<meta name=\"twitter:label2\" content=\"Est. tempo de leitura\" \/>\n\t<meta name=\"twitter:data2\" content=\"5 minutos\" \/>\n<script type=\"application\/ld+json\" class=\"yoast-schema-graph\">{\"@context\":\"https:\/\/schema.org\",\"@graph\":[{\"@type\":\"WebSite\",\"@id\":\"https:\/\/franciscanos.org.br\/noticias\/#website\",\"url\":\"https:\/\/franciscanos.org.br\/noticias\/\",\"name\":\"Not\u00edcias - Franciscanos\",\"description\":\"Prov\u00edncia Franciscana da Imaculada Concei\u00e7\u00e3o do Brasil - Ordem dos Frades Menores - OFM\",\"potentialAction\":[{\"@type\":\"SearchAction\",\"target\":{\"@type\":\"EntryPoint\",\"urlTemplate\":\"https:\/\/franciscanos.org.br\/noticias\/?s={search_term_string}\"},\"query-input\":\"required name=search_term_string\"}],\"inLanguage\":\"pt-BR\"},{\"@type\":\"ImageObject\",\"inLanguage\":\"pt-BR\",\"@id\":\"https:\/\/franciscanos.org.br\/noticias\/usf-participa-da-jornada-laudato-si-2025.html#primaryimage\",\"url\":\"https:\/\/franciscanos.org.br\/noticias\/wp-content\/uploads\/2025\/05\/chamada-13.png\",\"contentUrl\":\"https:\/\/franciscanos.org.br\/noticias\/wp-content\/uploads\/2025\/05\/chamada-13.png\",\"width\":800,\"height\":550},{\"@type\":\"WebPage\",\"@id\":\"https:\/\/franciscanos.org.br\/noticias\/usf-participa-da-jornada-laudato-si-2025.html#webpage\",\"url\":\"https:\/\/franciscanos.org.br\/noticias\/usf-participa-da-jornada-laudato-si-2025.html\",\"name\":\"USF participa da Jornada Laudato si\u2019 2025 - Not\u00edcias - Franciscanos\",\"isPartOf\":{\"@id\":\"https:\/\/franciscanos.org.br\/noticias\/#website\"},\"primaryImageOfPage\":{\"@id\":\"https:\/\/franciscanos.org.br\/noticias\/usf-participa-da-jornada-laudato-si-2025.html#primaryimage\"},\"datePublished\":\"2025-05-15T14:10:16+00:00\",\"dateModified\":\"2025-05-15T17:56:52+00:00\",\"author\":{\"@id\":\"https:\/\/franciscanos.org.br\/noticias\/#\/schema\/person\/d9422e83121c3ad3b0f423d195f5bb25\"},\"breadcrumb\":{\"@id\":\"https:\/\/franciscanos.org.br\/noticias\/usf-participa-da-jornada-laudato-si-2025.html#breadcrumb\"},\"inLanguage\":\"pt-BR\",\"potentialAction\":[{\"@type\":\"ReadAction\",\"target\":[\"https:\/\/franciscanos.org.br\/noticias\/usf-participa-da-jornada-laudato-si-2025.html\"]}]},{\"@type\":\"BreadcrumbList\",\"@id\":\"https:\/\/franciscanos.org.br\/noticias\/usf-participa-da-jornada-laudato-si-2025.html#breadcrumb\",\"itemListElement\":[{\"@type\":\"ListItem\",\"position\":1,\"name\":\"Home\",\"item\":\"https:\/\/franciscanos.org.br\/noticias\"},{\"@type\":\"ListItem\",\"position\":2,\"name\":\"USF participa da Jornada Laudato si\u2019 2025\"}]},{\"@type\":\"Person\",\"@id\":\"https:\/\/franciscanos.org.br\/noticias\/#\/schema\/person\/d9422e83121c3ad3b0f423d195f5bb25\",\"name\":\"Adriana Rabelo\",\"image\":{\"@type\":\"ImageObject\",\"inLanguage\":\"pt-BR\",\"@id\":\"https:\/\/franciscanos.org.br\/noticias\/#\/schema\/person\/image\/\",\"url\":\"https:\/\/secure.gravatar.com\/avatar\/0a937b7500cd7df77540cfb8bede877d?s=96&d=mm&r=g\",\"contentUrl\":\"https:\/\/secure.gravatar.com\/avatar\/0a937b7500cd7df77540cfb8bede877d?s=96&d=mm&r=g\",\"caption\":\"Adriana Rabelo\"},\"url\":\"https:\/\/franciscanos.org.br\/noticias\/author\/adrianarabelo\"}]}<\/script>\n<!-- \/ Yoast SEO plugin. -->","yoast_head_json":{"title":"USF participa da Jornada Laudato si\u2019 2025 - Not\u00edcias - Franciscanos","robots":{"index":"index","follow":"follow","max-snippet":"max-snippet:-1","max-image-preview":"max-image-preview:large","max-video-preview":"max-video-preview:-1"},"canonical":"https:\/\/franciscanos.org.br\/noticias\/usf-participa-da-jornada-laudato-si-2025.html","og_locale":"pt_BR","og_type":"article","og_title":"USF participa da Jornada Laudato si\u2019 2025 - Not\u00edcias - Franciscanos","og_description":"Dez anos Laudato si'","og_url":"https:\/\/franciscanos.org.br\/noticias\/usf-participa-da-jornada-laudato-si-2025.html","og_site_name":"Not\u00edcias - Franciscanos","article_published_time":"2025-05-15T14:10:16+00:00","article_modified_time":"2025-05-15T17:56:52+00:00","og_image":[{"width":800,"height":550,"url":"https:\/\/franciscanos.org.br\/noticias\/wp-content\/uploads\/2025\/05\/chamada-13.png","type":"image\/png"}],"author":"Adriana Rabelo","twitter_card":"summary_large_image","twitter_misc":{"Escrito por":"Adriana Rabelo","Est. tempo de leitura":"5 minutos"},"schema":{"@context":"https:\/\/schema.org","@graph":[{"@type":"WebSite","@id":"https:\/\/franciscanos.org.br\/noticias\/#website","url":"https:\/\/franciscanos.org.br\/noticias\/","name":"Not\u00edcias - Franciscanos","description":"Prov\u00edncia Franciscana da Imaculada Concei\u00e7\u00e3o do Brasil - Ordem dos Frades Menores - OFM","potentialAction":[{"@type":"SearchAction","target":{"@type":"EntryPoint","urlTemplate":"https:\/\/franciscanos.org.br\/noticias\/?s={search_term_string}"},"query-input":"required name=search_term_string"}],"inLanguage":"pt-BR"},{"@type":"ImageObject","inLanguage":"pt-BR","@id":"https:\/\/franciscanos.org.br\/noticias\/usf-participa-da-jornada-laudato-si-2025.html#primaryimage","url":"https:\/\/franciscanos.org.br\/noticias\/wp-content\/uploads\/2025\/05\/chamada-13.png","contentUrl":"https:\/\/franciscanos.org.br\/noticias\/wp-content\/uploads\/2025\/05\/chamada-13.png","width":800,"height":550},{"@type":"WebPage","@id":"https:\/\/franciscanos.org.br\/noticias\/usf-participa-da-jornada-laudato-si-2025.html#webpage","url":"https:\/\/franciscanos.org.br\/noticias\/usf-participa-da-jornada-laudato-si-2025.html","name":"USF participa da Jornada Laudato si\u2019 2025 - Not\u00edcias - Franciscanos","isPartOf":{"@id":"https:\/\/franciscanos.org.br\/noticias\/#website"},"primaryImageOfPage":{"@id":"https:\/\/franciscanos.org.br\/noticias\/usf-participa-da-jornada-laudato-si-2025.html#primaryimage"},"datePublished":"2025-05-15T14:10:16+00:00","dateModified":"2025-05-15T17:56:52+00:00","author":{"@id":"https:\/\/franciscanos.org.br\/noticias\/#\/schema\/person\/d9422e83121c3ad3b0f423d195f5bb25"},"breadcrumb":{"@id":"https:\/\/franciscanos.org.br\/noticias\/usf-participa-da-jornada-laudato-si-2025.html#breadcrumb"},"inLanguage":"pt-BR","potentialAction":[{"@type":"ReadAction","target":["https:\/\/franciscanos.org.br\/noticias\/usf-participa-da-jornada-laudato-si-2025.html"]}]},{"@type":"BreadcrumbList","@id":"https:\/\/franciscanos.org.br\/noticias\/usf-participa-da-jornada-laudato-si-2025.html#breadcrumb","itemListElement":[{"@type":"ListItem","position":1,"name":"Home","item":"https:\/\/franciscanos.org.br\/noticias"},{"@type":"ListItem","position":2,"name":"USF participa da Jornada Laudato si\u2019 2025"}]},{"@type":"Person","@id":"https:\/\/franciscanos.org.br\/noticias\/#\/schema\/person\/d9422e83121c3ad3b0f423d195f5bb25","name":"Adriana Rabelo","image":{"@type":"ImageObject","inLanguage":"pt-BR","@id":"https:\/\/franciscanos.org.br\/noticias\/#\/schema\/person\/image\/","url":"https:\/\/secure.gravatar.com\/avatar\/0a937b7500cd7df77540cfb8bede877d?s=96&d=mm&r=g","contentUrl":"https:\/\/secure.gravatar.com\/avatar\/0a937b7500cd7df77540cfb8bede877d?s=96&d=mm&r=g","caption":"Adriana Rabelo"},"url":"https:\/\/franciscanos.org.br\/noticias\/author\/adrianarabelo"}]}},"_links":{"self":[{"href":"https:\/\/franciscanos.org.br\/noticias\/wp-json\/wp\/v2\/posts\/257129"}],"collection":[{"href":"https:\/\/franciscanos.org.br\/noticias\/wp-json\/wp\/v2\/posts"}],"about":[{"href":"https:\/\/franciscanos.org.br\/noticias\/wp-json\/wp\/v2\/types\/post"}],"author":[{"embeddable":true,"href":"https:\/\/franciscanos.org.br\/noticias\/wp-json\/wp\/v2\/users\/11"}],"replies":[{"embeddable":true,"href":"https:\/\/franciscanos.org.br\/noticias\/wp-json\/wp\/v2\/comments?post=257129"}],"version-history":[{"count":7,"href":"https:\/\/franciscanos.org.br\/noticias\/wp-json\/wp\/v2\/posts\/257129\/revisions"}],"predecessor-version":[{"id":257139,"href":"https:\/\/franciscanos.org.br\/noticias\/wp-json\/wp\/v2\/posts\/257129\/revisions\/257139"}],"wp:featuredmedia":[{"embeddable":true,"href":"https:\/\/franciscanos.org.br\/noticias\/wp-json\/wp\/v2\/media\/257130"}],"wp:attachment":[{"href":"https:\/\/franciscanos.org.br\/noticias\/wp-json\/wp\/v2\/media?parent=257129"}],"wp:term":[{"taxonomy":"category","embeddable":true,"href":"https:\/\/franciscanos.org.br\/noticias\/wp-json\/wp\/v2\/categories?post=257129"},{"taxonomy":"post_tag","embeddable":true,"href":"https:\/\/franciscanos.org.br\/noticias\/wp-json\/wp\/v2\/tags?post=257129"}],"curies":[{"name":"wp","href":"https:\/\/api.w.org\/{rel}","templated":true}]}}