{"id":257124,"date":"2025-05-15T10:17:56","date_gmt":"2025-05-15T13:17:56","guid":{"rendered":"https:\/\/franciscanos.org.br\/noticias\/?p=257124"},"modified":"2025-05-15T11:10:55","modified_gmt":"2025-05-15T14:10:55","slug":"cop30-divulga-carta-na-qual-assume-a-enciclica-laudato-si-como-uma-bussola-etica-para-a-mobilizacao-global-da-conferencia","status":"publish","type":"post","link":"https:\/\/franciscanos.org.br\/noticias\/cop30-divulga-carta-na-qual-assume-a-enciclica-laudato-si-como-uma-bussola-etica-para-a-mobilizacao-global-da-conferencia.html","title":{"rendered":"COP30 divulga carta na qual assume a Enc\u00edclica Laudato si&#8217; como uma b\u00fassola \u00e9tica para a mobiliza\u00e7\u00e3o global da Confer\u00eancia"},"content":{"rendered":"<p><img loading=\"lazy\" class=\"aligncenter wp-image-257125 size-full\" src=\"https:\/\/franciscanos.org.br\/noticias\/wp-content\/uploads\/2025\/05\/materia-15.png\" alt=\"\" width=\"1280\" height=\"720\" srcset=\"https:\/\/franciscanos.org.br\/noticias\/wp-content\/uploads\/2025\/05\/materia-15.png 1280w, https:\/\/franciscanos.org.br\/noticias\/wp-content\/uploads\/2025\/05\/materia-15-450x253.png 450w, https:\/\/franciscanos.org.br\/noticias\/wp-content\/uploads\/2025\/05\/materia-15-1024x576.png 1024w, https:\/\/franciscanos.org.br\/noticias\/wp-content\/uploads\/2025\/05\/materia-15-768x432.png 768w, https:\/\/franciscanos.org.br\/noticias\/wp-content\/uploads\/2025\/05\/materia-15-150x84.png 150w\" sizes=\"(max-width: 1280px) 100vw, 1280px\" \/><\/p>\n<p><strong>Bras\u00edlia (DF) \u2013<\/strong> O presidente designado da COP30, a Confer\u00eancia das Na\u00e7\u00f5es Unidas sobre as Mudan\u00e7as Clim\u00e1ticas, Andr\u00e9 Aranha Corr\u00eaa do Lago, divulgou no \u00faltimo dia 8 de maio, uma a carta na qual prop\u00f5e uma nova fase de mobiliza\u00e7\u00e3o global definido na publica\u00e7\u00e3o como \u201cmomento de passar da vis\u00e3o para a a\u00e7\u00e3o, conclamando a comunidade internacional a mobilizar-se diante da urg\u00eancia clim\u00e1tica\u201d.<\/p>\n<p>No documento, o presidente da organiza\u00e7\u00e3o da COP30 assume a Enc\u00edclica Laudato Si\u2019, publicada pelo Papa Francisco, em 24 de maio de 2015, que trata sobre o conceito de ecologia integral e sobre o cuidado com a Casa Comum, com uma b\u00fassola \u00e9tica e um guia pragm\u00e1tico para essa mobiliza\u00e7\u00e3o global.<\/p>\n<p>A Articula\u00e7\u00e3o Igreja Rumo \u00e0 COP30, composta por diversas organiza\u00e7\u00f5es da Igreja Cat\u00f3lica e do campo ecum\u00eanico, entre as quais a Confer\u00eancia Nacional dos Bispos do Brasil, manifestou o seu entusiasmo e esfor\u00e7os de colabora\u00e7\u00e3o com o C\u00edrculo do Balan\u00e7o \u00c9tico Global.<\/p>\n<p>Sobre este reconhecimento, o bispo auxiliar de Bel\u00e9m (PA) e articulador local do Projeto Igreja Rumo \u00e0 COP30, dom Paolo Andreolli (em p\u00e9 na foto) disse que a f\u00e9 nos impulsiona a cuidar da Casa Comum com compaix\u00e3o e coragem. \u201c\u00c9 tempo de uni\u00e3o, de compromisso ativo com a justi\u00e7a clim\u00e1tica e com os mais vulner\u00e1veis\u201d, afirmou.<\/p>\n<p><strong><img loading=\"lazy\" class=\"aligncenter wp-image-257126 size-full\" src=\"https:\/\/franciscanos.org.br\/noticias\/wp-content\/uploads\/2025\/05\/materia1-1.png\" alt=\"\" width=\"1280\" height=\"720\" srcset=\"https:\/\/franciscanos.org.br\/noticias\/wp-content\/uploads\/2025\/05\/materia1-1.png 1280w, https:\/\/franciscanos.org.br\/noticias\/wp-content\/uploads\/2025\/05\/materia1-1-450x253.png 450w, https:\/\/franciscanos.org.br\/noticias\/wp-content\/uploads\/2025\/05\/materia1-1-1024x576.png 1024w, https:\/\/franciscanos.org.br\/noticias\/wp-content\/uploads\/2025\/05\/materia1-1-768x432.png 768w, https:\/\/franciscanos.org.br\/noticias\/wp-content\/uploads\/2025\/05\/materia1-1-150x84.png 150w\" sizes=\"(max-width: 1280px) 100vw, 1280px\" \/><\/strong><\/p>\n<p><strong>C\u00edrculos de lideran\u00e7a<\/strong><\/p>\n<p>Esse per\u00edodo de mobiliza\u00e7\u00e3o global se dar\u00e1 atrav\u00e9s de C\u00edrculos de Lideran\u00e7a: o \u201cC\u00edrculo dos Presidentes das COP\u201d, o \u201cC\u00edrculo dos Povos\u201d,\u00a0 o \u201cC\u00edrculo de Ministros da Fazenda\u201d e o \u201cC\u00edrculo do Balan\u00e7o \u00c9tico Global\u201d.<\/p>\n<p>A Laudato Si\u2019 foi assumida pela organiza\u00e7\u00e3o da COP30 como documento referencial para as discuss\u00f5es no \u00e2mbito do \u201cC\u00edrculo do Balan\u00e7o \u00c9tico Global\u201d que tem por miss\u00e3o elevar a consci\u00eancia global por meio de di\u00e1logos inclusivos em diversas regi\u00f5es, reunindo l\u00edderes pol\u00edticos, intelectuais, acad\u00eamicos, culturais e religiosos, al\u00e9m de vozes de todos os setores da sociedade.<\/p>\n<p>\u201cO apelo da carta da Presid\u00eancia da COP30 \u00e9 claro: precisamos transformar esperan\u00e7a em a\u00e7\u00e3o concreta. E \u00e9 isso que a Igreja tem buscado mobilizar, incentivar, impulsionar. Todos podem contribuir, ao seu modo e desde o seu territ\u00f3rio, com uma resposta efetivamente \u00e0 altura da complexidade do que vivemos\u201d, concluiu Eduardo Nischespois (foto abaixo), do Movimento Laudato Si\u2019 e membro da coordena\u00e7\u00e3o da Articula\u00e7\u00e3o Igreja rumo \u00e0 COP30.<\/p>\n<p>Acesse o documento:<\/p>\n<p><a href=\"https:\/\/franciscanos.org.br\/banca\/wp-content\/uploads\/2025\/05\/2a-Carta-do-Presidente-da-COP30-POR.pdf\"><strong>Carta do presidente designado da COP30<\/strong><\/a><\/p>\n<hr \/>\n<p><em>Willian Bonfim<\/em><\/p>\n<p>Fonte: <a href=\"https:\/\/www.cnbb.org.br\/cop30-divulga-carta-na-qual-assume-a-enciclica-laudato-si-com-uma-bussola-etica-para-a-mobilizacao-global-da-conferencia\/\">https:\/\/www.cnbb.org.br\/cop30-divulga-carta-na-qual-assume-a-enciclica-laudato-si-com-uma-bussola-etica-para-a-mobilizacao-global-da-conferencia\/<\/a><\/p>\n","protected":false},"excerpt":{"rendered":"<p>Enc\u00edclica Laudato Si\u2019<\/p>\n","protected":false},"author":11,"featured_media":257127,"comment_status":"open","ping_status":"open","sticky":false,"template":"","format":"standard","meta":[],"categories":[1],"tags":[29,2347],"acf":[],"yoast_head":"<!-- This site is optimized with the Yoast SEO plugin v19.2 - https:\/\/yoast.com\/wordpress\/plugins\/seo\/ -->\n<title>COP30 divulga carta na qual assume a Enc\u00edclica Laudato si&#039; como uma b\u00fassola \u00e9tica para a mobiliza\u00e7\u00e3o global da Confer\u00eancia - Not\u00edcias - Franciscanos<\/title>\n<meta name=\"robots\" content=\"index, follow, max-snippet:-1, max-image-preview:large, max-video-preview:-1\" \/>\n<link rel=\"canonical\" href=\"https:\/\/franciscanos.org.br\/noticias\/cop30-divulga-carta-na-qual-assume-a-enciclica-laudato-si-como-uma-bussola-etica-para-a-mobilizacao-global-da-conferencia.html\" \/>\n<meta property=\"og:locale\" content=\"pt_BR\" \/>\n<meta property=\"og:type\" content=\"article\" \/>\n<meta property=\"og:title\" content=\"COP30 divulga carta na qual assume a Enc\u00edclica Laudato si&#039; como uma b\u00fassola \u00e9tica para a mobiliza\u00e7\u00e3o global da Confer\u00eancia - Not\u00edcias - Franciscanos\" \/>\n<meta property=\"og:description\" content=\"Enc\u00edclica Laudato Si\u2019\" \/>\n<meta property=\"og:url\" content=\"https:\/\/franciscanos.org.br\/noticias\/cop30-divulga-carta-na-qual-assume-a-enciclica-laudato-si-como-uma-bussola-etica-para-a-mobilizacao-global-da-conferencia.html\" \/>\n<meta property=\"og:site_name\" content=\"Not\u00edcias - Franciscanos\" \/>\n<meta property=\"article:published_time\" content=\"2025-05-15T13:17:56+00:00\" \/>\n<meta property=\"article:modified_time\" content=\"2025-05-15T14:10:55+00:00\" \/>\n<meta property=\"og:image\" content=\"https:\/\/franciscanos.org.br\/noticias\/wp-content\/uploads\/2025\/05\/chamada-12.png\" \/>\n\t<meta property=\"og:image:width\" content=\"800\" \/>\n\t<meta property=\"og:image:height\" content=\"550\" \/>\n\t<meta property=\"og:image:type\" content=\"image\/png\" \/>\n<meta name=\"author\" content=\"Adriana Rabelo\" \/>\n<meta name=\"twitter:card\" content=\"summary_large_image\" \/>\n<meta name=\"twitter:label1\" content=\"Escrito por\" \/>\n\t<meta name=\"twitter:data1\" content=\"Adriana Rabelo\" \/>\n\t<meta name=\"twitter:label2\" content=\"Est. tempo de leitura\" \/>\n\t<meta name=\"twitter:data2\" content=\"2 minutos\" \/>\n<script type=\"application\/ld+json\" class=\"yoast-schema-graph\">{\"@context\":\"https:\/\/schema.org\",\"@graph\":[{\"@type\":\"WebSite\",\"@id\":\"https:\/\/franciscanos.org.br\/noticias\/#website\",\"url\":\"https:\/\/franciscanos.org.br\/noticias\/\",\"name\":\"Not\u00edcias - Franciscanos\",\"description\":\"Prov\u00edncia Franciscana da Imaculada Concei\u00e7\u00e3o do Brasil - Ordem dos Frades Menores - OFM\",\"potentialAction\":[{\"@type\":\"SearchAction\",\"target\":{\"@type\":\"EntryPoint\",\"urlTemplate\":\"https:\/\/franciscanos.org.br\/noticias\/?s={search_term_string}\"},\"query-input\":\"required name=search_term_string\"}],\"inLanguage\":\"pt-BR\"},{\"@type\":\"ImageObject\",\"inLanguage\":\"pt-BR\",\"@id\":\"https:\/\/franciscanos.org.br\/noticias\/cop30-divulga-carta-na-qual-assume-a-enciclica-laudato-si-como-uma-bussola-etica-para-a-mobilizacao-global-da-conferencia.html#primaryimage\",\"url\":\"https:\/\/franciscanos.org.br\/noticias\/wp-content\/uploads\/2025\/05\/chamada-12.png\",\"contentUrl\":\"https:\/\/franciscanos.org.br\/noticias\/wp-content\/uploads\/2025\/05\/chamada-12.png\",\"width\":800,\"height\":550},{\"@type\":\"WebPage\",\"@id\":\"https:\/\/franciscanos.org.br\/noticias\/cop30-divulga-carta-na-qual-assume-a-enciclica-laudato-si-como-uma-bussola-etica-para-a-mobilizacao-global-da-conferencia.html#webpage\",\"url\":\"https:\/\/franciscanos.org.br\/noticias\/cop30-divulga-carta-na-qual-assume-a-enciclica-laudato-si-como-uma-bussola-etica-para-a-mobilizacao-global-da-conferencia.html\",\"name\":\"COP30 divulga carta na qual assume a Enc\u00edclica Laudato si' como uma b\u00fassola \u00e9tica para a mobiliza\u00e7\u00e3o global da Confer\u00eancia - Not\u00edcias - Franciscanos\",\"isPartOf\":{\"@id\":\"https:\/\/franciscanos.org.br\/noticias\/#website\"},\"primaryImageOfPage\":{\"@id\":\"https:\/\/franciscanos.org.br\/noticias\/cop30-divulga-carta-na-qual-assume-a-enciclica-laudato-si-como-uma-bussola-etica-para-a-mobilizacao-global-da-conferencia.html#primaryimage\"},\"datePublished\":\"2025-05-15T13:17:56+00:00\",\"dateModified\":\"2025-05-15T14:10:55+00:00\",\"author\":{\"@id\":\"https:\/\/franciscanos.org.br\/noticias\/#\/schema\/person\/d9422e83121c3ad3b0f423d195f5bb25\"},\"breadcrumb\":{\"@id\":\"https:\/\/franciscanos.org.br\/noticias\/cop30-divulga-carta-na-qual-assume-a-enciclica-laudato-si-como-uma-bussola-etica-para-a-mobilizacao-global-da-conferencia.html#breadcrumb\"},\"inLanguage\":\"pt-BR\",\"potentialAction\":[{\"@type\":\"ReadAction\",\"target\":[\"https:\/\/franciscanos.org.br\/noticias\/cop30-divulga-carta-na-qual-assume-a-enciclica-laudato-si-como-uma-bussola-etica-para-a-mobilizacao-global-da-conferencia.html\"]}]},{\"@type\":\"BreadcrumbList\",\"@id\":\"https:\/\/franciscanos.org.br\/noticias\/cop30-divulga-carta-na-qual-assume-a-enciclica-laudato-si-como-uma-bussola-etica-para-a-mobilizacao-global-da-conferencia.html#breadcrumb\",\"itemListElement\":[{\"@type\":\"ListItem\",\"position\":1,\"name\":\"Home\",\"item\":\"https:\/\/franciscanos.org.br\/noticias\"},{\"@type\":\"ListItem\",\"position\":2,\"name\":\"COP30 divulga carta na qual assume a Enc\u00edclica Laudato si&#8217; como uma b\u00fassola \u00e9tica para a mobiliza\u00e7\u00e3o global da Confer\u00eancia\"}]},{\"@type\":\"Person\",\"@id\":\"https:\/\/franciscanos.org.br\/noticias\/#\/schema\/person\/d9422e83121c3ad3b0f423d195f5bb25\",\"name\":\"Adriana Rabelo\",\"image\":{\"@type\":\"ImageObject\",\"inLanguage\":\"pt-BR\",\"@id\":\"https:\/\/franciscanos.org.br\/noticias\/#\/schema\/person\/image\/\",\"url\":\"https:\/\/secure.gravatar.com\/avatar\/0a937b7500cd7df77540cfb8bede877d?s=96&d=mm&r=g\",\"contentUrl\":\"https:\/\/secure.gravatar.com\/avatar\/0a937b7500cd7df77540cfb8bede877d?s=96&d=mm&r=g\",\"caption\":\"Adriana Rabelo\"},\"url\":\"https:\/\/franciscanos.org.br\/noticias\/author\/adrianarabelo\"}]}<\/script>\n<!-- \/ Yoast SEO plugin. -->","yoast_head_json":{"title":"COP30 divulga carta na qual assume a Enc\u00edclica Laudato si' como uma b\u00fassola \u00e9tica para a mobiliza\u00e7\u00e3o global da Confer\u00eancia - Not\u00edcias - Franciscanos","robots":{"index":"index","follow":"follow","max-snippet":"max-snippet:-1","max-image-preview":"max-image-preview:large","max-video-preview":"max-video-preview:-1"},"canonical":"https:\/\/franciscanos.org.br\/noticias\/cop30-divulga-carta-na-qual-assume-a-enciclica-laudato-si-como-uma-bussola-etica-para-a-mobilizacao-global-da-conferencia.html","og_locale":"pt_BR","og_type":"article","og_title":"COP30 divulga carta na qual assume a Enc\u00edclica Laudato si' como uma b\u00fassola \u00e9tica para a mobiliza\u00e7\u00e3o global da Confer\u00eancia - Not\u00edcias - Franciscanos","og_description":"Enc\u00edclica Laudato Si\u2019","og_url":"https:\/\/franciscanos.org.br\/noticias\/cop30-divulga-carta-na-qual-assume-a-enciclica-laudato-si-como-uma-bussola-etica-para-a-mobilizacao-global-da-conferencia.html","og_site_name":"Not\u00edcias - Franciscanos","article_published_time":"2025-05-15T13:17:56+00:00","article_modified_time":"2025-05-15T14:10:55+00:00","og_image":[{"width":800,"height":550,"url":"https:\/\/franciscanos.org.br\/noticias\/wp-content\/uploads\/2025\/05\/chamada-12.png","type":"image\/png"}],"author":"Adriana Rabelo","twitter_card":"summary_large_image","twitter_misc":{"Escrito por":"Adriana Rabelo","Est. tempo de leitura":"2 minutos"},"schema":{"@context":"https:\/\/schema.org","@graph":[{"@type":"WebSite","@id":"https:\/\/franciscanos.org.br\/noticias\/#website","url":"https:\/\/franciscanos.org.br\/noticias\/","name":"Not\u00edcias - Franciscanos","description":"Prov\u00edncia Franciscana da Imaculada Concei\u00e7\u00e3o do Brasil - Ordem dos Frades Menores - OFM","potentialAction":[{"@type":"SearchAction","target":{"@type":"EntryPoint","urlTemplate":"https:\/\/franciscanos.org.br\/noticias\/?s={search_term_string}"},"query-input":"required name=search_term_string"}],"inLanguage":"pt-BR"},{"@type":"ImageObject","inLanguage":"pt-BR","@id":"https:\/\/franciscanos.org.br\/noticias\/cop30-divulga-carta-na-qual-assume-a-enciclica-laudato-si-como-uma-bussola-etica-para-a-mobilizacao-global-da-conferencia.html#primaryimage","url":"https:\/\/franciscanos.org.br\/noticias\/wp-content\/uploads\/2025\/05\/chamada-12.png","contentUrl":"https:\/\/franciscanos.org.br\/noticias\/wp-content\/uploads\/2025\/05\/chamada-12.png","width":800,"height":550},{"@type":"WebPage","@id":"https:\/\/franciscanos.org.br\/noticias\/cop30-divulga-carta-na-qual-assume-a-enciclica-laudato-si-como-uma-bussola-etica-para-a-mobilizacao-global-da-conferencia.html#webpage","url":"https:\/\/franciscanos.org.br\/noticias\/cop30-divulga-carta-na-qual-assume-a-enciclica-laudato-si-como-uma-bussola-etica-para-a-mobilizacao-global-da-conferencia.html","name":"COP30 divulga carta na qual assume a Enc\u00edclica Laudato si' como uma b\u00fassola \u00e9tica para a mobiliza\u00e7\u00e3o global da Confer\u00eancia - Not\u00edcias - Franciscanos","isPartOf":{"@id":"https:\/\/franciscanos.org.br\/noticias\/#website"},"primaryImageOfPage":{"@id":"https:\/\/franciscanos.org.br\/noticias\/cop30-divulga-carta-na-qual-assume-a-enciclica-laudato-si-como-uma-bussola-etica-para-a-mobilizacao-global-da-conferencia.html#primaryimage"},"datePublished":"2025-05-15T13:17:56+00:00","dateModified":"2025-05-15T14:10:55+00:00","author":{"@id":"https:\/\/franciscanos.org.br\/noticias\/#\/schema\/person\/d9422e83121c3ad3b0f423d195f5bb25"},"breadcrumb":{"@id":"https:\/\/franciscanos.org.br\/noticias\/cop30-divulga-carta-na-qual-assume-a-enciclica-laudato-si-como-uma-bussola-etica-para-a-mobilizacao-global-da-conferencia.html#breadcrumb"},"inLanguage":"pt-BR","potentialAction":[{"@type":"ReadAction","target":["https:\/\/franciscanos.org.br\/noticias\/cop30-divulga-carta-na-qual-assume-a-enciclica-laudato-si-como-uma-bussola-etica-para-a-mobilizacao-global-da-conferencia.html"]}]},{"@type":"BreadcrumbList","@id":"https:\/\/franciscanos.org.br\/noticias\/cop30-divulga-carta-na-qual-assume-a-enciclica-laudato-si-como-uma-bussola-etica-para-a-mobilizacao-global-da-conferencia.html#breadcrumb","itemListElement":[{"@type":"ListItem","position":1,"name":"Home","item":"https:\/\/franciscanos.org.br\/noticias"},{"@type":"ListItem","position":2,"name":"COP30 divulga carta na qual assume a Enc\u00edclica Laudato si&#8217; como uma b\u00fassola \u00e9tica para a mobiliza\u00e7\u00e3o global da Confer\u00eancia"}]},{"@type":"Person","@id":"https:\/\/franciscanos.org.br\/noticias\/#\/schema\/person\/d9422e83121c3ad3b0f423d195f5bb25","name":"Adriana Rabelo","image":{"@type":"ImageObject","inLanguage":"pt-BR","@id":"https:\/\/franciscanos.org.br\/noticias\/#\/schema\/person\/image\/","url":"https:\/\/secure.gravatar.com\/avatar\/0a937b7500cd7df77540cfb8bede877d?s=96&d=mm&r=g","contentUrl":"https:\/\/secure.gravatar.com\/avatar\/0a937b7500cd7df77540cfb8bede877d?s=96&d=mm&r=g","caption":"Adriana Rabelo"},"url":"https:\/\/franciscanos.org.br\/noticias\/author\/adrianarabelo"}]}},"_links":{"self":[{"href":"https:\/\/franciscanos.org.br\/noticias\/wp-json\/wp\/v2\/posts\/257124"}],"collection":[{"href":"https:\/\/franciscanos.org.br\/noticias\/wp-json\/wp\/v2\/posts"}],"about":[{"href":"https:\/\/franciscanos.org.br\/noticias\/wp-json\/wp\/v2\/types\/post"}],"author":[{"embeddable":true,"href":"https:\/\/franciscanos.org.br\/noticias\/wp-json\/wp\/v2\/users\/11"}],"replies":[{"embeddable":true,"href":"https:\/\/franciscanos.org.br\/noticias\/wp-json\/wp\/v2\/comments?post=257124"}],"version-history":[{"count":2,"href":"https:\/\/franciscanos.org.br\/noticias\/wp-json\/wp\/v2\/posts\/257124\/revisions"}],"predecessor-version":[{"id":257135,"href":"https:\/\/franciscanos.org.br\/noticias\/wp-json\/wp\/v2\/posts\/257124\/revisions\/257135"}],"wp:featuredmedia":[{"embeddable":true,"href":"https:\/\/franciscanos.org.br\/noticias\/wp-json\/wp\/v2\/media\/257127"}],"wp:attachment":[{"href":"https:\/\/franciscanos.org.br\/noticias\/wp-json\/wp\/v2\/media?parent=257124"}],"wp:term":[{"taxonomy":"category","embeddable":true,"href":"https:\/\/franciscanos.org.br\/noticias\/wp-json\/wp\/v2\/categories?post=257124"},{"taxonomy":"post_tag","embeddable":true,"href":"https:\/\/franciscanos.org.br\/noticias\/wp-json\/wp\/v2\/tags?post=257124"}],"curies":[{"name":"wp","href":"https:\/\/api.w.org\/{rel}","templated":true}]}}