{"id":257117,"date":"2025-05-15T09:32:53","date_gmt":"2025-05-15T12:32:53","guid":{"rendered":"https:\/\/franciscanos.org.br\/noticias\/?p=257117"},"modified":"2025-05-15T09:33:27","modified_gmt":"2025-05-15T12:33:27","slug":"sefras-no-mutirao-pop-rua-com-refeicoes-e-apoio-a-migrantes","status":"publish","type":"post","link":"https:\/\/franciscanos.org.br\/noticias\/sefras-no-mutirao-pop-rua-com-refeicoes-e-apoio-a-migrantes.html","title":{"rendered":"Sefras no Mutir\u00e3o Pop Rua com refei\u00e7\u00f5es e apoio a migrantes"},"content":{"rendered":"<p><img loading=\"lazy\" class=\"aligncenter wp-image-257118 size-full\" src=\"https:\/\/franciscanos.org.br\/noticias\/wp-content\/uploads\/2025\/05\/materia-14.png\" alt=\"\" width=\"1280\" height=\"720\" srcset=\"https:\/\/franciscanos.org.br\/noticias\/wp-content\/uploads\/2025\/05\/materia-14.png 1280w, https:\/\/franciscanos.org.br\/noticias\/wp-content\/uploads\/2025\/05\/materia-14-450x253.png 450w, https:\/\/franciscanos.org.br\/noticias\/wp-content\/uploads\/2025\/05\/materia-14-1024x576.png 1024w, https:\/\/franciscanos.org.br\/noticias\/wp-content\/uploads\/2025\/05\/materia-14-768x432.png 768w, https:\/\/franciscanos.org.br\/noticias\/wp-content\/uploads\/2025\/05\/materia-14-150x84.png 150w\" sizes=\"(max-width: 1280px) 100vw, 1280px\" \/><\/p>\n<p><strong>S\u00e3o Paulo (SP)<\/strong> \u2013 A\u00e7\u00e3o Social Franciscana est\u00e1 entre as organiza\u00e7\u00f5es participantes do Mutir\u00e3o Pop Rua Jud Sampa, que oferece atendimento gratuito \u00e0 popula\u00e7\u00e3o em situa\u00e7\u00e3o de rua. A a\u00e7\u00e3o teve in\u00edcio na segunda-feira (12), na Pra\u00e7a da S\u00e9, no centro de S\u00e3o Paulo. A iniciativa, coordenada pelo Tribunal Regional Federal da 3\u00aa Regi\u00e3o e pelo Tribunal de Justi\u00e7a de S\u00e3o Paulo, ocorre at\u00e9 sexta-feira (16), das 10h \u00e0s 15h, com uma s\u00e9rie de servi\u00e7os voltados \u00e0s pessoas em situa\u00e7\u00e3o de vulnerabilidade.<\/p>\n<p>Durante toda a semana, o p\u00fablico poder\u00e1 contar com emiss\u00e3o de documentos, inscri\u00e7\u00f5es em programas sociais, atendimentos jur\u00eddicos e orienta\u00e7\u00f5es diversas. Tamb\u00e9m ser\u00e3o distribu\u00eddas cerca de 2.000 refei\u00e7\u00f5es por dia, sendo 800 delas fornecidas pelo Sefras, por meio da Casa Franciscana \u2013 Ch\u00e1 do Padre.<\/p>\n<p>Al\u00e9m da alimenta\u00e7\u00e3o, o Sefras levou ao mutir\u00e3o o CRAI M\u00f3vel \u2013 equipamento itinerante voltado ao acolhimento de migrantes e refugiados. No local, a equipe realiza atendimentos voltados \u00e0 regulariza\u00e7\u00e3o migrat\u00f3ria, apoio na emiss\u00e3o de documentos e encaminhamentos para servi\u00e7os p\u00fablicos, sempre com escuta atenta e acolhimento humano.<\/p>\n<p><img loading=\"lazy\" class=\"aligncenter wp-image-257119 size-full\" src=\"https:\/\/franciscanos.org.br\/noticias\/wp-content\/uploads\/2025\/05\/materia-4-2.png\" alt=\"\" width=\"1280\" height=\"720\" srcset=\"https:\/\/franciscanos.org.br\/noticias\/wp-content\/uploads\/2025\/05\/materia-4-2.png 1280w, https:\/\/franciscanos.org.br\/noticias\/wp-content\/uploads\/2025\/05\/materia-4-2-450x253.png 450w, https:\/\/franciscanos.org.br\/noticias\/wp-content\/uploads\/2025\/05\/materia-4-2-1024x576.png 1024w, https:\/\/franciscanos.org.br\/noticias\/wp-content\/uploads\/2025\/05\/materia-4-2-768x432.png 768w, https:\/\/franciscanos.org.br\/noticias\/wp-content\/uploads\/2025\/05\/materia-4-2-150x84.png 150w\" sizes=\"(max-width: 1280px) 100vw, 1280px\" \/><\/p>\n<p>Para Frei Tiago Elias, vice-presidente do Sefras, estar presente em a\u00e7\u00f5es como essa \u00e9 parte do carisma franciscano que sustenta o trabalho da organiza\u00e7\u00e3o: \u201cN\u00e3o basta ver a dor \u2014 \u00e9 preciso agir diante dela. O Sefras acredita que ningu\u00e9m pode ser privado de dignidade por estar nas ruas ou por ter migrado em busca de sobreviv\u00eancia. Estar aqui \u00e9 reafirmar nosso compromisso com a justi\u00e7a, com a escuta e com a presen\u00e7a transformadora.\u201d<\/p>\n<p><img loading=\"lazy\" class=\"aligncenter wp-image-257120 size-full\" src=\"https:\/\/franciscanos.org.br\/noticias\/wp-content\/uploads\/2025\/05\/materia-3-2.png\" alt=\"\" width=\"1280\" height=\"720\" srcset=\"https:\/\/franciscanos.org.br\/noticias\/wp-content\/uploads\/2025\/05\/materia-3-2.png 1280w, https:\/\/franciscanos.org.br\/noticias\/wp-content\/uploads\/2025\/05\/materia-3-2-450x253.png 450w, https:\/\/franciscanos.org.br\/noticias\/wp-content\/uploads\/2025\/05\/materia-3-2-1024x576.png 1024w, https:\/\/franciscanos.org.br\/noticias\/wp-content\/uploads\/2025\/05\/materia-3-2-768x432.png 768w, https:\/\/franciscanos.org.br\/noticias\/wp-content\/uploads\/2025\/05\/materia-3-2-150x84.png 150w\" sizes=\"(max-width: 1280px) 100vw, 1280px\" \/><\/p>\n<p>O mutir\u00e3o \u00e9 uma iniciativa concreta para garantir que pessoas historicamente exclu\u00eddas possam acessar direitos b\u00e1sicos e reconstruir seus caminhos com mais autonomia e dignidade. O Sefras segue fazendo parte dessa constru\u00e7\u00e3o, com presen\u00e7a, afeto e a\u00e7\u00e3o.<\/p>\n<hr \/>\n<p><em>Melissa Galdino\u2013\u00a0 Sefras <\/em><\/p>\n","protected":false},"excerpt":{"rendered":"<p>A\u00e7\u00e3o Social Franciscana<\/p>\n","protected":false},"author":11,"featured_media":257121,"comment_status":"open","ping_status":"open","sticky":false,"template":"","format":"standard","meta":[],"categories":[1],"tags":[2346,228],"acf":[],"yoast_head":"<!-- This site is optimized with the Yoast SEO plugin v19.2 - https:\/\/yoast.com\/wordpress\/plugins\/seo\/ -->\n<title>Sefras no Mutir\u00e3o Pop Rua com refei\u00e7\u00f5es e apoio a migrantes - Not\u00edcias - Franciscanos<\/title>\n<meta name=\"robots\" content=\"index, follow, max-snippet:-1, max-image-preview:large, max-video-preview:-1\" \/>\n<link rel=\"canonical\" href=\"https:\/\/franciscanos.org.br\/noticias\/sefras-no-mutirao-pop-rua-com-refeicoes-e-apoio-a-migrantes.html\" \/>\n<meta property=\"og:locale\" content=\"pt_BR\" \/>\n<meta property=\"og:type\" content=\"article\" \/>\n<meta property=\"og:title\" content=\"Sefras no Mutir\u00e3o Pop Rua com refei\u00e7\u00f5es e apoio a migrantes - Not\u00edcias - Franciscanos\" \/>\n<meta property=\"og:description\" content=\"A\u00e7\u00e3o Social Franciscana\" \/>\n<meta property=\"og:url\" content=\"https:\/\/franciscanos.org.br\/noticias\/sefras-no-mutirao-pop-rua-com-refeicoes-e-apoio-a-migrantes.html\" \/>\n<meta property=\"og:site_name\" content=\"Not\u00edcias - Franciscanos\" \/>\n<meta property=\"article:published_time\" content=\"2025-05-15T12:32:53+00:00\" \/>\n<meta property=\"article:modified_time\" content=\"2025-05-15T12:33:27+00:00\" \/>\n<meta property=\"og:image\" content=\"https:\/\/franciscanos.org.br\/noticias\/wp-content\/uploads\/2025\/05\/chamada-11.png\" \/>\n\t<meta property=\"og:image:width\" content=\"800\" \/>\n\t<meta property=\"og:image:height\" content=\"550\" \/>\n\t<meta property=\"og:image:type\" content=\"image\/png\" \/>\n<meta name=\"author\" content=\"Adriana Rabelo\" \/>\n<meta name=\"twitter:card\" content=\"summary_large_image\" \/>\n<meta name=\"twitter:label1\" content=\"Escrito por\" \/>\n\t<meta name=\"twitter:data1\" content=\"Adriana Rabelo\" \/>\n\t<meta name=\"twitter:label2\" content=\"Est. tempo de leitura\" \/>\n\t<meta name=\"twitter:data2\" content=\"3 minutos\" \/>\n<script type=\"application\/ld+json\" class=\"yoast-schema-graph\">{\"@context\":\"https:\/\/schema.org\",\"@graph\":[{\"@type\":\"WebSite\",\"@id\":\"https:\/\/franciscanos.org.br\/noticias\/#website\",\"url\":\"https:\/\/franciscanos.org.br\/noticias\/\",\"name\":\"Not\u00edcias - Franciscanos\",\"description\":\"Prov\u00edncia Franciscana da Imaculada Concei\u00e7\u00e3o do Brasil - Ordem dos Frades Menores - OFM\",\"potentialAction\":[{\"@type\":\"SearchAction\",\"target\":{\"@type\":\"EntryPoint\",\"urlTemplate\":\"https:\/\/franciscanos.org.br\/noticias\/?s={search_term_string}\"},\"query-input\":\"required name=search_term_string\"}],\"inLanguage\":\"pt-BR\"},{\"@type\":\"ImageObject\",\"inLanguage\":\"pt-BR\",\"@id\":\"https:\/\/franciscanos.org.br\/noticias\/sefras-no-mutirao-pop-rua-com-refeicoes-e-apoio-a-migrantes.html#primaryimage\",\"url\":\"https:\/\/franciscanos.org.br\/noticias\/wp-content\/uploads\/2025\/05\/chamada-11.png\",\"contentUrl\":\"https:\/\/franciscanos.org.br\/noticias\/wp-content\/uploads\/2025\/05\/chamada-11.png\",\"width\":800,\"height\":550},{\"@type\":\"WebPage\",\"@id\":\"https:\/\/franciscanos.org.br\/noticias\/sefras-no-mutirao-pop-rua-com-refeicoes-e-apoio-a-migrantes.html#webpage\",\"url\":\"https:\/\/franciscanos.org.br\/noticias\/sefras-no-mutirao-pop-rua-com-refeicoes-e-apoio-a-migrantes.html\",\"name\":\"Sefras no Mutir\u00e3o Pop Rua com refei\u00e7\u00f5es e apoio a migrantes - Not\u00edcias - Franciscanos\",\"isPartOf\":{\"@id\":\"https:\/\/franciscanos.org.br\/noticias\/#website\"},\"primaryImageOfPage\":{\"@id\":\"https:\/\/franciscanos.org.br\/noticias\/sefras-no-mutirao-pop-rua-com-refeicoes-e-apoio-a-migrantes.html#primaryimage\"},\"datePublished\":\"2025-05-15T12:32:53+00:00\",\"dateModified\":\"2025-05-15T12:33:27+00:00\",\"author\":{\"@id\":\"https:\/\/franciscanos.org.br\/noticias\/#\/schema\/person\/d9422e83121c3ad3b0f423d195f5bb25\"},\"breadcrumb\":{\"@id\":\"https:\/\/franciscanos.org.br\/noticias\/sefras-no-mutirao-pop-rua-com-refeicoes-e-apoio-a-migrantes.html#breadcrumb\"},\"inLanguage\":\"pt-BR\",\"potentialAction\":[{\"@type\":\"ReadAction\",\"target\":[\"https:\/\/franciscanos.org.br\/noticias\/sefras-no-mutirao-pop-rua-com-refeicoes-e-apoio-a-migrantes.html\"]}]},{\"@type\":\"BreadcrumbList\",\"@id\":\"https:\/\/franciscanos.org.br\/noticias\/sefras-no-mutirao-pop-rua-com-refeicoes-e-apoio-a-migrantes.html#breadcrumb\",\"itemListElement\":[{\"@type\":\"ListItem\",\"position\":1,\"name\":\"Home\",\"item\":\"https:\/\/franciscanos.org.br\/noticias\"},{\"@type\":\"ListItem\",\"position\":2,\"name\":\"Sefras no Mutir\u00e3o Pop Rua com refei\u00e7\u00f5es e apoio a migrantes\"}]},{\"@type\":\"Person\",\"@id\":\"https:\/\/franciscanos.org.br\/noticias\/#\/schema\/person\/d9422e83121c3ad3b0f423d195f5bb25\",\"name\":\"Adriana Rabelo\",\"image\":{\"@type\":\"ImageObject\",\"inLanguage\":\"pt-BR\",\"@id\":\"https:\/\/franciscanos.org.br\/noticias\/#\/schema\/person\/image\/\",\"url\":\"https:\/\/secure.gravatar.com\/avatar\/0a937b7500cd7df77540cfb8bede877d?s=96&d=mm&r=g\",\"contentUrl\":\"https:\/\/secure.gravatar.com\/avatar\/0a937b7500cd7df77540cfb8bede877d?s=96&d=mm&r=g\",\"caption\":\"Adriana Rabelo\"},\"url\":\"https:\/\/franciscanos.org.br\/noticias\/author\/adrianarabelo\"}]}<\/script>\n<!-- \/ Yoast SEO plugin. -->","yoast_head_json":{"title":"Sefras no Mutir\u00e3o Pop Rua com refei\u00e7\u00f5es e apoio a migrantes - Not\u00edcias - Franciscanos","robots":{"index":"index","follow":"follow","max-snippet":"max-snippet:-1","max-image-preview":"max-image-preview:large","max-video-preview":"max-video-preview:-1"},"canonical":"https:\/\/franciscanos.org.br\/noticias\/sefras-no-mutirao-pop-rua-com-refeicoes-e-apoio-a-migrantes.html","og_locale":"pt_BR","og_type":"article","og_title":"Sefras no Mutir\u00e3o Pop Rua com refei\u00e7\u00f5es e apoio a migrantes - Not\u00edcias - Franciscanos","og_description":"A\u00e7\u00e3o Social Franciscana","og_url":"https:\/\/franciscanos.org.br\/noticias\/sefras-no-mutirao-pop-rua-com-refeicoes-e-apoio-a-migrantes.html","og_site_name":"Not\u00edcias - Franciscanos","article_published_time":"2025-05-15T12:32:53+00:00","article_modified_time":"2025-05-15T12:33:27+00:00","og_image":[{"width":800,"height":550,"url":"https:\/\/franciscanos.org.br\/noticias\/wp-content\/uploads\/2025\/05\/chamada-11.png","type":"image\/png"}],"author":"Adriana Rabelo","twitter_card":"summary_large_image","twitter_misc":{"Escrito por":"Adriana Rabelo","Est. tempo de leitura":"3 minutos"},"schema":{"@context":"https:\/\/schema.org","@graph":[{"@type":"WebSite","@id":"https:\/\/franciscanos.org.br\/noticias\/#website","url":"https:\/\/franciscanos.org.br\/noticias\/","name":"Not\u00edcias - Franciscanos","description":"Prov\u00edncia Franciscana da Imaculada Concei\u00e7\u00e3o do Brasil - Ordem dos Frades Menores - OFM","potentialAction":[{"@type":"SearchAction","target":{"@type":"EntryPoint","urlTemplate":"https:\/\/franciscanos.org.br\/noticias\/?s={search_term_string}"},"query-input":"required name=search_term_string"}],"inLanguage":"pt-BR"},{"@type":"ImageObject","inLanguage":"pt-BR","@id":"https:\/\/franciscanos.org.br\/noticias\/sefras-no-mutirao-pop-rua-com-refeicoes-e-apoio-a-migrantes.html#primaryimage","url":"https:\/\/franciscanos.org.br\/noticias\/wp-content\/uploads\/2025\/05\/chamada-11.png","contentUrl":"https:\/\/franciscanos.org.br\/noticias\/wp-content\/uploads\/2025\/05\/chamada-11.png","width":800,"height":550},{"@type":"WebPage","@id":"https:\/\/franciscanos.org.br\/noticias\/sefras-no-mutirao-pop-rua-com-refeicoes-e-apoio-a-migrantes.html#webpage","url":"https:\/\/franciscanos.org.br\/noticias\/sefras-no-mutirao-pop-rua-com-refeicoes-e-apoio-a-migrantes.html","name":"Sefras no Mutir\u00e3o Pop Rua com refei\u00e7\u00f5es e apoio a migrantes - Not\u00edcias - Franciscanos","isPartOf":{"@id":"https:\/\/franciscanos.org.br\/noticias\/#website"},"primaryImageOfPage":{"@id":"https:\/\/franciscanos.org.br\/noticias\/sefras-no-mutirao-pop-rua-com-refeicoes-e-apoio-a-migrantes.html#primaryimage"},"datePublished":"2025-05-15T12:32:53+00:00","dateModified":"2025-05-15T12:33:27+00:00","author":{"@id":"https:\/\/franciscanos.org.br\/noticias\/#\/schema\/person\/d9422e83121c3ad3b0f423d195f5bb25"},"breadcrumb":{"@id":"https:\/\/franciscanos.org.br\/noticias\/sefras-no-mutirao-pop-rua-com-refeicoes-e-apoio-a-migrantes.html#breadcrumb"},"inLanguage":"pt-BR","potentialAction":[{"@type":"ReadAction","target":["https:\/\/franciscanos.org.br\/noticias\/sefras-no-mutirao-pop-rua-com-refeicoes-e-apoio-a-migrantes.html"]}]},{"@type":"BreadcrumbList","@id":"https:\/\/franciscanos.org.br\/noticias\/sefras-no-mutirao-pop-rua-com-refeicoes-e-apoio-a-migrantes.html#breadcrumb","itemListElement":[{"@type":"ListItem","position":1,"name":"Home","item":"https:\/\/franciscanos.org.br\/noticias"},{"@type":"ListItem","position":2,"name":"Sefras no Mutir\u00e3o Pop Rua com refei\u00e7\u00f5es e apoio a migrantes"}]},{"@type":"Person","@id":"https:\/\/franciscanos.org.br\/noticias\/#\/schema\/person\/d9422e83121c3ad3b0f423d195f5bb25","name":"Adriana Rabelo","image":{"@type":"ImageObject","inLanguage":"pt-BR","@id":"https:\/\/franciscanos.org.br\/noticias\/#\/schema\/person\/image\/","url":"https:\/\/secure.gravatar.com\/avatar\/0a937b7500cd7df77540cfb8bede877d?s=96&d=mm&r=g","contentUrl":"https:\/\/secure.gravatar.com\/avatar\/0a937b7500cd7df77540cfb8bede877d?s=96&d=mm&r=g","caption":"Adriana Rabelo"},"url":"https:\/\/franciscanos.org.br\/noticias\/author\/adrianarabelo"}]}},"_links":{"self":[{"href":"https:\/\/franciscanos.org.br\/noticias\/wp-json\/wp\/v2\/posts\/257117"}],"collection":[{"href":"https:\/\/franciscanos.org.br\/noticias\/wp-json\/wp\/v2\/posts"}],"about":[{"href":"https:\/\/franciscanos.org.br\/noticias\/wp-json\/wp\/v2\/types\/post"}],"author":[{"embeddable":true,"href":"https:\/\/franciscanos.org.br\/noticias\/wp-json\/wp\/v2\/users\/11"}],"replies":[{"embeddable":true,"href":"https:\/\/franciscanos.org.br\/noticias\/wp-json\/wp\/v2\/comments?post=257117"}],"version-history":[{"count":2,"href":"https:\/\/franciscanos.org.br\/noticias\/wp-json\/wp\/v2\/posts\/257117\/revisions"}],"predecessor-version":[{"id":257123,"href":"https:\/\/franciscanos.org.br\/noticias\/wp-json\/wp\/v2\/posts\/257117\/revisions\/257123"}],"wp:featuredmedia":[{"embeddable":true,"href":"https:\/\/franciscanos.org.br\/noticias\/wp-json\/wp\/v2\/media\/257121"}],"wp:attachment":[{"href":"https:\/\/franciscanos.org.br\/noticias\/wp-json\/wp\/v2\/media?parent=257117"}],"wp:term":[{"taxonomy":"category","embeddable":true,"href":"https:\/\/franciscanos.org.br\/noticias\/wp-json\/wp\/v2\/categories?post=257117"},{"taxonomy":"post_tag","embeddable":true,"href":"https:\/\/franciscanos.org.br\/noticias\/wp-json\/wp\/v2\/tags?post=257117"}],"curies":[{"name":"wp","href":"https:\/\/api.w.org\/{rel}","templated":true}]}}