{"id":257085,"date":"2025-05-14T09:20:06","date_gmt":"2025-05-14T12:20:06","guid":{"rendered":"https:\/\/franciscanos.org.br\/noticias\/?p=257085"},"modified":"2025-09-12T08:18:50","modified_gmt":"2025-09-12T11:18:50","slug":"leao-xiv-com-o-coracao-na-mao-peco-para-dialogarmos-pela-paz","status":"publish","type":"post","link":"https:\/\/franciscanos.org.br\/noticias\/leao-xiv-com-o-coracao-na-mao-peco-para-dialogarmos-pela-paz.html","title":{"rendered":"Le\u00e3o XIV: com o cora\u00e7\u00e3o na m\u00e3o, pe\u00e7o para dialogarmos pela paz"},"content":{"rendered":"<p><img loading=\"lazy\" class=\"aligncenter wp-image-257086 size-full\" src=\"https:\/\/franciscanos.org.br\/noticias\/wp-content\/uploads\/2025\/05\/materia-audiencia.png\" alt=\"\" width=\"1280\" height=\"720\" srcset=\"https:\/\/franciscanos.org.br\/noticias\/wp-content\/uploads\/2025\/05\/materia-audiencia.png 1280w, https:\/\/franciscanos.org.br\/noticias\/wp-content\/uploads\/2025\/05\/materia-audiencia-450x253.png 450w, https:\/\/franciscanos.org.br\/noticias\/wp-content\/uploads\/2025\/05\/materia-audiencia-1024x576.png 1024w, https:\/\/franciscanos.org.br\/noticias\/wp-content\/uploads\/2025\/05\/materia-audiencia-768x432.png 768w, https:\/\/franciscanos.org.br\/noticias\/wp-content\/uploads\/2025\/05\/materia-audiencia-150x84.png 150w\" sizes=\"(max-width: 1280px) 100vw, 1280px\" \/><\/p>\n<p>O Papa Le\u00e3o XIV, h\u00e1 quase uma semana da sua elei\u00e7\u00e3o como Sucessor de Pedro, encontrou os 5 mil participantes do\u00a0<a href=\"https:\/\/www.iubilaeum2025.va\/it\/notizie\/comunicati\/2025\/giubileo-chiese-orientali-tredicesimo-grande-evento.html\" target=\"_blank\" rel=\"external noopener\">Jubileu das Igrejas Orientais<\/a>\u00a0na Sala Paulo VI, no Vaticano. A audi\u00eancia nesta quarta-feira (14\/05) marcou o dia de encerramento de mais um jubileu tem\u00e1tico, o de n\u00famero 13 deste Ano Santo da esperan\u00e7a, que desde ter\u00e7a-feira (12\/05) reuniu fi\u00e9is e representantes das Igrejas Orientais Cat\u00f3licas, patriarcas e metropolitas de mais de 10 pa\u00edses, inclusive do Brasil, presentes na audi\u00eancia com bandeiras do pa\u00eds. Durante dois dias, os participantes celebraram a Divina Liturgia em diferentes ritos, como aquele et\u00edope, armeno, copto e s\u00edrio-oriental. Durante a tarde desta quarta-feira (14\/05), os peregrinos concluem o jubileu com aquela em rito bizantino na Bas\u00edlica de S\u00e3o Pedro.<\/p>\n<p>E uma das primeiras audi\u00eancias do Pontificado, Le\u00e3o XIV acolheu os fi\u00e9is orientais com uma sauda\u00e7\u00e3o que o &#8220;Oriente crist\u00e3o repete incasavelmente neste tempo pascal&#8221; de f\u00e9 e esperan\u00e7a sobre a Ressurei\u00e7\u00e3o de Jesus &#8211; &#8220;o fundamento indestrut\u00edvel&#8221;: &#8220;Cristo ressuscitou. Ressuscitou verdadeiramente!&#8221;. O Papa direcionou o olhar, assim, aos &#8220;irm\u00e3os e irm\u00e3s do Oriente, onde nasceu Jesus&#8221;, descrevendo-os como &#8220;preciosos&#8221; pela diversidade de proveni\u00eancia, hist\u00f3ria e sofrimentos.<\/p>\n<p><strong>O perigo de se perder o patrim\u00f4nio das Igrejas Orientais<\/strong><\/p>\n<p>&#8220;S\u00e3o Igrejas que devem ser amadas&#8221;, citando o Papa Francisco, pelos &#8220;tesouros inestim\u00e1veis&#8221;, pela &#8220;vida crist\u00e3, sinolidade e liturgia&#8221;; com &#8220;um papel \u00fanico e privilegiado&#8221;, como escreveu tamb\u00e9m Jo\u00e3o Paulo II. J\u00e1 Le\u00e3o XIII, recordou ainda o Papa, &#8220;foi o primeiro a dedicar um documento espec\u00edfico \u00e0 dignidade\u00a0das Igrejas&#8221; Orientais pela &#8220;leg\u00edtima diversidade da liturgia e da disciplina orientais&#8221;.\u00a0Na Carta\u00a0<i>Orientalium Dignitas (<\/i>30 de novembro de 1894), Le\u00e3o XIII tamb\u00e9m demonstrou uma preocupa\u00e7\u00e3o que ainda \u00e9 atual, pelo fato de muitos fi\u00e9is orientados serem\u00a0&#8220;for\u00e7ados a fugir dos seus territ\u00f3rio de origem por causa da guerra e persegui\u00e7\u00f5es, da instabilidade e pobreza&#8221;, correndo o risco de, &#8220;ao chegarem no Ocidente, de perder, al\u00e9m da p\u00e1tria, tamb\u00e9m a pr\u00f3pria identidade religiosa. E, assim, com o passar das gera\u00e7\u00f5es, se perde o inestim\u00e1vel patrim\u00f4nio das Igrejas Orientais&#8221;.<\/p>\n<p><img loading=\"lazy\" class=\"aligncenter wp-image-257087 size-full\" src=\"https:\/\/franciscanos.org.br\/noticias\/wp-content\/uploads\/2025\/05\/materia-audiencia2.png\" alt=\"\" width=\"1280\" height=\"720\" srcset=\"https:\/\/franciscanos.org.br\/noticias\/wp-content\/uploads\/2025\/05\/materia-audiencia2.png 1280w, https:\/\/franciscanos.org.br\/noticias\/wp-content\/uploads\/2025\/05\/materia-audiencia2-450x253.png 450w, https:\/\/franciscanos.org.br\/noticias\/wp-content\/uploads\/2025\/05\/materia-audiencia2-1024x576.png 1024w, https:\/\/franciscanos.org.br\/noticias\/wp-content\/uploads\/2025\/05\/materia-audiencia2-768x432.png 768w, https:\/\/franciscanos.org.br\/noticias\/wp-content\/uploads\/2025\/05\/materia-audiencia2-150x84.png 150w\" sizes=\"(max-width: 1280px) 100vw, 1280px\" \/><\/p>\n<p>Junto a Le\u00e3o XIII, o Papa se uniu em um apelo\u00a0 aos &#8220;crist\u00e3os \u2014 orientais e latinos \u2014 que, especialmente no Oriente M\u00e9dio, perseverem e resistam nas suas terras, mais fortes do que a tenta\u00e7\u00e3o de abandon\u00e1-las. Aos crist\u00e3os \u00e9 preciso dar a oportunidade, n\u00e3o apenas com palavras, de permanecer nas suas terras com todos os direitos necess\u00e1rios para uma exist\u00eancia segura. Pe\u00e7o a voc\u00eas que se empenhem para isso!&#8221;. Uma preserva\u00e7\u00e3o dos ritos orientais que deve ser promovida &#8220;sobretudo na di\u00e1spora&#8221;, disse o Pont\u00edfice. Um pedido dirigido inclusive ao Dicast\u00e9rio para as Igrejas Orientais: &#8220;de me ajudar a definir princ\u00edpios, normas e diretrizes por meio dos quais os Pastores latinos possam apoiar concretamente os cat\u00f3licos orientais da di\u00e1spora a preservar as suas tradi\u00e7\u00f5es vivas e a enriquecer com a sua singularidade o contexto em que vivem&#8221;.<\/p>\n<p>\u201cA Igreja precisa de voc\u00eas. Qu\u00e3o grande \u00e9 a contribui\u00e7\u00e3o que o Oriente crist\u00e3o pode nos dar hoje! Como temos necessidade de recuperar o sentido do mist\u00e9rio, t\u00e3o vivo nas liturgias de voc\u00eas, que envolvem a pessoa humana na sua totalidade, cantam a beleza da salva\u00e7\u00e3o e inspiram o estupor pela grandeza divina que abra\u00e7a a pequenez humana!\u201d<\/p>\n<p><strong>Le\u00e3o XIV e Santa S\u00e9 juntos para promover a paz\u00a0<\/strong><\/p>\n<p><img loading=\"lazy\" class=\"aligncenter wp-image-257088 size-full\" src=\"https:\/\/franciscanos.org.br\/noticias\/wp-content\/uploads\/2025\/05\/materia3-audiencia.png\" alt=\"\" width=\"1280\" height=\"720\" srcset=\"https:\/\/franciscanos.org.br\/noticias\/wp-content\/uploads\/2025\/05\/materia3-audiencia.png 1280w, https:\/\/franciscanos.org.br\/noticias\/wp-content\/uploads\/2025\/05\/materia3-audiencia-450x253.png 450w, https:\/\/franciscanos.org.br\/noticias\/wp-content\/uploads\/2025\/05\/materia3-audiencia-1024x576.png 1024w, https:\/\/franciscanos.org.br\/noticias\/wp-content\/uploads\/2025\/05\/materia3-audiencia-768x432.png 768w, https:\/\/franciscanos.org.br\/noticias\/wp-content\/uploads\/2025\/05\/materia3-audiencia-150x84.png 150w\" sizes=\"(max-width: 1280px) 100vw, 1280px\" \/><\/p>\n<p>O discurso de Le\u00e3o XIV, ent\u00e3o, se dirigiu fortemente por mais um apelo pela paz: &#8220;n\u00e3o tanto aquele do Papa, mas o de Cristo, que repete: &#8216;a paz esteja convosco'&#8221;. Uma paz t\u00e3o necess\u00e1ria &#8220;da Terra Santa \u00e0 Ucr\u00e2nia, do L\u00edbano \u00e0 S\u00edria, do Oriente M\u00e9dio ao Tigr\u00e9 e ao C\u00e1ucaso, quanta viol\u00eancia!&#8221;, lamentou o Papa, que tamb\u00e9m convidou a rezar &#8220;por essa paz, que \u00e9 reconcilia\u00e7\u00e3o, perd\u00e3o, coragem para virar a p\u00e1gina e recome\u00e7ar&#8221;.\u00a0A Igreja, insistiu o Pont\u00edfice, &#8220;n\u00e3o se cansar\u00e1 de repetir: silenciem as armas&#8221;:<\/p>\n<p>&#8220;Farei todo o poss\u00edvel para que essa paz se difunda. A Santa S\u00e9 est\u00e1 \u00e0 disposi\u00e7\u00e3o para que os inimigos se encontrem e se olhem nos olhos, para que os povos redescubram a esperan\u00e7a e a dignidade que merecem, a dignidade da paz. Os povos querem a paz, e eu, com o cora\u00e7\u00e3o na m\u00e3o, digo aos l\u00edderes das na\u00e7\u00f5es: encontremo-nos, dialoguemos, negociemos! A guerra nunca \u00e9 inevit\u00e1vel, as armas podem e devem silenciar, pois n\u00e3o resolvem os problemas, mas os aumentam; porque entrar\u00e1 para a hist\u00f3ria quem semear\u00e1 paz, n\u00e3o quem que criar\u00e1 v\u00edtimas; porque os outros n\u00e3o s\u00e3o, antes de tudo, inimigos, mas seres humanos: n\u00e3o vil\u00f5es a serem odiados, mas pessoas com quem falar.&#8221;<\/p>\n<hr \/>\n<p><em>Andressa Collet &#8211; Vatican News<\/em><\/p>\n","protected":false},"excerpt":{"rendered":"<p>Audi\u00eancia Geral<\/p>\n","protected":false},"author":11,"featured_media":257089,"comment_status":"open","ping_status":"open","sticky":false,"template":"","format":"standard","meta":[],"categories":[1,2410,2345],"tags":[487,2343],"acf":[],"yoast_head":"<!-- This site is optimized with the Yoast SEO plugin v19.2 - https:\/\/yoast.com\/wordpress\/plugins\/seo\/ -->\n<title>Le\u00e3o XIV: com o cora\u00e7\u00e3o na m\u00e3o, pe\u00e7o para dialogarmos pela paz - Not\u00edcias - Franciscanos<\/title>\n<meta name=\"robots\" content=\"index, follow, max-snippet:-1, max-image-preview:large, max-video-preview:-1\" \/>\n<link rel=\"canonical\" href=\"https:\/\/franciscanos.org.br\/noticias\/leao-xiv-com-o-coracao-na-mao-peco-para-dialogarmos-pela-paz.html\" \/>\n<meta property=\"og:locale\" content=\"pt_BR\" \/>\n<meta property=\"og:type\" content=\"article\" \/>\n<meta property=\"og:title\" content=\"Le\u00e3o XIV: com o cora\u00e7\u00e3o na m\u00e3o, pe\u00e7o para dialogarmos pela paz - Not\u00edcias - Franciscanos\" \/>\n<meta property=\"og:description\" content=\"Audi\u00eancia Geral\" \/>\n<meta property=\"og:url\" content=\"https:\/\/franciscanos.org.br\/noticias\/leao-xiv-com-o-coracao-na-mao-peco-para-dialogarmos-pela-paz.html\" \/>\n<meta property=\"og:site_name\" content=\"Not\u00edcias - Franciscanos\" \/>\n<meta property=\"article:published_time\" content=\"2025-05-14T12:20:06+00:00\" \/>\n<meta property=\"article:modified_time\" content=\"2025-09-12T11:18:50+00:00\" \/>\n<meta property=\"og:image\" content=\"https:\/\/franciscanos.org.br\/noticias\/wp-content\/uploads\/2025\/05\/chamada-audiencia.png\" \/>\n\t<meta property=\"og:image:width\" content=\"800\" \/>\n\t<meta property=\"og:image:height\" content=\"550\" \/>\n\t<meta property=\"og:image:type\" content=\"image\/png\" \/>\n<meta name=\"author\" content=\"Adriana Rabelo\" \/>\n<meta name=\"twitter:card\" content=\"summary_large_image\" \/>\n<meta name=\"twitter:label1\" content=\"Escrito por\" \/>\n\t<meta name=\"twitter:data1\" content=\"Adriana Rabelo\" \/>\n\t<meta name=\"twitter:label2\" content=\"Est. tempo de leitura\" \/>\n\t<meta name=\"twitter:data2\" content=\"4 minutos\" \/>\n<script type=\"application\/ld+json\" class=\"yoast-schema-graph\">{\"@context\":\"https:\/\/schema.org\",\"@graph\":[{\"@type\":\"WebSite\",\"@id\":\"https:\/\/franciscanos.org.br\/noticias\/#website\",\"url\":\"https:\/\/franciscanos.org.br\/noticias\/\",\"name\":\"Not\u00edcias - Franciscanos\",\"description\":\"Prov\u00edncia Franciscana da Imaculada Concei\u00e7\u00e3o do Brasil - Ordem dos Frades Menores - OFM\",\"potentialAction\":[{\"@type\":\"SearchAction\",\"target\":{\"@type\":\"EntryPoint\",\"urlTemplate\":\"https:\/\/franciscanos.org.br\/noticias\/?s={search_term_string}\"},\"query-input\":\"required name=search_term_string\"}],\"inLanguage\":\"pt-BR\"},{\"@type\":\"ImageObject\",\"inLanguage\":\"pt-BR\",\"@id\":\"https:\/\/franciscanos.org.br\/noticias\/leao-xiv-com-o-coracao-na-mao-peco-para-dialogarmos-pela-paz.html#primaryimage\",\"url\":\"https:\/\/franciscanos.org.br\/noticias\/wp-content\/uploads\/2025\/05\/chamada-audiencia.png\",\"contentUrl\":\"https:\/\/franciscanos.org.br\/noticias\/wp-content\/uploads\/2025\/05\/chamada-audiencia.png\",\"width\":800,\"height\":550},{\"@type\":\"WebPage\",\"@id\":\"https:\/\/franciscanos.org.br\/noticias\/leao-xiv-com-o-coracao-na-mao-peco-para-dialogarmos-pela-paz.html#webpage\",\"url\":\"https:\/\/franciscanos.org.br\/noticias\/leao-xiv-com-o-coracao-na-mao-peco-para-dialogarmos-pela-paz.html\",\"name\":\"Le\u00e3o XIV: com o cora\u00e7\u00e3o na m\u00e3o, pe\u00e7o para dialogarmos pela paz - Not\u00edcias - Franciscanos\",\"isPartOf\":{\"@id\":\"https:\/\/franciscanos.org.br\/noticias\/#website\"},\"primaryImageOfPage\":{\"@id\":\"https:\/\/franciscanos.org.br\/noticias\/leao-xiv-com-o-coracao-na-mao-peco-para-dialogarmos-pela-paz.html#primaryimage\"},\"datePublished\":\"2025-05-14T12:20:06+00:00\",\"dateModified\":\"2025-09-12T11:18:50+00:00\",\"author\":{\"@id\":\"https:\/\/franciscanos.org.br\/noticias\/#\/schema\/person\/d9422e83121c3ad3b0f423d195f5bb25\"},\"breadcrumb\":{\"@id\":\"https:\/\/franciscanos.org.br\/noticias\/leao-xiv-com-o-coracao-na-mao-peco-para-dialogarmos-pela-paz.html#breadcrumb\"},\"inLanguage\":\"pt-BR\",\"potentialAction\":[{\"@type\":\"ReadAction\",\"target\":[\"https:\/\/franciscanos.org.br\/noticias\/leao-xiv-com-o-coracao-na-mao-peco-para-dialogarmos-pela-paz.html\"]}]},{\"@type\":\"BreadcrumbList\",\"@id\":\"https:\/\/franciscanos.org.br\/noticias\/leao-xiv-com-o-coracao-na-mao-peco-para-dialogarmos-pela-paz.html#breadcrumb\",\"itemListElement\":[{\"@type\":\"ListItem\",\"position\":1,\"name\":\"Home\",\"item\":\"https:\/\/franciscanos.org.br\/noticias\"},{\"@type\":\"ListItem\",\"position\":2,\"name\":\"Le\u00e3o XIV: com o cora\u00e7\u00e3o na m\u00e3o, pe\u00e7o para dialogarmos pela paz\"}]},{\"@type\":\"Person\",\"@id\":\"https:\/\/franciscanos.org.br\/noticias\/#\/schema\/person\/d9422e83121c3ad3b0f423d195f5bb25\",\"name\":\"Adriana Rabelo\",\"image\":{\"@type\":\"ImageObject\",\"inLanguage\":\"pt-BR\",\"@id\":\"https:\/\/franciscanos.org.br\/noticias\/#\/schema\/person\/image\/\",\"url\":\"https:\/\/secure.gravatar.com\/avatar\/0a937b7500cd7df77540cfb8bede877d?s=96&d=mm&r=g\",\"contentUrl\":\"https:\/\/secure.gravatar.com\/avatar\/0a937b7500cd7df77540cfb8bede877d?s=96&d=mm&r=g\",\"caption\":\"Adriana Rabelo\"},\"url\":\"https:\/\/franciscanos.org.br\/noticias\/author\/adrianarabelo\"}]}<\/script>\n<!-- \/ Yoast SEO plugin. -->","yoast_head_json":{"title":"Le\u00e3o XIV: com o cora\u00e7\u00e3o na m\u00e3o, pe\u00e7o para dialogarmos pela paz - Not\u00edcias - Franciscanos","robots":{"index":"index","follow":"follow","max-snippet":"max-snippet:-1","max-image-preview":"max-image-preview:large","max-video-preview":"max-video-preview:-1"},"canonical":"https:\/\/franciscanos.org.br\/noticias\/leao-xiv-com-o-coracao-na-mao-peco-para-dialogarmos-pela-paz.html","og_locale":"pt_BR","og_type":"article","og_title":"Le\u00e3o XIV: com o cora\u00e7\u00e3o na m\u00e3o, pe\u00e7o para dialogarmos pela paz - Not\u00edcias - Franciscanos","og_description":"Audi\u00eancia Geral","og_url":"https:\/\/franciscanos.org.br\/noticias\/leao-xiv-com-o-coracao-na-mao-peco-para-dialogarmos-pela-paz.html","og_site_name":"Not\u00edcias - Franciscanos","article_published_time":"2025-05-14T12:20:06+00:00","article_modified_time":"2025-09-12T11:18:50+00:00","og_image":[{"width":800,"height":550,"url":"https:\/\/franciscanos.org.br\/noticias\/wp-content\/uploads\/2025\/05\/chamada-audiencia.png","type":"image\/png"}],"author":"Adriana Rabelo","twitter_card":"summary_large_image","twitter_misc":{"Escrito por":"Adriana Rabelo","Est. tempo de leitura":"4 minutos"},"schema":{"@context":"https:\/\/schema.org","@graph":[{"@type":"WebSite","@id":"https:\/\/franciscanos.org.br\/noticias\/#website","url":"https:\/\/franciscanos.org.br\/noticias\/","name":"Not\u00edcias - Franciscanos","description":"Prov\u00edncia Franciscana da Imaculada Concei\u00e7\u00e3o do Brasil - Ordem dos Frades Menores - OFM","potentialAction":[{"@type":"SearchAction","target":{"@type":"EntryPoint","urlTemplate":"https:\/\/franciscanos.org.br\/noticias\/?s={search_term_string}"},"query-input":"required name=search_term_string"}],"inLanguage":"pt-BR"},{"@type":"ImageObject","inLanguage":"pt-BR","@id":"https:\/\/franciscanos.org.br\/noticias\/leao-xiv-com-o-coracao-na-mao-peco-para-dialogarmos-pela-paz.html#primaryimage","url":"https:\/\/franciscanos.org.br\/noticias\/wp-content\/uploads\/2025\/05\/chamada-audiencia.png","contentUrl":"https:\/\/franciscanos.org.br\/noticias\/wp-content\/uploads\/2025\/05\/chamada-audiencia.png","width":800,"height":550},{"@type":"WebPage","@id":"https:\/\/franciscanos.org.br\/noticias\/leao-xiv-com-o-coracao-na-mao-peco-para-dialogarmos-pela-paz.html#webpage","url":"https:\/\/franciscanos.org.br\/noticias\/leao-xiv-com-o-coracao-na-mao-peco-para-dialogarmos-pela-paz.html","name":"Le\u00e3o XIV: com o cora\u00e7\u00e3o na m\u00e3o, pe\u00e7o para dialogarmos pela paz - Not\u00edcias - Franciscanos","isPartOf":{"@id":"https:\/\/franciscanos.org.br\/noticias\/#website"},"primaryImageOfPage":{"@id":"https:\/\/franciscanos.org.br\/noticias\/leao-xiv-com-o-coracao-na-mao-peco-para-dialogarmos-pela-paz.html#primaryimage"},"datePublished":"2025-05-14T12:20:06+00:00","dateModified":"2025-09-12T11:18:50+00:00","author":{"@id":"https:\/\/franciscanos.org.br\/noticias\/#\/schema\/person\/d9422e83121c3ad3b0f423d195f5bb25"},"breadcrumb":{"@id":"https:\/\/franciscanos.org.br\/noticias\/leao-xiv-com-o-coracao-na-mao-peco-para-dialogarmos-pela-paz.html#breadcrumb"},"inLanguage":"pt-BR","potentialAction":[{"@type":"ReadAction","target":["https:\/\/franciscanos.org.br\/noticias\/leao-xiv-com-o-coracao-na-mao-peco-para-dialogarmos-pela-paz.html"]}]},{"@type":"BreadcrumbList","@id":"https:\/\/franciscanos.org.br\/noticias\/leao-xiv-com-o-coracao-na-mao-peco-para-dialogarmos-pela-paz.html#breadcrumb","itemListElement":[{"@type":"ListItem","position":1,"name":"Home","item":"https:\/\/franciscanos.org.br\/noticias"},{"@type":"ListItem","position":2,"name":"Le\u00e3o XIV: com o cora\u00e7\u00e3o na m\u00e3o, pe\u00e7o para dialogarmos pela paz"}]},{"@type":"Person","@id":"https:\/\/franciscanos.org.br\/noticias\/#\/schema\/person\/d9422e83121c3ad3b0f423d195f5bb25","name":"Adriana Rabelo","image":{"@type":"ImageObject","inLanguage":"pt-BR","@id":"https:\/\/franciscanos.org.br\/noticias\/#\/schema\/person\/image\/","url":"https:\/\/secure.gravatar.com\/avatar\/0a937b7500cd7df77540cfb8bede877d?s=96&d=mm&r=g","contentUrl":"https:\/\/secure.gravatar.com\/avatar\/0a937b7500cd7df77540cfb8bede877d?s=96&d=mm&r=g","caption":"Adriana Rabelo"},"url":"https:\/\/franciscanos.org.br\/noticias\/author\/adrianarabelo"}]}},"_links":{"self":[{"href":"https:\/\/franciscanos.org.br\/noticias\/wp-json\/wp\/v2\/posts\/257085"}],"collection":[{"href":"https:\/\/franciscanos.org.br\/noticias\/wp-json\/wp\/v2\/posts"}],"about":[{"href":"https:\/\/franciscanos.org.br\/noticias\/wp-json\/wp\/v2\/types\/post"}],"author":[{"embeddable":true,"href":"https:\/\/franciscanos.org.br\/noticias\/wp-json\/wp\/v2\/users\/11"}],"replies":[{"embeddable":true,"href":"https:\/\/franciscanos.org.br\/noticias\/wp-json\/wp\/v2\/comments?post=257085"}],"version-history":[{"count":1,"href":"https:\/\/franciscanos.org.br\/noticias\/wp-json\/wp\/v2\/posts\/257085\/revisions"}],"predecessor-version":[{"id":257090,"href":"https:\/\/franciscanos.org.br\/noticias\/wp-json\/wp\/v2\/posts\/257085\/revisions\/257090"}],"wp:featuredmedia":[{"embeddable":true,"href":"https:\/\/franciscanos.org.br\/noticias\/wp-json\/wp\/v2\/media\/257089"}],"wp:attachment":[{"href":"https:\/\/franciscanos.org.br\/noticias\/wp-json\/wp\/v2\/media?parent=257085"}],"wp:term":[{"taxonomy":"category","embeddable":true,"href":"https:\/\/franciscanos.org.br\/noticias\/wp-json\/wp\/v2\/categories?post=257085"},{"taxonomy":"post_tag","embeddable":true,"href":"https:\/\/franciscanos.org.br\/noticias\/wp-json\/wp\/v2\/tags?post=257085"}],"curies":[{"name":"wp","href":"https:\/\/api.w.org\/{rel}","templated":true}]}}