{"id":257058,"date":"2025-05-14T08:15:19","date_gmt":"2025-05-14T11:15:19","guid":{"rendered":"https:\/\/franciscanos.org.br\/noticias\/?p=257058"},"modified":"2025-05-14T10:48:05","modified_gmt":"2025-05-14T13:48:05","slug":"elevador-inaugurado-e-trezena-reconhecida-como-patrimonio-no-convento-santo-antonio","status":"publish","type":"post","link":"https:\/\/franciscanos.org.br\/noticias\/elevador-inaugurado-e-trezena-reconhecida-como-patrimonio-no-convento-santo-antonio.html","title":{"rendered":"Elevador inaugurado e Trezena reconhecida como patrim\u00f4nio no Convento Santo Ant\u00f4nio"},"content":{"rendered":"<p><img loading=\"lazy\" class=\"aligncenter wp-image-257059 size-full\" src=\"https:\/\/franciscanos.org.br\/noticias\/wp-content\/uploads\/2025\/05\/materia-13.png\" alt=\"\" width=\"1280\" height=\"720\" srcset=\"https:\/\/franciscanos.org.br\/noticias\/wp-content\/uploads\/2025\/05\/materia-13.png 1280w, https:\/\/franciscanos.org.br\/noticias\/wp-content\/uploads\/2025\/05\/materia-13-450x253.png 450w, https:\/\/franciscanos.org.br\/noticias\/wp-content\/uploads\/2025\/05\/materia-13-1024x576.png 1024w, https:\/\/franciscanos.org.br\/noticias\/wp-content\/uploads\/2025\/05\/materia-13-768x432.png 768w, https:\/\/franciscanos.org.br\/noticias\/wp-content\/uploads\/2025\/05\/materia-13-150x84.png 150w\" sizes=\"(max-width: 1280px) 100vw, 1280px\" \/><\/p>\n<p>Nesta ter\u00e7a-feira, 13 de maio, dia em que a Igreja celebrou a mem\u00f3ria lit\u00fargica da Bem-aventurada Virgem Maria, sob o t\u00edtulo de Nossa Senhora de F\u00e1tima, o Convento de Santo Ant\u00f4nio, localizado no Largo da Carioca, regi\u00e3o central do Rio de Janeiro, foi novamente testemunha de passos importantes dados pela Prov\u00edncia Franciscana da Imaculada Concei\u00e7\u00e3o do Brasil.<\/p>\n<p>A Santa Missa das 10h, em A\u00e7\u00e3o de Gra\u00e7as pela conclus\u00e3o das obras do elevador do Convento \u2014 iniciadas no final de fevereiro de 2024 \u2014, tamb\u00e9m marcou a declara\u00e7\u00e3o da Trezena e Festa de Santo Ant\u00f4nio como Patrim\u00f4nio Cultural Imaterial da cidade do Rio de Janeiro. Na ocasi\u00e3o, foi lan\u00e7ado ainda o tema deste relevante momento devocional, que integra os festejos em honra ao santo franciscano, prestes a ser celebrado tanto na cidade carioca quanto nas demais fraternidades provinciais.<\/p>\n<p><img loading=\"lazy\" class=\"aligncenter wp-image-257060 size-full\" src=\"https:\/\/franciscanos.org.br\/noticias\/wp-content\/uploads\/2025\/05\/materia-2-8.png\" alt=\"\" width=\"1280\" height=\"720\" srcset=\"https:\/\/franciscanos.org.br\/noticias\/wp-content\/uploads\/2025\/05\/materia-2-8.png 1280w, https:\/\/franciscanos.org.br\/noticias\/wp-content\/uploads\/2025\/05\/materia-2-8-450x253.png 450w, https:\/\/franciscanos.org.br\/noticias\/wp-content\/uploads\/2025\/05\/materia-2-8-1024x576.png 1024w, https:\/\/franciscanos.org.br\/noticias\/wp-content\/uploads\/2025\/05\/materia-2-8-768x432.png 768w, https:\/\/franciscanos.org.br\/noticias\/wp-content\/uploads\/2025\/05\/materia-2-8-150x84.png 150w\" sizes=\"(max-width: 1280px) 100vw, 1280px\" \/><\/p>\n<p>A celebra\u00e7\u00e3o foi presidida pelo Ministro provincial, Frei Paulo Roberto Pereira, e concelebrada por Frei Robson Luiz Scudela e Frei Gilberto da Silva, ambos Definidores provinciais, al\u00e9m de Frei Walter Ferreira Junior, guardi\u00e3o e reitor do Convento, e outros frades presentes.<\/p>\n<p>Antes do in\u00edcio da Missa em A\u00e7\u00e3o de Gra\u00e7as, a Banda da Guarda Municipal se apresentou no p\u00e1tio do Convento, acolhendo os convidados.<\/p>\n<p>Frei Claudio C\u00e9sar Broca de Siqueira, fez a acolhida e, na sequ\u00eancia, leu um texto com uma recapitula\u00e7\u00e3o da obra do elevador, que dizia:<\/p>\n<p>\u201cNo dia 27 de fevereiro de 2024, come\u00e7ou a se tornar realidade um sonho que durava d\u00e9cadas: foi a celebra\u00e7\u00e3o da missa que marcou o in\u00edcio das obras de acessibilidade e moderniza\u00e7\u00e3o de nossos elevadores.<br \/>\nFoi um processo de prepara\u00e7\u00e3o que exigiu muito di\u00e1logo, escuta, estudo, troca de experi\u00eancias, profissionalismo e colabora\u00e7\u00e3o. Afinal, todos sabemos o quanto \u00e9 desafiante qualquer reforma numa casa ou num pr\u00e9dio. Com o tamanho e a idade do Complexo do Convento Santo Ant\u00f4nio, que completar\u00e1 417 anos em 2025, podemos imaginar quantos desafios precisaram ser superados.<br \/>\nE hoje, neste 13 de maio de 2025, queremos celebrar mais este cap\u00edtulo da emocionante hist\u00f3ria de nosso Convento. Por isso, reunimos nesta celebra\u00e7\u00e3o todos os agentes envolvidos nesse grande esfor\u00e7o coletivo.<br \/>\nNossa meta \u00e9 tornar o Convento cada vez mais acess\u00edvel e acolhedor para todos que aqui encontram um espa\u00e7o de acolhida, alento, partilha, cultivo da f\u00e9 e da devo\u00e7\u00e3o, enriquecimento hist\u00f3rico e cultural.<br \/>\nDesejamos que nosso Convento seja cada vez mais casa de todos. Unidos, agradecemos a Deus pela conclus\u00e3o desta etapa e pedimos ao Pai do C\u00e9u, por intercess\u00e3o de Santo Ant\u00f4nio, for\u00e7a e coragem para seguir trabalhando pelos muitos desafios que ainda temos pela frente.\u201d<\/p>\n\n\t\t<style type=\"text\/css\">\n\t\t\t#gallery-1 {\n\t\t\t\tmargin: auto;\n\t\t\t}\n\t\t\t#gallery-1 .gallery-item {\n\t\t\t\tfloat: left;\n\t\t\t\tmargin-top: 10px;\n\t\t\t\ttext-align: center;\n\t\t\t\twidth: 50%;\n\t\t\t}\n\t\t\t#gallery-1 img {\n\t\t\t\tborder: 2px solid #cfcfcf;\n\t\t\t}\n\t\t\t#gallery-1 .gallery-caption {\n\t\t\t\tmargin-left: 0;\n\t\t\t}\n\t\t\t\/* see gallery_shortcode() in wp-includes\/media.php *\/\n\t\t<\/style>\n\t\t<div id='gallery-1' class='gallery galleryid-257058 gallery-columns-2 gallery-size-thumbnail'><dl class='gallery-item'>\n\t\t\t<dt class='gallery-icon portrait'>\n\t\t\t\t<a href='https:\/\/franciscanos.org.br\/noticias\/wp-content\/uploads\/2025\/05\/WhatsApp-Image-2025-05-14-at-10.27.29-1-scaled.jpeg'><img width=\"300\" height=\"300\" src=\"https:\/\/franciscanos.org.br\/noticias\/wp-content\/uploads\/2025\/05\/WhatsApp-Image-2025-05-14-at-10.27.29-1-300x300.jpeg\" class=\"attachment-thumbnail size-thumbnail\" alt=\"\" loading=\"lazy\" srcset=\"https:\/\/franciscanos.org.br\/noticias\/wp-content\/uploads\/2025\/05\/WhatsApp-Image-2025-05-14-at-10.27.29-1-300x300.jpeg 300w, https:\/\/franciscanos.org.br\/noticias\/wp-content\/uploads\/2025\/05\/WhatsApp-Image-2025-05-14-at-10.27.29-1-100x100.jpeg 100w\" sizes=\"(max-width: 300px) 100vw, 300px\" \/><\/a>\n\t\t\t<\/dt><\/dl><dl class='gallery-item'>\n\t\t\t<dt class='gallery-icon portrait'>\n\t\t\t\t<a href='https:\/\/franciscanos.org.br\/noticias\/wp-content\/uploads\/2025\/05\/WhatsApp-Image-2025-05-14-at-10.27.28-1-scaled.jpeg'><img width=\"300\" height=\"300\" src=\"https:\/\/franciscanos.org.br\/noticias\/wp-content\/uploads\/2025\/05\/WhatsApp-Image-2025-05-14-at-10.27.28-1-300x300.jpeg\" class=\"attachment-thumbnail size-thumbnail\" alt=\"\" loading=\"lazy\" srcset=\"https:\/\/franciscanos.org.br\/noticias\/wp-content\/uploads\/2025\/05\/WhatsApp-Image-2025-05-14-at-10.27.28-1-300x300.jpeg 300w, https:\/\/franciscanos.org.br\/noticias\/wp-content\/uploads\/2025\/05\/WhatsApp-Image-2025-05-14-at-10.27.28-1-100x100.jpeg 100w\" sizes=\"(max-width: 300px) 100vw, 300px\" \/><\/a>\n\t\t\t<\/dt><\/dl><br style=\"clear: both\" \/>\n\t\t<\/div>\n\n<p>Envolvido pelo clima de gratid\u00e3o e alegria diante desse avan\u00e7o na preserva\u00e7\u00e3o e acessibilidade do Convento, Frei Paulo, antes da homilia, saudou todos os frades da fraternidade em nome de Frei Walter, assim como os frades do Definit\u00f3rio presentes. Agradeceu ainda a todos os envolvidos na obra do elevador \u2014 benfeitores, colaboradores, profissionais e agentes p\u00fablicos:<\/p>\n<p><img loading=\"lazy\" class=\"size-medium wp-image-257062 alignleft\" src=\"https:\/\/franciscanos.org.br\/noticias\/wp-content\/uploads\/2025\/05\/WhatsApp-Image-2025-05-13-at-14.39.43-7-338x450.jpeg\" alt=\"\" width=\"338\" height=\"450\" srcset=\"https:\/\/franciscanos.org.br\/noticias\/wp-content\/uploads\/2025\/05\/WhatsApp-Image-2025-05-13-at-14.39.43-7-338x450.jpeg 338w, https:\/\/franciscanos.org.br\/noticias\/wp-content\/uploads\/2025\/05\/WhatsApp-Image-2025-05-13-at-14.39.43-7-768x1024.jpeg 768w, https:\/\/franciscanos.org.br\/noticias\/wp-content\/uploads\/2025\/05\/WhatsApp-Image-2025-05-13-at-14.39.43-7-1152x1536.jpeg 1152w, https:\/\/franciscanos.org.br\/noticias\/wp-content\/uploads\/2025\/05\/WhatsApp-Image-2025-05-13-at-14.39.43-7-1536x2048.jpeg 1536w, https:\/\/franciscanos.org.br\/noticias\/wp-content\/uploads\/2025\/05\/WhatsApp-Image-2025-05-13-at-14.39.43-7-150x200.jpeg 150w, https:\/\/franciscanos.org.br\/noticias\/wp-content\/uploads\/2025\/05\/WhatsApp-Image-2025-05-13-at-14.39.43-7-scaled.jpeg 810w\" sizes=\"(max-width: 338px) 100vw, 338px\" \/>\u201c\u00c9 assim que funcionam os espa\u00e7os onde os frades est\u00e3o. Somos colocados para zelar por aquilo que a generosidade do povo nos concede, por aquilo que a heran\u00e7a da Igreja nos traz.<br \/>\nN\u00f3s, frades, precisamos e queremos contar sempre com o apoio de tanta gente: a generosidade dos benfeitores, a clareza dos gestores p\u00fablicos, a criatividade dos profissionais de diversas \u00e1reas. Esta celebra\u00e7\u00e3o se reveste de um sentimento de gratid\u00e3o muito profundo.\u201d<\/p>\n<p>Sua reflex\u00e3o teve como base a leitura dos Atos dos Ap\u00f3stolos (11,19-26), proclamada naquele dia. Frei Paulo recordou o tempo lit\u00fargico da P\u00e1scoa:<\/p>\n<p>\u201cEstamos na quarta semana do Tempo Pascal, e esse per\u00edodo, para n\u00f3s que cremos no Cristo Ressuscitado, \u00e9 ocasi\u00e3o oportuna de firmar o passo. Durante cinquenta dias, somos movidos pelo j\u00fabilo que enche nosso cora\u00e7\u00e3o a partir da Vig\u00edlia Pascal, na qual nos \u00e9 revelado que \u2018o Senhor ressuscitou\u2019. Essa afirma\u00e7\u00e3o \u00e9 criativa e grandiosa, e sustenta a nossa caminhada. \u201d<\/p>\n<p>Convidou ainda os fi\u00e9is a serem anunciadores do Evangelho, como mostra a Primeira Leitura do dia. A partir do trecho \u201cE a m\u00e3o do Senhor estava com eles\u201d (At 11,21), refletiu sobre a import\u00e2ncia do amor e da confian\u00e7a entre os irm\u00e3os, destacando as qualidades de Barnab\u00e9 \u2014 um homem bom, cheio do Esp\u00edrito Santo e firme de cora\u00e7\u00e3o:<\/p>\n<p>\u201cHoje somos convidados a repetir o que fez Barnab\u00e9: anunciar Jesus Cristo. Para que o nosso an\u00fancio seja vigoroso e forte, \u00e9 necess\u00e1rio que nos tornemos homens e mulheres bons e cheios de f\u00e9. S\u00e3o condi\u00e7\u00f5es fundamentais para que nossa miss\u00e3o seja frutuosa. \u201d<\/p>\n\n\t\t<style type=\"text\/css\">\n\t\t\t#gallery-2 {\n\t\t\t\tmargin: auto;\n\t\t\t}\n\t\t\t#gallery-2 .gallery-item {\n\t\t\t\tfloat: left;\n\t\t\t\tmargin-top: 10px;\n\t\t\t\ttext-align: center;\n\t\t\t\twidth: 33%;\n\t\t\t}\n\t\t\t#gallery-2 img {\n\t\t\t\tborder: 2px solid #cfcfcf;\n\t\t\t}\n\t\t\t#gallery-2 .gallery-caption {\n\t\t\t\tmargin-left: 0;\n\t\t\t}\n\t\t\t\/* see gallery_shortcode() in wp-includes\/media.php *\/\n\t\t<\/style>\n\t\t<div id='gallery-2' class='gallery galleryid-257058 gallery-columns-3 gallery-size-thumbnail'><dl class='gallery-item'>\n\t\t\t<dt class='gallery-icon landscape'>\n\t\t\t\t<a href='https:\/\/franciscanos.org.br\/noticias\/wp-content\/uploads\/2025\/05\/WhatsApp-Image-2025-05-13-at-14.37.12-2-scaled.jpeg'><img width=\"300\" height=\"300\" src=\"https:\/\/franciscanos.org.br\/noticias\/wp-content\/uploads\/2025\/05\/WhatsApp-Image-2025-05-13-at-14.37.12-2-300x300.jpeg\" class=\"attachment-thumbnail size-thumbnail\" alt=\"\" loading=\"lazy\" srcset=\"https:\/\/franciscanos.org.br\/noticias\/wp-content\/uploads\/2025\/05\/WhatsApp-Image-2025-05-13-at-14.37.12-2-300x300.jpeg 300w, https:\/\/franciscanos.org.br\/noticias\/wp-content\/uploads\/2025\/05\/WhatsApp-Image-2025-05-13-at-14.37.12-2-100x100.jpeg 100w\" sizes=\"(max-width: 300px) 100vw, 300px\" \/><\/a>\n\t\t\t<\/dt><\/dl><dl class='gallery-item'>\n\t\t\t<dt class='gallery-icon landscape'>\n\t\t\t\t<a href='https:\/\/franciscanos.org.br\/noticias\/wp-content\/uploads\/2025\/05\/WhatsApp-Image-2025-05-13-at-14.37.12-scaled.jpeg'><img width=\"300\" height=\"300\" src=\"https:\/\/franciscanos.org.br\/noticias\/wp-content\/uploads\/2025\/05\/WhatsApp-Image-2025-05-13-at-14.37.12-300x300.jpeg\" class=\"attachment-thumbnail size-thumbnail\" alt=\"\" loading=\"lazy\" srcset=\"https:\/\/franciscanos.org.br\/noticias\/wp-content\/uploads\/2025\/05\/WhatsApp-Image-2025-05-13-at-14.37.12-300x300.jpeg 300w, https:\/\/franciscanos.org.br\/noticias\/wp-content\/uploads\/2025\/05\/WhatsApp-Image-2025-05-13-at-14.37.12-100x100.jpeg 100w\" sizes=\"(max-width: 300px) 100vw, 300px\" \/><\/a>\n\t\t\t<\/dt><\/dl><dl class='gallery-item'>\n\t\t\t<dt class='gallery-icon landscape'>\n\t\t\t\t<a href='https:\/\/franciscanos.org.br\/noticias\/wp-content\/uploads\/2025\/05\/WhatsApp-Image-2025-05-13-at-14.39.44-1-scaled.jpeg'><img width=\"300\" height=\"300\" src=\"https:\/\/franciscanos.org.br\/noticias\/wp-content\/uploads\/2025\/05\/WhatsApp-Image-2025-05-13-at-14.39.44-1-300x300.jpeg\" class=\"attachment-thumbnail size-thumbnail\" alt=\"\" loading=\"lazy\" srcset=\"https:\/\/franciscanos.org.br\/noticias\/wp-content\/uploads\/2025\/05\/WhatsApp-Image-2025-05-13-at-14.39.44-1-300x300.jpeg 300w, https:\/\/franciscanos.org.br\/noticias\/wp-content\/uploads\/2025\/05\/WhatsApp-Image-2025-05-13-at-14.39.44-1-100x100.jpeg 100w\" sizes=\"(max-width: 300px) 100vw, 300px\" \/><\/a>\n\t\t\t<\/dt><\/dl><br style=\"clear: both\" \/>\n\t\t<\/div>\n\n<p>Referindo-se aos frades da Fraternidade Santo Ant\u00f4nio, exortou: \u201cQue nos esvaziemos de n\u00f3s mesmos e abracemos a pobreza como S\u00e3o Francisco inspiradamente nos apresenta. Sejamos homens de f\u00e9 que transmitem a bondade. Que possamos conservar as virtudes da bondade, do esvaziamento de si e da perseveran\u00e7a na f\u00e9. Que, a partir da nossa vida, outras tantas pessoas possam crer e carregar, como profecia, o nome de crist\u00e3os. \u201d<\/p>\n<p>Comentando o Evangelho de S\u00e3o Jo\u00e3o, Frei Paulo retomou a pergunta dirigida a Jesus: \u201c<em>At\u00e9 quando vai nos deixar em d\u00favida? Voc\u00ea \u00e9 mesmo o Messias? <\/em>N\u00f3s, que somos do rebanho do Senhor, n\u00e3o temos mais d\u00favidas: o Ressuscitado \u00e9 o Senhor, a Palavra de Deus cumprida, a fidelidade de Deus escancarada. N\u00e3o temos d\u00favida, porque escutamos a voz do Senhor e nos deixamos conhecer por Ele, para, de fato, segui-Lo. \u201d<\/p>\n<p>Mais uma vez, evocou a uni\u00e3o entre os irm\u00e3os como for\u00e7a para a miss\u00e3o e o cuidado com os mais necessitados:<\/p>\n<p>\u201cPor isso, podemos ousar obras novas. Essa \u00e9 nossa f\u00e9 e a esperan\u00e7a cultivada nesta casa e na hist\u00f3ria da nossa Prov\u00edncia, que neste ano celebra 350 anos de funda\u00e7\u00e3o.<br \/>\nN\u00f3s, frades, somos herdeiros do ideal mission\u00e1rio dos frades portugueses que vieram para o Brasil.\u201d<\/p>\n<p><img loading=\"lazy\" class=\"aligncenter wp-image-257061 size-full\" src=\"https:\/\/franciscanos.org.br\/noticias\/wp-content\/uploads\/2025\/05\/materia-3-1.png\" alt=\"\" width=\"1280\" height=\"720\" srcset=\"https:\/\/franciscanos.org.br\/noticias\/wp-content\/uploads\/2025\/05\/materia-3-1.png 1280w, https:\/\/franciscanos.org.br\/noticias\/wp-content\/uploads\/2025\/05\/materia-3-1-450x253.png 450w, https:\/\/franciscanos.org.br\/noticias\/wp-content\/uploads\/2025\/05\/materia-3-1-1024x576.png 1024w, https:\/\/franciscanos.org.br\/noticias\/wp-content\/uploads\/2025\/05\/materia-3-1-768x432.png 768w, https:\/\/franciscanos.org.br\/noticias\/wp-content\/uploads\/2025\/05\/materia-3-1-150x84.png 150w\" sizes=\"(max-width: 1280px) 100vw, 1280px\" \/><\/p>\n<p>Na ocasi\u00e3o, Frei Paulo anunciou que a celebra\u00e7\u00e3o oficial do Jubileu da Prov\u00edncia ser\u00e1 no dia 15 de julho deste ano, no Convento Santo Ant\u00f4nio, um dos importantes ber\u00e7os do territ\u00f3rio provincial.<\/p>\n<p>\u201cCom essa celebra\u00e7\u00e3o, estamos tamb\u00e9m anunciando a 343\u00aa Trezena de Santo Ant\u00f4nio. A partir deste lugar, h\u00e1 mais de 300 anos celebramos Santo Ant\u00f4nio. E agora, a um m\u00eas dos festejos, este \u00e9 mais um motivo para estarmos reunidos nesta data. Santo Ant\u00f4nio \u00e9 de Lisboa, foi sepultado em P\u00e1dua, mas no Largo da Carioca \u00e9 aquele que congrega, que re\u00fane, converge e faz Convento.\u201d<\/p>\n<p>E concluiu: \u201cO Convento Santo Ant\u00f4nio \u00e9 testemunha da hist\u00f3ria desta cidade e do nosso pa\u00eds. Vem ao encontro da cultura e do conhecimento, mas tamb\u00e9m da piedade, da devo\u00e7\u00e3o e de Jesus Cristo na Eucaristia, na Palavra, na Penit\u00eancia e no cuidado com os pobres. Por isso, hoje celebramos agradecidos a inaugura\u00e7\u00e3o dos ascensores, que s\u00e3o mais do que elevadores. Queremos lembrar que \u00e9 para o alto que queremos caminhar \u2014 em busca de caminhos mais elevados, pr\u00f3ximos de Deus. Esta celebra\u00e7\u00e3o nos remete ao compromisso com a inclus\u00e3o: ningu\u00e9m deve ficar de fora. A m\u00e3o do Senhor est\u00e1 conosco, e essa m\u00e3o gera encontros, confian\u00e7a, seguran\u00e7a e fraternidade.\u201d<\/p>\n<p><img loading=\"lazy\" class=\"aligncenter wp-image-257067 size-full\" src=\"https:\/\/franciscanos.org.br\/noticias\/wp-content\/uploads\/2025\/05\/materia4.png\" alt=\"\" width=\"1280\" height=\"720\" srcset=\"https:\/\/franciscanos.org.br\/noticias\/wp-content\/uploads\/2025\/05\/materia4.png 1280w, https:\/\/franciscanos.org.br\/noticias\/wp-content\/uploads\/2025\/05\/materia4-450x253.png 450w, https:\/\/franciscanos.org.br\/noticias\/wp-content\/uploads\/2025\/05\/materia4-1024x576.png 1024w, https:\/\/franciscanos.org.br\/noticias\/wp-content\/uploads\/2025\/05\/materia4-768x432.png 768w, https:\/\/franciscanos.org.br\/noticias\/wp-content\/uploads\/2025\/05\/materia4-150x84.png 150w\" sizes=\"(max-width: 1280px) 100vw, 1280px\" \/><\/p>\n<p>Ao final da celebra\u00e7\u00e3o, Frei Jos\u00e9 Francisco de C\u00e1ssia dos Santos, coordenador da Frente de Solidariedade da Fraternidade, agradeceu aos frades, fi\u00e9is e autoridades presentes \u2014 Nilson Grimaldi (representando o vereador Rafael Alo\u00edsio Freitas), Carlos Passos e Anderson Guedes (representando o prefeito Eduardo Paes). O arquiteto Paulo Eduardo Vidal Leite Ribeiro, do IPHAN, n\u00e3o p\u00f4de estar presente.<\/p>\n<div id=\"attachment_257065\" style=\"width: 348px\" class=\"wp-caption alignright\"><img aria-describedby=\"caption-attachment-257065\" loading=\"lazy\" class=\"wp-image-257065 size-medium\" src=\"https:\/\/franciscanos.org.br\/noticias\/wp-content\/uploads\/2025\/05\/WhatsApp-Image-2025-05-13-at-14.38.19-1-338x450.jpeg\" alt=\"\" width=\"338\" height=\"450\" srcset=\"https:\/\/franciscanos.org.br\/noticias\/wp-content\/uploads\/2025\/05\/WhatsApp-Image-2025-05-13-at-14.38.19-1-338x450.jpeg 338w, https:\/\/franciscanos.org.br\/noticias\/wp-content\/uploads\/2025\/05\/WhatsApp-Image-2025-05-13-at-14.38.19-1-768x1024.jpeg 768w, https:\/\/franciscanos.org.br\/noticias\/wp-content\/uploads\/2025\/05\/WhatsApp-Image-2025-05-13-at-14.38.19-1-1152x1536.jpeg 1152w, https:\/\/franciscanos.org.br\/noticias\/wp-content\/uploads\/2025\/05\/WhatsApp-Image-2025-05-13-at-14.38.19-1-1536x2048.jpeg 1536w, https:\/\/franciscanos.org.br\/noticias\/wp-content\/uploads\/2025\/05\/WhatsApp-Image-2025-05-13-at-14.38.19-1-150x200.jpeg 150w, https:\/\/franciscanos.org.br\/noticias\/wp-content\/uploads\/2025\/05\/WhatsApp-Image-2025-05-13-at-14.38.19-1-scaled.jpeg 810w\" sizes=\"(max-width: 338px) 100vw, 338px\" \/><p id=\"caption-attachment-257065\" class=\"wp-caption-text\">Frei Paulo e engenheiro Thiago<\/p><\/div>\n<p>O engenheiro Thiago Flaeshen Nunes, da empresa STEPLA (respons\u00e1vel pela obra), agradeceu aos frades pela paci\u00eancia e aos fi\u00e9is que continuaram frequentando o Convento mesmo durante a aus\u00eancia dos elevadores.<\/p>\n<p>Em sua fala final, Frei Paulo se referiu ao Convento como uma &#8220;p\u00e9rola&#8221; que os frades assumiram cuidar: \u201cCuidar do Convento Santo Ant\u00f4nio \u00e9 um privil\u00e9gio e um compromisso desafiador.\u201d<\/p>\n<p>Frei Robson agradeceu a todos os colaboradores da obra e destacou o papel do senhor Norberto Barreto, respons\u00e1vel pela administra\u00e7\u00e3o do projeto, bem como o apoio do organismo franciscano &#8220;Franciscan Missions&#8221;, que colaborou com recursos para a execu\u00e7\u00e3o da obra. Mencionou tamb\u00e9m a equipe jur\u00eddica e de patrim\u00f4nio da sede provincial em S\u00e3o Paulo, al\u00e9m de Ane Calixto e Bruno. Fez um agradecimento especial ao IPHAN, por seu apoio na preserva\u00e7\u00e3o da hist\u00f3ria e no discernimento das obras.<\/p>\n<p>Frei Paulo ressaltou a import\u00e2ncia da presen\u00e7a do poder p\u00fablico na concretiza\u00e7\u00e3o do projeto, destacando a proximidade entre Igreja e sociedade civil para a preserva\u00e7\u00e3o de um patrim\u00f4nio hist\u00f3rico e cultural. Destacou ainda a contribui\u00e7\u00e3o dos fi\u00e9is por meio da aquisi\u00e7\u00e3o de produtos, como os p\u00e3es produzidos pelos frades, e das doa\u00e7\u00f5es ao Convento.<\/p>\n<p>Na retomada do cerimonial, Frei Jos\u00e9 Francisco anunciou a promulga\u00e7\u00e3o da Lei n\u00ba 8.533, de 8 de agosto de 2023, pelo presidente da C\u00e2mara Municipal, vereador Carlo Caiado, que declara a Trezena e a Festa de Santo Ant\u00f4nio do Largo da Carioca como Patrim\u00f4nio Cultural de natureza imaterial do Rio de Janeiro. Representando o vereador, Nilson Grimaldi entregou um quadro com a lei e expressou sua alegria pela participa\u00e7\u00e3o no evento.<\/p>\n\n\t\t<style type=\"text\/css\">\n\t\t\t#gallery-3 {\n\t\t\t\tmargin: auto;\n\t\t\t}\n\t\t\t#gallery-3 .gallery-item {\n\t\t\t\tfloat: left;\n\t\t\t\tmargin-top: 10px;\n\t\t\t\ttext-align: center;\n\t\t\t\twidth: 33%;\n\t\t\t}\n\t\t\t#gallery-3 img {\n\t\t\t\tborder: 2px solid #cfcfcf;\n\t\t\t}\n\t\t\t#gallery-3 .gallery-caption {\n\t\t\t\tmargin-left: 0;\n\t\t\t}\n\t\t\t\/* see gallery_shortcode() in wp-includes\/media.php *\/\n\t\t<\/style>\n\t\t<div id='gallery-3' class='gallery galleryid-257058 gallery-columns-3 gallery-size-thumbnail'><dl class='gallery-item'>\n\t\t\t<dt class='gallery-icon landscape'>\n\t\t\t\t<a href='https:\/\/franciscanos.org.br\/noticias\/wp-content\/uploads\/2025\/05\/WhatsApp-Image-2025-05-13-at-14.39.41-2-scaled.jpeg'><img width=\"300\" height=\"300\" src=\"https:\/\/franciscanos.org.br\/noticias\/wp-content\/uploads\/2025\/05\/WhatsApp-Image-2025-05-13-at-14.39.41-2-300x300.jpeg\" class=\"attachment-thumbnail size-thumbnail\" alt=\"\" loading=\"lazy\" srcset=\"https:\/\/franciscanos.org.br\/noticias\/wp-content\/uploads\/2025\/05\/WhatsApp-Image-2025-05-13-at-14.39.41-2-300x300.jpeg 300w, https:\/\/franciscanos.org.br\/noticias\/wp-content\/uploads\/2025\/05\/WhatsApp-Image-2025-05-13-at-14.39.41-2-100x100.jpeg 100w\" sizes=\"(max-width: 300px) 100vw, 300px\" \/><\/a>\n\t\t\t<\/dt><\/dl><dl class='gallery-item'>\n\t\t\t<dt class='gallery-icon landscape'>\n\t\t\t\t<a href='https:\/\/franciscanos.org.br\/noticias\/wp-content\/uploads\/2025\/05\/WhatsApp-Image-2025-05-13-at-14.37.08-3-scaled.jpeg'><img width=\"300\" height=\"300\" src=\"https:\/\/franciscanos.org.br\/noticias\/wp-content\/uploads\/2025\/05\/WhatsApp-Image-2025-05-13-at-14.37.08-3-300x300.jpeg\" class=\"attachment-thumbnail size-thumbnail\" alt=\"\" loading=\"lazy\" srcset=\"https:\/\/franciscanos.org.br\/noticias\/wp-content\/uploads\/2025\/05\/WhatsApp-Image-2025-05-13-at-14.37.08-3-300x300.jpeg 300w, https:\/\/franciscanos.org.br\/noticias\/wp-content\/uploads\/2025\/05\/WhatsApp-Image-2025-05-13-at-14.37.08-3-100x100.jpeg 100w\" sizes=\"(max-width: 300px) 100vw, 300px\" \/><\/a>\n\t\t\t<\/dt><\/dl><dl class='gallery-item'>\n\t\t\t<dt class='gallery-icon portrait'>\n\t\t\t\t<a href='https:\/\/franciscanos.org.br\/noticias\/wp-content\/uploads\/2025\/05\/WhatsApp-Image-2025-05-13-at-14.37.08-scaled.jpeg'><img width=\"300\" height=\"300\" src=\"https:\/\/franciscanos.org.br\/noticias\/wp-content\/uploads\/2025\/05\/WhatsApp-Image-2025-05-13-at-14.37.08-300x300.jpeg\" class=\"attachment-thumbnail size-thumbnail\" alt=\"\" loading=\"lazy\" srcset=\"https:\/\/franciscanos.org.br\/noticias\/wp-content\/uploads\/2025\/05\/WhatsApp-Image-2025-05-13-at-14.37.08-300x300.jpeg 300w, https:\/\/franciscanos.org.br\/noticias\/wp-content\/uploads\/2025\/05\/WhatsApp-Image-2025-05-13-at-14.37.08-100x100.jpeg 100w\" sizes=\"(max-width: 300px) 100vw, 300px\" \/><\/a>\n\t\t\t<\/dt><\/dl><br style=\"clear: both\" \/>\n\t\t<\/div>\n\n<p>Na sequ\u00eancia, foi anunciado o lema da Trezena e da Festa de Santo Ant\u00f4nio de 2025:<\/p>\n<p>\u201c<strong>Louvado sejas! Santo Ant\u00f4nio e as Criaturas louvam juntos o Criador.<\/strong>\u201d<\/p>\n<p>Trata-se de uma refer\u00eancia ao <strong>C\u00e2ntico das Criaturas<\/strong>, de S\u00e3o Francisco de Assis, que em 2025 completa 800 anos. Frei Jos\u00e9 destacou que, como filho de S\u00e3o Francisco, Santo Ant\u00f4nio \u00e9 tamb\u00e9m reconhecido como defensor da natureza e do Planeta Terra \u2014 nossa Casa Comum. A Trezena deste ano \u00e9, portanto, um apelo \u00e0 paz, ao di\u00e1logo e ao cuidado com a cria\u00e7\u00e3o.<\/p>\n<p>Simbolizando o lan\u00e7amento da tem\u00e1tica, Frei Robson, Frei Walter e Frei Gilberto entregaram aos representantes do prefeito e do vereador o cartaz oficial da Trezena e Festa.<\/p>\n<p>O terceiro e \u00faltimo an\u00fancio do evento foi o lan\u00e7amento do projeto <strong>\u201cM\u00fasica e Arte no Convento\u201d<\/strong>, com in\u00edcio em 23 de agosto. Haver\u00e1 apresenta\u00e7\u00f5es musicais gratuitas, um s\u00e1bado por m\u00eas, com o objetivo de abrir as portas do Convento \u00e0 promo\u00e7\u00e3o e cultivo da arte.<\/p>\n<p><img loading=\"lazy\" class=\"aligncenter wp-image-257072 size-full\" src=\"https:\/\/franciscanos.org.br\/noticias\/wp-content\/uploads\/2025\/05\/materia6.png\" alt=\"\" width=\"1280\" height=\"720\" srcset=\"https:\/\/franciscanos.org.br\/noticias\/wp-content\/uploads\/2025\/05\/materia6.png 1280w, https:\/\/franciscanos.org.br\/noticias\/wp-content\/uploads\/2025\/05\/materia6-450x253.png 450w, https:\/\/franciscanos.org.br\/noticias\/wp-content\/uploads\/2025\/05\/materia6-1024x576.png 1024w, https:\/\/franciscanos.org.br\/noticias\/wp-content\/uploads\/2025\/05\/materia6-768x432.png 768w, https:\/\/franciscanos.org.br\/noticias\/wp-content\/uploads\/2025\/05\/materia6-150x84.png 150w\" sizes=\"(max-width: 1280px) 100vw, 1280px\" \/><\/p>\n<p>Frei Walter agradeceu a arquiteta Ane Calixto, volunt\u00e1ria que auxiliou na regulariza\u00e7\u00e3o do projeto do elevador junto \u00e0 Prefeitura do Rio e que agora assume, com uma equipe, a restaura\u00e7\u00e3o do Convento. Tamb\u00e9m agradeceu ao muse\u00f3logo Frei R\u00f3ger Brunorio, profundo conhecedor da hist\u00f3ria do local, e mencionou a revitaliza\u00e7\u00e3o do \u00f3rg\u00e3o do Convento, conduzida por Frei Lauro Both.<\/p>\n\n\t\t<style type=\"text\/css\">\n\t\t\t#gallery-4 {\n\t\t\t\tmargin: auto;\n\t\t\t}\n\t\t\t#gallery-4 .gallery-item {\n\t\t\t\tfloat: left;\n\t\t\t\tmargin-top: 10px;\n\t\t\t\ttext-align: center;\n\t\t\t\twidth: 33%;\n\t\t\t}\n\t\t\t#gallery-4 img {\n\t\t\t\tborder: 2px solid #cfcfcf;\n\t\t\t}\n\t\t\t#gallery-4 .gallery-caption {\n\t\t\t\tmargin-left: 0;\n\t\t\t}\n\t\t\t\/* see gallery_shortcode() in wp-includes\/media.php *\/\n\t\t<\/style>\n\t\t<div id='gallery-4' class='gallery galleryid-257058 gallery-columns-3 gallery-size-thumbnail'><dl class='gallery-item'>\n\t\t\t<dt class='gallery-icon portrait'>\n\t\t\t\t<a href='https:\/\/franciscanos.org.br\/noticias\/wp-content\/uploads\/2025\/05\/WhatsApp-Image-2025-05-13-at-14.39.43-scaled.jpeg'><img width=\"300\" height=\"300\" src=\"https:\/\/franciscanos.org.br\/noticias\/wp-content\/uploads\/2025\/05\/WhatsApp-Image-2025-05-13-at-14.39.43-300x300.jpeg\" class=\"attachment-thumbnail size-thumbnail\" alt=\"\" loading=\"lazy\" srcset=\"https:\/\/franciscanos.org.br\/noticias\/wp-content\/uploads\/2025\/05\/WhatsApp-Image-2025-05-13-at-14.39.43-300x300.jpeg 300w, https:\/\/franciscanos.org.br\/noticias\/wp-content\/uploads\/2025\/05\/WhatsApp-Image-2025-05-13-at-14.39.43-100x100.jpeg 100w\" sizes=\"(max-width: 300px) 100vw, 300px\" \/><\/a>\n\t\t\t<\/dt><\/dl><dl class='gallery-item'>\n\t\t\t<dt class='gallery-icon landscape'>\n\t\t\t\t<a href='https:\/\/franciscanos.org.br\/noticias\/wp-content\/uploads\/2025\/05\/WhatsApp-Image-2025-05-13-at-14.37.12-1-scaled.jpeg'><img width=\"300\" height=\"300\" src=\"https:\/\/franciscanos.org.br\/noticias\/wp-content\/uploads\/2025\/05\/WhatsApp-Image-2025-05-13-at-14.37.12-1-300x300.jpeg\" class=\"attachment-thumbnail size-thumbnail\" alt=\"\" loading=\"lazy\" srcset=\"https:\/\/franciscanos.org.br\/noticias\/wp-content\/uploads\/2025\/05\/WhatsApp-Image-2025-05-13-at-14.37.12-1-300x300.jpeg 300w, https:\/\/franciscanos.org.br\/noticias\/wp-content\/uploads\/2025\/05\/WhatsApp-Image-2025-05-13-at-14.37.12-1-100x100.jpeg 100w\" sizes=\"(max-width: 300px) 100vw, 300px\" \/><\/a>\n\t\t\t<\/dt><\/dl><dl class='gallery-item'>\n\t\t\t<dt class='gallery-icon portrait'>\n\t\t\t\t<a href='https:\/\/franciscanos.org.br\/noticias\/wp-content\/uploads\/2025\/05\/WhatsApp-Image-2025-05-13-at-14.39.42-9-scaled.jpeg'><img width=\"300\" height=\"300\" src=\"https:\/\/franciscanos.org.br\/noticias\/wp-content\/uploads\/2025\/05\/WhatsApp-Image-2025-05-13-at-14.39.42-9-300x300.jpeg\" class=\"attachment-thumbnail size-thumbnail\" alt=\"\" loading=\"lazy\" srcset=\"https:\/\/franciscanos.org.br\/noticias\/wp-content\/uploads\/2025\/05\/WhatsApp-Image-2025-05-13-at-14.39.42-9-300x300.jpeg 300w, https:\/\/franciscanos.org.br\/noticias\/wp-content\/uploads\/2025\/05\/WhatsApp-Image-2025-05-13-at-14.39.42-9-100x100.jpeg 100w\" sizes=\"(max-width: 300px) 100vw, 300px\" \/><\/a>\n\t\t\t<\/dt><\/dl><br style=\"clear: both\" \/>\n\t\t<\/div>\n\n<p>No encerramento da celebra\u00e7\u00e3o, os frades distribu\u00edram p\u00e3es aben\u00e7oados aos fi\u00e9is de Santo Ant\u00f4nio.<\/p>\n\n\t\t<style type=\"text\/css\">\n\t\t\t#gallery-5 {\n\t\t\t\tmargin: auto;\n\t\t\t}\n\t\t\t#gallery-5 .gallery-item {\n\t\t\t\tfloat: left;\n\t\t\t\tmargin-top: 10px;\n\t\t\t\ttext-align: center;\n\t\t\t\twidth: 33%;\n\t\t\t}\n\t\t\t#gallery-5 img {\n\t\t\t\tborder: 2px solid #cfcfcf;\n\t\t\t}\n\t\t\t#gallery-5 .gallery-caption {\n\t\t\t\tmargin-left: 0;\n\t\t\t}\n\t\t\t\/* see gallery_shortcode() in wp-includes\/media.php *\/\n\t\t<\/style>\n\t\t<div id='gallery-5' class='gallery galleryid-257058 gallery-columns-3 gallery-size-thumbnail'><dl class='gallery-item'>\n\t\t\t<dt class='gallery-icon landscape'>\n\t\t\t\t<a href='https:\/\/franciscanos.org.br\/noticias\/wp-content\/uploads\/2025\/05\/WhatsApp-Image-2025-05-13-at-14.39.42-scaled.jpeg'><img width=\"300\" height=\"300\" src=\"https:\/\/franciscanos.org.br\/noticias\/wp-content\/uploads\/2025\/05\/WhatsApp-Image-2025-05-13-at-14.39.42-300x300.jpeg\" class=\"attachment-thumbnail size-thumbnail\" alt=\"\" loading=\"lazy\" srcset=\"https:\/\/franciscanos.org.br\/noticias\/wp-content\/uploads\/2025\/05\/WhatsApp-Image-2025-05-13-at-14.39.42-300x300.jpeg 300w, https:\/\/franciscanos.org.br\/noticias\/wp-content\/uploads\/2025\/05\/WhatsApp-Image-2025-05-13-at-14.39.42-100x100.jpeg 100w\" sizes=\"(max-width: 300px) 100vw, 300px\" \/><\/a>\n\t\t\t<\/dt><\/dl><dl class='gallery-item'>\n\t\t\t<dt class='gallery-icon landscape'>\n\t\t\t\t<a href='https:\/\/franciscanos.org.br\/noticias\/wp-content\/uploads\/2025\/05\/WhatsApp-Image-2025-05-13-at-14.37.09-1-scaled.jpeg'><img width=\"300\" height=\"300\" src=\"https:\/\/franciscanos.org.br\/noticias\/wp-content\/uploads\/2025\/05\/WhatsApp-Image-2025-05-13-at-14.37.09-1-300x300.jpeg\" class=\"attachment-thumbnail size-thumbnail\" alt=\"\" loading=\"lazy\" srcset=\"https:\/\/franciscanos.org.br\/noticias\/wp-content\/uploads\/2025\/05\/WhatsApp-Image-2025-05-13-at-14.37.09-1-300x300.jpeg 300w, https:\/\/franciscanos.org.br\/noticias\/wp-content\/uploads\/2025\/05\/WhatsApp-Image-2025-05-13-at-14.37.09-1-100x100.jpeg 100w\" sizes=\"(max-width: 300px) 100vw, 300px\" \/><\/a>\n\t\t\t<\/dt><\/dl><dl class='gallery-item'>\n\t\t\t<dt class='gallery-icon landscape'>\n\t\t\t\t<a href='https:\/\/franciscanos.org.br\/noticias\/wp-content\/uploads\/2025\/05\/WhatsApp-Image-2025-05-13-at-14.39.42-2-scaled.jpeg'><img width=\"300\" height=\"300\" src=\"https:\/\/franciscanos.org.br\/noticias\/wp-content\/uploads\/2025\/05\/WhatsApp-Image-2025-05-13-at-14.39.42-2-300x300.jpeg\" class=\"attachment-thumbnail size-thumbnail\" alt=\"\" loading=\"lazy\" srcset=\"https:\/\/franciscanos.org.br\/noticias\/wp-content\/uploads\/2025\/05\/WhatsApp-Image-2025-05-13-at-14.39.42-2-300x300.jpeg 300w, https:\/\/franciscanos.org.br\/noticias\/wp-content\/uploads\/2025\/05\/WhatsApp-Image-2025-05-13-at-14.39.42-2-100x100.jpeg 100w\" sizes=\"(max-width: 300px) 100vw, 300px\" \/><\/a>\n\t\t\t<\/dt><\/dl><br style=\"clear: both\" \/>\n\t\t<\/div>\n\n<hr \/>\n<p><em>Adriana Rabelo Rodrigues\/ Fotos: Frei R\u00f3ger Brunorio<\/em><\/p>\n","protected":false},"excerpt":{"rendered":"<p>Jubileu da Prov\u00edncia<\/p>\n","protected":false},"author":11,"featured_media":257080,"comment_status":"open","ping_status":"open","sticky":false,"template":"","format":"standard","meta":[],"categories":[1],"tags":[2221,2344],"acf":[],"yoast_head":"<!-- This site is optimized with the Yoast SEO plugin v19.2 - https:\/\/yoast.com\/wordpress\/plugins\/seo\/ -->\n<title>Elevador inaugurado e Trezena reconhecida como patrim\u00f4nio no Convento Santo Ant\u00f4nio - Not\u00edcias - Franciscanos<\/title>\n<meta name=\"robots\" content=\"index, follow, max-snippet:-1, max-image-preview:large, max-video-preview:-1\" \/>\n<link rel=\"canonical\" href=\"https:\/\/franciscanos.org.br\/noticias\/elevador-inaugurado-e-trezena-reconhecida-como-patrimonio-no-convento-santo-antonio.html\" \/>\n<meta property=\"og:locale\" content=\"pt_BR\" \/>\n<meta property=\"og:type\" content=\"article\" \/>\n<meta property=\"og:title\" content=\"Elevador inaugurado e Trezena reconhecida como patrim\u00f4nio no Convento Santo Ant\u00f4nio - Not\u00edcias - Franciscanos\" \/>\n<meta property=\"og:description\" content=\"Jubileu da Prov\u00edncia\" \/>\n<meta property=\"og:url\" content=\"https:\/\/franciscanos.org.br\/noticias\/elevador-inaugurado-e-trezena-reconhecida-como-patrimonio-no-convento-santo-antonio.html\" \/>\n<meta property=\"og:site_name\" content=\"Not\u00edcias - Franciscanos\" \/>\n<meta property=\"article:published_time\" content=\"2025-05-14T11:15:19+00:00\" \/>\n<meta property=\"article:modified_time\" content=\"2025-05-14T13:48:05+00:00\" \/>\n<meta property=\"og:image\" content=\"https:\/\/franciscanos.org.br\/noticias\/wp-content\/uploads\/2025\/05\/chamada-9.png\" \/>\n\t<meta property=\"og:image:width\" content=\"800\" \/>\n\t<meta property=\"og:image:height\" content=\"550\" \/>\n\t<meta property=\"og:image:type\" content=\"image\/png\" \/>\n<meta name=\"author\" content=\"Adriana Rabelo\" \/>\n<meta name=\"twitter:card\" content=\"summary_large_image\" \/>\n<meta name=\"twitter:label1\" content=\"Escrito por\" \/>\n\t<meta name=\"twitter:data1\" content=\"Adriana Rabelo\" \/>\n\t<meta name=\"twitter:label2\" content=\"Est. tempo de leitura\" \/>\n\t<meta name=\"twitter:data2\" content=\"11 minutos\" \/>\n<script type=\"application\/ld+json\" class=\"yoast-schema-graph\">{\"@context\":\"https:\/\/schema.org\",\"@graph\":[{\"@type\":\"WebSite\",\"@id\":\"https:\/\/franciscanos.org.br\/noticias\/#website\",\"url\":\"https:\/\/franciscanos.org.br\/noticias\/\",\"name\":\"Not\u00edcias - Franciscanos\",\"description\":\"Prov\u00edncia Franciscana da Imaculada Concei\u00e7\u00e3o do Brasil - Ordem dos Frades Menores - OFM\",\"potentialAction\":[{\"@type\":\"SearchAction\",\"target\":{\"@type\":\"EntryPoint\",\"urlTemplate\":\"https:\/\/franciscanos.org.br\/noticias\/?s={search_term_string}\"},\"query-input\":\"required name=search_term_string\"}],\"inLanguage\":\"pt-BR\"},{\"@type\":\"ImageObject\",\"inLanguage\":\"pt-BR\",\"@id\":\"https:\/\/franciscanos.org.br\/noticias\/elevador-inaugurado-e-trezena-reconhecida-como-patrimonio-no-convento-santo-antonio.html#primaryimage\",\"url\":\"https:\/\/franciscanos.org.br\/noticias\/wp-content\/uploads\/2025\/05\/chamada-9.png\",\"contentUrl\":\"https:\/\/franciscanos.org.br\/noticias\/wp-content\/uploads\/2025\/05\/chamada-9.png\",\"width\":800,\"height\":550},{\"@type\":\"WebPage\",\"@id\":\"https:\/\/franciscanos.org.br\/noticias\/elevador-inaugurado-e-trezena-reconhecida-como-patrimonio-no-convento-santo-antonio.html#webpage\",\"url\":\"https:\/\/franciscanos.org.br\/noticias\/elevador-inaugurado-e-trezena-reconhecida-como-patrimonio-no-convento-santo-antonio.html\",\"name\":\"Elevador inaugurado e Trezena reconhecida como patrim\u00f4nio no Convento Santo Ant\u00f4nio - Not\u00edcias - Franciscanos\",\"isPartOf\":{\"@id\":\"https:\/\/franciscanos.org.br\/noticias\/#website\"},\"primaryImageOfPage\":{\"@id\":\"https:\/\/franciscanos.org.br\/noticias\/elevador-inaugurado-e-trezena-reconhecida-como-patrimonio-no-convento-santo-antonio.html#primaryimage\"},\"datePublished\":\"2025-05-14T11:15:19+00:00\",\"dateModified\":\"2025-05-14T13:48:05+00:00\",\"author\":{\"@id\":\"https:\/\/franciscanos.org.br\/noticias\/#\/schema\/person\/d9422e83121c3ad3b0f423d195f5bb25\"},\"breadcrumb\":{\"@id\":\"https:\/\/franciscanos.org.br\/noticias\/elevador-inaugurado-e-trezena-reconhecida-como-patrimonio-no-convento-santo-antonio.html#breadcrumb\"},\"inLanguage\":\"pt-BR\",\"potentialAction\":[{\"@type\":\"ReadAction\",\"target\":[\"https:\/\/franciscanos.org.br\/noticias\/elevador-inaugurado-e-trezena-reconhecida-como-patrimonio-no-convento-santo-antonio.html\"]}]},{\"@type\":\"BreadcrumbList\",\"@id\":\"https:\/\/franciscanos.org.br\/noticias\/elevador-inaugurado-e-trezena-reconhecida-como-patrimonio-no-convento-santo-antonio.html#breadcrumb\",\"itemListElement\":[{\"@type\":\"ListItem\",\"position\":1,\"name\":\"Home\",\"item\":\"https:\/\/franciscanos.org.br\/noticias\"},{\"@type\":\"ListItem\",\"position\":2,\"name\":\"Elevador inaugurado e Trezena reconhecida como patrim\u00f4nio no Convento Santo Ant\u00f4nio\"}]},{\"@type\":\"Person\",\"@id\":\"https:\/\/franciscanos.org.br\/noticias\/#\/schema\/person\/d9422e83121c3ad3b0f423d195f5bb25\",\"name\":\"Adriana Rabelo\",\"image\":{\"@type\":\"ImageObject\",\"inLanguage\":\"pt-BR\",\"@id\":\"https:\/\/franciscanos.org.br\/noticias\/#\/schema\/person\/image\/\",\"url\":\"https:\/\/secure.gravatar.com\/avatar\/0a937b7500cd7df77540cfb8bede877d?s=96&d=mm&r=g\",\"contentUrl\":\"https:\/\/secure.gravatar.com\/avatar\/0a937b7500cd7df77540cfb8bede877d?s=96&d=mm&r=g\",\"caption\":\"Adriana Rabelo\"},\"url\":\"https:\/\/franciscanos.org.br\/noticias\/author\/adrianarabelo\"}]}<\/script>\n<!-- \/ Yoast SEO plugin. -->","yoast_head_json":{"title":"Elevador inaugurado e Trezena reconhecida como patrim\u00f4nio no Convento Santo Ant\u00f4nio - Not\u00edcias - Franciscanos","robots":{"index":"index","follow":"follow","max-snippet":"max-snippet:-1","max-image-preview":"max-image-preview:large","max-video-preview":"max-video-preview:-1"},"canonical":"https:\/\/franciscanos.org.br\/noticias\/elevador-inaugurado-e-trezena-reconhecida-como-patrimonio-no-convento-santo-antonio.html","og_locale":"pt_BR","og_type":"article","og_title":"Elevador inaugurado e Trezena reconhecida como patrim\u00f4nio no Convento Santo Ant\u00f4nio - Not\u00edcias - Franciscanos","og_description":"Jubileu da Prov\u00edncia","og_url":"https:\/\/franciscanos.org.br\/noticias\/elevador-inaugurado-e-trezena-reconhecida-como-patrimonio-no-convento-santo-antonio.html","og_site_name":"Not\u00edcias - Franciscanos","article_published_time":"2025-05-14T11:15:19+00:00","article_modified_time":"2025-05-14T13:48:05+00:00","og_image":[{"width":800,"height":550,"url":"https:\/\/franciscanos.org.br\/noticias\/wp-content\/uploads\/2025\/05\/chamada-9.png","type":"image\/png"}],"author":"Adriana Rabelo","twitter_card":"summary_large_image","twitter_misc":{"Escrito por":"Adriana Rabelo","Est. tempo de leitura":"11 minutos"},"schema":{"@context":"https:\/\/schema.org","@graph":[{"@type":"WebSite","@id":"https:\/\/franciscanos.org.br\/noticias\/#website","url":"https:\/\/franciscanos.org.br\/noticias\/","name":"Not\u00edcias - Franciscanos","description":"Prov\u00edncia Franciscana da Imaculada Concei\u00e7\u00e3o do Brasil - Ordem dos Frades Menores - OFM","potentialAction":[{"@type":"SearchAction","target":{"@type":"EntryPoint","urlTemplate":"https:\/\/franciscanos.org.br\/noticias\/?s={search_term_string}"},"query-input":"required name=search_term_string"}],"inLanguage":"pt-BR"},{"@type":"ImageObject","inLanguage":"pt-BR","@id":"https:\/\/franciscanos.org.br\/noticias\/elevador-inaugurado-e-trezena-reconhecida-como-patrimonio-no-convento-santo-antonio.html#primaryimage","url":"https:\/\/franciscanos.org.br\/noticias\/wp-content\/uploads\/2025\/05\/chamada-9.png","contentUrl":"https:\/\/franciscanos.org.br\/noticias\/wp-content\/uploads\/2025\/05\/chamada-9.png","width":800,"height":550},{"@type":"WebPage","@id":"https:\/\/franciscanos.org.br\/noticias\/elevador-inaugurado-e-trezena-reconhecida-como-patrimonio-no-convento-santo-antonio.html#webpage","url":"https:\/\/franciscanos.org.br\/noticias\/elevador-inaugurado-e-trezena-reconhecida-como-patrimonio-no-convento-santo-antonio.html","name":"Elevador inaugurado e Trezena reconhecida como patrim\u00f4nio no Convento Santo Ant\u00f4nio - Not\u00edcias - Franciscanos","isPartOf":{"@id":"https:\/\/franciscanos.org.br\/noticias\/#website"},"primaryImageOfPage":{"@id":"https:\/\/franciscanos.org.br\/noticias\/elevador-inaugurado-e-trezena-reconhecida-como-patrimonio-no-convento-santo-antonio.html#primaryimage"},"datePublished":"2025-05-14T11:15:19+00:00","dateModified":"2025-05-14T13:48:05+00:00","author":{"@id":"https:\/\/franciscanos.org.br\/noticias\/#\/schema\/person\/d9422e83121c3ad3b0f423d195f5bb25"},"breadcrumb":{"@id":"https:\/\/franciscanos.org.br\/noticias\/elevador-inaugurado-e-trezena-reconhecida-como-patrimonio-no-convento-santo-antonio.html#breadcrumb"},"inLanguage":"pt-BR","potentialAction":[{"@type":"ReadAction","target":["https:\/\/franciscanos.org.br\/noticias\/elevador-inaugurado-e-trezena-reconhecida-como-patrimonio-no-convento-santo-antonio.html"]}]},{"@type":"BreadcrumbList","@id":"https:\/\/franciscanos.org.br\/noticias\/elevador-inaugurado-e-trezena-reconhecida-como-patrimonio-no-convento-santo-antonio.html#breadcrumb","itemListElement":[{"@type":"ListItem","position":1,"name":"Home","item":"https:\/\/franciscanos.org.br\/noticias"},{"@type":"ListItem","position":2,"name":"Elevador inaugurado e Trezena reconhecida como patrim\u00f4nio no Convento Santo Ant\u00f4nio"}]},{"@type":"Person","@id":"https:\/\/franciscanos.org.br\/noticias\/#\/schema\/person\/d9422e83121c3ad3b0f423d195f5bb25","name":"Adriana Rabelo","image":{"@type":"ImageObject","inLanguage":"pt-BR","@id":"https:\/\/franciscanos.org.br\/noticias\/#\/schema\/person\/image\/","url":"https:\/\/secure.gravatar.com\/avatar\/0a937b7500cd7df77540cfb8bede877d?s=96&d=mm&r=g","contentUrl":"https:\/\/secure.gravatar.com\/avatar\/0a937b7500cd7df77540cfb8bede877d?s=96&d=mm&r=g","caption":"Adriana Rabelo"},"url":"https:\/\/franciscanos.org.br\/noticias\/author\/adrianarabelo"}]}},"_links":{"self":[{"href":"https:\/\/franciscanos.org.br\/noticias\/wp-json\/wp\/v2\/posts\/257058"}],"collection":[{"href":"https:\/\/franciscanos.org.br\/noticias\/wp-json\/wp\/v2\/posts"}],"about":[{"href":"https:\/\/franciscanos.org.br\/noticias\/wp-json\/wp\/v2\/types\/post"}],"author":[{"embeddable":true,"href":"https:\/\/franciscanos.org.br\/noticias\/wp-json\/wp\/v2\/users\/11"}],"replies":[{"embeddable":true,"href":"https:\/\/franciscanos.org.br\/noticias\/wp-json\/wp\/v2\/comments?post=257058"}],"version-history":[{"count":8,"href":"https:\/\/franciscanos.org.br\/noticias\/wp-json\/wp\/v2\/posts\/257058\/revisions"}],"predecessor-version":[{"id":257099,"href":"https:\/\/franciscanos.org.br\/noticias\/wp-json\/wp\/v2\/posts\/257058\/revisions\/257099"}],"wp:featuredmedia":[{"embeddable":true,"href":"https:\/\/franciscanos.org.br\/noticias\/wp-json\/wp\/v2\/media\/257080"}],"wp:attachment":[{"href":"https:\/\/franciscanos.org.br\/noticias\/wp-json\/wp\/v2\/media?parent=257058"}],"wp:term":[{"taxonomy":"category","embeddable":true,"href":"https:\/\/franciscanos.org.br\/noticias\/wp-json\/wp\/v2\/categories?post=257058"},{"taxonomy":"post_tag","embeddable":true,"href":"https:\/\/franciscanos.org.br\/noticias\/wp-json\/wp\/v2\/tags?post=257058"}],"curies":[{"name":"wp","href":"https:\/\/api.w.org\/{rel}","templated":true}]}}