{"id":257047,"date":"2025-05-12T16:00:03","date_gmt":"2025-05-12T19:00:03","guid":{"rendered":"https:\/\/franciscanos.org.br\/noticias\/?p=257047"},"modified":"2025-05-13T07:27:30","modified_gmt":"2025-05-13T10:27:30","slug":"papa-leao-xiv-agradece-aos-jornalistas-pelo-servico-a-verdade","status":"publish","type":"post","link":"https:\/\/franciscanos.org.br\/noticias\/papa-leao-xiv-agradece-aos-jornalistas-pelo-servico-a-verdade.html","title":{"rendered":"Papa Le\u00e3o XIV agradece aos jornalistas pelo &#8220;servi\u00e7o \u00e0 verdade&#8221;"},"content":{"rendered":"<p><img loading=\"lazy\" class=\"aligncenter wp-image-257048 size-full\" src=\"https:\/\/franciscanos.org.br\/noticias\/wp-content\/uploads\/2025\/05\/materia-12.png\" alt=\"\" width=\"1280\" height=\"720\" srcset=\"https:\/\/franciscanos.org.br\/noticias\/wp-content\/uploads\/2025\/05\/materia-12.png 1280w, https:\/\/franciscanos.org.br\/noticias\/wp-content\/uploads\/2025\/05\/materia-12-450x253.png 450w, https:\/\/franciscanos.org.br\/noticias\/wp-content\/uploads\/2025\/05\/materia-12-1024x576.png 1024w, https:\/\/franciscanos.org.br\/noticias\/wp-content\/uploads\/2025\/05\/materia-12-768x432.png 768w, https:\/\/franciscanos.org.br\/noticias\/wp-content\/uploads\/2025\/05\/materia-12-150x84.png 150w\" sizes=\"(max-width: 1280px) 100vw, 1280px\" \/><\/p>\n<p>O Papa Le\u00e3o XIV encontrou-se, nesta segunda-feira (12\/05), na Sala Paulo VI, no Vaticano, com a imprensa mundial.<\/p>\n<p>\u201cDou-lhes as boas-vindas, representantes da m\u00eddia de todo o mundo. Agrade\u00e7o o trabalho que realizaram e realizam neste tempo que, para a Igreja, \u00e9 essencialmente um tempo de Gra\u00e7a.\u201d<\/p>\n<p>Depois dessas palavras de boas-vindas no in\u00edcio de seu discurso, Le\u00e3o XIV prosseguiu, citando o \u201cSerm\u00e3o da Montanha\u201d, no Evangelho de Mateus, em que Jesus proclamou: \u201cFelizes os que promovem a paz\u201d.<\/p>\n<p><strong>O modo como comunicamos \u00e9 de fundamental import\u00e2ncia<\/strong><\/p>\n<p>Segundo o Pont\u00edfice, esta \u00e9 uma bem-aventuran\u00e7a que nos interpela a todos e chama quem trabalha nos meios de comunica\u00e7\u00e3o &#8220;ao compromisso de levar adiante uma forma de comunica\u00e7\u00e3o diferente, que n\u00e3o busque o consenso a todo custo, n\u00e3o se revista de palavras agressivas, n\u00e3o abrace o modelo da competi\u00e7\u00e3o, n\u00e3o separe nunca a busca da verdade do amor com que devemos humildemente busc\u00e1-la&#8221;.<\/p>\n<p>\u201cA paz come\u00e7a em cada um de n\u00f3s: no modo como olhamos os outros, ouvimos os outros, falamos dos outros. Neste sentido, o modo como comunicamos \u00e9 de fundamental import\u00e2ncia: devemos dizer \u201cn\u00e3o\u201d \u00e0 guerra das palavras e das imagens, devemos rejeitar o paradigma da guerra.\u201d<\/p>\n<p><strong><img loading=\"lazy\" class=\"aligncenter wp-image-257049 size-full\" src=\"https:\/\/franciscanos.org.br\/noticias\/wp-content\/uploads\/2025\/05\/materia-2-6.png\" alt=\"\" width=\"1280\" height=\"720\" srcset=\"https:\/\/franciscanos.org.br\/noticias\/wp-content\/uploads\/2025\/05\/materia-2-6.png 1280w, https:\/\/franciscanos.org.br\/noticias\/wp-content\/uploads\/2025\/05\/materia-2-6-450x253.png 450w, https:\/\/franciscanos.org.br\/noticias\/wp-content\/uploads\/2025\/05\/materia-2-6-1024x576.png 1024w, https:\/\/franciscanos.org.br\/noticias\/wp-content\/uploads\/2025\/05\/materia-2-6-768x432.png 768w, https:\/\/franciscanos.org.br\/noticias\/wp-content\/uploads\/2025\/05\/materia-2-6-150x84.png 150w\" sizes=\"(max-width: 1280px) 100vw, 1280px\" \/><\/strong><\/p>\n<p><strong>A solidariedade da Igreja aos jornalistas presos<\/strong><\/p>\n<p>A seguir, Le\u00e3o XIV reiterou &#8220;a solidariedade da Igreja aos jornalistas presos por terem buscado e relatado a verdade&#8221;, pedindo sua liberta\u00e7\u00e3o.<\/p>\n<p>\u201cA Igreja reconhece nestas testemunhas, penso naqueles que relatam a guerra mesmo \u00e0 custa da pr\u00f3pria vida, a coragem de quem defende a dignidade, a justi\u00e7a e o direito dos povos \u00e0 informa\u00e7\u00e3o, porque s\u00f3 os povos informados podem fazer escolhas livres. O sofrimento destes jornalistas presos interpela a consci\u00eancia das Na\u00e7\u00f5es e da Comunidade internacional, chamando-nos a todos a salvaguardar o bem precioso da liberdade de express\u00e3o e de imprensa.\u201d<\/p>\n<p><strong>Agradecimento pelo &#8220;servi\u00e7o \u00e0 verdade&#8221;<\/strong><\/p>\n<p>A seguir, Le\u00e3o XIV agradeceu aos comunicadores pelo seu\u00a0<b>&#8220;servi\u00e7o \u00e0 verdade&#8221;<\/b>.<\/p>\n<p>\u201cVoc\u00eas estiveram em Roma nestas semanas para contar a Igreja, a sua variedade e, ao mesmo tempo, a sua unidade. Voc\u00eas acompanharam os ritos da Semana Santa; depois, contaram a hist\u00f3ria da dor pela morte do Papa Francisco, que, no entanto, ocorreu \u00e0 luz da P\u00e1scoa. Essa mesma f\u00e9 pascal nos introduziu no esp\u00edrito do Conclave, que os viu particularmente ocupados em dias cansativos; e, tamb\u00e9m nessa ocasi\u00e3o, voc\u00eas conseguiram narrar a beleza do amor de Cristo que nos une a todos e nos torna um s\u00f3 povo, guiados pelo Bom Pastor.\u201d<\/p>\n<p><strong>Uma comunica\u00e7\u00e3o capaz de nos tirar da \u201cTorre de Babel\u201d\u00a0<\/strong><\/p>\n<p>Le\u00e3o XIV recordou, em seu discurso, que &#8220;vivemos tempos dif\u00edceis de percorrer e contar, que s\u00e3o um desafio para todos n\u00f3s e dos quais n\u00e3o devemos fugir. Pelo contr\u00e1rio, pedem a cada um de n\u00f3s, em nossos diferentes pap\u00e9is e servi\u00e7os, para nunca ceder \u00e0 mediocridade. A Igreja deve aceitar o desafio dos tempos e, da mesma forma, n\u00e3o pode haver comunica\u00e7\u00e3o e jornalismo fora do tempo e da hist\u00f3ria. Como nos lembra Santo Agostinho, que disse: \u00abVivamos bem e os tempos ser\u00e3o bons. N\u00f3s somos os tempos\u00bb&#8221;.<\/p>\n<p>Segundo o Papa Le\u00e3o XIV,\u00a0<b>&#8220;um dos desafios mais importantes hoje \u00e9 promover uma comunica\u00e7\u00e3o capaz de nos tirar da \u201cTorre de Babel\u201d em que \u00e0s vezes nos encontramos, da confus\u00e3o de linguagens sem amor, muitas vezes ideol\u00f3gicas ou tendenciosas. Por isso, o seu servi\u00e7o, com as palavras que voc\u00eas usam e o estilo que voc\u00eas adotam, \u00e9 importante<\/b>&#8220;.<\/p>\n<p><strong>Comunica\u00e7\u00e3o, cria\u00e7\u00e3o de ambientes humanos e digitais<\/strong><\/p>\n<p>&#8220;A comunica\u00e7\u00e3o, de fato&#8221;, disse o Pont\u00edfice, &#8220;n\u00e3o \u00e9 apenas a transmiss\u00e3o de informa\u00e7\u00f5es, mas a cria\u00e7\u00e3o de uma cultura, de ambientes humanos e digitais que se tornam espa\u00e7os de di\u00e1logo e discuss\u00e3o&#8221;.<\/p>\n<p>\u201cOlhando para a evolu\u00e7\u00e3o tecnol\u00f3gica, essa miss\u00e3o se torna ainda mais necess\u00e1ria. Penso, em particular, na intelig\u00eancia artificial com seu imenso potencial, que exige, no entanto, responsabilidade e discernimento para orientar os instrumentos para o bem de todos, para que possam produzir benef\u00edcios para a humanidade. Essa responsabilidade diz respeito a todos, na propor\u00e7\u00e3o da idade e dos pap\u00e9is sociais.\u201d<\/p>\n<p>&#8220;<b>Queridos amigos, com o tempo aprenderemos a conhecer-nos melhor.<\/b>\u00a0Vivemos, podemos dizer juntos, dias realmente especiais&#8221;, partilhados &#8220;por todos os meios de comunica\u00e7\u00e3o: TV, r\u00e1dio, internet, redes sociais&#8221;.<\/p>\n<p><strong>Desarmar a comunica\u00e7\u00e3o do \u00f3dio e do preconceito<\/strong><\/p>\n<p>&#8220;Gostaria que cada um de n\u00f3s pudesse dizer deles que eles nos revelaram um pouco do mist\u00e9rio da nossa humanidade e que nos deixaram um desejo de amor e de paz&#8221;, disse o Papa Le\u00e3o XIV, recordando o convite do Papa Francisco em sua \u00faltima mensagem para o pr\u00f3ximo\u00a0<a href=\"https:\/\/www.vatican.va\/content\/francesco\/pt\/messages\/communications\/documents\/20250124-messaggio-comunicazioni-sociali.html\" target=\"_blank\" rel=\"external noopener\">Dia Mundial das Comunica\u00e7\u00f5es Sociais<\/a>, celebrado em 1\u00ba de junho pr\u00f3ximo:<\/p>\n<p>\u201cDesarmemos a comunica\u00e7\u00e3o de todo preconceito, rancor, fanatismo e \u00f3dio; purifiquemo-la da agressividade. N\u00e3o precisamos de uma comunica\u00e7\u00e3o estrondosa e muscular, mas de uma comunica\u00e7\u00e3o capaz de ouvir, de acolher a voz dos fr\u00e1geis que n\u00e3o t\u00eam voz. Desarmemos as palavras e ajudaremos a desarmar a Terra. Uma comunica\u00e7\u00e3o desarmada e desarmante permite-nos partilhar uma vis\u00e3o diferente do mundo e agir de modo coerente com a nossa dignidade humana.\u201d<\/p>\n<p>&#8220;Voc\u00eas est\u00e3o na linha de frente narrando conflitos e esperan\u00e7as de paz, situa\u00e7\u00f5es de injusti\u00e7a e pobreza, e o trabalho silencioso de muitos por um mundo melhor. Por isso, pe\u00e7o-lhes que escolham com consci\u00eancia e coragem o caminho da comunica\u00e7\u00e3o da paz&#8221;, concluiu o Papa Le\u00e3o XIV.<\/p>\n<hr \/>\n<p><em>Mariangela Jaguraba \u2013 Vatican News<\/em><\/p>\n","protected":false},"excerpt":{"rendered":"<p>Papa Le\u00e3o XIV<\/p>\n","protected":false},"author":11,"featured_media":257050,"comment_status":"open","ping_status":"open","sticky":false,"template":"","format":"standard","meta":[],"categories":[1],"tags":[2343],"acf":[],"yoast_head":"<!-- This site is optimized with the Yoast SEO plugin v19.2 - https:\/\/yoast.com\/wordpress\/plugins\/seo\/ -->\n<title>Papa Le\u00e3o XIV agradece aos jornalistas pelo &quot;servi\u00e7o \u00e0 verdade&quot; - Not\u00edcias - Franciscanos<\/title>\n<meta name=\"robots\" content=\"index, follow, max-snippet:-1, max-image-preview:large, max-video-preview:-1\" \/>\n<link rel=\"canonical\" href=\"https:\/\/franciscanos.org.br\/noticias\/papa-leao-xiv-agradece-aos-jornalistas-pelo-servico-a-verdade.html\" \/>\n<meta property=\"og:locale\" content=\"pt_BR\" \/>\n<meta property=\"og:type\" content=\"article\" \/>\n<meta property=\"og:title\" content=\"Papa Le\u00e3o XIV agradece aos jornalistas pelo &quot;servi\u00e7o \u00e0 verdade&quot; - Not\u00edcias - Franciscanos\" \/>\n<meta property=\"og:description\" content=\"Papa Le\u00e3o XIV\" \/>\n<meta property=\"og:url\" content=\"https:\/\/franciscanos.org.br\/noticias\/papa-leao-xiv-agradece-aos-jornalistas-pelo-servico-a-verdade.html\" \/>\n<meta property=\"og:site_name\" content=\"Not\u00edcias - Franciscanos\" \/>\n<meta property=\"article:published_time\" content=\"2025-05-12T19:00:03+00:00\" \/>\n<meta property=\"article:modified_time\" content=\"2025-05-13T10:27:30+00:00\" \/>\n<meta property=\"og:image\" content=\"https:\/\/franciscanos.org.br\/noticias\/wp-content\/uploads\/2025\/05\/chamada-8.png\" \/>\n\t<meta property=\"og:image:width\" content=\"800\" \/>\n\t<meta property=\"og:image:height\" content=\"550\" \/>\n\t<meta property=\"og:image:type\" content=\"image\/png\" \/>\n<meta name=\"author\" content=\"Adriana Rabelo\" \/>\n<meta name=\"twitter:card\" content=\"summary_large_image\" \/>\n<meta name=\"twitter:label1\" content=\"Escrito por\" \/>\n\t<meta name=\"twitter:data1\" content=\"Adriana Rabelo\" \/>\n\t<meta name=\"twitter:label2\" content=\"Est. tempo de leitura\" \/>\n\t<meta name=\"twitter:data2\" content=\"5 minutos\" \/>\n<script type=\"application\/ld+json\" class=\"yoast-schema-graph\">{\"@context\":\"https:\/\/schema.org\",\"@graph\":[{\"@type\":\"WebSite\",\"@id\":\"https:\/\/franciscanos.org.br\/noticias\/#website\",\"url\":\"https:\/\/franciscanos.org.br\/noticias\/\",\"name\":\"Not\u00edcias - Franciscanos\",\"description\":\"Prov\u00edncia Franciscana da Imaculada Concei\u00e7\u00e3o do Brasil - Ordem dos Frades Menores - OFM\",\"potentialAction\":[{\"@type\":\"SearchAction\",\"target\":{\"@type\":\"EntryPoint\",\"urlTemplate\":\"https:\/\/franciscanos.org.br\/noticias\/?s={search_term_string}\"},\"query-input\":\"required name=search_term_string\"}],\"inLanguage\":\"pt-BR\"},{\"@type\":\"ImageObject\",\"inLanguage\":\"pt-BR\",\"@id\":\"https:\/\/franciscanos.org.br\/noticias\/papa-leao-xiv-agradece-aos-jornalistas-pelo-servico-a-verdade.html#primaryimage\",\"url\":\"https:\/\/franciscanos.org.br\/noticias\/wp-content\/uploads\/2025\/05\/chamada-8.png\",\"contentUrl\":\"https:\/\/franciscanos.org.br\/noticias\/wp-content\/uploads\/2025\/05\/chamada-8.png\",\"width\":800,\"height\":550},{\"@type\":\"WebPage\",\"@id\":\"https:\/\/franciscanos.org.br\/noticias\/papa-leao-xiv-agradece-aos-jornalistas-pelo-servico-a-verdade.html#webpage\",\"url\":\"https:\/\/franciscanos.org.br\/noticias\/papa-leao-xiv-agradece-aos-jornalistas-pelo-servico-a-verdade.html\",\"name\":\"Papa Le\u00e3o XIV agradece aos jornalistas pelo \\\"servi\u00e7o \u00e0 verdade\\\" - Not\u00edcias - Franciscanos\",\"isPartOf\":{\"@id\":\"https:\/\/franciscanos.org.br\/noticias\/#website\"},\"primaryImageOfPage\":{\"@id\":\"https:\/\/franciscanos.org.br\/noticias\/papa-leao-xiv-agradece-aos-jornalistas-pelo-servico-a-verdade.html#primaryimage\"},\"datePublished\":\"2025-05-12T19:00:03+00:00\",\"dateModified\":\"2025-05-13T10:27:30+00:00\",\"author\":{\"@id\":\"https:\/\/franciscanos.org.br\/noticias\/#\/schema\/person\/d9422e83121c3ad3b0f423d195f5bb25\"},\"breadcrumb\":{\"@id\":\"https:\/\/franciscanos.org.br\/noticias\/papa-leao-xiv-agradece-aos-jornalistas-pelo-servico-a-verdade.html#breadcrumb\"},\"inLanguage\":\"pt-BR\",\"potentialAction\":[{\"@type\":\"ReadAction\",\"target\":[\"https:\/\/franciscanos.org.br\/noticias\/papa-leao-xiv-agradece-aos-jornalistas-pelo-servico-a-verdade.html\"]}]},{\"@type\":\"BreadcrumbList\",\"@id\":\"https:\/\/franciscanos.org.br\/noticias\/papa-leao-xiv-agradece-aos-jornalistas-pelo-servico-a-verdade.html#breadcrumb\",\"itemListElement\":[{\"@type\":\"ListItem\",\"position\":1,\"name\":\"Home\",\"item\":\"https:\/\/franciscanos.org.br\/noticias\"},{\"@type\":\"ListItem\",\"position\":2,\"name\":\"Papa Le\u00e3o XIV agradece aos jornalistas pelo &#8220;servi\u00e7o \u00e0 verdade&#8221;\"}]},{\"@type\":\"Person\",\"@id\":\"https:\/\/franciscanos.org.br\/noticias\/#\/schema\/person\/d9422e83121c3ad3b0f423d195f5bb25\",\"name\":\"Adriana Rabelo\",\"image\":{\"@type\":\"ImageObject\",\"inLanguage\":\"pt-BR\",\"@id\":\"https:\/\/franciscanos.org.br\/noticias\/#\/schema\/person\/image\/\",\"url\":\"https:\/\/secure.gravatar.com\/avatar\/0a937b7500cd7df77540cfb8bede877d?s=96&d=mm&r=g\",\"contentUrl\":\"https:\/\/secure.gravatar.com\/avatar\/0a937b7500cd7df77540cfb8bede877d?s=96&d=mm&r=g\",\"caption\":\"Adriana Rabelo\"},\"url\":\"https:\/\/franciscanos.org.br\/noticias\/author\/adrianarabelo\"}]}<\/script>\n<!-- \/ Yoast SEO plugin. -->","yoast_head_json":{"title":"Papa Le\u00e3o XIV agradece aos jornalistas pelo \"servi\u00e7o \u00e0 verdade\" - Not\u00edcias - Franciscanos","robots":{"index":"index","follow":"follow","max-snippet":"max-snippet:-1","max-image-preview":"max-image-preview:large","max-video-preview":"max-video-preview:-1"},"canonical":"https:\/\/franciscanos.org.br\/noticias\/papa-leao-xiv-agradece-aos-jornalistas-pelo-servico-a-verdade.html","og_locale":"pt_BR","og_type":"article","og_title":"Papa Le\u00e3o XIV agradece aos jornalistas pelo \"servi\u00e7o \u00e0 verdade\" - Not\u00edcias - Franciscanos","og_description":"Papa Le\u00e3o XIV","og_url":"https:\/\/franciscanos.org.br\/noticias\/papa-leao-xiv-agradece-aos-jornalistas-pelo-servico-a-verdade.html","og_site_name":"Not\u00edcias - Franciscanos","article_published_time":"2025-05-12T19:00:03+00:00","article_modified_time":"2025-05-13T10:27:30+00:00","og_image":[{"width":800,"height":550,"url":"https:\/\/franciscanos.org.br\/noticias\/wp-content\/uploads\/2025\/05\/chamada-8.png","type":"image\/png"}],"author":"Adriana Rabelo","twitter_card":"summary_large_image","twitter_misc":{"Escrito por":"Adriana Rabelo","Est. tempo de leitura":"5 minutos"},"schema":{"@context":"https:\/\/schema.org","@graph":[{"@type":"WebSite","@id":"https:\/\/franciscanos.org.br\/noticias\/#website","url":"https:\/\/franciscanos.org.br\/noticias\/","name":"Not\u00edcias - Franciscanos","description":"Prov\u00edncia Franciscana da Imaculada Concei\u00e7\u00e3o do Brasil - Ordem dos Frades Menores - OFM","potentialAction":[{"@type":"SearchAction","target":{"@type":"EntryPoint","urlTemplate":"https:\/\/franciscanos.org.br\/noticias\/?s={search_term_string}"},"query-input":"required name=search_term_string"}],"inLanguage":"pt-BR"},{"@type":"ImageObject","inLanguage":"pt-BR","@id":"https:\/\/franciscanos.org.br\/noticias\/papa-leao-xiv-agradece-aos-jornalistas-pelo-servico-a-verdade.html#primaryimage","url":"https:\/\/franciscanos.org.br\/noticias\/wp-content\/uploads\/2025\/05\/chamada-8.png","contentUrl":"https:\/\/franciscanos.org.br\/noticias\/wp-content\/uploads\/2025\/05\/chamada-8.png","width":800,"height":550},{"@type":"WebPage","@id":"https:\/\/franciscanos.org.br\/noticias\/papa-leao-xiv-agradece-aos-jornalistas-pelo-servico-a-verdade.html#webpage","url":"https:\/\/franciscanos.org.br\/noticias\/papa-leao-xiv-agradece-aos-jornalistas-pelo-servico-a-verdade.html","name":"Papa Le\u00e3o XIV agradece aos jornalistas pelo \"servi\u00e7o \u00e0 verdade\" - Not\u00edcias - Franciscanos","isPartOf":{"@id":"https:\/\/franciscanos.org.br\/noticias\/#website"},"primaryImageOfPage":{"@id":"https:\/\/franciscanos.org.br\/noticias\/papa-leao-xiv-agradece-aos-jornalistas-pelo-servico-a-verdade.html#primaryimage"},"datePublished":"2025-05-12T19:00:03+00:00","dateModified":"2025-05-13T10:27:30+00:00","author":{"@id":"https:\/\/franciscanos.org.br\/noticias\/#\/schema\/person\/d9422e83121c3ad3b0f423d195f5bb25"},"breadcrumb":{"@id":"https:\/\/franciscanos.org.br\/noticias\/papa-leao-xiv-agradece-aos-jornalistas-pelo-servico-a-verdade.html#breadcrumb"},"inLanguage":"pt-BR","potentialAction":[{"@type":"ReadAction","target":["https:\/\/franciscanos.org.br\/noticias\/papa-leao-xiv-agradece-aos-jornalistas-pelo-servico-a-verdade.html"]}]},{"@type":"BreadcrumbList","@id":"https:\/\/franciscanos.org.br\/noticias\/papa-leao-xiv-agradece-aos-jornalistas-pelo-servico-a-verdade.html#breadcrumb","itemListElement":[{"@type":"ListItem","position":1,"name":"Home","item":"https:\/\/franciscanos.org.br\/noticias"},{"@type":"ListItem","position":2,"name":"Papa Le\u00e3o XIV agradece aos jornalistas pelo &#8220;servi\u00e7o \u00e0 verdade&#8221;"}]},{"@type":"Person","@id":"https:\/\/franciscanos.org.br\/noticias\/#\/schema\/person\/d9422e83121c3ad3b0f423d195f5bb25","name":"Adriana Rabelo","image":{"@type":"ImageObject","inLanguage":"pt-BR","@id":"https:\/\/franciscanos.org.br\/noticias\/#\/schema\/person\/image\/","url":"https:\/\/secure.gravatar.com\/avatar\/0a937b7500cd7df77540cfb8bede877d?s=96&d=mm&r=g","contentUrl":"https:\/\/secure.gravatar.com\/avatar\/0a937b7500cd7df77540cfb8bede877d?s=96&d=mm&r=g","caption":"Adriana Rabelo"},"url":"https:\/\/franciscanos.org.br\/noticias\/author\/adrianarabelo"}]}},"_links":{"self":[{"href":"https:\/\/franciscanos.org.br\/noticias\/wp-json\/wp\/v2\/posts\/257047"}],"collection":[{"href":"https:\/\/franciscanos.org.br\/noticias\/wp-json\/wp\/v2\/posts"}],"about":[{"href":"https:\/\/franciscanos.org.br\/noticias\/wp-json\/wp\/v2\/types\/post"}],"author":[{"embeddable":true,"href":"https:\/\/franciscanos.org.br\/noticias\/wp-json\/wp\/v2\/users\/11"}],"replies":[{"embeddable":true,"href":"https:\/\/franciscanos.org.br\/noticias\/wp-json\/wp\/v2\/comments?post=257047"}],"version-history":[{"count":1,"href":"https:\/\/franciscanos.org.br\/noticias\/wp-json\/wp\/v2\/posts\/257047\/revisions"}],"predecessor-version":[{"id":257051,"href":"https:\/\/franciscanos.org.br\/noticias\/wp-json\/wp\/v2\/posts\/257047\/revisions\/257051"}],"wp:featuredmedia":[{"embeddable":true,"href":"https:\/\/franciscanos.org.br\/noticias\/wp-json\/wp\/v2\/media\/257050"}],"wp:attachment":[{"href":"https:\/\/franciscanos.org.br\/noticias\/wp-json\/wp\/v2\/media?parent=257047"}],"wp:term":[{"taxonomy":"category","embeddable":true,"href":"https:\/\/franciscanos.org.br\/noticias\/wp-json\/wp\/v2\/categories?post=257047"},{"taxonomy":"post_tag","embeddable":true,"href":"https:\/\/franciscanos.org.br\/noticias\/wp-json\/wp\/v2\/tags?post=257047"}],"curies":[{"name":"wp","href":"https:\/\/api.w.org\/{rel}","templated":true}]}}