{"id":257005,"date":"2025-05-09T21:52:38","date_gmt":"2025-05-10T00:52:38","guid":{"rendered":"https:\/\/franciscanos.org.br\/noticias\/?p=257005"},"modified":"2025-08-26T15:55:13","modified_gmt":"2025-08-26T18:55:13","slug":"voce-conhece-os-canais-de-comunicacao-da-provincia","status":"publish","type":"post","link":"https:\/\/franciscanos.org.br\/noticias\/voce-conhece-os-canais-de-comunicacao-da-provincia.html","title":{"rendered":"Voc\u00ea conhece os canais de comunica\u00e7\u00e3o da Prov\u00edncia?"},"content":{"rendered":"<p><img loading=\"lazy\" class=\"aligncenter wp-image-257021 size-full\" src=\"https:\/\/franciscanos.org.br\/noticias\/wp-content\/uploads\/2025\/05\/MATERIA-10.png\" alt=\"\" width=\"1280\" height=\"720\" srcset=\"https:\/\/franciscanos.org.br\/noticias\/wp-content\/uploads\/2025\/05\/MATERIA-10.png 1280w, https:\/\/franciscanos.org.br\/noticias\/wp-content\/uploads\/2025\/05\/MATERIA-10-450x253.png 450w, https:\/\/franciscanos.org.br\/noticias\/wp-content\/uploads\/2025\/05\/MATERIA-10-1024x576.png 1024w, https:\/\/franciscanos.org.br\/noticias\/wp-content\/uploads\/2025\/05\/MATERIA-10-768x432.png 768w, https:\/\/franciscanos.org.br\/noticias\/wp-content\/uploads\/2025\/05\/MATERIA-10-150x84.png 150w\" sizes=\"(max-width: 1280px) 100vw, 1280px\" \/><\/p>\n<p class=\"\" data-start=\"157\" data-end=\"299\">A Prov\u00edncia da Imaculada Concei\u00e7\u00e3o do Brasil acredita que a comunica\u00e7\u00e3o \u00e9 um caminho essencial para propagar a Palavra de Deus, a paz e o bem.<\/p>\n<p class=\"\" data-start=\"301\" data-end=\"631\">A igreja, os encontros pastorais e as a\u00e7\u00f5es da comunidade s\u00e3o fundamentais nesse processo. No entanto, outros canais de comunica\u00e7\u00e3o tamb\u00e9m se mostram formas eficazes de difundir o carisma e a espiritualidade franciscana, al\u00e9m de apresentar conte\u00fados que estimulem a reflex\u00e3o e o olhar cr\u00edtico diante das realidades que nos cercam.<\/p>\n<p class=\"\" data-start=\"633\" data-end=\"835\">O evangelista Mateus (10,27), ao exaltar a import\u00e2ncia do testemunho sem medo, afirma: \u201cO que vos digo na escurid\u00e3o, dizei-o \u00e0 luz do dia; o que escutais ao p\u00e9 do ouvido, proclamai-o sobre os telhados.\u201d<\/p>\n<p class=\"\" data-start=\"837\" data-end=\"1318\">Essa \u00e9 a miss\u00e3o de todo o trabalho de comunica\u00e7\u00e3o dos frades franciscanos: levar ao r\u00e1dio, \u00e0 televis\u00e3o, ao canal no YouTube, \u00e0s redes sociais e \u00e0s plataformas de streaming conte\u00fados pensados para aqueles que se interessam pela miss\u00e3o de nossa Prov\u00edncia e por uma comunica\u00e7\u00e3o \u00e9tica, transparente e acess\u00edvel \u2014 capaz de promover mudan\u00e7as e fomentar debates que envolvam as comunidades, a academia e todos os espa\u00e7os que desejam conhecer mais profundamente o jeito franciscano de ser.<\/p>\n<p class=\"\" data-start=\"1320\" data-end=\"1557\">Todas as a\u00e7\u00f5es de comunica\u00e7\u00e3o est\u00e3o sob os cuidados da Frente de Evangeliza\u00e7\u00e3o da Comunica\u00e7\u00e3o, composta por frades que assumiram a miss\u00e3o de acompanhar e coordenar esse ambiente gerador de conhecimento, informa\u00e7\u00e3o e an\u00fancio do Evangelho.<\/p>\n<p><strong>Saiba onde estamos:<\/strong><\/p>\n<h3><strong>Site Franciscanos<\/strong><\/h3>\n<p>Este espa\u00e7o em que voc\u00ea navega agora para ler este texto re\u00fane not\u00edcias, artigos, liturgias, informa\u00e7\u00f5es sobre santos franciscanos, textos hist\u00f3ricos, reflex\u00f5es e mensagens oficiais da Igreja e da Ordem, entre outros conte\u00fados. O objetivo \u00e9 evidenciar o carisma e a espiritualidade franciscana, al\u00e9m de divulgar os acontecimentos das fraternidades franciscanas e da vida da Igreja.<\/p>\n<p>Acesse: <strong><a href=\"https:\/\/franciscanos.org.br\/#gsc.tab=0\">https:\/\/franciscanos.org.br\/#gsc.tab=0<\/a><\/strong><\/p>\n<h3><strong><img loading=\"lazy\" class=\"aligncenter wp-image-257024 size-full\" src=\"https:\/\/franciscanos.org.br\/noticias\/wp-content\/uploads\/2025\/05\/Sem-Titulo-4.png\" alt=\"\" width=\"1280\" height=\"720\" srcset=\"https:\/\/franciscanos.org.br\/noticias\/wp-content\/uploads\/2025\/05\/Sem-Titulo-4.png 1280w, https:\/\/franciscanos.org.br\/noticias\/wp-content\/uploads\/2025\/05\/Sem-Titulo-4-450x253.png 450w, https:\/\/franciscanos.org.br\/noticias\/wp-content\/uploads\/2025\/05\/Sem-Titulo-4-1024x576.png 1024w, https:\/\/franciscanos.org.br\/noticias\/wp-content\/uploads\/2025\/05\/Sem-Titulo-4-768x432.png 768w, https:\/\/franciscanos.org.br\/noticias\/wp-content\/uploads\/2025\/05\/Sem-Titulo-4-150x84.png 150w\" sizes=\"(max-width: 1280px) 100vw, 1280px\" \/><\/strong><\/h3>\n<h3><\/h3>\n<h3><strong>Revista Comunica\u00e7\u00f5es<\/strong><\/h3>\n<p>Essa publica\u00e7\u00e3o mensal nasceu com o prop\u00f3sito de documentar todos os fatos relevantes da Prov\u00edncia. Ela \u00e9 enviada todos os meses para as Fraternidades provinciais, benfeitores e tamb\u00e9m fica dispon\u00edvel em formato digital no site Franciscanos.<\/p>\n<p>Acesse: <strong><a href=\"https:\/\/franciscanos.org.br\/banca\/#gsc.tab=0\">https:\/\/franciscanos.org.br\/banca\/#gsc.tab=0<\/a><\/strong><\/p>\n<h3><strong>Boletim PVF<\/strong><\/h3>\n<p>Essa produ\u00e7\u00e3o de periodicidade trimestral foi desenvolvida especialmente para que os benfeitores possam acompanhar todas as not\u00edcias sobre as voca\u00e7\u00f5es e forma\u00e7\u00e3o dos frades franciscanos, al\u00e9m das atividades que podem despertas novos vocacionados.<\/p>\n<p>Acesse: <strong><a href=\"https:\/\/franciscanos.org.br\/banca\/#gsc.tab=0\">https:\/\/franciscanos.org.br\/banca\/#gsc.tab=0<\/a><\/strong><\/p>\n<p><strong><img loading=\"lazy\" class=\"aligncenter wp-image-257008 size-full\" src=\"https:\/\/franciscanos.org.br\/noticias\/wp-content\/uploads\/2025\/05\/Sem-Titulo-9.png\" alt=\"\" width=\"1280\" height=\"720\" srcset=\"https:\/\/franciscanos.org.br\/noticias\/wp-content\/uploads\/2025\/05\/Sem-Titulo-9.png 1280w, https:\/\/franciscanos.org.br\/noticias\/wp-content\/uploads\/2025\/05\/Sem-Titulo-9-450x253.png 450w, https:\/\/franciscanos.org.br\/noticias\/wp-content\/uploads\/2025\/05\/Sem-Titulo-9-1024x576.png 1024w, https:\/\/franciscanos.org.br\/noticias\/wp-content\/uploads\/2025\/05\/Sem-Titulo-9-768x432.png 768w, https:\/\/franciscanos.org.br\/noticias\/wp-content\/uploads\/2025\/05\/Sem-Titulo-9-150x84.png 150w\" sizes=\"(max-width: 1280px) 100vw, 1280px\" \/><\/strong><\/p>\n<h3><strong>TV Franciscanos<\/strong><\/h3>\n<p>Estamos no YouTube com conte\u00fados variados, como a transmiss\u00e3o de celebra\u00e7\u00f5es, a cobertura de festas religiosas, novenas e produ\u00e7\u00f5es voltadas \u00e0s voca\u00e7\u00f5es religiosas. Nesse espa\u00e7o, voc\u00ea tamb\u00e9m pode acompanhar o programa <strong data-start=\"320\" data-end=\"347\">\u201cCaminhos do Evangelho\u201d<\/strong>, que apresenta reflex\u00f5es sobre a liturgia dominical e tamb\u00e9m est\u00e1 dispon\u00edvel no site <strong data-start=\"433\" data-end=\"449\">Franciscanos<\/strong>.<\/p>\n<p>Acesse: <strong><a href=\"https:\/\/www.youtube.com\/@tvfranciscanos\">https:\/\/www.youtube.com\/@tvfranciscanos<\/a><\/strong><\/p>\n<p><strong><img loading=\"lazy\" class=\"aligncenter wp-image-257012 size-full\" src=\"https:\/\/franciscanos.org.br\/noticias\/wp-content\/uploads\/2025\/05\/Sem-Titulo-10.png\" alt=\"\" width=\"1280\" height=\"720\" srcset=\"https:\/\/franciscanos.org.br\/noticias\/wp-content\/uploads\/2025\/05\/Sem-Titulo-10.png 1280w, https:\/\/franciscanos.org.br\/noticias\/wp-content\/uploads\/2025\/05\/Sem-Titulo-10-450x253.png 450w, https:\/\/franciscanos.org.br\/noticias\/wp-content\/uploads\/2025\/05\/Sem-Titulo-10-1024x576.png 1024w, https:\/\/franciscanos.org.br\/noticias\/wp-content\/uploads\/2025\/05\/Sem-Titulo-10-768x432.png 768w, https:\/\/franciscanos.org.br\/noticias\/wp-content\/uploads\/2025\/05\/Sem-Titulo-10-150x84.png 150w\" sizes=\"(max-width: 1280px) 100vw, 1280px\" \/><\/strong><\/p>\n<h3><strong>Rede Celinauta de Comunica\u00e7\u00e3o<\/strong><\/h3>\n<p>Em Pato Branco (PR), contamos com a <strong>R\u00e1dio Celinauta FM 88.3 MHz<\/strong>, a <strong>R\u00e1dio Movimento FM 97,5 MHz<\/strong>, a <strong>TV Sudoeste<\/strong> e o <strong>Fraternicast<\/strong>, um podcast franciscano. Todos esses canais de comunica\u00e7\u00e3o podem ser acompanhados pelo Portal Celinauta (https:\/\/portalcelinauta.com.br\/index) e est\u00e3o vinculados \u00e0 Funda\u00e7\u00e3o Celinauta.<\/p>\n<p>Acesse o portal Celinauta: <strong><a href=\"https:\/\/portalcelinauta.com.br\/index\">https:\/\/portalcelinauta.com.br\/index<\/a><\/strong><\/p>\n<p><img loading=\"lazy\" class=\"aligncenter wp-image-257011 size-full\" src=\"https:\/\/franciscanos.org.br\/noticias\/wp-content\/uploads\/2025\/05\/Sem-Titulo-13.png\" alt=\"\" width=\"1280\" height=\"720\" srcset=\"https:\/\/franciscanos.org.br\/noticias\/wp-content\/uploads\/2025\/05\/Sem-Titulo-13.png 1280w, https:\/\/franciscanos.org.br\/noticias\/wp-content\/uploads\/2025\/05\/Sem-Titulo-13-450x253.png 450w, https:\/\/franciscanos.org.br\/noticias\/wp-content\/uploads\/2025\/05\/Sem-Titulo-13-1024x576.png 1024w, https:\/\/franciscanos.org.br\/noticias\/wp-content\/uploads\/2025\/05\/Sem-Titulo-13-768x432.png 768w, https:\/\/franciscanos.org.br\/noticias\/wp-content\/uploads\/2025\/05\/Sem-Titulo-13-150x84.png 150w\" sizes=\"(max-width: 1280px) 100vw, 1280px\" \/><\/p>\n<h3><strong>R\u00e1dios Movimento e Coroado<\/strong><\/h3>\n<p>Em Curitibanos (SC), est\u00e3o a <strong>R\u00e1dio Coroado FM 106.1 MHz<\/strong> e a <strong>R\u00e1dio Movimento FM 98.9 MHz<\/strong>. As duas emissoras pertencem \u00e0 Funda\u00e7\u00e3o Frei Rog\u00e9rio.<\/p>\n<p>Acesse o portal das emissoras: <a href=\"https:\/\/portalcoroado.com.br\/home\/\"><strong>https:\/\/portalcoroado.com.br\/home\/<\/strong><\/a><\/p>\n<p><strong><img loading=\"lazy\" class=\"aligncenter wp-image-257010 size-full\" src=\"https:\/\/franciscanos.org.br\/noticias\/wp-content\/uploads\/2025\/05\/Sem-Titulo-12.png\" alt=\"\" width=\"1280\" height=\"720\" srcset=\"https:\/\/franciscanos.org.br\/noticias\/wp-content\/uploads\/2025\/05\/Sem-Titulo-12.png 1280w, https:\/\/franciscanos.org.br\/noticias\/wp-content\/uploads\/2025\/05\/Sem-Titulo-12-450x253.png 450w, https:\/\/franciscanos.org.br\/noticias\/wp-content\/uploads\/2025\/05\/Sem-Titulo-12-1024x576.png 1024w, https:\/\/franciscanos.org.br\/noticias\/wp-content\/uploads\/2025\/05\/Sem-Titulo-12-768x432.png 768w, https:\/\/franciscanos.org.br\/noticias\/wp-content\/uploads\/2025\/05\/Sem-Titulo-12-150x84.png 150w\" sizes=\"(max-width: 1280px) 100vw, 1280px\" \/><\/strong><\/p>\n<h3><strong>R\u00e1dio Frei Galv\u00e3o<\/strong><\/h3>\n<p>A mais nova emissora de r\u00e1dio franciscana foi inaugurada em mar\u00e7o deste ano, na cidade de Guaratinguet\u00e1 (SP). A <strong>R\u00e1dio Frei Galv\u00e3o FM 89.9 MHz<\/strong> nasceu com o prop\u00f3sito de divulgar o carisma e a espiritualidade franciscana, al\u00e9m da devo\u00e7\u00e3o a Frei Galv\u00e3o. A emissora tamb\u00e9m pode ser acessada pelo site: <strong><a href=\"https:\/\/radiofreigalvao.org.br\/\">https:\/\/radiofreigalvao.org.br\/<\/a><\/strong><\/p>\n<p><img loading=\"lazy\" class=\"aligncenter wp-image-257009 size-full\" src=\"https:\/\/franciscanos.org.br\/noticias\/wp-content\/uploads\/2025\/05\/Sem-Titulo-11.png\" alt=\"\" width=\"1280\" height=\"720\" srcset=\"https:\/\/franciscanos.org.br\/noticias\/wp-content\/uploads\/2025\/05\/Sem-Titulo-11.png 1280w, https:\/\/franciscanos.org.br\/noticias\/wp-content\/uploads\/2025\/05\/Sem-Titulo-11-450x253.png 450w, https:\/\/franciscanos.org.br\/noticias\/wp-content\/uploads\/2025\/05\/Sem-Titulo-11-1024x576.png 1024w, https:\/\/franciscanos.org.br\/noticias\/wp-content\/uploads\/2025\/05\/Sem-Titulo-11-768x432.png 768w, https:\/\/franciscanos.org.br\/noticias\/wp-content\/uploads\/2025\/05\/Sem-Titulo-11-150x84.png 150w\" sizes=\"(max-width: 1280px) 100vw, 1280px\" \/><\/p>\n<h3><strong>TV Frei Galv\u00e3o<\/strong><\/h3>\n<p>Al\u00e9m da emissora de r\u00e1dio, contamos tamb\u00e9m com a TV Frei Galv\u00e3o, um canal no YouTube criado especialmente para difundir a devo\u00e7\u00e3o a Santo Ant\u00f4nio de Sant&#8217;Ana Galv\u00e3o, o Frei Galv\u00e3o, primeiro santo brasileiro. Nesse espa\u00e7o, \u00e9 poss\u00edvel acompanhar celebra\u00e7\u00f5es, novenas e eventos realizados no Santu\u00e1rio.<\/p>\n<p>Acesse: <strong><a href=\"https:\/\/www.youtube.com\/channel\/UCFZi7Ak5DnDVOOVsnj_zqJg\">https:\/\/www.youtube.com\/channel\/UCFZi7Ak5DnDVOOVsnj_zqJg<\/a><\/strong><\/p>\n<p><strong><img loading=\"lazy\" class=\"aligncenter wp-image-257013 size-full\" src=\"https:\/\/franciscanos.org.br\/noticias\/wp-content\/uploads\/2025\/05\/Sem-Titulo-14.png\" alt=\"\" width=\"1280\" height=\"720\" srcset=\"https:\/\/franciscanos.org.br\/noticias\/wp-content\/uploads\/2025\/05\/Sem-Titulo-14.png 1280w, https:\/\/franciscanos.org.br\/noticias\/wp-content\/uploads\/2025\/05\/Sem-Titulo-14-450x253.png 450w, https:\/\/franciscanos.org.br\/noticias\/wp-content\/uploads\/2025\/05\/Sem-Titulo-14-1024x576.png 1024w, https:\/\/franciscanos.org.br\/noticias\/wp-content\/uploads\/2025\/05\/Sem-Titulo-14-768x432.png 768w, https:\/\/franciscanos.org.br\/noticias\/wp-content\/uploads\/2025\/05\/Sem-Titulo-14-150x84.png 150w\" sizes=\"(max-width: 1280px) 100vw, 1280px\" \/><\/strong><\/p>\n<h3><strong>Podcast Papo Franciscano<\/strong><\/h3>\n<p>\u00c9 um projeto do Instituto Teol\u00f3gico Franciscano (ITF), refer\u00eancia no ensino teol\u00f3gico no Brasil desde 1899, localizado em Petr\u00f3polis (RJ). Foi criado em agosto de 2024, com o objetivo de divulgar a institui\u00e7\u00e3o e seu corpo acad\u00eamico a partir de tem\u00e1ticas com abordagem teol\u00f3gica. Os programas s\u00e3o disponibilizados mensalmente.<\/p>\n<p>Acesse: <strong><a href=\"https:\/\/www.youtube.com\/@ITFofm\">https:\/\/www.youtube.com\/@ITFofm<\/a><\/strong><\/p>\n<p><strong><img loading=\"lazy\" class=\"aligncenter wp-image-257014 size-full\" src=\"https:\/\/franciscanos.org.br\/noticias\/wp-content\/uploads\/2025\/05\/Sem-Titulo-15.png\" alt=\"\" width=\"1280\" height=\"720\" srcset=\"https:\/\/franciscanos.org.br\/noticias\/wp-content\/uploads\/2025\/05\/Sem-Titulo-15.png 1280w, https:\/\/franciscanos.org.br\/noticias\/wp-content\/uploads\/2025\/05\/Sem-Titulo-15-450x253.png 450w, https:\/\/franciscanos.org.br\/noticias\/wp-content\/uploads\/2025\/05\/Sem-Titulo-15-1024x576.png 1024w, https:\/\/franciscanos.org.br\/noticias\/wp-content\/uploads\/2025\/05\/Sem-Titulo-15-768x432.png 768w, https:\/\/franciscanos.org.br\/noticias\/wp-content\/uploads\/2025\/05\/Sem-Titulo-15-150x84.png 150w\" sizes=\"(max-width: 1280px) 100vw, 1280px\" \/><\/strong><\/p>\n<h3><strong>Santo Ant\u00f4nio In Live<\/strong><\/h3>\n<p>Essa produ\u00e7\u00e3o \u00e9 exibida mensalmente, diretamente do Convento Santo Ant\u00f4nio (RJ). A live \u00e9 transmitida pelo YouTube e Facebook do Convento \u2014 onde tamb\u00e9m s\u00e3o transmitidas celebra\u00e7\u00f5es \u2014 e tamb\u00e9m pela TV Franciscanos. Conta sempre com a participa\u00e7\u00e3o de um ou dois frades da Fraternidade e, conforme o tema abordado, pelo menos um convidado. A conversa com o convidado dura, em m\u00e9dia, uma hora, na qual s\u00e3o tratadas tem\u00e1ticas diversas alusivas ao Convento e \u00e0 sua hist\u00f3ria, al\u00e9m de assuntos relacionados \u00e0 espiritualidade franciscana, \u00e0 Igreja e \u00e0 realidade atual.<\/p>\n<p>Acesse: <strong><a href=\"https:\/\/www.youtube.com\/@conventosantoantonio\">https:\/\/www.youtube.com\/@conventosantoantonio<\/a><\/strong><\/p>\n<p><strong><img loading=\"lazy\" class=\"aligncenter wp-image-257015 size-full\" src=\"https:\/\/franciscanos.org.br\/noticias\/wp-content\/uploads\/2025\/05\/Sem-Titulo-16.png\" alt=\"\" width=\"1280\" height=\"720\" srcset=\"https:\/\/franciscanos.org.br\/noticias\/wp-content\/uploads\/2025\/05\/Sem-Titulo-16.png 1280w, https:\/\/franciscanos.org.br\/noticias\/wp-content\/uploads\/2025\/05\/Sem-Titulo-16-450x253.png 450w, https:\/\/franciscanos.org.br\/noticias\/wp-content\/uploads\/2025\/05\/Sem-Titulo-16-1024x576.png 1024w, https:\/\/franciscanos.org.br\/noticias\/wp-content\/uploads\/2025\/05\/Sem-Titulo-16-768x432.png 768w, https:\/\/franciscanos.org.br\/noticias\/wp-content\/uploads\/2025\/05\/Sem-Titulo-16-150x84.png 150w\" sizes=\"(max-width: 1280px) 100vw, 1280px\" \/><\/strong><\/p>\n<h3><strong>Editora Vozes<\/strong><\/h3>\n<p>Nesse amplo cen\u00e1rio de comunica\u00e7\u00e3o da Prov\u00edncia, destaca-se tamb\u00e9m a Editora Vozes, uma importante geradora de conhecimento que, h\u00e1 mais de 120 anos, investe na constru\u00e7\u00e3o do saber, da religiosidade, da cultura e da cidadania. Sua sede est\u00e1 localizada em Petr\u00f3polis (RJ). O cat\u00e1logo da Vozes re\u00fane mais de 2.500 t\u00edtulos em diversas \u00e1reas do conhecimento, entre elas: Pedagogia, Filosofia, Psicologia, Sociologia, Antropologia, Ci\u00eancias Pol\u00edticas, Din\u00e2micas de Grupo, Metodologia de Ensino e Pesquisa, Hist\u00f3ria, Comunica\u00e7\u00e3o, Letras, Servi\u00e7o Social, Ecologia, Sa\u00fade, Teologia, Sagrada Escritura, Liturgia, Espiritualidade, Literatura de Autoconhecimento, Franciscanismo e Devocionais. A Editora tamb\u00e9m atua com publica\u00e7\u00f5es na \u00e1rea catequ\u00e9tico-pastoral, oferecendo obras voltadas \u00e0 Catequese, ao Ensino Religioso e \u00e0 Pastoral.<\/p>\n<p>Quer saber mais sobre essa importante geradora de conte\u00fados?<\/p>\n<p>Acesse: <strong><a href=\"https:\/\/www.vozes.com.br\/\">https:\/\/www.vozes.com.br\/<\/a><\/strong><\/p>\n<p>Todos esses canais de comunica\u00e7\u00e3o e conhecimento vinculados \u00e0 Prov\u00edncia s\u00e3o como pontes que conduzem seus leitores, internautas, ouvintes por um caminho do despertar de saberes e do fortalecimento do senso cr\u00edtico. O objetivo \u00e9 dar condi\u00e7\u00f5es para que filhos e filhas de Deus sejam atuantes na sociedade, com autonomia para expor seus pensamentos, a partir de conhecimentos constru\u00eddos com informa\u00e7\u00f5es de qualidade, fundamentados na \u00e9tica e no compromisso com o pr\u00f3ximo.<\/p>\n<hr \/>\n<p><em>Adriana Rabelo Rodrigues<\/em><\/p>\n","protected":false},"excerpt":{"rendered":"<p>Pontes de informa\u00e7\u00e3o e conhecimento<\/p>\n","protected":false},"author":11,"featured_media":257022,"comment_status":"open","ping_status":"open","sticky":false,"template":"","format":"standard","meta":[],"categories":[1],"tags":[550,2056],"acf":[],"yoast_head":"<!-- This site is optimized with the Yoast SEO plugin v19.2 - https:\/\/yoast.com\/wordpress\/plugins\/seo\/ -->\n<title>Voc\u00ea conhece os canais de comunica\u00e7\u00e3o da Prov\u00edncia? - Not\u00edcias - Franciscanos<\/title>\n<meta name=\"robots\" content=\"index, follow, max-snippet:-1, max-image-preview:large, max-video-preview:-1\" \/>\n<link rel=\"canonical\" href=\"https:\/\/franciscanos.org.br\/noticias\/voce-conhece-os-canais-de-comunicacao-da-provincia.html\" \/>\n<meta property=\"og:locale\" content=\"pt_BR\" \/>\n<meta property=\"og:type\" content=\"article\" \/>\n<meta property=\"og:title\" content=\"Voc\u00ea conhece os canais de comunica\u00e7\u00e3o da Prov\u00edncia? - Not\u00edcias - Franciscanos\" \/>\n<meta property=\"og:description\" content=\"Pontes de informa\u00e7\u00e3o e conhecimento\" \/>\n<meta property=\"og:url\" content=\"https:\/\/franciscanos.org.br\/noticias\/voce-conhece-os-canais-de-comunicacao-da-provincia.html\" \/>\n<meta property=\"og:site_name\" content=\"Not\u00edcias - Franciscanos\" \/>\n<meta property=\"article:published_time\" content=\"2025-05-10T00:52:38+00:00\" \/>\n<meta property=\"article:modified_time\" content=\"2025-08-26T18:55:13+00:00\" \/>\n<meta property=\"og:image\" content=\"https:\/\/franciscanos.org.br\/noticias\/wp-content\/uploads\/2025\/05\/CHAMADA-6.png\" \/>\n\t<meta property=\"og:image:width\" content=\"800\" \/>\n\t<meta property=\"og:image:height\" content=\"550\" \/>\n\t<meta property=\"og:image:type\" content=\"image\/png\" \/>\n<meta name=\"author\" content=\"Adriana Rabelo\" \/>\n<meta name=\"twitter:card\" content=\"summary_large_image\" \/>\n<meta name=\"twitter:label1\" content=\"Escrito por\" \/>\n\t<meta name=\"twitter:data1\" content=\"Adriana Rabelo\" \/>\n\t<meta name=\"twitter:label2\" content=\"Est. tempo de leitura\" \/>\n\t<meta name=\"twitter:data2\" content=\"6 minutos\" \/>\n<script type=\"application\/ld+json\" class=\"yoast-schema-graph\">{\"@context\":\"https:\/\/schema.org\",\"@graph\":[{\"@type\":\"WebSite\",\"@id\":\"https:\/\/franciscanos.org.br\/noticias\/#website\",\"url\":\"https:\/\/franciscanos.org.br\/noticias\/\",\"name\":\"Not\u00edcias - Franciscanos\",\"description\":\"Prov\u00edncia Franciscana da Imaculada Concei\u00e7\u00e3o do Brasil - Ordem dos Frades Menores - OFM\",\"potentialAction\":[{\"@type\":\"SearchAction\",\"target\":{\"@type\":\"EntryPoint\",\"urlTemplate\":\"https:\/\/franciscanos.org.br\/noticias\/?s={search_term_string}\"},\"query-input\":\"required name=search_term_string\"}],\"inLanguage\":\"pt-BR\"},{\"@type\":\"ImageObject\",\"inLanguage\":\"pt-BR\",\"@id\":\"https:\/\/franciscanos.org.br\/noticias\/voce-conhece-os-canais-de-comunicacao-da-provincia.html#primaryimage\",\"url\":\"https:\/\/franciscanos.org.br\/noticias\/wp-content\/uploads\/2025\/05\/CHAMADA-6.png\",\"contentUrl\":\"https:\/\/franciscanos.org.br\/noticias\/wp-content\/uploads\/2025\/05\/CHAMADA-6.png\",\"width\":800,\"height\":550},{\"@type\":\"WebPage\",\"@id\":\"https:\/\/franciscanos.org.br\/noticias\/voce-conhece-os-canais-de-comunicacao-da-provincia.html#webpage\",\"url\":\"https:\/\/franciscanos.org.br\/noticias\/voce-conhece-os-canais-de-comunicacao-da-provincia.html\",\"name\":\"Voc\u00ea conhece os canais de comunica\u00e7\u00e3o da Prov\u00edncia? - Not\u00edcias - Franciscanos\",\"isPartOf\":{\"@id\":\"https:\/\/franciscanos.org.br\/noticias\/#website\"},\"primaryImageOfPage\":{\"@id\":\"https:\/\/franciscanos.org.br\/noticias\/voce-conhece-os-canais-de-comunicacao-da-provincia.html#primaryimage\"},\"datePublished\":\"2025-05-10T00:52:38+00:00\",\"dateModified\":\"2025-08-26T18:55:13+00:00\",\"author\":{\"@id\":\"https:\/\/franciscanos.org.br\/noticias\/#\/schema\/person\/d9422e83121c3ad3b0f423d195f5bb25\"},\"breadcrumb\":{\"@id\":\"https:\/\/franciscanos.org.br\/noticias\/voce-conhece-os-canais-de-comunicacao-da-provincia.html#breadcrumb\"},\"inLanguage\":\"pt-BR\",\"potentialAction\":[{\"@type\":\"ReadAction\",\"target\":[\"https:\/\/franciscanos.org.br\/noticias\/voce-conhece-os-canais-de-comunicacao-da-provincia.html\"]}]},{\"@type\":\"BreadcrumbList\",\"@id\":\"https:\/\/franciscanos.org.br\/noticias\/voce-conhece-os-canais-de-comunicacao-da-provincia.html#breadcrumb\",\"itemListElement\":[{\"@type\":\"ListItem\",\"position\":1,\"name\":\"Home\",\"item\":\"https:\/\/franciscanos.org.br\/noticias\"},{\"@type\":\"ListItem\",\"position\":2,\"name\":\"Voc\u00ea conhece os canais de comunica\u00e7\u00e3o da Prov\u00edncia?\"}]},{\"@type\":\"Person\",\"@id\":\"https:\/\/franciscanos.org.br\/noticias\/#\/schema\/person\/d9422e83121c3ad3b0f423d195f5bb25\",\"name\":\"Adriana Rabelo\",\"image\":{\"@type\":\"ImageObject\",\"inLanguage\":\"pt-BR\",\"@id\":\"https:\/\/franciscanos.org.br\/noticias\/#\/schema\/person\/image\/\",\"url\":\"https:\/\/secure.gravatar.com\/avatar\/0a937b7500cd7df77540cfb8bede877d?s=96&d=mm&r=g\",\"contentUrl\":\"https:\/\/secure.gravatar.com\/avatar\/0a937b7500cd7df77540cfb8bede877d?s=96&d=mm&r=g\",\"caption\":\"Adriana Rabelo\"},\"url\":\"https:\/\/franciscanos.org.br\/noticias\/author\/adrianarabelo\"}]}<\/script>\n<!-- \/ Yoast SEO plugin. -->","yoast_head_json":{"title":"Voc\u00ea conhece os canais de comunica\u00e7\u00e3o da Prov\u00edncia? - Not\u00edcias - Franciscanos","robots":{"index":"index","follow":"follow","max-snippet":"max-snippet:-1","max-image-preview":"max-image-preview:large","max-video-preview":"max-video-preview:-1"},"canonical":"https:\/\/franciscanos.org.br\/noticias\/voce-conhece-os-canais-de-comunicacao-da-provincia.html","og_locale":"pt_BR","og_type":"article","og_title":"Voc\u00ea conhece os canais de comunica\u00e7\u00e3o da Prov\u00edncia? - Not\u00edcias - Franciscanos","og_description":"Pontes de informa\u00e7\u00e3o e conhecimento","og_url":"https:\/\/franciscanos.org.br\/noticias\/voce-conhece-os-canais-de-comunicacao-da-provincia.html","og_site_name":"Not\u00edcias - Franciscanos","article_published_time":"2025-05-10T00:52:38+00:00","article_modified_time":"2025-08-26T18:55:13+00:00","og_image":[{"width":800,"height":550,"url":"https:\/\/franciscanos.org.br\/noticias\/wp-content\/uploads\/2025\/05\/CHAMADA-6.png","type":"image\/png"}],"author":"Adriana Rabelo","twitter_card":"summary_large_image","twitter_misc":{"Escrito por":"Adriana Rabelo","Est. tempo de leitura":"6 minutos"},"schema":{"@context":"https:\/\/schema.org","@graph":[{"@type":"WebSite","@id":"https:\/\/franciscanos.org.br\/noticias\/#website","url":"https:\/\/franciscanos.org.br\/noticias\/","name":"Not\u00edcias - Franciscanos","description":"Prov\u00edncia Franciscana da Imaculada Concei\u00e7\u00e3o do Brasil - Ordem dos Frades Menores - OFM","potentialAction":[{"@type":"SearchAction","target":{"@type":"EntryPoint","urlTemplate":"https:\/\/franciscanos.org.br\/noticias\/?s={search_term_string}"},"query-input":"required name=search_term_string"}],"inLanguage":"pt-BR"},{"@type":"ImageObject","inLanguage":"pt-BR","@id":"https:\/\/franciscanos.org.br\/noticias\/voce-conhece-os-canais-de-comunicacao-da-provincia.html#primaryimage","url":"https:\/\/franciscanos.org.br\/noticias\/wp-content\/uploads\/2025\/05\/CHAMADA-6.png","contentUrl":"https:\/\/franciscanos.org.br\/noticias\/wp-content\/uploads\/2025\/05\/CHAMADA-6.png","width":800,"height":550},{"@type":"WebPage","@id":"https:\/\/franciscanos.org.br\/noticias\/voce-conhece-os-canais-de-comunicacao-da-provincia.html#webpage","url":"https:\/\/franciscanos.org.br\/noticias\/voce-conhece-os-canais-de-comunicacao-da-provincia.html","name":"Voc\u00ea conhece os canais de comunica\u00e7\u00e3o da Prov\u00edncia? - Not\u00edcias - Franciscanos","isPartOf":{"@id":"https:\/\/franciscanos.org.br\/noticias\/#website"},"primaryImageOfPage":{"@id":"https:\/\/franciscanos.org.br\/noticias\/voce-conhece-os-canais-de-comunicacao-da-provincia.html#primaryimage"},"datePublished":"2025-05-10T00:52:38+00:00","dateModified":"2025-08-26T18:55:13+00:00","author":{"@id":"https:\/\/franciscanos.org.br\/noticias\/#\/schema\/person\/d9422e83121c3ad3b0f423d195f5bb25"},"breadcrumb":{"@id":"https:\/\/franciscanos.org.br\/noticias\/voce-conhece-os-canais-de-comunicacao-da-provincia.html#breadcrumb"},"inLanguage":"pt-BR","potentialAction":[{"@type":"ReadAction","target":["https:\/\/franciscanos.org.br\/noticias\/voce-conhece-os-canais-de-comunicacao-da-provincia.html"]}]},{"@type":"BreadcrumbList","@id":"https:\/\/franciscanos.org.br\/noticias\/voce-conhece-os-canais-de-comunicacao-da-provincia.html#breadcrumb","itemListElement":[{"@type":"ListItem","position":1,"name":"Home","item":"https:\/\/franciscanos.org.br\/noticias"},{"@type":"ListItem","position":2,"name":"Voc\u00ea conhece os canais de comunica\u00e7\u00e3o da Prov\u00edncia?"}]},{"@type":"Person","@id":"https:\/\/franciscanos.org.br\/noticias\/#\/schema\/person\/d9422e83121c3ad3b0f423d195f5bb25","name":"Adriana Rabelo","image":{"@type":"ImageObject","inLanguage":"pt-BR","@id":"https:\/\/franciscanos.org.br\/noticias\/#\/schema\/person\/image\/","url":"https:\/\/secure.gravatar.com\/avatar\/0a937b7500cd7df77540cfb8bede877d?s=96&d=mm&r=g","contentUrl":"https:\/\/secure.gravatar.com\/avatar\/0a937b7500cd7df77540cfb8bede877d?s=96&d=mm&r=g","caption":"Adriana Rabelo"},"url":"https:\/\/franciscanos.org.br\/noticias\/author\/adrianarabelo"}]}},"_links":{"self":[{"href":"https:\/\/franciscanos.org.br\/noticias\/wp-json\/wp\/v2\/posts\/257005"}],"collection":[{"href":"https:\/\/franciscanos.org.br\/noticias\/wp-json\/wp\/v2\/posts"}],"about":[{"href":"https:\/\/franciscanos.org.br\/noticias\/wp-json\/wp\/v2\/types\/post"}],"author":[{"embeddable":true,"href":"https:\/\/franciscanos.org.br\/noticias\/wp-json\/wp\/v2\/users\/11"}],"replies":[{"embeddable":true,"href":"https:\/\/franciscanos.org.br\/noticias\/wp-json\/wp\/v2\/comments?post=257005"}],"version-history":[{"count":9,"href":"https:\/\/franciscanos.org.br\/noticias\/wp-json\/wp\/v2\/posts\/257005\/revisions"}],"predecessor-version":[{"id":257027,"href":"https:\/\/franciscanos.org.br\/noticias\/wp-json\/wp\/v2\/posts\/257005\/revisions\/257027"}],"wp:featuredmedia":[{"embeddable":true,"href":"https:\/\/franciscanos.org.br\/noticias\/wp-json\/wp\/v2\/media\/257022"}],"wp:attachment":[{"href":"https:\/\/franciscanos.org.br\/noticias\/wp-json\/wp\/v2\/media?parent=257005"}],"wp:term":[{"taxonomy":"category","embeddable":true,"href":"https:\/\/franciscanos.org.br\/noticias\/wp-json\/wp\/v2\/categories?post=257005"},{"taxonomy":"post_tag","embeddable":true,"href":"https:\/\/franciscanos.org.br\/noticias\/wp-json\/wp\/v2\/tags?post=257005"}],"curies":[{"name":"wp","href":"https:\/\/api.w.org\/{rel}","templated":true}]}}