{"id":256988,"date":"2025-05-09T07:51:13","date_gmt":"2025-05-09T10:51:13","guid":{"rendered":"https:\/\/franciscanos.org.br\/noticias\/?p=256988"},"modified":"2025-05-09T12:15:39","modified_gmt":"2025-05-09T15:15:39","slug":"leao-xvi-o-senhor-me-chamou-para-carregar-uma-cruz-e-realizar-uma-missao","status":"publish","type":"post","link":"https:\/\/franciscanos.org.br\/noticias\/leao-xvi-o-senhor-me-chamou-para-carregar-uma-cruz-e-realizar-uma-missao.html","title":{"rendered":"Le\u00e3o XIV: &#8220;O Senhor me chamou para carregar uma cruz e realizar uma miss\u00e3o&#8221;"},"content":{"rendered":"<p><img loading=\"lazy\" class=\"aligncenter wp-image-256989 size-full\" src=\"https:\/\/franciscanos.org.br\/noticias\/wp-content\/uploads\/2025\/05\/materia-8.png\" alt=\"\" width=\"1280\" height=\"720\" srcset=\"https:\/\/franciscanos.org.br\/noticias\/wp-content\/uploads\/2025\/05\/materia-8.png 1280w, https:\/\/franciscanos.org.br\/noticias\/wp-content\/uploads\/2025\/05\/materia-8-450x253.png 450w, https:\/\/franciscanos.org.br\/noticias\/wp-content\/uploads\/2025\/05\/materia-8-1024x576.png 1024w, https:\/\/franciscanos.org.br\/noticias\/wp-content\/uploads\/2025\/05\/materia-8-768x432.png 768w, https:\/\/franciscanos.org.br\/noticias\/wp-content\/uploads\/2025\/05\/materia-8-150x84.png 150w\" sizes=\"(max-width: 1280px) 100vw, 1280px\" \/><\/p>\n<p>Ap\u00f3s a elei\u00e7\u00e3o na tarde de 8 de maio, o Papa Le\u00e3o XIV voltou esta manh\u00e3 \u00e0 Capela Sistina para presidir \u00e0 Santa Missa com todos os membros do Col\u00e9gio Cardinal\u00edcio.<\/p>\n<p>No in\u00edcio de sua homilia, fez em ingl\u00eas uma sauda\u00e7\u00e3o aos cardeais, repetindo as palavras do Salmo responsorial:\u00a0\u201cCantarei um c\u00e2ntico novo ao Senhor, porque ele fez maravilhas\u201d.<\/p>\n<p>&#8220;E, de fato, n\u00e3o apenas comigo, mas com todos n\u00f3s. Meus irm\u00e3os cardeais, ao celebrarmos esta manh\u00e3, convido-os a refletir sobre as maravilhas que o Senhor fez, as b\u00ean\u00e7\u00e3os que o Senhor continua a derramar sobre todos n\u00f3s por meio do Minist\u00e9rio de Pedro. O Senhor me chamou para carregar essa cruz e realizar essa miss\u00e3o, e sei que posso contar com cada um de voc\u00eas para caminhar comigo, continuamos como Igreja, como uma comunidade de amigos de Jesus, como fi\u00e9is para anunciar a Boa Nova, para anunciar o Evangelho.&#8221;<\/p>\n<p>Em seguida, come\u00e7ou a ler o texto previamente preparado, em que\u00a0refletiu sobre a frase que Sim\u00e3o Pedro dirige a Jesus, contida no cap\u00edtulo 16 do Evangelho de Mateus: &#8216;Tu \u00e9s o Cristo, o Filho do Deus vivo&#8217;.&#8221;<\/p>\n<p>Essas palavras de Pedro, afirma o Papa rec\u00e9m-eleito, expressam em s\u00edntese o patrim\u00f4nio que h\u00e1 dois mil anos a Igreja preserva, aprofunda e transmite atrav\u00e9s da sucess\u00e3o apost\u00f3lica. Ou seja, Jesus \u00e9 o \u00fanico Salvador e o revelador da face do Pai.<\/p>\n<p>Citando a \u201cGaudium et spes\u201d do Conc\u00edlio Vaticano II, Le\u00e3o XIV recorda que o Filho de Deus se revela a n\u00f3s atrav\u00e9s os olhos confiantes de uma crian\u00e7a, mostrando-nos assim um modelo de humanidade santa que todos podemos imitar.<\/p>\n<p>Este tesouro agora \u201c\u00e9 confiado tamb\u00e9m a mim, para que eu seja um fiel administrador a favor de todo o Corpo m\u00edstico da Igreja, de modo que esta seja sempre mais cidade colocada sobre o monte (cfr\u00a0<i>Ap<\/i>\u00a021,10), arca de salva\u00e7\u00e3o que navega atrav\u00e9s das ondas da hist\u00f3ria, farol que ilumina as noites do mundo. E isso n\u00e3o tanto pela grandiosidade de suas estruturas, mas pela santidade dos seus membros.<\/p>\n<p>Retomando o epis\u00f3dio b\u00edblico narrado em Mateus, Le\u00e3o XIV reflete ainda sobre a resposta de Jesus a Pedro, quando diz \u201cQuem dizem os homens ser o Filho do homem?\u201d.<\/p>\n<p>N\u00e3o se trata de uma quest\u00e3o banal, afirma o Papa, pelo contr\u00e1rio, \u00e9 de grande atualidade. Pois h\u00e1 duas poss\u00edveis interpreta\u00e7\u00f5es. A primeira \u00e8 a que identifica Jesus como uma pessoa sem import\u00e2ncia alguma, ao m\u00e1ximo um personagem curioso, como fizeram os habitantes de Cesareia de Filipe. Outra poss\u00edvel resposta \u00e9 a das pessoas comuns, que veem Jesus n\u00e3o como um charlat\u00e3o, mas uma pessoa reta, com coragem e que diz coisas justas. Mas o consideram somente um homem e, por isso, no momento do perigo, durante a paix\u00e3o o abandonam.<\/p>\n<p>\u201cTamb\u00e9m hoje, n\u00e3o s\u00e3o poucos os contextos em que a f\u00e9 crist\u00e3 \u00e8 considerada algo absurdo destinada a pessoas d\u00e9beis e pouco inteligentes; contextos em que a ela preferem-se outras seguran\u00e7as, como a tecnologia, o dinheiro, o sucesso, o poder e o prazer.\u201d<\/p>\n<p>Trata-se de ambientes onde n\u00e3o \u00e9 f\u00e1cil testemunhar nem anunciar o Evangelho, e onde quem acredita se v\u00ea ridicularizado, contrastado, desprezado, ou, quando muito, suportado e digno de pena.<\/p>\n<p>No entanto, precisamente por isso, s\u00e3o lugares onde a miss\u00e3o se torna urgente, porque a falta de f\u00e9, muitas vezes, traz consigo dramas como a perda do sentido da vida, o esquecimento da miseric\u00f3rdia, a viola\u00e7\u00e3o da dignidade da pessoa, a crise da fam\u00edlia e tantas outras feridas das quais a nossa sociedade sofre, e n\u00e3o pouco.<\/p>\n<p>\u201cAinda hoje, n\u00e3o faltam contextos nos quais Jesus, embora apreciado como homem, \u00e9 simplesmente reduzido a uma esp\u00e9cie de l\u00edder carism\u00e1tico ou super-homem, e isto n\u00e3o apenas entre quem n\u00e3o cr\u00ea, mas tamb\u00e9m entre muitos batizados, que acabam por viver, a este n\u00edvel, num ate\u00edsmo pr\u00e1tico.\u201d<\/p>\n<p>Este, portanto, \u00e9 o mundo que nos est\u00e1 confiado e no qual, como tantas vezes nos ensinou o Papa Francisco, somos chamados a testemunhar a alegria da f\u00e9 em Jesus Salvador.<\/p>\n<p>Antes de concluir, citou a frase de Santo In\u00e1cio de Antioquia ao se encaminhar para o seu mart\u00edrio: \u00abEnt\u00e3o serei verdadeiro disc\u00edpulo de Jesus, quando o meu corpo for subtra\u00eddo \u00e0 vista do mundo\u00bb (<i>Carta aos Romanos<\/i>, IV, 1).<\/p>\n<p>Essas palavras, afirmou, recordam um compromisso irrenunci\u00e1vel para quem, na Igreja, exerce um minist\u00e9rio de autoridade: desaparecer para que Cristo permane\u00e7a, fazer-se pequeno para que Ele seja conhecido e glorificado gastar-se at\u00e9 ao limite para que a ningu\u00e9m falte a oportunidade de O conhecer e amar.<\/p>\n<p>\u201cQue Deus me d\u00ea esta gra\u00e7a, hoje e sempre, com a ajuda da terna intercess\u00e3o de Maria, M\u00e3e da Igreja.\u201d<\/p>\n<hr \/>\n<p><em>Vatican News<\/em><\/p>\n<p>Fonte: <a href=\"https:\/\/www.vaticannews.va\/pt\/papa\/news\/2025-05\/papa-leao-xiv-homilia-missa-capela-sistina-apos-eleicao.html\">https:\/\/www.vaticannews.va\/pt\/papa\/news\/2025-05\/papa-leao-xiv-homilia-missa-capela-sistina-apos-eleicao.html<\/a><\/p>\n","protected":false},"excerpt":{"rendered":"<p>Primeira celebra\u00e7\u00e3o do novo pont\u00edfice<\/p>\n","protected":false},"author":11,"featured_media":256990,"comment_status":"open","ping_status":"open","sticky":false,"template":"","format":"standard","meta":[],"categories":[1],"tags":[2343],"acf":[],"yoast_head":"<!-- This site is optimized with the Yoast SEO plugin v19.2 - https:\/\/yoast.com\/wordpress\/plugins\/seo\/ -->\n<title>Le\u00e3o XIV: &quot;O Senhor me chamou para carregar uma cruz e realizar uma miss\u00e3o&quot; - Not\u00edcias - Franciscanos<\/title>\n<meta name=\"robots\" content=\"index, follow, max-snippet:-1, max-image-preview:large, max-video-preview:-1\" \/>\n<link rel=\"canonical\" href=\"https:\/\/franciscanos.org.br\/noticias\/leao-xvi-o-senhor-me-chamou-para-carregar-uma-cruz-e-realizar-uma-missao.html\" \/>\n<meta property=\"og:locale\" content=\"pt_BR\" \/>\n<meta property=\"og:type\" content=\"article\" \/>\n<meta property=\"og:title\" content=\"Le\u00e3o XIV: &quot;O Senhor me chamou para carregar uma cruz e realizar uma miss\u00e3o&quot; - Not\u00edcias - Franciscanos\" \/>\n<meta property=\"og:description\" content=\"Primeira celebra\u00e7\u00e3o do novo pont\u00edfice\" \/>\n<meta property=\"og:url\" content=\"https:\/\/franciscanos.org.br\/noticias\/leao-xvi-o-senhor-me-chamou-para-carregar-uma-cruz-e-realizar-uma-missao.html\" \/>\n<meta property=\"og:site_name\" content=\"Not\u00edcias - Franciscanos\" \/>\n<meta property=\"article:published_time\" content=\"2025-05-09T10:51:13+00:00\" \/>\n<meta property=\"article:modified_time\" content=\"2025-05-09T15:15:39+00:00\" \/>\n<meta property=\"og:image\" content=\"https:\/\/franciscanos.org.br\/noticias\/wp-content\/uploads\/2025\/05\/chamada-4.png\" \/>\n\t<meta property=\"og:image:width\" content=\"800\" \/>\n\t<meta property=\"og:image:height\" content=\"550\" \/>\n\t<meta property=\"og:image:type\" content=\"image\/png\" \/>\n<meta name=\"author\" content=\"Adriana Rabelo\" \/>\n<meta name=\"twitter:card\" content=\"summary_large_image\" \/>\n<meta name=\"twitter:label1\" content=\"Escrito por\" \/>\n\t<meta name=\"twitter:data1\" content=\"Adriana Rabelo\" \/>\n\t<meta name=\"twitter:label2\" content=\"Est. tempo de leitura\" \/>\n\t<meta name=\"twitter:data2\" content=\"4 minutos\" \/>\n<script type=\"application\/ld+json\" class=\"yoast-schema-graph\">{\"@context\":\"https:\/\/schema.org\",\"@graph\":[{\"@type\":\"WebSite\",\"@id\":\"https:\/\/franciscanos.org.br\/noticias\/#website\",\"url\":\"https:\/\/franciscanos.org.br\/noticias\/\",\"name\":\"Not\u00edcias - Franciscanos\",\"description\":\"Prov\u00edncia Franciscana da Imaculada Concei\u00e7\u00e3o do Brasil - Ordem dos Frades Menores - OFM\",\"potentialAction\":[{\"@type\":\"SearchAction\",\"target\":{\"@type\":\"EntryPoint\",\"urlTemplate\":\"https:\/\/franciscanos.org.br\/noticias\/?s={search_term_string}\"},\"query-input\":\"required name=search_term_string\"}],\"inLanguage\":\"pt-BR\"},{\"@type\":\"ImageObject\",\"inLanguage\":\"pt-BR\",\"@id\":\"https:\/\/franciscanos.org.br\/noticias\/leao-xvi-o-senhor-me-chamou-para-carregar-uma-cruz-e-realizar-uma-missao.html#primaryimage\",\"url\":\"https:\/\/franciscanos.org.br\/noticias\/wp-content\/uploads\/2025\/05\/chamada-4.png\",\"contentUrl\":\"https:\/\/franciscanos.org.br\/noticias\/wp-content\/uploads\/2025\/05\/chamada-4.png\",\"width\":800,\"height\":550},{\"@type\":\"WebPage\",\"@id\":\"https:\/\/franciscanos.org.br\/noticias\/leao-xvi-o-senhor-me-chamou-para-carregar-uma-cruz-e-realizar-uma-missao.html#webpage\",\"url\":\"https:\/\/franciscanos.org.br\/noticias\/leao-xvi-o-senhor-me-chamou-para-carregar-uma-cruz-e-realizar-uma-missao.html\",\"name\":\"Le\u00e3o XIV: \\\"O Senhor me chamou para carregar uma cruz e realizar uma miss\u00e3o\\\" - Not\u00edcias - Franciscanos\",\"isPartOf\":{\"@id\":\"https:\/\/franciscanos.org.br\/noticias\/#website\"},\"primaryImageOfPage\":{\"@id\":\"https:\/\/franciscanos.org.br\/noticias\/leao-xvi-o-senhor-me-chamou-para-carregar-uma-cruz-e-realizar-uma-missao.html#primaryimage\"},\"datePublished\":\"2025-05-09T10:51:13+00:00\",\"dateModified\":\"2025-05-09T15:15:39+00:00\",\"author\":{\"@id\":\"https:\/\/franciscanos.org.br\/noticias\/#\/schema\/person\/d9422e83121c3ad3b0f423d195f5bb25\"},\"breadcrumb\":{\"@id\":\"https:\/\/franciscanos.org.br\/noticias\/leao-xvi-o-senhor-me-chamou-para-carregar-uma-cruz-e-realizar-uma-missao.html#breadcrumb\"},\"inLanguage\":\"pt-BR\",\"potentialAction\":[{\"@type\":\"ReadAction\",\"target\":[\"https:\/\/franciscanos.org.br\/noticias\/leao-xvi-o-senhor-me-chamou-para-carregar-uma-cruz-e-realizar-uma-missao.html\"]}]},{\"@type\":\"BreadcrumbList\",\"@id\":\"https:\/\/franciscanos.org.br\/noticias\/leao-xvi-o-senhor-me-chamou-para-carregar-uma-cruz-e-realizar-uma-missao.html#breadcrumb\",\"itemListElement\":[{\"@type\":\"ListItem\",\"position\":1,\"name\":\"Home\",\"item\":\"https:\/\/franciscanos.org.br\/noticias\"},{\"@type\":\"ListItem\",\"position\":2,\"name\":\"Le\u00e3o XIV: &#8220;O Senhor me chamou para carregar uma cruz e realizar uma miss\u00e3o&#8221;\"}]},{\"@type\":\"Person\",\"@id\":\"https:\/\/franciscanos.org.br\/noticias\/#\/schema\/person\/d9422e83121c3ad3b0f423d195f5bb25\",\"name\":\"Adriana Rabelo\",\"image\":{\"@type\":\"ImageObject\",\"inLanguage\":\"pt-BR\",\"@id\":\"https:\/\/franciscanos.org.br\/noticias\/#\/schema\/person\/image\/\",\"url\":\"https:\/\/secure.gravatar.com\/avatar\/0a937b7500cd7df77540cfb8bede877d?s=96&d=mm&r=g\",\"contentUrl\":\"https:\/\/secure.gravatar.com\/avatar\/0a937b7500cd7df77540cfb8bede877d?s=96&d=mm&r=g\",\"caption\":\"Adriana Rabelo\"},\"url\":\"https:\/\/franciscanos.org.br\/noticias\/author\/adrianarabelo\"}]}<\/script>\n<!-- \/ Yoast SEO plugin. -->","yoast_head_json":{"title":"Le\u00e3o XIV: \"O Senhor me chamou para carregar uma cruz e realizar uma miss\u00e3o\" - Not\u00edcias - Franciscanos","robots":{"index":"index","follow":"follow","max-snippet":"max-snippet:-1","max-image-preview":"max-image-preview:large","max-video-preview":"max-video-preview:-1"},"canonical":"https:\/\/franciscanos.org.br\/noticias\/leao-xvi-o-senhor-me-chamou-para-carregar-uma-cruz-e-realizar-uma-missao.html","og_locale":"pt_BR","og_type":"article","og_title":"Le\u00e3o XIV: \"O Senhor me chamou para carregar uma cruz e realizar uma miss\u00e3o\" - Not\u00edcias - Franciscanos","og_description":"Primeira celebra\u00e7\u00e3o do novo pont\u00edfice","og_url":"https:\/\/franciscanos.org.br\/noticias\/leao-xvi-o-senhor-me-chamou-para-carregar-uma-cruz-e-realizar-uma-missao.html","og_site_name":"Not\u00edcias - Franciscanos","article_published_time":"2025-05-09T10:51:13+00:00","article_modified_time":"2025-05-09T15:15:39+00:00","og_image":[{"width":800,"height":550,"url":"https:\/\/franciscanos.org.br\/noticias\/wp-content\/uploads\/2025\/05\/chamada-4.png","type":"image\/png"}],"author":"Adriana Rabelo","twitter_card":"summary_large_image","twitter_misc":{"Escrito por":"Adriana Rabelo","Est. tempo de leitura":"4 minutos"},"schema":{"@context":"https:\/\/schema.org","@graph":[{"@type":"WebSite","@id":"https:\/\/franciscanos.org.br\/noticias\/#website","url":"https:\/\/franciscanos.org.br\/noticias\/","name":"Not\u00edcias - Franciscanos","description":"Prov\u00edncia Franciscana da Imaculada Concei\u00e7\u00e3o do Brasil - Ordem dos Frades Menores - OFM","potentialAction":[{"@type":"SearchAction","target":{"@type":"EntryPoint","urlTemplate":"https:\/\/franciscanos.org.br\/noticias\/?s={search_term_string}"},"query-input":"required name=search_term_string"}],"inLanguage":"pt-BR"},{"@type":"ImageObject","inLanguage":"pt-BR","@id":"https:\/\/franciscanos.org.br\/noticias\/leao-xvi-o-senhor-me-chamou-para-carregar-uma-cruz-e-realizar-uma-missao.html#primaryimage","url":"https:\/\/franciscanos.org.br\/noticias\/wp-content\/uploads\/2025\/05\/chamada-4.png","contentUrl":"https:\/\/franciscanos.org.br\/noticias\/wp-content\/uploads\/2025\/05\/chamada-4.png","width":800,"height":550},{"@type":"WebPage","@id":"https:\/\/franciscanos.org.br\/noticias\/leao-xvi-o-senhor-me-chamou-para-carregar-uma-cruz-e-realizar-uma-missao.html#webpage","url":"https:\/\/franciscanos.org.br\/noticias\/leao-xvi-o-senhor-me-chamou-para-carregar-uma-cruz-e-realizar-uma-missao.html","name":"Le\u00e3o XIV: \"O Senhor me chamou para carregar uma cruz e realizar uma miss\u00e3o\" - Not\u00edcias - Franciscanos","isPartOf":{"@id":"https:\/\/franciscanos.org.br\/noticias\/#website"},"primaryImageOfPage":{"@id":"https:\/\/franciscanos.org.br\/noticias\/leao-xvi-o-senhor-me-chamou-para-carregar-uma-cruz-e-realizar-uma-missao.html#primaryimage"},"datePublished":"2025-05-09T10:51:13+00:00","dateModified":"2025-05-09T15:15:39+00:00","author":{"@id":"https:\/\/franciscanos.org.br\/noticias\/#\/schema\/person\/d9422e83121c3ad3b0f423d195f5bb25"},"breadcrumb":{"@id":"https:\/\/franciscanos.org.br\/noticias\/leao-xvi-o-senhor-me-chamou-para-carregar-uma-cruz-e-realizar-uma-missao.html#breadcrumb"},"inLanguage":"pt-BR","potentialAction":[{"@type":"ReadAction","target":["https:\/\/franciscanos.org.br\/noticias\/leao-xvi-o-senhor-me-chamou-para-carregar-uma-cruz-e-realizar-uma-missao.html"]}]},{"@type":"BreadcrumbList","@id":"https:\/\/franciscanos.org.br\/noticias\/leao-xvi-o-senhor-me-chamou-para-carregar-uma-cruz-e-realizar-uma-missao.html#breadcrumb","itemListElement":[{"@type":"ListItem","position":1,"name":"Home","item":"https:\/\/franciscanos.org.br\/noticias"},{"@type":"ListItem","position":2,"name":"Le\u00e3o XIV: &#8220;O Senhor me chamou para carregar uma cruz e realizar uma miss\u00e3o&#8221;"}]},{"@type":"Person","@id":"https:\/\/franciscanos.org.br\/noticias\/#\/schema\/person\/d9422e83121c3ad3b0f423d195f5bb25","name":"Adriana Rabelo","image":{"@type":"ImageObject","inLanguage":"pt-BR","@id":"https:\/\/franciscanos.org.br\/noticias\/#\/schema\/person\/image\/","url":"https:\/\/secure.gravatar.com\/avatar\/0a937b7500cd7df77540cfb8bede877d?s=96&d=mm&r=g","contentUrl":"https:\/\/secure.gravatar.com\/avatar\/0a937b7500cd7df77540cfb8bede877d?s=96&d=mm&r=g","caption":"Adriana Rabelo"},"url":"https:\/\/franciscanos.org.br\/noticias\/author\/adrianarabelo"}]}},"_links":{"self":[{"href":"https:\/\/franciscanos.org.br\/noticias\/wp-json\/wp\/v2\/posts\/256988"}],"collection":[{"href":"https:\/\/franciscanos.org.br\/noticias\/wp-json\/wp\/v2\/posts"}],"about":[{"href":"https:\/\/franciscanos.org.br\/noticias\/wp-json\/wp\/v2\/types\/post"}],"author":[{"embeddable":true,"href":"https:\/\/franciscanos.org.br\/noticias\/wp-json\/wp\/v2\/users\/11"}],"replies":[{"embeddable":true,"href":"https:\/\/franciscanos.org.br\/noticias\/wp-json\/wp\/v2\/comments?post=256988"}],"version-history":[{"count":2,"href":"https:\/\/franciscanos.org.br\/noticias\/wp-json\/wp\/v2\/posts\/256988\/revisions"}],"predecessor-version":[{"id":256992,"href":"https:\/\/franciscanos.org.br\/noticias\/wp-json\/wp\/v2\/posts\/256988\/revisions\/256992"}],"wp:featuredmedia":[{"embeddable":true,"href":"https:\/\/franciscanos.org.br\/noticias\/wp-json\/wp\/v2\/media\/256990"}],"wp:attachment":[{"href":"https:\/\/franciscanos.org.br\/noticias\/wp-json\/wp\/v2\/media?parent=256988"}],"wp:term":[{"taxonomy":"category","embeddable":true,"href":"https:\/\/franciscanos.org.br\/noticias\/wp-json\/wp\/v2\/categories?post=256988"},{"taxonomy":"post_tag","embeddable":true,"href":"https:\/\/franciscanos.org.br\/noticias\/wp-json\/wp\/v2\/tags?post=256988"}],"curies":[{"name":"wp","href":"https:\/\/api.w.org\/{rel}","templated":true}]}}