{"id":256960,"date":"2025-05-08T15:38:23","date_gmt":"2025-05-08T18:38:23","guid":{"rendered":"https:\/\/franciscanos.org.br\/noticias\/?p=256960"},"modified":"2025-05-09T07:40:40","modified_gmt":"2025-05-09T10:40:40","slug":"habemus-papam-leao-xiv","status":"publish","type":"post","link":"https:\/\/franciscanos.org.br\/noticias\/habemus-papam-leao-xiv.html","title":{"rendered":"Habemus Papam: Le\u00e3o XIV"},"content":{"rendered":"<p><img loading=\"lazy\" class=\"aligncenter wp-image-256961 size-full\" src=\"https:\/\/franciscanos.org.br\/noticias\/wp-content\/uploads\/2025\/05\/materia-papa.png\" alt=\"\" width=\"1280\" height=\"720\" srcset=\"https:\/\/franciscanos.org.br\/noticias\/wp-content\/uploads\/2025\/05\/materia-papa.png 1280w, https:\/\/franciscanos.org.br\/noticias\/wp-content\/uploads\/2025\/05\/materia-papa-450x253.png 450w, https:\/\/franciscanos.org.br\/noticias\/wp-content\/uploads\/2025\/05\/materia-papa-1024x576.png 1024w, https:\/\/franciscanos.org.br\/noticias\/wp-content\/uploads\/2025\/05\/materia-papa-768x432.png 768w, https:\/\/franciscanos.org.br\/noticias\/wp-content\/uploads\/2025\/05\/materia-papa-150x84.png 150w\" sizes=\"(max-width: 1280px) 100vw, 1280px\" \/><\/p>\n<p>Na tarde desta quinta-feira, 8 de maio, \u00e0s 13h08 (hor\u00e1rio de Bras\u00edlia), em um Conclave com 133 eleitores, a fuma\u00e7a branca, sa\u00edda da chamin\u00e9 instalada no telhado da Capela Sistina, anunciava o final das elei\u00e7\u00f5es e a escolha do novo papa da Igreja Cat\u00f3lica, ap\u00f3s quatro escrut\u00ednios.<\/p>\n<p>O escolhido foi o cardeal Robert Francis Prevost. A partir de agora, o 267\u00ba sucessor de Pedro passa a ser chamado de Papa Le\u00e3o XIV, nome que escolheu e que o acompanhar\u00e1 durante o seu Pontificado.<\/p>\n<p>O an\u00fancio \u00e0s cerca de 100 mil pessoas presentes na Pra\u00e7a S\u00e3o Pedro e Via da Concilia\u00e7\u00e3o, em Roma, al\u00e9m de todos que o seguiam pelos meios de comunica\u00e7\u00e3o, foi feito pelo cardeal protodi\u00e1cono Dominique Mamberti, que inicialmente disse: <em>Annuntio vobis gaudium magnum; Habemus Papam!<\/em> \u2014 \u201cAnuncio-vos uma grande alegria; temos um Papa!\u201d<\/p>\n<p>Na sequ\u00eancia, o cardeal pronunciou a t\u00e3o aguardada f\u00f3rmula em latim, comunicando a Roma e ao mundo o nome do novo Sucessor de Pedro:<\/p>\n<p>\u201cEminentissimum ac Reverendissimum Dominum, Dominum Robertum Franciscum, Sanct\u00e6 Roman\u00e6 Ecclesi\u00e6 Cardinalem Prevost, qui sibi nomen imposuit Le\u00e3o XIV.\u201d<\/p>\n<p>Traduzindo para o portugu\u00eas: \u201cO eminent\u00edssimo e reverend\u00edssimo senhor, senhor Robert Prevost, cardeal da Santa Igreja Romana, que se imp\u00f4s o nome de Le\u00e3o XIV.\u201d<\/p>\n<p>O novo Santo Padre foi definido 17 dias ap\u00f3s a morte do Papa Francisco, em 21 de abril, aos 88 anos.<\/p>\n<p>Em seu primeiro pronunciamento, visivelmente emocionado, o Santo Padre agradeceu o legado deixado pelo Papa Francisco em seu trabalho mission\u00e1rio e ressaltou a import\u00e2ncia da paz. E, por diversos momentos, refor\u00e7ou o quanto a Igreja e o povo precisam ser pontes para a promo\u00e7\u00e3o e a propaga\u00e7\u00e3o do Evangelho.<\/p>\n<p>\u201cDeus nos ama, Deus ama a todos voc\u00eas, e o mal n\u00e3o prevalecer\u00e1! Estamos todos nas m\u00e3os de Deus\u201d. O novo Pont\u00edfice, agostoniano, recordou a b\u00ean\u00e7\u00e3o de seu antecessor jesu\u00edta, concedida a Roma e ao mundo inteiro \u201cnaquela manh\u00e3 do dia de P\u00e1scoa\u201d. Ele tamb\u00e9m convidou a caminhar juntos &#8220;como Igreja unida, sempre buscando a paz, a justi\u00e7a&#8221;, fi\u00e9is a Jesus Cristo e proclamando sem medo o Evangelho.<\/p>\n<p><iframe loading=\"lazy\" title=\"YouTube video player\" src=\"https:\/\/www.youtube.com\/embed\/oAHo7tWn7Os?si=fQ4DpUaoN45Bbd3o\" width=\"100%\" height=\"480\" frameborder=\"0\" allowfullscreen=\"allowfullscreen\"><span data-mce-type=\"bookmark\" style=\"display: inline-block; width: 0px; overflow: hidden; line-height: 0;\" class=\"mce_SELRES_start\">\ufeff<\/span><\/iframe><\/p>\n<p>Robert Francis Prevost se destaca por sua experi\u00eancia internacional e proximidade com o Papa Francisco, que lhe conferiu um grande entendimento da Igreja na Am\u00e9rica Latina, em especial no Peru, onde conduziu uma diocese, o que fez dele um potencial representante das Am\u00e9ricas. Ele assume o lugar de Papa Francisco, que foi eleito em 13 de mar\u00e7o de 2013.<\/p>\n<p><strong>Sauda\u00e7\u00f5es da Ordem dos Frades Menores<\/strong><\/p>\n<p>Frei Massimo Fusarelli, Ministro geral da Ordem dos Frades Menores, presente na Pra\u00e7a de S\u00e3o Pedro, disse ap\u00f3s a elei\u00e7\u00e3o do Papa: &#8220;Saudamos com carinho e alegria o novo Senhor Papa Le\u00e3o, que saudou o mundo anunciando a paz, desejando-a a todos e pedindo que continuemos construindo pontes. Renovamos a ele, como Frades Menores, nossa obedi\u00eancia e rever\u00eancia no esp\u00edrito de S\u00e3o Francisco e nossa plena colabora\u00e7\u00e3o na miss\u00e3o de anunciar o Evangelho como mission\u00e1rios, vivendo-o antes de tudo e testemunhando-o. Asseguramos ao novo Bispo de Roma nossas ora\u00e7\u00f5es e nossa plena fidelidade, pelo bem de todo o povo de Deus e dos homens e mulheres de boa vontade.&#8221;<\/p>\n<p>A Prov\u00edncia da Imaculada Concei\u00e7\u00e3o do Brasil acolheu o an\u00fancio do novo Pont\u00edfice com muita esperan\u00e7a.<\/p>\n<p>&#8220;Nesse momento, o sentimento de orfandade que sent\u00edamos com a partida do Papa Francisco, passa a ser consolado com a presen\u00e7a de um novo sucessor de Pedro que chega d\u00f3cil e respeitoso \u00e0 figura de seu antecessor. Do ponto de vista pastoral e catequ\u00e9tico, a escolha do Cardeal Robert Francis Prevost, o Papa Le\u00e3o XIV, \u00e9 muito bem vista pelo fato de ser um cardeal pr\u00f3ximo ao \u00faltimo pontificado. Em sua fala inicial, o novo papa validou o discurso pastoral de Francisco de uma Igreja aberta, que promove a paz, a paz que o ressuscitado traz, uma paz desarmante e desarmada, pautada na constru\u00e7\u00e3o de pontes e n\u00e3o no erguimento de muros que separaram e distinguem as pessoas&#8221;, disse Frei Gustavo Wayand Medella, Vig\u00e1rio provincial.<\/p>\n<p><strong> <img loading=\"lazy\" class=\"aligncenter wp-image-256963 size-full\" src=\"https:\/\/franciscanos.org.br\/noticias\/wp-content\/uploads\/2025\/05\/materia-papa2.png\" alt=\"\" width=\"1280\" height=\"720\" srcset=\"https:\/\/franciscanos.org.br\/noticias\/wp-content\/uploads\/2025\/05\/materia-papa2.png 1280w, https:\/\/franciscanos.org.br\/noticias\/wp-content\/uploads\/2025\/05\/materia-papa2-450x253.png 450w, https:\/\/franciscanos.org.br\/noticias\/wp-content\/uploads\/2025\/05\/materia-papa2-1024x576.png 1024w, https:\/\/franciscanos.org.br\/noticias\/wp-content\/uploads\/2025\/05\/materia-papa2-768x432.png 768w, https:\/\/franciscanos.org.br\/noticias\/wp-content\/uploads\/2025\/05\/materia-papa2-150x84.png 150w\" sizes=\"(max-width: 1280px) 100vw, 1280px\" \/><\/strong><\/p>\n<p><strong>Quem \u00e9 o Papa Le\u00e3o XIV \u2014 Robert Francis Prevost<\/strong><\/p>\n<p>Primeiro papa agostiniano, \u00e9 o segundo pont\u00edfice americano depois de Francisco, mas, ao contr\u00e1rio de Bergoglio, o estadunidense Robert Francis Prevost, de 69 anos, \u00e9 origin\u00e1rio do norte do continente. De fato, o novo bispo de Roma nasceu em 14 de setembro de 1955, em Chicago, Illinois, filho de Louis Marius Prevost, de ascend\u00eancia francesa e italiana, e de Mildred Mart\u00ednez, de ascend\u00eancia espanhola. Ele tem dois irm\u00e3os: Louis Mart\u00edn e John Joseph.<\/p>\n<p>Passou a inf\u00e2ncia e a adolesc\u00eancia com a fam\u00edlia e estudou, primeiro, no Semin\u00e1rio Menor dos Padres Agostinianos e, depois, na Villanova University, na Pensilv\u00e2nia, onde se formou em 1977 em Matem\u00e1tica e estudou Filosofia. Em 1\u00ba de setembro do mesmo ano, ingressou no noviciado da Ordem de Santo Agostinho (OSA), em St. Louis, na Prov\u00edncia de Nossa Senhora do Bom Conselho, em Chicago, e fez sua primeira profiss\u00e3o em 2 de setembro de 1978. Em 29 de agosto de 1981, emitiu seus votos solenes.<\/p>\n<p>Estudou na Catholic Theological Union, em Chicago, graduando-se em Teologia. Aos 27 anos, foi enviado por seus superiores a Roma para estudar Direito Can\u00f4nico na Pontif\u00edcia Universidade de Santo Tom\u00e1s de Aquino (Angelicum). Na Urbe, foi ordenado sacerdote em 19 de junho de 1982, no Col\u00e9gio Agostiniano de Santa M\u00f4nica, por Dom Jean Jadot, pr\u00f3-presidente do Pontif\u00edcio Conselho para os N\u00e3o Crist\u00e3os, hoje Dicast\u00e9rio para o Di\u00e1logo Inter-religioso.<\/p>\n<p>Prevost obteve a licenciatura em 1984 e, no ano seguinte, enquanto preparava sua tese de doutorado, foi enviado para a miss\u00e3o agostiniana em Chulucanas, Piura, Peru (1985\u20131986). Em 1987, defendeu sua tese de doutorado sobre \u201cO papel do prior local da Ordem de Santo Agostinho\u201d e foi nomeado Diretor de Voca\u00e7\u00f5es e Diretor de Miss\u00f5es da Prov\u00edncia Agostiniana \u201cM\u00e3e do Bom Conselho\u201d, em Olympia Fields, Illinois (EUA).<\/p>\n<p>No ano seguinte, ingressou na miss\u00e3o de Trujillo, tamb\u00e9m no Peru, como diretor do projeto de forma\u00e7\u00e3o comum para os aspirantes agostinianos dos vicariatos de Chulucanas, Iquitos e Apur\u00edmac. Durante onze anos, ocupou os cargos de Prior da comunidade (1988\u20131992), Diretor de Forma\u00e7\u00e3o (1988\u20131998) e formador dos professos (1992\u20131998). Na Arquidiocese de Trujillo, foi Vig\u00e1rio Judicial (1989\u20131998) e professor de Direito Can\u00f4nico, Patr\u00edstica e Moral no Semin\u00e1rio Maior \u201cS\u00e3o Carlos e S\u00e3o Marcelo\u201d. Ao mesmo tempo, tamb\u00e9m lhe foi confiado o cuidado pastoral de Nossa Senhora M\u00e3e da Igreja, que mais tarde foi erigida como par\u00f3quia com o t\u00edtulo de Santa Rita (1988\u20131999), na periferia pobre da cidade. Foi tamb\u00e9m administrador paroquial de Nossa Senhora de Monserrat, de 1992 a 1999.<\/p>\n<p>Em 1999, foi eleito prior provincial da Prov\u00edncia Agostiniana \u201cM\u00e3e do Bom Conselho\u201d, de Chicago, e, dois anos e meio depois, no Cap\u00edtulo Geral Ordin\u00e1rio da Ordem de Santo Agostinho, seus coirm\u00e3os o escolheram como prior geral, confirmando-o em 2007 para um segundo mandato.<\/p>\n<p>Em outubro de 2013, retornou \u00e0 sua prov\u00edncia agostiniana em Chicago e foi diretor de forma\u00e7\u00e3o no Convento de Santo Agostinho, primeiro conselheiro e vig\u00e1rio provincial \u2014 cargos que ocupou at\u00e9 que o Papa Francisco o nomeou, em 3 de novembro de 2014, administrador apost\u00f3lico da Diocese peruana de Chiclayo, elevando-o \u00e0 dignidade episcopal como bispo titular de Sufar. Ele entrou na diocese em 7 de novembro, na presen\u00e7a do N\u00fancio Apost\u00f3lico James Patrick Green, que o ordenou bispo pouco mais de um m\u00eas depois, em 12 de dezembro, festa de Nossa Senhora de Guadalupe, na Catedral de Santa Maria.<\/p>\n<p>Seu lema episcopal \u00e9 \u201cIn Illo uno unum\u201d, palavras que Santo Agostinho pronunciou em um serm\u00e3o, a <em>Exposi\u00e7\u00e3o sobre o Salmo 127<\/em>, para explicar que \u201cembora n\u00f3s crist\u00e3os sejamos muitos, no \u00fanico Cristo somos um\u201d.<\/p>\n<p>Em 26 de setembro de 2015, foi nomeado bispo de Chiclayo pelo pont\u00edfice argentino e, em mar\u00e7o de 2018, foi eleito segundo vice-presidente da Confer\u00eancia Episcopal Peruana, na qual tamb\u00e9m foi membro do Conselho Econ\u00f4mico e presidente da Comiss\u00e3o de Cultura e Educa\u00e7\u00e3o.<\/p>\n<p>Em 2019, por decis\u00e3o de Francisco, foi inclu\u00eddo entre os membros da Congrega\u00e7\u00e3o para o Clero, em 13 de julho, e, no ano seguinte, entre os membros da Congrega\u00e7\u00e3o para os Bispos (21 de novembro). Nesse meio tempo, em 15 de abril de 2020, recebeu a nomea\u00e7\u00e3o pontif\u00edcia como administrador apost\u00f3lico da Diocese peruana de Callao.<\/p>\n<p><img loading=\"lazy\" class=\"aligncenter wp-image-256964 size-full\" src=\"https:\/\/franciscanos.org.br\/noticias\/wp-content\/uploads\/2025\/05\/materia-papa-3.png\" alt=\"\" width=\"1280\" height=\"720\" srcset=\"https:\/\/franciscanos.org.br\/noticias\/wp-content\/uploads\/2025\/05\/materia-papa-3.png 1280w, https:\/\/franciscanos.org.br\/noticias\/wp-content\/uploads\/2025\/05\/materia-papa-3-450x253.png 450w, https:\/\/franciscanos.org.br\/noticias\/wp-content\/uploads\/2025\/05\/materia-papa-3-1024x576.png 1024w, https:\/\/franciscanos.org.br\/noticias\/wp-content\/uploads\/2025\/05\/materia-papa-3-768x432.png 768w, https:\/\/franciscanos.org.br\/noticias\/wp-content\/uploads\/2025\/05\/materia-papa-3-150x84.png 150w\" sizes=\"(max-width: 1280px) 100vw, 1280px\" \/><\/p>\n<p>Em 30 de janeiro de 2023, o Papa o chamou a Roma como Prefeito do Dicast\u00e9rio para os Bispos e Presidente da Pontif\u00edcia Comiss\u00e3o para a Am\u00e9rica Latina, promovendo-o a arcebispo. No consist\u00f3rio de 30 de setembro do mesmo ano, criou-o cardeal, atribuindo-lhe o diaconato de Santa M\u00f4nica. Prevost tomou posse em 28 de janeiro de 2024 e, como chefe do dicast\u00e9rio, participou das \u00faltimas viagens apost\u00f3licas do Papa Francisco e da primeira e segunda sess\u00f5es da XVI Assembleia Geral Ordin\u00e1ria do S\u00ednodo dos Bispos sobre a Sinodalidade, realizadas em Roma de 4 a 29 de outubro de 2023 e de 2 a 27 de outubro de 2024, respectivamente \u2014 uma experi\u00eancia em assembleias sinodais j\u00e1 adquirida no passado como Prior dos Agostinianos e representante da Uni\u00e3o dos Superiores Gerais (USG).<\/p>\n<p>Enquanto isso, em 4 de outubro de 2023, Francisco o incluiu entre os membros dos Dicast\u00e9rios para a Evangeliza\u00e7\u00e3o (Se\u00e7\u00e3o para a Primeira Evangeliza\u00e7\u00e3o e as Novas Igrejas Particulares); para a Doutrina da F\u00e9; para as Igrejas Orientais; para o Clero; para os Institutos de Vida Consagrada e as Sociedades de Vida Apost\u00f3lica; para a Cultura e a Educa\u00e7\u00e3o; para os Textos Legislativos; al\u00e9m da Pontif\u00edcia Comiss\u00e3o para o Estado da Cidade do Vaticano.<\/p>\n<p>Finalmente, em 6 de fevereiro deste ano, foi promovido \u00e0 ordem dos bispos pelo pont\u00edfice argentino, obtendo o t\u00edtulo de Igreja Suburbic\u00e1ria de Albano.<\/p>\n<p>Durante a \u00faltima hospitaliza\u00e7\u00e3o de seu predecessor no hospital Gemelli, Prevost presidiu o ros\u00e1rio pela sa\u00fade de Francisco, em 3 de mar\u00e7o, na Pra\u00e7a S\u00e3o Pedro.<\/p>\n<p>&#8212;&#8212;&#8212;&#8212;&#8212;&#8212;&#8212;&#8212;&#8212;&#8212;&#8212;&#8212;&#8212;&#8212;&#8212;&#8212;&#8212;&#8212;&#8212;-<\/p>\n<p><strong>Leia abaixo o primeiro pronunciamento do Papa Le\u00e3o XIV<\/strong><\/p>\n<p><em>A paz esteja com todos voc\u00eas!<\/em><\/p>\n<p><em>Car\u00edssimos irm\u00e3os e irm\u00e3s, esta \u00e9 a primeira sauda\u00e7\u00e3o de Cristo Ressuscitado, o Bom Pastor que deu a vida pelo rebanho de Deus. Eu tamb\u00e9m gostaria que esta sauda\u00e7\u00e3o de paz entrasse em seus cora\u00e7\u00f5es, chegasse \u00e0s suas fam\u00edlias, a todas as pessoas, onde quer que estejam, a todos os povos, a toda a terra. A paz esteja com voc\u00eas!<\/em><\/p>\n<p><em>Esta \u00e9 a paz de Cristo Ressuscitado, uma paz desarmada e uma paz desarmante, humilde e perseverante. Ela vem de Deus, Deus que nos ama a todos incondicionalmente. Ainda conservamos em nossos ouvidos aquela voz fraca, mas sempre corajosa, do Papa Francisco que aben\u00e7oava Roma!<\/em><\/p>\n<p><em>O Papa que aben\u00e7oava Roma concedia a sua b\u00ean\u00e7\u00e3o ao mundo, ao mundo inteiro, naquela manh\u00e3 do dia de P\u00e1scoa. Permitam-me prosseguir com essa mesma b\u00ean\u00e7\u00e3o: Deus nos ama, Deus ama a todos voc\u00eas, e o mal n\u00e3o prevalecer\u00e1! Estamos todos nas m\u00e3os de Deus. Portanto, sem medo, unidos de m\u00e3os dadas com Deus e entre n\u00f3s, sigamos em frente. Somos disc\u00edpulos de Cristo. Cristo nos precede. O mundo precisa de sua luz. A humanidade precisa dele como ponte para ser alcan\u00e7ada por Deus e seu amor. Ajudai-nos tamb\u00e9m v\u00f3s, e depois uns aos outros, a construir pontes, com o di\u00e1logo, com o encontro, unindo-nos a todos para sermos um s\u00f3 povo, sempre em paz. Obrigado, Papa Francisco!<\/em><\/p>\n<p><em>Quero tamb\u00e9m agradecer a todos os meus irm\u00e3os cardeais que me escolheram para ser o Sucessor de Pedro e caminhar junto com voc\u00eas, como Igreja unida, sempre buscando a paz, a justi\u00e7a, buscando sempre trabalhar como homens e mulheres fi\u00e9is a Jesus Cristo, sem medo, para proclamar o Evangelho, para sermos mission\u00e1rios.<\/em><\/p>\n<p><em>Sou filho de Santo Agostinho, um agostiniano, que disse: \u201ccom voc\u00eas sou crist\u00e3o e para voc\u00eas bispo\u201d. Nesse sentido, podemos todos caminhar juntos rumo \u00e0quela p\u00e1tria que Deus nos preparou.<\/em><\/p>\n<p><em>\u00c0 Igreja de Roma, uma sauda\u00e7\u00e3o especial! [Aplausos] Devemos buscar juntos como ser uma Igreja mission\u00e1ria, uma Igreja que constr\u00f3i pontes, dialoga, sempre aberta para receber como esta pra\u00e7a com os bra\u00e7os abertos. A todos, a todos aqueles que precisam da nossa caridade, da nossa presen\u00e7a, do di\u00e1logo e do amor.<\/em><\/p>\n<p><em>(Em espanhol:\u00a0Y si me permiten tambi\u00e9n, una palabra, un saludo a todos aquellos y en modo particular a mi querida di\u00f3cesis de Chiclayo, en el Per\u00fa, donde un pueblo fiel ha acompa\u00f1ado a su obispo, ha compartido su fe y ha dado tanto, tanto para seguir siendo Iglesia fiel de Jesu Cristo).<\/em><\/p>\n<p><em>E se\u00a0 tamb\u00e9m me permitem, uma palavra, uma sauda\u00e7\u00e3o a todos aqueles, e em particular \u00e0 minha querida Diocese de Chiclayo, no Peru, onde um povo fiel acompanhou seu bispo, compartilhou sua f\u00e9 e deu muito, muito para continuar sendo Igreja fiel de Jesus Cristo.<\/em><\/p>\n<p><em>A todos voc\u00eas, irm\u00e3os e irm\u00e3s de Roma, da It\u00e1lia, do mundo inteiro, queremos ser uma Igreja sinodal, uma Igreja que caminha, uma Igreja que sempre busca a paz, que sempre busca a caridade, que sempre busca estar pr\u00f3xima, especialmente daqueles que sofrem.<\/em><\/p>\n<p><em>Hoje \u00e9 o dia da S\u00faplica a Nossa Senhora de Pompeia. Nossa M\u00e3e Maria quer sempre caminhar conosco, estar pr\u00f3xima, ajudar-nos com sua intercess\u00e3o e seu amor.<\/em><\/p>\n<p><em>Por isso, gostaria de rezar junto com voc\u00eas. Rezemos juntos por esta nova miss\u00e3o, por toda a Igreja, pela paz no mundo e pe\u00e7amos esta gra\u00e7a especial a Maria, nossa M\u00e3e.&#8221;<\/em><\/p>\n<hr \/>\n<p>Adriana Rabelo Rodrigues, com informa\u00e7\u00f5es do Vatican News<\/p>\n<p>Fonte: <a href=\"https:\/\/ofm.org\/il-card-robert-francis-prevost-papa-leone-xiv-e-il-267-successore-di-pietro.html\">https:\/\/ofm.org\/il-card-robert-francis-prevost-papa-leone-xiv-e-il-267-successore-di-pietro.html<\/a><\/p>\n\n\t\t<style type=\"text\/css\">\n\t\t\t#gallery-1 {\n\t\t\t\tmargin: auto;\n\t\t\t}\n\t\t\t#gallery-1 .gallery-item {\n\t\t\t\tfloat: left;\n\t\t\t\tmargin-top: 10px;\n\t\t\t\ttext-align: center;\n\t\t\t\twidth: 33%;\n\t\t\t}\n\t\t\t#gallery-1 img {\n\t\t\t\tborder: 2px solid #cfcfcf;\n\t\t\t}\n\t\t\t#gallery-1 .gallery-caption {\n\t\t\t\tmargin-left: 0;\n\t\t\t}\n\t\t\t\/* see gallery_shortcode() in wp-includes\/media.php *\/\n\t\t<\/style>\n\t\t<div id='gallery-1' class='gallery galleryid-256960 gallery-columns-3 gallery-size-thumbnail'><dl class='gallery-item'>\n\t\t\t<dt class='gallery-icon landscape'>\n\t\t\t\t<a href='https:\/\/franciscanos.org.br\/noticias\/wp-content\/uploads\/2025\/05\/Elezione_Papa_Leone_XIV-17-1.jpg'><img width=\"300\" height=\"300\" src=\"https:\/\/franciscanos.org.br\/noticias\/wp-content\/uploads\/2025\/05\/Elezione_Papa_Leone_XIV-17-1-300x300.jpg\" class=\"attachment-thumbnail size-thumbnail\" alt=\"\" loading=\"lazy\" srcset=\"https:\/\/franciscanos.org.br\/noticias\/wp-content\/uploads\/2025\/05\/Elezione_Papa_Leone_XIV-17-1-300x300.jpg 300w, https:\/\/franciscanos.org.br\/noticias\/wp-content\/uploads\/2025\/05\/Elezione_Papa_Leone_XIV-17-1-100x100.jpg 100w\" sizes=\"(max-width: 300px) 100vw, 300px\" \/><\/a>\n\t\t\t<\/dt><\/dl><dl class='gallery-item'>\n\t\t\t<dt class='gallery-icon landscape'>\n\t\t\t\t<a href='https:\/\/franciscanos.org.br\/noticias\/wp-content\/uploads\/2025\/05\/Elezione_Papa_Leone_XIV-08.jpg'><img width=\"300\" height=\"300\" src=\"https:\/\/franciscanos.org.br\/noticias\/wp-content\/uploads\/2025\/05\/Elezione_Papa_Leone_XIV-08-300x300.jpg\" class=\"attachment-thumbnail size-thumbnail\" alt=\"\" loading=\"lazy\" srcset=\"https:\/\/franciscanos.org.br\/noticias\/wp-content\/uploads\/2025\/05\/Elezione_Papa_Leone_XIV-08-300x300.jpg 300w, https:\/\/franciscanos.org.br\/noticias\/wp-content\/uploads\/2025\/05\/Elezione_Papa_Leone_XIV-08-100x100.jpg 100w\" sizes=\"(max-width: 300px) 100vw, 300px\" \/><\/a>\n\t\t\t<\/dt><\/dl><dl class='gallery-item'>\n\t\t\t<dt class='gallery-icon landscape'>\n\t\t\t\t<a href='https:\/\/franciscanos.org.br\/noticias\/wp-content\/uploads\/2025\/05\/Elezione_Papa_Leone_XIV-09.jpg'><img width=\"300\" height=\"300\" src=\"https:\/\/franciscanos.org.br\/noticias\/wp-content\/uploads\/2025\/05\/Elezione_Papa_Leone_XIV-09-300x300.jpg\" class=\"attachment-thumbnail size-thumbnail\" alt=\"\" loading=\"lazy\" srcset=\"https:\/\/franciscanos.org.br\/noticias\/wp-content\/uploads\/2025\/05\/Elezione_Papa_Leone_XIV-09-300x300.jpg 300w, https:\/\/franciscanos.org.br\/noticias\/wp-content\/uploads\/2025\/05\/Elezione_Papa_Leone_XIV-09-100x100.jpg 100w\" sizes=\"(max-width: 300px) 100vw, 300px\" \/><\/a>\n\t\t\t<\/dt><\/dl><br style=\"clear: both\" \/><dl class='gallery-item'>\n\t\t\t<dt class='gallery-icon landscape'>\n\t\t\t\t<a href='https:\/\/franciscanos.org.br\/noticias\/wp-content\/uploads\/2025\/05\/Elezione_Papa_Leone_XIV-05.jpg'><img width=\"300\" height=\"300\" src=\"https:\/\/franciscanos.org.br\/noticias\/wp-content\/uploads\/2025\/05\/Elezione_Papa_Leone_XIV-05-300x300.jpg\" class=\"attachment-thumbnail size-thumbnail\" alt=\"\" loading=\"lazy\" srcset=\"https:\/\/franciscanos.org.br\/noticias\/wp-content\/uploads\/2025\/05\/Elezione_Papa_Leone_XIV-05-300x300.jpg 300w, https:\/\/franciscanos.org.br\/noticias\/wp-content\/uploads\/2025\/05\/Elezione_Papa_Leone_XIV-05-100x100.jpg 100w\" sizes=\"(max-width: 300px) 100vw, 300px\" \/><\/a>\n\t\t\t<\/dt><\/dl><dl class='gallery-item'>\n\t\t\t<dt class='gallery-icon landscape'>\n\t\t\t\t<a href='https:\/\/franciscanos.org.br\/noticias\/wp-content\/uploads\/2025\/05\/Elezione_Papa_Leone_XIV-07.jpg'><img width=\"300\" height=\"300\" src=\"https:\/\/franciscanos.org.br\/noticias\/wp-content\/uploads\/2025\/05\/Elezione_Papa_Leone_XIV-07-300x300.jpg\" class=\"attachment-thumbnail size-thumbnail\" alt=\"\" loading=\"lazy\" srcset=\"https:\/\/franciscanos.org.br\/noticias\/wp-content\/uploads\/2025\/05\/Elezione_Papa_Leone_XIV-07-300x300.jpg 300w, https:\/\/franciscanos.org.br\/noticias\/wp-content\/uploads\/2025\/05\/Elezione_Papa_Leone_XIV-07-100x100.jpg 100w\" sizes=\"(max-width: 300px) 100vw, 300px\" \/><\/a>\n\t\t\t<\/dt><\/dl><dl class='gallery-item'>\n\t\t\t<dt class='gallery-icon landscape'>\n\t\t\t\t<a href='https:\/\/franciscanos.org.br\/noticias\/wp-content\/uploads\/2025\/05\/Elezione_Papa_Leone_XIV-02.jpg'><img width=\"300\" height=\"300\" src=\"https:\/\/franciscanos.org.br\/noticias\/wp-content\/uploads\/2025\/05\/Elezione_Papa_Leone_XIV-02-300x300.jpg\" class=\"attachment-thumbnail size-thumbnail\" alt=\"\" loading=\"lazy\" srcset=\"https:\/\/franciscanos.org.br\/noticias\/wp-content\/uploads\/2025\/05\/Elezione_Papa_Leone_XIV-02-300x300.jpg 300w, https:\/\/franciscanos.org.br\/noticias\/wp-content\/uploads\/2025\/05\/Elezione_Papa_Leone_XIV-02-100x100.jpg 100w\" sizes=\"(max-width: 300px) 100vw, 300px\" \/><\/a>\n\t\t\t<\/dt><\/dl><br style=\"clear: both\" \/><dl class='gallery-item'>\n\t\t\t<dt class='gallery-icon landscape'>\n\t\t\t\t<a href='https:\/\/franciscanos.org.br\/noticias\/wp-content\/uploads\/2025\/05\/Elezione_Papa_Leone_XIV-01.jpg'><img width=\"300\" height=\"300\" src=\"https:\/\/franciscanos.org.br\/noticias\/wp-content\/uploads\/2025\/05\/Elezione_Papa_Leone_XIV-01-300x300.jpg\" class=\"attachment-thumbnail size-thumbnail\" alt=\"\" loading=\"lazy\" srcset=\"https:\/\/franciscanos.org.br\/noticias\/wp-content\/uploads\/2025\/05\/Elezione_Papa_Leone_XIV-01-300x300.jpg 300w, https:\/\/franciscanos.org.br\/noticias\/wp-content\/uploads\/2025\/05\/Elezione_Papa_Leone_XIV-01-100x100.jpg 100w\" sizes=\"(max-width: 300px) 100vw, 300px\" \/><\/a>\n\t\t\t<\/dt><\/dl><dl class='gallery-item'>\n\t\t\t<dt class='gallery-icon landscape'>\n\t\t\t\t<a href='https:\/\/franciscanos.org.br\/noticias\/wp-content\/uploads\/2025\/05\/Elezione_Papa_Leone_XIV-03.jpg'><img width=\"300\" height=\"300\" src=\"https:\/\/franciscanos.org.br\/noticias\/wp-content\/uploads\/2025\/05\/Elezione_Papa_Leone_XIV-03-300x300.jpg\" class=\"attachment-thumbnail size-thumbnail\" alt=\"\" loading=\"lazy\" srcset=\"https:\/\/franciscanos.org.br\/noticias\/wp-content\/uploads\/2025\/05\/Elezione_Papa_Leone_XIV-03-300x300.jpg 300w, https:\/\/franciscanos.org.br\/noticias\/wp-content\/uploads\/2025\/05\/Elezione_Papa_Leone_XIV-03-100x100.jpg 100w\" sizes=\"(max-width: 300px) 100vw, 300px\" \/><\/a>\n\t\t\t<\/dt><\/dl><dl class='gallery-item'>\n\t\t\t<dt class='gallery-icon landscape'>\n\t\t\t\t<a href='https:\/\/franciscanos.org.br\/noticias\/wp-content\/uploads\/2025\/05\/Elezione_Papa_Leone_XIV-04.jpg'><img width=\"300\" height=\"300\" src=\"https:\/\/franciscanos.org.br\/noticias\/wp-content\/uploads\/2025\/05\/Elezione_Papa_Leone_XIV-04-300x300.jpg\" class=\"attachment-thumbnail size-thumbnail\" alt=\"\" loading=\"lazy\" srcset=\"https:\/\/franciscanos.org.br\/noticias\/wp-content\/uploads\/2025\/05\/Elezione_Papa_Leone_XIV-04-300x300.jpg 300w, https:\/\/franciscanos.org.br\/noticias\/wp-content\/uploads\/2025\/05\/Elezione_Papa_Leone_XIV-04-100x100.jpg 100w\" sizes=\"(max-width: 300px) 100vw, 300px\" \/><\/a>\n\t\t\t<\/dt><\/dl><br style=\"clear: both\" \/><dl class='gallery-item'>\n\t\t\t<dt class='gallery-icon landscape'>\n\t\t\t\t<a href='https:\/\/franciscanos.org.br\/noticias\/wp-content\/uploads\/2025\/05\/Elezione_Papa_Leone_XIV-06.jpg'><img width=\"300\" height=\"300\" src=\"https:\/\/franciscanos.org.br\/noticias\/wp-content\/uploads\/2025\/05\/Elezione_Papa_Leone_XIV-06-300x300.jpg\" class=\"attachment-thumbnail size-thumbnail\" alt=\"\" loading=\"lazy\" srcset=\"https:\/\/franciscanos.org.br\/noticias\/wp-content\/uploads\/2025\/05\/Elezione_Papa_Leone_XIV-06-300x300.jpg 300w, https:\/\/franciscanos.org.br\/noticias\/wp-content\/uploads\/2025\/05\/Elezione_Papa_Leone_XIV-06-100x100.jpg 100w\" sizes=\"(max-width: 300px) 100vw, 300px\" \/><\/a>\n\t\t\t<\/dt><\/dl><dl class='gallery-item'>\n\t\t\t<dt class='gallery-icon landscape'>\n\t\t\t\t<a href='https:\/\/franciscanos.org.br\/noticias\/wp-content\/uploads\/2025\/05\/Elezione_Papa_Leone_XIV-10.jpg'><img width=\"300\" height=\"300\" src=\"https:\/\/franciscanos.org.br\/noticias\/wp-content\/uploads\/2025\/05\/Elezione_Papa_Leone_XIV-10-300x300.jpg\" class=\"attachment-thumbnail size-thumbnail\" alt=\"\" loading=\"lazy\" srcset=\"https:\/\/franciscanos.org.br\/noticias\/wp-content\/uploads\/2025\/05\/Elezione_Papa_Leone_XIV-10-300x300.jpg 300w, https:\/\/franciscanos.org.br\/noticias\/wp-content\/uploads\/2025\/05\/Elezione_Papa_Leone_XIV-10-100x100.jpg 100w\" sizes=\"(max-width: 300px) 100vw, 300px\" \/><\/a>\n\t\t\t<\/dt><\/dl><dl class='gallery-item'>\n\t\t\t<dt class='gallery-icon landscape'>\n\t\t\t\t<a href='https:\/\/franciscanos.org.br\/noticias\/wp-content\/uploads\/2025\/05\/Elezione_Papa_Leone_XIV-11.jpg'><img width=\"300\" height=\"300\" src=\"https:\/\/franciscanos.org.br\/noticias\/wp-content\/uploads\/2025\/05\/Elezione_Papa_Leone_XIV-11-300x300.jpg\" class=\"attachment-thumbnail size-thumbnail\" alt=\"\" loading=\"lazy\" srcset=\"https:\/\/franciscanos.org.br\/noticias\/wp-content\/uploads\/2025\/05\/Elezione_Papa_Leone_XIV-11-300x300.jpg 300w, https:\/\/franciscanos.org.br\/noticias\/wp-content\/uploads\/2025\/05\/Elezione_Papa_Leone_XIV-11-100x100.jpg 100w\" sizes=\"(max-width: 300px) 100vw, 300px\" \/><\/a>\n\t\t\t<\/dt><\/dl><br style=\"clear: both\" \/>\n\t\t<\/div>\n\n","protected":false},"excerpt":{"rendered":"<p>Novo Bispo de Roma<\/p>\n","protected":false},"author":11,"featured_media":256962,"comment_status":"open","ping_status":"open","sticky":false,"template":"","format":"standard","meta":[],"categories":[1],"tags":[349,2343],"acf":[],"yoast_head":"<!-- This site is optimized with the Yoast SEO plugin v19.2 - https:\/\/yoast.com\/wordpress\/plugins\/seo\/ -->\n<title>Habemus Papam: Le\u00e3o XIV - Not\u00edcias - Franciscanos<\/title>\n<meta name=\"robots\" content=\"index, follow, max-snippet:-1, max-image-preview:large, max-video-preview:-1\" \/>\n<link rel=\"canonical\" href=\"https:\/\/franciscanos.org.br\/noticias\/habemus-papam-leao-xiv.html\" \/>\n<meta property=\"og:locale\" content=\"pt_BR\" \/>\n<meta property=\"og:type\" content=\"article\" \/>\n<meta property=\"og:title\" content=\"Habemus Papam: Le\u00e3o XIV - Not\u00edcias - Franciscanos\" \/>\n<meta property=\"og:description\" content=\"Novo Bispo de Roma\" \/>\n<meta property=\"og:url\" content=\"https:\/\/franciscanos.org.br\/noticias\/habemus-papam-leao-xiv.html\" \/>\n<meta property=\"og:site_name\" content=\"Not\u00edcias - Franciscanos\" \/>\n<meta property=\"article:published_time\" content=\"2025-05-08T18:38:23+00:00\" \/>\n<meta property=\"article:modified_time\" content=\"2025-05-09T10:40:40+00:00\" \/>\n<meta property=\"og:image\" content=\"https:\/\/franciscanos.org.br\/noticias\/wp-content\/uploads\/2025\/05\/chamada-3.png\" \/>\n\t<meta property=\"og:image:width\" content=\"800\" \/>\n\t<meta property=\"og:image:height\" content=\"550\" \/>\n\t<meta property=\"og:image:type\" content=\"image\/png\" \/>\n<meta name=\"author\" content=\"Adriana Rabelo\" \/>\n<meta name=\"twitter:card\" content=\"summary_large_image\" \/>\n<meta name=\"twitter:label1\" content=\"Escrito por\" \/>\n\t<meta name=\"twitter:data1\" content=\"Adriana Rabelo\" \/>\n\t<meta name=\"twitter:label2\" content=\"Est. tempo de leitura\" \/>\n\t<meta name=\"twitter:data2\" content=\"12 minutos\" \/>\n<script type=\"application\/ld+json\" class=\"yoast-schema-graph\">{\"@context\":\"https:\/\/schema.org\",\"@graph\":[{\"@type\":\"WebSite\",\"@id\":\"https:\/\/franciscanos.org.br\/noticias\/#website\",\"url\":\"https:\/\/franciscanos.org.br\/noticias\/\",\"name\":\"Not\u00edcias - Franciscanos\",\"description\":\"Prov\u00edncia Franciscana da Imaculada Concei\u00e7\u00e3o do Brasil - Ordem dos Frades Menores - OFM\",\"potentialAction\":[{\"@type\":\"SearchAction\",\"target\":{\"@type\":\"EntryPoint\",\"urlTemplate\":\"https:\/\/franciscanos.org.br\/noticias\/?s={search_term_string}\"},\"query-input\":\"required name=search_term_string\"}],\"inLanguage\":\"pt-BR\"},{\"@type\":\"ImageObject\",\"inLanguage\":\"pt-BR\",\"@id\":\"https:\/\/franciscanos.org.br\/noticias\/habemus-papam-leao-xiv.html#primaryimage\",\"url\":\"https:\/\/franciscanos.org.br\/noticias\/wp-content\/uploads\/2025\/05\/chamada-3.png\",\"contentUrl\":\"https:\/\/franciscanos.org.br\/noticias\/wp-content\/uploads\/2025\/05\/chamada-3.png\",\"width\":800,\"height\":550},{\"@type\":\"WebPage\",\"@id\":\"https:\/\/franciscanos.org.br\/noticias\/habemus-papam-leao-xiv.html#webpage\",\"url\":\"https:\/\/franciscanos.org.br\/noticias\/habemus-papam-leao-xiv.html\",\"name\":\"Habemus Papam: Le\u00e3o XIV - Not\u00edcias - Franciscanos\",\"isPartOf\":{\"@id\":\"https:\/\/franciscanos.org.br\/noticias\/#website\"},\"primaryImageOfPage\":{\"@id\":\"https:\/\/franciscanos.org.br\/noticias\/habemus-papam-leao-xiv.html#primaryimage\"},\"datePublished\":\"2025-05-08T18:38:23+00:00\",\"dateModified\":\"2025-05-09T10:40:40+00:00\",\"author\":{\"@id\":\"https:\/\/franciscanos.org.br\/noticias\/#\/schema\/person\/d9422e83121c3ad3b0f423d195f5bb25\"},\"breadcrumb\":{\"@id\":\"https:\/\/franciscanos.org.br\/noticias\/habemus-papam-leao-xiv.html#breadcrumb\"},\"inLanguage\":\"pt-BR\",\"potentialAction\":[{\"@type\":\"ReadAction\",\"target\":[\"https:\/\/franciscanos.org.br\/noticias\/habemus-papam-leao-xiv.html\"]}]},{\"@type\":\"BreadcrumbList\",\"@id\":\"https:\/\/franciscanos.org.br\/noticias\/habemus-papam-leao-xiv.html#breadcrumb\",\"itemListElement\":[{\"@type\":\"ListItem\",\"position\":1,\"name\":\"Home\",\"item\":\"https:\/\/franciscanos.org.br\/noticias\"},{\"@type\":\"ListItem\",\"position\":2,\"name\":\"Habemus Papam: Le\u00e3o XIV\"}]},{\"@type\":\"Person\",\"@id\":\"https:\/\/franciscanos.org.br\/noticias\/#\/schema\/person\/d9422e83121c3ad3b0f423d195f5bb25\",\"name\":\"Adriana Rabelo\",\"image\":{\"@type\":\"ImageObject\",\"inLanguage\":\"pt-BR\",\"@id\":\"https:\/\/franciscanos.org.br\/noticias\/#\/schema\/person\/image\/\",\"url\":\"https:\/\/secure.gravatar.com\/avatar\/0a937b7500cd7df77540cfb8bede877d?s=96&d=mm&r=g\",\"contentUrl\":\"https:\/\/secure.gravatar.com\/avatar\/0a937b7500cd7df77540cfb8bede877d?s=96&d=mm&r=g\",\"caption\":\"Adriana Rabelo\"},\"url\":\"https:\/\/franciscanos.org.br\/noticias\/author\/adrianarabelo\"}]}<\/script>\n<!-- \/ Yoast SEO plugin. -->","yoast_head_json":{"title":"Habemus Papam: Le\u00e3o XIV - Not\u00edcias - Franciscanos","robots":{"index":"index","follow":"follow","max-snippet":"max-snippet:-1","max-image-preview":"max-image-preview:large","max-video-preview":"max-video-preview:-1"},"canonical":"https:\/\/franciscanos.org.br\/noticias\/habemus-papam-leao-xiv.html","og_locale":"pt_BR","og_type":"article","og_title":"Habemus Papam: Le\u00e3o XIV - Not\u00edcias - Franciscanos","og_description":"Novo Bispo de Roma","og_url":"https:\/\/franciscanos.org.br\/noticias\/habemus-papam-leao-xiv.html","og_site_name":"Not\u00edcias - Franciscanos","article_published_time":"2025-05-08T18:38:23+00:00","article_modified_time":"2025-05-09T10:40:40+00:00","og_image":[{"width":800,"height":550,"url":"https:\/\/franciscanos.org.br\/noticias\/wp-content\/uploads\/2025\/05\/chamada-3.png","type":"image\/png"}],"author":"Adriana Rabelo","twitter_card":"summary_large_image","twitter_misc":{"Escrito por":"Adriana Rabelo","Est. tempo de leitura":"12 minutos"},"schema":{"@context":"https:\/\/schema.org","@graph":[{"@type":"WebSite","@id":"https:\/\/franciscanos.org.br\/noticias\/#website","url":"https:\/\/franciscanos.org.br\/noticias\/","name":"Not\u00edcias - Franciscanos","description":"Prov\u00edncia Franciscana da Imaculada Concei\u00e7\u00e3o do Brasil - Ordem dos Frades Menores - OFM","potentialAction":[{"@type":"SearchAction","target":{"@type":"EntryPoint","urlTemplate":"https:\/\/franciscanos.org.br\/noticias\/?s={search_term_string}"},"query-input":"required name=search_term_string"}],"inLanguage":"pt-BR"},{"@type":"ImageObject","inLanguage":"pt-BR","@id":"https:\/\/franciscanos.org.br\/noticias\/habemus-papam-leao-xiv.html#primaryimage","url":"https:\/\/franciscanos.org.br\/noticias\/wp-content\/uploads\/2025\/05\/chamada-3.png","contentUrl":"https:\/\/franciscanos.org.br\/noticias\/wp-content\/uploads\/2025\/05\/chamada-3.png","width":800,"height":550},{"@type":"WebPage","@id":"https:\/\/franciscanos.org.br\/noticias\/habemus-papam-leao-xiv.html#webpage","url":"https:\/\/franciscanos.org.br\/noticias\/habemus-papam-leao-xiv.html","name":"Habemus Papam: Le\u00e3o XIV - Not\u00edcias - Franciscanos","isPartOf":{"@id":"https:\/\/franciscanos.org.br\/noticias\/#website"},"primaryImageOfPage":{"@id":"https:\/\/franciscanos.org.br\/noticias\/habemus-papam-leao-xiv.html#primaryimage"},"datePublished":"2025-05-08T18:38:23+00:00","dateModified":"2025-05-09T10:40:40+00:00","author":{"@id":"https:\/\/franciscanos.org.br\/noticias\/#\/schema\/person\/d9422e83121c3ad3b0f423d195f5bb25"},"breadcrumb":{"@id":"https:\/\/franciscanos.org.br\/noticias\/habemus-papam-leao-xiv.html#breadcrumb"},"inLanguage":"pt-BR","potentialAction":[{"@type":"ReadAction","target":["https:\/\/franciscanos.org.br\/noticias\/habemus-papam-leao-xiv.html"]}]},{"@type":"BreadcrumbList","@id":"https:\/\/franciscanos.org.br\/noticias\/habemus-papam-leao-xiv.html#breadcrumb","itemListElement":[{"@type":"ListItem","position":1,"name":"Home","item":"https:\/\/franciscanos.org.br\/noticias"},{"@type":"ListItem","position":2,"name":"Habemus Papam: Le\u00e3o XIV"}]},{"@type":"Person","@id":"https:\/\/franciscanos.org.br\/noticias\/#\/schema\/person\/d9422e83121c3ad3b0f423d195f5bb25","name":"Adriana Rabelo","image":{"@type":"ImageObject","inLanguage":"pt-BR","@id":"https:\/\/franciscanos.org.br\/noticias\/#\/schema\/person\/image\/","url":"https:\/\/secure.gravatar.com\/avatar\/0a937b7500cd7df77540cfb8bede877d?s=96&d=mm&r=g","contentUrl":"https:\/\/secure.gravatar.com\/avatar\/0a937b7500cd7df77540cfb8bede877d?s=96&d=mm&r=g","caption":"Adriana Rabelo"},"url":"https:\/\/franciscanos.org.br\/noticias\/author\/adrianarabelo"}]}},"_links":{"self":[{"href":"https:\/\/franciscanos.org.br\/noticias\/wp-json\/wp\/v2\/posts\/256960"}],"collection":[{"href":"https:\/\/franciscanos.org.br\/noticias\/wp-json\/wp\/v2\/posts"}],"about":[{"href":"https:\/\/franciscanos.org.br\/noticias\/wp-json\/wp\/v2\/types\/post"}],"author":[{"embeddable":true,"href":"https:\/\/franciscanos.org.br\/noticias\/wp-json\/wp\/v2\/users\/11"}],"replies":[{"embeddable":true,"href":"https:\/\/franciscanos.org.br\/noticias\/wp-json\/wp\/v2\/comments?post=256960"}],"version-history":[{"count":10,"href":"https:\/\/franciscanos.org.br\/noticias\/wp-json\/wp\/v2\/posts\/256960\/revisions"}],"predecessor-version":[{"id":256987,"href":"https:\/\/franciscanos.org.br\/noticias\/wp-json\/wp\/v2\/posts\/256960\/revisions\/256987"}],"wp:featuredmedia":[{"embeddable":true,"href":"https:\/\/franciscanos.org.br\/noticias\/wp-json\/wp\/v2\/media\/256962"}],"wp:attachment":[{"href":"https:\/\/franciscanos.org.br\/noticias\/wp-json\/wp\/v2\/media?parent=256960"}],"wp:term":[{"taxonomy":"category","embeddable":true,"href":"https:\/\/franciscanos.org.br\/noticias\/wp-json\/wp\/v2\/categories?post=256960"},{"taxonomy":"post_tag","embeddable":true,"href":"https:\/\/franciscanos.org.br\/noticias\/wp-json\/wp\/v2\/tags?post=256960"}],"curies":[{"name":"wp","href":"https:\/\/api.w.org\/{rel}","templated":true}]}}