{"id":256911,"date":"2025-05-07T16:10:19","date_gmt":"2025-05-07T19:10:19","guid":{"rendered":"https:\/\/franciscanos.org.br\/noticias\/?p=256911"},"modified":"2025-05-07T16:13:15","modified_gmt":"2025-05-07T19:13:15","slug":"observando-os-sinais-dos-tempos-e-de-uma-chamine","status":"publish","type":"post","link":"https:\/\/franciscanos.org.br\/noticias\/observando-os-sinais-dos-tempos-e-de-uma-chamine.html","title":{"rendered":"Observando os sinais dos tempos e de uma chamin\u00e9"},"content":{"rendered":"<div id=\"attachment_256912\" style=\"width: 1290px\" class=\"wp-caption alignnone\"><img aria-describedby=\"caption-attachment-256912\" loading=\"lazy\" class=\"wp-image-256912 size-full\" src=\"https:\/\/franciscanos.org.br\/noticias\/wp-content\/uploads\/2025\/05\/materia1.png\" alt=\"\" width=\"1280\" height=\"720\" srcset=\"https:\/\/franciscanos.org.br\/noticias\/wp-content\/uploads\/2025\/05\/materia1.png 1280w, https:\/\/franciscanos.org.br\/noticias\/wp-content\/uploads\/2025\/05\/materia1-450x253.png 450w, https:\/\/franciscanos.org.br\/noticias\/wp-content\/uploads\/2025\/05\/materia1-1024x576.png 1024w, https:\/\/franciscanos.org.br\/noticias\/wp-content\/uploads\/2025\/05\/materia1-768x432.png 768w, https:\/\/franciscanos.org.br\/noticias\/wp-content\/uploads\/2025\/05\/materia1-150x84.png 150w\" sizes=\"(max-width: 1280px) 100vw, 1280px\" \/><p id=\"caption-attachment-256912\" class=\"wp-caption-text\">Foto: Vatican News<\/p><\/div>\n<p>A expectativa envolve novamente o povo cat\u00f3lico e o mundo inteiro ap\u00f3s o pronunciamento do <em>Extra omnes<\/em> (\u201cTodos para fora\u201d), feito nesta quarta-feira, 7 de maio, em Roma. Com isso, os 133 cardeais eleitores reunidos na Capela Sistina deram in\u00edcio ao Conclave, assumindo solenemente o compromisso de escolher o novo Papa.<\/p>\n<p>Com as portas trancadas, os olhares do mundo se voltam para uma simples chamin\u00e9, de onde pode sair fuma\u00e7a preta \u2014 sinal de que ainda n\u00e3o houve consenso sobre o nome do novo Pont\u00edfice \u2014 ou branca, indicando que o sucessor de Pedro foi escolhido.<\/p>\n<p>Essa chamin\u00e9 est\u00e1 conectada a duas estufas instaladas dentro da Capela Sistina, por onde a fuma\u00e7a \u00e9 liberada: preta, quando a maioria qualificada de dois ter\u00e7os ainda n\u00e3o foi alcan\u00e7ada; e branca, quando o novo Papa \u00e9 finalmente eleito.<\/p>\n<p>Curiosamente, at\u00e9 a elei\u00e7\u00e3o de Bento XVI, o m\u00e9todo para gerar as fuma\u00e7as envolvia a queima das c\u00e9dulas de vota\u00e7\u00e3o com palha: palha \u00famida para fuma\u00e7a preta e palha seca para fuma\u00e7a branca. A partir do Conclave de 2013, que elegeu o Papa Francisco, passou-se a utilizar compostos qu\u00edmicos espec\u00edficos para garantir a clareza das cores.<\/p>\n<p>Segundo informa\u00e7\u00f5es do Vatican News, o Conclave prev\u00ea at\u00e9 quatro vota\u00e7\u00f5es por dia \u2014 duas pela manh\u00e3 e duas \u00e0 tarde. Se, ap\u00f3s a 33\u00aa ou 34\u00aa vota\u00e7\u00e3o, ainda n\u00e3o houver defini\u00e7\u00e3o, realiza-se um turno final e obrigat\u00f3rio entre os dois cardeais mais votados. Mesmo nessa fase, \u00e9 mantida a exig\u00eancia de uma maioria de dois ter\u00e7os. Os dois candidatos finalistas, embora ainda eleg\u00edveis, ficam impedidos de votar.<\/p>\n<p>Se um dos candidatos alcan\u00e7ar os votos necess\u00e1rios, a elei\u00e7\u00e3o \u00e9 considerada v\u00e1lida segundo as normas can\u00f4nicas.<\/p>\n<p>Vivemos, nestas horas, uma esp\u00e9cie de tempo suspenso entre o \u201cj\u00e1\u201d e o \u201cainda n\u00e3o\u201d. O momento convida \u00e0 reflex\u00e3o sobre a miss\u00e3o da Igreja diante do mundo, provocando olhares atentos de te\u00f3logos, religiosos, leigos e leigas \u2014 o povo de Deus \u2014 que, \u00e0 luz do caminho aberto por Francisco, continua a sonhar com uma Igreja em estado permanente de miss\u00e3o. Uma Igreja \u201cem sa\u00edda\u201d, que se lan\u00e7a ao encontro da humanidade sedenta de Deus.<\/p>\n<p>Esse \u00e9 o pastor que a Igreja espera: algu\u00e9m que d\u00ea continuidade \u00e0 miss\u00e3o de Francisco. Mais do que palavras, espera-se o testemunho de um profeta, capaz de tornar vis\u00edvel a presen\u00e7a de Deus por meio de gestos concretos, sens\u00edvel \u00e0 dor do mundo, \u00e0 Casa Comum e \u00e0 pr\u00f3pria sa\u00fade espiritual da Igreja. Um pastor cuja vida esteja alicer\u00e7ada no seguimento de Jesus Cristo.<\/p>\n<p>Na manh\u00e3 desta quarta-feira, a Missa Pro Eligendo Romano Pontifice, celebrada na Bas\u00edlica de S\u00e3o Pedro, marcou o in\u00edcio formal do processo de elei\u00e7\u00e3o. Presidida pelo Cardeal Decano, Dom Giovanni Battista Re, a celebra\u00e7\u00e3o foi um convite \u00e0 f\u00e9 e \u00e0 responsabilidade diante da escolha do novo Bispo de Roma.<\/p>\n<p>\u201cA elei\u00e7\u00e3o do novo Papa n\u00e3o \u00e9 uma simples sucess\u00e3o de pessoas, mas \u00e9 sempre o Ap\u00f3stolo Pedro que retorna\u201d, afirmou o Cardeal, destacando que o Papa \u00e9 \u201ca rocha sobre a qual a Igreja \u00e9 edificada\u201d (cf. Mt 16,18). Em sua homilia, evocou tamb\u00e9m palavras do Papa S\u00e3o Jo\u00e3o Paulo II no Tr\u00edptico Romano:<\/p>\n<p>\u201cNas horas da grande decis\u00e3o atrav\u00e9s do voto, a imagem imponente de Cristo Juiz, pintada por Michelangelo, lembrar\u00e1 a cada um a grande responsabilidade de colocar as \u2018chaves supremas\u2019 nas m\u00e3os certas.\u201d<\/p>\n<div id=\"attachment_256914\" style=\"width: 1290px\" class=\"wp-caption alignnone\"><img aria-describedby=\"caption-attachment-256914\" loading=\"lazy\" class=\"wp-image-256914 size-full\" src=\"https:\/\/franciscanos.org.br\/noticias\/wp-content\/uploads\/2025\/05\/materia-2-2.png\" alt=\"\" width=\"1280\" height=\"720\" srcset=\"https:\/\/franciscanos.org.br\/noticias\/wp-content\/uploads\/2025\/05\/materia-2-2.png 1280w, https:\/\/franciscanos.org.br\/noticias\/wp-content\/uploads\/2025\/05\/materia-2-2-450x253.png 450w, https:\/\/franciscanos.org.br\/noticias\/wp-content\/uploads\/2025\/05\/materia-2-2-1024x576.png 1024w, https:\/\/franciscanos.org.br\/noticias\/wp-content\/uploads\/2025\/05\/materia-2-2-768x432.png 768w, https:\/\/franciscanos.org.br\/noticias\/wp-content\/uploads\/2025\/05\/materia-2-2-150x84.png 150w\" sizes=\"(max-width: 1280px) 100vw, 1280px\" \/><p id=\"caption-attachment-256914\" class=\"wp-caption-text\">Foto: Vatican News<\/p><\/div>\n<p>Ao final, Dom Giovanni Battista Re fez um apelo confiante \u00e0 ora\u00e7\u00e3o de toda a Igreja:<\/p>\n<p>\u201cOremos para que Deus conceda \u00e0 Igreja o Papa que melhor saiba despertar as consci\u00eancias e as energias morais e espirituais da sociedade atual \u2014 marcada por enorme progresso tecnol\u00f3gico, mas que tende a esquecer Deus. O mundo de hoje espera muito da Igreja para a salvaguarda daqueles valores fundamentais, humanos e espirituais, sem os quais a conviv\u00eancia humana n\u00e3o ser\u00e1 nem melhor nem ben\u00e9fica \u00e0s futuras gera\u00e7\u00f5es. Que a Bem-Aventurada Virgem Maria, M\u00e3e da Igreja, nos auxilie com sua materna intercess\u00e3o, para que o Esp\u00edrito Santo ilumine os cardeais eleitores e os torne concordes na elei\u00e7\u00e3o do Papa que o nosso tempo necessita.\u201d<\/p>\n<p>As palavras do Cardeal ressoam como express\u00e3o do anseio da Igreja e sintetizam os principais temas debatidos nas doze Congrega\u00e7\u00f5es Gerais realizadas antes do Conclave. Elas tamb\u00e9m nos convidam a reconhecer que a escolha do novo Papa est\u00e1 intimamente ligada aos sinais dos tempos, especialmente \u00e0s crises que desafiam a dignidade e a vida de todas as criaturas de Deus.<\/p>\n<p>Seguimos, ent\u00e3o, neste tempo de espera, entre o agora e o que ainda vir\u00e1, pedindo que o Esp\u00edrito Santo conduza este Conclave para que a Igreja receba um novo Pont\u00edfice fiel ao Evangelho, comprometido com a paz, a justi\u00e7a e a miss\u00e3o. Um Papa que continue a fazer da Igreja uma primavera viva para todos os filhos e filhas de Deus. Que os cardeiais sejam d\u00f3ceis \u00e0s indica\u00e7\u00f5es do Esp\u00edrito.<\/p>\n<hr \/>\n<p><em>Adriana Rabelo Rodrigues<\/em><\/p>\n","protected":false},"excerpt":{"rendered":"<p>Conclave<\/p>\n","protected":false},"author":11,"featured_media":256913,"comment_status":"open","ping_status":"open","sticky":false,"template":"","format":"standard","meta":[],"categories":[1],"tags":[2341,349],"acf":[],"yoast_head":"<!-- This site is optimized with the Yoast SEO plugin v19.2 - https:\/\/yoast.com\/wordpress\/plugins\/seo\/ -->\n<title>Observando os sinais dos tempos e de uma chamin\u00e9 - Not\u00edcias - Franciscanos<\/title>\n<meta name=\"robots\" content=\"index, follow, max-snippet:-1, max-image-preview:large, max-video-preview:-1\" \/>\n<link rel=\"canonical\" href=\"https:\/\/franciscanos.org.br\/noticias\/observando-os-sinais-dos-tempos-e-de-uma-chamine.html\" \/>\n<meta property=\"og:locale\" content=\"pt_BR\" \/>\n<meta property=\"og:type\" content=\"article\" \/>\n<meta property=\"og:title\" content=\"Observando os sinais dos tempos e de uma chamin\u00e9 - Not\u00edcias - Franciscanos\" \/>\n<meta property=\"og:description\" content=\"Conclave\" \/>\n<meta property=\"og:url\" content=\"https:\/\/franciscanos.org.br\/noticias\/observando-os-sinais-dos-tempos-e-de-uma-chamine.html\" \/>\n<meta property=\"og:site_name\" content=\"Not\u00edcias - Franciscanos\" \/>\n<meta property=\"article:published_time\" content=\"2025-05-07T19:10:19+00:00\" \/>\n<meta property=\"article:modified_time\" content=\"2025-05-07T19:13:15+00:00\" \/>\n<meta property=\"og:image\" content=\"https:\/\/franciscanos.org.br\/noticias\/wp-content\/uploads\/2025\/05\/chamada-1.png\" \/>\n\t<meta property=\"og:image:width\" content=\"800\" \/>\n\t<meta property=\"og:image:height\" content=\"550\" \/>\n\t<meta property=\"og:image:type\" content=\"image\/png\" \/>\n<meta name=\"author\" content=\"Adriana Rabelo\" \/>\n<meta name=\"twitter:card\" content=\"summary_large_image\" \/>\n<meta name=\"twitter:label1\" content=\"Escrito por\" \/>\n\t<meta name=\"twitter:data1\" content=\"Adriana Rabelo\" \/>\n\t<meta name=\"twitter:label2\" content=\"Est. tempo de leitura\" \/>\n\t<meta name=\"twitter:data2\" content=\"4 minutos\" \/>\n<script type=\"application\/ld+json\" class=\"yoast-schema-graph\">{\"@context\":\"https:\/\/schema.org\",\"@graph\":[{\"@type\":\"WebSite\",\"@id\":\"https:\/\/franciscanos.org.br\/noticias\/#website\",\"url\":\"https:\/\/franciscanos.org.br\/noticias\/\",\"name\":\"Not\u00edcias - Franciscanos\",\"description\":\"Prov\u00edncia Franciscana da Imaculada Concei\u00e7\u00e3o do Brasil - Ordem dos Frades Menores - OFM\",\"potentialAction\":[{\"@type\":\"SearchAction\",\"target\":{\"@type\":\"EntryPoint\",\"urlTemplate\":\"https:\/\/franciscanos.org.br\/noticias\/?s={search_term_string}\"},\"query-input\":\"required name=search_term_string\"}],\"inLanguage\":\"pt-BR\"},{\"@type\":\"ImageObject\",\"inLanguage\":\"pt-BR\",\"@id\":\"https:\/\/franciscanos.org.br\/noticias\/observando-os-sinais-dos-tempos-e-de-uma-chamine.html#primaryimage\",\"url\":\"https:\/\/franciscanos.org.br\/noticias\/wp-content\/uploads\/2025\/05\/chamada-1.png\",\"contentUrl\":\"https:\/\/franciscanos.org.br\/noticias\/wp-content\/uploads\/2025\/05\/chamada-1.png\",\"width\":800,\"height\":550},{\"@type\":\"WebPage\",\"@id\":\"https:\/\/franciscanos.org.br\/noticias\/observando-os-sinais-dos-tempos-e-de-uma-chamine.html#webpage\",\"url\":\"https:\/\/franciscanos.org.br\/noticias\/observando-os-sinais-dos-tempos-e-de-uma-chamine.html\",\"name\":\"Observando os sinais dos tempos e de uma chamin\u00e9 - Not\u00edcias - Franciscanos\",\"isPartOf\":{\"@id\":\"https:\/\/franciscanos.org.br\/noticias\/#website\"},\"primaryImageOfPage\":{\"@id\":\"https:\/\/franciscanos.org.br\/noticias\/observando-os-sinais-dos-tempos-e-de-uma-chamine.html#primaryimage\"},\"datePublished\":\"2025-05-07T19:10:19+00:00\",\"dateModified\":\"2025-05-07T19:13:15+00:00\",\"author\":{\"@id\":\"https:\/\/franciscanos.org.br\/noticias\/#\/schema\/person\/d9422e83121c3ad3b0f423d195f5bb25\"},\"breadcrumb\":{\"@id\":\"https:\/\/franciscanos.org.br\/noticias\/observando-os-sinais-dos-tempos-e-de-uma-chamine.html#breadcrumb\"},\"inLanguage\":\"pt-BR\",\"potentialAction\":[{\"@type\":\"ReadAction\",\"target\":[\"https:\/\/franciscanos.org.br\/noticias\/observando-os-sinais-dos-tempos-e-de-uma-chamine.html\"]}]},{\"@type\":\"BreadcrumbList\",\"@id\":\"https:\/\/franciscanos.org.br\/noticias\/observando-os-sinais-dos-tempos-e-de-uma-chamine.html#breadcrumb\",\"itemListElement\":[{\"@type\":\"ListItem\",\"position\":1,\"name\":\"Home\",\"item\":\"https:\/\/franciscanos.org.br\/noticias\"},{\"@type\":\"ListItem\",\"position\":2,\"name\":\"Observando os sinais dos tempos e de uma chamin\u00e9\"}]},{\"@type\":\"Person\",\"@id\":\"https:\/\/franciscanos.org.br\/noticias\/#\/schema\/person\/d9422e83121c3ad3b0f423d195f5bb25\",\"name\":\"Adriana Rabelo\",\"image\":{\"@type\":\"ImageObject\",\"inLanguage\":\"pt-BR\",\"@id\":\"https:\/\/franciscanos.org.br\/noticias\/#\/schema\/person\/image\/\",\"url\":\"https:\/\/secure.gravatar.com\/avatar\/0a937b7500cd7df77540cfb8bede877d?s=96&d=mm&r=g\",\"contentUrl\":\"https:\/\/secure.gravatar.com\/avatar\/0a937b7500cd7df77540cfb8bede877d?s=96&d=mm&r=g\",\"caption\":\"Adriana Rabelo\"},\"url\":\"https:\/\/franciscanos.org.br\/noticias\/author\/adrianarabelo\"}]}<\/script>\n<!-- \/ Yoast SEO plugin. -->","yoast_head_json":{"title":"Observando os sinais dos tempos e de uma chamin\u00e9 - Not\u00edcias - Franciscanos","robots":{"index":"index","follow":"follow","max-snippet":"max-snippet:-1","max-image-preview":"max-image-preview:large","max-video-preview":"max-video-preview:-1"},"canonical":"https:\/\/franciscanos.org.br\/noticias\/observando-os-sinais-dos-tempos-e-de-uma-chamine.html","og_locale":"pt_BR","og_type":"article","og_title":"Observando os sinais dos tempos e de uma chamin\u00e9 - Not\u00edcias - Franciscanos","og_description":"Conclave","og_url":"https:\/\/franciscanos.org.br\/noticias\/observando-os-sinais-dos-tempos-e-de-uma-chamine.html","og_site_name":"Not\u00edcias - Franciscanos","article_published_time":"2025-05-07T19:10:19+00:00","article_modified_time":"2025-05-07T19:13:15+00:00","og_image":[{"width":800,"height":550,"url":"https:\/\/franciscanos.org.br\/noticias\/wp-content\/uploads\/2025\/05\/chamada-1.png","type":"image\/png"}],"author":"Adriana Rabelo","twitter_card":"summary_large_image","twitter_misc":{"Escrito por":"Adriana Rabelo","Est. tempo de leitura":"4 minutos"},"schema":{"@context":"https:\/\/schema.org","@graph":[{"@type":"WebSite","@id":"https:\/\/franciscanos.org.br\/noticias\/#website","url":"https:\/\/franciscanos.org.br\/noticias\/","name":"Not\u00edcias - Franciscanos","description":"Prov\u00edncia Franciscana da Imaculada Concei\u00e7\u00e3o do Brasil - Ordem dos Frades Menores - OFM","potentialAction":[{"@type":"SearchAction","target":{"@type":"EntryPoint","urlTemplate":"https:\/\/franciscanos.org.br\/noticias\/?s={search_term_string}"},"query-input":"required name=search_term_string"}],"inLanguage":"pt-BR"},{"@type":"ImageObject","inLanguage":"pt-BR","@id":"https:\/\/franciscanos.org.br\/noticias\/observando-os-sinais-dos-tempos-e-de-uma-chamine.html#primaryimage","url":"https:\/\/franciscanos.org.br\/noticias\/wp-content\/uploads\/2025\/05\/chamada-1.png","contentUrl":"https:\/\/franciscanos.org.br\/noticias\/wp-content\/uploads\/2025\/05\/chamada-1.png","width":800,"height":550},{"@type":"WebPage","@id":"https:\/\/franciscanos.org.br\/noticias\/observando-os-sinais-dos-tempos-e-de-uma-chamine.html#webpage","url":"https:\/\/franciscanos.org.br\/noticias\/observando-os-sinais-dos-tempos-e-de-uma-chamine.html","name":"Observando os sinais dos tempos e de uma chamin\u00e9 - Not\u00edcias - Franciscanos","isPartOf":{"@id":"https:\/\/franciscanos.org.br\/noticias\/#website"},"primaryImageOfPage":{"@id":"https:\/\/franciscanos.org.br\/noticias\/observando-os-sinais-dos-tempos-e-de-uma-chamine.html#primaryimage"},"datePublished":"2025-05-07T19:10:19+00:00","dateModified":"2025-05-07T19:13:15+00:00","author":{"@id":"https:\/\/franciscanos.org.br\/noticias\/#\/schema\/person\/d9422e83121c3ad3b0f423d195f5bb25"},"breadcrumb":{"@id":"https:\/\/franciscanos.org.br\/noticias\/observando-os-sinais-dos-tempos-e-de-uma-chamine.html#breadcrumb"},"inLanguage":"pt-BR","potentialAction":[{"@type":"ReadAction","target":["https:\/\/franciscanos.org.br\/noticias\/observando-os-sinais-dos-tempos-e-de-uma-chamine.html"]}]},{"@type":"BreadcrumbList","@id":"https:\/\/franciscanos.org.br\/noticias\/observando-os-sinais-dos-tempos-e-de-uma-chamine.html#breadcrumb","itemListElement":[{"@type":"ListItem","position":1,"name":"Home","item":"https:\/\/franciscanos.org.br\/noticias"},{"@type":"ListItem","position":2,"name":"Observando os sinais dos tempos e de uma chamin\u00e9"}]},{"@type":"Person","@id":"https:\/\/franciscanos.org.br\/noticias\/#\/schema\/person\/d9422e83121c3ad3b0f423d195f5bb25","name":"Adriana Rabelo","image":{"@type":"ImageObject","inLanguage":"pt-BR","@id":"https:\/\/franciscanos.org.br\/noticias\/#\/schema\/person\/image\/","url":"https:\/\/secure.gravatar.com\/avatar\/0a937b7500cd7df77540cfb8bede877d?s=96&d=mm&r=g","contentUrl":"https:\/\/secure.gravatar.com\/avatar\/0a937b7500cd7df77540cfb8bede877d?s=96&d=mm&r=g","caption":"Adriana Rabelo"},"url":"https:\/\/franciscanos.org.br\/noticias\/author\/adrianarabelo"}]}},"_links":{"self":[{"href":"https:\/\/franciscanos.org.br\/noticias\/wp-json\/wp\/v2\/posts\/256911"}],"collection":[{"href":"https:\/\/franciscanos.org.br\/noticias\/wp-json\/wp\/v2\/posts"}],"about":[{"href":"https:\/\/franciscanos.org.br\/noticias\/wp-json\/wp\/v2\/types\/post"}],"author":[{"embeddable":true,"href":"https:\/\/franciscanos.org.br\/noticias\/wp-json\/wp\/v2\/users\/11"}],"replies":[{"embeddable":true,"href":"https:\/\/franciscanos.org.br\/noticias\/wp-json\/wp\/v2\/comments?post=256911"}],"version-history":[{"count":3,"href":"https:\/\/franciscanos.org.br\/noticias\/wp-json\/wp\/v2\/posts\/256911\/revisions"}],"predecessor-version":[{"id":256917,"href":"https:\/\/franciscanos.org.br\/noticias\/wp-json\/wp\/v2\/posts\/256911\/revisions\/256917"}],"wp:featuredmedia":[{"embeddable":true,"href":"https:\/\/franciscanos.org.br\/noticias\/wp-json\/wp\/v2\/media\/256913"}],"wp:attachment":[{"href":"https:\/\/franciscanos.org.br\/noticias\/wp-json\/wp\/v2\/media?parent=256911"}],"wp:term":[{"taxonomy":"category","embeddable":true,"href":"https:\/\/franciscanos.org.br\/noticias\/wp-json\/wp\/v2\/categories?post=256911"},{"taxonomy":"post_tag","embeddable":true,"href":"https:\/\/franciscanos.org.br\/noticias\/wp-json\/wp\/v2\/tags?post=256911"}],"curies":[{"name":"wp","href":"https:\/\/api.w.org\/{rel}","templated":true}]}}