{"id":256906,"date":"2025-05-07T09:23:44","date_gmt":"2025-05-07T12:23:44","guid":{"rendered":"https:\/\/franciscanos.org.br\/noticias\/?p=256906"},"modified":"2025-05-07T09:23:44","modified_gmt":"2025-05-07T12:23:44","slug":"missa-pro-eligendo-pontifice-que-seja-eleito-o-papa-que-a-igreja-e-a-humanidade-precisam","status":"publish","type":"post","link":"https:\/\/franciscanos.org.br\/noticias\/missa-pro-eligendo-pontifice-que-seja-eleito-o-papa-que-a-igreja-e-a-humanidade-precisam.html","title":{"rendered":"Missa Pro Eligendo Pontifice: &#8220;Que seja eleito o Papa que a Igreja e a humanidade precisam&#8221;"},"content":{"rendered":"<p><img loading=\"lazy\" class=\"aligncenter wp-image-256907 size-full\" src=\"https:\/\/franciscanos.org.br\/noticias\/wp-content\/uploads\/2025\/05\/materia-1-1.png\" alt=\"\" width=\"1280\" height=\"720\" srcset=\"https:\/\/franciscanos.org.br\/noticias\/wp-content\/uploads\/2025\/05\/materia-1-1.png 1280w, https:\/\/franciscanos.org.br\/noticias\/wp-content\/uploads\/2025\/05\/materia-1-1-450x253.png 450w, https:\/\/franciscanos.org.br\/noticias\/wp-content\/uploads\/2025\/05\/materia-1-1-1024x576.png 1024w, https:\/\/franciscanos.org.br\/noticias\/wp-content\/uploads\/2025\/05\/materia-1-1-768x432.png 768w, https:\/\/franciscanos.org.br\/noticias\/wp-content\/uploads\/2025\/05\/materia-1-1-150x84.png 150w\" sizes=\"(max-width: 1280px) 100vw, 1280px\" \/><\/p>\n<p>A Missa\u00a0<i>Pro Eligendo Romano Pontifice<\/i>, celebrada na manh\u00e3 desta quarta-feira, 7 de maio, na Bas\u00edlica de S\u00e3o Pedro, marca o in\u00edcio do processo de elei\u00e7\u00e3o do novo Papa. Presidida pelo Cardeal Decano, dom Giovanni Battista Re, e concelebrada pelos membros do Col\u00e9gio Cardinal\u00edcio, o rito solene reuniu milhares de fi\u00e9is, que j\u00e1 vivem a expectativa pela escolha do Sucessor de Pedro. Em sua homilia, o Decano exortou os presentes \u00e0 ora\u00e7\u00e3o confiante, \u00e0 escuta atenta do Esp\u00edrito Santo e ao cultivo da comunh\u00e3o fraterna:<\/p>\n<p><i>\u201cNos Atos dos Ap\u00f3stolos, l\u00ea-se que, ap\u00f3s a ascens\u00e3o de Cristo ao c\u00e9u e enquanto aguardavam o dia de Pentecostes, todos perseveravam unidos em ora\u00e7\u00e3o com Maria, a M\u00e3e de Jesus (cf. At 1,14). \u00c9 exatamente isso o que n\u00f3s tamb\u00e9m estamos fazendo, a poucas horas do in\u00edcio do Conclave, sob o olhar da Virgem Maria, colocada ao lado do altar nesta Bas\u00edlica que se ergue sobre o t\u00famulo do Ap\u00f3stolo Pedro.\u201d<\/i><\/p>\n<p><strong>Invocar o Esp\u00edrito Santo: atitude justa e necess\u00e1ria<\/strong><\/p>\n<p>De forma serena e, ao mesmo tempo, precisa, o cardeal Re expressou o sentimento comum da Igreja neste momento decisivo: \u201cSentimos unido a n\u00f3s todo o povo de Deus, com seu sentido de f\u00e9, de amor ao Papa e de espera confiante.\u201d E acrescentou:<\/p>\n<p>\u201cEstamos aqui para invocar a ajuda do Esp\u00edrito Santo, para implorar sua luz e sua for\u00e7a, a fim de que seja eleito o Papa de que a Igreja e a humanidade precisam neste momento t\u00e3o dif\u00edcil e complexo da hist\u00f3ria.\u201d<\/p>\n<p>O Decano destacou o peso espiritual do momento e a gravidade da responsabilidade confiada aos cardeais eleitores: \u201cRezar, invocando o Esp\u00edrito Santo, \u00e9 a \u00fanica atitude justa e necess\u00e1ria, enquanto os Cardeais eleitores se preparam para um ato de m\u00e1xima responsabilidade humana e eclesial e para uma escolha de excepcional import\u00e2ncia; um ato humano pelo qual se deve deixar de lado qualquer considera\u00e7\u00e3o pessoal, tendo na mente e no cora\u00e7\u00e3o apenas o Deus de Jesus Cristo e o bem da Igreja e da humanidade.\u201d<\/p>\n<p><strong>Amor: distintivo da f\u00e9 crist\u00e3<\/strong><\/p>\n<p>Ao refletir sobre o Evangelho proclamado na liturgia, o cardeal concentrou sua medita\u00e7\u00e3o na mensagem central da \u00daltima Ceia: \u201cEste \u00e9 o meu mandamento: que vos ameis uns aos outros como Eu vos amei\u201d (Jo 15,13), e destacou que este ensinamento de Jesus \u00e9 o verdadeiro distintivo da f\u00e9 crist\u00e3:<\/p>\n<p><i>\u201cO amor que Jesus revela n\u00e3o conhece limites e deve caracterizar os pensamentos e a\u00e7\u00f5es de todos os seus disc\u00edpulos, que devem sempre demonstrar amor aut\u00eantico em seu comportamento e empenhar-se na constru\u00e7\u00e3o de uma nova civiliza\u00e7\u00e3o \u2014 aquela que Paulo VI chamou de \u2018civiliza\u00e7\u00e3o do amor\u2019. O amor \u00e9 a \u00fanica for\u00e7a capaz de mudar o mundo.\u201d<\/i><\/p>\n<p><strong>Comunh\u00e3o e fidelidade ao evangelho<\/strong><\/p>\n<p>Referindo-se \u00e0 qualidade fundamental dos pastores \u2014 o amor at\u00e9 a entrega total de si mesmos \u2014 o Decano afirmou que, nos textos lit\u00fargicos da celebra\u00e7\u00e3o eucar\u00edstica, l\u00ea-se o convite ao amor fraterno, \u00e0 ajuda rec\u00edproca e ao empenho em favor da comunh\u00e3o eclesial e da fraternidade humana universal. E completou:<\/p>\n<p><i>\u201cEntre as tarefas de cada Sucessor de Pedro est\u00e1 a de promover a comunh\u00e3o: comunh\u00e3o de todos os crist\u00e3os com Cristo, dos bispos com o Papa, e entre os pr\u00f3prios bispos. N\u00e3o uma comunh\u00e3o autorreferencial, mas totalmente orientada para a uni\u00e3o entre as pessoas, os povos e as culturas \u2014 sempre com o objetivo de que a Igreja seja \u2018casa e escola de comunh\u00e3o\u2019. Al\u00e9m disso, h\u00e1 um forte apelo \u00e0 manuten\u00e7\u00e3o da unidade da Igreja, conforme o caminho indicado por Cristo aos Ap\u00f3stolos. A unidade da Igreja, desejada por Cristo, n\u00e3o significa uniformidade, mas uma comunh\u00e3o s\u00f3lida e profunda na diversidade, desde que se mantenha a plena fidelidade ao Evangelho.\u201d<\/i><\/p>\n<p><strong><img loading=\"lazy\" class=\"aligncenter wp-image-256908 size-full\" src=\"https:\/\/franciscanos.org.br\/noticias\/wp-content\/uploads\/2025\/05\/materia-2-1.png\" alt=\"\" width=\"1280\" height=\"720\" srcset=\"https:\/\/franciscanos.org.br\/noticias\/wp-content\/uploads\/2025\/05\/materia-2-1.png 1280w, https:\/\/franciscanos.org.br\/noticias\/wp-content\/uploads\/2025\/05\/materia-2-1-450x253.png 450w, https:\/\/franciscanos.org.br\/noticias\/wp-content\/uploads\/2025\/05\/materia-2-1-1024x576.png 1024w, https:\/\/franciscanos.org.br\/noticias\/wp-content\/uploads\/2025\/05\/materia-2-1-768x432.png 768w, https:\/\/franciscanos.org.br\/noticias\/wp-content\/uploads\/2025\/05\/materia-2-1-150x84.png 150w\" sizes=\"(max-width: 1280px) 100vw, 1280px\" \/><\/strong><\/p>\n<p><strong>Ato de f\u00e9 e responsabilidade<\/strong><\/p>\n<p>\u201cA elei\u00e7\u00e3o do novo Papa n\u00e3o \u00e9 uma simples sucess\u00e3o de pessoas, mas \u00e9 sempre o Ap\u00f3stolo Pedro que retorna\u201d, afirmou Re, reiterando que o Papa \u201c\u00e9 a rocha sobre a qual a Igreja \u00e9 edificada\u201d (cf. Mt 16,18). \u00a0Referindo-se ao local onde os cardeais expressar\u00e3o seu voto, o Decano destacou que \u201cos cardeais eleitores expressar\u00e3o seu voto na Capela Sistina, onde, como diz a Constitui\u00e7\u00e3o Apost\u00f3lica\u00a0<i>Universi Dominici Gregis<\/i>, \u2018tudo concorre para avivar a consci\u00eancia da presen\u00e7a de Deus, diante do qual dever\u00e1 cada um apresentar-se um dia para ser julgado\u2019.\u201d E evocou as palavras do Papa S\u00e3o Jo\u00e3o Paulo II no\u00a0<i>Tr\u00edptico Romano<\/i>:<\/p>\n<p><i>\u201cNas horas da grande decis\u00e3o atrav\u00e9s do voto, a imagem imponente de Cristo Juiz, pintada por Michelangelo, lembrar\u00e1 a cada um a grande responsabilidade de colocar as \u2018chaves supremas\u2019 nas m\u00e3os certas.\u201d<\/i><\/p>\n<p><strong>O mundo de hoje espera muito da Igreja<\/strong><\/p>\n<p>Ao concluir sua homilia, dom Giovanni Battista Re fez um apelo confiante \u00e0 ora\u00e7\u00e3o de toda a Igreja:<\/p>\n<p><i>\u201cOremos para que Deus conceda \u00e0 Igreja o Papa que melhor saiba despertar as consci\u00eancias de todos e as energias morais e espirituais na sociedade atual, caracterizada por um grande progresso tecnol\u00f3gico, mas que tende a esquecer Deus. O mundo de hoje espera muito da Igreja para a salvaguarda daqueles valores fundamentais \u2014 humanos e espirituais \u2014 sem os quais a conviv\u00eancia humana nem ser\u00e1 melhor nem beneficiar\u00e1 as gera\u00e7\u00f5es futuras. Que a Bem-Aventurada Virgem Maria, M\u00e3e da Igreja, nos auxilie com sua materna intercess\u00e3o, para que o Esp\u00edrito Santo ilumine as mentes dos cardeais eleitores e os torne concordes na elei\u00e7\u00e3o do Papa de que o nosso tempo necessita.\u201d<\/i><\/p>\n<hr \/>\n<p><em>Thulio Fonseca \u2013 Vatican News<\/em><\/p>\n","protected":false},"excerpt":{"rendered":"<p>Conclave<\/p>\n","protected":false},"author":11,"featured_media":0,"comment_status":"open","ping_status":"open","sticky":false,"template":"","format":"standard","meta":[],"categories":[1],"tags":[2341,349],"acf":[],"yoast_head":"<!-- This site is optimized with the Yoast SEO plugin v19.2 - https:\/\/yoast.com\/wordpress\/plugins\/seo\/ -->\n<title>Missa Pro Eligendo Pontifice: &quot;Que seja eleito o Papa que a Igreja e a humanidade precisam&quot; - Not\u00edcias - Franciscanos<\/title>\n<meta name=\"robots\" content=\"index, follow, max-snippet:-1, max-image-preview:large, max-video-preview:-1\" \/>\n<link rel=\"canonical\" href=\"https:\/\/franciscanos.org.br\/noticias\/missa-pro-eligendo-pontifice-que-seja-eleito-o-papa-que-a-igreja-e-a-humanidade-precisam.html\" \/>\n<meta property=\"og:locale\" content=\"pt_BR\" \/>\n<meta property=\"og:type\" content=\"article\" \/>\n<meta property=\"og:title\" content=\"Missa Pro Eligendo Pontifice: &quot;Que seja eleito o Papa que a Igreja e a humanidade precisam&quot; - Not\u00edcias - Franciscanos\" \/>\n<meta property=\"og:description\" content=\"Conclave\" \/>\n<meta property=\"og:url\" content=\"https:\/\/franciscanos.org.br\/noticias\/missa-pro-eligendo-pontifice-que-seja-eleito-o-papa-que-a-igreja-e-a-humanidade-precisam.html\" \/>\n<meta property=\"og:site_name\" content=\"Not\u00edcias - Franciscanos\" \/>\n<meta property=\"article:published_time\" content=\"2025-05-07T12:23:44+00:00\" \/>\n<meta property=\"og:image\" content=\"https:\/\/franciscanos.org.br\/noticias\/wp-content\/uploads\/2025\/05\/materia-1-1.png\" \/>\n<meta name=\"author\" content=\"Adriana Rabelo\" \/>\n<meta name=\"twitter:card\" content=\"summary_large_image\" \/>\n<meta name=\"twitter:label1\" content=\"Escrito por\" \/>\n\t<meta name=\"twitter:data1\" content=\"Adriana Rabelo\" \/>\n\t<meta name=\"twitter:label2\" content=\"Est. tempo de leitura\" \/>\n\t<meta name=\"twitter:data2\" content=\"5 minutos\" \/>\n<script type=\"application\/ld+json\" class=\"yoast-schema-graph\">{\"@context\":\"https:\/\/schema.org\",\"@graph\":[{\"@type\":\"WebSite\",\"@id\":\"https:\/\/franciscanos.org.br\/noticias\/#website\",\"url\":\"https:\/\/franciscanos.org.br\/noticias\/\",\"name\":\"Not\u00edcias - Franciscanos\",\"description\":\"Prov\u00edncia Franciscana da Imaculada Concei\u00e7\u00e3o do Brasil - Ordem dos Frades Menores - OFM\",\"potentialAction\":[{\"@type\":\"SearchAction\",\"target\":{\"@type\":\"EntryPoint\",\"urlTemplate\":\"https:\/\/franciscanos.org.br\/noticias\/?s={search_term_string}\"},\"query-input\":\"required name=search_term_string\"}],\"inLanguage\":\"pt-BR\"},{\"@type\":\"ImageObject\",\"inLanguage\":\"pt-BR\",\"@id\":\"https:\/\/franciscanos.org.br\/noticias\/missa-pro-eligendo-pontifice-que-seja-eleito-o-papa-que-a-igreja-e-a-humanidade-precisam.html#primaryimage\",\"url\":\"https:\/\/franciscanos.org.br\/noticias\/wp-content\/uploads\/2025\/05\/materia-1-1.png\",\"contentUrl\":\"https:\/\/franciscanos.org.br\/noticias\/wp-content\/uploads\/2025\/05\/materia-1-1.png\",\"width\":1280,\"height\":720},{\"@type\":\"WebPage\",\"@id\":\"https:\/\/franciscanos.org.br\/noticias\/missa-pro-eligendo-pontifice-que-seja-eleito-o-papa-que-a-igreja-e-a-humanidade-precisam.html#webpage\",\"url\":\"https:\/\/franciscanos.org.br\/noticias\/missa-pro-eligendo-pontifice-que-seja-eleito-o-papa-que-a-igreja-e-a-humanidade-precisam.html\",\"name\":\"Missa Pro Eligendo Pontifice: \\\"Que seja eleito o Papa que a Igreja e a humanidade precisam\\\" - Not\u00edcias - Franciscanos\",\"isPartOf\":{\"@id\":\"https:\/\/franciscanos.org.br\/noticias\/#website\"},\"primaryImageOfPage\":{\"@id\":\"https:\/\/franciscanos.org.br\/noticias\/missa-pro-eligendo-pontifice-que-seja-eleito-o-papa-que-a-igreja-e-a-humanidade-precisam.html#primaryimage\"},\"datePublished\":\"2025-05-07T12:23:44+00:00\",\"dateModified\":\"2025-05-07T12:23:44+00:00\",\"author\":{\"@id\":\"https:\/\/franciscanos.org.br\/noticias\/#\/schema\/person\/d9422e83121c3ad3b0f423d195f5bb25\"},\"breadcrumb\":{\"@id\":\"https:\/\/franciscanos.org.br\/noticias\/missa-pro-eligendo-pontifice-que-seja-eleito-o-papa-que-a-igreja-e-a-humanidade-precisam.html#breadcrumb\"},\"inLanguage\":\"pt-BR\",\"potentialAction\":[{\"@type\":\"ReadAction\",\"target\":[\"https:\/\/franciscanos.org.br\/noticias\/missa-pro-eligendo-pontifice-que-seja-eleito-o-papa-que-a-igreja-e-a-humanidade-precisam.html\"]}]},{\"@type\":\"BreadcrumbList\",\"@id\":\"https:\/\/franciscanos.org.br\/noticias\/missa-pro-eligendo-pontifice-que-seja-eleito-o-papa-que-a-igreja-e-a-humanidade-precisam.html#breadcrumb\",\"itemListElement\":[{\"@type\":\"ListItem\",\"position\":1,\"name\":\"Home\",\"item\":\"https:\/\/franciscanos.org.br\/noticias\"},{\"@type\":\"ListItem\",\"position\":2,\"name\":\"Missa Pro Eligendo Pontifice: &#8220;Que seja eleito o Papa que a Igreja e a humanidade precisam&#8221;\"}]},{\"@type\":\"Person\",\"@id\":\"https:\/\/franciscanos.org.br\/noticias\/#\/schema\/person\/d9422e83121c3ad3b0f423d195f5bb25\",\"name\":\"Adriana Rabelo\",\"image\":{\"@type\":\"ImageObject\",\"inLanguage\":\"pt-BR\",\"@id\":\"https:\/\/franciscanos.org.br\/noticias\/#\/schema\/person\/image\/\",\"url\":\"https:\/\/secure.gravatar.com\/avatar\/0a937b7500cd7df77540cfb8bede877d?s=96&d=mm&r=g\",\"contentUrl\":\"https:\/\/secure.gravatar.com\/avatar\/0a937b7500cd7df77540cfb8bede877d?s=96&d=mm&r=g\",\"caption\":\"Adriana Rabelo\"},\"url\":\"https:\/\/franciscanos.org.br\/noticias\/author\/adrianarabelo\"}]}<\/script>\n<!-- \/ Yoast SEO plugin. -->","yoast_head_json":{"title":"Missa Pro Eligendo Pontifice: \"Que seja eleito o Papa que a Igreja e a humanidade precisam\" - Not\u00edcias - Franciscanos","robots":{"index":"index","follow":"follow","max-snippet":"max-snippet:-1","max-image-preview":"max-image-preview:large","max-video-preview":"max-video-preview:-1"},"canonical":"https:\/\/franciscanos.org.br\/noticias\/missa-pro-eligendo-pontifice-que-seja-eleito-o-papa-que-a-igreja-e-a-humanidade-precisam.html","og_locale":"pt_BR","og_type":"article","og_title":"Missa Pro Eligendo Pontifice: \"Que seja eleito o Papa que a Igreja e a humanidade precisam\" - Not\u00edcias - Franciscanos","og_description":"Conclave","og_url":"https:\/\/franciscanos.org.br\/noticias\/missa-pro-eligendo-pontifice-que-seja-eleito-o-papa-que-a-igreja-e-a-humanidade-precisam.html","og_site_name":"Not\u00edcias - Franciscanos","article_published_time":"2025-05-07T12:23:44+00:00","og_image":[{"url":"https:\/\/franciscanos.org.br\/noticias\/wp-content\/uploads\/2025\/05\/materia-1-1.png"}],"author":"Adriana Rabelo","twitter_card":"summary_large_image","twitter_misc":{"Escrito por":"Adriana Rabelo","Est. tempo de leitura":"5 minutos"},"schema":{"@context":"https:\/\/schema.org","@graph":[{"@type":"WebSite","@id":"https:\/\/franciscanos.org.br\/noticias\/#website","url":"https:\/\/franciscanos.org.br\/noticias\/","name":"Not\u00edcias - Franciscanos","description":"Prov\u00edncia Franciscana da Imaculada Concei\u00e7\u00e3o do Brasil - Ordem dos Frades Menores - OFM","potentialAction":[{"@type":"SearchAction","target":{"@type":"EntryPoint","urlTemplate":"https:\/\/franciscanos.org.br\/noticias\/?s={search_term_string}"},"query-input":"required name=search_term_string"}],"inLanguage":"pt-BR"},{"@type":"ImageObject","inLanguage":"pt-BR","@id":"https:\/\/franciscanos.org.br\/noticias\/missa-pro-eligendo-pontifice-que-seja-eleito-o-papa-que-a-igreja-e-a-humanidade-precisam.html#primaryimage","url":"https:\/\/franciscanos.org.br\/noticias\/wp-content\/uploads\/2025\/05\/materia-1-1.png","contentUrl":"https:\/\/franciscanos.org.br\/noticias\/wp-content\/uploads\/2025\/05\/materia-1-1.png","width":1280,"height":720},{"@type":"WebPage","@id":"https:\/\/franciscanos.org.br\/noticias\/missa-pro-eligendo-pontifice-que-seja-eleito-o-papa-que-a-igreja-e-a-humanidade-precisam.html#webpage","url":"https:\/\/franciscanos.org.br\/noticias\/missa-pro-eligendo-pontifice-que-seja-eleito-o-papa-que-a-igreja-e-a-humanidade-precisam.html","name":"Missa Pro Eligendo Pontifice: \"Que seja eleito o Papa que a Igreja e a humanidade precisam\" - Not\u00edcias - Franciscanos","isPartOf":{"@id":"https:\/\/franciscanos.org.br\/noticias\/#website"},"primaryImageOfPage":{"@id":"https:\/\/franciscanos.org.br\/noticias\/missa-pro-eligendo-pontifice-que-seja-eleito-o-papa-que-a-igreja-e-a-humanidade-precisam.html#primaryimage"},"datePublished":"2025-05-07T12:23:44+00:00","dateModified":"2025-05-07T12:23:44+00:00","author":{"@id":"https:\/\/franciscanos.org.br\/noticias\/#\/schema\/person\/d9422e83121c3ad3b0f423d195f5bb25"},"breadcrumb":{"@id":"https:\/\/franciscanos.org.br\/noticias\/missa-pro-eligendo-pontifice-que-seja-eleito-o-papa-que-a-igreja-e-a-humanidade-precisam.html#breadcrumb"},"inLanguage":"pt-BR","potentialAction":[{"@type":"ReadAction","target":["https:\/\/franciscanos.org.br\/noticias\/missa-pro-eligendo-pontifice-que-seja-eleito-o-papa-que-a-igreja-e-a-humanidade-precisam.html"]}]},{"@type":"BreadcrumbList","@id":"https:\/\/franciscanos.org.br\/noticias\/missa-pro-eligendo-pontifice-que-seja-eleito-o-papa-que-a-igreja-e-a-humanidade-precisam.html#breadcrumb","itemListElement":[{"@type":"ListItem","position":1,"name":"Home","item":"https:\/\/franciscanos.org.br\/noticias"},{"@type":"ListItem","position":2,"name":"Missa Pro Eligendo Pontifice: &#8220;Que seja eleito o Papa que a Igreja e a humanidade precisam&#8221;"}]},{"@type":"Person","@id":"https:\/\/franciscanos.org.br\/noticias\/#\/schema\/person\/d9422e83121c3ad3b0f423d195f5bb25","name":"Adriana Rabelo","image":{"@type":"ImageObject","inLanguage":"pt-BR","@id":"https:\/\/franciscanos.org.br\/noticias\/#\/schema\/person\/image\/","url":"https:\/\/secure.gravatar.com\/avatar\/0a937b7500cd7df77540cfb8bede877d?s=96&d=mm&r=g","contentUrl":"https:\/\/secure.gravatar.com\/avatar\/0a937b7500cd7df77540cfb8bede877d?s=96&d=mm&r=g","caption":"Adriana Rabelo"},"url":"https:\/\/franciscanos.org.br\/noticias\/author\/adrianarabelo"}]}},"_links":{"self":[{"href":"https:\/\/franciscanos.org.br\/noticias\/wp-json\/wp\/v2\/posts\/256906"}],"collection":[{"href":"https:\/\/franciscanos.org.br\/noticias\/wp-json\/wp\/v2\/posts"}],"about":[{"href":"https:\/\/franciscanos.org.br\/noticias\/wp-json\/wp\/v2\/types\/post"}],"author":[{"embeddable":true,"href":"https:\/\/franciscanos.org.br\/noticias\/wp-json\/wp\/v2\/users\/11"}],"replies":[{"embeddable":true,"href":"https:\/\/franciscanos.org.br\/noticias\/wp-json\/wp\/v2\/comments?post=256906"}],"version-history":[{"count":2,"href":"https:\/\/franciscanos.org.br\/noticias\/wp-json\/wp\/v2\/posts\/256906\/revisions"}],"predecessor-version":[{"id":256910,"href":"https:\/\/franciscanos.org.br\/noticias\/wp-json\/wp\/v2\/posts\/256906\/revisions\/256910"}],"wp:attachment":[{"href":"https:\/\/franciscanos.org.br\/noticias\/wp-json\/wp\/v2\/media?parent=256906"}],"wp:term":[{"taxonomy":"category","embeddable":true,"href":"https:\/\/franciscanos.org.br\/noticias\/wp-json\/wp\/v2\/categories?post=256906"},{"taxonomy":"post_tag","embeddable":true,"href":"https:\/\/franciscanos.org.br\/noticias\/wp-json\/wp\/v2\/tags?post=256906"}],"curies":[{"name":"wp","href":"https:\/\/api.w.org\/{rel}","templated":true}]}}