{"id":256894,"date":"2025-05-07T08:03:49","date_gmt":"2025-05-07T11:03:49","guid":{"rendered":"https:\/\/franciscanos.org.br\/noticias\/?p=256894"},"modified":"2025-05-07T08:03:49","modified_gmt":"2025-05-07T11:03:49","slug":"encontro-nacional-do-sav-reune-68-participantes-no-ceara","status":"publish","type":"post","link":"https:\/\/franciscanos.org.br\/noticias\/encontro-nacional-do-sav-reune-68-participantes-no-ceara.html","title":{"rendered":"Encontro Nacional do SAV re\u00fane 68 participantes no Cear\u00e1"},"content":{"rendered":"<p><img loading=\"lazy\" class=\"aligncenter wp-image-256895 size-full\" src=\"https:\/\/franciscanos.org.br\/noticias\/wp-content\/uploads\/2025\/05\/materia-1.png\" alt=\"\" width=\"800\" height=\"550\" srcset=\"https:\/\/franciscanos.org.br\/noticias\/wp-content\/uploads\/2025\/05\/materia-1.png 800w, https:\/\/franciscanos.org.br\/noticias\/wp-content\/uploads\/2025\/05\/materia-1-450x309.png 450w, https:\/\/franciscanos.org.br\/noticias\/wp-content\/uploads\/2025\/05\/materia-1-768x528.png 768w, https:\/\/franciscanos.org.br\/noticias\/wp-content\/uploads\/2025\/05\/materia-1-150x103.png 150w, https:\/\/franciscanos.org.br\/noticias\/wp-content\/uploads\/2025\/05\/materia-1-320x220.png 320w\" sizes=\"(max-width: 800px) 100vw, 800px\" \/><\/p>\n<p>A Pousada Franciscana em Canind\u00e9 (CE) acolheu com alegria, de 01 a 04 de maio, o Encontro Nacional do Servi\u00e7o de Anima\u00e7\u00e3o Vocacional (SAV) da Confer\u00eancia da Fam\u00edlia Franciscana do Brasil.<\/p>\n<p>O evento reuniu 68 participantes entre Vida Religiosa Consagrada, OFS, Clarissas e simpatizantes de diferentes regi\u00f5es do pa\u00eds, todos unidos pelo desejo de aprofundar a espiritualidade vocacional \u00e0 luz do carisma de Francisco e Clara de Assis.<\/p>\n<p><img loading=\"lazy\" class=\"aligncenter wp-image-256896 size-full\" src=\"https:\/\/franciscanos.org.br\/noticias\/wp-content\/uploads\/2025\/05\/materia-2.png\" alt=\"\" width=\"1280\" height=\"720\" srcset=\"https:\/\/franciscanos.org.br\/noticias\/wp-content\/uploads\/2025\/05\/materia-2.png 1280w, https:\/\/franciscanos.org.br\/noticias\/wp-content\/uploads\/2025\/05\/materia-2-450x253.png 450w, https:\/\/franciscanos.org.br\/noticias\/wp-content\/uploads\/2025\/05\/materia-2-1024x576.png 1024w, https:\/\/franciscanos.org.br\/noticias\/wp-content\/uploads\/2025\/05\/materia-2-768x432.png 768w, https:\/\/franciscanos.org.br\/noticias\/wp-content\/uploads\/2025\/05\/materia-2-150x84.png 150w\" sizes=\"(max-width: 1280px) 100vw, 1280px\" \/><\/p>\n<p>Iluminado pelo tema \u201cPeregrinos da Esperan\u00e7a, no caminho de S\u00e3o Francisco e Santa Clara\u201d, e inspirado no lema de Santa Clara: \u201cEntre outros benef\u00edcios que temos recebido, est\u00e1 a nossa voca\u00e7\u00e3o\u2026\u201d o encontro promoveu momentos de reflex\u00e3o, partilha, celebra\u00e7\u00e3o e escuta fraterna.<\/p>\n<p>A assessoria do encontro ficou a cargo de Frei Marconi Lins, OFM, que conduziu os trabalhos com profundidade e sensibilidade, ajudando os participantes a redescobrir a beleza da voca\u00e7\u00e3o como dom e miss\u00e3o a servi\u00e7o da Igreja e da Casa Comum.<\/p>\n<p><img loading=\"lazy\" class=\"aligncenter wp-image-256897 size-full\" src=\"https:\/\/franciscanos.org.br\/noticias\/wp-content\/uploads\/2025\/05\/materia-3.png\" alt=\"\" width=\"1280\" height=\"720\" srcset=\"https:\/\/franciscanos.org.br\/noticias\/wp-content\/uploads\/2025\/05\/materia-3.png 1280w, https:\/\/franciscanos.org.br\/noticias\/wp-content\/uploads\/2025\/05\/materia-3-450x253.png 450w, https:\/\/franciscanos.org.br\/noticias\/wp-content\/uploads\/2025\/05\/materia-3-1024x576.png 1024w, https:\/\/franciscanos.org.br\/noticias\/wp-content\/uploads\/2025\/05\/materia-3-768x432.png 768w, https:\/\/franciscanos.org.br\/noticias\/wp-content\/uploads\/2025\/05\/materia-3-150x84.png 150w\" sizes=\"(max-width: 1280px) 100vw, 1280px\" \/><\/p>\n<p>Em um lugar emblem\u00e1tico para a espiritualidade franciscana no Brasil, este encontro reafirma o compromisso do SAV em cultivar e animar as voca\u00e7\u00f5es \u00e0 luz do Evangelho e da espiritualidade de Francisco e Clara de Assis.<\/p>\n<p>A programa\u00e7\u00e3o realizou-se com peregrina\u00e7\u00f5es internas atrav\u00e9s de reflex\u00f5es, momento orante, confraterniza\u00e7\u00e3o e viv\u00eancia em grupos. Como tamb\u00e9m, peregrina\u00e7\u00f5es externas: visita \u00e0 Bras\u00edlica, ao Mosteiro das Clarissas e a est\u00e1tua de S\u00e3o Francisco das Chagas.<\/p>\n<hr \/>\n<p>Fonte: <a href=\"https:\/\/cffb.org.br\/encontro-nacional-do-sav-reune-68-participantes-em-caninde-ce\/\">https:\/\/cffb.org.br\/encontro-nacional-do-sav-reune-68-participantes-em-caninde-ce\/<\/a><\/p>\n\n\t\t<style type=\"text\/css\">\n\t\t\t#gallery-1 {\n\t\t\t\tmargin: auto;\n\t\t\t}\n\t\t\t#gallery-1 .gallery-item {\n\t\t\t\tfloat: left;\n\t\t\t\tmargin-top: 10px;\n\t\t\t\ttext-align: center;\n\t\t\t\twidth: 33%;\n\t\t\t}\n\t\t\t#gallery-1 img {\n\t\t\t\tborder: 2px solid #cfcfcf;\n\t\t\t}\n\t\t\t#gallery-1 .gallery-caption {\n\t\t\t\tmargin-left: 0;\n\t\t\t}\n\t\t\t\/* see gallery_shortcode() in wp-includes\/media.php *\/\n\t\t<\/style>\n\t\t<div id='gallery-1' class='gallery galleryid-256894 gallery-columns-3 gallery-size-thumbnail'><dl class='gallery-item'>\n\t\t\t<dt class='gallery-icon landscape'>\n\t\t\t\t<a href='https:\/\/franciscanos.org.br\/noticias\/wp-content\/uploads\/2025\/05\/SAV-2025-10.jpg'><img width=\"300\" height=\"300\" src=\"https:\/\/franciscanos.org.br\/noticias\/wp-content\/uploads\/2025\/05\/SAV-2025-10-300x300.jpg\" class=\"attachment-thumbnail size-thumbnail\" alt=\"\" loading=\"lazy\" srcset=\"https:\/\/franciscanos.org.br\/noticias\/wp-content\/uploads\/2025\/05\/SAV-2025-10-300x300.jpg 300w, https:\/\/franciscanos.org.br\/noticias\/wp-content\/uploads\/2025\/05\/SAV-2025-10-100x100.jpg 100w\" sizes=\"(max-width: 300px) 100vw, 300px\" \/><\/a>\n\t\t\t<\/dt><\/dl><dl class='gallery-item'>\n\t\t\t<dt class='gallery-icon landscape'>\n\t\t\t\t<a href='https:\/\/franciscanos.org.br\/noticias\/wp-content\/uploads\/2025\/05\/SAV-2025-16-1.jpg'><img width=\"300\" height=\"300\" src=\"https:\/\/franciscanos.org.br\/noticias\/wp-content\/uploads\/2025\/05\/SAV-2025-16-1-300x300.jpg\" class=\"attachment-thumbnail size-thumbnail\" alt=\"\" loading=\"lazy\" srcset=\"https:\/\/franciscanos.org.br\/noticias\/wp-content\/uploads\/2025\/05\/SAV-2025-16-1-300x300.jpg 300w, https:\/\/franciscanos.org.br\/noticias\/wp-content\/uploads\/2025\/05\/SAV-2025-16-1-100x100.jpg 100w\" sizes=\"(max-width: 300px) 100vw, 300px\" \/><\/a>\n\t\t\t<\/dt><\/dl><dl class='gallery-item'>\n\t\t\t<dt class='gallery-icon landscape'>\n\t\t\t\t<a href='https:\/\/franciscanos.org.br\/noticias\/wp-content\/uploads\/2025\/05\/SAV-2025-23.jpg'><img width=\"300\" height=\"300\" src=\"https:\/\/franciscanos.org.br\/noticias\/wp-content\/uploads\/2025\/05\/SAV-2025-23-300x300.jpg\" class=\"attachment-thumbnail size-thumbnail\" alt=\"\" loading=\"lazy\" srcset=\"https:\/\/franciscanos.org.br\/noticias\/wp-content\/uploads\/2025\/05\/SAV-2025-23-300x300.jpg 300w, https:\/\/franciscanos.org.br\/noticias\/wp-content\/uploads\/2025\/05\/SAV-2025-23-100x100.jpg 100w\" sizes=\"(max-width: 300px) 100vw, 300px\" \/><\/a>\n\t\t\t<\/dt><\/dl><br style=\"clear: both\" \/>\n\t\t<\/div>\n\n","protected":false},"excerpt":{"rendered":"<p>Fam\u00edlia Franciscana<\/p>\n","protected":false},"author":11,"featured_media":256904,"comment_status":"open","ping_status":"open","sticky":false,"template":"","format":"standard","meta":[],"categories":[1],"tags":[455,552],"acf":[],"yoast_head":"<!-- This site is optimized with the Yoast SEO plugin v19.2 - https:\/\/yoast.com\/wordpress\/plugins\/seo\/ -->\n<title>Encontro Nacional do SAV re\u00fane 68 participantes no Cear\u00e1 - Not\u00edcias - Franciscanos<\/title>\n<meta name=\"robots\" content=\"index, follow, max-snippet:-1, max-image-preview:large, max-video-preview:-1\" \/>\n<link rel=\"canonical\" href=\"https:\/\/franciscanos.org.br\/noticias\/encontro-nacional-do-sav-reune-68-participantes-no-ceara.html\" \/>\n<meta property=\"og:locale\" content=\"pt_BR\" \/>\n<meta property=\"og:type\" content=\"article\" \/>\n<meta property=\"og:title\" content=\"Encontro Nacional do SAV re\u00fane 68 participantes no Cear\u00e1 - Not\u00edcias - Franciscanos\" \/>\n<meta property=\"og:description\" content=\"Fam\u00edlia Franciscana\" \/>\n<meta property=\"og:url\" content=\"https:\/\/franciscanos.org.br\/noticias\/encontro-nacional-do-sav-reune-68-participantes-no-ceara.html\" \/>\n<meta property=\"og:site_name\" content=\"Not\u00edcias - Franciscanos\" \/>\n<meta property=\"article:published_time\" content=\"2025-05-07T11:03:49+00:00\" \/>\n<meta property=\"og:image\" content=\"https:\/\/franciscanos.org.br\/noticias\/wp-content\/uploads\/2025\/05\/slide.png\" \/>\n\t<meta property=\"og:image:width\" content=\"1280\" \/>\n\t<meta property=\"og:image:height\" content=\"720\" \/>\n\t<meta property=\"og:image:type\" content=\"image\/png\" \/>\n<meta name=\"author\" content=\"Adriana Rabelo\" \/>\n<meta name=\"twitter:card\" content=\"summary_large_image\" \/>\n<meta name=\"twitter:label1\" content=\"Escrito por\" \/>\n\t<meta name=\"twitter:data1\" content=\"Adriana Rabelo\" \/>\n\t<meta name=\"twitter:label2\" content=\"Est. tempo de leitura\" \/>\n\t<meta name=\"twitter:data2\" content=\"1 minuto\" \/>\n<script type=\"application\/ld+json\" class=\"yoast-schema-graph\">{\"@context\":\"https:\/\/schema.org\",\"@graph\":[{\"@type\":\"WebSite\",\"@id\":\"https:\/\/franciscanos.org.br\/noticias\/#website\",\"url\":\"https:\/\/franciscanos.org.br\/noticias\/\",\"name\":\"Not\u00edcias - Franciscanos\",\"description\":\"Prov\u00edncia Franciscana da Imaculada Concei\u00e7\u00e3o do Brasil - Ordem dos Frades Menores - OFM\",\"potentialAction\":[{\"@type\":\"SearchAction\",\"target\":{\"@type\":\"EntryPoint\",\"urlTemplate\":\"https:\/\/franciscanos.org.br\/noticias\/?s={search_term_string}\"},\"query-input\":\"required name=search_term_string\"}],\"inLanguage\":\"pt-BR\"},{\"@type\":\"ImageObject\",\"inLanguage\":\"pt-BR\",\"@id\":\"https:\/\/franciscanos.org.br\/noticias\/encontro-nacional-do-sav-reune-68-participantes-no-ceara.html#primaryimage\",\"url\":\"https:\/\/franciscanos.org.br\/noticias\/wp-content\/uploads\/2025\/05\/slide.png\",\"contentUrl\":\"https:\/\/franciscanos.org.br\/noticias\/wp-content\/uploads\/2025\/05\/slide.png\",\"width\":1280,\"height\":720},{\"@type\":\"WebPage\",\"@id\":\"https:\/\/franciscanos.org.br\/noticias\/encontro-nacional-do-sav-reune-68-participantes-no-ceara.html#webpage\",\"url\":\"https:\/\/franciscanos.org.br\/noticias\/encontro-nacional-do-sav-reune-68-participantes-no-ceara.html\",\"name\":\"Encontro Nacional do SAV re\u00fane 68 participantes no Cear\u00e1 - Not\u00edcias - Franciscanos\",\"isPartOf\":{\"@id\":\"https:\/\/franciscanos.org.br\/noticias\/#website\"},\"primaryImageOfPage\":{\"@id\":\"https:\/\/franciscanos.org.br\/noticias\/encontro-nacional-do-sav-reune-68-participantes-no-ceara.html#primaryimage\"},\"datePublished\":\"2025-05-07T11:03:49+00:00\",\"dateModified\":\"2025-05-07T11:03:49+00:00\",\"author\":{\"@id\":\"https:\/\/franciscanos.org.br\/noticias\/#\/schema\/person\/d9422e83121c3ad3b0f423d195f5bb25\"},\"breadcrumb\":{\"@id\":\"https:\/\/franciscanos.org.br\/noticias\/encontro-nacional-do-sav-reune-68-participantes-no-ceara.html#breadcrumb\"},\"inLanguage\":\"pt-BR\",\"potentialAction\":[{\"@type\":\"ReadAction\",\"target\":[\"https:\/\/franciscanos.org.br\/noticias\/encontro-nacional-do-sav-reune-68-participantes-no-ceara.html\"]}]},{\"@type\":\"BreadcrumbList\",\"@id\":\"https:\/\/franciscanos.org.br\/noticias\/encontro-nacional-do-sav-reune-68-participantes-no-ceara.html#breadcrumb\",\"itemListElement\":[{\"@type\":\"ListItem\",\"position\":1,\"name\":\"Home\",\"item\":\"https:\/\/franciscanos.org.br\/noticias\"},{\"@type\":\"ListItem\",\"position\":2,\"name\":\"Encontro Nacional do SAV re\u00fane 68 participantes no Cear\u00e1\"}]},{\"@type\":\"Person\",\"@id\":\"https:\/\/franciscanos.org.br\/noticias\/#\/schema\/person\/d9422e83121c3ad3b0f423d195f5bb25\",\"name\":\"Adriana Rabelo\",\"image\":{\"@type\":\"ImageObject\",\"inLanguage\":\"pt-BR\",\"@id\":\"https:\/\/franciscanos.org.br\/noticias\/#\/schema\/person\/image\/\",\"url\":\"https:\/\/secure.gravatar.com\/avatar\/0a937b7500cd7df77540cfb8bede877d?s=96&d=mm&r=g\",\"contentUrl\":\"https:\/\/secure.gravatar.com\/avatar\/0a937b7500cd7df77540cfb8bede877d?s=96&d=mm&r=g\",\"caption\":\"Adriana Rabelo\"},\"url\":\"https:\/\/franciscanos.org.br\/noticias\/author\/adrianarabelo\"}]}<\/script>\n<!-- \/ Yoast SEO plugin. -->","yoast_head_json":{"title":"Encontro Nacional do SAV re\u00fane 68 participantes no Cear\u00e1 - Not\u00edcias - Franciscanos","robots":{"index":"index","follow":"follow","max-snippet":"max-snippet:-1","max-image-preview":"max-image-preview:large","max-video-preview":"max-video-preview:-1"},"canonical":"https:\/\/franciscanos.org.br\/noticias\/encontro-nacional-do-sav-reune-68-participantes-no-ceara.html","og_locale":"pt_BR","og_type":"article","og_title":"Encontro Nacional do SAV re\u00fane 68 participantes no Cear\u00e1 - Not\u00edcias - Franciscanos","og_description":"Fam\u00edlia Franciscana","og_url":"https:\/\/franciscanos.org.br\/noticias\/encontro-nacional-do-sav-reune-68-participantes-no-ceara.html","og_site_name":"Not\u00edcias - Franciscanos","article_published_time":"2025-05-07T11:03:49+00:00","og_image":[{"width":1280,"height":720,"url":"https:\/\/franciscanos.org.br\/noticias\/wp-content\/uploads\/2025\/05\/slide.png","type":"image\/png"}],"author":"Adriana Rabelo","twitter_card":"summary_large_image","twitter_misc":{"Escrito por":"Adriana Rabelo","Est. tempo de leitura":"1 minuto"},"schema":{"@context":"https:\/\/schema.org","@graph":[{"@type":"WebSite","@id":"https:\/\/franciscanos.org.br\/noticias\/#website","url":"https:\/\/franciscanos.org.br\/noticias\/","name":"Not\u00edcias - Franciscanos","description":"Prov\u00edncia Franciscana da Imaculada Concei\u00e7\u00e3o do Brasil - Ordem dos Frades Menores - OFM","potentialAction":[{"@type":"SearchAction","target":{"@type":"EntryPoint","urlTemplate":"https:\/\/franciscanos.org.br\/noticias\/?s={search_term_string}"},"query-input":"required name=search_term_string"}],"inLanguage":"pt-BR"},{"@type":"ImageObject","inLanguage":"pt-BR","@id":"https:\/\/franciscanos.org.br\/noticias\/encontro-nacional-do-sav-reune-68-participantes-no-ceara.html#primaryimage","url":"https:\/\/franciscanos.org.br\/noticias\/wp-content\/uploads\/2025\/05\/slide.png","contentUrl":"https:\/\/franciscanos.org.br\/noticias\/wp-content\/uploads\/2025\/05\/slide.png","width":1280,"height":720},{"@type":"WebPage","@id":"https:\/\/franciscanos.org.br\/noticias\/encontro-nacional-do-sav-reune-68-participantes-no-ceara.html#webpage","url":"https:\/\/franciscanos.org.br\/noticias\/encontro-nacional-do-sav-reune-68-participantes-no-ceara.html","name":"Encontro Nacional do SAV re\u00fane 68 participantes no Cear\u00e1 - Not\u00edcias - Franciscanos","isPartOf":{"@id":"https:\/\/franciscanos.org.br\/noticias\/#website"},"primaryImageOfPage":{"@id":"https:\/\/franciscanos.org.br\/noticias\/encontro-nacional-do-sav-reune-68-participantes-no-ceara.html#primaryimage"},"datePublished":"2025-05-07T11:03:49+00:00","dateModified":"2025-05-07T11:03:49+00:00","author":{"@id":"https:\/\/franciscanos.org.br\/noticias\/#\/schema\/person\/d9422e83121c3ad3b0f423d195f5bb25"},"breadcrumb":{"@id":"https:\/\/franciscanos.org.br\/noticias\/encontro-nacional-do-sav-reune-68-participantes-no-ceara.html#breadcrumb"},"inLanguage":"pt-BR","potentialAction":[{"@type":"ReadAction","target":["https:\/\/franciscanos.org.br\/noticias\/encontro-nacional-do-sav-reune-68-participantes-no-ceara.html"]}]},{"@type":"BreadcrumbList","@id":"https:\/\/franciscanos.org.br\/noticias\/encontro-nacional-do-sav-reune-68-participantes-no-ceara.html#breadcrumb","itemListElement":[{"@type":"ListItem","position":1,"name":"Home","item":"https:\/\/franciscanos.org.br\/noticias"},{"@type":"ListItem","position":2,"name":"Encontro Nacional do SAV re\u00fane 68 participantes no Cear\u00e1"}]},{"@type":"Person","@id":"https:\/\/franciscanos.org.br\/noticias\/#\/schema\/person\/d9422e83121c3ad3b0f423d195f5bb25","name":"Adriana Rabelo","image":{"@type":"ImageObject","inLanguage":"pt-BR","@id":"https:\/\/franciscanos.org.br\/noticias\/#\/schema\/person\/image\/","url":"https:\/\/secure.gravatar.com\/avatar\/0a937b7500cd7df77540cfb8bede877d?s=96&d=mm&r=g","contentUrl":"https:\/\/secure.gravatar.com\/avatar\/0a937b7500cd7df77540cfb8bede877d?s=96&d=mm&r=g","caption":"Adriana Rabelo"},"url":"https:\/\/franciscanos.org.br\/noticias\/author\/adrianarabelo"}]}},"_links":{"self":[{"href":"https:\/\/franciscanos.org.br\/noticias\/wp-json\/wp\/v2\/posts\/256894"}],"collection":[{"href":"https:\/\/franciscanos.org.br\/noticias\/wp-json\/wp\/v2\/posts"}],"about":[{"href":"https:\/\/franciscanos.org.br\/noticias\/wp-json\/wp\/v2\/types\/post"}],"author":[{"embeddable":true,"href":"https:\/\/franciscanos.org.br\/noticias\/wp-json\/wp\/v2\/users\/11"}],"replies":[{"embeddable":true,"href":"https:\/\/franciscanos.org.br\/noticias\/wp-json\/wp\/v2\/comments?post=256894"}],"version-history":[{"count":2,"href":"https:\/\/franciscanos.org.br\/noticias\/wp-json\/wp\/v2\/posts\/256894\/revisions"}],"predecessor-version":[{"id":256905,"href":"https:\/\/franciscanos.org.br\/noticias\/wp-json\/wp\/v2\/posts\/256894\/revisions\/256905"}],"wp:featuredmedia":[{"embeddable":true,"href":"https:\/\/franciscanos.org.br\/noticias\/wp-json\/wp\/v2\/media\/256904"}],"wp:attachment":[{"href":"https:\/\/franciscanos.org.br\/noticias\/wp-json\/wp\/v2\/media?parent=256894"}],"wp:term":[{"taxonomy":"category","embeddable":true,"href":"https:\/\/franciscanos.org.br\/noticias\/wp-json\/wp\/v2\/categories?post=256894"},{"taxonomy":"post_tag","embeddable":true,"href":"https:\/\/franciscanos.org.br\/noticias\/wp-json\/wp\/v2\/tags?post=256894"}],"curies":[{"name":"wp","href":"https:\/\/api.w.org\/{rel}","templated":true}]}}