{"id":256881,"date":"2025-05-05T15:39:05","date_gmt":"2025-05-05T18:39:05","guid":{"rendered":"https:\/\/franciscanos.org.br\/noticias\/?p=256881"},"modified":"2025-05-06T14:50:19","modified_gmt":"2025-05-06T17:50:19","slug":"presenca-franciscana-no-conclave-reforca-o-compromisso-com-vida-e-o-dialogo","status":"publish","type":"post","link":"https:\/\/franciscanos.org.br\/noticias\/presenca-franciscana-no-conclave-reforca-o-compromisso-com-vida-e-o-dialogo.html","title":{"rendered":"Presen\u00e7a franciscana no Conclave refor\u00e7a o compromisso com a vida e o di\u00e1logo"},"content":{"rendered":"<div id=\"attachment_256882\" style=\"width: 1290px\" class=\"wp-caption alignnone\"><img aria-describedby=\"caption-attachment-256882\" loading=\"lazy\" class=\"wp-image-256882 size-full\" src=\"https:\/\/franciscanos.org.br\/noticias\/wp-content\/uploads\/2025\/05\/materia.png\" alt=\"\" width=\"1280\" height=\"720\" srcset=\"https:\/\/franciscanos.org.br\/noticias\/wp-content\/uploads\/2025\/05\/materia.png 1280w, https:\/\/franciscanos.org.br\/noticias\/wp-content\/uploads\/2025\/05\/materia-450x253.png 450w, https:\/\/franciscanos.org.br\/noticias\/wp-content\/uploads\/2025\/05\/materia-1024x576.png 1024w, https:\/\/franciscanos.org.br\/noticias\/wp-content\/uploads\/2025\/05\/materia-768x432.png 768w, https:\/\/franciscanos.org.br\/noticias\/wp-content\/uploads\/2025\/05\/materia-150x84.png 150w\" sizes=\"(max-width: 1280px) 100vw, 1280px\" \/><p id=\"caption-attachment-256882\" class=\"wp-caption-text\">Dom Jaime Spengler e Dom Leonardo Ulrich Steiner<\/p><\/div>\n<p>A partir de 7 de maio, 133 cardeais de diferentes localidades do mundo se reunir\u00e3o no Conclave que ir\u00e1 escolher o novo papa. A tarefa das lideran\u00e7as religiosas cat\u00f3licas, ter\u00e1 que responder aos anseios de uma Igreja que caminha pelo s\u00e9culo XXI diante de cen\u00e1rios pol\u00eamicos e desafiadores de guerras, morte e degrada\u00e7\u00e3o da Casa Comum, que, durante 12 anos, estiveram presentes nos documentos, palavras e a\u00e7\u00f5es do Papa Francisco.<\/p>\n<p>Muitas s\u00e3o as especula\u00e7\u00f5es sobre o pr\u00f3ximo pont\u00edfice, que chegar\u00e1 para dar continuidade \u00e0 miss\u00e3o dos 266 papas, come\u00e7ando por Pedro, o primeiro a conduzir os passos da Igreja Cat\u00f3lica Apost\u00f3lica Romana. \u201cPor isso, eu te digo: tu \u00e9s Pedro, e sobre esta pedra constituirei a minha Igreja\u201d (Mt 16,18).<\/p>\n<p>O novo papa chegar\u00e1 para imprimir suas caracter\u00edsticas, assim como fez o Papa Francisco, que conduziu a Igreja com \u201ccora\u00e7\u00e3o e op\u00e7\u00f5es franciscanas\u201d, conforme o descreveu Frei Jo\u00e3o Fernandes Reinert, em seu recente artigo publicado no site Franciscanos e na Revista Comunica\u00e7\u00f5es.<\/p>\n<p>Entre os eleitores est\u00e3o sete brasileiros, sendo dois deles franciscanos da Prov\u00edncia da Imaculada Concei\u00e7\u00e3o do Brasil: <strong>Dom Jaime Spengler<\/strong>, arcebispo de Porto Alegre (RS), desde 2023 presidente da Confer\u00eancia Nacional dos Bispos do Brasil (CNBB) e do Conselho Episcopal Latino-Americano e Caribenho (CELAM); e <strong>Dom Leonardo Ulrich Steiner<\/strong>, arcebispo de Manaus (AM).<\/p>\n<p>Recentemente, em entrevista por telefone \u00e0 <a href=\"https:\/\/radiofreigalvao.org.br\/dom-jaime-spengler-comenta-preparativos-para-o-conclave-em-roma\/\"><strong>R\u00e1dio Frei Galv\u00e3o<\/strong><\/a>, em Guaratinguet\u00e1 (SP), Dom Jaime destacou a import\u00e2ncia do di\u00e1logo entre os cardeais durante as Congrega\u00e7\u00f5es Gerais iniciadas logo ap\u00f3s o falecimento do Papa Francisco, que envolvem momentos de ora\u00e7\u00e3o e de conhecimento m\u00fatuo entre os cardeais, al\u00e9m da escuta dos \u201csinais dos tempos\u201d, t\u00e3o valorizada desde o Conc\u00edlio Vaticano II e tamb\u00e9m adotada pela Ordem dos Frades Menores.<\/p>\n<p>Segundo Dom Jaime, o legado de simplicidade, proximidade e transpar\u00eancia deixado por Francisco deve ser mantido e fortalecido: \u201cN\u00e3o resta d\u00favida que o legado do Papa Francisco \u00e9 enorme para a Igreja, ele trouxe um esp\u00edrito novo. No exerc\u00edcio do seu minist\u00e9rio, ele primou pela simplicidade, pela proximidade e, ao mesmo tempo, pela transpar\u00eancia. Creio que, na escolha do novo pont\u00edfice, este legado n\u00e3o pode ser perdido, ao contr\u00e1rio, deve ser incrementado.\u201d<\/p>\n<p>Logo ap\u00f3s o falecimento do Papa Francisco, Dom Leonardo participou de uma entrevista coletiva, em Roma, na qual falou sobre o seu sentimento de gratid\u00e3o pelo Papa Francisco: \u201c\u00c9 claro, n\u00f3s sentimos, n\u00f3s lamentamos, mas o nosso primeiro sentimento \u00e9 de gratid\u00e3o. Gratid\u00e3o porque Papa Francisco nos devolveu na Igreja fundamentos necess\u00e1rios para a nossa Igreja. Uma das primeiras convoca\u00e7\u00f5es que ele nos fez foi a miseric\u00f3rdia, o Ano da Miseric\u00f3rdia, recordando que o mist\u00e9rio do amor est\u00e1 envolvido pela miseric\u00f3rdia, miseric\u00f3rdia que \u00e9 a express\u00e3o do amor.\u201d<\/p>\n<p>Chamado por Francisco como o \u201carcebispo da Amaz\u00f4nia\u201d, Dom Leonardo ainda destacou, na ocasi\u00e3o, que \u201cnenhum Papa nos alertou tanto e nos convidou tanto a cuidarmos da Casa Comum, a cuidarmos da natureza.\u201d Ele ainda lembrou a enc\u00edclica <em>Laudato si\u2019<\/em>, que marcou os rumos da Igreja frente \u00e0s quest\u00f5es ambientais: \u201cEncontrando uma vez um grande cientista da Alemanha, ele dizia: \u2018Nunca esperei que a Igreja fosse nos presentear com um texto t\u00e3o extraordin\u00e1rio. Eu sou cientista, n\u00e3o pensei que a Igreja fosse nos dar de presente um dom t\u00e3o grande quanto esse texto da <em>Laudato si\u2019<\/em>. \u201d<\/p>\n<p>Cardeal Steiner tamb\u00e9m ressaltou a preocupa\u00e7\u00e3o de Francisco com a Amaz\u00f4nia, mas especialmente com seus povos, com olhar especial aos povos: \u201cEle perguntava: \u2018E a nossa Amaz\u00f4nia, como vai? A querida Amaz\u00f4nia, como est\u00e1? \u2019\u201d. Algo que, segundo Dom Leonardo, mostrava a cont\u00ednua preocupa\u00e7\u00e3o do pont\u00edfice, \u201csempre entendendo a necessidade e sempre de novo nos incentivando a ser uma Igreja muito presente, uma Igreja mission\u00e1ria, uma Igreja que ajuda na transforma\u00e7\u00e3o social, algo que aparece nos quatro sonhos que ele publicou em <em>Querida Amaz\u00f4nia<\/em>.\u201d<\/p>\n<p><strong>Ambiente do Conclave<\/strong><\/p>\n<p><img loading=\"lazy\" class=\"aligncenter wp-image-256884 size-full\" src=\"https:\/\/franciscanos.org.br\/noticias\/wp-content\/uploads\/2025\/05\/materia-4.png\" alt=\"\" width=\"1280\" height=\"720\" srcset=\"https:\/\/franciscanos.org.br\/noticias\/wp-content\/uploads\/2025\/05\/materia-4.png 1280w, https:\/\/franciscanos.org.br\/noticias\/wp-content\/uploads\/2025\/05\/materia-4-450x253.png 450w, https:\/\/franciscanos.org.br\/noticias\/wp-content\/uploads\/2025\/05\/materia-4-1024x576.png 1024w, https:\/\/franciscanos.org.br\/noticias\/wp-content\/uploads\/2025\/05\/materia-4-768x432.png 768w, https:\/\/franciscanos.org.br\/noticias\/wp-content\/uploads\/2025\/05\/materia-4-150x84.png 150w\" sizes=\"(max-width: 1280px) 100vw, 1280px\" \/><\/p>\n<p>Atualmente, o Col\u00e9gio Cardinal\u00edcio consiste em um total de 252 cardeais, dos quais 135 s\u00e3o eleitores e 117 s\u00e3o n\u00e3o eleitores, pois j\u00e1 completaram 80 anos de vida. No total, s\u00e3o 135 cardeais que t\u00eam autoriza\u00e7\u00e3o para escolher o novo papa; no entanto, 133 j\u00e1 est\u00e3o em Roma para participar do Conclave, e dois n\u00e3o participar\u00e3o.<\/p>\n<p>De acordo com mat\u00e9ria publicada no <a href=\"https:\/\/www.vaticannews.va\/pt\/papa\/news\/2025-04\/135-cardeais-eleitores-117-nao-eleitores-267-pontifice.html\"><strong>Vatican News<\/strong><\/a>, dos jornalistas Tiziana Campisi e Raimundo de Lima, sobre a geografia, idade e ordens religiosas dos participantes da escolha do futuro papa: \u201c53 cardeais europeus, 37 americanos (16 da Am\u00e9rica do Norte, 4 da Am\u00e9rica Central, 17 da Am\u00e9rica do Sul), 23 asi\u00e1ticos, 18 africanos e 4 da Oceania. O mais jovem \u00e9 o australiano de ado\u00e7\u00e3o Mikola Bychok, 45 anos, origin\u00e1rio da Ucr\u00e2nia; o mais velho \u00e9 o espanhol Carlos Osoro Sierra, 79. Pela primeira vez, 15 na\u00e7\u00f5es com eleitores nativos estar\u00e3o representadas na Capela Sistina, incluindo Haiti, Cabo Verde, Papua-Nova Guin\u00e9, Su\u00e9cia, Luxemburgo e Mianmar.\u201d<\/p>\n<p>H\u00e1 22 eleitores que receberam o barrete cardinal\u00edcio de Bento XVI e 108 que o receberam por escolha de Francisco. Os veteranos do Conclave s\u00e3o os cinco cardeais criados por Jo\u00e3o Paulo II.<\/p>\n<p>O texto ainda traz informa\u00e7\u00f5es sobre os 33 cardeais de 18 fam\u00edlias religiosas, e nessa rela\u00e7\u00e3o est\u00e3o tamb\u00e9m os franciscanos:<br \/>\n\u201cA fam\u00edlia religiosa com maior n\u00famero \u00e9 a dos salesianos, 5 (Charles Maung Bo, Virgilio Do Carmo da Silva, \u00c1ngel Fern\u00e1ndez Artime, Crist\u00f3bal L\u00f3pez Romero, Daniel Sturla Berhouet); h\u00e1 4 cardeais tanto da Ordem dos Frades Menores (Luis Cabrera Herrera, Pierbattista Pizzaballa, Jaime Spengler e Leonardo Steiner) quanto da Companhia de Jesus (Stephen Chow Sau-yan, Michael Czerny, Jean-Claude H\u00f6llerich e \u00c1ngel Rossi), enquanto h\u00e1 3 franciscanos conventuais (Fran\u00e7ois-Xavier Bustillo, Mauro Gambetti e Dominique Mathieu). Na Capela Sistina, dois dominicanos (Timothy Peter Joseph Radcliffe e Jean-Paul Vesco), dois lazaristas (Vicente Bokalic Iglic e Berhaneyesus Demerew Souraphiel), dois redentoristas (Mykola Bychok e Joseph Tobin) e dois verbitas (Tarcisius Kikuchi e Ladislav Nemet) tamb\u00e9m votar\u00e3o, assim como o agostiniano Robert Prevost, o capuchinho Fridolin Ambongo Besungu, o carmelita descal\u00e7o Anders Arborelius e o cisterciense Orani Jo\u00e3o Tempesta, G\u00e9rald Lacroix do Instituto Secular Pio X, o mission\u00e1rio da Consolata Giorgio Marengo, o mission\u00e1rio do Sagrado Cora\u00e7\u00e3o de Jesus John Ribat, o scalabriniano Fabio Baggio e o espiritano Dieudonn\u00e9 Nzapalainga.\u201d<\/p>\n<p><img loading=\"lazy\" class=\"aligncenter wp-image-256885 size-full\" src=\"https:\/\/franciscanos.org.br\/noticias\/wp-content\/uploads\/2025\/05\/materia-6.png\" alt=\"\" width=\"1280\" height=\"720\" srcset=\"https:\/\/franciscanos.org.br\/noticias\/wp-content\/uploads\/2025\/05\/materia-6.png 1280w, https:\/\/franciscanos.org.br\/noticias\/wp-content\/uploads\/2025\/05\/materia-6-450x253.png 450w, https:\/\/franciscanos.org.br\/noticias\/wp-content\/uploads\/2025\/05\/materia-6-1024x576.png 1024w, https:\/\/franciscanos.org.br\/noticias\/wp-content\/uploads\/2025\/05\/materia-6-768x432.png 768w, https:\/\/franciscanos.org.br\/noticias\/wp-content\/uploads\/2025\/05\/materia-6-150x84.png 150w\" sizes=\"(max-width: 1280px) 100vw, 1280px\" \/><\/p>\n<p><strong>Trajet\u00f3ria de Dom Jaime Spengler<\/strong><\/p>\n<p>Dom Jaime Spengler nasceu em 6 de setembro de 1960, em Gaspar (SC). Ingressou na Ordem dos Frades Menores (Franciscanos) em 20 de janeiro de 1982, sendo admitido no Noviciado na cidade de Rodeio (SC). Cursou Filosofia no Instituto Filos\u00f3fico S\u00e3o Boaventura, em Campo Largo (PR), e Teologia no Instituto Teol\u00f3gico Franciscano de Petr\u00f3polis (RJ), localidades pertencentes \u00e0 Prov\u00edncia Franciscana da Imaculada Concei\u00e7\u00e3o do Brasil. Concluiu seus estudos no Instituto Teol\u00f3gico de Jerusal\u00e9m, em Israel.<\/p>\n<p>Foi ordenado sacerdote em 17 de novembro de 1990, em sua cidade natal. Fez doutorado em Filosofia na Pontif\u00edcia Universidade Antonianum, em Roma, e atuou dentro da Ordem em diversas miss\u00f5es e cidades do pa\u00eds at\u00e9 2010, quando foi nomeado pelo Papa Bento XVI como bispo auxiliar da Arquidiocese de Porto Alegre. A ordena\u00e7\u00e3o episcopal, presidida por Dom Lorenzo Baldisseri, n\u00fancio apost\u00f3lico no Brasil \u00e0 \u00e9poca, ocorreu em 5 de fevereiro de 2011, na Par\u00f3quia S\u00e3o Pedro Ap\u00f3stolo, em Gaspar.<\/p>\n<p>Dom Jaime Spengler \u00e9 arcebispo de Porto Alegre desde 18 de setembro de 2013, quando foi nomeado pelo Papa Francisco, ap\u00f3s a aceita\u00e7\u00e3o do pedido de ren\u00fancia de Dom Dadeus Grings. Seu lema episcopal \u00e9 \u201cGloriar-se na Cruz\u201d (Cl 6,14) \u2013 <em>In Cruce Gloriari<\/em>.<\/p>\n<p>De 2011 a 2015, foi membro da Comiss\u00e3o Episcopal Pastoral para os Minist\u00e9rios Ordenados e a Vida Consagrada da CNBB. Em 2015, foi eleito presidente da comiss\u00e3o. Um dos destaques de sua atua\u00e7\u00e3o foi a aprova\u00e7\u00e3o das novas Diretrizes para a Forma\u00e7\u00e3o de Presb\u00edteros da Igreja no Brasil, em 2018.<\/p>\n<p>Em maio de 2019, foi eleito primeiro vice-presidente da CNBB. No mesmo quadri\u00eanio, foi bispo referencial para o Col\u00e9gio Pio Brasileiro, em Roma; vice-presidente da Comiss\u00e3o Especial para o Acordo Brasil-Santa S\u00e9 da CNBB; e bispo referencial do Regional Sul 3 da CNBB para a Vida Consagrada e os Minist\u00e9rios Ordenados.<\/p>\n<p>No dia 24 de abril de 2023, foi eleito presidente da CNBB para o quadri\u00eanio 2023-2027. Semanas depois, em 17 de maio, foi eleito presidente do Conselho Episcopal Latino-Americano e Caribenho (Celam). A partir dessa fun\u00e7\u00e3o, foi nomeado padre sinodal da XVI Assembleia Ordin\u00e1ria do S\u00ednodo dos Bispos, atuando nos Dicast\u00e9rios para o Culto Divino e Disciplina dos Sacramentos e para o Instituto de Vida Consagrada e Sociedades de Vida Apost\u00f3lica da Santa S\u00e9, no Vaticano.<\/p>\n<p>Foi criado cardeal pelo Papa Francisco no dia 7 de dezembro de 2024, na Bas\u00edlica de S\u00e3o Pedro, durante o Consist\u00f3rio Ordin\u00e1rio P\u00fablico.<\/p>\n<p><img loading=\"lazy\" class=\"aligncenter wp-image-256886 size-full\" src=\"https:\/\/franciscanos.org.br\/noticias\/wp-content\/uploads\/2025\/05\/materia-5.png\" alt=\"\" width=\"1280\" height=\"720\" srcset=\"https:\/\/franciscanos.org.br\/noticias\/wp-content\/uploads\/2025\/05\/materia-5.png 1280w, https:\/\/franciscanos.org.br\/noticias\/wp-content\/uploads\/2025\/05\/materia-5-450x253.png 450w, https:\/\/franciscanos.org.br\/noticias\/wp-content\/uploads\/2025\/05\/materia-5-1024x576.png 1024w, https:\/\/franciscanos.org.br\/noticias\/wp-content\/uploads\/2025\/05\/materia-5-768x432.png 768w, https:\/\/franciscanos.org.br\/noticias\/wp-content\/uploads\/2025\/05\/materia-5-150x84.png 150w\" sizes=\"(max-width: 1280px) 100vw, 1280px\" \/><\/p>\n<p><strong>Trajet\u00f3ria de Dom Leonardo Ulrich Steiner<\/strong><\/p>\n<p>Dom Leonardo Ulrich Steiner nasceu no dia 6 de novembro de 1950, em Forquilhinha (SC). Ingressou na Ordem dos Frades Menores (OFM) no dia 20 de janeiro de 1972, quando foi admitido no Noviciado desta Prov\u00edncia Franciscana da Imaculada Concei\u00e7\u00e3o do Brasil.<\/p>\n<p>Cursou Filosofia e Teologia em Petr\u00f3polis (RJ), de 1973 a 1978, quando os dois cursos eram integrados. Foi ordenado padre pelas m\u00e3os do cardeal Paulo Evaristo Arns, seu primo, no dia 21 de janeiro de 1978, em sua cidade natal. Por sua forma\u00e7\u00e3o pedag\u00f3gica, assumiu trabalhos na \u00e1rea da educa\u00e7\u00e3o, compondo os quadros de professores das suas casas de forma\u00e7\u00e3o. De 1981 a 1982, concluiu o curso de Pedagogia e, de 1987 a 1994, tornou-se \u201cmestre de novi\u00e7os\u201d. A partir de 1995, o Frei Ulrich se transferiu para o Pontif\u00edcio Ateneu Antoniano, em Roma, onde fez mestrado e doutorado em Filosofia.<\/p>\n<p>De 1999 a 2003, exerceu a fun\u00e7\u00e3o de secret\u00e1rio-geral do Pontif\u00edcio Ateneu Antoniano. De volta ao Brasil, Frei Ulrich foi nomeado vig\u00e1rio da Par\u00f3quia do Senhor Bom Jesus, em Curitiba (PR), onde tamb\u00e9m passou a lecionar na Faculdade de Filosofia S\u00e3o Boaventura.<\/p>\n<p>Dom Leonardo Steiner foi nomeado bispo em 2 de fevereiro de 2005 pelo Papa Jo\u00e3o Paulo II para a Prelazia de S\u00e3o F\u00e9lix do Araguaia (MT), sucedendo a Dom Pedro Casald\u00e1liga. Foi ordenado bispo no dia 16 de abril do mesmo ano, em Blumenau (SC), pelo cardeal Paulo Evaristo Arns, adotando como lema episcopal \u201cVerbum Caro Factum\u201d, que quer dizer \u201cVerbo feito carne\u201d.<\/p>\n<p>De 2007 a 2011, foi membro da Comiss\u00e3o Episcopal Pastoral para os Minist\u00e9rios Ordenados e a Vida Consagrada da Confer\u00eancia Nacional dos Bispos do Brasil (CNBB) e vice-presidente do Regional Oeste 2 da entidade, onde tamb\u00e9m foi bispo referencial para os presb\u00edteros, para o Conselho Indigenista Mission\u00e1rio (CIMI) e para os jovens.<\/p>\n<p>No dia 10 de maio de 2011, foi eleito secret\u00e1rio-geral da CNBB, durante a 49\u00aa Assembleia Geral. Em 21 de setembro daquele ano, o Papa Bento XVI o nomeou bispo auxiliar da Arquidiocese de Bras\u00edlia (DF).<\/p>\n<p>Dom Leonardo foi eleito como membro delegado pela CNBB para participar como padre sinodal da 13\u00aa Assembleia Geral Ordin\u00e1ria do S\u00ednodo dos Bispos, realizada em Roma, de 7 a 28 de outubro de 2012, com o tema \u201cA Nova Evangeliza\u00e7\u00e3o para a Transmiss\u00e3o da F\u00e9 Crist\u00e3\u201d.<\/p>\n<p>No dia 20 de abril de 2015, foi reeleito secret\u00e1rio-geral da CNBB. Ao lado do cardeal Sergio da Rocha e de Dom Murilo Krieger, Dom Leonardo mobilizou toda a Igreja no Brasil para a reforma da sede nacional da CNBB, em Bras\u00edlia. Seu mandato foi conclu\u00eddo no dia 10 de maio de 2019.<\/p>\n<p>No dia 27 de novembro de 2019, o Papa Francisco aceitou o pedido de ren\u00fancia apresentado por Dom S\u00e9rgio Eduardo Castriani ao governo pastoral da Arquidiocese de Manaus (AM) e nomeou como novo arcebispo Dom Leonardo Ulrich Steiner, transferindo-o da sede titular de \u201cTisiduo\u201d e do of\u00edcio de auxiliar da Arquidiocese de Bras\u00edlia (DF).<\/p>\n<p>Em 27 de agosto de 2022, foi nomeado cardeal pelo Papa Francisco. Na ocasi\u00e3o, a indica\u00e7\u00e3o de Dom Leonardo foi mais um exemplo do que ocorreu em todos os consist\u00f3rios convocados pelo Papa Francisco, nos quais sempre apareceram bispos de lugares desconhecidos e que nunca tiveram um representante dentro do Col\u00e9gio Cardinal\u00edcio.<\/p>\n<p>A atitude de Francisco com Dom Jaime e Dom Leonardo reafirmou sua postura desde os primeiros dias como Bispo de Roma, de que gostaria de uma Igreja pobre e para os pobres. Sua primeira enc\u00edclica, <em>Laudato Si\u2019<\/em>, pode ser considerada uma atualiza\u00e7\u00e3o daquilo que foi vivido e defendido por S\u00e3o Francsico de Assis h\u00e1 mais de oito s\u00e9culos.<\/p>\n<p>Esses s\u00e3o os princ\u00edpios que tamb\u00e9m guiam os cardeais franciscanos da Prov\u00edncia da Imaculada Concei\u00e7\u00e3o do Brasil, frades menores de origem que s\u00e3o pr\u00f3ximos das mazelas dos povos, das comunidades e dos gritos que emergem da Casa Comum.<\/p>\n<hr \/>\n<p><em>Adriana Rabelo Rodrigues<\/em><\/p>\n<p><em><strong>Fontes:<\/strong> R\u00e1dio Frei Galv\u00e3o<\/em><\/p>\n<p><em>https:\/\/www.vaticannews.va\/pt\/igreja\/news\/2025-04\/cardeal-steiner-papa-francisco-carinho-grande-amazonia.html<\/em><\/p>\n<p><em>https:\/\/www.vaticannews.va\/pt\/papa\/news\/2025-04\/135-cardeais-eleitores-117-nao-eleitores-267-pontifice.html<\/em><\/p>\n","protected":false},"excerpt":{"rendered":"<p>Frades da Prov\u00edncia no Conclave<\/p>\n","protected":false},"author":11,"featured_media":256883,"comment_status":"open","ping_status":"open","sticky":false,"template":"","format":"standard","meta":[],"categories":[1],"tags":[349,449,1366],"acf":[],"yoast_head":"<!-- This site is optimized with the Yoast SEO plugin v19.2 - https:\/\/yoast.com\/wordpress\/plugins\/seo\/ -->\n<title>Presen\u00e7a franciscana no Conclave refor\u00e7a o compromisso com a vida e o di\u00e1logo - Not\u00edcias - Franciscanos<\/title>\n<meta name=\"robots\" content=\"index, follow, max-snippet:-1, max-image-preview:large, max-video-preview:-1\" \/>\n<link rel=\"canonical\" href=\"https:\/\/franciscanos.org.br\/noticias\/presenca-franciscana-no-conclave-reforca-o-compromisso-com-vida-e-o-dialogo.html\" \/>\n<meta property=\"og:locale\" content=\"pt_BR\" \/>\n<meta property=\"og:type\" content=\"article\" \/>\n<meta property=\"og:title\" content=\"Presen\u00e7a franciscana no Conclave refor\u00e7a o compromisso com a vida e o di\u00e1logo - Not\u00edcias - Franciscanos\" \/>\n<meta property=\"og:description\" content=\"Frades da Prov\u00edncia no Conclave\" \/>\n<meta property=\"og:url\" content=\"https:\/\/franciscanos.org.br\/noticias\/presenca-franciscana-no-conclave-reforca-o-compromisso-com-vida-e-o-dialogo.html\" \/>\n<meta property=\"og:site_name\" content=\"Not\u00edcias - Franciscanos\" \/>\n<meta property=\"article:published_time\" content=\"2025-05-05T18:39:05+00:00\" \/>\n<meta property=\"article:modified_time\" content=\"2025-05-06T17:50:19+00:00\" \/>\n<meta property=\"og:image\" content=\"https:\/\/franciscanos.org.br\/noticias\/wp-content\/uploads\/2025\/05\/chamada.png\" \/>\n\t<meta property=\"og:image:width\" content=\"800\" \/>\n\t<meta property=\"og:image:height\" content=\"550\" \/>\n\t<meta property=\"og:image:type\" content=\"image\/png\" \/>\n<meta name=\"author\" content=\"Adriana Rabelo\" \/>\n<meta name=\"twitter:card\" content=\"summary_large_image\" \/>\n<meta name=\"twitter:label1\" content=\"Escrito por\" \/>\n\t<meta name=\"twitter:data1\" content=\"Adriana Rabelo\" \/>\n\t<meta name=\"twitter:label2\" content=\"Est. tempo de leitura\" \/>\n\t<meta name=\"twitter:data2\" content=\"11 minutos\" \/>\n<script type=\"application\/ld+json\" class=\"yoast-schema-graph\">{\"@context\":\"https:\/\/schema.org\",\"@graph\":[{\"@type\":\"WebSite\",\"@id\":\"https:\/\/franciscanos.org.br\/noticias\/#website\",\"url\":\"https:\/\/franciscanos.org.br\/noticias\/\",\"name\":\"Not\u00edcias - Franciscanos\",\"description\":\"Prov\u00edncia Franciscana da Imaculada Concei\u00e7\u00e3o do Brasil - Ordem dos Frades Menores - OFM\",\"potentialAction\":[{\"@type\":\"SearchAction\",\"target\":{\"@type\":\"EntryPoint\",\"urlTemplate\":\"https:\/\/franciscanos.org.br\/noticias\/?s={search_term_string}\"},\"query-input\":\"required name=search_term_string\"}],\"inLanguage\":\"pt-BR\"},{\"@type\":\"ImageObject\",\"inLanguage\":\"pt-BR\",\"@id\":\"https:\/\/franciscanos.org.br\/noticias\/presenca-franciscana-no-conclave-reforca-o-compromisso-com-vida-e-o-dialogo.html#primaryimage\",\"url\":\"https:\/\/franciscanos.org.br\/noticias\/wp-content\/uploads\/2025\/05\/chamada.png\",\"contentUrl\":\"https:\/\/franciscanos.org.br\/noticias\/wp-content\/uploads\/2025\/05\/chamada.png\",\"width\":800,\"height\":550},{\"@type\":\"WebPage\",\"@id\":\"https:\/\/franciscanos.org.br\/noticias\/presenca-franciscana-no-conclave-reforca-o-compromisso-com-vida-e-o-dialogo.html#webpage\",\"url\":\"https:\/\/franciscanos.org.br\/noticias\/presenca-franciscana-no-conclave-reforca-o-compromisso-com-vida-e-o-dialogo.html\",\"name\":\"Presen\u00e7a franciscana no Conclave refor\u00e7a o compromisso com a vida e o di\u00e1logo - Not\u00edcias - Franciscanos\",\"isPartOf\":{\"@id\":\"https:\/\/franciscanos.org.br\/noticias\/#website\"},\"primaryImageOfPage\":{\"@id\":\"https:\/\/franciscanos.org.br\/noticias\/presenca-franciscana-no-conclave-reforca-o-compromisso-com-vida-e-o-dialogo.html#primaryimage\"},\"datePublished\":\"2025-05-05T18:39:05+00:00\",\"dateModified\":\"2025-05-06T17:50:19+00:00\",\"author\":{\"@id\":\"https:\/\/franciscanos.org.br\/noticias\/#\/schema\/person\/d9422e83121c3ad3b0f423d195f5bb25\"},\"breadcrumb\":{\"@id\":\"https:\/\/franciscanos.org.br\/noticias\/presenca-franciscana-no-conclave-reforca-o-compromisso-com-vida-e-o-dialogo.html#breadcrumb\"},\"inLanguage\":\"pt-BR\",\"potentialAction\":[{\"@type\":\"ReadAction\",\"target\":[\"https:\/\/franciscanos.org.br\/noticias\/presenca-franciscana-no-conclave-reforca-o-compromisso-com-vida-e-o-dialogo.html\"]}]},{\"@type\":\"BreadcrumbList\",\"@id\":\"https:\/\/franciscanos.org.br\/noticias\/presenca-franciscana-no-conclave-reforca-o-compromisso-com-vida-e-o-dialogo.html#breadcrumb\",\"itemListElement\":[{\"@type\":\"ListItem\",\"position\":1,\"name\":\"Home\",\"item\":\"https:\/\/franciscanos.org.br\/noticias\"},{\"@type\":\"ListItem\",\"position\":2,\"name\":\"Presen\u00e7a franciscana no Conclave refor\u00e7a o compromisso com a vida e o di\u00e1logo\"}]},{\"@type\":\"Person\",\"@id\":\"https:\/\/franciscanos.org.br\/noticias\/#\/schema\/person\/d9422e83121c3ad3b0f423d195f5bb25\",\"name\":\"Adriana Rabelo\",\"image\":{\"@type\":\"ImageObject\",\"inLanguage\":\"pt-BR\",\"@id\":\"https:\/\/franciscanos.org.br\/noticias\/#\/schema\/person\/image\/\",\"url\":\"https:\/\/secure.gravatar.com\/avatar\/0a937b7500cd7df77540cfb8bede877d?s=96&d=mm&r=g\",\"contentUrl\":\"https:\/\/secure.gravatar.com\/avatar\/0a937b7500cd7df77540cfb8bede877d?s=96&d=mm&r=g\",\"caption\":\"Adriana Rabelo\"},\"url\":\"https:\/\/franciscanos.org.br\/noticias\/author\/adrianarabelo\"}]}<\/script>\n<!-- \/ Yoast SEO plugin. -->","yoast_head_json":{"title":"Presen\u00e7a franciscana no Conclave refor\u00e7a o compromisso com a vida e o di\u00e1logo - Not\u00edcias - Franciscanos","robots":{"index":"index","follow":"follow","max-snippet":"max-snippet:-1","max-image-preview":"max-image-preview:large","max-video-preview":"max-video-preview:-1"},"canonical":"https:\/\/franciscanos.org.br\/noticias\/presenca-franciscana-no-conclave-reforca-o-compromisso-com-vida-e-o-dialogo.html","og_locale":"pt_BR","og_type":"article","og_title":"Presen\u00e7a franciscana no Conclave refor\u00e7a o compromisso com a vida e o di\u00e1logo - Not\u00edcias - Franciscanos","og_description":"Frades da Prov\u00edncia no Conclave","og_url":"https:\/\/franciscanos.org.br\/noticias\/presenca-franciscana-no-conclave-reforca-o-compromisso-com-vida-e-o-dialogo.html","og_site_name":"Not\u00edcias - Franciscanos","article_published_time":"2025-05-05T18:39:05+00:00","article_modified_time":"2025-05-06T17:50:19+00:00","og_image":[{"width":800,"height":550,"url":"https:\/\/franciscanos.org.br\/noticias\/wp-content\/uploads\/2025\/05\/chamada.png","type":"image\/png"}],"author":"Adriana Rabelo","twitter_card":"summary_large_image","twitter_misc":{"Escrito por":"Adriana Rabelo","Est. tempo de leitura":"11 minutos"},"schema":{"@context":"https:\/\/schema.org","@graph":[{"@type":"WebSite","@id":"https:\/\/franciscanos.org.br\/noticias\/#website","url":"https:\/\/franciscanos.org.br\/noticias\/","name":"Not\u00edcias - Franciscanos","description":"Prov\u00edncia Franciscana da Imaculada Concei\u00e7\u00e3o do Brasil - Ordem dos Frades Menores - OFM","potentialAction":[{"@type":"SearchAction","target":{"@type":"EntryPoint","urlTemplate":"https:\/\/franciscanos.org.br\/noticias\/?s={search_term_string}"},"query-input":"required name=search_term_string"}],"inLanguage":"pt-BR"},{"@type":"ImageObject","inLanguage":"pt-BR","@id":"https:\/\/franciscanos.org.br\/noticias\/presenca-franciscana-no-conclave-reforca-o-compromisso-com-vida-e-o-dialogo.html#primaryimage","url":"https:\/\/franciscanos.org.br\/noticias\/wp-content\/uploads\/2025\/05\/chamada.png","contentUrl":"https:\/\/franciscanos.org.br\/noticias\/wp-content\/uploads\/2025\/05\/chamada.png","width":800,"height":550},{"@type":"WebPage","@id":"https:\/\/franciscanos.org.br\/noticias\/presenca-franciscana-no-conclave-reforca-o-compromisso-com-vida-e-o-dialogo.html#webpage","url":"https:\/\/franciscanos.org.br\/noticias\/presenca-franciscana-no-conclave-reforca-o-compromisso-com-vida-e-o-dialogo.html","name":"Presen\u00e7a franciscana no Conclave refor\u00e7a o compromisso com a vida e o di\u00e1logo - Not\u00edcias - Franciscanos","isPartOf":{"@id":"https:\/\/franciscanos.org.br\/noticias\/#website"},"primaryImageOfPage":{"@id":"https:\/\/franciscanos.org.br\/noticias\/presenca-franciscana-no-conclave-reforca-o-compromisso-com-vida-e-o-dialogo.html#primaryimage"},"datePublished":"2025-05-05T18:39:05+00:00","dateModified":"2025-05-06T17:50:19+00:00","author":{"@id":"https:\/\/franciscanos.org.br\/noticias\/#\/schema\/person\/d9422e83121c3ad3b0f423d195f5bb25"},"breadcrumb":{"@id":"https:\/\/franciscanos.org.br\/noticias\/presenca-franciscana-no-conclave-reforca-o-compromisso-com-vida-e-o-dialogo.html#breadcrumb"},"inLanguage":"pt-BR","potentialAction":[{"@type":"ReadAction","target":["https:\/\/franciscanos.org.br\/noticias\/presenca-franciscana-no-conclave-reforca-o-compromisso-com-vida-e-o-dialogo.html"]}]},{"@type":"BreadcrumbList","@id":"https:\/\/franciscanos.org.br\/noticias\/presenca-franciscana-no-conclave-reforca-o-compromisso-com-vida-e-o-dialogo.html#breadcrumb","itemListElement":[{"@type":"ListItem","position":1,"name":"Home","item":"https:\/\/franciscanos.org.br\/noticias"},{"@type":"ListItem","position":2,"name":"Presen\u00e7a franciscana no Conclave refor\u00e7a o compromisso com a vida e o di\u00e1logo"}]},{"@type":"Person","@id":"https:\/\/franciscanos.org.br\/noticias\/#\/schema\/person\/d9422e83121c3ad3b0f423d195f5bb25","name":"Adriana Rabelo","image":{"@type":"ImageObject","inLanguage":"pt-BR","@id":"https:\/\/franciscanos.org.br\/noticias\/#\/schema\/person\/image\/","url":"https:\/\/secure.gravatar.com\/avatar\/0a937b7500cd7df77540cfb8bede877d?s=96&d=mm&r=g","contentUrl":"https:\/\/secure.gravatar.com\/avatar\/0a937b7500cd7df77540cfb8bede877d?s=96&d=mm&r=g","caption":"Adriana Rabelo"},"url":"https:\/\/franciscanos.org.br\/noticias\/author\/adrianarabelo"}]}},"_links":{"self":[{"href":"https:\/\/franciscanos.org.br\/noticias\/wp-json\/wp\/v2\/posts\/256881"}],"collection":[{"href":"https:\/\/franciscanos.org.br\/noticias\/wp-json\/wp\/v2\/posts"}],"about":[{"href":"https:\/\/franciscanos.org.br\/noticias\/wp-json\/wp\/v2\/types\/post"}],"author":[{"embeddable":true,"href":"https:\/\/franciscanos.org.br\/noticias\/wp-json\/wp\/v2\/users\/11"}],"replies":[{"embeddable":true,"href":"https:\/\/franciscanos.org.br\/noticias\/wp-json\/wp\/v2\/comments?post=256881"}],"version-history":[{"count":7,"href":"https:\/\/franciscanos.org.br\/noticias\/wp-json\/wp\/v2\/posts\/256881\/revisions"}],"predecessor-version":[{"id":256893,"href":"https:\/\/franciscanos.org.br\/noticias\/wp-json\/wp\/v2\/posts\/256881\/revisions\/256893"}],"wp:featuredmedia":[{"embeddable":true,"href":"https:\/\/franciscanos.org.br\/noticias\/wp-json\/wp\/v2\/media\/256883"}],"wp:attachment":[{"href":"https:\/\/franciscanos.org.br\/noticias\/wp-json\/wp\/v2\/media?parent=256881"}],"wp:term":[{"taxonomy":"category","embeddable":true,"href":"https:\/\/franciscanos.org.br\/noticias\/wp-json\/wp\/v2\/categories?post=256881"},{"taxonomy":"post_tag","embeddable":true,"href":"https:\/\/franciscanos.org.br\/noticias\/wp-json\/wp\/v2\/tags?post=256881"}],"curies":[{"name":"wp","href":"https:\/\/api.w.org\/{rel}","templated":true}]}}