{"id":256871,"date":"2025-04-30T13:57:02","date_gmt":"2025-04-30T16:57:02","guid":{"rendered":"https:\/\/franciscanos.org.br\/noticias\/?p=256871"},"modified":"2025-04-30T13:57:02","modified_gmt":"2025-04-30T16:57:02","slug":"papa-francisco-o-pontifice-que-humanizou-a-igreja","status":"publish","type":"post","link":"https:\/\/franciscanos.org.br\/noticias\/papa-francisco-o-pontifice-que-humanizou-a-igreja.html","title":{"rendered":"Papa Francisco: o pont\u00edfice que humanizou a Igreja"},"content":{"rendered":"<p><img loading=\"lazy\" class=\"aligncenter wp-image-256874 size-full\" src=\"https:\/\/franciscanos.org.br\/noticias\/wp-content\/uploads\/2025\/04\/materia-erika-1.png\" alt=\"\" width=\"1280\" height=\"720\" srcset=\"https:\/\/franciscanos.org.br\/noticias\/wp-content\/uploads\/2025\/04\/materia-erika-1.png 1280w, https:\/\/franciscanos.org.br\/noticias\/wp-content\/uploads\/2025\/04\/materia-erika-1-450x253.png 450w, https:\/\/franciscanos.org.br\/noticias\/wp-content\/uploads\/2025\/04\/materia-erika-1-1024x576.png 1024w, https:\/\/franciscanos.org.br\/noticias\/wp-content\/uploads\/2025\/04\/materia-erika-1-768x432.png 768w, https:\/\/franciscanos.org.br\/noticias\/wp-content\/uploads\/2025\/04\/materia-erika-1-150x84.png 150w\" sizes=\"(max-width: 1280px) 100vw, 1280px\" \/>A voz daquele que tantas vezes clamou por paz, por compaix\u00e3o e por um mundo mais fraterno silenciou-se na segunda-feira, dia 21 de abril. A morte do Papa Francisco repercutiu em todo o mundo; autoridades civis e eclesi\u00e1sticas lamentaram com profunda tristeza a partida do Santo Padre. O assunto tomou as ruas, os notici\u00e1rios e as redes sociais. Partindo de diferentes lugares e classes sociais, muitas foram as homenagens dirigidas ao \u201cPont\u00edfice do fim do mundo\u201d.<\/p>\n<p>Para Dom Cristiano Souza, OSB, monge beneditino, prior do Mosteiro Monte Avellana, na It\u00e1lia, e que esteve muitas vezes com o Pont\u00edfice, Francisco foi um homem apaixonado por um projeto manifestado na pessoa de Jesus de Nazar\u00e9. \u201cFrancisco prop\u00f4s uma convers\u00e3o estrutural da Igreja. Para isso, \u00e9 preciso ter coragem de fazer rupturas para que o Evangelho possa voltar a ser o centro, e n\u00e3o marginalizado. Acho que a Igreja se tornou muito religiosa e pouco evang\u00e9lica. E Francisco conseguiu retomar um caminho de convers\u00e3o evang\u00e9lica das estruturas. Era uma proposta daquele ensaio teol\u00f3gico de Leonardo Boff, que foi perseguido por causa disso. E Francisco fez de maneira muito tranquila, serena e propositiva. E isso n\u00e3o \u00e9 outra coisa sen\u00e3o humanizar a Igreja, humanizar nossas rela\u00e7\u00f5es, humanizar a hierarquia da Igreja \u2013 que \u00e9 necess\u00e1ria e precisa ser humanizada\u201d, afirmou.<\/p>\n<p>Outro aspecto destacado por Dom Cristiano \u00e9 a simplicidade do Papa Francisco. \u201cSendo sucessor de Pedro, a mim me impressionou a sua simplicidade de ser um homem normal. Basta ver as imagens, a linguagem n\u00e3o-verbal no pontificado de Francisco fala muito mais do que suas palavras. Quando ele foi para o Brasil em 2013, na Jornada Mundial da Juventude, vimos ele carregando a sua pr\u00f3pria maleta, j\u00e1 bem gasta. A cena gerou uma curiosidade sobre o que ele carregava. Ele falou: barbeador, um livro, escova de dentes. Ele era um homem de normalidade, de vida normal, de ser humano, que n\u00e3o tinha medo de errar e, quando errava, pedia desculpas. Acho que essa mensagem fica clara na vida desse homem. Ele despetrificou, descristalizou o papado\u201d, sintetiza o prior.<\/p>\n<p>Em entrevista \u00e0 R\u00e1dio Frei Galv\u00e3o, Frei Augusto Luiz Gabriel, OFM, presidente da Funda\u00e7\u00e3o Frei Rog\u00e9rio, destacou a ousadia do Papa Francisco na \u00e1rea da comunica\u00e7\u00e3o. \u201cNestes 12 anos de pontificado, ele tornou a Igreja mais pr\u00f3xima de todos, inclusive em rela\u00e7\u00e3o ao uso da comunica\u00e7\u00e3o na sociedade e da Igreja. Ele fez um apelo convidando todos para n\u00e3o ter medo de se tornarem cidad\u00e3os do mundo digital. Recebemos a not\u00edcia com muita tristeza, mas tamb\u00e9m sabendo que aquilo que o Papa Francisco construiu, esta Igreja em sa\u00edda, n\u00e3o tem como n\u00e3o voltar atr\u00e1s\u201d, celebrou o frade.<\/p>\n<p>Dom Frei Jo\u00e3o Bosco, bispo de Osasco, denominou o sentimento como uma tristeza alegre. O bispo recordou ainda que no dia do falecimento do Santo Padre, \u00e9 celebrado em Roma o dia do anjo. Muito emocionado, o franciscano afirmou: \u201cO anjo da P\u00e1scoa veio avisar o mundo que houve a ressurrei\u00e7\u00e3o do Papa Francisco\u201d.<\/p>\n<p>Para Dom Bosco, o pont\u00edfice se destacou por suas inova\u00e7\u00f5es e, ao mesmo tempo, por sua simplicidade e espontaneidade. \u201cEle tinha uma fidelidade muito grande \u00e0 tradi\u00e7\u00e3o da Igreja, especialmente ao Conc\u00edlio Vaticano II e, ao mesmo tempo, com tantas inova\u00e7\u00f5es. Esta proximidade com o povo \u00e9 uma delas. Ele foi o \u00fanico que teve uma conversa franca com os jornalistas, sempre respondendo com muita clareza todas as perguntas, at\u00e9 as mais complexas\u201d, recordou o bispo franciscano.<\/p>\n<p><strong>Um canto de louvor \u00e0 Irm\u00e3 Morte<\/strong><\/p>\n<p>Frei C\u00e9sar K\u00fclkamp, definidor geral da Ordem dos Frades Menores, falou sobre a heran\u00e7a franciscana recuperada pelo pontificado do Papa Francisco e recordou que a morte do pont\u00edfice acontece no ano em que o C\u00e2ntico das Criaturas celebra 800 anos.<\/p>\n<p>\u201cNo momento da sua morte, S\u00e3o Francisco pediu que os frades cantassem, que n\u00e3o fosse um momento de derrota, mas a coroa\u00e7\u00e3o de todo um projeto de vida, no encontro com o Pai. E assim n\u00f3s tamb\u00e9m vemos a morte do nosso querido Papa Francisco. \u00c9 um momento de gratid\u00e3o por essa bela miss\u00e3o que foi o seu pontificado, por ter escolhido o nome de Francisco, uma inspira\u00e7\u00e3o para toda a Igreja. Ele buscou aquilo que \u00e9 mais fundamental da espiritualidade e do pensamento franciscano e os transformou em um projeto de Igreja. S\u00e3o Francisco n\u00e3o queria outra coisa do que a fidelidade ao Evangelho, e justamente o Papa Francisco buscou estes elementos na espiritualidade, tornando-os muito presentes nos seus escritos\u201d, destacou o religioso.<\/p>\n<p><strong>O discernimento inaciano no cora\u00e7\u00e3o da Igreja<\/strong><\/p>\n<p>Francisco foi o primeiro em muitos aspectos, o primeiro Papa com o nome do Santo de Assis, o primeiro a ter uma conta no Instagram, o primeiro papa latino-americano e o primeiro papa jesu\u00edta. Para Pe. Carlos Alberto Contieri, sacerdote da Companhia de Jesus da Prov\u00edncia do Brasil e diretor do Pateo do Collegio, em S\u00e3o Paulo (SP), a espiritualidade inaciana permeou todo o pontificado de Francisco. \u201cOs S\u00ednodos convocados, at\u00e9 mesmo o tema da Sinodalidade, em primeiro plano est\u00e1 a escuta em vista do discernimento, que \u00e9 um tema tipicamente inaciano. O papa utilizava os elementos da espiritualidade inaciana, sem, contudo, mencion\u00e1-la e para o bem de toda a Igreja, porque, em \u00faltima inst\u00e2ncia, a espiritualidade inaciana \u00e9 um patrim\u00f4nio da Igreja, assim como a espiritualidade das diferentes e mais diversas ordens religiosas. Francisco foi algu\u00e9m que n\u00e3o falava s\u00f3 para dentro da Igreja. A palavra do Papa Francisco era para a humanidade inteira. Basta mencionarmos as grandes Enc\u00edclicas do Papa: Evangelii Gaudium, Laudato Si\u2019 e Fratelli Tutti. O Papa alertou o mundo para as grandes quest\u00f5es clim\u00e1ticas e depois, na Enc\u00edclica Fratelli Tutti, chamou a aten\u00e7\u00e3o para a urg\u00eancia de uma fraternidade universal ou uma amizade social, que seja capaz de criar na humanidade pontes de reconcilia\u00e7\u00e3o no mundo marcado por tantas tens\u00f5es, por tantos conflitos, por tantas guerras\u201d, pontuou o jesu\u00edta.<\/p>\n<p><strong> <img loading=\"lazy\" class=\"aligncenter wp-image-256875 size-full\" src=\"https:\/\/franciscanos.org.br\/noticias\/wp-content\/uploads\/2025\/04\/materia-2-erika.png\" alt=\"\" width=\"1280\" height=\"720\" srcset=\"https:\/\/franciscanos.org.br\/noticias\/wp-content\/uploads\/2025\/04\/materia-2-erika.png 1280w, https:\/\/franciscanos.org.br\/noticias\/wp-content\/uploads\/2025\/04\/materia-2-erika-450x253.png 450w, https:\/\/franciscanos.org.br\/noticias\/wp-content\/uploads\/2025\/04\/materia-2-erika-1024x576.png 1024w, https:\/\/franciscanos.org.br\/noticias\/wp-content\/uploads\/2025\/04\/materia-2-erika-768x432.png 768w, https:\/\/franciscanos.org.br\/noticias\/wp-content\/uploads\/2025\/04\/materia-2-erika-150x84.png 150w\" sizes=\"(max-width: 1280px) 100vw, 1280px\" \/><\/strong><\/p>\n<p><strong>Um cora\u00e7\u00e3o jovem para uma Igreja jovem<\/strong><\/p>\n<p>Dom Vilsom Basso, bispo de Imperatriz (MA) e bispo referencial da Comiss\u00e3o Episcopal Pastoral para a Juventude da Confer\u00eancia Nacional dos Bispos do Brasil (CNBB), afirmou que o Papa Francisco foi a encarna\u00e7\u00e3o do Evangelho nos dias atuais. \u201cUm homem que impressionou a Igreja Cat\u00f3lica e a humanidade por sua presen\u00e7a corajosa, misericordiosa e prof\u00e9tica, ao antever mudan\u00e7as por onde o mundo estaria passando, por exemplo, as crises clim\u00e1ticas, quando manifestou grande preocupa\u00e7\u00e3o na enc\u00edclica Laudato Si&#8217; h\u00e1 10 anos.<\/p>\n<p>Para o bispo, o pont\u00edfice tinha um carinho e um olhar de esperan\u00e7a para a juventude. \u201cEle carregava os sentimentos que n\u00f3s, que trabalhamos com jovens, temos: precisamos formar as novas gera\u00e7\u00f5es com os valores do Evangelho, de respeito \u00e0s pessoas e \u00e0 Casa Comum\u201d, afirmou.<\/p>\n<p>Dom Vilsom recordou com alegria dois momentos em que esteve muito pr\u00f3ximo, no conv\u00edvio di\u00e1rio com o Papa Francisco. \u201cEm 2018, no S\u00ednodo dos Jovens, fiquei hospedado na Casa Santa Marta, a resid\u00eancia do Papa, e pude conhec\u00ea-lo mais de perto, fazendo as refei\u00e7\u00f5es no mesmo local e depois, desfrutando de sua presen\u00e7a nas salas sinodais. Carrego no cora\u00e7\u00e3o imagens muito fortes, muito bonitas, do Papa Francisco. Que se renovaram em 2019, no S\u00ednodo para a Amaz\u00f4nia. Sou um privilegiado, tive a gra\u00e7a de participar de dois s\u00ednodos com o Papa Francisco e carrego no cora\u00e7\u00e3o a imagem de um homem simples, totalmente tomado por Deus, pela espiritualidade, pela f\u00e9, que semeou a esperan\u00e7a. S\u00f3 podia ser este o tema deste Ano Santo. Ele deixa plantada em n\u00f3s a semente da Esperan\u00e7a e somos muito felizes por sermos parte desta hist\u00f3ria\u201d, celebrou Dom Vilsom.<\/p>\n<hr \/>\n<p><em>\u00c9rika Augusto, R\u00e1dio Frei Galv\u00e3o &#8211; Guaratinguet\u00e1 (SP)<\/em><\/p>\n<p><em>As entrevistas foram concedidas \u00e0 R\u00e1dio Frei Galv\u00e3o FM nos dias 21 e 24 de abril. Ou\u00e7a na \u00edntegra em radiofreigalvao.org.br<\/em><\/p>\n","protected":false},"excerpt":{"rendered":"<p>Olhares sobre o Papa Francisco<\/p>\n","protected":false},"author":11,"featured_media":256873,"comment_status":"open","ping_status":"open","sticky":false,"template":"","format":"standard","meta":[],"categories":[1],"tags":[2335],"acf":[],"yoast_head":"<!-- This site is optimized with the Yoast SEO plugin v19.2 - https:\/\/yoast.com\/wordpress\/plugins\/seo\/ -->\n<title>Papa Francisco: o pont\u00edfice que humanizou a Igreja - Not\u00edcias - Franciscanos<\/title>\n<meta name=\"robots\" content=\"index, follow, max-snippet:-1, max-image-preview:large, max-video-preview:-1\" \/>\n<link rel=\"canonical\" href=\"https:\/\/franciscanos.org.br\/noticias\/papa-francisco-o-pontifice-que-humanizou-a-igreja.html\" \/>\n<meta property=\"og:locale\" content=\"pt_BR\" \/>\n<meta property=\"og:type\" content=\"article\" \/>\n<meta property=\"og:title\" content=\"Papa Francisco: o pont\u00edfice que humanizou a Igreja - Not\u00edcias - Franciscanos\" \/>\n<meta property=\"og:description\" content=\"Olhares sobre o Papa Francisco\" \/>\n<meta property=\"og:url\" content=\"https:\/\/franciscanos.org.br\/noticias\/papa-francisco-o-pontifice-que-humanizou-a-igreja.html\" \/>\n<meta property=\"og:site_name\" content=\"Not\u00edcias - Franciscanos\" \/>\n<meta property=\"article:published_time\" content=\"2025-04-30T16:57:02+00:00\" \/>\n<meta property=\"og:image\" content=\"https:\/\/franciscanos.org.br\/noticias\/wp-content\/uploads\/2025\/04\/chamada-27.png\" \/>\n\t<meta property=\"og:image:width\" content=\"800\" \/>\n\t<meta property=\"og:image:height\" content=\"550\" \/>\n\t<meta property=\"og:image:type\" content=\"image\/png\" \/>\n<meta name=\"author\" content=\"Adriana Rabelo\" \/>\n<meta name=\"twitter:card\" content=\"summary_large_image\" \/>\n<meta name=\"twitter:label1\" content=\"Escrito por\" \/>\n\t<meta name=\"twitter:data1\" content=\"Adriana Rabelo\" \/>\n\t<meta name=\"twitter:label2\" content=\"Est. tempo de leitura\" \/>\n\t<meta name=\"twitter:data2\" content=\"7 minutos\" \/>\n<script type=\"application\/ld+json\" class=\"yoast-schema-graph\">{\"@context\":\"https:\/\/schema.org\",\"@graph\":[{\"@type\":\"WebSite\",\"@id\":\"https:\/\/franciscanos.org.br\/noticias\/#website\",\"url\":\"https:\/\/franciscanos.org.br\/noticias\/\",\"name\":\"Not\u00edcias - Franciscanos\",\"description\":\"Prov\u00edncia Franciscana da Imaculada Concei\u00e7\u00e3o do Brasil - Ordem dos Frades Menores - OFM\",\"potentialAction\":[{\"@type\":\"SearchAction\",\"target\":{\"@type\":\"EntryPoint\",\"urlTemplate\":\"https:\/\/franciscanos.org.br\/noticias\/?s={search_term_string}\"},\"query-input\":\"required name=search_term_string\"}],\"inLanguage\":\"pt-BR\"},{\"@type\":\"ImageObject\",\"inLanguage\":\"pt-BR\",\"@id\":\"https:\/\/franciscanos.org.br\/noticias\/papa-francisco-o-pontifice-que-humanizou-a-igreja.html#primaryimage\",\"url\":\"https:\/\/franciscanos.org.br\/noticias\/wp-content\/uploads\/2025\/04\/chamada-27.png\",\"contentUrl\":\"https:\/\/franciscanos.org.br\/noticias\/wp-content\/uploads\/2025\/04\/chamada-27.png\",\"width\":800,\"height\":550},{\"@type\":\"WebPage\",\"@id\":\"https:\/\/franciscanos.org.br\/noticias\/papa-francisco-o-pontifice-que-humanizou-a-igreja.html#webpage\",\"url\":\"https:\/\/franciscanos.org.br\/noticias\/papa-francisco-o-pontifice-que-humanizou-a-igreja.html\",\"name\":\"Papa Francisco: o pont\u00edfice que humanizou a Igreja - Not\u00edcias - Franciscanos\",\"isPartOf\":{\"@id\":\"https:\/\/franciscanos.org.br\/noticias\/#website\"},\"primaryImageOfPage\":{\"@id\":\"https:\/\/franciscanos.org.br\/noticias\/papa-francisco-o-pontifice-que-humanizou-a-igreja.html#primaryimage\"},\"datePublished\":\"2025-04-30T16:57:02+00:00\",\"dateModified\":\"2025-04-30T16:57:02+00:00\",\"author\":{\"@id\":\"https:\/\/franciscanos.org.br\/noticias\/#\/schema\/person\/d9422e83121c3ad3b0f423d195f5bb25\"},\"breadcrumb\":{\"@id\":\"https:\/\/franciscanos.org.br\/noticias\/papa-francisco-o-pontifice-que-humanizou-a-igreja.html#breadcrumb\"},\"inLanguage\":\"pt-BR\",\"potentialAction\":[{\"@type\":\"ReadAction\",\"target\":[\"https:\/\/franciscanos.org.br\/noticias\/papa-francisco-o-pontifice-que-humanizou-a-igreja.html\"]}]},{\"@type\":\"BreadcrumbList\",\"@id\":\"https:\/\/franciscanos.org.br\/noticias\/papa-francisco-o-pontifice-que-humanizou-a-igreja.html#breadcrumb\",\"itemListElement\":[{\"@type\":\"ListItem\",\"position\":1,\"name\":\"Home\",\"item\":\"https:\/\/franciscanos.org.br\/noticias\"},{\"@type\":\"ListItem\",\"position\":2,\"name\":\"Papa Francisco: o pont\u00edfice que humanizou a Igreja\"}]},{\"@type\":\"Person\",\"@id\":\"https:\/\/franciscanos.org.br\/noticias\/#\/schema\/person\/d9422e83121c3ad3b0f423d195f5bb25\",\"name\":\"Adriana Rabelo\",\"image\":{\"@type\":\"ImageObject\",\"inLanguage\":\"pt-BR\",\"@id\":\"https:\/\/franciscanos.org.br\/noticias\/#\/schema\/person\/image\/\",\"url\":\"https:\/\/secure.gravatar.com\/avatar\/0a937b7500cd7df77540cfb8bede877d?s=96&d=mm&r=g\",\"contentUrl\":\"https:\/\/secure.gravatar.com\/avatar\/0a937b7500cd7df77540cfb8bede877d?s=96&d=mm&r=g\",\"caption\":\"Adriana Rabelo\"},\"url\":\"https:\/\/franciscanos.org.br\/noticias\/author\/adrianarabelo\"}]}<\/script>\n<!-- \/ Yoast SEO plugin. -->","yoast_head_json":{"title":"Papa Francisco: o pont\u00edfice que humanizou a Igreja - Not\u00edcias - Franciscanos","robots":{"index":"index","follow":"follow","max-snippet":"max-snippet:-1","max-image-preview":"max-image-preview:large","max-video-preview":"max-video-preview:-1"},"canonical":"https:\/\/franciscanos.org.br\/noticias\/papa-francisco-o-pontifice-que-humanizou-a-igreja.html","og_locale":"pt_BR","og_type":"article","og_title":"Papa Francisco: o pont\u00edfice que humanizou a Igreja - Not\u00edcias - Franciscanos","og_description":"Olhares sobre o Papa Francisco","og_url":"https:\/\/franciscanos.org.br\/noticias\/papa-francisco-o-pontifice-que-humanizou-a-igreja.html","og_site_name":"Not\u00edcias - Franciscanos","article_published_time":"2025-04-30T16:57:02+00:00","og_image":[{"width":800,"height":550,"url":"https:\/\/franciscanos.org.br\/noticias\/wp-content\/uploads\/2025\/04\/chamada-27.png","type":"image\/png"}],"author":"Adriana Rabelo","twitter_card":"summary_large_image","twitter_misc":{"Escrito por":"Adriana Rabelo","Est. tempo de leitura":"7 minutos"},"schema":{"@context":"https:\/\/schema.org","@graph":[{"@type":"WebSite","@id":"https:\/\/franciscanos.org.br\/noticias\/#website","url":"https:\/\/franciscanos.org.br\/noticias\/","name":"Not\u00edcias - Franciscanos","description":"Prov\u00edncia Franciscana da Imaculada Concei\u00e7\u00e3o do Brasil - Ordem dos Frades Menores - OFM","potentialAction":[{"@type":"SearchAction","target":{"@type":"EntryPoint","urlTemplate":"https:\/\/franciscanos.org.br\/noticias\/?s={search_term_string}"},"query-input":"required name=search_term_string"}],"inLanguage":"pt-BR"},{"@type":"ImageObject","inLanguage":"pt-BR","@id":"https:\/\/franciscanos.org.br\/noticias\/papa-francisco-o-pontifice-que-humanizou-a-igreja.html#primaryimage","url":"https:\/\/franciscanos.org.br\/noticias\/wp-content\/uploads\/2025\/04\/chamada-27.png","contentUrl":"https:\/\/franciscanos.org.br\/noticias\/wp-content\/uploads\/2025\/04\/chamada-27.png","width":800,"height":550},{"@type":"WebPage","@id":"https:\/\/franciscanos.org.br\/noticias\/papa-francisco-o-pontifice-que-humanizou-a-igreja.html#webpage","url":"https:\/\/franciscanos.org.br\/noticias\/papa-francisco-o-pontifice-que-humanizou-a-igreja.html","name":"Papa Francisco: o pont\u00edfice que humanizou a Igreja - Not\u00edcias - Franciscanos","isPartOf":{"@id":"https:\/\/franciscanos.org.br\/noticias\/#website"},"primaryImageOfPage":{"@id":"https:\/\/franciscanos.org.br\/noticias\/papa-francisco-o-pontifice-que-humanizou-a-igreja.html#primaryimage"},"datePublished":"2025-04-30T16:57:02+00:00","dateModified":"2025-04-30T16:57:02+00:00","author":{"@id":"https:\/\/franciscanos.org.br\/noticias\/#\/schema\/person\/d9422e83121c3ad3b0f423d195f5bb25"},"breadcrumb":{"@id":"https:\/\/franciscanos.org.br\/noticias\/papa-francisco-o-pontifice-que-humanizou-a-igreja.html#breadcrumb"},"inLanguage":"pt-BR","potentialAction":[{"@type":"ReadAction","target":["https:\/\/franciscanos.org.br\/noticias\/papa-francisco-o-pontifice-que-humanizou-a-igreja.html"]}]},{"@type":"BreadcrumbList","@id":"https:\/\/franciscanos.org.br\/noticias\/papa-francisco-o-pontifice-que-humanizou-a-igreja.html#breadcrumb","itemListElement":[{"@type":"ListItem","position":1,"name":"Home","item":"https:\/\/franciscanos.org.br\/noticias"},{"@type":"ListItem","position":2,"name":"Papa Francisco: o pont\u00edfice que humanizou a Igreja"}]},{"@type":"Person","@id":"https:\/\/franciscanos.org.br\/noticias\/#\/schema\/person\/d9422e83121c3ad3b0f423d195f5bb25","name":"Adriana Rabelo","image":{"@type":"ImageObject","inLanguage":"pt-BR","@id":"https:\/\/franciscanos.org.br\/noticias\/#\/schema\/person\/image\/","url":"https:\/\/secure.gravatar.com\/avatar\/0a937b7500cd7df77540cfb8bede877d?s=96&d=mm&r=g","contentUrl":"https:\/\/secure.gravatar.com\/avatar\/0a937b7500cd7df77540cfb8bede877d?s=96&d=mm&r=g","caption":"Adriana Rabelo"},"url":"https:\/\/franciscanos.org.br\/noticias\/author\/adrianarabelo"}]}},"_links":{"self":[{"href":"https:\/\/franciscanos.org.br\/noticias\/wp-json\/wp\/v2\/posts\/256871"}],"collection":[{"href":"https:\/\/franciscanos.org.br\/noticias\/wp-json\/wp\/v2\/posts"}],"about":[{"href":"https:\/\/franciscanos.org.br\/noticias\/wp-json\/wp\/v2\/types\/post"}],"author":[{"embeddable":true,"href":"https:\/\/franciscanos.org.br\/noticias\/wp-json\/wp\/v2\/users\/11"}],"replies":[{"embeddable":true,"href":"https:\/\/franciscanos.org.br\/noticias\/wp-json\/wp\/v2\/comments?post=256871"}],"version-history":[{"count":2,"href":"https:\/\/franciscanos.org.br\/noticias\/wp-json\/wp\/v2\/posts\/256871\/revisions"}],"predecessor-version":[{"id":256877,"href":"https:\/\/franciscanos.org.br\/noticias\/wp-json\/wp\/v2\/posts\/256871\/revisions\/256877"}],"wp:featuredmedia":[{"embeddable":true,"href":"https:\/\/franciscanos.org.br\/noticias\/wp-json\/wp\/v2\/media\/256873"}],"wp:attachment":[{"href":"https:\/\/franciscanos.org.br\/noticias\/wp-json\/wp\/v2\/media?parent=256871"}],"wp:term":[{"taxonomy":"category","embeddable":true,"href":"https:\/\/franciscanos.org.br\/noticias\/wp-json\/wp\/v2\/categories?post=256871"},{"taxonomy":"post_tag","embeddable":true,"href":"https:\/\/franciscanos.org.br\/noticias\/wp-json\/wp\/v2\/tags?post=256871"}],"curies":[{"name":"wp","href":"https:\/\/api.w.org\/{rel}","templated":true}]}}